{"id":33554,"date":"2023-11-14T12:05:25","date_gmt":"2023-11-14T11:05:25","guid":{"rendered":"https:\/\/schoenstatt.com\/?p=33554"},"modified":"2025-05-16T00:15:20","modified_gmt":"2025-05-15T22:15:20","slug":"como-foi-o-encontro-da-presidencia-pe-alexandre-awi-faz-uma-sintese","status":"publish","type":"post","link":"https:\/\/schoenstatt.com\/pt-pt\/como-foi-o-encontro-da-presidencia-pe-alexandre-awi-faz-uma-sintese\/","title":{"rendered":"Como foi o encontro da Presid\u00eancia? Pe. Alexandre Awi faz uma s\u00edntese"},"content":{"rendered":"<p style=\"text-align: left;\">Acompanhe abaixo a v\u00eddeo-mensagem do Pe. Alexandre Awi Mello, presidente da Presid\u00eancia Geral do Movimento Apost\u00f3lico de Schoenstatt:<\/p>\n<p style=\"text-align: center;\">\n<iframe title=\"YouTube video player\" src=\"https:\/\/www.youtube.com\/embed\/vclb8mB3nBI?si=o2cOp7o5cvyyQqAl\" width=\"560\" height=\"315\" frameborder=\"0\" allowfullscreen=\"allowfullscreen\"><\/iframe><\/p>\n<p style=\"text-align: center;\"><em>Legenda em portugu\u00eas dispon\u00edvel no v\u00eddeo<\/em><\/p>\n<blockquote><p>Estou aqui em Roma, onde rec\u00e9m terminamos e o <a href=\"https:\/\/schoenstatt.com\/pt-pt\/eventos-pt\/presidencia-geral-de-schoenstatt-se-reune-em-roma\/\">encontro da Presid\u00eancia Internacional da Fam\u00edlia de Schoenstatt<\/a>. Nela se re\u00fanem os respons\u00e1veis pelos Institutos, as Uni\u00f5es e tamb\u00e9m pelo Movimento de Schoenstatt de todo o mundo, pela Coordena\u00e7\u00e3o Internacional.<\/p>\n<p>Ent\u00e3o, quatro vezes ao ano n\u00f3s nos reunimos para refletir sobre a realidade da Fam\u00edlia Internacional de Schoenstatt. E, dessa vez, foi muito bonito. Pudemos manifestar nossa alegria por estarmos juntos, como Fam\u00edlia, essa experi\u00eancia de juntos escutar a voz de Deus, aquilo que o Esp\u00edrito Santo nos inspira como Fam\u00edlia. E isso \u00e9 justamente a sinodalidade, aquilo que a Igreja est\u00e1 vivendo. Por isso, no primeiro dia escutamos o testemunho de tr\u00eas pessoas que viveram diretamente o S\u00ednodo.<\/p>\n<p>Escutamos tamb\u00e9m a import\u00e2ncia de unir sinodalidade e o carisma da nossa Fam\u00edlia.<\/p>\n<p>Dessa forma, podemos dizer que tivemos uma semana muito aben\u00e7oada. Gostar\u00edamos de simplesmente comunicar-lhes que, para n\u00f3s, os temas mais importantes foram justamente esses: como viver a sinodalidade em nossa Fam\u00edlia de Schoenstatt; como seguir transmitindo o carisma de nosso fundador no tempo de hoje, para nossa realidade atual.<\/p>\n<p>E tamb\u00e9m estivemos refletindo sobre a import\u00e2ncia da juventude e do futuro de Schoenstatt, que est\u00e1 em suas m\u00e3os. Esses s\u00e3o apenas alguns dos muitos temas que tratamos nesses dias. E estamos seguros de que a M\u00e3e, aqui em seu Santu\u00e1rio \u2013 M\u00e3e da Igreja, no Centro Internacional de Schoenstatt \u2013 esteve nos aben\u00e7oando.<\/p>\n<p>E tivemos muito presentes a cada um de voc\u00eas. Por isso, obrigado a todos que rezaram por esse encontro e queremos seguir caminhando juntos, sinodalmente, no esp\u00edrito de nosso Pai e Fundador \u2013 Cor unum in Patre.<\/p>\n<p>Que Deus os aben\u00e7oe!<\/p><\/blockquote>\n","protected":false},"excerpt":{"rendered":"<p>Em uma v\u00eddeo-mensagem, o Pe. Alexandre Awi Mello fala sobre os principais temas e como foram os dias de encontro da Presid\u00eancia Internacional de Schoenstatt. Os superiores e l\u00edderes se reuniram de 6 a 10 de novembro em Roma, no Centro de Belmonte.<\/p>\n","protected":false},"author":3,"featured_media":33555,"comment_status":"closed","ping_status":"closed","sticky":false,"template":"","format":"standard","meta":{"footnotes":""},"categories":[908],"tags":[],"class_list":["post-33554","post","type-post","status-publish","format-standard","has-post-thumbnail","hentry","category-comunidades-de-schoenstatt-pt-pt"],"yoast_head":"<!-- This site is optimized with the Yoast SEO Premium plugin v27.4 (Yoast SEO v27.5) - https:\/\/yoast.com\/product\/yoast-seo-premium-wordpress\/ -->\n<title>Como foi o encontro da Presid\u00eancia? Pe. Alexandre Awi faz uma s\u00edntese<\/title>\n<meta name=\"description\" content=\"Em uma v\u00eddeo-mensagem, o Pe. Alexandre Awi fala sobre o encontro da Presid\u00eancia Internacional de Schoenstatt.\" \/>\n<meta name=\"robots\" content=\"index, follow, max-snippet:-1, max-image-preview:large, max-video-preview:-1\" \/>\n<link rel=\"canonical\" href=\"https:\/\/schoenstatt.com\/pt-pt\/como-foi-o-encontro-da-presidencia-pe-alexandre-awi-faz-uma-sintese\/\" \/>\n<meta property=\"og:locale\" content=\"pt_PT\" \/>\n<meta property=\"og:type\" content=\"article\" \/>\n<meta property=\"og:title\" content=\"Como foi o encontro da Presid\u00eancia? Pe. Alexandre Awi faz uma s\u00edntese\" \/>\n<meta property=\"og:description\" content=\"Em uma v\u00eddeo-mensagem, o Pe. Alexandre Awi fala sobre o encontro da Presid\u00eancia Internacional de Schoenstatt.\" \/>\n<meta property=\"og:url\" content=\"https:\/\/schoenstatt.com\/pt-pt\/como-foi-o-encontro-da-presidencia-pe-alexandre-awi-faz-uma-sintese\/\" \/>\n<meta property=\"og:site_name\" content=\"Schoenstatt\" \/>\n<meta property=\"article:published_time\" content=\"2023-11-14T11:05:25+00:00\" \/>\n<meta property=\"article:modified_time\" content=\"2025-05-15T22:15:20+00:00\" \/>\n<meta property=\"og:image\" content=\"https:\/\/schoenstatt.com\/wp-content\/uploads\/2023\/11\/presidencia-internacional-Schoenstatt-1.jpg\" \/>\n\t<meta property=\"og:image:width\" content=\"2048\" \/>\n\t<meta property=\"og:image:height\" content=\"1367\" \/>\n\t<meta property=\"og:image:type\" content=\"image\/jpeg\" \/>\n<meta name=\"author\" content=\"Karen Bueno\" \/>\n<meta name=\"twitter:card\" content=\"summary_large_image\" \/>\n<meta name=\"twitter:label1\" content=\"Escrito por\" \/>\n\t<meta name=\"twitter:data1\" content=\"Karen Bueno\" \/>\n\t<meta name=\"twitter:label2\" content=\"Tempo estimado de leitura\" \/>\n\t<meta name=\"twitter:data2\" content=\"2 minutos\" \/>\n<script type=\"application\/ld+json\" class=\"yoast-schema-graph\">{\"@context\":\"https:\\\/\\\/schema.org\",\"@graph\":[{\"@type\":\"Article\",\"@id\":\"https:\\\/\\\/schoenstatt.com\\\/pt-pt\\\/como-foi-o-encontro-da-presidencia-pe-alexandre-awi-faz-uma-sintese\\\/#article\",\"isPartOf\":{\"@id\":\"https:\\\/\\\/schoenstatt.com\\\/pt-pt\\\/como-foi-o-encontro-da-presidencia-pe-alexandre-awi-faz-uma-sintese\\\/\"},\"author\":{\"name\":\"Karen Bueno\",\"@id\":\"https:\\\/\\\/schoenstatt.com\\\/pt-pt\\\/#\\\/schema\\\/person\\\/5158877ad4acae98b34daaeef2a1ce6e\"},\"headline\":\"Como foi o encontro da Presid\u00eancia? Pe. Alexandre Awi faz uma s\u00edntese\",\"datePublished\":\"2023-11-14T11:05:25+00:00\",\"dateModified\":\"2025-05-15T22:15:20+00:00\",\"mainEntityOfPage\":{\"@id\":\"https:\\\/\\\/schoenstatt.com\\\/pt-pt\\\/como-foi-o-encontro-da-presidencia-pe-alexandre-awi-faz-uma-sintese\\\/\"},\"wordCount\":350,\"publisher\":{\"@id\":\"https:\\\/\\\/schoenstatt.com\\\/pt-pt\\\/#organization\"},\"image\":{\"@id\":\"https:\\\/\\\/schoenstatt.com\\\/pt-pt\\\/como-foi-o-encontro-da-presidencia-pe-alexandre-awi-faz-uma-sintese\\\/#primaryimage\"},\"thumbnailUrl\":\"https:\\\/\\\/schoenstatt.com\\\/wp-content\\\/uploads\\\/2023\\\/11\\\/presidencia-internacional-Schoenstatt-1.jpg\",\"articleSection\":[\"Comunidades de Schoenstatt\"],\"inLanguage\":\"pt-PT\"},{\"@type\":\"WebPage\",\"@id\":\"https:\\\/\\\/schoenstatt.com\\\/pt-pt\\\/como-foi-o-encontro-da-presidencia-pe-alexandre-awi-faz-uma-sintese\\\/\",\"url\":\"https:\\\/\\\/schoenstatt.com\\\/pt-pt\\\/como-foi-o-encontro-da-presidencia-pe-alexandre-awi-faz-uma-sintese\\\/\",\"name\":\"Como foi o encontro da Presid\u00eancia? Pe. Alexandre Awi faz uma s\u00edntese\",\"isPartOf\":{\"@id\":\"https:\\\/\\\/schoenstatt.com\\\/pt-pt\\\/#website\"},\"primaryImageOfPage\":{\"@id\":\"https:\\\/\\\/schoenstatt.com\\\/pt-pt\\\/como-foi-o-encontro-da-presidencia-pe-alexandre-awi-faz-uma-sintese\\\/#primaryimage\"},\"image\":{\"@id\":\"https:\\\/\\\/schoenstatt.com\\\/pt-pt\\\/como-foi-o-encontro-da-presidencia-pe-alexandre-awi-faz-uma-sintese\\\/#primaryimage\"},\"thumbnailUrl\":\"https:\\\/\\\/schoenstatt.com\\\/wp-content\\\/uploads\\\/2023\\\/11\\\/presidencia-internacional-Schoenstatt-1.jpg\",\"datePublished\":\"2023-11-14T11:05:25+00:00\",\"dateModified\":\"2025-05-15T22:15:20+00:00\",\"description\":\"Em uma v\u00eddeo-mensagem, o Pe. Alexandre Awi fala sobre o encontro da Presid\u00eancia Internacional de Schoenstatt.\",\"breadcrumb\":{\"@id\":\"https:\\\/\\\/schoenstatt.com\\\/pt-pt\\\/como-foi-o-encontro-da-presidencia-pe-alexandre-awi-faz-uma-sintese\\\/#breadcrumb\"},\"inLanguage\":\"pt-PT\",\"potentialAction\":[{\"@type\":\"ReadAction\",\"target\":[\"https:\\\/\\\/schoenstatt.com\\\/pt-pt\\\/como-foi-o-encontro-da-presidencia-pe-alexandre-awi-faz-uma-sintese\\\/\"]}]},{\"@type\":\"ImageObject\",\"inLanguage\":\"pt-PT\",\"@id\":\"https:\\\/\\\/schoenstatt.com\\\/pt-pt\\\/como-foi-o-encontro-da-presidencia-pe-alexandre-awi-faz-uma-sintese\\\/#primaryimage\",\"url\":\"https:\\\/\\\/schoenstatt.com\\\/wp-content\\\/uploads\\\/2023\\\/11\\\/presidencia-internacional-Schoenstatt-1.jpg\",\"contentUrl\":\"https:\\\/\\\/schoenstatt.com\\\/wp-content\\\/uploads\\\/2023\\\/11\\\/presidencia-internacional-Schoenstatt-1.jpg\",\"width\":2048,\"height\":1367},{\"@type\":\"BreadcrumbList\",\"@id\":\"https:\\\/\\\/schoenstatt.com\\\/pt-pt\\\/como-foi-o-encontro-da-presidencia-pe-alexandre-awi-faz-uma-sintese\\\/#breadcrumb\",\"itemListElement\":[{\"@type\":\"ListItem\",\"position\":1,\"name\":\"Portada\",\"item\":\"https:\\\/\\\/schoenstatt.com\\\/pt-pt\\\/home\\\/\"},{\"@type\":\"ListItem\",\"position\":2,\"name\":\"Como foi o encontro da Presid\u00eancia? Pe. Alexandre Awi faz uma s\u00edntese\"}]},{\"@type\":\"WebSite\",\"@id\":\"https:\\\/\\\/schoenstatt.com\\\/pt-pt\\\/#website\",\"url\":\"https:\\\/\\\/schoenstatt.com\\\/pt-pt\\\/\",\"name\":\"Schoenstatt\",\"description\":\"Apostolic Movement\",\"publisher\":{\"@id\":\"https:\\\/\\\/schoenstatt.com\\\/pt-pt\\\/#organization\"},\"potentialAction\":[{\"@type\":\"SearchAction\",\"target\":{\"@type\":\"EntryPoint\",\"urlTemplate\":\"https:\\\/\\\/schoenstatt.com\\\/pt-pt\\\/?s={search_term_string}\"},\"query-input\":{\"@type\":\"PropertyValueSpecification\",\"valueRequired\":true,\"valueName\":\"search_term_string\"}}],\"inLanguage\":\"pt-PT\"},{\"@type\":\"Organization\",\"@id\":\"https:\\\/\\\/schoenstatt.com\\\/pt-pt\\\/#organization\",\"name\":\"Schoenstatt\",\"url\":\"https:\\\/\\\/schoenstatt.com\\\/pt-pt\\\/\",\"logo\":{\"@type\":\"ImageObject\",\"inLanguage\":\"pt-PT\",\"@id\":\"https:\\\/\\\/schoenstatt.com\\\/pt-pt\\\/#\\\/schema\\\/logo\\\/image\\\/\",\"url\":\"https:\\\/\\\/schoenstatt.com\\\/wp-content\\\/uploads\\\/2025\\\/04\\\/logo-schoenstatt-white-696x696-1.png\",\"contentUrl\":\"https:\\\/\\\/schoenstatt.com\\\/wp-content\\\/uploads\\\/2025\\\/04\\\/logo-schoenstatt-white-696x696-1.png\",\"width\":696,\"height\":694,\"caption\":\"Schoenstatt\"},\"image\":{\"@id\":\"https:\\\/\\\/schoenstatt.com\\\/pt-pt\\\/#\\\/schema\\\/logo\\\/image\\\/\"}},{\"@type\":\"Person\",\"@id\":\"https:\\\/\\\/schoenstatt.com\\\/pt-pt\\\/#\\\/schema\\\/person\\\/5158877ad4acae98b34daaeef2a1ce6e\",\"name\":\"Karen Bueno\",\"image\":{\"@type\":\"ImageObject\",\"inLanguage\":\"pt-PT\",\"@id\":\"https:\\\/\\\/secure.gravatar.com\\\/avatar\\\/f9f4b823873154269d2b2130f195f6d41037dd0d7fc5f3cacb5c846bae70d66b?s=96&d=mm&r=g\",\"url\":\"https:\\\/\\\/secure.gravatar.com\\\/avatar\\\/f9f4b823873154269d2b2130f195f6d41037dd0d7fc5f3cacb5c846bae70d66b?s=96&d=mm&r=g\",\"contentUrl\":\"https:\\\/\\\/secure.gravatar.com\\\/avatar\\\/f9f4b823873154269d2b2130f195f6d41037dd0d7fc5f3cacb5c846bae70d66b?s=96&d=mm&r=g\",\"caption\":\"Karen Bueno\"},\"url\":\"https:\\\/\\\/schoenstatt.com\\\/pt-pt\\\/author\\\/karen-bueno\\\/\"}]}<\/script>\n<!-- \/ Yoast SEO Premium plugin. -->","yoast_head_json":{"title":"Como foi o encontro da Presid\u00eancia? Pe. Alexandre Awi faz uma s\u00edntese","description":"Em uma v\u00eddeo-mensagem, o Pe. Alexandre Awi fala sobre o encontro da Presid\u00eancia Internacional de Schoenstatt.","robots":{"index":"index","follow":"follow","max-snippet":"max-snippet:-1","max-image-preview":"max-image-preview:large","max-video-preview":"max-video-preview:-1"},"canonical":"https:\/\/schoenstatt.com\/pt-pt\/como-foi-o-encontro-da-presidencia-pe-alexandre-awi-faz-uma-sintese\/","og_locale":"pt_PT","og_type":"article","og_title":"Como foi o encontro da Presid\u00eancia? Pe. Alexandre Awi faz uma s\u00edntese","og_description":"Em uma v\u00eddeo-mensagem, o Pe. Alexandre Awi fala sobre o encontro da Presid\u00eancia Internacional de Schoenstatt.","og_url":"https:\/\/schoenstatt.com\/pt-pt\/como-foi-o-encontro-da-presidencia-pe-alexandre-awi-faz-uma-sintese\/","og_site_name":"Schoenstatt","article_published_time":"2023-11-14T11:05:25+00:00","article_modified_time":"2025-05-15T22:15:20+00:00","og_image":[{"width":2048,"height":1367,"url":"https:\/\/schoenstatt.com\/wp-content\/uploads\/2023\/11\/presidencia-internacional-Schoenstatt-1.jpg","type":"image\/jpeg"}],"author":"Karen Bueno","twitter_card":"summary_large_image","twitter_misc":{"Escrito por":"Karen Bueno","Tempo estimado de leitura":"2 minutos"},"schema":{"@context":"https:\/\/schema.org","@graph":[{"@type":"Article","@id":"https:\/\/schoenstatt.com\/pt-pt\/como-foi-o-encontro-da-presidencia-pe-alexandre-awi-faz-uma-sintese\/#article","isPartOf":{"@id":"https:\/\/schoenstatt.com\/pt-pt\/como-foi-o-encontro-da-presidencia-pe-alexandre-awi-faz-uma-sintese\/"},"author":{"name":"Karen Bueno","@id":"https:\/\/schoenstatt.com\/pt-pt\/#\/schema\/person\/5158877ad4acae98b34daaeef2a1ce6e"},"headline":"Como foi o encontro da Presid\u00eancia? Pe. Alexandre Awi faz uma s\u00edntese","datePublished":"2023-11-14T11:05:25+00:00","dateModified":"2025-05-15T22:15:20+00:00","mainEntityOfPage":{"@id":"https:\/\/schoenstatt.com\/pt-pt\/como-foi-o-encontro-da-presidencia-pe-alexandre-awi-faz-uma-sintese\/"},"wordCount":350,"publisher":{"@id":"https:\/\/schoenstatt.com\/pt-pt\/#organization"},"image":{"@id":"https:\/\/schoenstatt.com\/pt-pt\/como-foi-o-encontro-da-presidencia-pe-alexandre-awi-faz-uma-sintese\/#primaryimage"},"thumbnailUrl":"https:\/\/schoenstatt.com\/wp-content\/uploads\/2023\/11\/presidencia-internacional-Schoenstatt-1.jpg","articleSection":["Comunidades de Schoenstatt"],"inLanguage":"pt-PT"},{"@type":"WebPage","@id":"https:\/\/schoenstatt.com\/pt-pt\/como-foi-o-encontro-da-presidencia-pe-alexandre-awi-faz-uma-sintese\/","url":"https:\/\/schoenstatt.com\/pt-pt\/como-foi-o-encontro-da-presidencia-pe-alexandre-awi-faz-uma-sintese\/","name":"Como foi o encontro da Presid\u00eancia? Pe. Alexandre Awi faz uma s\u00edntese","isPartOf":{"@id":"https:\/\/schoenstatt.com\/pt-pt\/#website"},"primaryImageOfPage":{"@id":"https:\/\/schoenstatt.com\/pt-pt\/como-foi-o-encontro-da-presidencia-pe-alexandre-awi-faz-uma-sintese\/#primaryimage"},"image":{"@id":"https:\/\/schoenstatt.com\/pt-pt\/como-foi-o-encontro-da-presidencia-pe-alexandre-awi-faz-uma-sintese\/#primaryimage"},"thumbnailUrl":"https:\/\/schoenstatt.com\/wp-content\/uploads\/2023\/11\/presidencia-internacional-Schoenstatt-1.jpg","datePublished":"2023-11-14T11:05:25+00:00","dateModified":"2025-05-15T22:15:20+00:00","description":"Em uma v\u00eddeo-mensagem, o Pe. Alexandre Awi fala sobre o encontro da Presid\u00eancia Internacional de Schoenstatt.","breadcrumb":{"@id":"https:\/\/schoenstatt.com\/pt-pt\/como-foi-o-encontro-da-presidencia-pe-alexandre-awi-faz-uma-sintese\/#breadcrumb"},"inLanguage":"pt-PT","potentialAction":[{"@type":"ReadAction","target":["https:\/\/schoenstatt.com\/pt-pt\/como-foi-o-encontro-da-presidencia-pe-alexandre-awi-faz-uma-sintese\/"]}]},{"@type":"ImageObject","inLanguage":"pt-PT","@id":"https:\/\/schoenstatt.com\/pt-pt\/como-foi-o-encontro-da-presidencia-pe-alexandre-awi-faz-uma-sintese\/#primaryimage","url":"https:\/\/schoenstatt.com\/wp-content\/uploads\/2023\/11\/presidencia-internacional-Schoenstatt-1.jpg","contentUrl":"https:\/\/schoenstatt.com\/wp-content\/uploads\/2023\/11\/presidencia-internacional-Schoenstatt-1.jpg","width":2048,"height":1367},{"@type":"BreadcrumbList","@id":"https:\/\/schoenstatt.com\/pt-pt\/como-foi-o-encontro-da-presidencia-pe-alexandre-awi-faz-uma-sintese\/#breadcrumb","itemListElement":[{"@type":"ListItem","position":1,"name":"Portada","item":"https:\/\/schoenstatt.com\/pt-pt\/home\/"},{"@type":"ListItem","position":2,"name":"Como foi o encontro da Presid\u00eancia? Pe. Alexandre Awi faz uma s\u00edntese"}]},{"@type":"WebSite","@id":"https:\/\/schoenstatt.com\/pt-pt\/#website","url":"https:\/\/schoenstatt.com\/pt-pt\/","name":"Schoenstatt","description":"Apostolic Movement","publisher":{"@id":"https:\/\/schoenstatt.com\/pt-pt\/#organization"},"potentialAction":[{"@type":"SearchAction","target":{"@type":"EntryPoint","urlTemplate":"https:\/\/schoenstatt.com\/pt-pt\/?s={search_term_string}"},"query-input":{"@type":"PropertyValueSpecification","valueRequired":true,"valueName":"search_term_string"}}],"inLanguage":"pt-PT"},{"@type":"Organization","@id":"https:\/\/schoenstatt.com\/pt-pt\/#organization","name":"Schoenstatt","url":"https:\/\/schoenstatt.com\/pt-pt\/","logo":{"@type":"ImageObject","inLanguage":"pt-PT","@id":"https:\/\/schoenstatt.com\/pt-pt\/#\/schema\/logo\/image\/","url":"https:\/\/schoenstatt.com\/wp-content\/uploads\/2025\/04\/logo-schoenstatt-white-696x696-1.png","contentUrl":"https:\/\/schoenstatt.com\/wp-content\/uploads\/2025\/04\/logo-schoenstatt-white-696x696-1.png","width":696,"height":694,"caption":"Schoenstatt"},"image":{"@id":"https:\/\/schoenstatt.com\/pt-pt\/#\/schema\/logo\/image\/"}},{"@type":"Person","@id":"https:\/\/schoenstatt.com\/pt-pt\/#\/schema\/person\/5158877ad4acae98b34daaeef2a1ce6e","name":"Karen Bueno","image":{"@type":"ImageObject","inLanguage":"pt-PT","@id":"https:\/\/secure.gravatar.com\/avatar\/f9f4b823873154269d2b2130f195f6d41037dd0d7fc5f3cacb5c846bae70d66b?s=96&d=mm&r=g","url":"https:\/\/secure.gravatar.com\/avatar\/f9f4b823873154269d2b2130f195f6d41037dd0d7fc5f3cacb5c846bae70d66b?s=96&d=mm&r=g","contentUrl":"https:\/\/secure.gravatar.com\/avatar\/f9f4b823873154269d2b2130f195f6d41037dd0d7fc5f3cacb5c846bae70d66b?s=96&d=mm&r=g","caption":"Karen Bueno"},"url":"https:\/\/schoenstatt.com\/pt-pt\/author\/karen-bueno\/"}]}},"_links":{"self":[{"href":"https:\/\/schoenstatt.com\/pt-pt\/wp-json\/wp\/v2\/posts\/33554","targetHints":{"allow":["GET"]}}],"collection":[{"href":"https:\/\/schoenstatt.com\/pt-pt\/wp-json\/wp\/v2\/posts"}],"about":[{"href":"https:\/\/schoenstatt.com\/pt-pt\/wp-json\/wp\/v2\/types\/post"}],"author":[{"embeddable":true,"href":"https:\/\/schoenstatt.com\/pt-pt\/wp-json\/wp\/v2\/users\/3"}],"replies":[{"embeddable":true,"href":"https:\/\/schoenstatt.com\/pt-pt\/wp-json\/wp\/v2\/comments?post=33554"}],"version-history":[{"count":1,"href":"https:\/\/schoenstatt.com\/pt-pt\/wp-json\/wp\/v2\/posts\/33554\/revisions"}],"predecessor-version":[{"id":46463,"href":"https:\/\/schoenstatt.com\/pt-pt\/wp-json\/wp\/v2\/posts\/33554\/revisions\/46463"}],"wp:featuredmedia":[{"embeddable":true,"href":"https:\/\/schoenstatt.com\/pt-pt\/wp-json\/wp\/v2\/media\/33555"}],"wp:attachment":[{"href":"https:\/\/schoenstatt.com\/pt-pt\/wp-json\/wp\/v2\/media?parent=33554"}],"wp:term":[{"taxonomy":"category","embeddable":true,"href":"https:\/\/schoenstatt.com\/pt-pt\/wp-json\/wp\/v2\/categories?post=33554"},{"taxonomy":"post_tag","embeddable":true,"href":"https:\/\/schoenstatt.com\/pt-pt\/wp-json\/wp\/v2\/tags?post=33554"}],"curies":[{"name":"wp","href":"https:\/\/api.w.org\/{rel}","templated":true}]}}