{"id":33235,"date":"2023-10-25T19:15:47","date_gmt":"2023-10-25T17:15:47","guid":{"rendered":"https:\/\/schoenstatt.com\/espiritualidade\/zuversicht-in-den-rissen-schaffst-du-raum\/"},"modified":"2025-05-16T01:41:37","modified_gmt":"2025-05-15T23:41:37","slug":"confianca-nas-rachaduras-voce-cria-espacos","status":"publish","type":"post","link":"https:\/\/schoenstatt.com\/pt-pt\/confianca-nas-rachaduras-voce-cria-espacos\/","title":{"rendered":"Confian\u00e7a &#8211; Nas rachaduras voc\u00ea cria espa\u00e7os"},"content":{"rendered":"<p>Por um lado, o encontro em si e a partilha entre os quase 300 participantes \u00e9 um fator importante; por outro lado, \u00e9 tamb\u00e9m fundamental a contribui\u00e7\u00e3o de diferentes palestrantes que abordaram o novo lema anual do Movimento na Alemanha: \u201cConfian\u00e7a &#8211; Nas rachaduras voc\u00ea cria espa\u00e7os\u201d<\/p>\n<h3>As rachaduras abrem a vis\u00e3o para o sagrado<\/h3>\n<p>Depois de um momento no Santu\u00e1rio Original, com a b\u00ean\u00e7\u00e3o da noite, na sexta-feira, o Encontro de Outubro come\u00e7ou com uma celebra\u00e7\u00e3o eucar\u00edstica na Igreja da Sant\u00edssima Trindade, no Monte Schoenstatt.<\/p>\n<p>Em sua homilia, o Pe. Lothar Herter apresentou os atuais acontecimentos mundiais, especialmente os recentes acontecimentos em Israel e na Palestina, com as suas implica\u00e7\u00f5es assustadoras. Ao mesmo tempo, ele pintou uma imagem de Deus que oferece sua miseric\u00f3rdia e amor em solidariedade e afeto pelo profundo sofrimento: O fato de a cortina do templo ter sido rasgada em duas partes, quando Jesus morreu na cruz, abriu a vis\u00e3o do santu\u00e1rio. Portanto, o santu\u00e1rio estava em toda parte, Deus podia ser encontrado em toda parte. Nas rachaduras que ele experimenta, ele busca \u2013 e com isso o Pe. Herter estabeleceu a refer\u00eancia ao lema do ano \u2013 uma dupla confian\u00e7a.<\/p>\n<figure id=\"attachment_33224\" aria-describedby=\"caption-attachment-33224\" style=\"width: 1020px\" class=\"wp-caption aligncenter\"><img fetchpriority=\"high\" decoding=\"async\" class=\"wp-image-33224\" src=\"https:\/\/schoenstatt.com\/wp-content\/uploads\/2023\/10\/Schoenstatt_Oktobertreffen_FotoKlausKroeper-4.jpg\" alt=\"\" width=\"1020\" height=\"510\" \/><figcaption id=\"caption-attachment-33224\" class=\"wp-caption-text\">Quase 300 participantes se reuniram no audit\u00f3rio da Igreja da Adora\u00e7\u00e3o para o Encontro de Outubro de 2023 (Foto: Klaus Kr\u00f6per)<\/figcaption><\/figure>\n<h2>Entrando nas rachaduras, algo \u00e9 acrescentado a elas<\/h2>\n<p>A apresentadora do dia, Stephanie Pascual Jova, professora da escola de alem\u00e3o e religi\u00e3o cat\u00f3lica em Constan\u00e7a, deu a palavra ao Pe. Ludwig G\u00fcthlein ap\u00f3s uma vis\u00e3o geral do programa. Dando uma introdu\u00e7\u00e3o tem\u00e1tica, o diretor do Movimento de Schoenstatt da Alemanha relatou a preocupa\u00e7\u00e3o do Encontro de Delegados, onde foi definido o lema para o ano, de que a palavra confian\u00e7a n\u00e3o deve cobrir as rachaduras. Em vez disso, ela deve expressar a confian\u00e7a de que algo ser\u00e1 acrescentado quando entrarmos nas rachaduras.<\/p>\n<h2>Nas rachaduras&#8230; linhas estruturais de um novo tempo<\/h2>\n<figure id=\"attachment_33212\" aria-describedby=\"caption-attachment-33212\" style=\"width: 1008px\" class=\"wp-caption aligncenter\"><img decoding=\"async\" class=\"wp-image-33212\" src=\"https:\/\/schoenstatt.com\/wp-content\/uploads\/2023\/10\/Schoenstatt_Oktobertreffen_FotoKlausKroeper3.jpg\" alt=\"\" width=\"1008\" height=\"504\" \/><figcaption id=\"caption-attachment-33212\" class=\"wp-caption-text\">Dr. Joachim S\u00f6der, Professor de Filosofia na Universidade Cat\u00f3lica de Ci\u00eancias Aplicadas NRW, Departamento de Aachen (Foto: Klaus Kr\u00f6per)<\/figcaption><\/figure>\n<p>Tematicamente, a manh\u00e3 foi dedicada em primeiro lugar \u00e0s \u201crachaduras\u201d. Dr. Joachim S\u00f6der, professor de Filosofia na Universidade Cat\u00f3lica de Ci\u00eancias Aplicadas NRW, em Aachen, confrontou os participantes sobre os desenvolvimentos atuais em sua palestra: \u201cNas rachaduras&#8230; linhas estruturais de um novo tempo\u201d.<\/p>\n<p>Ele nomeou as tr\u00eas rachaduras profundas, as tr\u00eas bordas de ruptura que caracterizam o tempo atual, como a \u201cmassifica\u00e7\u00e3o versus auto-otimiza\u00e7\u00e3o\u201d, a tend\u00eancia de \u201c\u2018pertencer sem acreditar\u2019 versus \u2018acreditar sem pertencer\u2019\u201d, que afeta a Igreja, e a rachadura \u201cp\u00f3s-crist\u00e3o versus p\u00f3s-secular\u201d. \u00c9 empolgante nessa situa\u00e7\u00e3o o fato de que, precisamente na lacuna entre as respectivas bordas da fenda, se abre um espa\u00e7o para algo novo.<\/p>\n<h3>Nas rachaduras&#8230; A biografia e a miss\u00e3o do Pe Jos\u00e9 Kentenich<\/h3>\n<figure id=\"attachment_33208\" aria-describedby=\"caption-attachment-33208\" style=\"width: 990px\" class=\"wp-caption aligncenter\"><img decoding=\"async\" class=\"wp-image-33208\" src=\"https:\/\/schoenstatt.com\/wp-content\/uploads\/2023\/10\/Schoenstatt_Oktobertreffen_FotoKlausKroeper-5.jpg\" alt=\"\" width=\"990\" height=\"495\" \/><figcaption id=\"caption-attachment-33208\" class=\"wp-caption-text\">Ir. Francine-Marie Cooper, Irm\u00e3 de Maria de Schoenstatt (Foto: Klaus Kr\u00f6per)<\/figcaption><\/figure>\n<p>A biografia e a miss\u00e3o do Pe. Jos\u00e9 Kentenich s\u00e3o o tema da contribui\u00e7\u00e3o da Ir. Francine-Marie Cooper, Irm\u00e3 de Maria de Schoenstatt, produtora do document\u00e1rio \u201cOne Must Lead the Way\u201d (Algu\u00e9m deve ir \u00e0 frente). Em seu filme, que j\u00e1 foi traduzido para nove idiomas, a Ir. Francine-Marie descreve como algo novo sempre emergiu das fendas na vida do Pe. Kentenich. O fundador utilizou conflitos e experi\u00eancias de ruptura em sua vida para aprender e buscar solu\u00e7\u00f5es.<\/p>\n<h3>Chave para a renova\u00e7\u00e3o espiritual: crescimento org\u00e2nico entre liberdade e compromisso<\/h3>\n<figure id=\"attachment_33204\" aria-describedby=\"caption-attachment-33204\" style=\"width: 1016px\" class=\"wp-caption aligncenter\"><img loading=\"lazy\" decoding=\"async\" class=\"wp-image-33204\" src=\"https:\/\/schoenstatt.com\/wp-content\/uploads\/2023\/10\/Schoenstatt_Oktobertreffen_FotoKlausKroeper-7.jpg\" alt=\"\" width=\"1016\" height=\"508\" \/><figcaption id=\"caption-attachment-33204\" class=\"wp-caption-text\">Dra. Rita P\u00e9csi, professora da Universidade Cat\u00f3lica de Ci\u00eancias Aplicadas Apor Vilmos em V\u00e1c, perto de Budapeste, Hungria (Foto: Klaus Kr\u00f6per)<\/figcaption><\/figure>\n<p>O tema da tarde se concentrou nos espa\u00e7os que podem surgir das rachaduras. Como introdu\u00e7\u00e3o, houve a contribui\u00e7\u00e3o da Dra. Rita P\u00e9csi, professora da Universidade Cat\u00f3lica Apor Vilmos, em V\u00e1c, perto de Budapeste, na Hungria. Sob o tema \u201cChaves para a renova\u00e7\u00e3o espiritual: crescimento org\u00e2nico entre liberdade e compromisso\u201d, ela mostra pontos de partida e respostas que cresceram na espiritualidade pedag\u00f3gica de Schoenstatt.<\/p>\n<p>Com a compara\u00e7\u00e3o b\u00edblica: vinho novo precisa de odres novos, Rita caracterizou os odres velhos como o modo mecanicista de pensar e viver, que est\u00e1 ocorrendo em todos os n\u00edveis no momento. Os odres novos representam a maneira org\u00e2nica de ver e trabalhar. Esse modo tem em vista a pessoa como um todo, abra\u00e7ando-a em sua totalidade.<\/p>\n<h3>Partilha com os painelistas<\/h3>\n<p>Em seguida, todos os participantes s\u00e3o convidados a participar de grupos de partilha, nos debates com os painelistas, para analisar mais profundamente as rachaduras e as possibilidades que surgem a partir delas. Al\u00e9m disso, h\u00e1 um grupo de debate sobre \u201cImpulsos para uma Igreja do Amanh\u00e3\u201d, tendo como pano de fundo o atual S\u00ednodo Mundial.<\/p>\n<figure id=\"attachment_33216\" aria-describedby=\"caption-attachment-33216\" style=\"width: 1022px\" class=\"wp-caption aligncenter\"><img loading=\"lazy\" decoding=\"async\" class=\"wp-image-33216\" src=\"https:\/\/schoenstatt.com\/wp-content\/uploads\/2023\/10\/Schoenstatt_Oktobertreffen_FotoKlausKroeper-8.jpg\" alt=\"\" width=\"1022\" height=\"511\" \/><figcaption id=\"caption-attachment-33216\" class=\"wp-caption-text\">&#8220;Impulsos para uma Igreja do Amanh\u00e3&#8221; &#8211; Modera\u00e7\u00e3o: Stephanie Pascual Jova, Ir. M. Anrika Dold, Rebekka Bischof e Maria Pelz (a partir da esquerda) (Foto: Klaus Kr\u00f6per)<\/figcaption><\/figure>\n<p>Tr\u00eas painelistas apresentaram relatos de experi\u00eancias muito diferentes, nas quais experimentaram novas abordagens esperan\u00e7osas para a Igreja:<\/p>\n<p><strong>&#8211; Maria Pelz,<\/strong> que esteve presente na \u201cReuni\u00e3o Continental Europeia para a Prepara\u00e7\u00e3o do S\u00ednodo Mundial\u201d, em Praga, aponta quais s\u00e3o os elementos estruturais sinodais do Movimento de Schoenstatt e convida a ler, a partir da atitude do Pe. Kentenich, como se pode alegrar e ser fiel aos ensinamentos da Igreja e, ao mesmo tempo, oferecer cr\u00edticas construtivas onde for necess\u00e1rio.<\/p>\n<p><strong>&#8211; A Ir. M. Anrika Dold<\/strong> relata sua experi\u00eancia na \u201cNevertheless Conference\u201d, em Hamburgo, que teve como objetivo despertar for\u00e7as de uma grande variedade de igrejas e da qual resultou muita inspira\u00e7\u00e3o, interc\u00e2mbio, educa\u00e7\u00e3o e treinamento em um fim de semana.<\/p>\n<p><strong>&#8211; Rebekka Bischof,<\/strong> membro fundador da rede alem\u00e3 \u201cYouth for Church\u201d, apresenta as diretrizes dessa iniciativa. \u201cDamos testemunho do fato de que os jovens de hoje seguem Jesus em grande diversidade espiritual \u2013 em amor e fidelidade a Cristo e \u00e0 sua Igreja\u201d.<\/p>\n<p>O p\u00fablico \u00e9 convidado a compartilhar suas pr\u00f3prias experi\u00eancias de confian\u00e7a na situa\u00e7\u00e3o atual da Igreja. Em todas as contribui\u00e7\u00f5es, fica claro que o relacionamento, a conex\u00e3o e a alegria na f\u00e9 s\u00e3o de import\u00e2ncia central para a Igreja do futuro.<\/p>\n<h3>Confian\u00e7a: Testemunhos de vida &#8211; moldando caminhos<\/h3>\n<p>Ap\u00f3s os grupos de partilha, o foco \u00e9 a confian\u00e7a. Cinco testemunhos de v\u00e1rios campos profissionais e da vida d\u00e3o ao novo lema anual uma profundidade impressionante. \u201cIsso s\u00f3 acontece\u201d, diz a moderadora Stephanie Pascual Jova, \u201cquando as pessoas est\u00e3o dispostas a abrir um pouco o cora\u00e7\u00e3o\u201d.<\/p>\n<h2>&#8220;Confian\u00e7a &#8211; arrisque!&#8221;<\/h2>\n<figure id=\"attachment_33220\" aria-describedby=\"caption-attachment-33220\" style=\"width: 1026px\" class=\"wp-caption aligncenter\"><img loading=\"lazy\" decoding=\"async\" class=\"wp-image-33220\" src=\"https:\/\/schoenstatt.com\/wp-content\/uploads\/2023\/10\/Schoenstatt_Oktobertreffen_FotoKlausKroeper-10.jpg\" alt=\"\" width=\"1026\" height=\"513\" \/><figcaption id=\"caption-attachment-33220\" class=\"wp-caption-text\">A moderadora Stephanie Pascual Jova e o Padre Ludwig G\u00fcthlein ISch, Diretor do Movimento de Schoenstatt na Alemanha (Foto: Klaus Kr\u00f6per)<\/figcaption><\/figure>\n<p>O Pe. Ludwig G\u00fcthlein resumiu o Encontro de Outubro de 2023 com tr\u00eas palavras-chave: &#8220;rachaduras&#8221;, &#8220;espa\u00e7os de uni\u00e3o&#8221; e &#8220;confian\u00e7a divina&#8221;. N\u00e3o gostamos de olhar para as rachaduras. Mas a tentativa de n\u00e3o querer ver a rachadura impede o contato com a realidade. Apesar de toda a alegria em rela\u00e7\u00e3o ao ideal, a rachadura, a poderosa realidade, \u00e9 importante para que se perceba a grandeza da realidade.<\/p>\n<p>H\u00e1 gratid\u00e3o \u2013 diz o diretor do Movimento \u2013 \u201cquando olhamos para as rachaduras em nosso movimento cotidiano, porque percebemos que evitar impede o crescimento. Olhar de uma maneira positiva e reverente leva ao crescimento. O espa\u00e7o que possibilita que as rachaduras tamb\u00e9m signifiquem crescimento \u00e9 o \u2018espa\u00e7o de uni\u00e3o\u2019\u201d.<\/p>\n<p>O dia intensivo terminou \u00e0 noite com uma ora\u00e7\u00e3o noturna comum que come\u00e7ou na Igreja dos Peregrinos e terminou no Santu\u00e1rio Original, com a renova\u00e7\u00e3o da Alian\u00e7a. Na fogueira que se seguiu na Casa dos Peregrinos, houve uma oportunidade de encontro e interc\u00e2mbio.<\/p>\n<p>Fonte: <a href=\"https:\/\/www.schoenstatt.de\/de\/news\/6277\/112\/Zuversicht-in-den-Rissen-schaffst-du-Raum.htm\" target=\"_blank\" rel=\"noopener\">schoenstatt.de<\/a><\/p>\n","protected":false},"excerpt":{"rendered":"<p>No s\u00e1bado (21 de outubro de 2021), o Movimento de Schoenstatt da Alemanha realizou o seu Encontro Anual de Outubro. O objetivo do dia \u00e9 reunir os membros do Movimento das diferentes comunidades e projetos, bem como amigos e todos os interessados em conhecer as linhas de trabalho para o novo ano. <\/p>\n","protected":false},"author":3,"featured_media":33200,"comment_status":"closed","ping_status":"closed","sticky":false,"template":"","format":"standard","meta":{"footnotes":""},"categories":[869],"tags":[],"class_list":["post-33235","post","type-post","status-publish","format-standard","has-post-thumbnail","hentry","category-paises-pt-pt"],"yoast_head":"<!-- This site is optimized with the Yoast SEO Premium plugin v27.4 (Yoast SEO v27.4) - https:\/\/yoast.com\/product\/yoast-seo-premium-wordpress\/ -->\n<title>Confian\u00e7a - Nas rachaduras voc\u00ea cria espa\u00e7os - Schoenstatt<\/title>\n<meta name=\"description\" content=\"O Encontro de Outubro do Movimento de Schoenstatt na Alemanha re\u00fane 300 pessoas. Juntos, aprofundam o novo lema do ano.\" \/>\n<meta name=\"robots\" content=\"index, follow, max-snippet:-1, max-image-preview:large, max-video-preview:-1\" \/>\n<link rel=\"canonical\" href=\"https:\/\/schoenstatt.com\/pt-pt\/confianca-nas-rachaduras-voce-cria-espacos\/\" \/>\n<meta property=\"og:locale\" content=\"pt_PT\" \/>\n<meta property=\"og:type\" content=\"article\" \/>\n<meta property=\"og:title\" content=\"Confian\u00e7a - Nas rachaduras voc\u00ea cria espa\u00e7os\" \/>\n<meta property=\"og:description\" content=\"O Encontro de Outubro do Movimento de Schoenstatt na Alemanha re\u00fane 300 pessoas. Juntos, aprofundam o novo lema do ano.\" \/>\n<meta property=\"og:url\" content=\"https:\/\/schoenstatt.com\/pt-pt\/confianca-nas-rachaduras-voce-cria-espacos\/\" \/>\n<meta property=\"og:site_name\" content=\"Schoenstatt\" \/>\n<meta property=\"article:published_time\" content=\"2023-10-25T17:15:47+00:00\" \/>\n<meta property=\"article:modified_time\" content=\"2025-05-15T23:41:37+00:00\" \/>\n<meta property=\"og:image\" content=\"https:\/\/schoenstatt.com\/wp-content\/uploads\/2023\/10\/Schoenstatt_Oktobertreffen_FotoKlausKroeper-6-1.jpg\" \/>\n\t<meta property=\"og:image:width\" content=\"1400\" \/>\n\t<meta property=\"og:image:height\" content=\"700\" \/>\n\t<meta property=\"og:image:type\" content=\"image\/jpeg\" \/>\n<meta name=\"author\" content=\"Karen Bueno\" \/>\n<meta name=\"twitter:card\" content=\"summary_large_image\" \/>\n<meta name=\"twitter:label1\" content=\"Escrito por\" \/>\n\t<meta name=\"twitter:data1\" content=\"Karen Bueno\" \/>\n\t<meta name=\"twitter:label2\" content=\"Tempo estimado de leitura\" \/>\n\t<meta name=\"twitter:data2\" content=\"7 minutos\" \/>\n<script type=\"application\/ld+json\" class=\"yoast-schema-graph\">{\"@context\":\"https:\\\/\\\/schema.org\",\"@graph\":[{\"@type\":\"Article\",\"@id\":\"https:\\\/\\\/schoenstatt.com\\\/pt-pt\\\/confianca-nas-rachaduras-voce-cria-espacos\\\/#article\",\"isPartOf\":{\"@id\":\"https:\\\/\\\/schoenstatt.com\\\/pt-pt\\\/confianca-nas-rachaduras-voce-cria-espacos\\\/\"},\"author\":{\"name\":\"Karen Bueno\",\"@id\":\"https:\\\/\\\/schoenstatt.com\\\/pt-pt\\\/#\\\/schema\\\/person\\\/5158877ad4acae98b34daaeef2a1ce6e\"},\"headline\":\"Confian\u00e7a &#8211; Nas rachaduras voc\u00ea cria espa\u00e7os\",\"datePublished\":\"2023-10-25T17:15:47+00:00\",\"dateModified\":\"2025-05-15T23:41:37+00:00\",\"mainEntityOfPage\":{\"@id\":\"https:\\\/\\\/schoenstatt.com\\\/pt-pt\\\/confianca-nas-rachaduras-voce-cria-espacos\\\/\"},\"wordCount\":1396,\"publisher\":{\"@id\":\"https:\\\/\\\/schoenstatt.com\\\/pt-pt\\\/#organization\"},\"image\":{\"@id\":\"https:\\\/\\\/schoenstatt.com\\\/pt-pt\\\/confianca-nas-rachaduras-voce-cria-espacos\\\/#primaryimage\"},\"thumbnailUrl\":\"https:\\\/\\\/schoenstatt.com\\\/wp-content\\\/uploads\\\/2023\\\/10\\\/Schoenstatt_Oktobertreffen_FotoKlausKroeper-6-1.jpg\",\"articleSection\":[\"Pa\u00edses\"],\"inLanguage\":\"pt-PT\"},{\"@type\":\"WebPage\",\"@id\":\"https:\\\/\\\/schoenstatt.com\\\/pt-pt\\\/confianca-nas-rachaduras-voce-cria-espacos\\\/\",\"url\":\"https:\\\/\\\/schoenstatt.com\\\/pt-pt\\\/confianca-nas-rachaduras-voce-cria-espacos\\\/\",\"name\":\"Confian\u00e7a - Nas rachaduras voc\u00ea cria espa\u00e7os - Schoenstatt\",\"isPartOf\":{\"@id\":\"https:\\\/\\\/schoenstatt.com\\\/pt-pt\\\/#website\"},\"primaryImageOfPage\":{\"@id\":\"https:\\\/\\\/schoenstatt.com\\\/pt-pt\\\/confianca-nas-rachaduras-voce-cria-espacos\\\/#primaryimage\"},\"image\":{\"@id\":\"https:\\\/\\\/schoenstatt.com\\\/pt-pt\\\/confianca-nas-rachaduras-voce-cria-espacos\\\/#primaryimage\"},\"thumbnailUrl\":\"https:\\\/\\\/schoenstatt.com\\\/wp-content\\\/uploads\\\/2023\\\/10\\\/Schoenstatt_Oktobertreffen_FotoKlausKroeper-6-1.jpg\",\"datePublished\":\"2023-10-25T17:15:47+00:00\",\"dateModified\":\"2025-05-15T23:41:37+00:00\",\"description\":\"O Encontro de Outubro do Movimento de Schoenstatt na Alemanha re\u00fane 300 pessoas. Juntos, aprofundam o novo lema do ano.\",\"breadcrumb\":{\"@id\":\"https:\\\/\\\/schoenstatt.com\\\/pt-pt\\\/confianca-nas-rachaduras-voce-cria-espacos\\\/#breadcrumb\"},\"inLanguage\":\"pt-PT\",\"potentialAction\":[{\"@type\":\"ReadAction\",\"target\":[\"https:\\\/\\\/schoenstatt.com\\\/pt-pt\\\/confianca-nas-rachaduras-voce-cria-espacos\\\/\"]}]},{\"@type\":\"ImageObject\",\"inLanguage\":\"pt-PT\",\"@id\":\"https:\\\/\\\/schoenstatt.com\\\/pt-pt\\\/confianca-nas-rachaduras-voce-cria-espacos\\\/#primaryimage\",\"url\":\"https:\\\/\\\/schoenstatt.com\\\/wp-content\\\/uploads\\\/2023\\\/10\\\/Schoenstatt_Oktobertreffen_FotoKlausKroeper-6-1.jpg\",\"contentUrl\":\"https:\\\/\\\/schoenstatt.com\\\/wp-content\\\/uploads\\\/2023\\\/10\\\/Schoenstatt_Oktobertreffen_FotoKlausKroeper-6-1.jpg\",\"width\":1400,\"height\":700},{\"@type\":\"BreadcrumbList\",\"@id\":\"https:\\\/\\\/schoenstatt.com\\\/pt-pt\\\/confianca-nas-rachaduras-voce-cria-espacos\\\/#breadcrumb\",\"itemListElement\":[{\"@type\":\"ListItem\",\"position\":1,\"name\":\"Portada\",\"item\":\"https:\\\/\\\/schoenstatt.com\\\/pt-pt\\\/home\\\/\"},{\"@type\":\"ListItem\",\"position\":2,\"name\":\"Confian\u00e7a &#8211; Nas rachaduras voc\u00ea cria espa\u00e7os\"}]},{\"@type\":\"WebSite\",\"@id\":\"https:\\\/\\\/schoenstatt.com\\\/pt-pt\\\/#website\",\"url\":\"https:\\\/\\\/schoenstatt.com\\\/pt-pt\\\/\",\"name\":\"Schoenstatt\",\"description\":\"Apostolic Movement\",\"publisher\":{\"@id\":\"https:\\\/\\\/schoenstatt.com\\\/pt-pt\\\/#organization\"},\"potentialAction\":[{\"@type\":\"SearchAction\",\"target\":{\"@type\":\"EntryPoint\",\"urlTemplate\":\"https:\\\/\\\/schoenstatt.com\\\/pt-pt\\\/?s={search_term_string}\"},\"query-input\":{\"@type\":\"PropertyValueSpecification\",\"valueRequired\":true,\"valueName\":\"search_term_string\"}}],\"inLanguage\":\"pt-PT\"},{\"@type\":\"Organization\",\"@id\":\"https:\\\/\\\/schoenstatt.com\\\/pt-pt\\\/#organization\",\"name\":\"Schoenstatt\",\"url\":\"https:\\\/\\\/schoenstatt.com\\\/pt-pt\\\/\",\"logo\":{\"@type\":\"ImageObject\",\"inLanguage\":\"pt-PT\",\"@id\":\"https:\\\/\\\/schoenstatt.com\\\/pt-pt\\\/#\\\/schema\\\/logo\\\/image\\\/\",\"url\":\"https:\\\/\\\/schoenstatt.com\\\/wp-content\\\/uploads\\\/2025\\\/04\\\/logo-schoenstatt-white-696x696-1.png\",\"contentUrl\":\"https:\\\/\\\/schoenstatt.com\\\/wp-content\\\/uploads\\\/2025\\\/04\\\/logo-schoenstatt-white-696x696-1.png\",\"width\":696,\"height\":694,\"caption\":\"Schoenstatt\"},\"image\":{\"@id\":\"https:\\\/\\\/schoenstatt.com\\\/pt-pt\\\/#\\\/schema\\\/logo\\\/image\\\/\"}},{\"@type\":\"Person\",\"@id\":\"https:\\\/\\\/schoenstatt.com\\\/pt-pt\\\/#\\\/schema\\\/person\\\/5158877ad4acae98b34daaeef2a1ce6e\",\"name\":\"Karen Bueno\",\"image\":{\"@type\":\"ImageObject\",\"inLanguage\":\"pt-PT\",\"@id\":\"https:\\\/\\\/secure.gravatar.com\\\/avatar\\\/f9f4b823873154269d2b2130f195f6d41037dd0d7fc5f3cacb5c846bae70d66b?s=96&d=mm&r=g\",\"url\":\"https:\\\/\\\/secure.gravatar.com\\\/avatar\\\/f9f4b823873154269d2b2130f195f6d41037dd0d7fc5f3cacb5c846bae70d66b?s=96&d=mm&r=g\",\"contentUrl\":\"https:\\\/\\\/secure.gravatar.com\\\/avatar\\\/f9f4b823873154269d2b2130f195f6d41037dd0d7fc5f3cacb5c846bae70d66b?s=96&d=mm&r=g\",\"caption\":\"Karen Bueno\"},\"url\":\"https:\\\/\\\/schoenstatt.com\\\/pt-pt\\\/author\\\/karen-bueno\\\/\"}]}<\/script>\n<!-- \/ Yoast SEO Premium plugin. -->","yoast_head_json":{"title":"Confian\u00e7a - Nas rachaduras voc\u00ea cria espa\u00e7os - Schoenstatt","description":"O Encontro de Outubro do Movimento de Schoenstatt na Alemanha re\u00fane 300 pessoas. Juntos, aprofundam o novo lema do ano.","robots":{"index":"index","follow":"follow","max-snippet":"max-snippet:-1","max-image-preview":"max-image-preview:large","max-video-preview":"max-video-preview:-1"},"canonical":"https:\/\/schoenstatt.com\/pt-pt\/confianca-nas-rachaduras-voce-cria-espacos\/","og_locale":"pt_PT","og_type":"article","og_title":"Confian\u00e7a - Nas rachaduras voc\u00ea cria espa\u00e7os","og_description":"O Encontro de Outubro do Movimento de Schoenstatt na Alemanha re\u00fane 300 pessoas. Juntos, aprofundam o novo lema do ano.","og_url":"https:\/\/schoenstatt.com\/pt-pt\/confianca-nas-rachaduras-voce-cria-espacos\/","og_site_name":"Schoenstatt","article_published_time":"2023-10-25T17:15:47+00:00","article_modified_time":"2025-05-15T23:41:37+00:00","og_image":[{"width":1400,"height":700,"url":"https:\/\/schoenstatt.com\/wp-content\/uploads\/2023\/10\/Schoenstatt_Oktobertreffen_FotoKlausKroeper-6-1.jpg","type":"image\/jpeg"}],"author":"Karen Bueno","twitter_card":"summary_large_image","twitter_misc":{"Escrito por":"Karen Bueno","Tempo estimado de leitura":"7 minutos"},"schema":{"@context":"https:\/\/schema.org","@graph":[{"@type":"Article","@id":"https:\/\/schoenstatt.com\/pt-pt\/confianca-nas-rachaduras-voce-cria-espacos\/#article","isPartOf":{"@id":"https:\/\/schoenstatt.com\/pt-pt\/confianca-nas-rachaduras-voce-cria-espacos\/"},"author":{"name":"Karen Bueno","@id":"https:\/\/schoenstatt.com\/pt-pt\/#\/schema\/person\/5158877ad4acae98b34daaeef2a1ce6e"},"headline":"Confian\u00e7a &#8211; Nas rachaduras voc\u00ea cria espa\u00e7os","datePublished":"2023-10-25T17:15:47+00:00","dateModified":"2025-05-15T23:41:37+00:00","mainEntityOfPage":{"@id":"https:\/\/schoenstatt.com\/pt-pt\/confianca-nas-rachaduras-voce-cria-espacos\/"},"wordCount":1396,"publisher":{"@id":"https:\/\/schoenstatt.com\/pt-pt\/#organization"},"image":{"@id":"https:\/\/schoenstatt.com\/pt-pt\/confianca-nas-rachaduras-voce-cria-espacos\/#primaryimage"},"thumbnailUrl":"https:\/\/schoenstatt.com\/wp-content\/uploads\/2023\/10\/Schoenstatt_Oktobertreffen_FotoKlausKroeper-6-1.jpg","articleSection":["Pa\u00edses"],"inLanguage":"pt-PT"},{"@type":"WebPage","@id":"https:\/\/schoenstatt.com\/pt-pt\/confianca-nas-rachaduras-voce-cria-espacos\/","url":"https:\/\/schoenstatt.com\/pt-pt\/confianca-nas-rachaduras-voce-cria-espacos\/","name":"Confian\u00e7a - Nas rachaduras voc\u00ea cria espa\u00e7os - Schoenstatt","isPartOf":{"@id":"https:\/\/schoenstatt.com\/pt-pt\/#website"},"primaryImageOfPage":{"@id":"https:\/\/schoenstatt.com\/pt-pt\/confianca-nas-rachaduras-voce-cria-espacos\/#primaryimage"},"image":{"@id":"https:\/\/schoenstatt.com\/pt-pt\/confianca-nas-rachaduras-voce-cria-espacos\/#primaryimage"},"thumbnailUrl":"https:\/\/schoenstatt.com\/wp-content\/uploads\/2023\/10\/Schoenstatt_Oktobertreffen_FotoKlausKroeper-6-1.jpg","datePublished":"2023-10-25T17:15:47+00:00","dateModified":"2025-05-15T23:41:37+00:00","description":"O Encontro de Outubro do Movimento de Schoenstatt na Alemanha re\u00fane 300 pessoas. Juntos, aprofundam o novo lema do ano.","breadcrumb":{"@id":"https:\/\/schoenstatt.com\/pt-pt\/confianca-nas-rachaduras-voce-cria-espacos\/#breadcrumb"},"inLanguage":"pt-PT","potentialAction":[{"@type":"ReadAction","target":["https:\/\/schoenstatt.com\/pt-pt\/confianca-nas-rachaduras-voce-cria-espacos\/"]}]},{"@type":"ImageObject","inLanguage":"pt-PT","@id":"https:\/\/schoenstatt.com\/pt-pt\/confianca-nas-rachaduras-voce-cria-espacos\/#primaryimage","url":"https:\/\/schoenstatt.com\/wp-content\/uploads\/2023\/10\/Schoenstatt_Oktobertreffen_FotoKlausKroeper-6-1.jpg","contentUrl":"https:\/\/schoenstatt.com\/wp-content\/uploads\/2023\/10\/Schoenstatt_Oktobertreffen_FotoKlausKroeper-6-1.jpg","width":1400,"height":700},{"@type":"BreadcrumbList","@id":"https:\/\/schoenstatt.com\/pt-pt\/confianca-nas-rachaduras-voce-cria-espacos\/#breadcrumb","itemListElement":[{"@type":"ListItem","position":1,"name":"Portada","item":"https:\/\/schoenstatt.com\/pt-pt\/home\/"},{"@type":"ListItem","position":2,"name":"Confian\u00e7a &#8211; Nas rachaduras voc\u00ea cria espa\u00e7os"}]},{"@type":"WebSite","@id":"https:\/\/schoenstatt.com\/pt-pt\/#website","url":"https:\/\/schoenstatt.com\/pt-pt\/","name":"Schoenstatt","description":"Apostolic Movement","publisher":{"@id":"https:\/\/schoenstatt.com\/pt-pt\/#organization"},"potentialAction":[{"@type":"SearchAction","target":{"@type":"EntryPoint","urlTemplate":"https:\/\/schoenstatt.com\/pt-pt\/?s={search_term_string}"},"query-input":{"@type":"PropertyValueSpecification","valueRequired":true,"valueName":"search_term_string"}}],"inLanguage":"pt-PT"},{"@type":"Organization","@id":"https:\/\/schoenstatt.com\/pt-pt\/#organization","name":"Schoenstatt","url":"https:\/\/schoenstatt.com\/pt-pt\/","logo":{"@type":"ImageObject","inLanguage":"pt-PT","@id":"https:\/\/schoenstatt.com\/pt-pt\/#\/schema\/logo\/image\/","url":"https:\/\/schoenstatt.com\/wp-content\/uploads\/2025\/04\/logo-schoenstatt-white-696x696-1.png","contentUrl":"https:\/\/schoenstatt.com\/wp-content\/uploads\/2025\/04\/logo-schoenstatt-white-696x696-1.png","width":696,"height":694,"caption":"Schoenstatt"},"image":{"@id":"https:\/\/schoenstatt.com\/pt-pt\/#\/schema\/logo\/image\/"}},{"@type":"Person","@id":"https:\/\/schoenstatt.com\/pt-pt\/#\/schema\/person\/5158877ad4acae98b34daaeef2a1ce6e","name":"Karen Bueno","image":{"@type":"ImageObject","inLanguage":"pt-PT","@id":"https:\/\/secure.gravatar.com\/avatar\/f9f4b823873154269d2b2130f195f6d41037dd0d7fc5f3cacb5c846bae70d66b?s=96&d=mm&r=g","url":"https:\/\/secure.gravatar.com\/avatar\/f9f4b823873154269d2b2130f195f6d41037dd0d7fc5f3cacb5c846bae70d66b?s=96&d=mm&r=g","contentUrl":"https:\/\/secure.gravatar.com\/avatar\/f9f4b823873154269d2b2130f195f6d41037dd0d7fc5f3cacb5c846bae70d66b?s=96&d=mm&r=g","caption":"Karen Bueno"},"url":"https:\/\/schoenstatt.com\/pt-pt\/author\/karen-bueno\/"}]}},"_links":{"self":[{"href":"https:\/\/schoenstatt.com\/pt-pt\/wp-json\/wp\/v2\/posts\/33235","targetHints":{"allow":["GET"]}}],"collection":[{"href":"https:\/\/schoenstatt.com\/pt-pt\/wp-json\/wp\/v2\/posts"}],"about":[{"href":"https:\/\/schoenstatt.com\/pt-pt\/wp-json\/wp\/v2\/types\/post"}],"author":[{"embeddable":true,"href":"https:\/\/schoenstatt.com\/pt-pt\/wp-json\/wp\/v2\/users\/3"}],"replies":[{"embeddable":true,"href":"https:\/\/schoenstatt.com\/pt-pt\/wp-json\/wp\/v2\/comments?post=33235"}],"version-history":[{"count":1,"href":"https:\/\/schoenstatt.com\/pt-pt\/wp-json\/wp\/v2\/posts\/33235\/revisions"}],"predecessor-version":[{"id":46397,"href":"https:\/\/schoenstatt.com\/pt-pt\/wp-json\/wp\/v2\/posts\/33235\/revisions\/46397"}],"wp:featuredmedia":[{"embeddable":true,"href":"https:\/\/schoenstatt.com\/pt-pt\/wp-json\/wp\/v2\/media\/33200"}],"wp:attachment":[{"href":"https:\/\/schoenstatt.com\/pt-pt\/wp-json\/wp\/v2\/media?parent=33235"}],"wp:term":[{"taxonomy":"category","embeddable":true,"href":"https:\/\/schoenstatt.com\/pt-pt\/wp-json\/wp\/v2\/categories?post=33235"},{"taxonomy":"post_tag","embeddable":true,"href":"https:\/\/schoenstatt.com\/pt-pt\/wp-json\/wp\/v2\/tags?post=33235"}],"curies":[{"name":"wp","href":"https:\/\/api.w.org\/{rel}","templated":true}]}}