{"id":33233,"date":"2023-10-24T19:23:31","date_gmt":"2023-10-24T17:23:31","guid":{"rendered":"https:\/\/schoenstatt.com\/espiritualidade\/das-heiligtum-von-belgrano-in-buenos-aires-feiert-sein-60-jahriges-bestehen\/"},"modified":"2025-05-16T01:41:39","modified_gmt":"2025-05-15T23:41:39","slug":"o-santuario-de-belgrano-em-buenos-aires-completa-60-anos","status":"publish","type":"post","link":"https:\/\/schoenstatt.com\/pt-pt\/o-santuario-de-belgrano-em-buenos-aires-completa-60-anos\/","title":{"rendered":"O Santu\u00e1rio de Belgrano, em Buenos Aires, completa 60 anos"},"content":{"rendered":"<p>No dia 18 de outubro, a Fam\u00edlia de Schoenstatt de Buenos Aires, Argentina, celebrou os 60 anos do <a href=\"https:\/\/www.instagram.com\/schoenstattbelgrano\/\" target=\"_blank\" rel=\"noopener\">Santu\u00e1rio de Belgrano<\/a>. O presidente da celebra\u00e7\u00e3o foi Dom Alejandro Giorgi, bispo auxiliar de Buenos Aires e vig\u00e1rio episcopal da regi\u00e3o de Belgrano. Concelebraram o Pe. Guillermo Carmona, assessor da Fam\u00edlia de Schoenstatt Belgrano, o Pe. Pablo P\u00e9rez, Diretor Nacional do Movimento \u2013 ambos Padres de Schoenstatt \u2013, e sacerdotes convidados da arquidiocese.<\/p>\n<p>Todos os ramos da Fam\u00edlia participaram ativamente na organiza\u00e7\u00e3o desta festa, n\u00e3o s\u00f3 com a log\u00edstica, mas fundamentalmente contribuindo para o Capital de Gra\u00e7as e com a f\u00e9 de que deste Santu\u00e1rio as gl\u00f3rias de Maria continuam a manifestar-se e ela faz milagres de gra\u00e7a, transformando os cora\u00e7\u00f5es de todos os que v\u00eam a este Tabor.<\/p>\n<h2>A secreta \u201cideia predileta\u201d do nosso Fundador<\/h2>\n<p>Queremos recordar com gratid\u00e3o o passado, viver com paix\u00e3o o presente, abrir-nos com confian\u00e7a ao futuro. Foi aqui onde h\u00e1 60 anos se realizou a secreta ideia predileta do nosso Fundador.<\/p>\n<p><img fetchpriority=\"high\" decoding=\"async\" class=\"aligncenter wp-image-33156 \" src=\"https:\/\/schoenstatt.com\/wp-content\/uploads\/2023\/10\/Santuario-de-Belgrano-5-scaled.jpg\" alt=\"\" width=\"1045\" height=\"784\" \/><\/p>\n<p>O Pe. Jos\u00e9 Kentenich, que esteve neste local em 1950 e 1951, se interessou pela constru\u00e7\u00e3o deste Santu\u00e1rio, destacando a import\u00e2ncia de se estabelecer um trono de gra\u00e7as \u00e0 M\u00e3e de Deus, a grande vencedora do mal, numa cidade t\u00e3o grande como Buenos Aires.<\/p>\n<p>No dia 14 de dezembro de 1949, as Irm\u00e3s de Maria chegaram \u00e0 rua Echeverr\u00eda, 3632, na cidade de Buenos Aires, a esta casa, emprestada pela fam\u00edlia Schormair, que depois de 10 anos conseguiram comprar.<\/p>\n<p>Na casa Providencia, casa das Irm\u00e3s de Maria, o Pe. Jos\u00e9 Kentenich residiu repetidas vezes entre os anos de 1950 e 1951.<\/p>\n<h3>A passagem do Pe. Jos\u00e9 Kentenich pela casa<\/h3>\n<p>Naquela \u00e9poca existia apenas o chal\u00e9 antigo no meio de um lindo jardim, semelhante a um pequeno parque com suas \u00e1rvores altas. Por ela caminhava o Pe. Kentenich, rezando o brevi\u00e1rio ou o ros\u00e1rio ou conversando com quem o visitava. Sem exagero, pode-se dizer que n\u00e3o h\u00e1 lugar na casa ou no jardim onde o fundador n\u00e3o tenha pisado pelo menos uma vez. O espa\u00e7o interno da casa era muito estreito, pois ali viviam cerca de 15 irm\u00e3s e n\u00e3o existiam as amplia\u00e7\u00f5es que foram feitas posteriormente. Al\u00e9m disso, quando o Pe. Kentenich ali esteve, muitas outras Irm\u00e3s vieram \u00e0 casa, sem se importar com a falta de espa\u00e7o f\u00edsico.<\/p>\n<p><img decoding=\"async\" class=\"aligncenter wp-image-33168 \" src=\"https:\/\/schoenstatt.com\/wp-content\/uploads\/2023\/10\/Santuario-de-Belgrano-1.jpg\" alt=\"\" width=\"683\" height=\"911\" \/><\/p>\n<p>O quarto onde se hospedava o Pe. Kentenich era o jardim de inverno, ao lado da sala de jantar, \u00fanico c\u00f4modo da casa com entrada independente pelo jardim. Ali havia apenas uma cama, uma mesa e duas cadeiras, n\u00e3o havia banheiro privativo nem ventilador, apesar do calor de 33 graus no ver\u00e3o. Naquela \u00e9poca, a situa\u00e7\u00e3o econ\u00f4mica das Irm\u00e3s era muito complicada e o fundador partilhava com elas essa austeridade.<\/p>\n<blockquote><p>O caminho que leva a Cristo, tamb\u00e9m \u00e0 M\u00e3e de Deus, \u00e9 o caminho da pequenez, o caminho da humildade.<br \/>\nPe. Jos\u00e9 Kentenich, Belgrano, 23.01.1951<\/p><\/blockquote>\n<h3>Conversas, visitas e encontros<\/h3>\n<p>Na sala de jantar da casa, o Padre Kentenich partilhava com as Irm\u00e3s todas as refei\u00e7\u00f5es.<\/p>\n<blockquote><p>Queremos esfor\u00e7ar-nos para deixar que o Esp\u00edrito nos penetre ainda mais profundamente, de modo que todos n\u00f3s nos tornemos mais aut\u00eanticos, profundos e simples.<br \/>\nPe. Jos\u00e9 Kentenich, Belgrano, 22.01.1951<\/p><\/blockquote>\n<p>Trocaram com ele leituras ou conversas sobre as pol\u00eamicas suscitadas pela visita\u00e7\u00e3o em Schoenstatt e suas respostas expressas na Carta de 31 de maio de 1949; partilharam os anseios e as dificuldades para construir o primeiro Santu\u00e1rio de Schoenstatt Argentino \u2013 que seria constru\u00eddo em Flor\u00eancio Varela \u2013 bem como as situa\u00e7\u00f5es e problemas do quotidiano.<\/p>\n<p><img decoding=\"async\" class=\"aligncenter wp-image-33172 \" src=\"https:\/\/schoenstatt.com\/wp-content\/uploads\/2023\/10\/Santuario-de-Belgrano-argentina.jpg\" alt=\"\" width=\"1012\" height=\"759\" \/><\/p>\n<h3>Hist\u00f3rias que marcaram a vida de muitas Irm\u00e3s<\/h3>\n<p>A capela da casa ficava no c\u00f4modo que hoje \u00e9 o sal\u00e3o. O altar estava localizado em frente \u00e0s janelas voltadas para a rua. O altar \u00e9 o que se encontra agora no Santu\u00e1rio do Pai, em \u201cNovo Schoenstatt\u201d.<\/p>\n<p>Durante as suas estadias, o Pai e Fundador celebrava diariamente a missa e geralmente praticava uma medita\u00e7\u00e3o pr\u00e9via. As Irm\u00e3s recordam que diante das grandes dificuldades, especialmente na constru\u00e7\u00e3o do Santu\u00e1rio t\u00e3o esperado, o Pe. Kentenich sempre as consolou e encorajou, as corrigiu e educou de forma muito paternal. A capela mencionada permaneceu at\u00e9 1963, quando o Santu\u00e1rio foi aben\u00e7oado, hoje denominado \u201cde Belgrano\u201d.<\/p>\n<h2><img loading=\"lazy\" decoding=\"async\" class=\"aligncenter wp-image-33176 \" src=\"https:\/\/schoenstatt.com\/wp-content\/uploads\/2023\/10\/Mapa-Santuarios-de-Schoenstatt-Argentina.png\" alt=\"\" width=\"849\" height=\"576\" \/><\/h2>\n<h2>Outro Santu\u00e1rio \u201ct\u00e3o perto\u201d, a 50 km de Flor\u00eancio Varela?<\/h2>\n<p>O Fundador marcou o destino de \u201cEcheverr\u00eda\u201d, (nome da rua onde est\u00e1 localizado o Santu\u00e1rio, no bairro de Belgrano), instruindo expressamente as Irm\u00e3s a construir um novo Santu\u00e1rio Filial, um santu\u00e1rio da cidade para os habitantes desenraizados e agitados da cidade grande.<\/p>\n<p>A princ\u00edpio, as Irm\u00e3s pensaram em construir uma ermida no jardim. Naquela \u00e9poca n\u00e3o parecia conveniente construir um Santu\u00e1rio \u201ct\u00e3o perto\u201d de Flor\u00eancio Varela, que ficava a 50 km de dist\u00e2ncia da propriedade. Escreveram ent\u00e3o ao Pe. Carlos Boskamp, um padre palotino schoenstattiano que estava trabalhando no Brooklyn, Nova York. O Pe. Carlos, que esteva em contato com o Pe. Kentenich, conversou com o fundador sobre esta ideia. Mais tarde, as Irm\u00e3s receberam uma carta-resposta do Pe. Carlos: o Pai e Fundador \u00e9 da opini\u00e3o de que n\u00e3o se trata de uma ermida, mas sim de um Santu\u00e1rio, um Santu\u00e1rio da cidade.<\/p>\n<p>Em 18 de outubro de 1961 se colocou a pedra fundamental. Em 18 de outubro de 1963 ele foi aben\u00e7oado.<\/p>\n<blockquote class=\"instagram-media\" style=\"background: #FFF; border: 0; border-radius: 3px; box-shadow: 0 0 1px 0 rgba(0,0,0,0.5),0 1px 10px 0 rgba(0,0,0,0.15); margin: 1px; max-width: 540px; min-width: 326px; padding: 0; width: calc(100% - 2px);\" data-instgrm-permalink=\"https:\/\/www.instagram.com\/reel\/CynkD53umBs\/?utm_source=ig_embed&amp;utm_campaign=loading\" data-instgrm-version=\"14\">\n<div style=\"padding: 16px;\">\n<blockquote class=\"instagram-media\" style=\"background: #FFF; border: 0; border-radius: 3px; box-shadow: 0 0 1px 0 rgba(0,0,0,0.5),0 1px 10px 0 rgba(0,0,0,0.15); margin: 1px; max-width: 540px; min-width: 326px; padding: 0; width: calc(100% - 2px);\" data-instgrm-captioned=\"\" data-instgrm-permalink=\"https:\/\/www.instagram.com\/reel\/CynkD53umBs\/?utm_source=ig_embed&amp;utm_campaign=loading\" data-instgrm-version=\"14\">\n<div style=\"padding: 16px;\">\n<p>&nbsp;<\/p>\n<div style=\"display: flex; flex-direction: row; align-items: center;\">\n<div style=\"background-color: #f4f4f4; border-radius: 50%; flex-grow: 0; height: 40px; margin-right: 14px; width: 40px;\"><\/div>\n<div style=\"display: flex; flex-direction: column; flex-grow: 1; justify-content: center;\">\n<div style=\"background-color: #f4f4f4; border-radius: 4px; flex-grow: 0; height: 14px; margin-bottom: 6px; width: 100px;\"><\/div>\n<div style=\"background-color: #f4f4f4; border-radius: 4px; flex-grow: 0; height: 14px; width: 60px;\"><\/div>\n<\/div>\n<\/div>\n<div style=\"padding: 19% 0;\"><\/div>\n<div style=\"display: block; height: 50px; margin: 0 auto 12px; width: 50px;\"><\/div>\n<div style=\"padding-top: 8px;\">\n<div style=\"color: #3897f0; font-family: Arial,sans-serif; font-size: 14px; font-style: normal; font-weight: 550; line-height: 18px;\">Ver essa foto no Instagram<\/div>\n<\/div>\n<div style=\"padding: 12.5% 0;\"><\/div>\n<div style=\"display: flex; flex-direction: row; margin-bottom: 14px; align-items: center;\">\n<div>\n<div style=\"background-color: #f4f4f4; border-radius: 50%; height: 12.5px; width: 12.5px; transform: translateX(0px) translateY(7px);\"><\/div>\n<div style=\"background-color: #f4f4f4; height: 12.5px; transform: rotate(-45deg) translateX(3px) translateY(1px); width: 12.5px; flex-grow: 0; margin-right: 14px; margin-left: 2px;\"><\/div>\n<div style=\"background-color: #f4f4f4; border-radius: 50%; height: 12.5px; width: 12.5px; transform: translateX(9px) translateY(-18px);\"><\/div>\n<\/div>\n<div style=\"margin-left: 8px;\">\n<div style=\"background-color: #f4f4f4; border-radius: 50%; flex-grow: 0; height: 20px; width: 20px;\"><\/div>\n<div style=\"width: 0; height: 0; border-top: 2px solid transparent; border-left: 6px solid #f4f4f4; border-bottom: 2px solid transparent; transform: translateX(16px) translateY(-4px) rotate(30deg);\"><\/div>\n<\/div>\n<div style=\"margin-left: auto;\">\n<div style=\"width: 0px; border-top: 8px solid #F4F4F4; border-right: 8px solid transparent; transform: translateY(16px);\"><\/div>\n<div style=\"background-color: #f4f4f4; flex-grow: 0; height: 12px; width: 16px; transform: translateY(-4px);\"><\/div>\n<div style=\"width: 0; height: 0; border-top: 8px solid #F4F4F4; border-left: 8px solid transparent; transform: translateY(-4px) translateX(8px);\"><\/div>\n<\/div>\n<\/div>\n<div style=\"display: flex; flex-direction: column; flex-grow: 1; justify-content: center; margin-bottom: 24px;\">\n<div style=\"background-color: #f4f4f4; border-radius: 4px; flex-grow: 0; height: 14px; margin-bottom: 6px; width: 224px;\"><\/div>\n<div style=\"background-color: #f4f4f4; border-radius: 4px; flex-grow: 0; height: 14px; width: 144px;\"><\/div>\n<\/div>\n<p>&nbsp;<\/p>\n<p style=\"color: #c9c8cd; font-family: Arial,sans-serif; font-size: 14px; line-height: 17px; margin-bottom: 0; margin-top: 8px; overflow: hidden; padding: 8px 0 7px; text-align: center; text-overflow: ellipsis; white-space: nowrap;\"><a style=\"color: #c9c8cd; font-family: Arial,sans-serif; font-size: 14px; font-style: normal; font-weight: normal; line-height: 17px; text-decoration: none;\" href=\"https:\/\/www.instagram.com\/reel\/CynkD53umBs\/?utm_source=ig_embed&amp;utm_campaign=loading\" target=\"_blank\" rel=\"noopener\">Uma publica\u00e7\u00e3o compartilhada por SCHOENSTATT Belgrano (@schoenstattbelgrano)<\/a><\/p>\n<\/div>\n<\/blockquote>\n<p><script async src=\"\/\/www.instagram.com\/embed.js\"><\/script><\/p>\n<\/div>\n<\/blockquote>\n","protected":false},"excerpt":{"rendered":"<p>\u201cCora\u00e7\u00e3o da Cidade\u201d de Buenos Aires, Argentina, o Santu\u00e1rio de Belgrano \u2013 Tabor de Maria \u2013 completa 60 anos. \u201cDesde o Santu\u00e1rio queremos proclamar com ousadia o nome de Maria\u201d, afirma a Fam\u00edlia de Schoenstatt. O artigo conta a hist\u00f3ria da passagem do Pe. Kentenich pelo local onde hoje se encontra o Santu\u00e1rio.<\/p>\n","protected":false},"author":3,"featured_media":33160,"comment_status":"closed","ping_status":"closed","sticky":false,"template":"","format":"standard","meta":{"footnotes":""},"categories":[869],"tags":[],"class_list":["post-33233","post","type-post","status-publish","format-standard","has-post-thumbnail","hentry","category-paises-pt-pt"],"yoast_head":"<!-- This site is optimized with the Yoast SEO Premium plugin v27.4 (Yoast SEO v27.4) - https:\/\/yoast.com\/product\/yoast-seo-premium-wordpress\/ -->\n<title>O Santu\u00e1rio de Belgrano, em Buenos Aires, completa 60 anos<\/title>\n<meta name=\"description\" content=\"O anivers\u00e1rio do Santu\u00e1rio de Belgrano re\u00fane os peregrinos e a Fam\u00edlia de Schoenstatt e \u00e9 uma ocasi\u00e3o para conhecer a hist\u00f3ria.\" \/>\n<meta name=\"robots\" content=\"index, follow, max-snippet:-1, max-image-preview:large, max-video-preview:-1\" \/>\n<link rel=\"canonical\" href=\"https:\/\/schoenstatt.com\/pt-pt\/o-santuario-de-belgrano-em-buenos-aires-completa-60-anos\/\" \/>\n<meta property=\"og:locale\" content=\"pt_PT\" \/>\n<meta property=\"og:type\" content=\"article\" \/>\n<meta property=\"og:title\" content=\"O Santu\u00e1rio de Belgrano, em Buenos Aires, completa 60 anos\" \/>\n<meta property=\"og:description\" content=\"O anivers\u00e1rio do Santu\u00e1rio de Belgrano re\u00fane os peregrinos e a Fam\u00edlia de Schoenstatt e \u00e9 uma ocasi\u00e3o para conhecer a hist\u00f3ria.\" \/>\n<meta property=\"og:url\" content=\"https:\/\/schoenstatt.com\/pt-pt\/o-santuario-de-belgrano-em-buenos-aires-completa-60-anos\/\" \/>\n<meta property=\"og:site_name\" content=\"Schoenstatt\" \/>\n<meta property=\"article:published_time\" content=\"2023-10-24T17:23:31+00:00\" \/>\n<meta property=\"article:modified_time\" content=\"2025-05-15T23:41:39+00:00\" \/>\n<meta property=\"og:image\" content=\"https:\/\/schoenstatt.com\/wp-content\/uploads\/2023\/10\/Santuario-de-Belgrano-3-scaled-1.jpg\" \/>\n\t<meta property=\"og:image:width\" content=\"2048\" \/>\n\t<meta property=\"og:image:height\" content=\"1365\" \/>\n\t<meta property=\"og:image:type\" content=\"image\/jpeg\" \/>\n<meta name=\"author\" content=\"Karen Bueno\" \/>\n<meta name=\"twitter:card\" content=\"summary_large_image\" \/>\n<meta name=\"twitter:label1\" content=\"Escrito por\" \/>\n\t<meta name=\"twitter:data1\" content=\"Karen Bueno\" \/>\n\t<meta name=\"twitter:label2\" content=\"Tempo estimado de leitura\" \/>\n\t<meta name=\"twitter:data2\" content=\"5 minutos\" \/>\n<script type=\"application\/ld+json\" class=\"yoast-schema-graph\">{\"@context\":\"https:\\\/\\\/schema.org\",\"@graph\":[{\"@type\":\"Article\",\"@id\":\"https:\\\/\\\/schoenstatt.com\\\/pt-pt\\\/o-santuario-de-belgrano-em-buenos-aires-completa-60-anos\\\/#article\",\"isPartOf\":{\"@id\":\"https:\\\/\\\/schoenstatt.com\\\/pt-pt\\\/o-santuario-de-belgrano-em-buenos-aires-completa-60-anos\\\/\"},\"author\":{\"name\":\"Karen Bueno\",\"@id\":\"https:\\\/\\\/schoenstatt.com\\\/pt-pt\\\/#\\\/schema\\\/person\\\/5158877ad4acae98b34daaeef2a1ce6e\"},\"headline\":\"O Santu\u00e1rio de Belgrano, em Buenos Aires, completa 60 anos\",\"datePublished\":\"2023-10-24T17:23:31+00:00\",\"dateModified\":\"2025-05-15T23:41:39+00:00\",\"mainEntityOfPage\":{\"@id\":\"https:\\\/\\\/schoenstatt.com\\\/pt-pt\\\/o-santuario-de-belgrano-em-buenos-aires-completa-60-anos\\\/\"},\"wordCount\":955,\"publisher\":{\"@id\":\"https:\\\/\\\/schoenstatt.com\\\/pt-pt\\\/#organization\"},\"image\":{\"@id\":\"https:\\\/\\\/schoenstatt.com\\\/pt-pt\\\/o-santuario-de-belgrano-em-buenos-aires-completa-60-anos\\\/#primaryimage\"},\"thumbnailUrl\":\"https:\\\/\\\/schoenstatt.com\\\/wp-content\\\/uploads\\\/2023\\\/10\\\/Santuario-de-Belgrano-3-scaled-1.jpg\",\"articleSection\":[\"Pa\u00edses\"],\"inLanguage\":\"pt-PT\"},{\"@type\":\"WebPage\",\"@id\":\"https:\\\/\\\/schoenstatt.com\\\/pt-pt\\\/o-santuario-de-belgrano-em-buenos-aires-completa-60-anos\\\/\",\"url\":\"https:\\\/\\\/schoenstatt.com\\\/pt-pt\\\/o-santuario-de-belgrano-em-buenos-aires-completa-60-anos\\\/\",\"name\":\"O Santu\u00e1rio de Belgrano, em Buenos Aires, completa 60 anos\",\"isPartOf\":{\"@id\":\"https:\\\/\\\/schoenstatt.com\\\/pt-pt\\\/#website\"},\"primaryImageOfPage\":{\"@id\":\"https:\\\/\\\/schoenstatt.com\\\/pt-pt\\\/o-santuario-de-belgrano-em-buenos-aires-completa-60-anos\\\/#primaryimage\"},\"image\":{\"@id\":\"https:\\\/\\\/schoenstatt.com\\\/pt-pt\\\/o-santuario-de-belgrano-em-buenos-aires-completa-60-anos\\\/#primaryimage\"},\"thumbnailUrl\":\"https:\\\/\\\/schoenstatt.com\\\/wp-content\\\/uploads\\\/2023\\\/10\\\/Santuario-de-Belgrano-3-scaled-1.jpg\",\"datePublished\":\"2023-10-24T17:23:31+00:00\",\"dateModified\":\"2025-05-15T23:41:39+00:00\",\"description\":\"O anivers\u00e1rio do Santu\u00e1rio de Belgrano re\u00fane os peregrinos e a Fam\u00edlia de Schoenstatt e \u00e9 uma ocasi\u00e3o para conhecer a hist\u00f3ria.\",\"breadcrumb\":{\"@id\":\"https:\\\/\\\/schoenstatt.com\\\/pt-pt\\\/o-santuario-de-belgrano-em-buenos-aires-completa-60-anos\\\/#breadcrumb\"},\"inLanguage\":\"pt-PT\",\"potentialAction\":[{\"@type\":\"ReadAction\",\"target\":[\"https:\\\/\\\/schoenstatt.com\\\/pt-pt\\\/o-santuario-de-belgrano-em-buenos-aires-completa-60-anos\\\/\"]}]},{\"@type\":\"ImageObject\",\"inLanguage\":\"pt-PT\",\"@id\":\"https:\\\/\\\/schoenstatt.com\\\/pt-pt\\\/o-santuario-de-belgrano-em-buenos-aires-completa-60-anos\\\/#primaryimage\",\"url\":\"https:\\\/\\\/schoenstatt.com\\\/wp-content\\\/uploads\\\/2023\\\/10\\\/Santuario-de-Belgrano-3-scaled-1.jpg\",\"contentUrl\":\"https:\\\/\\\/schoenstatt.com\\\/wp-content\\\/uploads\\\/2023\\\/10\\\/Santuario-de-Belgrano-3-scaled-1.jpg\",\"width\":2048,\"height\":1365},{\"@type\":\"BreadcrumbList\",\"@id\":\"https:\\\/\\\/schoenstatt.com\\\/pt-pt\\\/o-santuario-de-belgrano-em-buenos-aires-completa-60-anos\\\/#breadcrumb\",\"itemListElement\":[{\"@type\":\"ListItem\",\"position\":1,\"name\":\"Portada\",\"item\":\"https:\\\/\\\/schoenstatt.com\\\/pt-pt\\\/home\\\/\"},{\"@type\":\"ListItem\",\"position\":2,\"name\":\"O Santu\u00e1rio de Belgrano, em Buenos Aires, completa 60 anos\"}]},{\"@type\":\"WebSite\",\"@id\":\"https:\\\/\\\/schoenstatt.com\\\/pt-pt\\\/#website\",\"url\":\"https:\\\/\\\/schoenstatt.com\\\/pt-pt\\\/\",\"name\":\"Schoenstatt\",\"description\":\"Apostolic Movement\",\"publisher\":{\"@id\":\"https:\\\/\\\/schoenstatt.com\\\/pt-pt\\\/#organization\"},\"potentialAction\":[{\"@type\":\"SearchAction\",\"target\":{\"@type\":\"EntryPoint\",\"urlTemplate\":\"https:\\\/\\\/schoenstatt.com\\\/pt-pt\\\/?s={search_term_string}\"},\"query-input\":{\"@type\":\"PropertyValueSpecification\",\"valueRequired\":true,\"valueName\":\"search_term_string\"}}],\"inLanguage\":\"pt-PT\"},{\"@type\":\"Organization\",\"@id\":\"https:\\\/\\\/schoenstatt.com\\\/pt-pt\\\/#organization\",\"name\":\"Schoenstatt\",\"url\":\"https:\\\/\\\/schoenstatt.com\\\/pt-pt\\\/\",\"logo\":{\"@type\":\"ImageObject\",\"inLanguage\":\"pt-PT\",\"@id\":\"https:\\\/\\\/schoenstatt.com\\\/pt-pt\\\/#\\\/schema\\\/logo\\\/image\\\/\",\"url\":\"https:\\\/\\\/schoenstatt.com\\\/wp-content\\\/uploads\\\/2025\\\/04\\\/logo-schoenstatt-white-696x696-1.png\",\"contentUrl\":\"https:\\\/\\\/schoenstatt.com\\\/wp-content\\\/uploads\\\/2025\\\/04\\\/logo-schoenstatt-white-696x696-1.png\",\"width\":696,\"height\":694,\"caption\":\"Schoenstatt\"},\"image\":{\"@id\":\"https:\\\/\\\/schoenstatt.com\\\/pt-pt\\\/#\\\/schema\\\/logo\\\/image\\\/\"}},{\"@type\":\"Person\",\"@id\":\"https:\\\/\\\/schoenstatt.com\\\/pt-pt\\\/#\\\/schema\\\/person\\\/5158877ad4acae98b34daaeef2a1ce6e\",\"name\":\"Karen Bueno\",\"image\":{\"@type\":\"ImageObject\",\"inLanguage\":\"pt-PT\",\"@id\":\"https:\\\/\\\/secure.gravatar.com\\\/avatar\\\/f9f4b823873154269d2b2130f195f6d41037dd0d7fc5f3cacb5c846bae70d66b?s=96&d=mm&r=g\",\"url\":\"https:\\\/\\\/secure.gravatar.com\\\/avatar\\\/f9f4b823873154269d2b2130f195f6d41037dd0d7fc5f3cacb5c846bae70d66b?s=96&d=mm&r=g\",\"contentUrl\":\"https:\\\/\\\/secure.gravatar.com\\\/avatar\\\/f9f4b823873154269d2b2130f195f6d41037dd0d7fc5f3cacb5c846bae70d66b?s=96&d=mm&r=g\",\"caption\":\"Karen Bueno\"},\"url\":\"https:\\\/\\\/schoenstatt.com\\\/pt-pt\\\/author\\\/karen-bueno\\\/\"}]}<\/script>\n<!-- \/ Yoast SEO Premium plugin. -->","yoast_head_json":{"title":"O Santu\u00e1rio de Belgrano, em Buenos Aires, completa 60 anos","description":"O anivers\u00e1rio do Santu\u00e1rio de Belgrano re\u00fane os peregrinos e a Fam\u00edlia de Schoenstatt e \u00e9 uma ocasi\u00e3o para conhecer a hist\u00f3ria.","robots":{"index":"index","follow":"follow","max-snippet":"max-snippet:-1","max-image-preview":"max-image-preview:large","max-video-preview":"max-video-preview:-1"},"canonical":"https:\/\/schoenstatt.com\/pt-pt\/o-santuario-de-belgrano-em-buenos-aires-completa-60-anos\/","og_locale":"pt_PT","og_type":"article","og_title":"O Santu\u00e1rio de Belgrano, em Buenos Aires, completa 60 anos","og_description":"O anivers\u00e1rio do Santu\u00e1rio de Belgrano re\u00fane os peregrinos e a Fam\u00edlia de Schoenstatt e \u00e9 uma ocasi\u00e3o para conhecer a hist\u00f3ria.","og_url":"https:\/\/schoenstatt.com\/pt-pt\/o-santuario-de-belgrano-em-buenos-aires-completa-60-anos\/","og_site_name":"Schoenstatt","article_published_time":"2023-10-24T17:23:31+00:00","article_modified_time":"2025-05-15T23:41:39+00:00","og_image":[{"width":2048,"height":1365,"url":"https:\/\/schoenstatt.com\/wp-content\/uploads\/2023\/10\/Santuario-de-Belgrano-3-scaled-1.jpg","type":"image\/jpeg"}],"author":"Karen Bueno","twitter_card":"summary_large_image","twitter_misc":{"Escrito por":"Karen Bueno","Tempo estimado de leitura":"5 minutos"},"schema":{"@context":"https:\/\/schema.org","@graph":[{"@type":"Article","@id":"https:\/\/schoenstatt.com\/pt-pt\/o-santuario-de-belgrano-em-buenos-aires-completa-60-anos\/#article","isPartOf":{"@id":"https:\/\/schoenstatt.com\/pt-pt\/o-santuario-de-belgrano-em-buenos-aires-completa-60-anos\/"},"author":{"name":"Karen Bueno","@id":"https:\/\/schoenstatt.com\/pt-pt\/#\/schema\/person\/5158877ad4acae98b34daaeef2a1ce6e"},"headline":"O Santu\u00e1rio de Belgrano, em Buenos Aires, completa 60 anos","datePublished":"2023-10-24T17:23:31+00:00","dateModified":"2025-05-15T23:41:39+00:00","mainEntityOfPage":{"@id":"https:\/\/schoenstatt.com\/pt-pt\/o-santuario-de-belgrano-em-buenos-aires-completa-60-anos\/"},"wordCount":955,"publisher":{"@id":"https:\/\/schoenstatt.com\/pt-pt\/#organization"},"image":{"@id":"https:\/\/schoenstatt.com\/pt-pt\/o-santuario-de-belgrano-em-buenos-aires-completa-60-anos\/#primaryimage"},"thumbnailUrl":"https:\/\/schoenstatt.com\/wp-content\/uploads\/2023\/10\/Santuario-de-Belgrano-3-scaled-1.jpg","articleSection":["Pa\u00edses"],"inLanguage":"pt-PT"},{"@type":"WebPage","@id":"https:\/\/schoenstatt.com\/pt-pt\/o-santuario-de-belgrano-em-buenos-aires-completa-60-anos\/","url":"https:\/\/schoenstatt.com\/pt-pt\/o-santuario-de-belgrano-em-buenos-aires-completa-60-anos\/","name":"O Santu\u00e1rio de Belgrano, em Buenos Aires, completa 60 anos","isPartOf":{"@id":"https:\/\/schoenstatt.com\/pt-pt\/#website"},"primaryImageOfPage":{"@id":"https:\/\/schoenstatt.com\/pt-pt\/o-santuario-de-belgrano-em-buenos-aires-completa-60-anos\/#primaryimage"},"image":{"@id":"https:\/\/schoenstatt.com\/pt-pt\/o-santuario-de-belgrano-em-buenos-aires-completa-60-anos\/#primaryimage"},"thumbnailUrl":"https:\/\/schoenstatt.com\/wp-content\/uploads\/2023\/10\/Santuario-de-Belgrano-3-scaled-1.jpg","datePublished":"2023-10-24T17:23:31+00:00","dateModified":"2025-05-15T23:41:39+00:00","description":"O anivers\u00e1rio do Santu\u00e1rio de Belgrano re\u00fane os peregrinos e a Fam\u00edlia de Schoenstatt e \u00e9 uma ocasi\u00e3o para conhecer a hist\u00f3ria.","breadcrumb":{"@id":"https:\/\/schoenstatt.com\/pt-pt\/o-santuario-de-belgrano-em-buenos-aires-completa-60-anos\/#breadcrumb"},"inLanguage":"pt-PT","potentialAction":[{"@type":"ReadAction","target":["https:\/\/schoenstatt.com\/pt-pt\/o-santuario-de-belgrano-em-buenos-aires-completa-60-anos\/"]}]},{"@type":"ImageObject","inLanguage":"pt-PT","@id":"https:\/\/schoenstatt.com\/pt-pt\/o-santuario-de-belgrano-em-buenos-aires-completa-60-anos\/#primaryimage","url":"https:\/\/schoenstatt.com\/wp-content\/uploads\/2023\/10\/Santuario-de-Belgrano-3-scaled-1.jpg","contentUrl":"https:\/\/schoenstatt.com\/wp-content\/uploads\/2023\/10\/Santuario-de-Belgrano-3-scaled-1.jpg","width":2048,"height":1365},{"@type":"BreadcrumbList","@id":"https:\/\/schoenstatt.com\/pt-pt\/o-santuario-de-belgrano-em-buenos-aires-completa-60-anos\/#breadcrumb","itemListElement":[{"@type":"ListItem","position":1,"name":"Portada","item":"https:\/\/schoenstatt.com\/pt-pt\/home\/"},{"@type":"ListItem","position":2,"name":"O Santu\u00e1rio de Belgrano, em Buenos Aires, completa 60 anos"}]},{"@type":"WebSite","@id":"https:\/\/schoenstatt.com\/pt-pt\/#website","url":"https:\/\/schoenstatt.com\/pt-pt\/","name":"Schoenstatt","description":"Apostolic Movement","publisher":{"@id":"https:\/\/schoenstatt.com\/pt-pt\/#organization"},"potentialAction":[{"@type":"SearchAction","target":{"@type":"EntryPoint","urlTemplate":"https:\/\/schoenstatt.com\/pt-pt\/?s={search_term_string}"},"query-input":{"@type":"PropertyValueSpecification","valueRequired":true,"valueName":"search_term_string"}}],"inLanguage":"pt-PT"},{"@type":"Organization","@id":"https:\/\/schoenstatt.com\/pt-pt\/#organization","name":"Schoenstatt","url":"https:\/\/schoenstatt.com\/pt-pt\/","logo":{"@type":"ImageObject","inLanguage":"pt-PT","@id":"https:\/\/schoenstatt.com\/pt-pt\/#\/schema\/logo\/image\/","url":"https:\/\/schoenstatt.com\/wp-content\/uploads\/2025\/04\/logo-schoenstatt-white-696x696-1.png","contentUrl":"https:\/\/schoenstatt.com\/wp-content\/uploads\/2025\/04\/logo-schoenstatt-white-696x696-1.png","width":696,"height":694,"caption":"Schoenstatt"},"image":{"@id":"https:\/\/schoenstatt.com\/pt-pt\/#\/schema\/logo\/image\/"}},{"@type":"Person","@id":"https:\/\/schoenstatt.com\/pt-pt\/#\/schema\/person\/5158877ad4acae98b34daaeef2a1ce6e","name":"Karen Bueno","image":{"@type":"ImageObject","inLanguage":"pt-PT","@id":"https:\/\/secure.gravatar.com\/avatar\/f9f4b823873154269d2b2130f195f6d41037dd0d7fc5f3cacb5c846bae70d66b?s=96&d=mm&r=g","url":"https:\/\/secure.gravatar.com\/avatar\/f9f4b823873154269d2b2130f195f6d41037dd0d7fc5f3cacb5c846bae70d66b?s=96&d=mm&r=g","contentUrl":"https:\/\/secure.gravatar.com\/avatar\/f9f4b823873154269d2b2130f195f6d41037dd0d7fc5f3cacb5c846bae70d66b?s=96&d=mm&r=g","caption":"Karen Bueno"},"url":"https:\/\/schoenstatt.com\/pt-pt\/author\/karen-bueno\/"}]}},"_links":{"self":[{"href":"https:\/\/schoenstatt.com\/pt-pt\/wp-json\/wp\/v2\/posts\/33233","targetHints":{"allow":["GET"]}}],"collection":[{"href":"https:\/\/schoenstatt.com\/pt-pt\/wp-json\/wp\/v2\/posts"}],"about":[{"href":"https:\/\/schoenstatt.com\/pt-pt\/wp-json\/wp\/v2\/types\/post"}],"author":[{"embeddable":true,"href":"https:\/\/schoenstatt.com\/pt-pt\/wp-json\/wp\/v2\/users\/3"}],"replies":[{"embeddable":true,"href":"https:\/\/schoenstatt.com\/pt-pt\/wp-json\/wp\/v2\/comments?post=33233"}],"version-history":[{"count":1,"href":"https:\/\/schoenstatt.com\/pt-pt\/wp-json\/wp\/v2\/posts\/33233\/revisions"}],"predecessor-version":[{"id":46392,"href":"https:\/\/schoenstatt.com\/pt-pt\/wp-json\/wp\/v2\/posts\/33233\/revisions\/46392"}],"wp:featuredmedia":[{"embeddable":true,"href":"https:\/\/schoenstatt.com\/pt-pt\/wp-json\/wp\/v2\/media\/33160"}],"wp:attachment":[{"href":"https:\/\/schoenstatt.com\/pt-pt\/wp-json\/wp\/v2\/media?parent=33233"}],"wp:term":[{"taxonomy":"category","embeddable":true,"href":"https:\/\/schoenstatt.com\/pt-pt\/wp-json\/wp\/v2\/categories?post=33233"},{"taxonomy":"post_tag","embeddable":true,"href":"https:\/\/schoenstatt.com\/pt-pt\/wp-json\/wp\/v2\/tags?post=33233"}],"curies":[{"name":"wp","href":"https:\/\/api.w.org\/{rel}","templated":true}]}}