{"id":33138,"date":"2023-10-24T16:52:05","date_gmt":"2023-10-24T14:52:05","guid":{"rendered":"https:\/\/schoenstatt.com\/?p=33138"},"modified":"2025-05-16T01:41:40","modified_gmt":"2025-05-15T23:41:40","slug":"santuario-do-rio-de-janeiro-completa-25-anos","status":"publish","type":"post","link":"https:\/\/schoenstatt.com\/pt-pt\/santuario-do-rio-de-janeiro-completa-25-anos\/","title":{"rendered":"Santu\u00e1rio do Rio de Janeiro completa 25 anos"},"content":{"rendered":"<p>A comemora\u00e7\u00e3o pelo Jubileu de 25 anos do <a href=\"https:\/\/www.instagram.com\/santuariomaerainharj\/\" target=\"_blank\" rel=\"noopener\">Santu\u00e1rio Tabor Reden\u00e7\u00e3o da Fam\u00edlia<\/a>, no Rio de Janeiro, Brasil, reuniu milhares de peregrinos da cidade e de outros estados para prestigiar a festa, que aconteceu de 14 a 18 de outubro de 2023.<\/p>\n<p>No s\u00e1bado, 14 de outubro, nem mesmo a chuva foi capaz de atrapalhar a programa\u00e7\u00e3o do dia. O Santu\u00e1rio acolheu a peregrina\u00e7\u00e3o da Arquidiocese de Niter\u00f3i\/RJ. O dia come\u00e7ou com a abertura da festa jubilar e, em seguida, a Santa Missa com o Arcebispo Dom Jos\u00e9 Francisco Rezende. Na parte da tarde, aconteceu a retrospectiva hist\u00f3rica, como uma forma de recordar os 25 anos de constru\u00e7\u00e3o do Santu\u00e1rio. Em seguida, um momento especial de adora\u00e7\u00e3o ao Sant\u00edssimo Sacramento e, por fim, o encerramento com a coroa\u00e7\u00e3o a M\u00e3e e Rainha.<\/p>\n<p>J\u00e1 no domingo, 15, foi o dia de receber a Diocese de Petr\u00f3polis\/RJ. A programa\u00e7\u00e3o foi a mesma do dia anterior e, pela manh\u00e3, a Santa Missa foi presidida pelo Bispo Dom Tarc\u00edsio Nascentes, da Diocese de Duque de Caxias. Na segunda, 16, e na ter\u00e7a, 17, o Santu\u00e1rio seguiu com as festividades, recebendo peregrinos e par\u00f3quias de diversos locais.<\/p>\n<h2>O dia jubilar: Momentos de louvor e gratid\u00e3o<\/h2>\n<p>Na quarta-feira, dia 18 de outubro, o Santu\u00e1rio completou seus 25 anos. Milhares de peregrinos foram acolhidos, em especial as peregrina\u00e7\u00f5es da Arquidiocese do Rio de Janeiro e da Diocese de Itagua\u00ed. Este foi um dia de renovar a Alian\u00e7a de Amor que ficar\u00e1 guardada na mem\u00f3ria e na hist\u00f3ria dos pr\u00f3ximos 25 anos.<\/p>\n<p><img fetchpriority=\"high\" decoding=\"async\" class=\"aligncenter wp-image-33143 \" src=\"https:\/\/schoenstatt.com\/wp-content\/uploads\/2023\/10\/rio-de-janeiro-3.jpg\" alt=\"\" width=\"967\" height=\"725\" \/><\/p>\n<p>A Santa Missa jubilar foi presidida pelo Cardeal Dom Orani Jo\u00e3o Tempesta, Arcebispo do Rio de Janeiro. Foi concelebrada por Dom Roque Costa, Bispo Auxiliar da Arquidiocese, pelo Pe. Bernd Biberger, Diretor Geral do Instituto Secular das Irm\u00e3s de Maria de Schoenstatt, pelo Pe. Antonio Bracht, Diretor Nacional do Movimento Apost\u00f3lico de Schoenstatt, por padres e di\u00e1conos da Arquidiocese do Rio de Janeiro. Estavam presentes o Sr. Diego Faro, representando o governador do estado, Cl\u00e1udio Castro, e a Ir. M. Silvia Regina Formagio, Superiora Provincial das Irm\u00e3s de Maria.<\/p>\n<p>As pra\u00e7as ao redor do Santu\u00e1rio ficaram lotadas e quase n\u00e3o havia espa\u00e7o na tenda, devido ao n\u00famero de peregrinos.<\/p>\n<h3>O Santu\u00e1rio \u2013 um lugar de reabastecimento<\/h3>\n<p>Em sua homilia, o Cardeal arcebispo Dom Orani Jo\u00e3o Tempesta falou sobre a import\u00e2ncia dos 25 anos do Santu\u00e1rio. \u201cN\u00f3s pedimos ao Senhor para que este santu\u00e1rio, o Tabor Reden\u00e7\u00e3o da Fam\u00edlia, possa cada vez mais levar, trazer e acolher a todas as pessoas para que cres\u00e7am na f\u00e9 e saiam com o cora\u00e7\u00e3o afervorado, com a vida ainda mais aberta para a gra\u00e7a de Deus, melhorando a vida e a f\u00e9 crist\u00e3. N\u00f3s agradecemos a todas as Irm\u00e3s e aos Padres que tornam poss\u00edvel o atendimento no Santu\u00e1rio, com acolhimento, com orienta\u00e7\u00f5es e com os sacramentos, para que ele seja cada vez mais um lugar de reabastecimento da pr\u00f3pria vida. Nesses 25 anos, esse lugar tornou-se justamente um lugar de reabastecimento\u201d.<\/p>\n<figure id=\"attachment_33147\" aria-describedby=\"caption-attachment-33147\" style=\"width: 951px\" class=\"wp-caption aligncenter\"><img decoding=\"async\" class=\"wp-image-33147\" src=\"https:\/\/schoenstatt.com\/wp-content\/uploads\/2023\/10\/dom-orani-tempesta.jpg\" alt=\"\" width=\"951\" height=\"687\" \/><figcaption id=\"caption-attachment-33147\" class=\"wp-caption-text\">O Cardeal Orani Tempesta presidiu a missa no dia 18 de outubro<\/figcaption><\/figure>\n<h3>Como foi celebrar esse dia<\/h3>\n<p>Com muita alegria e contagiados pela festa jubilar, os peregrinos contam sua experi\u00eancia neste dia marcante. F\u00e1tima Ribeiro, mesmo morando no Rio de Janeiro, foi surpreendida: \u201cSempre tive o desejo de conhecer o lugar. Eu fui de cora\u00e7\u00e3o aberto. Na verdade, n\u00e3o sabia o que seria comemorado e, chegando, descobri que era a Festa do Jubileu de 25 anos do Santu\u00e1rio. Fiquei pensando: o que me trouxe at\u00e9 aqui, em um dia t\u00e3o especial? Recebemos, h\u00e1 tantos anos, a imagem peregrina da M\u00e3e e Rainha em nossa casa. E neste dia me foi dado conhecer a hist\u00f3ria como tudo come\u00e7ou. A partir deste Jubileu, receber a imagem peregrina em nossa casa ter\u00e1 um sentido muito mais profundo. Fiquei muito feliz e guardei no cora\u00e7\u00e3o tudo que vi e vivi nesse dia!\u201d<\/p>\n<p><img decoding=\"async\" class=\"aligncenter wp-image-33151 \" src=\"https:\/\/schoenstatt.com\/wp-content\/uploads\/2023\/10\/rio-de-janeiro.jpg\" alt=\"\" width=\"931\" height=\"679\" \/><\/p>\n<p>Durante os dias de festa, o Santu\u00e1rio recebeu peregrinos de diversos locais, inclusive de outros estados, como exemplo, uma caravana de Fortaleza\/CE (que fica a 2.500 quil\u00f4metros do Rio de Janeiro). O Pe. Arnaldo Pereira, da cidade de Brejo\/CE, falou sobre sua experi\u00eancia ao visitar o Santu\u00e1rio do Rio de Janeiro: \u201cEstar aqui neste dia n\u00e3o foi uma coincid\u00eancia, foi uma feliz provid\u00eancia. Estar aqui \u00e9 como estar em casa, vendo a beleza dessa devo\u00e7\u00e3o, em especial nesses 25 anos.\u201d<\/p>\n<p>Certamente, toda a hist\u00f3ria, todas as conquistas e as gra\u00e7as desses 25 anos ajudar\u00e3o a tornar frutuoso todo o trabalho que ser\u00e1 realizado nos pr\u00f3ximos 25 anos. Somos frutos de uma heran\u00e7a e de uma semente que foi plantada desde 1998. O objetivo agora \u00e9 trilhar os caminhos para o jubileu de ouro, tendo sempre como prioridade salvar as fam\u00edlias, custe o que custar, e continuar a fazer deste solo carioca um lugar especial no cora\u00e7\u00e3o da M\u00e3e de Deus.<\/p>\n<p><iframe title=\"Jubileu do Santu\u00e1rio Tabor Reden\u00e7\u00e3o da Fam\u00edlia re\u00fane fi\u00e9is no RJ\" width=\"800\" height=\"450\" src=\"https:\/\/www.youtube.com\/embed\/ccaKZnabxjw?feature=oembed\" frameborder=\"0\" allow=\"accelerometer; autoplay; clipboard-write; encrypted-media; gyroscope; picture-in-picture; web-share\" referrerpolicy=\"strict-origin-when-cross-origin\" allowfullscreen><\/iframe><\/p>\n","protected":false},"excerpt":{"rendered":"<p>Um o\u00e1sis na \u201ccidade maravilhosa\u201d \u2013 O Santu\u00e1rio Tabor Reden\u00e7\u00e3o da Fam\u00edlia completa seu jubileu de prata. S\u00e3o 25 anos de gra\u00e7as com a presen\u00e7a da M\u00e3e e Rainha na cidade e no estado do Rio de Janeiro, Brasil.<\/p>\n","protected":false},"author":3,"featured_media":33139,"comment_status":"closed","ping_status":"closed","sticky":false,"template":"","format":"standard","meta":{"footnotes":""},"categories":[869],"tags":[],"class_list":["post-33138","post","type-post","status-publish","format-standard","has-post-thumbnail","hentry","category-paises-pt-pt"],"yoast_head":"<!-- This site is optimized with the Yoast SEO Premium plugin v27.4 (Yoast SEO v27.4) - https:\/\/yoast.com\/product\/yoast-seo-premium-wordpress\/ -->\n<title>Santu\u00e1rio do Rio de Janeiro completa 25 anos - Schoenstatt<\/title>\n<meta name=\"description\" content=\"O Santu\u00e1rio do Rio de Janeiro, Tabor Reden\u00e7\u00e3o da Fam\u00edlia, completa seu jubileu de prata: 25 anos de gra\u00e7as.\" \/>\n<meta name=\"robots\" content=\"index, follow, max-snippet:-1, max-image-preview:large, max-video-preview:-1\" \/>\n<link rel=\"canonical\" href=\"https:\/\/schoenstatt.com\/pt-pt\/santuario-do-rio-de-janeiro-completa-25-anos\/\" \/>\n<meta property=\"og:locale\" content=\"pt_PT\" \/>\n<meta property=\"og:type\" content=\"article\" \/>\n<meta property=\"og:title\" content=\"Santu\u00e1rio do Rio de Janeiro completa 25 anos\" \/>\n<meta property=\"og:description\" content=\"O Santu\u00e1rio do Rio de Janeiro, Tabor Reden\u00e7\u00e3o da Fam\u00edlia, completa seu jubileu de prata: 25 anos de gra\u00e7as.\" \/>\n<meta property=\"og:url\" content=\"https:\/\/schoenstatt.com\/pt-pt\/santuario-do-rio-de-janeiro-completa-25-anos\/\" \/>\n<meta property=\"og:site_name\" content=\"Schoenstatt\" \/>\n<meta property=\"article:published_time\" content=\"2023-10-24T14:52:05+00:00\" \/>\n<meta property=\"article:modified_time\" content=\"2025-05-15T23:41:40+00:00\" \/>\n<meta property=\"og:image\" content=\"https:\/\/schoenstatt.com\/wp-content\/uploads\/2023\/10\/rio-de-janeiro-2-1.jpg\" \/>\n\t<meta property=\"og:image:width\" content=\"1600\" \/>\n\t<meta property=\"og:image:height\" content=\"1200\" \/>\n\t<meta property=\"og:image:type\" content=\"image\/jpeg\" \/>\n<meta name=\"author\" content=\"Karen Bueno\" \/>\n<meta name=\"twitter:card\" content=\"summary_large_image\" \/>\n<meta name=\"twitter:label1\" content=\"Escrito por\" \/>\n\t<meta name=\"twitter:data1\" content=\"Karen Bueno\" \/>\n\t<meta name=\"twitter:label2\" content=\"Tempo estimado de leitura\" \/>\n\t<meta name=\"twitter:data2\" content=\"5 minutos\" \/>\n<script type=\"application\/ld+json\" class=\"yoast-schema-graph\">{\"@context\":\"https:\\\/\\\/schema.org\",\"@graph\":[{\"@type\":\"Article\",\"@id\":\"https:\\\/\\\/schoenstatt.com\\\/pt-pt\\\/santuario-do-rio-de-janeiro-completa-25-anos\\\/#article\",\"isPartOf\":{\"@id\":\"https:\\\/\\\/schoenstatt.com\\\/pt-pt\\\/santuario-do-rio-de-janeiro-completa-25-anos\\\/\"},\"author\":{\"name\":\"Karen Bueno\",\"@id\":\"https:\\\/\\\/schoenstatt.com\\\/pt-pt\\\/#\\\/schema\\\/person\\\/5158877ad4acae98b34daaeef2a1ce6e\"},\"headline\":\"Santu\u00e1rio do Rio de Janeiro completa 25 anos\",\"datePublished\":\"2023-10-24T14:52:05+00:00\",\"dateModified\":\"2025-05-15T23:41:40+00:00\",\"mainEntityOfPage\":{\"@id\":\"https:\\\/\\\/schoenstatt.com\\\/pt-pt\\\/santuario-do-rio-de-janeiro-completa-25-anos\\\/\"},\"wordCount\":885,\"publisher\":{\"@id\":\"https:\\\/\\\/schoenstatt.com\\\/pt-pt\\\/#organization\"},\"image\":{\"@id\":\"https:\\\/\\\/schoenstatt.com\\\/pt-pt\\\/santuario-do-rio-de-janeiro-completa-25-anos\\\/#primaryimage\"},\"thumbnailUrl\":\"https:\\\/\\\/schoenstatt.com\\\/wp-content\\\/uploads\\\/2023\\\/10\\\/rio-de-janeiro-2-1.jpg\",\"articleSection\":[\"Pa\u00edses\"],\"inLanguage\":\"pt-PT\"},{\"@type\":\"WebPage\",\"@id\":\"https:\\\/\\\/schoenstatt.com\\\/pt-pt\\\/santuario-do-rio-de-janeiro-completa-25-anos\\\/\",\"url\":\"https:\\\/\\\/schoenstatt.com\\\/pt-pt\\\/santuario-do-rio-de-janeiro-completa-25-anos\\\/\",\"name\":\"Santu\u00e1rio do Rio de Janeiro completa 25 anos - Schoenstatt\",\"isPartOf\":{\"@id\":\"https:\\\/\\\/schoenstatt.com\\\/pt-pt\\\/#website\"},\"primaryImageOfPage\":{\"@id\":\"https:\\\/\\\/schoenstatt.com\\\/pt-pt\\\/santuario-do-rio-de-janeiro-completa-25-anos\\\/#primaryimage\"},\"image\":{\"@id\":\"https:\\\/\\\/schoenstatt.com\\\/pt-pt\\\/santuario-do-rio-de-janeiro-completa-25-anos\\\/#primaryimage\"},\"thumbnailUrl\":\"https:\\\/\\\/schoenstatt.com\\\/wp-content\\\/uploads\\\/2023\\\/10\\\/rio-de-janeiro-2-1.jpg\",\"datePublished\":\"2023-10-24T14:52:05+00:00\",\"dateModified\":\"2025-05-15T23:41:40+00:00\",\"description\":\"O Santu\u00e1rio do Rio de Janeiro, Tabor Reden\u00e7\u00e3o da Fam\u00edlia, completa seu jubileu de prata: 25 anos de gra\u00e7as.\",\"breadcrumb\":{\"@id\":\"https:\\\/\\\/schoenstatt.com\\\/pt-pt\\\/santuario-do-rio-de-janeiro-completa-25-anos\\\/#breadcrumb\"},\"inLanguage\":\"pt-PT\",\"potentialAction\":[{\"@type\":\"ReadAction\",\"target\":[\"https:\\\/\\\/schoenstatt.com\\\/pt-pt\\\/santuario-do-rio-de-janeiro-completa-25-anos\\\/\"]}]},{\"@type\":\"ImageObject\",\"inLanguage\":\"pt-PT\",\"@id\":\"https:\\\/\\\/schoenstatt.com\\\/pt-pt\\\/santuario-do-rio-de-janeiro-completa-25-anos\\\/#primaryimage\",\"url\":\"https:\\\/\\\/schoenstatt.com\\\/wp-content\\\/uploads\\\/2023\\\/10\\\/rio-de-janeiro-2-1.jpg\",\"contentUrl\":\"https:\\\/\\\/schoenstatt.com\\\/wp-content\\\/uploads\\\/2023\\\/10\\\/rio-de-janeiro-2-1.jpg\",\"width\":1600,\"height\":1200},{\"@type\":\"BreadcrumbList\",\"@id\":\"https:\\\/\\\/schoenstatt.com\\\/pt-pt\\\/santuario-do-rio-de-janeiro-completa-25-anos\\\/#breadcrumb\",\"itemListElement\":[{\"@type\":\"ListItem\",\"position\":1,\"name\":\"Portada\",\"item\":\"https:\\\/\\\/schoenstatt.com\\\/pt-pt\\\/home\\\/\"},{\"@type\":\"ListItem\",\"position\":2,\"name\":\"Santu\u00e1rio do Rio de Janeiro completa 25 anos\"}]},{\"@type\":\"WebSite\",\"@id\":\"https:\\\/\\\/schoenstatt.com\\\/pt-pt\\\/#website\",\"url\":\"https:\\\/\\\/schoenstatt.com\\\/pt-pt\\\/\",\"name\":\"Schoenstatt\",\"description\":\"Apostolic Movement\",\"publisher\":{\"@id\":\"https:\\\/\\\/schoenstatt.com\\\/pt-pt\\\/#organization\"},\"potentialAction\":[{\"@type\":\"SearchAction\",\"target\":{\"@type\":\"EntryPoint\",\"urlTemplate\":\"https:\\\/\\\/schoenstatt.com\\\/pt-pt\\\/?s={search_term_string}\"},\"query-input\":{\"@type\":\"PropertyValueSpecification\",\"valueRequired\":true,\"valueName\":\"search_term_string\"}}],\"inLanguage\":\"pt-PT\"},{\"@type\":\"Organization\",\"@id\":\"https:\\\/\\\/schoenstatt.com\\\/pt-pt\\\/#organization\",\"name\":\"Schoenstatt\",\"url\":\"https:\\\/\\\/schoenstatt.com\\\/pt-pt\\\/\",\"logo\":{\"@type\":\"ImageObject\",\"inLanguage\":\"pt-PT\",\"@id\":\"https:\\\/\\\/schoenstatt.com\\\/pt-pt\\\/#\\\/schema\\\/logo\\\/image\\\/\",\"url\":\"https:\\\/\\\/schoenstatt.com\\\/wp-content\\\/uploads\\\/2025\\\/04\\\/logo-schoenstatt-white-696x696-1.png\",\"contentUrl\":\"https:\\\/\\\/schoenstatt.com\\\/wp-content\\\/uploads\\\/2025\\\/04\\\/logo-schoenstatt-white-696x696-1.png\",\"width\":696,\"height\":694,\"caption\":\"Schoenstatt\"},\"image\":{\"@id\":\"https:\\\/\\\/schoenstatt.com\\\/pt-pt\\\/#\\\/schema\\\/logo\\\/image\\\/\"}},{\"@type\":\"Person\",\"@id\":\"https:\\\/\\\/schoenstatt.com\\\/pt-pt\\\/#\\\/schema\\\/person\\\/5158877ad4acae98b34daaeef2a1ce6e\",\"name\":\"Karen Bueno\",\"image\":{\"@type\":\"ImageObject\",\"inLanguage\":\"pt-PT\",\"@id\":\"https:\\\/\\\/secure.gravatar.com\\\/avatar\\\/f9f4b823873154269d2b2130f195f6d41037dd0d7fc5f3cacb5c846bae70d66b?s=96&d=mm&r=g\",\"url\":\"https:\\\/\\\/secure.gravatar.com\\\/avatar\\\/f9f4b823873154269d2b2130f195f6d41037dd0d7fc5f3cacb5c846bae70d66b?s=96&d=mm&r=g\",\"contentUrl\":\"https:\\\/\\\/secure.gravatar.com\\\/avatar\\\/f9f4b823873154269d2b2130f195f6d41037dd0d7fc5f3cacb5c846bae70d66b?s=96&d=mm&r=g\",\"caption\":\"Karen Bueno\"},\"url\":\"https:\\\/\\\/schoenstatt.com\\\/pt-pt\\\/author\\\/karen-bueno\\\/\"}]}<\/script>\n<!-- \/ Yoast SEO Premium plugin. -->","yoast_head_json":{"title":"Santu\u00e1rio do Rio de Janeiro completa 25 anos - Schoenstatt","description":"O Santu\u00e1rio do Rio de Janeiro, Tabor Reden\u00e7\u00e3o da Fam\u00edlia, completa seu jubileu de prata: 25 anos de gra\u00e7as.","robots":{"index":"index","follow":"follow","max-snippet":"max-snippet:-1","max-image-preview":"max-image-preview:large","max-video-preview":"max-video-preview:-1"},"canonical":"https:\/\/schoenstatt.com\/pt-pt\/santuario-do-rio-de-janeiro-completa-25-anos\/","og_locale":"pt_PT","og_type":"article","og_title":"Santu\u00e1rio do Rio de Janeiro completa 25 anos","og_description":"O Santu\u00e1rio do Rio de Janeiro, Tabor Reden\u00e7\u00e3o da Fam\u00edlia, completa seu jubileu de prata: 25 anos de gra\u00e7as.","og_url":"https:\/\/schoenstatt.com\/pt-pt\/santuario-do-rio-de-janeiro-completa-25-anos\/","og_site_name":"Schoenstatt","article_published_time":"2023-10-24T14:52:05+00:00","article_modified_time":"2025-05-15T23:41:40+00:00","og_image":[{"width":1600,"height":1200,"url":"https:\/\/schoenstatt.com\/wp-content\/uploads\/2023\/10\/rio-de-janeiro-2-1.jpg","type":"image\/jpeg"}],"author":"Karen Bueno","twitter_card":"summary_large_image","twitter_misc":{"Escrito por":"Karen Bueno","Tempo estimado de leitura":"5 minutos"},"schema":{"@context":"https:\/\/schema.org","@graph":[{"@type":"Article","@id":"https:\/\/schoenstatt.com\/pt-pt\/santuario-do-rio-de-janeiro-completa-25-anos\/#article","isPartOf":{"@id":"https:\/\/schoenstatt.com\/pt-pt\/santuario-do-rio-de-janeiro-completa-25-anos\/"},"author":{"name":"Karen Bueno","@id":"https:\/\/schoenstatt.com\/pt-pt\/#\/schema\/person\/5158877ad4acae98b34daaeef2a1ce6e"},"headline":"Santu\u00e1rio do Rio de Janeiro completa 25 anos","datePublished":"2023-10-24T14:52:05+00:00","dateModified":"2025-05-15T23:41:40+00:00","mainEntityOfPage":{"@id":"https:\/\/schoenstatt.com\/pt-pt\/santuario-do-rio-de-janeiro-completa-25-anos\/"},"wordCount":885,"publisher":{"@id":"https:\/\/schoenstatt.com\/pt-pt\/#organization"},"image":{"@id":"https:\/\/schoenstatt.com\/pt-pt\/santuario-do-rio-de-janeiro-completa-25-anos\/#primaryimage"},"thumbnailUrl":"https:\/\/schoenstatt.com\/wp-content\/uploads\/2023\/10\/rio-de-janeiro-2-1.jpg","articleSection":["Pa\u00edses"],"inLanguage":"pt-PT"},{"@type":"WebPage","@id":"https:\/\/schoenstatt.com\/pt-pt\/santuario-do-rio-de-janeiro-completa-25-anos\/","url":"https:\/\/schoenstatt.com\/pt-pt\/santuario-do-rio-de-janeiro-completa-25-anos\/","name":"Santu\u00e1rio do Rio de Janeiro completa 25 anos - Schoenstatt","isPartOf":{"@id":"https:\/\/schoenstatt.com\/pt-pt\/#website"},"primaryImageOfPage":{"@id":"https:\/\/schoenstatt.com\/pt-pt\/santuario-do-rio-de-janeiro-completa-25-anos\/#primaryimage"},"image":{"@id":"https:\/\/schoenstatt.com\/pt-pt\/santuario-do-rio-de-janeiro-completa-25-anos\/#primaryimage"},"thumbnailUrl":"https:\/\/schoenstatt.com\/wp-content\/uploads\/2023\/10\/rio-de-janeiro-2-1.jpg","datePublished":"2023-10-24T14:52:05+00:00","dateModified":"2025-05-15T23:41:40+00:00","description":"O Santu\u00e1rio do Rio de Janeiro, Tabor Reden\u00e7\u00e3o da Fam\u00edlia, completa seu jubileu de prata: 25 anos de gra\u00e7as.","breadcrumb":{"@id":"https:\/\/schoenstatt.com\/pt-pt\/santuario-do-rio-de-janeiro-completa-25-anos\/#breadcrumb"},"inLanguage":"pt-PT","potentialAction":[{"@type":"ReadAction","target":["https:\/\/schoenstatt.com\/pt-pt\/santuario-do-rio-de-janeiro-completa-25-anos\/"]}]},{"@type":"ImageObject","inLanguage":"pt-PT","@id":"https:\/\/schoenstatt.com\/pt-pt\/santuario-do-rio-de-janeiro-completa-25-anos\/#primaryimage","url":"https:\/\/schoenstatt.com\/wp-content\/uploads\/2023\/10\/rio-de-janeiro-2-1.jpg","contentUrl":"https:\/\/schoenstatt.com\/wp-content\/uploads\/2023\/10\/rio-de-janeiro-2-1.jpg","width":1600,"height":1200},{"@type":"BreadcrumbList","@id":"https:\/\/schoenstatt.com\/pt-pt\/santuario-do-rio-de-janeiro-completa-25-anos\/#breadcrumb","itemListElement":[{"@type":"ListItem","position":1,"name":"Portada","item":"https:\/\/schoenstatt.com\/pt-pt\/home\/"},{"@type":"ListItem","position":2,"name":"Santu\u00e1rio do Rio de Janeiro completa 25 anos"}]},{"@type":"WebSite","@id":"https:\/\/schoenstatt.com\/pt-pt\/#website","url":"https:\/\/schoenstatt.com\/pt-pt\/","name":"Schoenstatt","description":"Apostolic Movement","publisher":{"@id":"https:\/\/schoenstatt.com\/pt-pt\/#organization"},"potentialAction":[{"@type":"SearchAction","target":{"@type":"EntryPoint","urlTemplate":"https:\/\/schoenstatt.com\/pt-pt\/?s={search_term_string}"},"query-input":{"@type":"PropertyValueSpecification","valueRequired":true,"valueName":"search_term_string"}}],"inLanguage":"pt-PT"},{"@type":"Organization","@id":"https:\/\/schoenstatt.com\/pt-pt\/#organization","name":"Schoenstatt","url":"https:\/\/schoenstatt.com\/pt-pt\/","logo":{"@type":"ImageObject","inLanguage":"pt-PT","@id":"https:\/\/schoenstatt.com\/pt-pt\/#\/schema\/logo\/image\/","url":"https:\/\/schoenstatt.com\/wp-content\/uploads\/2025\/04\/logo-schoenstatt-white-696x696-1.png","contentUrl":"https:\/\/schoenstatt.com\/wp-content\/uploads\/2025\/04\/logo-schoenstatt-white-696x696-1.png","width":696,"height":694,"caption":"Schoenstatt"},"image":{"@id":"https:\/\/schoenstatt.com\/pt-pt\/#\/schema\/logo\/image\/"}},{"@type":"Person","@id":"https:\/\/schoenstatt.com\/pt-pt\/#\/schema\/person\/5158877ad4acae98b34daaeef2a1ce6e","name":"Karen Bueno","image":{"@type":"ImageObject","inLanguage":"pt-PT","@id":"https:\/\/secure.gravatar.com\/avatar\/f9f4b823873154269d2b2130f195f6d41037dd0d7fc5f3cacb5c846bae70d66b?s=96&d=mm&r=g","url":"https:\/\/secure.gravatar.com\/avatar\/f9f4b823873154269d2b2130f195f6d41037dd0d7fc5f3cacb5c846bae70d66b?s=96&d=mm&r=g","contentUrl":"https:\/\/secure.gravatar.com\/avatar\/f9f4b823873154269d2b2130f195f6d41037dd0d7fc5f3cacb5c846bae70d66b?s=96&d=mm&r=g","caption":"Karen Bueno"},"url":"https:\/\/schoenstatt.com\/pt-pt\/author\/karen-bueno\/"}]}},"_links":{"self":[{"href":"https:\/\/schoenstatt.com\/pt-pt\/wp-json\/wp\/v2\/posts\/33138","targetHints":{"allow":["GET"]}}],"collection":[{"href":"https:\/\/schoenstatt.com\/pt-pt\/wp-json\/wp\/v2\/posts"}],"about":[{"href":"https:\/\/schoenstatt.com\/pt-pt\/wp-json\/wp\/v2\/types\/post"}],"author":[{"embeddable":true,"href":"https:\/\/schoenstatt.com\/pt-pt\/wp-json\/wp\/v2\/users\/3"}],"replies":[{"embeddable":true,"href":"https:\/\/schoenstatt.com\/pt-pt\/wp-json\/wp\/v2\/comments?post=33138"}],"version-history":[{"count":1,"href":"https:\/\/schoenstatt.com\/pt-pt\/wp-json\/wp\/v2\/posts\/33138\/revisions"}],"predecessor-version":[{"id":46389,"href":"https:\/\/schoenstatt.com\/pt-pt\/wp-json\/wp\/v2\/posts\/33138\/revisions\/46389"}],"wp:featuredmedia":[{"embeddable":true,"href":"https:\/\/schoenstatt.com\/pt-pt\/wp-json\/wp\/v2\/media\/33139"}],"wp:attachment":[{"href":"https:\/\/schoenstatt.com\/pt-pt\/wp-json\/wp\/v2\/media?parent=33138"}],"wp:term":[{"taxonomy":"category","embeddable":true,"href":"https:\/\/schoenstatt.com\/pt-pt\/wp-json\/wp\/v2\/categories?post=33138"},{"taxonomy":"post_tag","embeddable":true,"href":"https:\/\/schoenstatt.com\/pt-pt\/wp-json\/wp\/v2\/tags?post=33138"}],"curies":[{"name":"wp","href":"https:\/\/api.w.org\/{rel}","templated":true}]}}