{"id":33090,"date":"2023-10-18T12:35:55","date_gmt":"2023-10-18T10:35:55","guid":{"rendered":"https:\/\/schoenstatt.com\/?p=33090"},"modified":"2025-05-16T03:03:24","modified_gmt":"2025-05-16T01:03:24","slug":"mensagem-para-o-dia-da-alianca-de-amor-2023","status":"publish","type":"post","link":"https:\/\/schoenstatt.com\/pt-pt\/mensagem-para-o-dia-da-alianca-de-amor-2023\/","title":{"rendered":"Mensagem para o Dia da Alian\u00e7a de Amor 2023"},"content":{"rendered":"<p><strong>Acompanhe a mensagem em v\u00eddeo e, logo abaixo, em texto:<\/strong><\/p>\n<p><iframe title=\"Saludo de Alianza del P. Alexandre Awi Mello | Covenant Day Greeting from Fr. Alexandre Awi Mello\" width=\"800\" height=\"450\" src=\"https:\/\/www.youtube.com\/embed\/pNK_ivly1fQ?feature=oembed\" frameborder=\"0\" allow=\"accelerometer; autoplay; clipboard-write; encrypted-media; gyroscope; picture-in-picture; web-share\" referrerpolicy=\"strict-origin-when-cross-origin\" allowfullscreen><\/iframe><\/p>\n<p>Estamos aqui no Santu\u00e1rio Original, o <a href=\"https:\/\/schoenstatt.com\/pt-pt\/about\/espiritualidade\/alianca-de-amor\/\">lugar da Alian\u00e7a<\/a>, o lugar onde, em 18 de outubro de 1914, come\u00e7ou uma hist\u00f3ria de transforma\u00e7\u00e3o de cora\u00e7\u00f5es juvenis, de transforma\u00e7\u00e3o da sociedade.<\/p>\n<p>N\u00f3s acreditamos na for\u00e7a dessa Alian\u00e7a, especialmente para o tempo de hoje. Especialmente para um tempo que est\u00e1 marcado, infelizmente e novamente, pelas guerras. Guerras por todos os lados, falta de seguran\u00e7a. Guerras at\u00e9 em nosso pr\u00f3prio pa\u00eds, nas nossas cidades, guerra nos nossos cora\u00e7\u00f5es.<\/p>\n<p>Mas \u00e9 tamb\u00e9m um tempo em que a Igreja olha com esperan\u00e7a para o futuro. O tempo do S\u00ednodo. Acreditamos que, de fato, somos chamados a construir juntos, em Alian\u00e7a, essa cultura de Alian\u00e7a que \u00e9 para n\u00f3s, Fam\u00edlia de Schoenstatt, mas que \u00e9 para todo mundo e para toda sociedade. Construir, juntos, uma Igreja e um mundo melhor. Isso \u00e9 o que o Papa espera, a participa\u00e7\u00e3o de todos no S\u00ednodo e na transforma\u00e7\u00e3o da Igreja e dos nossos cora\u00e7\u00f5es.<\/p>\n<p><a href=\"https:\/\/urheiligtum.de\/PT\/10-Servico\/99-Webcam.php\" target=\"_blank\" rel=\"noopener\">Renovemos ent\u00e3o aqui, no nosso Santu\u00e1rio<\/a>, a Alian\u00e7a de Amor. Comprometamo-nos com nosso <a href=\"https:\/\/schoenstatt.com\/pt-pt\/about\/espiritualidade\/capital-de-gracas\/\">Capital de Gra\u00e7as<\/a>, com a nossa parte, entregando para Maria todas as inten\u00e7\u00f5es, mas tamb\u00e9m todo o esfor\u00e7o que fazemos para que esse mundo seja melhor.<\/p>\n<p>Em tempos de S\u00ednodo, em tempos de guerra, em tempos de luta pela vida, por todas as vidas, queremos, mais uma vez, renovar a nossa Alian\u00e7a de Amor.<\/p>\n<p>Que daqui do Santu\u00e1rio Original, todos n\u00f3s possamos ser aben\u00e7oados!<\/p>\n<p>Em nome do Pai, do Filho e do Esp\u00edrito Santo. Am\u00e9m.<\/p>\n","protected":false},"excerpt":{"rendered":"<p>Neste dia 18 de outubro de 2023, o Pe. Alexandre Awi Mello, presidente da Presid\u00eancia Internacional do Movimento Apost\u00f3lico de Schoenstatt, deixa sua mensagem \u00e0 toda Fam\u00edlia, num tempo de desafios, mas tamb\u00e9m de grande esperan\u00e7a.<\/p>\n","protected":false},"author":3,"featured_media":33092,"comment_status":"closed","ping_status":"closed","sticky":false,"template":"","format":"standard","meta":{"footnotes":""},"categories":[916,696],"tags":[],"class_list":["post-33090","post","type-post","status-publish","format-standard","has-post-thumbnail","hentry","category-espiritualidade-pt-pt","category-santuario-original-pt-pt"],"yoast_head":"<!-- This site is optimized with the Yoast SEO Premium plugin v27.4 (Yoast SEO v27.4) - https:\/\/yoast.com\/product\/yoast-seo-premium-wordpress\/ -->\n<title>Mensagem para o Dia da Alian\u00e7a de Amor 2023 - Schoenstatt<\/title>\n<meta name=\"description\" content=\"Mensagem do Pe. Alexandre Awi Mello para o Dia da Alian\u00e7a de Amor 2023: N\u00f3s acreditamos na for\u00e7a dessa Alian\u00e7a!\" \/>\n<meta name=\"robots\" content=\"index, follow, max-snippet:-1, max-image-preview:large, max-video-preview:-1\" \/>\n<link rel=\"canonical\" href=\"https:\/\/schoenstatt.com\/pt-pt\/mensagem-para-o-dia-da-alianca-de-amor-2023\/\" \/>\n<meta property=\"og:locale\" content=\"pt_PT\" \/>\n<meta property=\"og:type\" content=\"article\" \/>\n<meta property=\"og:title\" content=\"Mensagem para o Dia da Alian\u00e7a de Amor 2023\" \/>\n<meta property=\"og:description\" content=\"Mensagem do Pe. Alexandre Awi Mello para o Dia da Alian\u00e7a de Amor 2023: N\u00f3s acreditamos na for\u00e7a dessa Alian\u00e7a!\" \/>\n<meta property=\"og:url\" content=\"https:\/\/schoenstatt.com\/pt-pt\/mensagem-para-o-dia-da-alianca-de-amor-2023\/\" \/>\n<meta property=\"og:site_name\" content=\"Schoenstatt\" \/>\n<meta property=\"article:published_time\" content=\"2023-10-18T10:35:55+00:00\" \/>\n<meta property=\"article:modified_time\" content=\"2025-05-16T01:03:24+00:00\" \/>\n<meta property=\"og:image\" content=\"https:\/\/schoenstatt.com\/wp-content\/uploads\/2023\/10\/santuario-original-urheiligtum-shrine-schoenstatt-1.jpg\" \/>\n\t<meta property=\"og:image:width\" content=\"2048\" \/>\n\t<meta property=\"og:image:height\" content=\"1389\" \/>\n\t<meta property=\"og:image:type\" content=\"image\/jpeg\" \/>\n<meta name=\"author\" content=\"Karen Bueno\" \/>\n<meta name=\"twitter:card\" content=\"summary_large_image\" \/>\n<meta name=\"twitter:label1\" content=\"Escrito por\" \/>\n\t<meta name=\"twitter:data1\" content=\"Karen Bueno\" \/>\n\t<meta name=\"twitter:label2\" content=\"Tempo estimado de leitura\" \/>\n\t<meta name=\"twitter:data2\" content=\"2 minutos\" \/>\n<script type=\"application\/ld+json\" class=\"yoast-schema-graph\">{\"@context\":\"https:\\\/\\\/schema.org\",\"@graph\":[{\"@type\":\"Article\",\"@id\":\"https:\\\/\\\/schoenstatt.com\\\/pt-pt\\\/mensagem-para-o-dia-da-alianca-de-amor-2023\\\/#article\",\"isPartOf\":{\"@id\":\"https:\\\/\\\/schoenstatt.com\\\/pt-pt\\\/mensagem-para-o-dia-da-alianca-de-amor-2023\\\/\"},\"author\":{\"name\":\"Karen Bueno\",\"@id\":\"https:\\\/\\\/schoenstatt.com\\\/pt-pt\\\/#\\\/schema\\\/person\\\/5158877ad4acae98b34daaeef2a1ce6e\"},\"headline\":\"Mensagem para o Dia da Alian\u00e7a de Amor 2023\",\"datePublished\":\"2023-10-18T10:35:55+00:00\",\"dateModified\":\"2025-05-16T01:03:24+00:00\",\"mainEntityOfPage\":{\"@id\":\"https:\\\/\\\/schoenstatt.com\\\/pt-pt\\\/mensagem-para-o-dia-da-alianca-de-amor-2023\\\/\"},\"wordCount\":306,\"publisher\":{\"@id\":\"https:\\\/\\\/schoenstatt.com\\\/pt-pt\\\/#organization\"},\"image\":{\"@id\":\"https:\\\/\\\/schoenstatt.com\\\/pt-pt\\\/mensagem-para-o-dia-da-alianca-de-amor-2023\\\/#primaryimage\"},\"thumbnailUrl\":\"https:\\\/\\\/schoenstatt.com\\\/wp-content\\\/uploads\\\/2023\\\/10\\\/santuario-original-urheiligtum-shrine-schoenstatt-1.jpg\",\"articleSection\":[\"Espiritualidade\",\"Santu\u00e1rio Original\"],\"inLanguage\":\"pt-PT\"},{\"@type\":\"WebPage\",\"@id\":\"https:\\\/\\\/schoenstatt.com\\\/pt-pt\\\/mensagem-para-o-dia-da-alianca-de-amor-2023\\\/\",\"url\":\"https:\\\/\\\/schoenstatt.com\\\/pt-pt\\\/mensagem-para-o-dia-da-alianca-de-amor-2023\\\/\",\"name\":\"Mensagem para o Dia da Alian\u00e7a de Amor 2023 - Schoenstatt\",\"isPartOf\":{\"@id\":\"https:\\\/\\\/schoenstatt.com\\\/pt-pt\\\/#website\"},\"primaryImageOfPage\":{\"@id\":\"https:\\\/\\\/schoenstatt.com\\\/pt-pt\\\/mensagem-para-o-dia-da-alianca-de-amor-2023\\\/#primaryimage\"},\"image\":{\"@id\":\"https:\\\/\\\/schoenstatt.com\\\/pt-pt\\\/mensagem-para-o-dia-da-alianca-de-amor-2023\\\/#primaryimage\"},\"thumbnailUrl\":\"https:\\\/\\\/schoenstatt.com\\\/wp-content\\\/uploads\\\/2023\\\/10\\\/santuario-original-urheiligtum-shrine-schoenstatt-1.jpg\",\"datePublished\":\"2023-10-18T10:35:55+00:00\",\"dateModified\":\"2025-05-16T01:03:24+00:00\",\"description\":\"Mensagem do Pe. Alexandre Awi Mello para o Dia da Alian\u00e7a de Amor 2023: N\u00f3s acreditamos na for\u00e7a dessa Alian\u00e7a!\",\"breadcrumb\":{\"@id\":\"https:\\\/\\\/schoenstatt.com\\\/pt-pt\\\/mensagem-para-o-dia-da-alianca-de-amor-2023\\\/#breadcrumb\"},\"inLanguage\":\"pt-PT\",\"potentialAction\":[{\"@type\":\"ReadAction\",\"target\":[\"https:\\\/\\\/schoenstatt.com\\\/pt-pt\\\/mensagem-para-o-dia-da-alianca-de-amor-2023\\\/\"]}]},{\"@type\":\"ImageObject\",\"inLanguage\":\"pt-PT\",\"@id\":\"https:\\\/\\\/schoenstatt.com\\\/pt-pt\\\/mensagem-para-o-dia-da-alianca-de-amor-2023\\\/#primaryimage\",\"url\":\"https:\\\/\\\/schoenstatt.com\\\/wp-content\\\/uploads\\\/2023\\\/10\\\/santuario-original-urheiligtum-shrine-schoenstatt-1.jpg\",\"contentUrl\":\"https:\\\/\\\/schoenstatt.com\\\/wp-content\\\/uploads\\\/2023\\\/10\\\/santuario-original-urheiligtum-shrine-schoenstatt-1.jpg\",\"width\":2048,\"height\":1389},{\"@type\":\"BreadcrumbList\",\"@id\":\"https:\\\/\\\/schoenstatt.com\\\/pt-pt\\\/mensagem-para-o-dia-da-alianca-de-amor-2023\\\/#breadcrumb\",\"itemListElement\":[{\"@type\":\"ListItem\",\"position\":1,\"name\":\"Portada\",\"item\":\"https:\\\/\\\/schoenstatt.com\\\/pt-pt\\\/home\\\/\"},{\"@type\":\"ListItem\",\"position\":2,\"name\":\"Mensagem para o Dia da Alian\u00e7a de Amor 2023\"}]},{\"@type\":\"WebSite\",\"@id\":\"https:\\\/\\\/schoenstatt.com\\\/pt-pt\\\/#website\",\"url\":\"https:\\\/\\\/schoenstatt.com\\\/pt-pt\\\/\",\"name\":\"Schoenstatt\",\"description\":\"Apostolic Movement\",\"publisher\":{\"@id\":\"https:\\\/\\\/schoenstatt.com\\\/pt-pt\\\/#organization\"},\"potentialAction\":[{\"@type\":\"SearchAction\",\"target\":{\"@type\":\"EntryPoint\",\"urlTemplate\":\"https:\\\/\\\/schoenstatt.com\\\/pt-pt\\\/?s={search_term_string}\"},\"query-input\":{\"@type\":\"PropertyValueSpecification\",\"valueRequired\":true,\"valueName\":\"search_term_string\"}}],\"inLanguage\":\"pt-PT\"},{\"@type\":\"Organization\",\"@id\":\"https:\\\/\\\/schoenstatt.com\\\/pt-pt\\\/#organization\",\"name\":\"Schoenstatt\",\"url\":\"https:\\\/\\\/schoenstatt.com\\\/pt-pt\\\/\",\"logo\":{\"@type\":\"ImageObject\",\"inLanguage\":\"pt-PT\",\"@id\":\"https:\\\/\\\/schoenstatt.com\\\/pt-pt\\\/#\\\/schema\\\/logo\\\/image\\\/\",\"url\":\"https:\\\/\\\/schoenstatt.com\\\/wp-content\\\/uploads\\\/2025\\\/04\\\/logo-schoenstatt-white-696x696-1.png\",\"contentUrl\":\"https:\\\/\\\/schoenstatt.com\\\/wp-content\\\/uploads\\\/2025\\\/04\\\/logo-schoenstatt-white-696x696-1.png\",\"width\":696,\"height\":694,\"caption\":\"Schoenstatt\"},\"image\":{\"@id\":\"https:\\\/\\\/schoenstatt.com\\\/pt-pt\\\/#\\\/schema\\\/logo\\\/image\\\/\"}},{\"@type\":\"Person\",\"@id\":\"https:\\\/\\\/schoenstatt.com\\\/pt-pt\\\/#\\\/schema\\\/person\\\/5158877ad4acae98b34daaeef2a1ce6e\",\"name\":\"Karen Bueno\",\"image\":{\"@type\":\"ImageObject\",\"inLanguage\":\"pt-PT\",\"@id\":\"https:\\\/\\\/secure.gravatar.com\\\/avatar\\\/f9f4b823873154269d2b2130f195f6d41037dd0d7fc5f3cacb5c846bae70d66b?s=96&d=mm&r=g\",\"url\":\"https:\\\/\\\/secure.gravatar.com\\\/avatar\\\/f9f4b823873154269d2b2130f195f6d41037dd0d7fc5f3cacb5c846bae70d66b?s=96&d=mm&r=g\",\"contentUrl\":\"https:\\\/\\\/secure.gravatar.com\\\/avatar\\\/f9f4b823873154269d2b2130f195f6d41037dd0d7fc5f3cacb5c846bae70d66b?s=96&d=mm&r=g\",\"caption\":\"Karen Bueno\"},\"url\":\"https:\\\/\\\/schoenstatt.com\\\/pt-pt\\\/author\\\/karen-bueno\\\/\"}]}<\/script>\n<!-- \/ Yoast SEO Premium plugin. -->","yoast_head_json":{"title":"Mensagem para o Dia da Alian\u00e7a de Amor 2023 - Schoenstatt","description":"Mensagem do Pe. Alexandre Awi Mello para o Dia da Alian\u00e7a de Amor 2023: N\u00f3s acreditamos na for\u00e7a dessa Alian\u00e7a!","robots":{"index":"index","follow":"follow","max-snippet":"max-snippet:-1","max-image-preview":"max-image-preview:large","max-video-preview":"max-video-preview:-1"},"canonical":"https:\/\/schoenstatt.com\/pt-pt\/mensagem-para-o-dia-da-alianca-de-amor-2023\/","og_locale":"pt_PT","og_type":"article","og_title":"Mensagem para o Dia da Alian\u00e7a de Amor 2023","og_description":"Mensagem do Pe. Alexandre Awi Mello para o Dia da Alian\u00e7a de Amor 2023: N\u00f3s acreditamos na for\u00e7a dessa Alian\u00e7a!","og_url":"https:\/\/schoenstatt.com\/pt-pt\/mensagem-para-o-dia-da-alianca-de-amor-2023\/","og_site_name":"Schoenstatt","article_published_time":"2023-10-18T10:35:55+00:00","article_modified_time":"2025-05-16T01:03:24+00:00","og_image":[{"width":2048,"height":1389,"url":"https:\/\/schoenstatt.com\/wp-content\/uploads\/2023\/10\/santuario-original-urheiligtum-shrine-schoenstatt-1.jpg","type":"image\/jpeg"}],"author":"Karen Bueno","twitter_card":"summary_large_image","twitter_misc":{"Escrito por":"Karen Bueno","Tempo estimado de leitura":"2 minutos"},"schema":{"@context":"https:\/\/schema.org","@graph":[{"@type":"Article","@id":"https:\/\/schoenstatt.com\/pt-pt\/mensagem-para-o-dia-da-alianca-de-amor-2023\/#article","isPartOf":{"@id":"https:\/\/schoenstatt.com\/pt-pt\/mensagem-para-o-dia-da-alianca-de-amor-2023\/"},"author":{"name":"Karen Bueno","@id":"https:\/\/schoenstatt.com\/pt-pt\/#\/schema\/person\/5158877ad4acae98b34daaeef2a1ce6e"},"headline":"Mensagem para o Dia da Alian\u00e7a de Amor 2023","datePublished":"2023-10-18T10:35:55+00:00","dateModified":"2025-05-16T01:03:24+00:00","mainEntityOfPage":{"@id":"https:\/\/schoenstatt.com\/pt-pt\/mensagem-para-o-dia-da-alianca-de-amor-2023\/"},"wordCount":306,"publisher":{"@id":"https:\/\/schoenstatt.com\/pt-pt\/#organization"},"image":{"@id":"https:\/\/schoenstatt.com\/pt-pt\/mensagem-para-o-dia-da-alianca-de-amor-2023\/#primaryimage"},"thumbnailUrl":"https:\/\/schoenstatt.com\/wp-content\/uploads\/2023\/10\/santuario-original-urheiligtum-shrine-schoenstatt-1.jpg","articleSection":["Espiritualidade","Santu\u00e1rio Original"],"inLanguage":"pt-PT"},{"@type":"WebPage","@id":"https:\/\/schoenstatt.com\/pt-pt\/mensagem-para-o-dia-da-alianca-de-amor-2023\/","url":"https:\/\/schoenstatt.com\/pt-pt\/mensagem-para-o-dia-da-alianca-de-amor-2023\/","name":"Mensagem para o Dia da Alian\u00e7a de Amor 2023 - Schoenstatt","isPartOf":{"@id":"https:\/\/schoenstatt.com\/pt-pt\/#website"},"primaryImageOfPage":{"@id":"https:\/\/schoenstatt.com\/pt-pt\/mensagem-para-o-dia-da-alianca-de-amor-2023\/#primaryimage"},"image":{"@id":"https:\/\/schoenstatt.com\/pt-pt\/mensagem-para-o-dia-da-alianca-de-amor-2023\/#primaryimage"},"thumbnailUrl":"https:\/\/schoenstatt.com\/wp-content\/uploads\/2023\/10\/santuario-original-urheiligtum-shrine-schoenstatt-1.jpg","datePublished":"2023-10-18T10:35:55+00:00","dateModified":"2025-05-16T01:03:24+00:00","description":"Mensagem do Pe. Alexandre Awi Mello para o Dia da Alian\u00e7a de Amor 2023: N\u00f3s acreditamos na for\u00e7a dessa Alian\u00e7a!","breadcrumb":{"@id":"https:\/\/schoenstatt.com\/pt-pt\/mensagem-para-o-dia-da-alianca-de-amor-2023\/#breadcrumb"},"inLanguage":"pt-PT","potentialAction":[{"@type":"ReadAction","target":["https:\/\/schoenstatt.com\/pt-pt\/mensagem-para-o-dia-da-alianca-de-amor-2023\/"]}]},{"@type":"ImageObject","inLanguage":"pt-PT","@id":"https:\/\/schoenstatt.com\/pt-pt\/mensagem-para-o-dia-da-alianca-de-amor-2023\/#primaryimage","url":"https:\/\/schoenstatt.com\/wp-content\/uploads\/2023\/10\/santuario-original-urheiligtum-shrine-schoenstatt-1.jpg","contentUrl":"https:\/\/schoenstatt.com\/wp-content\/uploads\/2023\/10\/santuario-original-urheiligtum-shrine-schoenstatt-1.jpg","width":2048,"height":1389},{"@type":"BreadcrumbList","@id":"https:\/\/schoenstatt.com\/pt-pt\/mensagem-para-o-dia-da-alianca-de-amor-2023\/#breadcrumb","itemListElement":[{"@type":"ListItem","position":1,"name":"Portada","item":"https:\/\/schoenstatt.com\/pt-pt\/home\/"},{"@type":"ListItem","position":2,"name":"Mensagem para o Dia da Alian\u00e7a de Amor 2023"}]},{"@type":"WebSite","@id":"https:\/\/schoenstatt.com\/pt-pt\/#website","url":"https:\/\/schoenstatt.com\/pt-pt\/","name":"Schoenstatt","description":"Apostolic Movement","publisher":{"@id":"https:\/\/schoenstatt.com\/pt-pt\/#organization"},"potentialAction":[{"@type":"SearchAction","target":{"@type":"EntryPoint","urlTemplate":"https:\/\/schoenstatt.com\/pt-pt\/?s={search_term_string}"},"query-input":{"@type":"PropertyValueSpecification","valueRequired":true,"valueName":"search_term_string"}}],"inLanguage":"pt-PT"},{"@type":"Organization","@id":"https:\/\/schoenstatt.com\/pt-pt\/#organization","name":"Schoenstatt","url":"https:\/\/schoenstatt.com\/pt-pt\/","logo":{"@type":"ImageObject","inLanguage":"pt-PT","@id":"https:\/\/schoenstatt.com\/pt-pt\/#\/schema\/logo\/image\/","url":"https:\/\/schoenstatt.com\/wp-content\/uploads\/2025\/04\/logo-schoenstatt-white-696x696-1.png","contentUrl":"https:\/\/schoenstatt.com\/wp-content\/uploads\/2025\/04\/logo-schoenstatt-white-696x696-1.png","width":696,"height":694,"caption":"Schoenstatt"},"image":{"@id":"https:\/\/schoenstatt.com\/pt-pt\/#\/schema\/logo\/image\/"}},{"@type":"Person","@id":"https:\/\/schoenstatt.com\/pt-pt\/#\/schema\/person\/5158877ad4acae98b34daaeef2a1ce6e","name":"Karen Bueno","image":{"@type":"ImageObject","inLanguage":"pt-PT","@id":"https:\/\/secure.gravatar.com\/avatar\/f9f4b823873154269d2b2130f195f6d41037dd0d7fc5f3cacb5c846bae70d66b?s=96&d=mm&r=g","url":"https:\/\/secure.gravatar.com\/avatar\/f9f4b823873154269d2b2130f195f6d41037dd0d7fc5f3cacb5c846bae70d66b?s=96&d=mm&r=g","contentUrl":"https:\/\/secure.gravatar.com\/avatar\/f9f4b823873154269d2b2130f195f6d41037dd0d7fc5f3cacb5c846bae70d66b?s=96&d=mm&r=g","caption":"Karen Bueno"},"url":"https:\/\/schoenstatt.com\/pt-pt\/author\/karen-bueno\/"}]}},"_links":{"self":[{"href":"https:\/\/schoenstatt.com\/pt-pt\/wp-json\/wp\/v2\/posts\/33090","targetHints":{"allow":["GET"]}}],"collection":[{"href":"https:\/\/schoenstatt.com\/pt-pt\/wp-json\/wp\/v2\/posts"}],"about":[{"href":"https:\/\/schoenstatt.com\/pt-pt\/wp-json\/wp\/v2\/types\/post"}],"author":[{"embeddable":true,"href":"https:\/\/schoenstatt.com\/pt-pt\/wp-json\/wp\/v2\/users\/3"}],"replies":[{"embeddable":true,"href":"https:\/\/schoenstatt.com\/pt-pt\/wp-json\/wp\/v2\/comments?post=33090"}],"version-history":[{"count":1,"href":"https:\/\/schoenstatt.com\/pt-pt\/wp-json\/wp\/v2\/posts\/33090\/revisions"}],"predecessor-version":[{"id":46377,"href":"https:\/\/schoenstatt.com\/pt-pt\/wp-json\/wp\/v2\/posts\/33090\/revisions\/46377"}],"wp:featuredmedia":[{"embeddable":true,"href":"https:\/\/schoenstatt.com\/pt-pt\/wp-json\/wp\/v2\/media\/33092"}],"wp:attachment":[{"href":"https:\/\/schoenstatt.com\/pt-pt\/wp-json\/wp\/v2\/media?parent=33090"}],"wp:term":[{"taxonomy":"category","embeddable":true,"href":"https:\/\/schoenstatt.com\/pt-pt\/wp-json\/wp\/v2\/categories?post=33090"},{"taxonomy":"post_tag","embeddable":true,"href":"https:\/\/schoenstatt.com\/pt-pt\/wp-json\/wp\/v2\/tags?post=33090"}],"curies":[{"name":"wp","href":"https:\/\/api.w.org\/{rel}","templated":true}]}}