{"id":32699,"date":"2023-10-07T06:20:47","date_gmt":"2023-10-07T04:20:47","guid":{"rendered":"https:\/\/schoenstatt.com\/?p=32699"},"modified":"2025-05-16T00:59:13","modified_gmt":"2025-05-15T22:59:13","slug":"o-sr-joao-pozzobon-e-a-oracao-do-rosario","status":"publish","type":"post","link":"https:\/\/schoenstatt.com\/pt-pt\/o-sr-joao-pozzobon-e-a-oracao-do-rosario\/","title":{"rendered":"O Sr. Jo\u00e3o Pozzobon e a ora\u00e7\u00e3o do Ros\u00e1rio"},"content":{"rendered":"<p>A fam\u00edlia de <a href=\"https:\/\/www.devotosjoaopozzobon.com.br\/\" target=\"_blank\" rel=\"noopener\">Sr. Jo\u00e3o Luiz Pozzobon<\/a> caracterizou-se pela harmonia e profunda religiosidade herdada dos av\u00f3s.<\/p>\n<p>Reuniam-se diariamente para a reza do ter\u00e7o, depois de um dia penoso de trabalho. Os adultos, geralmente de joelhos, escorados numa cadeira, e as crian\u00e7as de p\u00e9, acompanhavam a ora\u00e7\u00e3o at\u00e9 que, vencidos pelo cansa\u00e7o, iam dormindo.<\/p>\n<p>Isso influenciou muito a vida do Sr. Jo\u00e3o Pozzobon e ficou guardado em seu cora\u00e7\u00e3o. Ao receber a imagem da M\u00e3e de Deus para visitar as fam\u00edlias e com elas rezar o ter\u00e7o, percebeu que esta era a grande miss\u00e3o de sua vida. Ele dizia: \u201cO principal \u00e9 entrar na fam\u00edlia\u2026 Vamos rezar pelas fam\u00edlias, porque [&#8230;] todo o esp\u00edrito [da <a href=\"https:\/\/schoenstatt.com\/mission\/projects\/\">Campanha<\/a>] \u00e9 salvar a fam\u00edlia\u201d.<\/p>\n<h2>Poderei chegar a 15 ter\u00e7os?<\/h2>\n<p>\u201cNo princ\u00edpio rezava um ter\u00e7o\u201d, diz-nos ele. \u201cMais tarde, passei a tr\u00eas ter\u00e7os, depois a sete, em mem\u00f3ria das Sete Alegrias de Nossa Senhora. De sete passei a onze, porque a B\u00ean\u00e7\u00e3o do Santu\u00e1rio (de Santa Maria) foi num dia onze (11\/4\/1948). Ap\u00f3s certo tempo \u2013 nunca voltei atr\u00e1s depois de ter dado um passo adiante \u2013 disse \u00e0 M\u00e3e e Rainha: \u2018M\u00e3e, por favor, poderei chegar a rezar quinze ter\u00e7os, em honra dos quinze mist\u00e9rios?\u2019. Refleti comigo mesmo: Como vou fazer isso? N\u00e3o h\u00e1 tempo que chegue para quinze ter\u00e7os\u2026 Apesar disso, propus-me come\u00e7ar\u201d (Her\u00f3i Hoje, N\u00e3o Amanh\u00e3, Pe. Esteban J. Uriburu).<\/p>\n<p><img fetchpriority=\"high\" decoding=\"async\" class=\"aligncenter wp-image-32704 size-full\" src=\"https:\/\/schoenstatt.com\/wp-content\/uploads\/2023\/10\/joao-luiz-pozzobon-e-a-enxada.jpg\" alt=\"\" width=\"500\" height=\"750\" \/><\/p>\n<p>Jo\u00e3o iniciava suas atividades de manh\u00e3 cedo. No Santu\u00e1rio, rezava os primeiros ter\u00e7os. Nos fundos de casa, quando trabalhava na horta de verduras, teve a ideia de colocar cinco marcas no cabo da enxada. Enquanto capinava, ia passando o dedo indicador por essas ranhuras e assim, enquanto trabalhava, podia rezar.<\/p>\n<h2>Armadura para nossa Fam\u00edlia de Schoenstatt<\/h2>\n<p>A reza do ros\u00e1rio o transformou em mission\u00e1rio destemido, esposo exemplar, profissional honesto e de sucesso, um crist\u00e3o exemplar, um santo.<\/p>\n<p>O Ros\u00e1rio \u00e9 uma coroa preciosa que entregamos \u00e0 nossa querida M\u00e3e. Cada Ave Maria que rezamos \u00e9 como uma pedra preciosa que incrustamos em sua coroa.<\/p>\n<p>Pe. Jos\u00e9 Kentenich dizia: <em>\u201cO ros\u00e1rio deve tornar-se a armadura, tamb\u00e9m para a nossa Fam\u00edlia de Schoenstatt. O ros\u00e1rio \u00e9, embora sendo t\u00e3o singelo, o grande meio para fazer de n\u00f3s grandes esp\u00edritos, vigorosos lutadores e destemidos vencedores\u201d.<\/em><\/p>\n<p>Jo\u00e3o Pozzobon incorporou essa defini\u00e7\u00e3o do Fundador e, com a singela ora\u00e7\u00e3o do Ter\u00e7o, sua Campanha alcan\u00e7ou todo o mundo. \u201cVia a Campanha como obra de santifica\u00e7\u00e3o, necess\u00e1ria para os tempos, embora muito simples: manter o santo ros\u00e1rio que \u00e9 a grande arma. O santo ros\u00e1rio une as pessoas e a vida toma sentido crist\u00e3o\u201d.<\/p>\n<p>&nbsp;<\/p>\n<p><strong>Fonte:<\/strong> schoenstatt.org.br<\/p>\n","protected":false},"excerpt":{"rendered":"<p>Devagar, e de forma org\u00e2nica, o Servo de Deus Jo\u00e3o Luiz Pozzobon foi aumentando suas ora\u00e7\u00f5es di\u00e1rias. Ele chegou a rezar 15 ter\u00e7os por dia. E fazia isso enquanto caminhava com a M\u00e3e Peregrina e tamb\u00e9m quando realizava suas tarefas dom\u00e9sticas. Por exemplo: colocou marcas no cabo de sua enxada para rezar enquanto capinava. Segundo ele, quando se ama muito algu\u00e9m, muitas vezes se repete o nome da pessoa amada. E Jo\u00e3o buscou repetir quantas vezes podia: Ave Maria&#8230; <\/p>\n","protected":false},"author":3,"featured_media":32700,"comment_status":"closed","ping_status":"closed","sticky":false,"template":"","format":"standard","meta":{"footnotes":""},"categories":[888],"tags":[],"class_list":["post-32699","post","type-post","status-publish","format-standard","has-post-thumbnail","hentry","category-herois-de-schoenstatt-pt-pt"],"yoast_head":"<!-- This site is optimized with the Yoast SEO Premium plugin v27.4 (Yoast SEO v27.4) - https:\/\/yoast.com\/product\/yoast-seo-premium-wordpress\/ -->\n<title>O Sr. Jo\u00e3o Pozzobon e a ora\u00e7\u00e3o do Ros\u00e1rio - Schoenstatt<\/title>\n<meta name=\"description\" content=\"Jo\u00e3o Pozzobon se tornou um mission\u00e1rio pela ora\u00e7\u00e3o do ter\u00e7o nas fam\u00edlias. Aquilo que parece simples se torna grandioso.\" \/>\n<meta name=\"robots\" content=\"index, follow, max-snippet:-1, max-image-preview:large, max-video-preview:-1\" \/>\n<link rel=\"canonical\" href=\"https:\/\/schoenstatt.com\/pt-pt\/o-sr-joao-pozzobon-e-a-oracao-do-rosario\/\" \/>\n<meta property=\"og:locale\" content=\"pt_PT\" \/>\n<meta property=\"og:type\" content=\"article\" \/>\n<meta property=\"og:title\" content=\"O Sr. Jo\u00e3o Pozzobon e a ora\u00e7\u00e3o do Ros\u00e1rio\" \/>\n<meta property=\"og:description\" content=\"Jo\u00e3o Pozzobon se tornou um mission\u00e1rio pela ora\u00e7\u00e3o do ter\u00e7o nas fam\u00edlias. Aquilo que parece simples se torna grandioso.\" \/>\n<meta property=\"og:url\" content=\"https:\/\/schoenstatt.com\/pt-pt\/o-sr-joao-pozzobon-e-a-oracao-do-rosario\/\" \/>\n<meta property=\"og:site_name\" content=\"Schoenstatt\" \/>\n<meta property=\"article:published_time\" content=\"2023-10-07T04:20:47+00:00\" \/>\n<meta property=\"article:modified_time\" content=\"2025-05-15T22:59:13+00:00\" \/>\n<meta property=\"og:image\" content=\"https:\/\/schoenstatt.com\/wp-content\/uploads\/2023\/10\/joao-luiz-pozzobon-1.jpg\" \/>\n\t<meta property=\"og:image:width\" content=\"2048\" \/>\n\t<meta property=\"og:image:height\" content=\"1425\" \/>\n\t<meta property=\"og:image:type\" content=\"image\/jpeg\" \/>\n<meta name=\"author\" content=\"Karen Bueno\" \/>\n<meta name=\"twitter:card\" content=\"summary_large_image\" \/>\n<meta name=\"twitter:label1\" content=\"Escrito por\" \/>\n\t<meta name=\"twitter:data1\" content=\"Karen Bueno\" \/>\n\t<meta name=\"twitter:label2\" content=\"Tempo estimado de leitura\" \/>\n\t<meta name=\"twitter:data2\" content=\"3 minutos\" \/>\n<script type=\"application\/ld+json\" class=\"yoast-schema-graph\">{\"@context\":\"https:\\\/\\\/schema.org\",\"@graph\":[{\"@type\":\"Article\",\"@id\":\"https:\\\/\\\/schoenstatt.com\\\/pt-pt\\\/o-sr-joao-pozzobon-e-a-oracao-do-rosario\\\/#article\",\"isPartOf\":{\"@id\":\"https:\\\/\\\/schoenstatt.com\\\/pt-pt\\\/o-sr-joao-pozzobon-e-a-oracao-do-rosario\\\/\"},\"author\":{\"name\":\"Karen Bueno\",\"@id\":\"https:\\\/\\\/schoenstatt.com\\\/pt-pt\\\/#\\\/schema\\\/person\\\/5158877ad4acae98b34daaeef2a1ce6e\"},\"headline\":\"O Sr. Jo\u00e3o Pozzobon e a ora\u00e7\u00e3o do Ros\u00e1rio\",\"datePublished\":\"2023-10-07T04:20:47+00:00\",\"dateModified\":\"2025-05-15T22:59:13+00:00\",\"mainEntityOfPage\":{\"@id\":\"https:\\\/\\\/schoenstatt.com\\\/pt-pt\\\/o-sr-joao-pozzobon-e-a-oracao-do-rosario\\\/\"},\"wordCount\":491,\"publisher\":{\"@id\":\"https:\\\/\\\/schoenstatt.com\\\/pt-pt\\\/#organization\"},\"image\":{\"@id\":\"https:\\\/\\\/schoenstatt.com\\\/pt-pt\\\/o-sr-joao-pozzobon-e-a-oracao-do-rosario\\\/#primaryimage\"},\"thumbnailUrl\":\"https:\\\/\\\/schoenstatt.com\\\/wp-content\\\/uploads\\\/2023\\\/10\\\/joao-luiz-pozzobon-1.jpg\",\"articleSection\":[\"Her\u00f3is de Schoenstatt\"],\"inLanguage\":\"pt-PT\"},{\"@type\":\"WebPage\",\"@id\":\"https:\\\/\\\/schoenstatt.com\\\/pt-pt\\\/o-sr-joao-pozzobon-e-a-oracao-do-rosario\\\/\",\"url\":\"https:\\\/\\\/schoenstatt.com\\\/pt-pt\\\/o-sr-joao-pozzobon-e-a-oracao-do-rosario\\\/\",\"name\":\"O Sr. Jo\u00e3o Pozzobon e a ora\u00e7\u00e3o do Ros\u00e1rio - Schoenstatt\",\"isPartOf\":{\"@id\":\"https:\\\/\\\/schoenstatt.com\\\/pt-pt\\\/#website\"},\"primaryImageOfPage\":{\"@id\":\"https:\\\/\\\/schoenstatt.com\\\/pt-pt\\\/o-sr-joao-pozzobon-e-a-oracao-do-rosario\\\/#primaryimage\"},\"image\":{\"@id\":\"https:\\\/\\\/schoenstatt.com\\\/pt-pt\\\/o-sr-joao-pozzobon-e-a-oracao-do-rosario\\\/#primaryimage\"},\"thumbnailUrl\":\"https:\\\/\\\/schoenstatt.com\\\/wp-content\\\/uploads\\\/2023\\\/10\\\/joao-luiz-pozzobon-1.jpg\",\"datePublished\":\"2023-10-07T04:20:47+00:00\",\"dateModified\":\"2025-05-15T22:59:13+00:00\",\"description\":\"Jo\u00e3o Pozzobon se tornou um mission\u00e1rio pela ora\u00e7\u00e3o do ter\u00e7o nas fam\u00edlias. Aquilo que parece simples se torna grandioso.\",\"breadcrumb\":{\"@id\":\"https:\\\/\\\/schoenstatt.com\\\/pt-pt\\\/o-sr-joao-pozzobon-e-a-oracao-do-rosario\\\/#breadcrumb\"},\"inLanguage\":\"pt-PT\",\"potentialAction\":[{\"@type\":\"ReadAction\",\"target\":[\"https:\\\/\\\/schoenstatt.com\\\/pt-pt\\\/o-sr-joao-pozzobon-e-a-oracao-do-rosario\\\/\"]}]},{\"@type\":\"ImageObject\",\"inLanguage\":\"pt-PT\",\"@id\":\"https:\\\/\\\/schoenstatt.com\\\/pt-pt\\\/o-sr-joao-pozzobon-e-a-oracao-do-rosario\\\/#primaryimage\",\"url\":\"https:\\\/\\\/schoenstatt.com\\\/wp-content\\\/uploads\\\/2023\\\/10\\\/joao-luiz-pozzobon-1.jpg\",\"contentUrl\":\"https:\\\/\\\/schoenstatt.com\\\/wp-content\\\/uploads\\\/2023\\\/10\\\/joao-luiz-pozzobon-1.jpg\",\"width\":2048,\"height\":1425},{\"@type\":\"BreadcrumbList\",\"@id\":\"https:\\\/\\\/schoenstatt.com\\\/pt-pt\\\/o-sr-joao-pozzobon-e-a-oracao-do-rosario\\\/#breadcrumb\",\"itemListElement\":[{\"@type\":\"ListItem\",\"position\":1,\"name\":\"Portada\",\"item\":\"https:\\\/\\\/schoenstatt.com\\\/pt-pt\\\/home\\\/\"},{\"@type\":\"ListItem\",\"position\":2,\"name\":\"O Sr. Jo\u00e3o Pozzobon e a ora\u00e7\u00e3o do Ros\u00e1rio\"}]},{\"@type\":\"WebSite\",\"@id\":\"https:\\\/\\\/schoenstatt.com\\\/pt-pt\\\/#website\",\"url\":\"https:\\\/\\\/schoenstatt.com\\\/pt-pt\\\/\",\"name\":\"Schoenstatt\",\"description\":\"Apostolic Movement\",\"publisher\":{\"@id\":\"https:\\\/\\\/schoenstatt.com\\\/pt-pt\\\/#organization\"},\"potentialAction\":[{\"@type\":\"SearchAction\",\"target\":{\"@type\":\"EntryPoint\",\"urlTemplate\":\"https:\\\/\\\/schoenstatt.com\\\/pt-pt\\\/?s={search_term_string}\"},\"query-input\":{\"@type\":\"PropertyValueSpecification\",\"valueRequired\":true,\"valueName\":\"search_term_string\"}}],\"inLanguage\":\"pt-PT\"},{\"@type\":\"Organization\",\"@id\":\"https:\\\/\\\/schoenstatt.com\\\/pt-pt\\\/#organization\",\"name\":\"Schoenstatt\",\"url\":\"https:\\\/\\\/schoenstatt.com\\\/pt-pt\\\/\",\"logo\":{\"@type\":\"ImageObject\",\"inLanguage\":\"pt-PT\",\"@id\":\"https:\\\/\\\/schoenstatt.com\\\/pt-pt\\\/#\\\/schema\\\/logo\\\/image\\\/\",\"url\":\"https:\\\/\\\/schoenstatt.com\\\/wp-content\\\/uploads\\\/2025\\\/04\\\/logo-schoenstatt-white-696x696-1.png\",\"contentUrl\":\"https:\\\/\\\/schoenstatt.com\\\/wp-content\\\/uploads\\\/2025\\\/04\\\/logo-schoenstatt-white-696x696-1.png\",\"width\":696,\"height\":694,\"caption\":\"Schoenstatt\"},\"image\":{\"@id\":\"https:\\\/\\\/schoenstatt.com\\\/pt-pt\\\/#\\\/schema\\\/logo\\\/image\\\/\"}},{\"@type\":\"Person\",\"@id\":\"https:\\\/\\\/schoenstatt.com\\\/pt-pt\\\/#\\\/schema\\\/person\\\/5158877ad4acae98b34daaeef2a1ce6e\",\"name\":\"Karen Bueno\",\"image\":{\"@type\":\"ImageObject\",\"inLanguage\":\"pt-PT\",\"@id\":\"https:\\\/\\\/secure.gravatar.com\\\/avatar\\\/f9f4b823873154269d2b2130f195f6d41037dd0d7fc5f3cacb5c846bae70d66b?s=96&d=mm&r=g\",\"url\":\"https:\\\/\\\/secure.gravatar.com\\\/avatar\\\/f9f4b823873154269d2b2130f195f6d41037dd0d7fc5f3cacb5c846bae70d66b?s=96&d=mm&r=g\",\"contentUrl\":\"https:\\\/\\\/secure.gravatar.com\\\/avatar\\\/f9f4b823873154269d2b2130f195f6d41037dd0d7fc5f3cacb5c846bae70d66b?s=96&d=mm&r=g\",\"caption\":\"Karen Bueno\"},\"url\":\"https:\\\/\\\/schoenstatt.com\\\/pt-pt\\\/author\\\/karen-bueno\\\/\"}]}<\/script>\n<!-- \/ Yoast SEO Premium plugin. -->","yoast_head_json":{"title":"O Sr. Jo\u00e3o Pozzobon e a ora\u00e7\u00e3o do Ros\u00e1rio - Schoenstatt","description":"Jo\u00e3o Pozzobon se tornou um mission\u00e1rio pela ora\u00e7\u00e3o do ter\u00e7o nas fam\u00edlias. Aquilo que parece simples se torna grandioso.","robots":{"index":"index","follow":"follow","max-snippet":"max-snippet:-1","max-image-preview":"max-image-preview:large","max-video-preview":"max-video-preview:-1"},"canonical":"https:\/\/schoenstatt.com\/pt-pt\/o-sr-joao-pozzobon-e-a-oracao-do-rosario\/","og_locale":"pt_PT","og_type":"article","og_title":"O Sr. Jo\u00e3o Pozzobon e a ora\u00e7\u00e3o do Ros\u00e1rio","og_description":"Jo\u00e3o Pozzobon se tornou um mission\u00e1rio pela ora\u00e7\u00e3o do ter\u00e7o nas fam\u00edlias. Aquilo que parece simples se torna grandioso.","og_url":"https:\/\/schoenstatt.com\/pt-pt\/o-sr-joao-pozzobon-e-a-oracao-do-rosario\/","og_site_name":"Schoenstatt","article_published_time":"2023-10-07T04:20:47+00:00","article_modified_time":"2025-05-15T22:59:13+00:00","og_image":[{"width":2048,"height":1425,"url":"https:\/\/schoenstatt.com\/wp-content\/uploads\/2023\/10\/joao-luiz-pozzobon-1.jpg","type":"image\/jpeg"}],"author":"Karen Bueno","twitter_card":"summary_large_image","twitter_misc":{"Escrito por":"Karen Bueno","Tempo estimado de leitura":"3 minutos"},"schema":{"@context":"https:\/\/schema.org","@graph":[{"@type":"Article","@id":"https:\/\/schoenstatt.com\/pt-pt\/o-sr-joao-pozzobon-e-a-oracao-do-rosario\/#article","isPartOf":{"@id":"https:\/\/schoenstatt.com\/pt-pt\/o-sr-joao-pozzobon-e-a-oracao-do-rosario\/"},"author":{"name":"Karen Bueno","@id":"https:\/\/schoenstatt.com\/pt-pt\/#\/schema\/person\/5158877ad4acae98b34daaeef2a1ce6e"},"headline":"O Sr. Jo\u00e3o Pozzobon e a ora\u00e7\u00e3o do Ros\u00e1rio","datePublished":"2023-10-07T04:20:47+00:00","dateModified":"2025-05-15T22:59:13+00:00","mainEntityOfPage":{"@id":"https:\/\/schoenstatt.com\/pt-pt\/o-sr-joao-pozzobon-e-a-oracao-do-rosario\/"},"wordCount":491,"publisher":{"@id":"https:\/\/schoenstatt.com\/pt-pt\/#organization"},"image":{"@id":"https:\/\/schoenstatt.com\/pt-pt\/o-sr-joao-pozzobon-e-a-oracao-do-rosario\/#primaryimage"},"thumbnailUrl":"https:\/\/schoenstatt.com\/wp-content\/uploads\/2023\/10\/joao-luiz-pozzobon-1.jpg","articleSection":["Her\u00f3is de Schoenstatt"],"inLanguage":"pt-PT"},{"@type":"WebPage","@id":"https:\/\/schoenstatt.com\/pt-pt\/o-sr-joao-pozzobon-e-a-oracao-do-rosario\/","url":"https:\/\/schoenstatt.com\/pt-pt\/o-sr-joao-pozzobon-e-a-oracao-do-rosario\/","name":"O Sr. Jo\u00e3o Pozzobon e a ora\u00e7\u00e3o do Ros\u00e1rio - Schoenstatt","isPartOf":{"@id":"https:\/\/schoenstatt.com\/pt-pt\/#website"},"primaryImageOfPage":{"@id":"https:\/\/schoenstatt.com\/pt-pt\/o-sr-joao-pozzobon-e-a-oracao-do-rosario\/#primaryimage"},"image":{"@id":"https:\/\/schoenstatt.com\/pt-pt\/o-sr-joao-pozzobon-e-a-oracao-do-rosario\/#primaryimage"},"thumbnailUrl":"https:\/\/schoenstatt.com\/wp-content\/uploads\/2023\/10\/joao-luiz-pozzobon-1.jpg","datePublished":"2023-10-07T04:20:47+00:00","dateModified":"2025-05-15T22:59:13+00:00","description":"Jo\u00e3o Pozzobon se tornou um mission\u00e1rio pela ora\u00e7\u00e3o do ter\u00e7o nas fam\u00edlias. Aquilo que parece simples se torna grandioso.","breadcrumb":{"@id":"https:\/\/schoenstatt.com\/pt-pt\/o-sr-joao-pozzobon-e-a-oracao-do-rosario\/#breadcrumb"},"inLanguage":"pt-PT","potentialAction":[{"@type":"ReadAction","target":["https:\/\/schoenstatt.com\/pt-pt\/o-sr-joao-pozzobon-e-a-oracao-do-rosario\/"]}]},{"@type":"ImageObject","inLanguage":"pt-PT","@id":"https:\/\/schoenstatt.com\/pt-pt\/o-sr-joao-pozzobon-e-a-oracao-do-rosario\/#primaryimage","url":"https:\/\/schoenstatt.com\/wp-content\/uploads\/2023\/10\/joao-luiz-pozzobon-1.jpg","contentUrl":"https:\/\/schoenstatt.com\/wp-content\/uploads\/2023\/10\/joao-luiz-pozzobon-1.jpg","width":2048,"height":1425},{"@type":"BreadcrumbList","@id":"https:\/\/schoenstatt.com\/pt-pt\/o-sr-joao-pozzobon-e-a-oracao-do-rosario\/#breadcrumb","itemListElement":[{"@type":"ListItem","position":1,"name":"Portada","item":"https:\/\/schoenstatt.com\/pt-pt\/home\/"},{"@type":"ListItem","position":2,"name":"O Sr. Jo\u00e3o Pozzobon e a ora\u00e7\u00e3o do Ros\u00e1rio"}]},{"@type":"WebSite","@id":"https:\/\/schoenstatt.com\/pt-pt\/#website","url":"https:\/\/schoenstatt.com\/pt-pt\/","name":"Schoenstatt","description":"Apostolic Movement","publisher":{"@id":"https:\/\/schoenstatt.com\/pt-pt\/#organization"},"potentialAction":[{"@type":"SearchAction","target":{"@type":"EntryPoint","urlTemplate":"https:\/\/schoenstatt.com\/pt-pt\/?s={search_term_string}"},"query-input":{"@type":"PropertyValueSpecification","valueRequired":true,"valueName":"search_term_string"}}],"inLanguage":"pt-PT"},{"@type":"Organization","@id":"https:\/\/schoenstatt.com\/pt-pt\/#organization","name":"Schoenstatt","url":"https:\/\/schoenstatt.com\/pt-pt\/","logo":{"@type":"ImageObject","inLanguage":"pt-PT","@id":"https:\/\/schoenstatt.com\/pt-pt\/#\/schema\/logo\/image\/","url":"https:\/\/schoenstatt.com\/wp-content\/uploads\/2025\/04\/logo-schoenstatt-white-696x696-1.png","contentUrl":"https:\/\/schoenstatt.com\/wp-content\/uploads\/2025\/04\/logo-schoenstatt-white-696x696-1.png","width":696,"height":694,"caption":"Schoenstatt"},"image":{"@id":"https:\/\/schoenstatt.com\/pt-pt\/#\/schema\/logo\/image\/"}},{"@type":"Person","@id":"https:\/\/schoenstatt.com\/pt-pt\/#\/schema\/person\/5158877ad4acae98b34daaeef2a1ce6e","name":"Karen Bueno","image":{"@type":"ImageObject","inLanguage":"pt-PT","@id":"https:\/\/secure.gravatar.com\/avatar\/f9f4b823873154269d2b2130f195f6d41037dd0d7fc5f3cacb5c846bae70d66b?s=96&d=mm&r=g","url":"https:\/\/secure.gravatar.com\/avatar\/f9f4b823873154269d2b2130f195f6d41037dd0d7fc5f3cacb5c846bae70d66b?s=96&d=mm&r=g","contentUrl":"https:\/\/secure.gravatar.com\/avatar\/f9f4b823873154269d2b2130f195f6d41037dd0d7fc5f3cacb5c846bae70d66b?s=96&d=mm&r=g","caption":"Karen Bueno"},"url":"https:\/\/schoenstatt.com\/pt-pt\/author\/karen-bueno\/"}]}},"_links":{"self":[{"href":"https:\/\/schoenstatt.com\/pt-pt\/wp-json\/wp\/v2\/posts\/32699","targetHints":{"allow":["GET"]}}],"collection":[{"href":"https:\/\/schoenstatt.com\/pt-pt\/wp-json\/wp\/v2\/posts"}],"about":[{"href":"https:\/\/schoenstatt.com\/pt-pt\/wp-json\/wp\/v2\/types\/post"}],"author":[{"embeddable":true,"href":"https:\/\/schoenstatt.com\/pt-pt\/wp-json\/wp\/v2\/users\/3"}],"replies":[{"embeddable":true,"href":"https:\/\/schoenstatt.com\/pt-pt\/wp-json\/wp\/v2\/comments?post=32699"}],"version-history":[{"count":1,"href":"https:\/\/schoenstatt.com\/pt-pt\/wp-json\/wp\/v2\/posts\/32699\/revisions"}],"predecessor-version":[{"id":46315,"href":"https:\/\/schoenstatt.com\/pt-pt\/wp-json\/wp\/v2\/posts\/32699\/revisions\/46315"}],"wp:featuredmedia":[{"embeddable":true,"href":"https:\/\/schoenstatt.com\/pt-pt\/wp-json\/wp\/v2\/media\/32700"}],"wp:attachment":[{"href":"https:\/\/schoenstatt.com\/pt-pt\/wp-json\/wp\/v2\/media?parent=32699"}],"wp:term":[{"taxonomy":"category","embeddable":true,"href":"https:\/\/schoenstatt.com\/pt-pt\/wp-json\/wp\/v2\/categories?post=32699"},{"taxonomy":"post_tag","embeddable":true,"href":"https:\/\/schoenstatt.com\/pt-pt\/wp-json\/wp\/v2\/tags?post=32699"}],"curies":[{"name":"wp","href":"https:\/\/api.w.org\/{rel}","templated":true}]}}