{"id":32618,"date":"2023-09-27T14:59:49","date_gmt":"2023-09-27T12:59:49","guid":{"rendered":"https:\/\/schoenstatt.com\/?p=32618"},"modified":"2025-05-16T02:51:43","modified_gmt":"2025-05-16T00:51:43","slug":"schoenstatt-e-a-ciencia-juntos-sim","status":"publish","type":"post","link":"https:\/\/schoenstatt.com\/pt-pt\/schoenstatt-e-a-ciencia-juntos-sim\/","title":{"rendered":"Schoenstatt e a ci\u00eancia juntos? Sim!"},"content":{"rendered":"<p>De 15 a 17 de setembro participei da \u201cAcademia Jovem\u201d, do <a href=\"https:\/\/www.j-k-i.de\/\" target=\"_blank\" rel=\"noopener\">Instituto Jos\u00e9 Kentenich (JKI)<\/a>, na casa de encontros do <a href=\"https:\/\/www.bergmoriah.de\/\" target=\"_blank\" rel=\"noopener\">Monte Mori\u00e1<\/a>. O objetivo era fazer com que Schoenstatt e a ci\u00eancia conversassem entre si. Os participantes foram convidados a contribuir com suas pr\u00f3prias perguntas ou sugest\u00f5es. Para mim, o fim de semana foi intenso e enriquecedor.<\/p>\n<h2>Schoenstatt de um ponto de vista cient\u00edfico<\/h2>\n<p>No in\u00edcio, eu estava muito empolgada com a ideia de como seria o evento, o conte\u00fado que seria discutido e quem seriam os outros participantes. \u00c9ramos um pequeno grupo de oito pessoas, uma das quais estava conectada on-line. Esse c\u00edrculo \u00e9 fruto do grupo de estudos com o seguinte perfil: jovens schoenstattianos interessados em ci\u00eancia ou qualquer pessoa que quisesse discutir Schoenstatt cientificamente. E desde o in\u00edcio ele tornou poss\u00edvel nos conhecermos intensamente e criar uma cultura de debate na qual todos pudessem se envolver.<\/p>\n<p>Foi empolgante o fato de os participantes terem vindo de uma ampla gama de disciplinas e, assim, complementarem-se com diferentes perspectivas. Gostei em especial da abordagem participativa, fazendo com que os t\u00f3picos, as teses e os trabalhos discutidos dependessem inteiramente de n\u00f3s. Por exemplo, uma participante apresentou sua tese de bacharelado e mestrado, que ela havia escrito sobre temas de Schoenstatt a partir de uma perspectiva hist\u00f3rica.<\/p>\n<p>Eu mesma ainda estou no in\u00edcio da minha disserta\u00e7\u00e3o de mestrado e tinha muitas perguntas na bagagem. Minha motiva\u00e7\u00e3o pessoal para participar da Academia Jovem era a de me dedicar a uma quest\u00e3o e encontrar abordagens de Schoenstatt nas quais eu pudesse concentrar meu trabalho. Mas eu levei muito mais que isso.<br \/>\nDiscutimos \u2013 introduzidos por uma breve palestra do Prof. Joachim S\u00f6der \u2013 sobre a \u201c[Radical] Mudan\u00e7a estrutural da f\u00e9 e da Igreja\u201d e abordamos a \u201cPsicologia das Causas Segundas\u201d por meio de textos. Nossas discuss\u00f5es sempre foram caracterizadas por um olhar sobre os desenvolvimentos sociais atuais, o papel da Igreja e de Schoenstatt, e o papel da f\u00e9 e da religi\u00e3o na vida de cada pessoa.<\/p>\n<p><img fetchpriority=\"high\" decoding=\"async\" class=\"aligncenter wp-image-32623 \" src=\"https:\/\/schoenstatt.com\/wp-content\/uploads\/2023\/09\/Junge-Akademie-des-JKI-Instituts-2.png\" alt=\"\" width=\"530\" height=\"942\" \/><\/p>\n<h3>Ampliando o pr\u00f3prio horizonte<\/h3>\n<p>Fiquei muito feliz, tamb\u00e9m, por poder visitar a biblioteca do JKI e a \u201cSchulungsheim\u201d, a Casa de Forma\u00e7\u00e3o. L\u00e1, o Diretor Geral das Irm\u00e3s de Maria de Schoenstatt, Dr. Bernd Biberger, nos contou um pouco mais sobre os \u00faltimos anos da vida do Pe. Jos\u00e9 Kentenich nesta Casa.<\/p>\n<p>No domingo, ap\u00f3s a missa de encerramento, presidida pelo Pe. Ludwig G\u00fcthlein, todos voltaram para casa cheios de ideias. Pessoalmente, eu gostaria que os interc\u00e2mbios e as reuni\u00f5es do grupo da Academia Jovem aconte\u00e7am com mais frequ\u00eancia, e pretendo sempre motivar as pessoas a participarem. Para mim, \u00e9 importante n\u00e3o apenas ter um lar espiritual em Schoenstatt, mas tamb\u00e9m ampliar meus pr\u00f3prios horizontes e o lugar que Schoenstatt \u00e9 para mim por meio da reflex\u00e3o cr\u00edtica.<\/p>\n","protected":false},"excerpt":{"rendered":"<p>O Instituto Jos\u00e9 Kentenich coloca em discuss\u00e3o quest\u00f5es cient\u00edficas a partir da perspectiva de Schoenstatt. Os protagonistas dessa experi\u00eancia de conhecimento s\u00e3o os jovens \u2013 curiosos e questionadores.<\/p>\n","protected":false},"author":3,"featured_media":32619,"comment_status":"closed","ping_status":"closed","sticky":false,"template":"","format":"standard","meta":{"footnotes":""},"categories":[636,665,912],"tags":[],"class_list":["post-32618","post","type-post","status-publish","format-standard","has-post-thumbnail","hentry","category-eventos-pt-pt","category-juventude-pt-pt","category-sociedade-pt-pt"],"yoast_head":"<!-- This site is optimized with the Yoast SEO Premium plugin v27.4 (Yoast SEO v27.5) - https:\/\/yoast.com\/product\/yoast-seo-premium-wordpress\/ -->\n<title>Schoenstatt e a ci\u00eancia juntos? Sim!<\/title>\n<meta name=\"description\" content=\"A \u201cAcademia Jovem\u201d do Instituto Jos\u00e9 Kentenich coloca Schoenstatt e a ci\u00eancia em di\u00e1logo. Os protagonistas dessa experi\u00eancia s\u00e3o os jovens.\" \/>\n<meta name=\"robots\" content=\"index, follow, max-snippet:-1, max-image-preview:large, max-video-preview:-1\" \/>\n<link rel=\"canonical\" href=\"https:\/\/schoenstatt.com\/pt-pt\/schoenstatt-e-a-ciencia-juntos-sim\/\" \/>\n<meta property=\"og:locale\" content=\"pt_PT\" \/>\n<meta property=\"og:type\" content=\"article\" \/>\n<meta property=\"og:title\" content=\"Schoenstatt e a ci\u00eancia juntos? Sim!\" \/>\n<meta property=\"og:description\" content=\"A \u201cAcademia Jovem\u201d do Instituto Jos\u00e9 Kentenich coloca Schoenstatt e a ci\u00eancia em di\u00e1logo. Os protagonistas dessa experi\u00eancia s\u00e3o os jovens.\" \/>\n<meta property=\"og:url\" content=\"https:\/\/schoenstatt.com\/pt-pt\/schoenstatt-e-a-ciencia-juntos-sim\/\" \/>\n<meta property=\"og:site_name\" content=\"Schoenstatt\" \/>\n<meta property=\"article:published_time\" content=\"2023-09-27T12:59:49+00:00\" \/>\n<meta property=\"article:modified_time\" content=\"2025-05-16T00:51:43+00:00\" \/>\n<meta property=\"og:image\" content=\"https:\/\/schoenstatt.com\/wp-content\/uploads\/2023\/09\/Junge-Akademie-des-JKI-Instituts-1.jpg\" \/>\n\t<meta property=\"og:image:width\" content=\"1896\" \/>\n\t<meta property=\"og:image:height\" content=\"1122\" \/>\n\t<meta property=\"og:image:type\" content=\"image\/jpeg\" \/>\n<meta name=\"author\" content=\"Karen Bueno\" \/>\n<meta name=\"twitter:card\" content=\"summary_large_image\" \/>\n<meta name=\"twitter:label1\" content=\"Escrito por\" \/>\n\t<meta name=\"twitter:data1\" content=\"Karen Bueno\" \/>\n\t<meta name=\"twitter:label2\" content=\"Tempo estimado de leitura\" \/>\n\t<meta name=\"twitter:data2\" content=\"3 minutos\" \/>\n<script type=\"application\/ld+json\" class=\"yoast-schema-graph\">{\"@context\":\"https:\\\/\\\/schema.org\",\"@graph\":[{\"@type\":\"Article\",\"@id\":\"https:\\\/\\\/schoenstatt.com\\\/pt-pt\\\/schoenstatt-e-a-ciencia-juntos-sim\\\/#article\",\"isPartOf\":{\"@id\":\"https:\\\/\\\/schoenstatt.com\\\/pt-pt\\\/schoenstatt-e-a-ciencia-juntos-sim\\\/\"},\"author\":{\"name\":\"Karen Bueno\",\"@id\":\"https:\\\/\\\/schoenstatt.com\\\/pt-pt\\\/#\\\/schema\\\/person\\\/5158877ad4acae98b34daaeef2a1ce6e\"},\"headline\":\"Schoenstatt e a ci\u00eancia juntos? Sim!\",\"datePublished\":\"2023-09-27T12:59:49+00:00\",\"dateModified\":\"2025-05-16T00:51:43+00:00\",\"mainEntityOfPage\":{\"@id\":\"https:\\\/\\\/schoenstatt.com\\\/pt-pt\\\/schoenstatt-e-a-ciencia-juntos-sim\\\/\"},\"wordCount\":498,\"publisher\":{\"@id\":\"https:\\\/\\\/schoenstatt.com\\\/pt-pt\\\/#organization\"},\"image\":{\"@id\":\"https:\\\/\\\/schoenstatt.com\\\/pt-pt\\\/schoenstatt-e-a-ciencia-juntos-sim\\\/#primaryimage\"},\"thumbnailUrl\":\"https:\\\/\\\/schoenstatt.com\\\/wp-content\\\/uploads\\\/2023\\\/09\\\/Junge-Akademie-des-JKI-Instituts-1.jpg\",\"articleSection\":[\"Eventos\",\"Juventude\",\"Sociedade\"],\"inLanguage\":\"pt-PT\"},{\"@type\":\"WebPage\",\"@id\":\"https:\\\/\\\/schoenstatt.com\\\/pt-pt\\\/schoenstatt-e-a-ciencia-juntos-sim\\\/\",\"url\":\"https:\\\/\\\/schoenstatt.com\\\/pt-pt\\\/schoenstatt-e-a-ciencia-juntos-sim\\\/\",\"name\":\"Schoenstatt e a ci\u00eancia juntos? Sim!\",\"isPartOf\":{\"@id\":\"https:\\\/\\\/schoenstatt.com\\\/pt-pt\\\/#website\"},\"primaryImageOfPage\":{\"@id\":\"https:\\\/\\\/schoenstatt.com\\\/pt-pt\\\/schoenstatt-e-a-ciencia-juntos-sim\\\/#primaryimage\"},\"image\":{\"@id\":\"https:\\\/\\\/schoenstatt.com\\\/pt-pt\\\/schoenstatt-e-a-ciencia-juntos-sim\\\/#primaryimage\"},\"thumbnailUrl\":\"https:\\\/\\\/schoenstatt.com\\\/wp-content\\\/uploads\\\/2023\\\/09\\\/Junge-Akademie-des-JKI-Instituts-1.jpg\",\"datePublished\":\"2023-09-27T12:59:49+00:00\",\"dateModified\":\"2025-05-16T00:51:43+00:00\",\"description\":\"A \u201cAcademia Jovem\u201d do Instituto Jos\u00e9 Kentenich coloca Schoenstatt e a ci\u00eancia em di\u00e1logo. Os protagonistas dessa experi\u00eancia s\u00e3o os jovens.\",\"breadcrumb\":{\"@id\":\"https:\\\/\\\/schoenstatt.com\\\/pt-pt\\\/schoenstatt-e-a-ciencia-juntos-sim\\\/#breadcrumb\"},\"inLanguage\":\"pt-PT\",\"potentialAction\":[{\"@type\":\"ReadAction\",\"target\":[\"https:\\\/\\\/schoenstatt.com\\\/pt-pt\\\/schoenstatt-e-a-ciencia-juntos-sim\\\/\"]}]},{\"@type\":\"ImageObject\",\"inLanguage\":\"pt-PT\",\"@id\":\"https:\\\/\\\/schoenstatt.com\\\/pt-pt\\\/schoenstatt-e-a-ciencia-juntos-sim\\\/#primaryimage\",\"url\":\"https:\\\/\\\/schoenstatt.com\\\/wp-content\\\/uploads\\\/2023\\\/09\\\/Junge-Akademie-des-JKI-Instituts-1.jpg\",\"contentUrl\":\"https:\\\/\\\/schoenstatt.com\\\/wp-content\\\/uploads\\\/2023\\\/09\\\/Junge-Akademie-des-JKI-Instituts-1.jpg\",\"width\":1896,\"height\":1122},{\"@type\":\"BreadcrumbList\",\"@id\":\"https:\\\/\\\/schoenstatt.com\\\/pt-pt\\\/schoenstatt-e-a-ciencia-juntos-sim\\\/#breadcrumb\",\"itemListElement\":[{\"@type\":\"ListItem\",\"position\":1,\"name\":\"Portada\",\"item\":\"https:\\\/\\\/schoenstatt.com\\\/pt-pt\\\/home\\\/\"},{\"@type\":\"ListItem\",\"position\":2,\"name\":\"Schoenstatt e a ci\u00eancia juntos? Sim!\"}]},{\"@type\":\"WebSite\",\"@id\":\"https:\\\/\\\/schoenstatt.com\\\/pt-pt\\\/#website\",\"url\":\"https:\\\/\\\/schoenstatt.com\\\/pt-pt\\\/\",\"name\":\"Schoenstatt\",\"description\":\"Apostolic Movement\",\"publisher\":{\"@id\":\"https:\\\/\\\/schoenstatt.com\\\/pt-pt\\\/#organization\"},\"potentialAction\":[{\"@type\":\"SearchAction\",\"target\":{\"@type\":\"EntryPoint\",\"urlTemplate\":\"https:\\\/\\\/schoenstatt.com\\\/pt-pt\\\/?s={search_term_string}\"},\"query-input\":{\"@type\":\"PropertyValueSpecification\",\"valueRequired\":true,\"valueName\":\"search_term_string\"}}],\"inLanguage\":\"pt-PT\"},{\"@type\":\"Organization\",\"@id\":\"https:\\\/\\\/schoenstatt.com\\\/pt-pt\\\/#organization\",\"name\":\"Schoenstatt\",\"url\":\"https:\\\/\\\/schoenstatt.com\\\/pt-pt\\\/\",\"logo\":{\"@type\":\"ImageObject\",\"inLanguage\":\"pt-PT\",\"@id\":\"https:\\\/\\\/schoenstatt.com\\\/pt-pt\\\/#\\\/schema\\\/logo\\\/image\\\/\",\"url\":\"https:\\\/\\\/schoenstatt.com\\\/wp-content\\\/uploads\\\/2025\\\/04\\\/logo-schoenstatt-white-696x696-1.png\",\"contentUrl\":\"https:\\\/\\\/schoenstatt.com\\\/wp-content\\\/uploads\\\/2025\\\/04\\\/logo-schoenstatt-white-696x696-1.png\",\"width\":696,\"height\":694,\"caption\":\"Schoenstatt\"},\"image\":{\"@id\":\"https:\\\/\\\/schoenstatt.com\\\/pt-pt\\\/#\\\/schema\\\/logo\\\/image\\\/\"}},{\"@type\":\"Person\",\"@id\":\"https:\\\/\\\/schoenstatt.com\\\/pt-pt\\\/#\\\/schema\\\/person\\\/5158877ad4acae98b34daaeef2a1ce6e\",\"name\":\"Karen Bueno\",\"image\":{\"@type\":\"ImageObject\",\"inLanguage\":\"pt-PT\",\"@id\":\"https:\\\/\\\/secure.gravatar.com\\\/avatar\\\/f9f4b823873154269d2b2130f195f6d41037dd0d7fc5f3cacb5c846bae70d66b?s=96&d=mm&r=g\",\"url\":\"https:\\\/\\\/secure.gravatar.com\\\/avatar\\\/f9f4b823873154269d2b2130f195f6d41037dd0d7fc5f3cacb5c846bae70d66b?s=96&d=mm&r=g\",\"contentUrl\":\"https:\\\/\\\/secure.gravatar.com\\\/avatar\\\/f9f4b823873154269d2b2130f195f6d41037dd0d7fc5f3cacb5c846bae70d66b?s=96&d=mm&r=g\",\"caption\":\"Karen Bueno\"},\"url\":\"https:\\\/\\\/schoenstatt.com\\\/pt-pt\\\/author\\\/karen-bueno\\\/\"}]}<\/script>\n<!-- \/ Yoast SEO Premium plugin. -->","yoast_head_json":{"title":"Schoenstatt e a ci\u00eancia juntos? Sim!","description":"A \u201cAcademia Jovem\u201d do Instituto Jos\u00e9 Kentenich coloca Schoenstatt e a ci\u00eancia em di\u00e1logo. Os protagonistas dessa experi\u00eancia s\u00e3o os jovens.","robots":{"index":"index","follow":"follow","max-snippet":"max-snippet:-1","max-image-preview":"max-image-preview:large","max-video-preview":"max-video-preview:-1"},"canonical":"https:\/\/schoenstatt.com\/pt-pt\/schoenstatt-e-a-ciencia-juntos-sim\/","og_locale":"pt_PT","og_type":"article","og_title":"Schoenstatt e a ci\u00eancia juntos? Sim!","og_description":"A \u201cAcademia Jovem\u201d do Instituto Jos\u00e9 Kentenich coloca Schoenstatt e a ci\u00eancia em di\u00e1logo. Os protagonistas dessa experi\u00eancia s\u00e3o os jovens.","og_url":"https:\/\/schoenstatt.com\/pt-pt\/schoenstatt-e-a-ciencia-juntos-sim\/","og_site_name":"Schoenstatt","article_published_time":"2023-09-27T12:59:49+00:00","article_modified_time":"2025-05-16T00:51:43+00:00","og_image":[{"width":1896,"height":1122,"url":"https:\/\/schoenstatt.com\/wp-content\/uploads\/2023\/09\/Junge-Akademie-des-JKI-Instituts-1.jpg","type":"image\/jpeg"}],"author":"Karen Bueno","twitter_card":"summary_large_image","twitter_misc":{"Escrito por":"Karen Bueno","Tempo estimado de leitura":"3 minutos"},"schema":{"@context":"https:\/\/schema.org","@graph":[{"@type":"Article","@id":"https:\/\/schoenstatt.com\/pt-pt\/schoenstatt-e-a-ciencia-juntos-sim\/#article","isPartOf":{"@id":"https:\/\/schoenstatt.com\/pt-pt\/schoenstatt-e-a-ciencia-juntos-sim\/"},"author":{"name":"Karen Bueno","@id":"https:\/\/schoenstatt.com\/pt-pt\/#\/schema\/person\/5158877ad4acae98b34daaeef2a1ce6e"},"headline":"Schoenstatt e a ci\u00eancia juntos? Sim!","datePublished":"2023-09-27T12:59:49+00:00","dateModified":"2025-05-16T00:51:43+00:00","mainEntityOfPage":{"@id":"https:\/\/schoenstatt.com\/pt-pt\/schoenstatt-e-a-ciencia-juntos-sim\/"},"wordCount":498,"publisher":{"@id":"https:\/\/schoenstatt.com\/pt-pt\/#organization"},"image":{"@id":"https:\/\/schoenstatt.com\/pt-pt\/schoenstatt-e-a-ciencia-juntos-sim\/#primaryimage"},"thumbnailUrl":"https:\/\/schoenstatt.com\/wp-content\/uploads\/2023\/09\/Junge-Akademie-des-JKI-Instituts-1.jpg","articleSection":["Eventos","Juventude","Sociedade"],"inLanguage":"pt-PT"},{"@type":"WebPage","@id":"https:\/\/schoenstatt.com\/pt-pt\/schoenstatt-e-a-ciencia-juntos-sim\/","url":"https:\/\/schoenstatt.com\/pt-pt\/schoenstatt-e-a-ciencia-juntos-sim\/","name":"Schoenstatt e a ci\u00eancia juntos? Sim!","isPartOf":{"@id":"https:\/\/schoenstatt.com\/pt-pt\/#website"},"primaryImageOfPage":{"@id":"https:\/\/schoenstatt.com\/pt-pt\/schoenstatt-e-a-ciencia-juntos-sim\/#primaryimage"},"image":{"@id":"https:\/\/schoenstatt.com\/pt-pt\/schoenstatt-e-a-ciencia-juntos-sim\/#primaryimage"},"thumbnailUrl":"https:\/\/schoenstatt.com\/wp-content\/uploads\/2023\/09\/Junge-Akademie-des-JKI-Instituts-1.jpg","datePublished":"2023-09-27T12:59:49+00:00","dateModified":"2025-05-16T00:51:43+00:00","description":"A \u201cAcademia Jovem\u201d do Instituto Jos\u00e9 Kentenich coloca Schoenstatt e a ci\u00eancia em di\u00e1logo. Os protagonistas dessa experi\u00eancia s\u00e3o os jovens.","breadcrumb":{"@id":"https:\/\/schoenstatt.com\/pt-pt\/schoenstatt-e-a-ciencia-juntos-sim\/#breadcrumb"},"inLanguage":"pt-PT","potentialAction":[{"@type":"ReadAction","target":["https:\/\/schoenstatt.com\/pt-pt\/schoenstatt-e-a-ciencia-juntos-sim\/"]}]},{"@type":"ImageObject","inLanguage":"pt-PT","@id":"https:\/\/schoenstatt.com\/pt-pt\/schoenstatt-e-a-ciencia-juntos-sim\/#primaryimage","url":"https:\/\/schoenstatt.com\/wp-content\/uploads\/2023\/09\/Junge-Akademie-des-JKI-Instituts-1.jpg","contentUrl":"https:\/\/schoenstatt.com\/wp-content\/uploads\/2023\/09\/Junge-Akademie-des-JKI-Instituts-1.jpg","width":1896,"height":1122},{"@type":"BreadcrumbList","@id":"https:\/\/schoenstatt.com\/pt-pt\/schoenstatt-e-a-ciencia-juntos-sim\/#breadcrumb","itemListElement":[{"@type":"ListItem","position":1,"name":"Portada","item":"https:\/\/schoenstatt.com\/pt-pt\/home\/"},{"@type":"ListItem","position":2,"name":"Schoenstatt e a ci\u00eancia juntos? Sim!"}]},{"@type":"WebSite","@id":"https:\/\/schoenstatt.com\/pt-pt\/#website","url":"https:\/\/schoenstatt.com\/pt-pt\/","name":"Schoenstatt","description":"Apostolic Movement","publisher":{"@id":"https:\/\/schoenstatt.com\/pt-pt\/#organization"},"potentialAction":[{"@type":"SearchAction","target":{"@type":"EntryPoint","urlTemplate":"https:\/\/schoenstatt.com\/pt-pt\/?s={search_term_string}"},"query-input":{"@type":"PropertyValueSpecification","valueRequired":true,"valueName":"search_term_string"}}],"inLanguage":"pt-PT"},{"@type":"Organization","@id":"https:\/\/schoenstatt.com\/pt-pt\/#organization","name":"Schoenstatt","url":"https:\/\/schoenstatt.com\/pt-pt\/","logo":{"@type":"ImageObject","inLanguage":"pt-PT","@id":"https:\/\/schoenstatt.com\/pt-pt\/#\/schema\/logo\/image\/","url":"https:\/\/schoenstatt.com\/wp-content\/uploads\/2025\/04\/logo-schoenstatt-white-696x696-1.png","contentUrl":"https:\/\/schoenstatt.com\/wp-content\/uploads\/2025\/04\/logo-schoenstatt-white-696x696-1.png","width":696,"height":694,"caption":"Schoenstatt"},"image":{"@id":"https:\/\/schoenstatt.com\/pt-pt\/#\/schema\/logo\/image\/"}},{"@type":"Person","@id":"https:\/\/schoenstatt.com\/pt-pt\/#\/schema\/person\/5158877ad4acae98b34daaeef2a1ce6e","name":"Karen Bueno","image":{"@type":"ImageObject","inLanguage":"pt-PT","@id":"https:\/\/secure.gravatar.com\/avatar\/f9f4b823873154269d2b2130f195f6d41037dd0d7fc5f3cacb5c846bae70d66b?s=96&d=mm&r=g","url":"https:\/\/secure.gravatar.com\/avatar\/f9f4b823873154269d2b2130f195f6d41037dd0d7fc5f3cacb5c846bae70d66b?s=96&d=mm&r=g","contentUrl":"https:\/\/secure.gravatar.com\/avatar\/f9f4b823873154269d2b2130f195f6d41037dd0d7fc5f3cacb5c846bae70d66b?s=96&d=mm&r=g","caption":"Karen Bueno"},"url":"https:\/\/schoenstatt.com\/pt-pt\/author\/karen-bueno\/"}]}},"_links":{"self":[{"href":"https:\/\/schoenstatt.com\/pt-pt\/wp-json\/wp\/v2\/posts\/32618","targetHints":{"allow":["GET"]}}],"collection":[{"href":"https:\/\/schoenstatt.com\/pt-pt\/wp-json\/wp\/v2\/posts"}],"about":[{"href":"https:\/\/schoenstatt.com\/pt-pt\/wp-json\/wp\/v2\/types\/post"}],"author":[{"embeddable":true,"href":"https:\/\/schoenstatt.com\/pt-pt\/wp-json\/wp\/v2\/users\/3"}],"replies":[{"embeddable":true,"href":"https:\/\/schoenstatt.com\/pt-pt\/wp-json\/wp\/v2\/comments?post=32618"}],"version-history":[{"count":1,"href":"https:\/\/schoenstatt.com\/pt-pt\/wp-json\/wp\/v2\/posts\/32618\/revisions"}],"predecessor-version":[{"id":46287,"href":"https:\/\/schoenstatt.com\/pt-pt\/wp-json\/wp\/v2\/posts\/32618\/revisions\/46287"}],"wp:featuredmedia":[{"embeddable":true,"href":"https:\/\/schoenstatt.com\/pt-pt\/wp-json\/wp\/v2\/media\/32619"}],"wp:attachment":[{"href":"https:\/\/schoenstatt.com\/pt-pt\/wp-json\/wp\/v2\/media?parent=32618"}],"wp:term":[{"taxonomy":"category","embeddable":true,"href":"https:\/\/schoenstatt.com\/pt-pt\/wp-json\/wp\/v2\/categories?post=32618"},{"taxonomy":"post_tag","embeddable":true,"href":"https:\/\/schoenstatt.com\/pt-pt\/wp-json\/wp\/v2\/tags?post=32618"}],"curies":[{"name":"wp","href":"https:\/\/api.w.org\/{rel}","templated":true}]}}