{"id":32616,"date":"2023-09-26T15:05:37","date_gmt":"2023-09-26T13:05:37","guid":{"rendered":"https:\/\/schoenstatt.com\/espiritualidade\/lanzamiento-del-memorando-del-ciof-paraguay\/"},"modified":"2025-04-18T21:23:07","modified_gmt":"2025-04-18T19:23:07","slug":"lancado-o-memorando-do-ciof-paraguai","status":"publish","type":"post","link":"https:\/\/schoenstatt.com\/pt-pt\/lancado-o-memorando-do-ciof-paraguai\/","title":{"rendered":"Lan\u00e7ado o memorando do CIOF Paraguai"},"content":{"rendered":"<p>Neste m\u00eas de setembro, no dia 15, a equipe central do <a href=\"https:\/\/ciofparaguay.com\/inicio-portugues\/\" target=\"_blank\" rel=\"noopener\">CIOF Paraguay<\/a> \u2013 <a href=\"https:\/\/schoenstatt.com\/pt-pt\/espiritualidade\/congresso-internacional-da-obra-das-familias-ciof-paraguai-2023\/\">Congresso Internacional da Obra de Fam\u00edlias de Schoenstatt<\/a> \u2013 lan\u00e7ou o memorando com as informa\u00e7\u00f5es centrais desse evento. Acompanhe o conte\u00fado do documento final na \u00edntegra:<\/p>\n<p><strong>FAM\u00cdLIA EM ALIAN\u00c7A, CORA\u00c7\u00c3O PARA O MUNDO<\/strong><\/p>\n<p>Desde o Cora\u00e7\u00e3o da Am\u00e9rica e \u00e0 sombra do Santu\u00e1rio Nacional de Tuparenda, num ambiente fraterno, cordial e alegre, concluiu-se o Congresso Internacional da Obra de Fam\u00edlias de Schoenstatt, realizado de 4 a 7 de maio de 2023. Este reuniu, no Paraguai, 154 casais e 44 assessores provenientes de 20 pa\u00edses da Am\u00e9rica e Europa. Iluminados pelo Ideal Nacional <em>\u201cNa\u00e7\u00e3o de Deus, Cora\u00e7\u00e3o da Am\u00e9rica\u201d<\/em>, vivemos a alegria de ser uma Fam\u00edlia em Alian\u00e7a, cora\u00e7\u00e3o para o mundo.<\/p>\n<p>No esp\u00edrito de ora\u00e7\u00e3o e na for\u00e7a da Alian\u00e7a de Amor, a partir dos acentos:\u00a0<em>\u201cFam\u00edlia mariana, lar para o mundo\u201d, \u201c\u00c9 a hora dos leigos e \u201cCor unum in Patre\u201d,<\/em> os casais e assessores dos diversos pa\u00edses participantes desenvolveram 24 oficinas, 2 palestras e 2 pain\u00e9is testemunhais, bem como uma Exposi\u00e7\u00e3o de Apostolados de provada efic\u00e1cia, que permitiram perscrutar as vozes doo tempo e os desafios que afetam a nossa fam\u00edlia e a Fam\u00edlia de Schoenstatt.<\/p>\n<p><strong>Os desafios mais ressaltados foram:<\/strong><\/p>\n<p><strong>Na Sociedade e na Igreja<\/strong><\/p>\n<ul>\n<li>Abra\u00e7ar a realidade que nos rodeia e interpela<\/li>\n<li>Como Fam\u00edlia de Fam\u00edlias, velar pela transmiss\u00e3o dos valores da fam\u00edlia e sua miss\u00e3o.<\/li>\n<li>Em complementariedade com os demais carismas da Igreja, trabalhar como uma s\u00f3 Obra de Fam\u00edlias, no espirito sinodal.<\/li>\n<\/ul>\n<p><strong>No interior da Fam\u00edlia de Schoenstatt continental<\/strong><\/p>\n<ul>\n<li>Apresentar o caminho da santidade matrimonial, na fidelidade ao carisma de Schoenstatt, com propostas novas e criativas para despertar em outras fam\u00edlias o anseio de somar-se \u00e0 nossa Fam\u00edlia.<\/li>\n<li>Forma\u00e7\u00e3o cont\u00ednua e permanente de dirigentes no pensamento e esp\u00edrito do Pai e Fundador.<\/li>\n<li>Assumir o rol e a responsabilidade como leigos dentro e fora da Fam\u00edlia de Schoenstatt.<\/li>\n<\/ul>\n<p>O esp\u00edrito do CIOF Guayaquil 2017, com o lema<em> \u201cCom alegria, fam\u00edlias em sa\u00edda\u201d,<\/em> nos permitiu viver a experi\u00eancia de nos reconhecer como Fam\u00edlia de Fam\u00edlias, que, diante das mesmas realidades continentais, podemos enfrentar os desafios atuais juntos, compartilhando as experi\u00eancias; acentuando nesse Congresso a alegria e a miseric\u00f3rdia na linha da exorta\u00e7\u00e3o apost\u00f3lica p\u00f3s-sinodal \u201cAmoris laetitia\u201d.<\/p>\n<p>Esse caminhar da Obra de Fam\u00edlias continental, criado desde o CIOF Guayaquil 2017, permitiu que no CIOF Paraguai 2023, pela atmosfera espiritual, pelos eixos tem\u00e1ticos, os espa\u00e7os de interc\u00e2mbio sobre nosso Pai e Fundador, os apostolados apresentados e as atividades desenvolvidas, se aprofundassem os v\u00ednculos, fossem geradas propostas criativas baseadas na pedagogia familiar mariana de nosso fundador e se reafirmasse nossa filialidade e fidelidade como fam\u00edlias portadoras de seu carisma.<\/p>\n<p><strong>Sob o olhar atento de nosso Pai e Fundador, partimos aos nossos lares com a certeza de que:<\/strong><\/p>\n<ul>\n<li>A for\u00e7a da consci\u00eancia de miss\u00e3o \u00e9 o que move a Obra de Fam\u00edlias para dar resposta aos desafios criados.<\/li>\n<li>O Espirito sinodal significa caminhar juntos e unir for\u00e7as, n\u00e3o apenas como Obra de Fam\u00edlias, mas como comunidades em completa complementariedade entre sacerdotes, consagradas e leigos da Obra de Fam\u00edlias.<\/li>\n<li>O \u201cSchoenstatt em sa\u00edda\u201d, iniciado a partir do jubileu dos 100 anos do Movimento, que nos moveu a oferecer respostas concretas aos desafios que hoje temos, deve ser movido num esp\u00edrito sinodal com os demais carismas da Igreja.<\/li>\n<\/ul>\n<p>Restam novos desafios adiante; n\u00f3s os assumimos com renovado compromisso com a miss\u00e3o e esp\u00edrito juvenil, pois, como Obra de Fam\u00edlias desejamos ser essa carta de apresenta\u00e7\u00e3o de nosso Pai e Fundador, como nos prop\u00f5e o \u201cCongresso de Pentecostes\u201d de 2022.<\/p>\n<p>Desde o cora\u00e7\u00e3o da Am\u00e9rica, abra\u00e7amos a todos os nossos irm\u00e3os do continente confiados e agradecidos ao Deus da vida e do amor.<\/p>\n<p>Ficamos nisso, permanecemos fi\u00e9is!<\/p>\n<p>Assun\u00e7\u00e3o, 15 de setembro de 2023.-<\/p>\n","protected":false},"excerpt":{"rendered":"<p>As conclus\u00f5es e os principais debates do Congresso Internacional da Obra das Fam\u00edlias de Schoenstatt est\u00e3o resumidos no documento final.<\/p>\n","protected":false},"author":3,"featured_media":32584,"comment_status":"closed","ping_status":"closed","sticky":false,"template":"","format":"standard","meta":{"footnotes":""},"categories":[636,876],"tags":[],"class_list":["post-32616","post","type-post","status-publish","format-standard","has-post-thumbnail","hentry","category-eventos-pt-pt","category-familia-pt-pt"],"yoast_head":"<!-- This site is optimized with the Yoast SEO Premium plugin v27.4 (Yoast SEO v27.4) - https:\/\/yoast.com\/product\/yoast-seo-premium-wordpress\/ -->\n<title>Lan\u00e7ado o memorando do CIOF Paraguai - Schoenstatt<\/title>\n<meta name=\"description\" content=\"Veja aqui o documento final do Congresso Internacional da Obra de Fam\u00edlias de Schoenstatt realizado no Paraguai.\" \/>\n<meta name=\"robots\" content=\"index, follow, max-snippet:-1, max-image-preview:large, max-video-preview:-1\" \/>\n<link rel=\"canonical\" href=\"https:\/\/schoenstatt.com\/pt-pt\/lancado-o-memorando-do-ciof-paraguai\/\" \/>\n<meta property=\"og:locale\" content=\"pt_PT\" \/>\n<meta property=\"og:type\" content=\"article\" \/>\n<meta property=\"og:title\" content=\"Lan\u00e7ado o memorando do CIOF Paraguai\" \/>\n<meta property=\"og:description\" content=\"Veja aqui o documento final do Congresso Internacional da Obra de Fam\u00edlias de Schoenstatt realizado no Paraguai.\" \/>\n<meta property=\"og:url\" content=\"https:\/\/schoenstatt.com\/pt-pt\/lancado-o-memorando-do-ciof-paraguai\/\" \/>\n<meta property=\"og:site_name\" content=\"Schoenstatt\" \/>\n<meta property=\"article:published_time\" content=\"2023-09-26T13:05:37+00:00\" \/>\n<meta property=\"article:modified_time\" content=\"2025-04-18T19:23:07+00:00\" \/>\n<meta property=\"og:image\" content=\"https:\/\/schoenstatt.com\/wp-content\/uploads\/2023\/09\/Obra-das-Familias-de-Schoenstatt-CIOF-2022-1.jpg\" \/>\n\t<meta property=\"og:image:width\" content=\"2048\" \/>\n\t<meta property=\"og:image:height\" content=\"1329\" \/>\n\t<meta property=\"og:image:type\" content=\"image\/jpeg\" \/>\n<meta name=\"author\" content=\"Karen Bueno\" \/>\n<meta name=\"twitter:card\" content=\"summary_large_image\" \/>\n<meta name=\"twitter:label1\" content=\"Escrito por\" \/>\n\t<meta name=\"twitter:data1\" content=\"Karen Bueno\" \/>\n\t<meta name=\"twitter:label2\" content=\"Tempo estimado de leitura\" \/>\n\t<meta name=\"twitter:data2\" content=\"3 minutos\" \/>\n<script type=\"application\/ld+json\" class=\"yoast-schema-graph\">{\"@context\":\"https:\\\/\\\/schema.org\",\"@graph\":[{\"@type\":\"Article\",\"@id\":\"https:\\\/\\\/schoenstatt.com\\\/pt-pt\\\/lancado-o-memorando-do-ciof-paraguai\\\/#article\",\"isPartOf\":{\"@id\":\"https:\\\/\\\/schoenstatt.com\\\/pt-pt\\\/lancado-o-memorando-do-ciof-paraguai\\\/\"},\"author\":{\"name\":\"Karen Bueno\",\"@id\":\"https:\\\/\\\/schoenstatt.com\\\/pt-pt\\\/#\\\/schema\\\/person\\\/5158877ad4acae98b34daaeef2a1ce6e\"},\"headline\":\"Lan\u00e7ado o memorando do CIOF Paraguai\",\"datePublished\":\"2023-09-26T13:05:37+00:00\",\"dateModified\":\"2025-04-18T19:23:07+00:00\",\"mainEntityOfPage\":{\"@id\":\"https:\\\/\\\/schoenstatt.com\\\/pt-pt\\\/lancado-o-memorando-do-ciof-paraguai\\\/\"},\"wordCount\":692,\"publisher\":{\"@id\":\"https:\\\/\\\/schoenstatt.com\\\/pt-pt\\\/#organization\"},\"image\":{\"@id\":\"https:\\\/\\\/schoenstatt.com\\\/pt-pt\\\/lancado-o-memorando-do-ciof-paraguai\\\/#primaryimage\"},\"thumbnailUrl\":\"https:\\\/\\\/schoenstatt.com\\\/wp-content\\\/uploads\\\/2023\\\/09\\\/Obra-das-Familias-de-Schoenstatt-CIOF-2022-1.jpg\",\"articleSection\":[\"Eventos\",\"Fam\u00edlia\"],\"inLanguage\":\"pt-PT\"},{\"@type\":\"WebPage\",\"@id\":\"https:\\\/\\\/schoenstatt.com\\\/pt-pt\\\/lancado-o-memorando-do-ciof-paraguai\\\/\",\"url\":\"https:\\\/\\\/schoenstatt.com\\\/pt-pt\\\/lancado-o-memorando-do-ciof-paraguai\\\/\",\"name\":\"Lan\u00e7ado o memorando do CIOF Paraguai - Schoenstatt\",\"isPartOf\":{\"@id\":\"https:\\\/\\\/schoenstatt.com\\\/pt-pt\\\/#website\"},\"primaryImageOfPage\":{\"@id\":\"https:\\\/\\\/schoenstatt.com\\\/pt-pt\\\/lancado-o-memorando-do-ciof-paraguai\\\/#primaryimage\"},\"image\":{\"@id\":\"https:\\\/\\\/schoenstatt.com\\\/pt-pt\\\/lancado-o-memorando-do-ciof-paraguai\\\/#primaryimage\"},\"thumbnailUrl\":\"https:\\\/\\\/schoenstatt.com\\\/wp-content\\\/uploads\\\/2023\\\/09\\\/Obra-das-Familias-de-Schoenstatt-CIOF-2022-1.jpg\",\"datePublished\":\"2023-09-26T13:05:37+00:00\",\"dateModified\":\"2025-04-18T19:23:07+00:00\",\"description\":\"Veja aqui o documento final do Congresso Internacional da Obra de Fam\u00edlias de Schoenstatt realizado no Paraguai.\",\"breadcrumb\":{\"@id\":\"https:\\\/\\\/schoenstatt.com\\\/pt-pt\\\/lancado-o-memorando-do-ciof-paraguai\\\/#breadcrumb\"},\"inLanguage\":\"pt-PT\",\"potentialAction\":[{\"@type\":\"ReadAction\",\"target\":[\"https:\\\/\\\/schoenstatt.com\\\/pt-pt\\\/lancado-o-memorando-do-ciof-paraguai\\\/\"]}]},{\"@type\":\"ImageObject\",\"inLanguage\":\"pt-PT\",\"@id\":\"https:\\\/\\\/schoenstatt.com\\\/pt-pt\\\/lancado-o-memorando-do-ciof-paraguai\\\/#primaryimage\",\"url\":\"https:\\\/\\\/schoenstatt.com\\\/wp-content\\\/uploads\\\/2023\\\/09\\\/Obra-das-Familias-de-Schoenstatt-CIOF-2022-1.jpg\",\"contentUrl\":\"https:\\\/\\\/schoenstatt.com\\\/wp-content\\\/uploads\\\/2023\\\/09\\\/Obra-das-Familias-de-Schoenstatt-CIOF-2022-1.jpg\",\"width\":2048,\"height\":1329},{\"@type\":\"BreadcrumbList\",\"@id\":\"https:\\\/\\\/schoenstatt.com\\\/pt-pt\\\/lancado-o-memorando-do-ciof-paraguai\\\/#breadcrumb\",\"itemListElement\":[{\"@type\":\"ListItem\",\"position\":1,\"name\":\"Portada\",\"item\":\"https:\\\/\\\/schoenstatt.com\\\/pt-pt\\\/home\\\/\"},{\"@type\":\"ListItem\",\"position\":2,\"name\":\"Lan\u00e7ado o memorando do CIOF Paraguai\"}]},{\"@type\":\"WebSite\",\"@id\":\"https:\\\/\\\/schoenstatt.com\\\/pt-pt\\\/#website\",\"url\":\"https:\\\/\\\/schoenstatt.com\\\/pt-pt\\\/\",\"name\":\"Schoenstatt\",\"description\":\"Apostolic Movement\",\"publisher\":{\"@id\":\"https:\\\/\\\/schoenstatt.com\\\/pt-pt\\\/#organization\"},\"potentialAction\":[{\"@type\":\"SearchAction\",\"target\":{\"@type\":\"EntryPoint\",\"urlTemplate\":\"https:\\\/\\\/schoenstatt.com\\\/pt-pt\\\/?s={search_term_string}\"},\"query-input\":{\"@type\":\"PropertyValueSpecification\",\"valueRequired\":true,\"valueName\":\"search_term_string\"}}],\"inLanguage\":\"pt-PT\"},{\"@type\":\"Organization\",\"@id\":\"https:\\\/\\\/schoenstatt.com\\\/pt-pt\\\/#organization\",\"name\":\"Schoenstatt\",\"url\":\"https:\\\/\\\/schoenstatt.com\\\/pt-pt\\\/\",\"logo\":{\"@type\":\"ImageObject\",\"inLanguage\":\"pt-PT\",\"@id\":\"https:\\\/\\\/schoenstatt.com\\\/pt-pt\\\/#\\\/schema\\\/logo\\\/image\\\/\",\"url\":\"https:\\\/\\\/schoenstatt.com\\\/wp-content\\\/uploads\\\/2025\\\/04\\\/logo-schoenstatt-white-696x696-1.png\",\"contentUrl\":\"https:\\\/\\\/schoenstatt.com\\\/wp-content\\\/uploads\\\/2025\\\/04\\\/logo-schoenstatt-white-696x696-1.png\",\"width\":696,\"height\":694,\"caption\":\"Schoenstatt\"},\"image\":{\"@id\":\"https:\\\/\\\/schoenstatt.com\\\/pt-pt\\\/#\\\/schema\\\/logo\\\/image\\\/\"}},{\"@type\":\"Person\",\"@id\":\"https:\\\/\\\/schoenstatt.com\\\/pt-pt\\\/#\\\/schema\\\/person\\\/5158877ad4acae98b34daaeef2a1ce6e\",\"name\":\"Karen Bueno\",\"image\":{\"@type\":\"ImageObject\",\"inLanguage\":\"pt-PT\",\"@id\":\"https:\\\/\\\/secure.gravatar.com\\\/avatar\\\/f9f4b823873154269d2b2130f195f6d41037dd0d7fc5f3cacb5c846bae70d66b?s=96&d=mm&r=g\",\"url\":\"https:\\\/\\\/secure.gravatar.com\\\/avatar\\\/f9f4b823873154269d2b2130f195f6d41037dd0d7fc5f3cacb5c846bae70d66b?s=96&d=mm&r=g\",\"contentUrl\":\"https:\\\/\\\/secure.gravatar.com\\\/avatar\\\/f9f4b823873154269d2b2130f195f6d41037dd0d7fc5f3cacb5c846bae70d66b?s=96&d=mm&r=g\",\"caption\":\"Karen Bueno\"},\"url\":\"https:\\\/\\\/schoenstatt.com\\\/pt-pt\\\/author\\\/karen-bueno\\\/\"}]}<\/script>\n<!-- \/ Yoast SEO Premium plugin. -->","yoast_head_json":{"title":"Lan\u00e7ado o memorando do CIOF Paraguai - Schoenstatt","description":"Veja aqui o documento final do Congresso Internacional da Obra de Fam\u00edlias de Schoenstatt realizado no Paraguai.","robots":{"index":"index","follow":"follow","max-snippet":"max-snippet:-1","max-image-preview":"max-image-preview:large","max-video-preview":"max-video-preview:-1"},"canonical":"https:\/\/schoenstatt.com\/pt-pt\/lancado-o-memorando-do-ciof-paraguai\/","og_locale":"pt_PT","og_type":"article","og_title":"Lan\u00e7ado o memorando do CIOF Paraguai","og_description":"Veja aqui o documento final do Congresso Internacional da Obra de Fam\u00edlias de Schoenstatt realizado no Paraguai.","og_url":"https:\/\/schoenstatt.com\/pt-pt\/lancado-o-memorando-do-ciof-paraguai\/","og_site_name":"Schoenstatt","article_published_time":"2023-09-26T13:05:37+00:00","article_modified_time":"2025-04-18T19:23:07+00:00","og_image":[{"width":2048,"height":1329,"url":"https:\/\/schoenstatt.com\/wp-content\/uploads\/2023\/09\/Obra-das-Familias-de-Schoenstatt-CIOF-2022-1.jpg","type":"image\/jpeg"}],"author":"Karen Bueno","twitter_card":"summary_large_image","twitter_misc":{"Escrito por":"Karen Bueno","Tempo estimado de leitura":"3 minutos"},"schema":{"@context":"https:\/\/schema.org","@graph":[{"@type":"Article","@id":"https:\/\/schoenstatt.com\/pt-pt\/lancado-o-memorando-do-ciof-paraguai\/#article","isPartOf":{"@id":"https:\/\/schoenstatt.com\/pt-pt\/lancado-o-memorando-do-ciof-paraguai\/"},"author":{"name":"Karen Bueno","@id":"https:\/\/schoenstatt.com\/pt-pt\/#\/schema\/person\/5158877ad4acae98b34daaeef2a1ce6e"},"headline":"Lan\u00e7ado o memorando do CIOF Paraguai","datePublished":"2023-09-26T13:05:37+00:00","dateModified":"2025-04-18T19:23:07+00:00","mainEntityOfPage":{"@id":"https:\/\/schoenstatt.com\/pt-pt\/lancado-o-memorando-do-ciof-paraguai\/"},"wordCount":692,"publisher":{"@id":"https:\/\/schoenstatt.com\/pt-pt\/#organization"},"image":{"@id":"https:\/\/schoenstatt.com\/pt-pt\/lancado-o-memorando-do-ciof-paraguai\/#primaryimage"},"thumbnailUrl":"https:\/\/schoenstatt.com\/wp-content\/uploads\/2023\/09\/Obra-das-Familias-de-Schoenstatt-CIOF-2022-1.jpg","articleSection":["Eventos","Fam\u00edlia"],"inLanguage":"pt-PT"},{"@type":"WebPage","@id":"https:\/\/schoenstatt.com\/pt-pt\/lancado-o-memorando-do-ciof-paraguai\/","url":"https:\/\/schoenstatt.com\/pt-pt\/lancado-o-memorando-do-ciof-paraguai\/","name":"Lan\u00e7ado o memorando do CIOF Paraguai - Schoenstatt","isPartOf":{"@id":"https:\/\/schoenstatt.com\/pt-pt\/#website"},"primaryImageOfPage":{"@id":"https:\/\/schoenstatt.com\/pt-pt\/lancado-o-memorando-do-ciof-paraguai\/#primaryimage"},"image":{"@id":"https:\/\/schoenstatt.com\/pt-pt\/lancado-o-memorando-do-ciof-paraguai\/#primaryimage"},"thumbnailUrl":"https:\/\/schoenstatt.com\/wp-content\/uploads\/2023\/09\/Obra-das-Familias-de-Schoenstatt-CIOF-2022-1.jpg","datePublished":"2023-09-26T13:05:37+00:00","dateModified":"2025-04-18T19:23:07+00:00","description":"Veja aqui o documento final do Congresso Internacional da Obra de Fam\u00edlias de Schoenstatt realizado no Paraguai.","breadcrumb":{"@id":"https:\/\/schoenstatt.com\/pt-pt\/lancado-o-memorando-do-ciof-paraguai\/#breadcrumb"},"inLanguage":"pt-PT","potentialAction":[{"@type":"ReadAction","target":["https:\/\/schoenstatt.com\/pt-pt\/lancado-o-memorando-do-ciof-paraguai\/"]}]},{"@type":"ImageObject","inLanguage":"pt-PT","@id":"https:\/\/schoenstatt.com\/pt-pt\/lancado-o-memorando-do-ciof-paraguai\/#primaryimage","url":"https:\/\/schoenstatt.com\/wp-content\/uploads\/2023\/09\/Obra-das-Familias-de-Schoenstatt-CIOF-2022-1.jpg","contentUrl":"https:\/\/schoenstatt.com\/wp-content\/uploads\/2023\/09\/Obra-das-Familias-de-Schoenstatt-CIOF-2022-1.jpg","width":2048,"height":1329},{"@type":"BreadcrumbList","@id":"https:\/\/schoenstatt.com\/pt-pt\/lancado-o-memorando-do-ciof-paraguai\/#breadcrumb","itemListElement":[{"@type":"ListItem","position":1,"name":"Portada","item":"https:\/\/schoenstatt.com\/pt-pt\/home\/"},{"@type":"ListItem","position":2,"name":"Lan\u00e7ado o memorando do CIOF Paraguai"}]},{"@type":"WebSite","@id":"https:\/\/schoenstatt.com\/pt-pt\/#website","url":"https:\/\/schoenstatt.com\/pt-pt\/","name":"Schoenstatt","description":"Apostolic Movement","publisher":{"@id":"https:\/\/schoenstatt.com\/pt-pt\/#organization"},"potentialAction":[{"@type":"SearchAction","target":{"@type":"EntryPoint","urlTemplate":"https:\/\/schoenstatt.com\/pt-pt\/?s={search_term_string}"},"query-input":{"@type":"PropertyValueSpecification","valueRequired":true,"valueName":"search_term_string"}}],"inLanguage":"pt-PT"},{"@type":"Organization","@id":"https:\/\/schoenstatt.com\/pt-pt\/#organization","name":"Schoenstatt","url":"https:\/\/schoenstatt.com\/pt-pt\/","logo":{"@type":"ImageObject","inLanguage":"pt-PT","@id":"https:\/\/schoenstatt.com\/pt-pt\/#\/schema\/logo\/image\/","url":"https:\/\/schoenstatt.com\/wp-content\/uploads\/2025\/04\/logo-schoenstatt-white-696x696-1.png","contentUrl":"https:\/\/schoenstatt.com\/wp-content\/uploads\/2025\/04\/logo-schoenstatt-white-696x696-1.png","width":696,"height":694,"caption":"Schoenstatt"},"image":{"@id":"https:\/\/schoenstatt.com\/pt-pt\/#\/schema\/logo\/image\/"}},{"@type":"Person","@id":"https:\/\/schoenstatt.com\/pt-pt\/#\/schema\/person\/5158877ad4acae98b34daaeef2a1ce6e","name":"Karen Bueno","image":{"@type":"ImageObject","inLanguage":"pt-PT","@id":"https:\/\/secure.gravatar.com\/avatar\/f9f4b823873154269d2b2130f195f6d41037dd0d7fc5f3cacb5c846bae70d66b?s=96&d=mm&r=g","url":"https:\/\/secure.gravatar.com\/avatar\/f9f4b823873154269d2b2130f195f6d41037dd0d7fc5f3cacb5c846bae70d66b?s=96&d=mm&r=g","contentUrl":"https:\/\/secure.gravatar.com\/avatar\/f9f4b823873154269d2b2130f195f6d41037dd0d7fc5f3cacb5c846bae70d66b?s=96&d=mm&r=g","caption":"Karen Bueno"},"url":"https:\/\/schoenstatt.com\/pt-pt\/author\/karen-bueno\/"}]}},"_links":{"self":[{"href":"https:\/\/schoenstatt.com\/pt-pt\/wp-json\/wp\/v2\/posts\/32616","targetHints":{"allow":["GET"]}}],"collection":[{"href":"https:\/\/schoenstatt.com\/pt-pt\/wp-json\/wp\/v2\/posts"}],"about":[{"href":"https:\/\/schoenstatt.com\/pt-pt\/wp-json\/wp\/v2\/types\/post"}],"author":[{"embeddable":true,"href":"https:\/\/schoenstatt.com\/pt-pt\/wp-json\/wp\/v2\/users\/3"}],"replies":[{"embeddable":true,"href":"https:\/\/schoenstatt.com\/pt-pt\/wp-json\/wp\/v2\/comments?post=32616"}],"version-history":[{"count":1,"href":"https:\/\/schoenstatt.com\/pt-pt\/wp-json\/wp\/v2\/posts\/32616\/revisions"}],"predecessor-version":[{"id":46283,"href":"https:\/\/schoenstatt.com\/pt-pt\/wp-json\/wp\/v2\/posts\/32616\/revisions\/46283"}],"wp:featuredmedia":[{"embeddable":true,"href":"https:\/\/schoenstatt.com\/pt-pt\/wp-json\/wp\/v2\/media\/32584"}],"wp:attachment":[{"href":"https:\/\/schoenstatt.com\/pt-pt\/wp-json\/wp\/v2\/media?parent=32616"}],"wp:term":[{"taxonomy":"category","embeddable":true,"href":"https:\/\/schoenstatt.com\/pt-pt\/wp-json\/wp\/v2\/categories?post=32616"},{"taxonomy":"post_tag","embeddable":true,"href":"https:\/\/schoenstatt.com\/pt-pt\/wp-json\/wp\/v2\/tags?post=32616"}],"curies":[{"name":"wp","href":"https:\/\/api.w.org\/{rel}","templated":true}]}}