{"id":32565,"date":"2023-09-22T14:53:05","date_gmt":"2023-09-22T12:53:05","guid":{"rendered":"https:\/\/schoenstatt.com\/?p=32565"},"modified":"2025-05-16T03:03:33","modified_gmt":"2025-05-16T01:03:33","slug":"schoenstatt-together-com-a-igreja-com-o-papa-pelo-sinodo","status":"publish","type":"post","link":"https:\/\/schoenstatt.com\/pt-pt\/schoenstatt-together-com-a-igreja-com-o-papa-pelo-sinodo\/","title":{"rendered":"\u201cSchoenstatt Together\u201d &#8211; Com a Igreja, com o Papa, pelo S\u00ednodo"},"content":{"rendered":"<p>Aproxima-se um dos grandes momentos do caminho sinodal da Igreja. Em outubro de 2023 acontece a XVI Assembleia Geral Ordin\u00e1ria do S\u00ednodo dos Bispos, sobre o tema: \u201cPor uma Igreja Sinodal: Comunh\u00e3o, participa\u00e7\u00e3o e miss\u00e3o\u201d. Nela, estar\u00e3o reunidos representantes de todos os continentes: leigos, religiosos, bispos, sacerdotes e demais convocados. O Movimento Apost\u00f3lico de Schoenstatt ter\u00e1 tr\u00eas participantes, com nomes publicados na lista de convoca\u00e7\u00e3o oficial: <a href=\"https:\/\/schoenstatt.com\/pt-pt\/igreja\/3-schoenstattianos-convocados-para-o-sinodo-rezemos-por-eles\/\">veja os detalhes aqui<\/a>.<\/p>\n<h2>Together: Uma vig\u00edlia para toda a Igreja \u2013 Vamos juntos?<\/h2>\n<p>A prepara\u00e7\u00e3o espiritual para esse grande encontro ter\u00e1, como \u00e1pice, uma vig\u00edlia no Vaticano, convocada pelo Papa Francisco.<\/p>\n<p><strong>No dia 30 de setembro, acontece a iniciativa \u201cTogether \u2013 Encontro do Povo de Deus\u201d<\/strong> e a Vig\u00edlia Ecum\u00eanica de Ora\u00e7\u00e3o, presidida pelo Santo Padre na Pra\u00e7a de S\u00e3o Pedro. Ela ser\u00e1 na v\u00e9spera da XVI Assembleia Geral, pedindo o Esp\u00edrito Santo sobre todos que participar\u00e3o do S\u00ednodo.<\/p>\n<p>A organiza\u00e7\u00e3o deste evento est\u00e1 a cargo da Comunidade Taiz\u00e9. Ser\u00e1 transmitida ao vivo, pelo canais de comunica\u00e7\u00e3o do Vaticano. Por ser ecum\u00eanica, ter\u00e1 representantes de diferentes denomina\u00e7\u00f5es, unindo-se em louvor e sil\u00eancio, na escuta da Palavra.<\/p>\n<p>O p\u00fablico alvo convocado para a vig\u00edlia s\u00e3o os jovens, entre os 18 e 35 anos, de todas as confiss\u00f5es eclesiais. Eles ter\u00e3o atividades durante todo o final de semana em Roma. No entanto, todas as pessoas, de todas as idades, s\u00e3o tamb\u00e9m convidadas a tomar parte desse momento.<\/p>\n<h2>Schoenstatt Together no Santu\u00e1rio Original e no mundo<\/h2>\n<p>Unidos \u00e0 toda a Igreja, tamb\u00e9m o Movimento Apost\u00f3lico de Schoenstatt se une nessa vig\u00edlia de ora\u00e7\u00e3o.<\/p>\n<p><strong>No Santu\u00e1rio Original acontece um momento de ora\u00e7\u00e3o pelo S\u00ednodo no dia 30 de setembro, das 20 \u00e0s 21 horas<\/strong> (segundo o hor\u00e1rio local).<\/p>\n<p>&#8211; Voc\u00ea pode acompanhar a transmiss\u00e3o pela webcam e participar desse momento especial: <a href=\"https:\/\/urheiligtum.de\/PT\/10-Servico\/99-Webcam.php\" target=\"_blank\" rel=\"noopener\">acesse aqui a webcam<\/a>.<\/p>\n<p>Pessoas de todo o Movimento s\u00e3o tamb\u00e9m convidadas a organizar um momento de ora\u00e7\u00e3o pelo S\u00ednodo, durante o final de semana do dia 30. Os grupos podem se reunir nos Santu\u00e1rios, nas Par\u00f3quias, nos Santu\u00e1rios Lares, onde for poss\u00edvel, para juntos rezarem pelo S\u00ednodo.<\/p>\n<p>Voc\u00ea encontra mais informa\u00e7\u00f5es sobre o evento neste site &#8211; <a href=\"https:\/\/together2023.net\/pt\/home-portuguese\/\" target=\"_blank\" rel=\"noopener\">https:\/\/together2023.net\/<\/a><\/p>\n<h3>O convite do Papa Francisco<\/h3>\n<p><iframe title=\"Pope Francis announces Together 2023\" src=\"https:\/\/player.vimeo.com\/video\/789799385?h=c66040154f&amp;dnt=1&amp;app_id=122963\" width=\"1080\" height=\"608\" frameborder=\"0\" allowfullscreen=\"allowfullscreen\"><\/iframe><br \/>\n<em>\u201cO caminho da unidade crist\u00e3 e o caminho da convers\u00e3o sinodal da Igreja est\u00e3o ligados. Gostaria de aproveitar esta oportunidade para anunciar que no s\u00e1bado, 30 de Setembro, ser\u00e1 realizada uma vig\u00edlia de ora\u00e7\u00e3o ecum\u00e9nica na Pra\u00e7a de S\u00e3o Pedro, \u00e0 qual confiaremos os trabalhos da 16\u00aa Assembleia Geral Ordin\u00e1ria do S\u00ednodo dos Bispos. Para os jovens que se aproximam da vig\u00edlia, haver\u00e1 um programa especial ao longo desse fim-de-semana, confiado \u00e0 comunidade de Taiz\u00e9. A partir de agora, convido irm\u00e3os e irm\u00e3s de todas as denomina\u00e7\u00f5es crist\u00e3s a participar neste \u201cEncontro do Povo de Deus\u201d.<\/em><\/p>\n","protected":false},"excerpt":{"rendered":"<p>Temos um convite para toda a Fam\u00edlia de Schoenstatt: Vamos juntos rezar pelo S\u00ednodo? Unidos com toda a Igreja e com o Papa Francisco, teremos um momento especial no Santu\u00e1rio Original de Schoenstatt, dia 30 de setembro. Voc\u00ea tamb\u00e9m \u00e9 convidado a se reunir com seu grupo, no seu pa\u00eds, para um momento de ora\u00e7\u00e3o.<\/p>\n","protected":false},"author":3,"featured_media":32570,"comment_status":"closed","ping_status":"closed","sticky":false,"template":"","format":"standard","meta":{"footnotes":""},"categories":[608,696],"tags":[],"class_list":["post-32565","post","type-post","status-publish","format-standard","has-post-thumbnail","hentry","category-igreja-pt-pt","category-santuario-original-pt-pt"],"yoast_head":"<!-- This site is optimized with the Yoast SEO Premium plugin v27.4 (Yoast SEO v27.4) - https:\/\/yoast.com\/product\/yoast-seo-premium-wordpress\/ -->\n<title>\u201cSchoenstatt Together\u201d - Com a Igreja, com o Papa, pelo S\u00ednodo<\/title>\n<meta name=\"description\" content=\"Schoenstatt Together \u2013 uma iniciativa de ora\u00e7\u00e3o pela Igreja e pelo S\u00ednodo. No Santu\u00e1rio Original. Veja aqui como participar.\" \/>\n<meta name=\"robots\" content=\"index, follow, max-snippet:-1, max-image-preview:large, max-video-preview:-1\" \/>\n<link rel=\"canonical\" href=\"https:\/\/schoenstatt.com\/pt-pt\/schoenstatt-together-com-a-igreja-com-o-papa-pelo-sinodo\/\" \/>\n<meta property=\"og:locale\" content=\"pt_PT\" \/>\n<meta property=\"og:type\" content=\"article\" \/>\n<meta property=\"og:title\" content=\"\u201cSchoenstatt Together\u201d - Com a Igreja, com o Papa, pelo S\u00ednodo\" \/>\n<meta property=\"og:description\" content=\"Schoenstatt Together \u2013 uma iniciativa de ora\u00e7\u00e3o pela Igreja e pelo S\u00ednodo. No Santu\u00e1rio Original. Veja aqui como participar.\" \/>\n<meta property=\"og:url\" content=\"https:\/\/schoenstatt.com\/pt-pt\/schoenstatt-together-com-a-igreja-com-o-papa-pelo-sinodo\/\" \/>\n<meta property=\"og:site_name\" content=\"Schoenstatt\" \/>\n<meta property=\"article:published_time\" content=\"2023-09-22T12:53:05+00:00\" \/>\n<meta property=\"article:modified_time\" content=\"2025-05-16T01:03:33+00:00\" \/>\n<meta property=\"og:image\" content=\"https:\/\/schoenstatt.com\/wp-content\/uploads\/2023\/09\/Logo-Together-1.jpg\" \/>\n\t<meta property=\"og:image:width\" content=\"2048\" \/>\n\t<meta property=\"og:image:height\" content=\"1152\" \/>\n\t<meta property=\"og:image:type\" content=\"image\/jpeg\" \/>\n<meta name=\"author\" content=\"Karen Bueno\" \/>\n<meta name=\"twitter:card\" content=\"summary_large_image\" \/>\n<meta name=\"twitter:label1\" content=\"Escrito por\" \/>\n\t<meta name=\"twitter:data1\" content=\"Karen Bueno\" \/>\n\t<meta name=\"twitter:label2\" content=\"Tempo estimado de leitura\" \/>\n\t<meta name=\"twitter:data2\" content=\"2 minutos\" \/>\n<script type=\"application\/ld+json\" class=\"yoast-schema-graph\">{\"@context\":\"https:\\\/\\\/schema.org\",\"@graph\":[{\"@type\":\"Article\",\"@id\":\"https:\\\/\\\/schoenstatt.com\\\/pt-pt\\\/schoenstatt-together-com-a-igreja-com-o-papa-pelo-sinodo\\\/#article\",\"isPartOf\":{\"@id\":\"https:\\\/\\\/schoenstatt.com\\\/pt-pt\\\/schoenstatt-together-com-a-igreja-com-o-papa-pelo-sinodo\\\/\"},\"author\":{\"name\":\"Karen Bueno\",\"@id\":\"https:\\\/\\\/schoenstatt.com\\\/pt-pt\\\/#\\\/schema\\\/person\\\/5158877ad4acae98b34daaeef2a1ce6e\"},\"headline\":\"\u201cSchoenstatt Together\u201d &#8211; Com a Igreja, com o Papa, pelo S\u00ednodo\",\"datePublished\":\"2023-09-22T12:53:05+00:00\",\"dateModified\":\"2025-05-16T01:03:33+00:00\",\"mainEntityOfPage\":{\"@id\":\"https:\\\/\\\/schoenstatt.com\\\/pt-pt\\\/schoenstatt-together-com-a-igreja-com-o-papa-pelo-sinodo\\\/\"},\"wordCount\":521,\"publisher\":{\"@id\":\"https:\\\/\\\/schoenstatt.com\\\/pt-pt\\\/#organization\"},\"image\":{\"@id\":\"https:\\\/\\\/schoenstatt.com\\\/pt-pt\\\/schoenstatt-together-com-a-igreja-com-o-papa-pelo-sinodo\\\/#primaryimage\"},\"thumbnailUrl\":\"https:\\\/\\\/schoenstatt.com\\\/wp-content\\\/uploads\\\/2023\\\/09\\\/Logo-Together-1.jpg\",\"articleSection\":[\"Igreja\",\"Santu\u00e1rio Original\"],\"inLanguage\":\"pt-PT\"},{\"@type\":\"WebPage\",\"@id\":\"https:\\\/\\\/schoenstatt.com\\\/pt-pt\\\/schoenstatt-together-com-a-igreja-com-o-papa-pelo-sinodo\\\/\",\"url\":\"https:\\\/\\\/schoenstatt.com\\\/pt-pt\\\/schoenstatt-together-com-a-igreja-com-o-papa-pelo-sinodo\\\/\",\"name\":\"\u201cSchoenstatt Together\u201d - Com a Igreja, com o Papa, pelo S\u00ednodo\",\"isPartOf\":{\"@id\":\"https:\\\/\\\/schoenstatt.com\\\/pt-pt\\\/#website\"},\"primaryImageOfPage\":{\"@id\":\"https:\\\/\\\/schoenstatt.com\\\/pt-pt\\\/schoenstatt-together-com-a-igreja-com-o-papa-pelo-sinodo\\\/#primaryimage\"},\"image\":{\"@id\":\"https:\\\/\\\/schoenstatt.com\\\/pt-pt\\\/schoenstatt-together-com-a-igreja-com-o-papa-pelo-sinodo\\\/#primaryimage\"},\"thumbnailUrl\":\"https:\\\/\\\/schoenstatt.com\\\/wp-content\\\/uploads\\\/2023\\\/09\\\/Logo-Together-1.jpg\",\"datePublished\":\"2023-09-22T12:53:05+00:00\",\"dateModified\":\"2025-05-16T01:03:33+00:00\",\"description\":\"Schoenstatt Together \u2013 uma iniciativa de ora\u00e7\u00e3o pela Igreja e pelo S\u00ednodo. No Santu\u00e1rio Original. Veja aqui como participar.\",\"breadcrumb\":{\"@id\":\"https:\\\/\\\/schoenstatt.com\\\/pt-pt\\\/schoenstatt-together-com-a-igreja-com-o-papa-pelo-sinodo\\\/#breadcrumb\"},\"inLanguage\":\"pt-PT\",\"potentialAction\":[{\"@type\":\"ReadAction\",\"target\":[\"https:\\\/\\\/schoenstatt.com\\\/pt-pt\\\/schoenstatt-together-com-a-igreja-com-o-papa-pelo-sinodo\\\/\"]}]},{\"@type\":\"ImageObject\",\"inLanguage\":\"pt-PT\",\"@id\":\"https:\\\/\\\/schoenstatt.com\\\/pt-pt\\\/schoenstatt-together-com-a-igreja-com-o-papa-pelo-sinodo\\\/#primaryimage\",\"url\":\"https:\\\/\\\/schoenstatt.com\\\/wp-content\\\/uploads\\\/2023\\\/09\\\/Logo-Together-1.jpg\",\"contentUrl\":\"https:\\\/\\\/schoenstatt.com\\\/wp-content\\\/uploads\\\/2023\\\/09\\\/Logo-Together-1.jpg\",\"width\":2048,\"height\":1152},{\"@type\":\"BreadcrumbList\",\"@id\":\"https:\\\/\\\/schoenstatt.com\\\/pt-pt\\\/schoenstatt-together-com-a-igreja-com-o-papa-pelo-sinodo\\\/#breadcrumb\",\"itemListElement\":[{\"@type\":\"ListItem\",\"position\":1,\"name\":\"Portada\",\"item\":\"https:\\\/\\\/schoenstatt.com\\\/pt-pt\\\/home\\\/\"},{\"@type\":\"ListItem\",\"position\":2,\"name\":\"\u201cSchoenstatt Together\u201d &#8211; Com a Igreja, com o Papa, pelo S\u00ednodo\"}]},{\"@type\":\"WebSite\",\"@id\":\"https:\\\/\\\/schoenstatt.com\\\/pt-pt\\\/#website\",\"url\":\"https:\\\/\\\/schoenstatt.com\\\/pt-pt\\\/\",\"name\":\"Schoenstatt\",\"description\":\"Apostolic Movement\",\"publisher\":{\"@id\":\"https:\\\/\\\/schoenstatt.com\\\/pt-pt\\\/#organization\"},\"potentialAction\":[{\"@type\":\"SearchAction\",\"target\":{\"@type\":\"EntryPoint\",\"urlTemplate\":\"https:\\\/\\\/schoenstatt.com\\\/pt-pt\\\/?s={search_term_string}\"},\"query-input\":{\"@type\":\"PropertyValueSpecification\",\"valueRequired\":true,\"valueName\":\"search_term_string\"}}],\"inLanguage\":\"pt-PT\"},{\"@type\":\"Organization\",\"@id\":\"https:\\\/\\\/schoenstatt.com\\\/pt-pt\\\/#organization\",\"name\":\"Schoenstatt\",\"url\":\"https:\\\/\\\/schoenstatt.com\\\/pt-pt\\\/\",\"logo\":{\"@type\":\"ImageObject\",\"inLanguage\":\"pt-PT\",\"@id\":\"https:\\\/\\\/schoenstatt.com\\\/pt-pt\\\/#\\\/schema\\\/logo\\\/image\\\/\",\"url\":\"https:\\\/\\\/schoenstatt.com\\\/wp-content\\\/uploads\\\/2025\\\/04\\\/logo-schoenstatt-white-696x696-1.png\",\"contentUrl\":\"https:\\\/\\\/schoenstatt.com\\\/wp-content\\\/uploads\\\/2025\\\/04\\\/logo-schoenstatt-white-696x696-1.png\",\"width\":696,\"height\":694,\"caption\":\"Schoenstatt\"},\"image\":{\"@id\":\"https:\\\/\\\/schoenstatt.com\\\/pt-pt\\\/#\\\/schema\\\/logo\\\/image\\\/\"}},{\"@type\":\"Person\",\"@id\":\"https:\\\/\\\/schoenstatt.com\\\/pt-pt\\\/#\\\/schema\\\/person\\\/5158877ad4acae98b34daaeef2a1ce6e\",\"name\":\"Karen Bueno\",\"image\":{\"@type\":\"ImageObject\",\"inLanguage\":\"pt-PT\",\"@id\":\"https:\\\/\\\/secure.gravatar.com\\\/avatar\\\/f9f4b823873154269d2b2130f195f6d41037dd0d7fc5f3cacb5c846bae70d66b?s=96&d=mm&r=g\",\"url\":\"https:\\\/\\\/secure.gravatar.com\\\/avatar\\\/f9f4b823873154269d2b2130f195f6d41037dd0d7fc5f3cacb5c846bae70d66b?s=96&d=mm&r=g\",\"contentUrl\":\"https:\\\/\\\/secure.gravatar.com\\\/avatar\\\/f9f4b823873154269d2b2130f195f6d41037dd0d7fc5f3cacb5c846bae70d66b?s=96&d=mm&r=g\",\"caption\":\"Karen Bueno\"},\"url\":\"https:\\\/\\\/schoenstatt.com\\\/pt-pt\\\/author\\\/karen-bueno\\\/\"}]}<\/script>\n<!-- \/ Yoast SEO Premium plugin. -->","yoast_head_json":{"title":"\u201cSchoenstatt Together\u201d - Com a Igreja, com o Papa, pelo S\u00ednodo","description":"Schoenstatt Together \u2013 uma iniciativa de ora\u00e7\u00e3o pela Igreja e pelo S\u00ednodo. No Santu\u00e1rio Original. Veja aqui como participar.","robots":{"index":"index","follow":"follow","max-snippet":"max-snippet:-1","max-image-preview":"max-image-preview:large","max-video-preview":"max-video-preview:-1"},"canonical":"https:\/\/schoenstatt.com\/pt-pt\/schoenstatt-together-com-a-igreja-com-o-papa-pelo-sinodo\/","og_locale":"pt_PT","og_type":"article","og_title":"\u201cSchoenstatt Together\u201d - Com a Igreja, com o Papa, pelo S\u00ednodo","og_description":"Schoenstatt Together \u2013 uma iniciativa de ora\u00e7\u00e3o pela Igreja e pelo S\u00ednodo. No Santu\u00e1rio Original. Veja aqui como participar.","og_url":"https:\/\/schoenstatt.com\/pt-pt\/schoenstatt-together-com-a-igreja-com-o-papa-pelo-sinodo\/","og_site_name":"Schoenstatt","article_published_time":"2023-09-22T12:53:05+00:00","article_modified_time":"2025-05-16T01:03:33+00:00","og_image":[{"width":2048,"height":1152,"url":"https:\/\/schoenstatt.com\/wp-content\/uploads\/2023\/09\/Logo-Together-1.jpg","type":"image\/jpeg"}],"author":"Karen Bueno","twitter_card":"summary_large_image","twitter_misc":{"Escrito por":"Karen Bueno","Tempo estimado de leitura":"2 minutos"},"schema":{"@context":"https:\/\/schema.org","@graph":[{"@type":"Article","@id":"https:\/\/schoenstatt.com\/pt-pt\/schoenstatt-together-com-a-igreja-com-o-papa-pelo-sinodo\/#article","isPartOf":{"@id":"https:\/\/schoenstatt.com\/pt-pt\/schoenstatt-together-com-a-igreja-com-o-papa-pelo-sinodo\/"},"author":{"name":"Karen Bueno","@id":"https:\/\/schoenstatt.com\/pt-pt\/#\/schema\/person\/5158877ad4acae98b34daaeef2a1ce6e"},"headline":"\u201cSchoenstatt Together\u201d &#8211; Com a Igreja, com o Papa, pelo S\u00ednodo","datePublished":"2023-09-22T12:53:05+00:00","dateModified":"2025-05-16T01:03:33+00:00","mainEntityOfPage":{"@id":"https:\/\/schoenstatt.com\/pt-pt\/schoenstatt-together-com-a-igreja-com-o-papa-pelo-sinodo\/"},"wordCount":521,"publisher":{"@id":"https:\/\/schoenstatt.com\/pt-pt\/#organization"},"image":{"@id":"https:\/\/schoenstatt.com\/pt-pt\/schoenstatt-together-com-a-igreja-com-o-papa-pelo-sinodo\/#primaryimage"},"thumbnailUrl":"https:\/\/schoenstatt.com\/wp-content\/uploads\/2023\/09\/Logo-Together-1.jpg","articleSection":["Igreja","Santu\u00e1rio Original"],"inLanguage":"pt-PT"},{"@type":"WebPage","@id":"https:\/\/schoenstatt.com\/pt-pt\/schoenstatt-together-com-a-igreja-com-o-papa-pelo-sinodo\/","url":"https:\/\/schoenstatt.com\/pt-pt\/schoenstatt-together-com-a-igreja-com-o-papa-pelo-sinodo\/","name":"\u201cSchoenstatt Together\u201d - Com a Igreja, com o Papa, pelo S\u00ednodo","isPartOf":{"@id":"https:\/\/schoenstatt.com\/pt-pt\/#website"},"primaryImageOfPage":{"@id":"https:\/\/schoenstatt.com\/pt-pt\/schoenstatt-together-com-a-igreja-com-o-papa-pelo-sinodo\/#primaryimage"},"image":{"@id":"https:\/\/schoenstatt.com\/pt-pt\/schoenstatt-together-com-a-igreja-com-o-papa-pelo-sinodo\/#primaryimage"},"thumbnailUrl":"https:\/\/schoenstatt.com\/wp-content\/uploads\/2023\/09\/Logo-Together-1.jpg","datePublished":"2023-09-22T12:53:05+00:00","dateModified":"2025-05-16T01:03:33+00:00","description":"Schoenstatt Together \u2013 uma iniciativa de ora\u00e7\u00e3o pela Igreja e pelo S\u00ednodo. No Santu\u00e1rio Original. Veja aqui como participar.","breadcrumb":{"@id":"https:\/\/schoenstatt.com\/pt-pt\/schoenstatt-together-com-a-igreja-com-o-papa-pelo-sinodo\/#breadcrumb"},"inLanguage":"pt-PT","potentialAction":[{"@type":"ReadAction","target":["https:\/\/schoenstatt.com\/pt-pt\/schoenstatt-together-com-a-igreja-com-o-papa-pelo-sinodo\/"]}]},{"@type":"ImageObject","inLanguage":"pt-PT","@id":"https:\/\/schoenstatt.com\/pt-pt\/schoenstatt-together-com-a-igreja-com-o-papa-pelo-sinodo\/#primaryimage","url":"https:\/\/schoenstatt.com\/wp-content\/uploads\/2023\/09\/Logo-Together-1.jpg","contentUrl":"https:\/\/schoenstatt.com\/wp-content\/uploads\/2023\/09\/Logo-Together-1.jpg","width":2048,"height":1152},{"@type":"BreadcrumbList","@id":"https:\/\/schoenstatt.com\/pt-pt\/schoenstatt-together-com-a-igreja-com-o-papa-pelo-sinodo\/#breadcrumb","itemListElement":[{"@type":"ListItem","position":1,"name":"Portada","item":"https:\/\/schoenstatt.com\/pt-pt\/home\/"},{"@type":"ListItem","position":2,"name":"\u201cSchoenstatt Together\u201d &#8211; Com a Igreja, com o Papa, pelo S\u00ednodo"}]},{"@type":"WebSite","@id":"https:\/\/schoenstatt.com\/pt-pt\/#website","url":"https:\/\/schoenstatt.com\/pt-pt\/","name":"Schoenstatt","description":"Apostolic Movement","publisher":{"@id":"https:\/\/schoenstatt.com\/pt-pt\/#organization"},"potentialAction":[{"@type":"SearchAction","target":{"@type":"EntryPoint","urlTemplate":"https:\/\/schoenstatt.com\/pt-pt\/?s={search_term_string}"},"query-input":{"@type":"PropertyValueSpecification","valueRequired":true,"valueName":"search_term_string"}}],"inLanguage":"pt-PT"},{"@type":"Organization","@id":"https:\/\/schoenstatt.com\/pt-pt\/#organization","name":"Schoenstatt","url":"https:\/\/schoenstatt.com\/pt-pt\/","logo":{"@type":"ImageObject","inLanguage":"pt-PT","@id":"https:\/\/schoenstatt.com\/pt-pt\/#\/schema\/logo\/image\/","url":"https:\/\/schoenstatt.com\/wp-content\/uploads\/2025\/04\/logo-schoenstatt-white-696x696-1.png","contentUrl":"https:\/\/schoenstatt.com\/wp-content\/uploads\/2025\/04\/logo-schoenstatt-white-696x696-1.png","width":696,"height":694,"caption":"Schoenstatt"},"image":{"@id":"https:\/\/schoenstatt.com\/pt-pt\/#\/schema\/logo\/image\/"}},{"@type":"Person","@id":"https:\/\/schoenstatt.com\/pt-pt\/#\/schema\/person\/5158877ad4acae98b34daaeef2a1ce6e","name":"Karen Bueno","image":{"@type":"ImageObject","inLanguage":"pt-PT","@id":"https:\/\/secure.gravatar.com\/avatar\/f9f4b823873154269d2b2130f195f6d41037dd0d7fc5f3cacb5c846bae70d66b?s=96&d=mm&r=g","url":"https:\/\/secure.gravatar.com\/avatar\/f9f4b823873154269d2b2130f195f6d41037dd0d7fc5f3cacb5c846bae70d66b?s=96&d=mm&r=g","contentUrl":"https:\/\/secure.gravatar.com\/avatar\/f9f4b823873154269d2b2130f195f6d41037dd0d7fc5f3cacb5c846bae70d66b?s=96&d=mm&r=g","caption":"Karen Bueno"},"url":"https:\/\/schoenstatt.com\/pt-pt\/author\/karen-bueno\/"}]}},"_links":{"self":[{"href":"https:\/\/schoenstatt.com\/pt-pt\/wp-json\/wp\/v2\/posts\/32565","targetHints":{"allow":["GET"]}}],"collection":[{"href":"https:\/\/schoenstatt.com\/pt-pt\/wp-json\/wp\/v2\/posts"}],"about":[{"href":"https:\/\/schoenstatt.com\/pt-pt\/wp-json\/wp\/v2\/types\/post"}],"author":[{"embeddable":true,"href":"https:\/\/schoenstatt.com\/pt-pt\/wp-json\/wp\/v2\/users\/3"}],"replies":[{"embeddable":true,"href":"https:\/\/schoenstatt.com\/pt-pt\/wp-json\/wp\/v2\/comments?post=32565"}],"version-history":[{"count":1,"href":"https:\/\/schoenstatt.com\/pt-pt\/wp-json\/wp\/v2\/posts\/32565\/revisions"}],"predecessor-version":[{"id":46274,"href":"https:\/\/schoenstatt.com\/pt-pt\/wp-json\/wp\/v2\/posts\/32565\/revisions\/46274"}],"wp:featuredmedia":[{"embeddable":true,"href":"https:\/\/schoenstatt.com\/pt-pt\/wp-json\/wp\/v2\/media\/32570"}],"wp:attachment":[{"href":"https:\/\/schoenstatt.com\/pt-pt\/wp-json\/wp\/v2\/media?parent=32565"}],"wp:term":[{"taxonomy":"category","embeddable":true,"href":"https:\/\/schoenstatt.com\/pt-pt\/wp-json\/wp\/v2\/categories?post=32565"},{"taxonomy":"post_tag","embeddable":true,"href":"https:\/\/schoenstatt.com\/pt-pt\/wp-json\/wp\/v2\/tags?post=32565"}],"curies":[{"name":"wp","href":"https:\/\/api.w.org\/{rel}","templated":true}]}}