{"id":32522,"date":"2023-09-18T06:37:28","date_gmt":"2023-09-18T04:37:28","guid":{"rendered":"https:\/\/schoenstatt.com\/espiritualidade\/covenant-day-let-us-live-attracting-everyone-to-god\/"},"modified":"2025-05-16T00:29:18","modified_gmt":"2025-05-15T22:29:18","slug":"dia-da-alianca-vivamos-atraindo-todos-para-deus","status":"publish","type":"post","link":"https:\/\/schoenstatt.com\/pt-pt\/dia-da-alianca-vivamos-atraindo-todos-para-deus\/","title":{"rendered":"Dia da Alian\u00e7a: Vivamos atraindo todos para Deus"},"content":{"rendered":"<p>Querida Fam\u00edlia de Schoenstatt,<\/p>\n<p>Desejo carinhosamente b\u00ean\u00e7\u00e3os a todos neste dia da Alian\u00e7a!<\/p>\n<p>Mais uma vez queremos renovar a nossa Alian\u00e7a de Amor com a M\u00e3e de Deus no Santu\u00e1rio de Schoenstatt. Cada um de n\u00f3s o far\u00e1 em seu Santu\u00e1rio filial, em algum lugar do mundo, ou no Santu\u00e1rio Original.<\/p>\n<p>O importante \u00e9 que renovemos a for\u00e7a secreta da nossa vitalidade. Sem a Alian\u00e7a de Amor nada foi feito em Schoenstatt. Todos sabemos, no entanto, que nada se faz nas nossas vidas sem <a href=\"https:\/\/schoenstatt.com\/pt-pt\/about\/espiritualidade\/capital-de-gracas\/\">Capital de Gra\u00e7as<\/a>. Isso faz parte do nosso compromisso com a M\u00e3e de Deus: nada sem V\u00f3s, nada sem n\u00f3s!<\/p>\n<h2>Pequenos, mas tamb\u00e9m grandes prop\u00f3sitos<\/h2>\n<p>Em nossa Fam\u00edlia expressamos o Capital de Gra\u00e7as com prop\u00f3sitos di\u00e1rios, pequenos e di\u00e1rios. Mas tamb\u00e9m, grandes prop\u00f3sitos que talvez nos ocupem toda a vida.<\/p>\n<p>Sabemos que Maria \u00e9 sempre fiel \u00e0 Alian\u00e7a \u201ccom abundantes gra\u00e7as e b\u00ean\u00e7\u00e3os\u201d. N\u00f3s, em troca, que desejamos ser seus pequenos instrumentos, nos vemos limitados pela nossa fragilidade. Mas nos colocamos diariamente em suas m\u00e3os, porque a nossa pequenez atrai o cora\u00e7\u00e3o de Deus Pai e da M\u00e3e de Deus.<\/p>\n<h3>Assim, tudo ganha sentido<\/h3>\n<p>O material do nosso Capital de Gra\u00e7as, o encontramos na rotina di\u00e1ria de nossas vidas. \u00c9 assim que tudo ganha sentido, toda alegria, todo amor, toda dor, todo apostolado, todo trabalho que temos que fazer. N\u00e3o \u00e9 dif\u00edcil encontrar o material para o nosso Capital de Gra\u00e7as, basta observar com os olhos de Deus o que temos para viver.<\/p>\n<p>\u00c9 assim que toda a nossa vida faz sentido, e mesmo nas maiores dificuldades que temos que viver, ela recebe uma luz esclarecedora da nossa Alian\u00e7a de Amor.<\/p>\n<h3>Contato di\u00e1rio simples de nossos cora\u00e7\u00f5es<\/h3>\n<p>M\u00e3e, sei que est\u00e1s sempre cuidando de mim, em todas as circunst\u00e2ncias: esta \u00e9 a nossa invoca\u00e7\u00e3o di\u00e1ria. Se enraizarmos o nosso amor no cora\u00e7\u00e3o dela e do seu Filho, viveremos em uma atmosfera que nos permitir\u00e1 passar pelo fogo. Por isso, nosso v\u00ednculo com Deus n\u00e3o consiste em pura especula\u00e7\u00e3o sobre sua exist\u00eancia e suas propriedades, mas no simples contato di\u00e1rio do nosso cora\u00e7\u00e3o com o cora\u00e7\u00e3o de Maria e de seu Filho. Nela encontramos a nossa morada, o nosso ninho humano e divino, e assim peregrinamos rumo \u00e0 morada do c\u00e9u.<\/p>\n<p>Precisamos, por\u00e9m, que este contato vital com Deus se concretize no contato de amor com os nossos irm\u00e3os e irm\u00e3s. S\u00e3o Jo\u00e3o adverte-nos seriamente: \u201cQuem diz que ama a Deus e n\u00e3o ama os seus irm\u00e3os \u00e9 mentiroso\u201d (1Jo 4,20). Todo o nosso Capital de Gra\u00e7as est\u00e1 assim orientado para o amor concreto ao pr\u00f3ximo. E essa \u00e9 a din\u00e2mica da Alian\u00e7a, o Santu\u00e1rio nos atrai \u00e0 M\u00e3e de Deus e a M\u00e3e de Deus nos envia a oferecer tudo por amor ao pr\u00f3ximo. A comunh\u00e3o com Deus comunica-se misteriosamente com a comunh\u00e3o com os irm\u00e3os.<\/p>\n<p>Que este dia da Alian\u00e7a renove a nossa disposi\u00e7\u00e3o de viver esse interc\u00e2mbio com a nossa querida M\u00e3e de Deus e com o Pai Misericordioso, em favor de todos, sem deixar ningu\u00e9m de fora, mas atraindo todos para o Deus Trino.<\/p>\n<p><img fetchpriority=\"high\" decoding=\"async\" class=\"alignnone size-medium wp-image-32512\" src=\"https:\/\/schoenstatt.com\/wp-content\/uploads\/2023\/09\/Padre-Alejandro-Blanco-276x300.jpg\" alt=\"\" width=\"276\" height=\"300\" \/><\/p>\n<p><strong>Pe. Alejandro Blanco<\/strong><br \/>\nUni\u00e3o Internacional dos Presb\u00edteros de Schoenstatt<br \/>\nSecret\u00e1rio Geral<\/p>\n","protected":false},"excerpt":{"rendered":"<p>Hoje, com toda a Fam\u00edlia Internacional de Schoenstatt, renovamos a nossa Alian\u00e7a de Amor com a nossa M\u00e3e e Rainha. Permanecemos unidos em um s\u00f3 cora\u00e7\u00e3o.<\/p>\n","protected":false},"author":3,"featured_media":32508,"comment_status":"closed","ping_status":"closed","sticky":false,"template":"","format":"standard","meta":{"footnotes":""},"categories":[916],"tags":[],"class_list":["post-32522","post","type-post","status-publish","format-standard","has-post-thumbnail","hentry","category-espiritualidade-pt-pt"],"yoast_head":"<!-- This site is optimized with the Yoast SEO Premium plugin v27.4 (Yoast SEO v27.4) - https:\/\/yoast.com\/product\/yoast-seo-premium-wordpress\/ -->\n<title>Dia da Alian\u00e7a: Vivamos atraindo todos para Deus<\/title>\n<meta name=\"description\" content=\"Hoje, com toda a Fam\u00edlia Internacional de Schoenstatt, renovamos a nossa Alian\u00e7a de Amor com a nossa M\u00e3e e Rainha.\" \/>\n<meta name=\"robots\" content=\"index, follow, max-snippet:-1, max-image-preview:large, max-video-preview:-1\" \/>\n<link rel=\"canonical\" href=\"https:\/\/schoenstatt.com\/pt-pt\/dia-da-alianca-vivamos-atraindo-todos-para-deus\/\" \/>\n<meta property=\"og:locale\" content=\"pt_PT\" \/>\n<meta property=\"og:type\" content=\"article\" \/>\n<meta property=\"og:title\" content=\"Dia da Alian\u00e7a: Vivamos atraindo todos para Deus\" \/>\n<meta property=\"og:description\" content=\"Hoje, com toda a Fam\u00edlia Internacional de Schoenstatt, renovamos a nossa Alian\u00e7a de Amor com a nossa M\u00e3e e Rainha.\" \/>\n<meta property=\"og:url\" content=\"https:\/\/schoenstatt.com\/pt-pt\/dia-da-alianca-vivamos-atraindo-todos-para-deus\/\" \/>\n<meta property=\"og:site_name\" content=\"Schoenstatt\" \/>\n<meta property=\"article:published_time\" content=\"2023-09-18T04:37:28+00:00\" \/>\n<meta property=\"article:modified_time\" content=\"2025-05-15T22:29:18+00:00\" \/>\n<meta property=\"og:image\" content=\"https:\/\/schoenstatt.com\/wp-content\/uploads\/2023\/09\/Schoenstatt-Santuario-Original-1.jpg\" \/>\n\t<meta property=\"og:image:width\" content=\"2048\" \/>\n\t<meta property=\"og:image:height\" content=\"1162\" \/>\n\t<meta property=\"og:image:type\" content=\"image\/jpeg\" \/>\n<meta name=\"author\" content=\"Karen Bueno\" \/>\n<meta name=\"twitter:card\" content=\"summary_large_image\" \/>\n<meta name=\"twitter:label1\" content=\"Escrito por\" \/>\n\t<meta name=\"twitter:data1\" content=\"Karen Bueno\" \/>\n\t<meta name=\"twitter:label2\" content=\"Tempo estimado de leitura\" \/>\n\t<meta name=\"twitter:data2\" content=\"3 minutos\" \/>\n<script type=\"application\/ld+json\" class=\"yoast-schema-graph\">{\"@context\":\"https:\\\/\\\/schema.org\",\"@graph\":[{\"@type\":\"Article\",\"@id\":\"https:\\\/\\\/schoenstatt.com\\\/pt-pt\\\/dia-da-alianca-vivamos-atraindo-todos-para-deus\\\/#article\",\"isPartOf\":{\"@id\":\"https:\\\/\\\/schoenstatt.com\\\/pt-pt\\\/dia-da-alianca-vivamos-atraindo-todos-para-deus\\\/\"},\"author\":{\"name\":\"Karen Bueno\",\"@id\":\"https:\\\/\\\/schoenstatt.com\\\/pt-pt\\\/#\\\/schema\\\/person\\\/5158877ad4acae98b34daaeef2a1ce6e\"},\"headline\":\"Dia da Alian\u00e7a: Vivamos atraindo todos para Deus\",\"datePublished\":\"2023-09-18T04:37:28+00:00\",\"dateModified\":\"2025-05-15T22:29:18+00:00\",\"mainEntityOfPage\":{\"@id\":\"https:\\\/\\\/schoenstatt.com\\\/pt-pt\\\/dia-da-alianca-vivamos-atraindo-todos-para-deus\\\/\"},\"wordCount\":600,\"publisher\":{\"@id\":\"https:\\\/\\\/schoenstatt.com\\\/pt-pt\\\/#organization\"},\"image\":{\"@id\":\"https:\\\/\\\/schoenstatt.com\\\/pt-pt\\\/dia-da-alianca-vivamos-atraindo-todos-para-deus\\\/#primaryimage\"},\"thumbnailUrl\":\"https:\\\/\\\/schoenstatt.com\\\/wp-content\\\/uploads\\\/2023\\\/09\\\/Schoenstatt-Santuario-Original-1.jpg\",\"articleSection\":[\"Espiritualidade\"],\"inLanguage\":\"pt-PT\"},{\"@type\":\"WebPage\",\"@id\":\"https:\\\/\\\/schoenstatt.com\\\/pt-pt\\\/dia-da-alianca-vivamos-atraindo-todos-para-deus\\\/\",\"url\":\"https:\\\/\\\/schoenstatt.com\\\/pt-pt\\\/dia-da-alianca-vivamos-atraindo-todos-para-deus\\\/\",\"name\":\"Dia da Alian\u00e7a: Vivamos atraindo todos para Deus\",\"isPartOf\":{\"@id\":\"https:\\\/\\\/schoenstatt.com\\\/pt-pt\\\/#website\"},\"primaryImageOfPage\":{\"@id\":\"https:\\\/\\\/schoenstatt.com\\\/pt-pt\\\/dia-da-alianca-vivamos-atraindo-todos-para-deus\\\/#primaryimage\"},\"image\":{\"@id\":\"https:\\\/\\\/schoenstatt.com\\\/pt-pt\\\/dia-da-alianca-vivamos-atraindo-todos-para-deus\\\/#primaryimage\"},\"thumbnailUrl\":\"https:\\\/\\\/schoenstatt.com\\\/wp-content\\\/uploads\\\/2023\\\/09\\\/Schoenstatt-Santuario-Original-1.jpg\",\"datePublished\":\"2023-09-18T04:37:28+00:00\",\"dateModified\":\"2025-05-15T22:29:18+00:00\",\"description\":\"Hoje, com toda a Fam\u00edlia Internacional de Schoenstatt, renovamos a nossa Alian\u00e7a de Amor com a nossa M\u00e3e e Rainha.\",\"breadcrumb\":{\"@id\":\"https:\\\/\\\/schoenstatt.com\\\/pt-pt\\\/dia-da-alianca-vivamos-atraindo-todos-para-deus\\\/#breadcrumb\"},\"inLanguage\":\"pt-PT\",\"potentialAction\":[{\"@type\":\"ReadAction\",\"target\":[\"https:\\\/\\\/schoenstatt.com\\\/pt-pt\\\/dia-da-alianca-vivamos-atraindo-todos-para-deus\\\/\"]}]},{\"@type\":\"ImageObject\",\"inLanguage\":\"pt-PT\",\"@id\":\"https:\\\/\\\/schoenstatt.com\\\/pt-pt\\\/dia-da-alianca-vivamos-atraindo-todos-para-deus\\\/#primaryimage\",\"url\":\"https:\\\/\\\/schoenstatt.com\\\/wp-content\\\/uploads\\\/2023\\\/09\\\/Schoenstatt-Santuario-Original-1.jpg\",\"contentUrl\":\"https:\\\/\\\/schoenstatt.com\\\/wp-content\\\/uploads\\\/2023\\\/09\\\/Schoenstatt-Santuario-Original-1.jpg\",\"width\":2048,\"height\":1162},{\"@type\":\"BreadcrumbList\",\"@id\":\"https:\\\/\\\/schoenstatt.com\\\/pt-pt\\\/dia-da-alianca-vivamos-atraindo-todos-para-deus\\\/#breadcrumb\",\"itemListElement\":[{\"@type\":\"ListItem\",\"position\":1,\"name\":\"Portada\",\"item\":\"https:\\\/\\\/schoenstatt.com\\\/pt-pt\\\/home\\\/\"},{\"@type\":\"ListItem\",\"position\":2,\"name\":\"Dia da Alian\u00e7a: Vivamos atraindo todos para Deus\"}]},{\"@type\":\"WebSite\",\"@id\":\"https:\\\/\\\/schoenstatt.com\\\/pt-pt\\\/#website\",\"url\":\"https:\\\/\\\/schoenstatt.com\\\/pt-pt\\\/\",\"name\":\"Schoenstatt\",\"description\":\"Apostolic Movement\",\"publisher\":{\"@id\":\"https:\\\/\\\/schoenstatt.com\\\/pt-pt\\\/#organization\"},\"potentialAction\":[{\"@type\":\"SearchAction\",\"target\":{\"@type\":\"EntryPoint\",\"urlTemplate\":\"https:\\\/\\\/schoenstatt.com\\\/pt-pt\\\/?s={search_term_string}\"},\"query-input\":{\"@type\":\"PropertyValueSpecification\",\"valueRequired\":true,\"valueName\":\"search_term_string\"}}],\"inLanguage\":\"pt-PT\"},{\"@type\":\"Organization\",\"@id\":\"https:\\\/\\\/schoenstatt.com\\\/pt-pt\\\/#organization\",\"name\":\"Schoenstatt\",\"url\":\"https:\\\/\\\/schoenstatt.com\\\/pt-pt\\\/\",\"logo\":{\"@type\":\"ImageObject\",\"inLanguage\":\"pt-PT\",\"@id\":\"https:\\\/\\\/schoenstatt.com\\\/pt-pt\\\/#\\\/schema\\\/logo\\\/image\\\/\",\"url\":\"https:\\\/\\\/schoenstatt.com\\\/wp-content\\\/uploads\\\/2025\\\/04\\\/logo-schoenstatt-white-696x696-1.png\",\"contentUrl\":\"https:\\\/\\\/schoenstatt.com\\\/wp-content\\\/uploads\\\/2025\\\/04\\\/logo-schoenstatt-white-696x696-1.png\",\"width\":696,\"height\":694,\"caption\":\"Schoenstatt\"},\"image\":{\"@id\":\"https:\\\/\\\/schoenstatt.com\\\/pt-pt\\\/#\\\/schema\\\/logo\\\/image\\\/\"}},{\"@type\":\"Person\",\"@id\":\"https:\\\/\\\/schoenstatt.com\\\/pt-pt\\\/#\\\/schema\\\/person\\\/5158877ad4acae98b34daaeef2a1ce6e\",\"name\":\"Karen Bueno\",\"image\":{\"@type\":\"ImageObject\",\"inLanguage\":\"pt-PT\",\"@id\":\"https:\\\/\\\/secure.gravatar.com\\\/avatar\\\/f9f4b823873154269d2b2130f195f6d41037dd0d7fc5f3cacb5c846bae70d66b?s=96&d=mm&r=g\",\"url\":\"https:\\\/\\\/secure.gravatar.com\\\/avatar\\\/f9f4b823873154269d2b2130f195f6d41037dd0d7fc5f3cacb5c846bae70d66b?s=96&d=mm&r=g\",\"contentUrl\":\"https:\\\/\\\/secure.gravatar.com\\\/avatar\\\/f9f4b823873154269d2b2130f195f6d41037dd0d7fc5f3cacb5c846bae70d66b?s=96&d=mm&r=g\",\"caption\":\"Karen Bueno\"},\"url\":\"https:\\\/\\\/schoenstatt.com\\\/pt-pt\\\/author\\\/karen-bueno\\\/\"}]}<\/script>\n<!-- \/ Yoast SEO Premium plugin. -->","yoast_head_json":{"title":"Dia da Alian\u00e7a: Vivamos atraindo todos para Deus","description":"Hoje, com toda a Fam\u00edlia Internacional de Schoenstatt, renovamos a nossa Alian\u00e7a de Amor com a nossa M\u00e3e e Rainha.","robots":{"index":"index","follow":"follow","max-snippet":"max-snippet:-1","max-image-preview":"max-image-preview:large","max-video-preview":"max-video-preview:-1"},"canonical":"https:\/\/schoenstatt.com\/pt-pt\/dia-da-alianca-vivamos-atraindo-todos-para-deus\/","og_locale":"pt_PT","og_type":"article","og_title":"Dia da Alian\u00e7a: Vivamos atraindo todos para Deus","og_description":"Hoje, com toda a Fam\u00edlia Internacional de Schoenstatt, renovamos a nossa Alian\u00e7a de Amor com a nossa M\u00e3e e Rainha.","og_url":"https:\/\/schoenstatt.com\/pt-pt\/dia-da-alianca-vivamos-atraindo-todos-para-deus\/","og_site_name":"Schoenstatt","article_published_time":"2023-09-18T04:37:28+00:00","article_modified_time":"2025-05-15T22:29:18+00:00","og_image":[{"width":2048,"height":1162,"url":"https:\/\/schoenstatt.com\/wp-content\/uploads\/2023\/09\/Schoenstatt-Santuario-Original-1.jpg","type":"image\/jpeg"}],"author":"Karen Bueno","twitter_card":"summary_large_image","twitter_misc":{"Escrito por":"Karen Bueno","Tempo estimado de leitura":"3 minutos"},"schema":{"@context":"https:\/\/schema.org","@graph":[{"@type":"Article","@id":"https:\/\/schoenstatt.com\/pt-pt\/dia-da-alianca-vivamos-atraindo-todos-para-deus\/#article","isPartOf":{"@id":"https:\/\/schoenstatt.com\/pt-pt\/dia-da-alianca-vivamos-atraindo-todos-para-deus\/"},"author":{"name":"Karen Bueno","@id":"https:\/\/schoenstatt.com\/pt-pt\/#\/schema\/person\/5158877ad4acae98b34daaeef2a1ce6e"},"headline":"Dia da Alian\u00e7a: Vivamos atraindo todos para Deus","datePublished":"2023-09-18T04:37:28+00:00","dateModified":"2025-05-15T22:29:18+00:00","mainEntityOfPage":{"@id":"https:\/\/schoenstatt.com\/pt-pt\/dia-da-alianca-vivamos-atraindo-todos-para-deus\/"},"wordCount":600,"publisher":{"@id":"https:\/\/schoenstatt.com\/pt-pt\/#organization"},"image":{"@id":"https:\/\/schoenstatt.com\/pt-pt\/dia-da-alianca-vivamos-atraindo-todos-para-deus\/#primaryimage"},"thumbnailUrl":"https:\/\/schoenstatt.com\/wp-content\/uploads\/2023\/09\/Schoenstatt-Santuario-Original-1.jpg","articleSection":["Espiritualidade"],"inLanguage":"pt-PT"},{"@type":"WebPage","@id":"https:\/\/schoenstatt.com\/pt-pt\/dia-da-alianca-vivamos-atraindo-todos-para-deus\/","url":"https:\/\/schoenstatt.com\/pt-pt\/dia-da-alianca-vivamos-atraindo-todos-para-deus\/","name":"Dia da Alian\u00e7a: Vivamos atraindo todos para Deus","isPartOf":{"@id":"https:\/\/schoenstatt.com\/pt-pt\/#website"},"primaryImageOfPage":{"@id":"https:\/\/schoenstatt.com\/pt-pt\/dia-da-alianca-vivamos-atraindo-todos-para-deus\/#primaryimage"},"image":{"@id":"https:\/\/schoenstatt.com\/pt-pt\/dia-da-alianca-vivamos-atraindo-todos-para-deus\/#primaryimage"},"thumbnailUrl":"https:\/\/schoenstatt.com\/wp-content\/uploads\/2023\/09\/Schoenstatt-Santuario-Original-1.jpg","datePublished":"2023-09-18T04:37:28+00:00","dateModified":"2025-05-15T22:29:18+00:00","description":"Hoje, com toda a Fam\u00edlia Internacional de Schoenstatt, renovamos a nossa Alian\u00e7a de Amor com a nossa M\u00e3e e Rainha.","breadcrumb":{"@id":"https:\/\/schoenstatt.com\/pt-pt\/dia-da-alianca-vivamos-atraindo-todos-para-deus\/#breadcrumb"},"inLanguage":"pt-PT","potentialAction":[{"@type":"ReadAction","target":["https:\/\/schoenstatt.com\/pt-pt\/dia-da-alianca-vivamos-atraindo-todos-para-deus\/"]}]},{"@type":"ImageObject","inLanguage":"pt-PT","@id":"https:\/\/schoenstatt.com\/pt-pt\/dia-da-alianca-vivamos-atraindo-todos-para-deus\/#primaryimage","url":"https:\/\/schoenstatt.com\/wp-content\/uploads\/2023\/09\/Schoenstatt-Santuario-Original-1.jpg","contentUrl":"https:\/\/schoenstatt.com\/wp-content\/uploads\/2023\/09\/Schoenstatt-Santuario-Original-1.jpg","width":2048,"height":1162},{"@type":"BreadcrumbList","@id":"https:\/\/schoenstatt.com\/pt-pt\/dia-da-alianca-vivamos-atraindo-todos-para-deus\/#breadcrumb","itemListElement":[{"@type":"ListItem","position":1,"name":"Portada","item":"https:\/\/schoenstatt.com\/pt-pt\/home\/"},{"@type":"ListItem","position":2,"name":"Dia da Alian\u00e7a: Vivamos atraindo todos para Deus"}]},{"@type":"WebSite","@id":"https:\/\/schoenstatt.com\/pt-pt\/#website","url":"https:\/\/schoenstatt.com\/pt-pt\/","name":"Schoenstatt","description":"Apostolic Movement","publisher":{"@id":"https:\/\/schoenstatt.com\/pt-pt\/#organization"},"potentialAction":[{"@type":"SearchAction","target":{"@type":"EntryPoint","urlTemplate":"https:\/\/schoenstatt.com\/pt-pt\/?s={search_term_string}"},"query-input":{"@type":"PropertyValueSpecification","valueRequired":true,"valueName":"search_term_string"}}],"inLanguage":"pt-PT"},{"@type":"Organization","@id":"https:\/\/schoenstatt.com\/pt-pt\/#organization","name":"Schoenstatt","url":"https:\/\/schoenstatt.com\/pt-pt\/","logo":{"@type":"ImageObject","inLanguage":"pt-PT","@id":"https:\/\/schoenstatt.com\/pt-pt\/#\/schema\/logo\/image\/","url":"https:\/\/schoenstatt.com\/wp-content\/uploads\/2025\/04\/logo-schoenstatt-white-696x696-1.png","contentUrl":"https:\/\/schoenstatt.com\/wp-content\/uploads\/2025\/04\/logo-schoenstatt-white-696x696-1.png","width":696,"height":694,"caption":"Schoenstatt"},"image":{"@id":"https:\/\/schoenstatt.com\/pt-pt\/#\/schema\/logo\/image\/"}},{"@type":"Person","@id":"https:\/\/schoenstatt.com\/pt-pt\/#\/schema\/person\/5158877ad4acae98b34daaeef2a1ce6e","name":"Karen Bueno","image":{"@type":"ImageObject","inLanguage":"pt-PT","@id":"https:\/\/secure.gravatar.com\/avatar\/f9f4b823873154269d2b2130f195f6d41037dd0d7fc5f3cacb5c846bae70d66b?s=96&d=mm&r=g","url":"https:\/\/secure.gravatar.com\/avatar\/f9f4b823873154269d2b2130f195f6d41037dd0d7fc5f3cacb5c846bae70d66b?s=96&d=mm&r=g","contentUrl":"https:\/\/secure.gravatar.com\/avatar\/f9f4b823873154269d2b2130f195f6d41037dd0d7fc5f3cacb5c846bae70d66b?s=96&d=mm&r=g","caption":"Karen Bueno"},"url":"https:\/\/schoenstatt.com\/pt-pt\/author\/karen-bueno\/"}]}},"_links":{"self":[{"href":"https:\/\/schoenstatt.com\/pt-pt\/wp-json\/wp\/v2\/posts\/32522","targetHints":{"allow":["GET"]}}],"collection":[{"href":"https:\/\/schoenstatt.com\/pt-pt\/wp-json\/wp\/v2\/posts"}],"about":[{"href":"https:\/\/schoenstatt.com\/pt-pt\/wp-json\/wp\/v2\/types\/post"}],"author":[{"embeddable":true,"href":"https:\/\/schoenstatt.com\/pt-pt\/wp-json\/wp\/v2\/users\/3"}],"replies":[{"embeddable":true,"href":"https:\/\/schoenstatt.com\/pt-pt\/wp-json\/wp\/v2\/comments?post=32522"}],"version-history":[{"count":1,"href":"https:\/\/schoenstatt.com\/pt-pt\/wp-json\/wp\/v2\/posts\/32522\/revisions"}],"predecessor-version":[{"id":46265,"href":"https:\/\/schoenstatt.com\/pt-pt\/wp-json\/wp\/v2\/posts\/32522\/revisions\/46265"}],"wp:featuredmedia":[{"embeddable":true,"href":"https:\/\/schoenstatt.com\/pt-pt\/wp-json\/wp\/v2\/media\/32508"}],"wp:attachment":[{"href":"https:\/\/schoenstatt.com\/pt-pt\/wp-json\/wp\/v2\/media?parent=32522"}],"wp:term":[{"taxonomy":"category","embeddable":true,"href":"https:\/\/schoenstatt.com\/pt-pt\/wp-json\/wp\/v2\/categories?post=32522"},{"taxonomy":"post_tag","embeddable":true,"href":"https:\/\/schoenstatt.com\/pt-pt\/wp-json\/wp\/v2\/tags?post=32522"}],"curies":[{"name":"wp","href":"https:\/\/api.w.org\/{rel}","templated":true}]}}