{"id":32070,"date":"2023-08-21T12:45:58","date_gmt":"2023-08-21T10:45:58","guid":{"rendered":"https:\/\/schoenstatt.com\/?p=32070"},"modified":"2025-05-16T01:00:14","modified_gmt":"2025-05-15T23:00:14","slug":"franz-reinisch-tocha-de-amor-e-paz","status":"publish","type":"post","link":"https:\/\/schoenstatt.com\/pt-pt\/franz-reinisch-tocha-de-amor-e-paz\/","title":{"rendered":"Franz Reinisch &#8211; \u201cTocha de amor e paz\u201d"},"content":{"rendered":"<p>O dia 21 de agosto de 2023 marca os 81 anos da morte do Pe. <a href=\"https:\/\/schoenstatt.com\/pt-pt\/herois-de-schoenstatt\/franz-reinisch-um-martir-do-nosso-tempo\/\">Franz Reinisch<\/a>, SAC. Sua decis\u00e3o de se recusar a fazer o juramento de fidelidade a Hitler foi tomada com a convic\u00e7\u00e3o de que s\u00f3 pode haver um \u201cou\u201d entre a f\u00e9 em Jesus Cristo e a ideologia dos nazistas, mesmo que isso lhe custasse a vida. O postulador da Causa de Beatifica\u00e7\u00e3o de Franz Reinisch, Pe. Heribert Niederschlag, deixa isso claro em uma entrevista a Schoenstatt Internacional.<\/p>\n<h2>Como est\u00e1 hoje o Processo de Beatifica\u00e7\u00e3o do Pe. Reinisch?<\/h2>\n<p>O Processo de Beatifica\u00e7\u00e3o do Pe. Reinisch segue em Roma. O que \u00e9 importante, em primeiro lugar, \u00e9 a prepara\u00e7\u00e3o de uma Positio (uma documenta\u00e7\u00e3o cient\u00edfica sobre a vida, o trabalho e a morte de Franz Reinisch, com aten\u00e7\u00e3o especial \u00e0 sua busca pela virtude &#8211; nota do editor), que o relator respons\u00e1vel preparar\u00e1 e passar\u00e1 para outras comiss\u00f5es para avalia\u00e7\u00e3o. A Positio est\u00e1 sendo preparada atualmente.<\/p>\n<figure id=\"attachment_32071\" aria-describedby=\"caption-attachment-32071\" style=\"width: 998px\" class=\"wp-caption aligncenter\"><img fetchpriority=\"high\" decoding=\"async\" class=\"wp-image-32071\" src=\"https:\/\/schoenstatt.com\/wp-content\/uploads\/2023\/08\/P-Heribert-Niederschlag_Foto-Heinrich-Brehm-1.jpg\" alt=\"\" width=\"998\" height=\"664\" \/><figcaption id=\"caption-attachment-32071\" class=\"wp-caption-text\">Pe. Heribert Niederschlag (foto: Brehm)<\/figcaption><\/figure>\n<h3>Como o senhor v\u00ea a rela\u00e7\u00e3o das pessoas com Franz Reinisch? H\u00e1 devotos? Sua mem\u00f3ria permanece viva?<\/h3>\n<p>Reinisch tem sido venerado desde sua morte, e ainda mais nos \u00faltimos anos. Os membros do Movimento de Schoenstatt s\u00e3o os principais respons\u00e1veis pela difus\u00e3o da mem\u00f3ria de Franz Reinisch, mas tamb\u00e9m os palotinos o fazem. Estou particularmente contente com o fato de que sua venera\u00e7\u00e3o tamb\u00e9m \u00e9 muito difundida na Am\u00e9rica do Sul.<\/p>\n<h3>Na Am\u00e9rica Latina \u00e9 muito comum ouvir os jovens do Movimento de Schoenstatt cantando entusiasmados o \u201cHino de Franz Reinisch\u201d. Ele inspira a juventude. O senhor percebe essa internacionalidade no Processo de Beatifica\u00e7\u00e3o? Em geral, s\u00e3o mais os jovens que s\u00e3o tocados pela mem\u00f3ria de Reinisch, ou pessoas de todas as idades?<\/h3>\n<p>Pe. Franz Reinisch tem admiradores em todas as gera\u00e7\u00f5es. Fico feliz que especialmente os jovens estejam cada vez mais interessados nele. A devo\u00e7\u00e3o n\u00e3o se limita \u00e0 Am\u00e9rica do Sul, mas est\u00e1 presente sobretudo onde os schoenstattianos e palotinos trabalham (por exemplo, na \u00c1frica e na \u00c1sia).<\/p>\n<h3><img decoding=\"async\" class=\"aligncenter wp-image-32079 \" src=\"https:\/\/schoenstatt.com\/wp-content\/uploads\/2023\/08\/Papa-Francisco-Franz-Reinisch.jpg\" alt=\"\" width=\"990\" height=\"650\" \/><\/h3>\n<h3>O senhor j\u00e1 trabalha h\u00e1 v\u00e1rios anos neste Processo de Beatifica\u00e7\u00e3o; o que mais te impressiona na vida de Reinisch?<\/h3>\n<p>Fiquei particularmente impressionado com o desenvolvimento espiritual nos v\u00e1rios est\u00e1gios de seu processo de tomada de decis\u00e3o. Seu instinto pol\u00edtico o advertiu contra os nazistas desde o in\u00edcio. Assim como <a href=\"https:\/\/pt.wikipedia.org\/wiki\/Dietrich_Bonhoeffer\" target=\"_blank\" rel=\"noopener\">Dietrich Bonhoeffer<\/a>, ele descartou qualquer coopera\u00e7\u00e3o com os nazistas. Entre crist\u00e3os e nazistas s\u00f3 pode haver um \u201cou\u201d, n\u00e3o um \u201cambos\u201d. Sua an\u00e1lise seria confirmada mais e mais a cada ano. A vis\u00e3o clara de que a decis\u00e3o de recusar o juramento de fidelidade a Hitler poderia lhe custar a morte n\u00e3o o impediu de permanecer fiel a ela. Essa clareza interna e inequ\u00edvoca do caminho de sua vida, de que se deve obedecer a Deus mais do que aos homens, me impressiona profundamente e \u00e9 confirmada em sua vida.<\/p>\n<h3><img decoding=\"async\" class=\"aligncenter wp-image-32083 \" src=\"https:\/\/schoenstatt.com\/wp-content\/uploads\/2023\/08\/Franz-Reinisch.jpg\" alt=\"\" width=\"696\" height=\"937\" \/><\/h3>\n<h3>Em sua opini\u00e3o, o que Franz Reinisch tem a ensinar para os homens de hoje?<\/h3>\n<p>Especialmente na Europa, observamos um decl\u00ednio no conhecimento de nossa f\u00e9 e uma diminui\u00e7\u00e3o na aprecia\u00e7\u00e3o da vida da Igreja. O testemunho de vida de Reinisch deixou claro o que a f\u00e9 \u00e9 capaz de nos desafiar a fazer e o que ela tamb\u00e9m \u00e9 capaz de fazer. Ele escreveu na pris\u00e3o que, em Berlim, de onde a tocha do \u00f3dio e da morte foi lan\u00e7ada ao mundo, ele queria se tornar uma \u201ctocha de amor e paz\u201d para os seus contempor\u00e2neos e para as gera\u00e7\u00f5es futuras. Somente dessa forma podemos ter esperan\u00e7a em um mundo mais humano.<\/p>\n<h3>Comemora\u00e7\u00e3o do 81\u00ba anivers\u00e1rio da morte do Padre Franz Reinisch<\/h3>\n<p>O <a href=\"https:\/\/www.franz-reinisch.org\/\" target=\"_blank\" rel=\"noopener\">F\u00f3rum Franz Reinisch<\/a> realiza uma viv\u00eancia em mem\u00f3ria de Franz Reinisch no Santu\u00e1rio Original de Schoenstatt, Vallendar, no domingo, dia 20 de agosto de 2023, \u00e0s 19h30min. Um profundo v\u00ednculo com a M\u00e3e Tr\u00eas Vezes Admir\u00e1vel de Schoenstatt fez com que ele encontrasse um lugar de abrigo e acolhida na capela de gra\u00e7as em Schoenstatt. Reinisch, o \u00fanico sacerdote que se recusou a fazer o juramento de fidelidade a Hitler, foi decapitado em Brandenburg-G\u00f6rden em 21 de agosto de 1942. A parte diocesana do Processo de Beatifica\u00e7\u00e3o do Pe. Franz Reinisch foi conclu\u00edda em 2019 e os arquivos foram entregues ao Dicast\u00e9rio para as Causas dos Santos em Roma.<\/p>\n<p><iframe title=\"Hymn of Franz Reinisch\" width=\"800\" height=\"450\" src=\"https:\/\/www.youtube.com\/embed\/DYrmkBa1640?feature=oembed\" frameborder=\"0\" allow=\"accelerometer; autoplay; clipboard-write; encrypted-media; gyroscope; picture-in-picture; web-share\" referrerpolicy=\"strict-origin-when-cross-origin\" allowfullscreen><\/iframe><\/p>\n","protected":false},"excerpt":{"rendered":"<p>Ele deixou claro como a f\u00e9 \u00e9 capaz de nos desafiar e tamb\u00e9m como ela nos capacita a fazer tudo &#8211; O testemunho de vida de Franz Reinisch, uma &#8220;tocha de amor e paz&#8221;.<\/p>\n","protected":false},"author":3,"featured_media":26389,"comment_status":"closed","ping_status":"closed","sticky":false,"template":"","format":"standard","meta":{"footnotes":""},"categories":[888],"tags":[],"class_list":["post-32070","post","type-post","status-publish","format-standard","has-post-thumbnail","hentry","category-herois-de-schoenstatt-pt-pt"],"yoast_head":"<!-- This site is optimized with the Yoast SEO Premium plugin v27.4 (Yoast SEO v27.5) - https:\/\/yoast.com\/product\/yoast-seo-premium-wordpress\/ -->\n<title>Franz Reinisch - \u201cTocha de amor e paz\u201d - Schoenstatt<\/title>\n<meta name=\"description\" content=\"Franz Reinisch deixou claro como a f\u00e9 \u00e9 capaz de nos desafiar e tamb\u00e9m como ela nos capacita a realizar tudo.\" \/>\n<meta name=\"robots\" content=\"index, follow, max-snippet:-1, max-image-preview:large, max-video-preview:-1\" \/>\n<link rel=\"canonical\" href=\"https:\/\/schoenstatt.com\/pt-pt\/franz-reinisch-tocha-de-amor-e-paz\/\" \/>\n<meta property=\"og:locale\" content=\"pt_PT\" \/>\n<meta property=\"og:type\" content=\"article\" \/>\n<meta property=\"og:title\" content=\"Franz Reinisch - \u201cTocha de amor e paz\u201d\" \/>\n<meta property=\"og:description\" content=\"Franz Reinisch deixou claro como a f\u00e9 \u00e9 capaz de nos desafiar e tamb\u00e9m como ela nos capacita a realizar tudo.\" \/>\n<meta property=\"og:url\" content=\"https:\/\/schoenstatt.com\/pt-pt\/franz-reinisch-tocha-de-amor-e-paz\/\" \/>\n<meta property=\"og:site_name\" content=\"Schoenstatt\" \/>\n<meta property=\"article:published_time\" content=\"2023-08-21T10:45:58+00:00\" \/>\n<meta property=\"article:modified_time\" content=\"2025-05-15T23:00:14+00:00\" \/>\n<meta property=\"og:image\" content=\"https:\/\/schoenstatt.com\/wp-content\/uploads\/2022\/08\/IMG_0596-scaled-1.jpg\" \/>\n\t<meta property=\"og:image:width\" content=\"1920\" \/>\n\t<meta property=\"og:image:height\" content=\"2560\" \/>\n\t<meta property=\"og:image:type\" content=\"image\/jpeg\" \/>\n<meta name=\"author\" content=\"Karen Bueno\" \/>\n<meta name=\"twitter:card\" content=\"summary_large_image\" \/>\n<meta name=\"twitter:label1\" content=\"Escrito por\" \/>\n\t<meta name=\"twitter:data1\" content=\"Karen Bueno\" \/>\n\t<meta name=\"twitter:label2\" content=\"Tempo estimado de leitura\" \/>\n\t<meta name=\"twitter:data2\" content=\"4 minutos\" \/>\n<script type=\"application\/ld+json\" class=\"yoast-schema-graph\">{\"@context\":\"https:\\\/\\\/schema.org\",\"@graph\":[{\"@type\":\"Article\",\"@id\":\"https:\\\/\\\/schoenstatt.com\\\/pt-pt\\\/franz-reinisch-tocha-de-amor-e-paz\\\/#article\",\"isPartOf\":{\"@id\":\"https:\\\/\\\/schoenstatt.com\\\/pt-pt\\\/franz-reinisch-tocha-de-amor-e-paz\\\/\"},\"author\":{\"name\":\"Karen Bueno\",\"@id\":\"https:\\\/\\\/schoenstatt.com\\\/pt-pt\\\/#\\\/schema\\\/person\\\/5158877ad4acae98b34daaeef2a1ce6e\"},\"headline\":\"Franz Reinisch &#8211; \u201cTocha de amor e paz\u201d\",\"datePublished\":\"2023-08-21T10:45:58+00:00\",\"dateModified\":\"2025-05-15T23:00:14+00:00\",\"mainEntityOfPage\":{\"@id\":\"https:\\\/\\\/schoenstatt.com\\\/pt-pt\\\/franz-reinisch-tocha-de-amor-e-paz\\\/\"},\"wordCount\":780,\"publisher\":{\"@id\":\"https:\\\/\\\/schoenstatt.com\\\/pt-pt\\\/#organization\"},\"image\":{\"@id\":\"https:\\\/\\\/schoenstatt.com\\\/pt-pt\\\/franz-reinisch-tocha-de-amor-e-paz\\\/#primaryimage\"},\"thumbnailUrl\":\"https:\\\/\\\/schoenstatt.com\\\/wp-content\\\/uploads\\\/2022\\\/08\\\/IMG_0596-scaled-1.jpg\",\"articleSection\":[\"Her\u00f3is de Schoenstatt\"],\"inLanguage\":\"pt-PT\"},{\"@type\":\"WebPage\",\"@id\":\"https:\\\/\\\/schoenstatt.com\\\/pt-pt\\\/franz-reinisch-tocha-de-amor-e-paz\\\/\",\"url\":\"https:\\\/\\\/schoenstatt.com\\\/pt-pt\\\/franz-reinisch-tocha-de-amor-e-paz\\\/\",\"name\":\"Franz Reinisch - \u201cTocha de amor e paz\u201d - Schoenstatt\",\"isPartOf\":{\"@id\":\"https:\\\/\\\/schoenstatt.com\\\/pt-pt\\\/#website\"},\"primaryImageOfPage\":{\"@id\":\"https:\\\/\\\/schoenstatt.com\\\/pt-pt\\\/franz-reinisch-tocha-de-amor-e-paz\\\/#primaryimage\"},\"image\":{\"@id\":\"https:\\\/\\\/schoenstatt.com\\\/pt-pt\\\/franz-reinisch-tocha-de-amor-e-paz\\\/#primaryimage\"},\"thumbnailUrl\":\"https:\\\/\\\/schoenstatt.com\\\/wp-content\\\/uploads\\\/2022\\\/08\\\/IMG_0596-scaled-1.jpg\",\"datePublished\":\"2023-08-21T10:45:58+00:00\",\"dateModified\":\"2025-05-15T23:00:14+00:00\",\"description\":\"Franz Reinisch deixou claro como a f\u00e9 \u00e9 capaz de nos desafiar e tamb\u00e9m como ela nos capacita a realizar tudo.\",\"breadcrumb\":{\"@id\":\"https:\\\/\\\/schoenstatt.com\\\/pt-pt\\\/franz-reinisch-tocha-de-amor-e-paz\\\/#breadcrumb\"},\"inLanguage\":\"pt-PT\",\"potentialAction\":[{\"@type\":\"ReadAction\",\"target\":[\"https:\\\/\\\/schoenstatt.com\\\/pt-pt\\\/franz-reinisch-tocha-de-amor-e-paz\\\/\"]}]},{\"@type\":\"ImageObject\",\"inLanguage\":\"pt-PT\",\"@id\":\"https:\\\/\\\/schoenstatt.com\\\/pt-pt\\\/franz-reinisch-tocha-de-amor-e-paz\\\/#primaryimage\",\"url\":\"https:\\\/\\\/schoenstatt.com\\\/wp-content\\\/uploads\\\/2022\\\/08\\\/IMG_0596-scaled-1.jpg\",\"contentUrl\":\"https:\\\/\\\/schoenstatt.com\\\/wp-content\\\/uploads\\\/2022\\\/08\\\/IMG_0596-scaled-1.jpg\",\"width\":1920,\"height\":2560,\"caption\":\"Reinisch\"},{\"@type\":\"BreadcrumbList\",\"@id\":\"https:\\\/\\\/schoenstatt.com\\\/pt-pt\\\/franz-reinisch-tocha-de-amor-e-paz\\\/#breadcrumb\",\"itemListElement\":[{\"@type\":\"ListItem\",\"position\":1,\"name\":\"Portada\",\"item\":\"https:\\\/\\\/schoenstatt.com\\\/pt-pt\\\/home\\\/\"},{\"@type\":\"ListItem\",\"position\":2,\"name\":\"Franz Reinisch &#8211; \u201cTocha de amor e paz\u201d\"}]},{\"@type\":\"WebSite\",\"@id\":\"https:\\\/\\\/schoenstatt.com\\\/pt-pt\\\/#website\",\"url\":\"https:\\\/\\\/schoenstatt.com\\\/pt-pt\\\/\",\"name\":\"Schoenstatt\",\"description\":\"Apostolic Movement\",\"publisher\":{\"@id\":\"https:\\\/\\\/schoenstatt.com\\\/pt-pt\\\/#organization\"},\"potentialAction\":[{\"@type\":\"SearchAction\",\"target\":{\"@type\":\"EntryPoint\",\"urlTemplate\":\"https:\\\/\\\/schoenstatt.com\\\/pt-pt\\\/?s={search_term_string}\"},\"query-input\":{\"@type\":\"PropertyValueSpecification\",\"valueRequired\":true,\"valueName\":\"search_term_string\"}}],\"inLanguage\":\"pt-PT\"},{\"@type\":\"Organization\",\"@id\":\"https:\\\/\\\/schoenstatt.com\\\/pt-pt\\\/#organization\",\"name\":\"Schoenstatt\",\"url\":\"https:\\\/\\\/schoenstatt.com\\\/pt-pt\\\/\",\"logo\":{\"@type\":\"ImageObject\",\"inLanguage\":\"pt-PT\",\"@id\":\"https:\\\/\\\/schoenstatt.com\\\/pt-pt\\\/#\\\/schema\\\/logo\\\/image\\\/\",\"url\":\"https:\\\/\\\/schoenstatt.com\\\/wp-content\\\/uploads\\\/2025\\\/04\\\/logo-schoenstatt-white-696x696-1.png\",\"contentUrl\":\"https:\\\/\\\/schoenstatt.com\\\/wp-content\\\/uploads\\\/2025\\\/04\\\/logo-schoenstatt-white-696x696-1.png\",\"width\":696,\"height\":694,\"caption\":\"Schoenstatt\"},\"image\":{\"@id\":\"https:\\\/\\\/schoenstatt.com\\\/pt-pt\\\/#\\\/schema\\\/logo\\\/image\\\/\"}},{\"@type\":\"Person\",\"@id\":\"https:\\\/\\\/schoenstatt.com\\\/pt-pt\\\/#\\\/schema\\\/person\\\/5158877ad4acae98b34daaeef2a1ce6e\",\"name\":\"Karen Bueno\",\"image\":{\"@type\":\"ImageObject\",\"inLanguage\":\"pt-PT\",\"@id\":\"https:\\\/\\\/secure.gravatar.com\\\/avatar\\\/f9f4b823873154269d2b2130f195f6d41037dd0d7fc5f3cacb5c846bae70d66b?s=96&d=mm&r=g\",\"url\":\"https:\\\/\\\/secure.gravatar.com\\\/avatar\\\/f9f4b823873154269d2b2130f195f6d41037dd0d7fc5f3cacb5c846bae70d66b?s=96&d=mm&r=g\",\"contentUrl\":\"https:\\\/\\\/secure.gravatar.com\\\/avatar\\\/f9f4b823873154269d2b2130f195f6d41037dd0d7fc5f3cacb5c846bae70d66b?s=96&d=mm&r=g\",\"caption\":\"Karen Bueno\"},\"url\":\"https:\\\/\\\/schoenstatt.com\\\/pt-pt\\\/author\\\/karen-bueno\\\/\"}]}<\/script>\n<!-- \/ Yoast SEO Premium plugin. -->","yoast_head_json":{"title":"Franz Reinisch - \u201cTocha de amor e paz\u201d - Schoenstatt","description":"Franz Reinisch deixou claro como a f\u00e9 \u00e9 capaz de nos desafiar e tamb\u00e9m como ela nos capacita a realizar tudo.","robots":{"index":"index","follow":"follow","max-snippet":"max-snippet:-1","max-image-preview":"max-image-preview:large","max-video-preview":"max-video-preview:-1"},"canonical":"https:\/\/schoenstatt.com\/pt-pt\/franz-reinisch-tocha-de-amor-e-paz\/","og_locale":"pt_PT","og_type":"article","og_title":"Franz Reinisch - \u201cTocha de amor e paz\u201d","og_description":"Franz Reinisch deixou claro como a f\u00e9 \u00e9 capaz de nos desafiar e tamb\u00e9m como ela nos capacita a realizar tudo.","og_url":"https:\/\/schoenstatt.com\/pt-pt\/franz-reinisch-tocha-de-amor-e-paz\/","og_site_name":"Schoenstatt","article_published_time":"2023-08-21T10:45:58+00:00","article_modified_time":"2025-05-15T23:00:14+00:00","og_image":[{"width":1920,"height":2560,"url":"https:\/\/schoenstatt.com\/wp-content\/uploads\/2022\/08\/IMG_0596-scaled-1.jpg","type":"image\/jpeg"}],"author":"Karen Bueno","twitter_card":"summary_large_image","twitter_misc":{"Escrito por":"Karen Bueno","Tempo estimado de leitura":"4 minutos"},"schema":{"@context":"https:\/\/schema.org","@graph":[{"@type":"Article","@id":"https:\/\/schoenstatt.com\/pt-pt\/franz-reinisch-tocha-de-amor-e-paz\/#article","isPartOf":{"@id":"https:\/\/schoenstatt.com\/pt-pt\/franz-reinisch-tocha-de-amor-e-paz\/"},"author":{"name":"Karen Bueno","@id":"https:\/\/schoenstatt.com\/pt-pt\/#\/schema\/person\/5158877ad4acae98b34daaeef2a1ce6e"},"headline":"Franz Reinisch &#8211; \u201cTocha de amor e paz\u201d","datePublished":"2023-08-21T10:45:58+00:00","dateModified":"2025-05-15T23:00:14+00:00","mainEntityOfPage":{"@id":"https:\/\/schoenstatt.com\/pt-pt\/franz-reinisch-tocha-de-amor-e-paz\/"},"wordCount":780,"publisher":{"@id":"https:\/\/schoenstatt.com\/pt-pt\/#organization"},"image":{"@id":"https:\/\/schoenstatt.com\/pt-pt\/franz-reinisch-tocha-de-amor-e-paz\/#primaryimage"},"thumbnailUrl":"https:\/\/schoenstatt.com\/wp-content\/uploads\/2022\/08\/IMG_0596-scaled-1.jpg","articleSection":["Her\u00f3is de Schoenstatt"],"inLanguage":"pt-PT"},{"@type":"WebPage","@id":"https:\/\/schoenstatt.com\/pt-pt\/franz-reinisch-tocha-de-amor-e-paz\/","url":"https:\/\/schoenstatt.com\/pt-pt\/franz-reinisch-tocha-de-amor-e-paz\/","name":"Franz Reinisch - \u201cTocha de amor e paz\u201d - Schoenstatt","isPartOf":{"@id":"https:\/\/schoenstatt.com\/pt-pt\/#website"},"primaryImageOfPage":{"@id":"https:\/\/schoenstatt.com\/pt-pt\/franz-reinisch-tocha-de-amor-e-paz\/#primaryimage"},"image":{"@id":"https:\/\/schoenstatt.com\/pt-pt\/franz-reinisch-tocha-de-amor-e-paz\/#primaryimage"},"thumbnailUrl":"https:\/\/schoenstatt.com\/wp-content\/uploads\/2022\/08\/IMG_0596-scaled-1.jpg","datePublished":"2023-08-21T10:45:58+00:00","dateModified":"2025-05-15T23:00:14+00:00","description":"Franz Reinisch deixou claro como a f\u00e9 \u00e9 capaz de nos desafiar e tamb\u00e9m como ela nos capacita a realizar tudo.","breadcrumb":{"@id":"https:\/\/schoenstatt.com\/pt-pt\/franz-reinisch-tocha-de-amor-e-paz\/#breadcrumb"},"inLanguage":"pt-PT","potentialAction":[{"@type":"ReadAction","target":["https:\/\/schoenstatt.com\/pt-pt\/franz-reinisch-tocha-de-amor-e-paz\/"]}]},{"@type":"ImageObject","inLanguage":"pt-PT","@id":"https:\/\/schoenstatt.com\/pt-pt\/franz-reinisch-tocha-de-amor-e-paz\/#primaryimage","url":"https:\/\/schoenstatt.com\/wp-content\/uploads\/2022\/08\/IMG_0596-scaled-1.jpg","contentUrl":"https:\/\/schoenstatt.com\/wp-content\/uploads\/2022\/08\/IMG_0596-scaled-1.jpg","width":1920,"height":2560,"caption":"Reinisch"},{"@type":"BreadcrumbList","@id":"https:\/\/schoenstatt.com\/pt-pt\/franz-reinisch-tocha-de-amor-e-paz\/#breadcrumb","itemListElement":[{"@type":"ListItem","position":1,"name":"Portada","item":"https:\/\/schoenstatt.com\/pt-pt\/home\/"},{"@type":"ListItem","position":2,"name":"Franz Reinisch &#8211; \u201cTocha de amor e paz\u201d"}]},{"@type":"WebSite","@id":"https:\/\/schoenstatt.com\/pt-pt\/#website","url":"https:\/\/schoenstatt.com\/pt-pt\/","name":"Schoenstatt","description":"Apostolic Movement","publisher":{"@id":"https:\/\/schoenstatt.com\/pt-pt\/#organization"},"potentialAction":[{"@type":"SearchAction","target":{"@type":"EntryPoint","urlTemplate":"https:\/\/schoenstatt.com\/pt-pt\/?s={search_term_string}"},"query-input":{"@type":"PropertyValueSpecification","valueRequired":true,"valueName":"search_term_string"}}],"inLanguage":"pt-PT"},{"@type":"Organization","@id":"https:\/\/schoenstatt.com\/pt-pt\/#organization","name":"Schoenstatt","url":"https:\/\/schoenstatt.com\/pt-pt\/","logo":{"@type":"ImageObject","inLanguage":"pt-PT","@id":"https:\/\/schoenstatt.com\/pt-pt\/#\/schema\/logo\/image\/","url":"https:\/\/schoenstatt.com\/wp-content\/uploads\/2025\/04\/logo-schoenstatt-white-696x696-1.png","contentUrl":"https:\/\/schoenstatt.com\/wp-content\/uploads\/2025\/04\/logo-schoenstatt-white-696x696-1.png","width":696,"height":694,"caption":"Schoenstatt"},"image":{"@id":"https:\/\/schoenstatt.com\/pt-pt\/#\/schema\/logo\/image\/"}},{"@type":"Person","@id":"https:\/\/schoenstatt.com\/pt-pt\/#\/schema\/person\/5158877ad4acae98b34daaeef2a1ce6e","name":"Karen Bueno","image":{"@type":"ImageObject","inLanguage":"pt-PT","@id":"https:\/\/secure.gravatar.com\/avatar\/f9f4b823873154269d2b2130f195f6d41037dd0d7fc5f3cacb5c846bae70d66b?s=96&d=mm&r=g","url":"https:\/\/secure.gravatar.com\/avatar\/f9f4b823873154269d2b2130f195f6d41037dd0d7fc5f3cacb5c846bae70d66b?s=96&d=mm&r=g","contentUrl":"https:\/\/secure.gravatar.com\/avatar\/f9f4b823873154269d2b2130f195f6d41037dd0d7fc5f3cacb5c846bae70d66b?s=96&d=mm&r=g","caption":"Karen Bueno"},"url":"https:\/\/schoenstatt.com\/pt-pt\/author\/karen-bueno\/"}]}},"_links":{"self":[{"href":"https:\/\/schoenstatt.com\/pt-pt\/wp-json\/wp\/v2\/posts\/32070","targetHints":{"allow":["GET"]}}],"collection":[{"href":"https:\/\/schoenstatt.com\/pt-pt\/wp-json\/wp\/v2\/posts"}],"about":[{"href":"https:\/\/schoenstatt.com\/pt-pt\/wp-json\/wp\/v2\/types\/post"}],"author":[{"embeddable":true,"href":"https:\/\/schoenstatt.com\/pt-pt\/wp-json\/wp\/v2\/users\/3"}],"replies":[{"embeddable":true,"href":"https:\/\/schoenstatt.com\/pt-pt\/wp-json\/wp\/v2\/comments?post=32070"}],"version-history":[{"count":1,"href":"https:\/\/schoenstatt.com\/pt-pt\/wp-json\/wp\/v2\/posts\/32070\/revisions"}],"predecessor-version":[{"id":46202,"href":"https:\/\/schoenstatt.com\/pt-pt\/wp-json\/wp\/v2\/posts\/32070\/revisions\/46202"}],"wp:featuredmedia":[{"embeddable":true,"href":"https:\/\/schoenstatt.com\/pt-pt\/wp-json\/wp\/v2\/media\/26389"}],"wp:attachment":[{"href":"https:\/\/schoenstatt.com\/pt-pt\/wp-json\/wp\/v2\/media?parent=32070"}],"wp:term":[{"taxonomy":"category","embeddable":true,"href":"https:\/\/schoenstatt.com\/pt-pt\/wp-json\/wp\/v2\/categories?post=32070"},{"taxonomy":"post_tag","embeddable":true,"href":"https:\/\/schoenstatt.com\/pt-pt\/wp-json\/wp\/v2\/tags?post=32070"}],"curies":[{"name":"wp","href":"https:\/\/api.w.org\/{rel}","templated":true}]}}