{"id":31575,"date":"2023-07-26T04:49:21","date_gmt":"2023-07-26T02:49:21","guid":{"rendered":"https:\/\/schoenstatt.com\/?p=31575"},"modified":"2025-05-16T01:30:47","modified_gmt":"2025-05-15T23:30:47","slug":"ignis-jm-eu-vim-trazer-fogo","status":"publish","type":"post","link":"https:\/\/schoenstatt.com\/pt-pt\/ignis-jm-eu-vim-trazer-fogo\/","title":{"rendered":"Ignis JM: \u201cEu vim trazer fogo\u201d"},"content":{"rendered":"<p>Expectativa, ansiedade e muito trabalho fazem parte da rotina dos integrantes da <a href=\"https:\/\/schoenstatt.com\/pt-pt\/familia\/comunidades-do-movimento-apostolico-de-schoenstatt\/men\/\">Juventude Masculina de Schoenstatt<\/a> (JM) de Portugal. Eles est\u00e3o totalmente envolvidos nos preparativos para o Ignis, que \u00e9 o Encontro Internacional da JM. O evento acontece em Aveiro\/Portugal, de 27 a 30 de julho, na v\u00e9spera da <a href=\"https:\/\/www.lisboa2023.org\/pt\" target=\"_blank\" rel=\"noopener\">JMJ<\/a>. Ao todo, s\u00e3o esperados 532 participantes, de 18 pa\u00edses.<\/p>\n<p><em>\u201cEstamos a todo vapor, com muitas reuni\u00f5es, trabalhos log\u00edsticos, ensaios, viagens, liga\u00e7\u00f5es, etc. Mas temos a alegria de contar com uma grande equipe de jovens e assessores que est\u00e3o se esfor\u00e7ando ao m\u00e1ximo para tornar o IGNIS uma experi\u00eancia marcante de encontro com Deus e entre os jovens\u201d<\/em>, conta o seminarista Lucas Botassio, do Instituto dos Padres de Schoenstatt.<\/p>\n<h2>Levamos o fogo de nosso carisma para a JMJ<\/h2>\n<p><img fetchpriority=\"high\" decoding=\"async\" class=\"aligncenter wp-image-31584 \" src=\"https:\/\/schoenstatt.com\/wp-content\/uploads\/2023\/07\/Ignis-JM-Schoenstatt.jpeg\" alt=\"\" width=\"490\" height=\"549\" \/><\/p>\n<p>O lema escolhido pela equipe de l\u00edderes da JM de Portugal e da Espanha, para este encontro, \u00e9 uma frase de Cristo (Lc 12, 49): &#8220;Eu vim trazer fogo&#8221;.<\/p>\n<p><em>\u201cEle expressa o esp\u00edrito que desejamos vivenciar durante esses dias de prepara\u00e7\u00e3o para a JMJ. Por um lado, queremos deixar-nos inflamar pela vida e entusiasmo que cada grupo da juventude masculina internacional traz de seu pa\u00eds de origem. \u00c9 uma grande riqueza e oportunidade para compartilhar sonhos, construir novos v\u00ednculos e sentir novamente o fogo de estarmos juntos, especialmente ap\u00f3s a pandemia. Por outro lado, expressa o desejo de levarmos o fogo de nosso carisma para a JMJ. Queremos compartilhar nossa forma de viver a f\u00e9, nossa cultura de alian\u00e7a com todas as pessoas que encontrarmos. Portanto, tamb\u00e9m somos enviados para levar o fogo!\u201d<\/em>, explica o Lucas.<\/p>\n<p>Simbolicamente, haver\u00e1 uma peregrina\u00e7\u00e3o de Aveiro at\u00e9 F\u00e1tima, no dia 30 de julho. Eles carregar\u00e3o a mesma tocha que a Juventude Masculina levou de Roma at\u00e9 Schoenstatt, em 2014 (Fackelauff). <em>\u201cEsse gesto expressa nosso sonho de levar, por meio de Nossa Senhora, o fogo de Cristo a todas as pessoas que participam da JMJ\u201d<\/em>, conta Lucas Botassio.<\/p>\n<h2>Os jovens s\u00e3o os protagonistas<\/h2>\n<p><img decoding=\"async\" class=\"aligncenter wp-image-31588 \" src=\"https:\/\/schoenstatt.com\/wp-content\/uploads\/2023\/07\/Ignis-JM-2.png\" alt=\"\" width=\"772\" height=\"772\" \/><\/p>\n<p>Participar\u00e3o do Ignis (palavra que significa \u201cfogo) representantes de: Alemanha, Argentina, \u00c1ustria, Bol\u00edvia, Brasil, Chile, Costa Rica, Equador, Estados Unidos, Espanha, It\u00e1lia, M\u00e9xico, Paraguai, Pol\u00f4nia, Portugal, Rep\u00fablica Checa, Su\u00ed\u00e7a e Hungria.<\/p>\n<p><em>\u201cOs jovens s\u00e3o os protagonistas, por isso queremos que eles tenham um espa\u00e7o privilegiado para se expressarem e compartilharem seus sonhos e experi\u00eancias. Os l\u00edderes do IGNIS se esfor\u00e7aram para que o encontro seja o mais vivencial e din\u00e2mico poss\u00edvel. Por isso, reduzimos os momentos \u2018massivos\u2019 e apostamos em atividades com grupos menores e internacionais. O grande tesouro do encontro \u00e9 a oportunidade de estarmos juntos e conhecermos Schoenstatt e a Juventude Masculina de muitos lugares atrav\u00e9s dos grupos que ser\u00e3o formados durante o encontro\u201d<\/em>, detalha o seminarista.<\/p>\n<h2>Hoje, do outro lado do oceano<\/h2>\n<p><img decoding=\"async\" class=\"aligncenter wp-image-31580 \" src=\"https:\/\/schoenstatt.com\/wp-content\/uploads\/2023\/07\/Lucas-Botassio.png\" alt=\"\" width=\"640\" height=\"640\" \/><\/p>\n<p>A primeira edi\u00e7\u00e3o do Ignis aconteceu no Brasil, na v\u00e9spera da JMJ do Rio de Janeiro, em 2013. <strong>Lucas Bot\u00e1ssio<\/strong> participou desse evento e, a partir dele conta sua expectativa para o pr\u00f3ximo Encontro Internacional da JM:<\/p>\n<p><em>H\u00e1 10 anos, participei do 1\u00ba IGNIS no Rio de Janeiro. Foi uma experi\u00eancia que me marcou profundamente, tamb\u00e9m no sentido vocacional. Lembro-me de estar em Copacabana e olhar para todas aquelas pessoas, cores e bandeiras que expressavam os valores que eu queria levar para a vida. Olhando o mar no horizonte, enquanto observava o p\u00f4r do sol, senti uma imensa paz e um desejo de ir al\u00e9m. Acredito que foi ali que Jesus come\u00e7ou a me chamar para ir a \u00e1guas mais profundas, mesmo que naquela hora n\u00e3o soubesse expressar em palavras que Ele me chamava ao sacerd\u00f3cio. Hoje encontro-me do outro lado do mar, no sentido geogr\u00e1fico da hist\u00f3ria. \u00c9 um privil\u00e9gio estar em Portugal e ter a oportunidade de trabalhar para que muitos se encontrem com o testemunho de outros jovens e com Cristo, que continua a chamar jovens para uma vida plena, seja no matrim\u00f4nio, na vida consagrada ou religiosa.<\/em><\/p>\n<h2>O s\u00edmbolo do Ignis<\/h2>\n<p><img loading=\"lazy\" decoding=\"async\" class=\"aligncenter wp-image-31599 \" src=\"https:\/\/schoenstatt.com\/wp-content\/uploads\/2023\/07\/simbolo-ignis-JM.png\" alt=\"\" width=\"455\" height=\"601\" \/><\/p>\n<p>A \ud835\udc1e\ud835\udc2c\ud835\udc1f\ud835\udc1e\ud835\udc2b\ud835\udc1a \ud835\udc1a\ud835\udc2b\ud835\udc26\ud835\udc22\ud835\udc25\ud835\udc1a\ud835\udc2b \u00e9 um s\u00edmbolo nacional de Portugal desde finais do s\u00e9culo XV, quando o rei D. Manuel a incorpora no seu emblema real. Inventada na China em primeiro lugar e depois melhorada pelos astr\u00f3nomos gregos e persas, era um instrumento de astronomia que permitiu aos marinheiros Portugueses entender o c\u00e9u estrelado para guiar-se pelos Oceanos. \u00c9 um s\u00edmbolo que une Portugal ao resto do mundo!<\/p>\n<p>A \ud835\udc1c\ud835\udc2b\ud835\udc2e\ud835\udc33 da unidade \u00e9 a nossa estrela! Cruz que representa a uni\u00e3o t\u00e3o profunda entre Jesus e Maria e nos recorda a centralidade dos v\u00ednculos na espiritualidade de Schoenstatt, est\u00e1 feita em ferro na pedra do memorial atr\u00e1s do Santu\u00e1rio de Lisboa. \u00c9 o s\u00edmbolo do hero\u00edsmo a que queremos aspirar para as nossas vidas. Como estrela que nos guia na entrega de amor at\u00e9 ao limite!<\/p>\n<p>As \ud835\udc2f\ud835\udc1e\ud835\udc25\ud835\udc1a\ud835\udc2c dos barcos portugueses, como as caravelas, que foram desenhadas em Lisboa e em Coimbra, entre os s\u00e9culos XV e XVI, permitiram cruzar o Oceano com o vento em contra e levavam representada a Cruz de Cristo. Foram especialmente importantes para cruzar o Cabo das Tormentas (Cape Town), onde os ventos geralmente tempestuosos afundavam os barcos e destro\u00e7avam as tripula\u00e7\u00f5es. Este feito foi alcan\u00e7ado por Bartolomeu Dias numa Caravela e por isso mais tarde fomentou a produ\u00e7\u00e3o deste tipo de barcos com velas triangulares. Recorda-nos Maria, nossa bandeira, no seu \u00edmpeto mission\u00e1rio para levar Jesus sem importar a for\u00e7a dos ventos adversos!<\/p>\n<p>A \ud835\udc29\ud835\udc28\ud835\udc2b\ud835\udc2d\ud835\udc1a do santu\u00e1rio, s\u00edmbolo que em Portugal tornou-se ideal da JM e mais tarde de toda a Fam\u00edlia. Queremos ser Porta da Europa! Assim como a expans\u00e3o crist\u00e3 saiu da Europa, pelos portos Portugueses, ao encontro do novo mundo. Assim tamb\u00e9m acreditamos que a re-cristianiza\u00e7\u00e3o da Europa passa por Portugal e pelo acolhimento dos Portugueses. Queremos ser porta de sa\u00edda e de entrada das gra\u00e7as de Deus! \u00c9 o s\u00edmbolo em Portugal da contra-corrente do 31 de Maio e da miss\u00e3o de Schoenstatt para o mundo!<\/p>\n","protected":false},"excerpt":{"rendered":"<p>O Encontro Internacional da Juventude Masculina de Schoenstatt, Ignis (do latim \u201cFogo\u201d), ter\u00e1 532 participantes, de 18 pa\u00edses. Ser\u00e1 realizado em Aveiro, na v\u00e9spera da JMJ.<\/p>\n","protected":false},"author":3,"featured_media":31576,"comment_status":"closed","ping_status":"closed","sticky":false,"template":"","format":"standard","meta":{"footnotes":""},"categories":[665],"tags":[],"class_list":["post-31575","post","type-post","status-publish","format-standard","has-post-thumbnail","hentry","category-juventude-pt-pt"],"yoast_head":"<!-- This site is optimized with the Yoast SEO Premium plugin v27.4 (Yoast SEO v27.4) - https:\/\/yoast.com\/product\/yoast-seo-premium-wordpress\/ -->\n<title>Ignis JM: \u201cEu vim trazer fogo\u201d - Schoenstatt<\/title>\n<meta name=\"description\" content=\"O Encontro Internacional da Juventude Masculina de Schoenstatt, Ignis, ter\u00e1, em Portugal, 532 participantes, de 18 pa\u00edses.\" \/>\n<meta name=\"robots\" content=\"index, follow, max-snippet:-1, max-image-preview:large, max-video-preview:-1\" \/>\n<link rel=\"canonical\" href=\"https:\/\/schoenstatt.com\/pt-pt\/ignis-jm-eu-vim-trazer-fogo\/\" \/>\n<meta property=\"og:locale\" content=\"pt_PT\" \/>\n<meta property=\"og:type\" content=\"article\" \/>\n<meta property=\"og:title\" content=\"Ignis JM: \u201cEu vim trazer fogo\u201d\" \/>\n<meta property=\"og:description\" content=\"O Encontro Internacional da Juventude Masculina de Schoenstatt, Ignis, ter\u00e1, em Portugal, 532 participantes, de 18 pa\u00edses.\" \/>\n<meta property=\"og:url\" content=\"https:\/\/schoenstatt.com\/pt-pt\/ignis-jm-eu-vim-trazer-fogo\/\" \/>\n<meta property=\"og:site_name\" content=\"Schoenstatt\" \/>\n<meta property=\"article:published_time\" content=\"2023-07-26T02:49:21+00:00\" \/>\n<meta property=\"article:modified_time\" content=\"2025-05-15T23:30:47+00:00\" \/>\n<meta property=\"og:image\" content=\"https:\/\/schoenstatt.com\/wp-content\/uploads\/2023\/07\/Ignis-JM-1.jpg\" \/>\n\t<meta property=\"og:image:width\" content=\"1955\" \/>\n\t<meta property=\"og:image:height\" content=\"1080\" \/>\n\t<meta property=\"og:image:type\" content=\"image\/jpeg\" \/>\n<meta name=\"author\" content=\"Karen Bueno\" \/>\n<meta name=\"twitter:card\" content=\"summary_large_image\" \/>\n<meta name=\"twitter:label1\" content=\"Escrito por\" \/>\n\t<meta name=\"twitter:data1\" content=\"Karen Bueno\" \/>\n\t<meta name=\"twitter:label2\" content=\"Tempo estimado de leitura\" \/>\n\t<meta name=\"twitter:data2\" content=\"6 minutos\" \/>\n<script type=\"application\/ld+json\" class=\"yoast-schema-graph\">{\"@context\":\"https:\\\/\\\/schema.org\",\"@graph\":[{\"@type\":\"Article\",\"@id\":\"https:\\\/\\\/schoenstatt.com\\\/pt-pt\\\/ignis-jm-eu-vim-trazer-fogo\\\/#article\",\"isPartOf\":{\"@id\":\"https:\\\/\\\/schoenstatt.com\\\/pt-pt\\\/ignis-jm-eu-vim-trazer-fogo\\\/\"},\"author\":{\"name\":\"Karen Bueno\",\"@id\":\"https:\\\/\\\/schoenstatt.com\\\/pt-pt\\\/#\\\/schema\\\/person\\\/5158877ad4acae98b34daaeef2a1ce6e\"},\"headline\":\"Ignis JM: \u201cEu vim trazer fogo\u201d\",\"datePublished\":\"2023-07-26T02:49:21+00:00\",\"dateModified\":\"2025-05-15T23:30:47+00:00\",\"mainEntityOfPage\":{\"@id\":\"https:\\\/\\\/schoenstatt.com\\\/pt-pt\\\/ignis-jm-eu-vim-trazer-fogo\\\/\"},\"wordCount\":1034,\"publisher\":{\"@id\":\"https:\\\/\\\/schoenstatt.com\\\/pt-pt\\\/#organization\"},\"image\":{\"@id\":\"https:\\\/\\\/schoenstatt.com\\\/pt-pt\\\/ignis-jm-eu-vim-trazer-fogo\\\/#primaryimage\"},\"thumbnailUrl\":\"https:\\\/\\\/schoenstatt.com\\\/wp-content\\\/uploads\\\/2023\\\/07\\\/Ignis-JM-1.jpg\",\"articleSection\":[\"Juventude\"],\"inLanguage\":\"pt-PT\"},{\"@type\":\"WebPage\",\"@id\":\"https:\\\/\\\/schoenstatt.com\\\/pt-pt\\\/ignis-jm-eu-vim-trazer-fogo\\\/\",\"url\":\"https:\\\/\\\/schoenstatt.com\\\/pt-pt\\\/ignis-jm-eu-vim-trazer-fogo\\\/\",\"name\":\"Ignis JM: \u201cEu vim trazer fogo\u201d - Schoenstatt\",\"isPartOf\":{\"@id\":\"https:\\\/\\\/schoenstatt.com\\\/pt-pt\\\/#website\"},\"primaryImageOfPage\":{\"@id\":\"https:\\\/\\\/schoenstatt.com\\\/pt-pt\\\/ignis-jm-eu-vim-trazer-fogo\\\/#primaryimage\"},\"image\":{\"@id\":\"https:\\\/\\\/schoenstatt.com\\\/pt-pt\\\/ignis-jm-eu-vim-trazer-fogo\\\/#primaryimage\"},\"thumbnailUrl\":\"https:\\\/\\\/schoenstatt.com\\\/wp-content\\\/uploads\\\/2023\\\/07\\\/Ignis-JM-1.jpg\",\"datePublished\":\"2023-07-26T02:49:21+00:00\",\"dateModified\":\"2025-05-15T23:30:47+00:00\",\"description\":\"O Encontro Internacional da Juventude Masculina de Schoenstatt, Ignis, ter\u00e1, em Portugal, 532 participantes, de 18 pa\u00edses.\",\"breadcrumb\":{\"@id\":\"https:\\\/\\\/schoenstatt.com\\\/pt-pt\\\/ignis-jm-eu-vim-trazer-fogo\\\/#breadcrumb\"},\"inLanguage\":\"pt-PT\",\"potentialAction\":[{\"@type\":\"ReadAction\",\"target\":[\"https:\\\/\\\/schoenstatt.com\\\/pt-pt\\\/ignis-jm-eu-vim-trazer-fogo\\\/\"]}]},{\"@type\":\"ImageObject\",\"inLanguage\":\"pt-PT\",\"@id\":\"https:\\\/\\\/schoenstatt.com\\\/pt-pt\\\/ignis-jm-eu-vim-trazer-fogo\\\/#primaryimage\",\"url\":\"https:\\\/\\\/schoenstatt.com\\\/wp-content\\\/uploads\\\/2023\\\/07\\\/Ignis-JM-1.jpg\",\"contentUrl\":\"https:\\\/\\\/schoenstatt.com\\\/wp-content\\\/uploads\\\/2023\\\/07\\\/Ignis-JM-1.jpg\",\"width\":1955,\"height\":1080,\"caption\":\"Ignis JM: \u201cEu vim trazer fogo\u201d\"},{\"@type\":\"BreadcrumbList\",\"@id\":\"https:\\\/\\\/schoenstatt.com\\\/pt-pt\\\/ignis-jm-eu-vim-trazer-fogo\\\/#breadcrumb\",\"itemListElement\":[{\"@type\":\"ListItem\",\"position\":1,\"name\":\"Portada\",\"item\":\"https:\\\/\\\/schoenstatt.com\\\/pt-pt\\\/home\\\/\"},{\"@type\":\"ListItem\",\"position\":2,\"name\":\"Ignis JM: \u201cEu vim trazer fogo\u201d\"}]},{\"@type\":\"WebSite\",\"@id\":\"https:\\\/\\\/schoenstatt.com\\\/pt-pt\\\/#website\",\"url\":\"https:\\\/\\\/schoenstatt.com\\\/pt-pt\\\/\",\"name\":\"Schoenstatt\",\"description\":\"Apostolic Movement\",\"publisher\":{\"@id\":\"https:\\\/\\\/schoenstatt.com\\\/pt-pt\\\/#organization\"},\"potentialAction\":[{\"@type\":\"SearchAction\",\"target\":{\"@type\":\"EntryPoint\",\"urlTemplate\":\"https:\\\/\\\/schoenstatt.com\\\/pt-pt\\\/?s={search_term_string}\"},\"query-input\":{\"@type\":\"PropertyValueSpecification\",\"valueRequired\":true,\"valueName\":\"search_term_string\"}}],\"inLanguage\":\"pt-PT\"},{\"@type\":\"Organization\",\"@id\":\"https:\\\/\\\/schoenstatt.com\\\/pt-pt\\\/#organization\",\"name\":\"Schoenstatt\",\"url\":\"https:\\\/\\\/schoenstatt.com\\\/pt-pt\\\/\",\"logo\":{\"@type\":\"ImageObject\",\"inLanguage\":\"pt-PT\",\"@id\":\"https:\\\/\\\/schoenstatt.com\\\/pt-pt\\\/#\\\/schema\\\/logo\\\/image\\\/\",\"url\":\"https:\\\/\\\/schoenstatt.com\\\/wp-content\\\/uploads\\\/2025\\\/04\\\/logo-schoenstatt-white-696x696-1.png\",\"contentUrl\":\"https:\\\/\\\/schoenstatt.com\\\/wp-content\\\/uploads\\\/2025\\\/04\\\/logo-schoenstatt-white-696x696-1.png\",\"width\":696,\"height\":694,\"caption\":\"Schoenstatt\"},\"image\":{\"@id\":\"https:\\\/\\\/schoenstatt.com\\\/pt-pt\\\/#\\\/schema\\\/logo\\\/image\\\/\"}},{\"@type\":\"Person\",\"@id\":\"https:\\\/\\\/schoenstatt.com\\\/pt-pt\\\/#\\\/schema\\\/person\\\/5158877ad4acae98b34daaeef2a1ce6e\",\"name\":\"Karen Bueno\",\"image\":{\"@type\":\"ImageObject\",\"inLanguage\":\"pt-PT\",\"@id\":\"https:\\\/\\\/secure.gravatar.com\\\/avatar\\\/f9f4b823873154269d2b2130f195f6d41037dd0d7fc5f3cacb5c846bae70d66b?s=96&d=mm&r=g\",\"url\":\"https:\\\/\\\/secure.gravatar.com\\\/avatar\\\/f9f4b823873154269d2b2130f195f6d41037dd0d7fc5f3cacb5c846bae70d66b?s=96&d=mm&r=g\",\"contentUrl\":\"https:\\\/\\\/secure.gravatar.com\\\/avatar\\\/f9f4b823873154269d2b2130f195f6d41037dd0d7fc5f3cacb5c846bae70d66b?s=96&d=mm&r=g\",\"caption\":\"Karen Bueno\"},\"url\":\"https:\\\/\\\/schoenstatt.com\\\/pt-pt\\\/author\\\/karen-bueno\\\/\"}]}<\/script>\n<!-- \/ Yoast SEO Premium plugin. -->","yoast_head_json":{"title":"Ignis JM: \u201cEu vim trazer fogo\u201d - Schoenstatt","description":"O Encontro Internacional da Juventude Masculina de Schoenstatt, Ignis, ter\u00e1, em Portugal, 532 participantes, de 18 pa\u00edses.","robots":{"index":"index","follow":"follow","max-snippet":"max-snippet:-1","max-image-preview":"max-image-preview:large","max-video-preview":"max-video-preview:-1"},"canonical":"https:\/\/schoenstatt.com\/pt-pt\/ignis-jm-eu-vim-trazer-fogo\/","og_locale":"pt_PT","og_type":"article","og_title":"Ignis JM: \u201cEu vim trazer fogo\u201d","og_description":"O Encontro Internacional da Juventude Masculina de Schoenstatt, Ignis, ter\u00e1, em Portugal, 532 participantes, de 18 pa\u00edses.","og_url":"https:\/\/schoenstatt.com\/pt-pt\/ignis-jm-eu-vim-trazer-fogo\/","og_site_name":"Schoenstatt","article_published_time":"2023-07-26T02:49:21+00:00","article_modified_time":"2025-05-15T23:30:47+00:00","og_image":[{"width":1955,"height":1080,"url":"https:\/\/schoenstatt.com\/wp-content\/uploads\/2023\/07\/Ignis-JM-1.jpg","type":"image\/jpeg"}],"author":"Karen Bueno","twitter_card":"summary_large_image","twitter_misc":{"Escrito por":"Karen Bueno","Tempo estimado de leitura":"6 minutos"},"schema":{"@context":"https:\/\/schema.org","@graph":[{"@type":"Article","@id":"https:\/\/schoenstatt.com\/pt-pt\/ignis-jm-eu-vim-trazer-fogo\/#article","isPartOf":{"@id":"https:\/\/schoenstatt.com\/pt-pt\/ignis-jm-eu-vim-trazer-fogo\/"},"author":{"name":"Karen Bueno","@id":"https:\/\/schoenstatt.com\/pt-pt\/#\/schema\/person\/5158877ad4acae98b34daaeef2a1ce6e"},"headline":"Ignis JM: \u201cEu vim trazer fogo\u201d","datePublished":"2023-07-26T02:49:21+00:00","dateModified":"2025-05-15T23:30:47+00:00","mainEntityOfPage":{"@id":"https:\/\/schoenstatt.com\/pt-pt\/ignis-jm-eu-vim-trazer-fogo\/"},"wordCount":1034,"publisher":{"@id":"https:\/\/schoenstatt.com\/pt-pt\/#organization"},"image":{"@id":"https:\/\/schoenstatt.com\/pt-pt\/ignis-jm-eu-vim-trazer-fogo\/#primaryimage"},"thumbnailUrl":"https:\/\/schoenstatt.com\/wp-content\/uploads\/2023\/07\/Ignis-JM-1.jpg","articleSection":["Juventude"],"inLanguage":"pt-PT"},{"@type":"WebPage","@id":"https:\/\/schoenstatt.com\/pt-pt\/ignis-jm-eu-vim-trazer-fogo\/","url":"https:\/\/schoenstatt.com\/pt-pt\/ignis-jm-eu-vim-trazer-fogo\/","name":"Ignis JM: \u201cEu vim trazer fogo\u201d - Schoenstatt","isPartOf":{"@id":"https:\/\/schoenstatt.com\/pt-pt\/#website"},"primaryImageOfPage":{"@id":"https:\/\/schoenstatt.com\/pt-pt\/ignis-jm-eu-vim-trazer-fogo\/#primaryimage"},"image":{"@id":"https:\/\/schoenstatt.com\/pt-pt\/ignis-jm-eu-vim-trazer-fogo\/#primaryimage"},"thumbnailUrl":"https:\/\/schoenstatt.com\/wp-content\/uploads\/2023\/07\/Ignis-JM-1.jpg","datePublished":"2023-07-26T02:49:21+00:00","dateModified":"2025-05-15T23:30:47+00:00","description":"O Encontro Internacional da Juventude Masculina de Schoenstatt, Ignis, ter\u00e1, em Portugal, 532 participantes, de 18 pa\u00edses.","breadcrumb":{"@id":"https:\/\/schoenstatt.com\/pt-pt\/ignis-jm-eu-vim-trazer-fogo\/#breadcrumb"},"inLanguage":"pt-PT","potentialAction":[{"@type":"ReadAction","target":["https:\/\/schoenstatt.com\/pt-pt\/ignis-jm-eu-vim-trazer-fogo\/"]}]},{"@type":"ImageObject","inLanguage":"pt-PT","@id":"https:\/\/schoenstatt.com\/pt-pt\/ignis-jm-eu-vim-trazer-fogo\/#primaryimage","url":"https:\/\/schoenstatt.com\/wp-content\/uploads\/2023\/07\/Ignis-JM-1.jpg","contentUrl":"https:\/\/schoenstatt.com\/wp-content\/uploads\/2023\/07\/Ignis-JM-1.jpg","width":1955,"height":1080,"caption":"Ignis JM: \u201cEu vim trazer fogo\u201d"},{"@type":"BreadcrumbList","@id":"https:\/\/schoenstatt.com\/pt-pt\/ignis-jm-eu-vim-trazer-fogo\/#breadcrumb","itemListElement":[{"@type":"ListItem","position":1,"name":"Portada","item":"https:\/\/schoenstatt.com\/pt-pt\/home\/"},{"@type":"ListItem","position":2,"name":"Ignis JM: \u201cEu vim trazer fogo\u201d"}]},{"@type":"WebSite","@id":"https:\/\/schoenstatt.com\/pt-pt\/#website","url":"https:\/\/schoenstatt.com\/pt-pt\/","name":"Schoenstatt","description":"Apostolic Movement","publisher":{"@id":"https:\/\/schoenstatt.com\/pt-pt\/#organization"},"potentialAction":[{"@type":"SearchAction","target":{"@type":"EntryPoint","urlTemplate":"https:\/\/schoenstatt.com\/pt-pt\/?s={search_term_string}"},"query-input":{"@type":"PropertyValueSpecification","valueRequired":true,"valueName":"search_term_string"}}],"inLanguage":"pt-PT"},{"@type":"Organization","@id":"https:\/\/schoenstatt.com\/pt-pt\/#organization","name":"Schoenstatt","url":"https:\/\/schoenstatt.com\/pt-pt\/","logo":{"@type":"ImageObject","inLanguage":"pt-PT","@id":"https:\/\/schoenstatt.com\/pt-pt\/#\/schema\/logo\/image\/","url":"https:\/\/schoenstatt.com\/wp-content\/uploads\/2025\/04\/logo-schoenstatt-white-696x696-1.png","contentUrl":"https:\/\/schoenstatt.com\/wp-content\/uploads\/2025\/04\/logo-schoenstatt-white-696x696-1.png","width":696,"height":694,"caption":"Schoenstatt"},"image":{"@id":"https:\/\/schoenstatt.com\/pt-pt\/#\/schema\/logo\/image\/"}},{"@type":"Person","@id":"https:\/\/schoenstatt.com\/pt-pt\/#\/schema\/person\/5158877ad4acae98b34daaeef2a1ce6e","name":"Karen Bueno","image":{"@type":"ImageObject","inLanguage":"pt-PT","@id":"https:\/\/secure.gravatar.com\/avatar\/f9f4b823873154269d2b2130f195f6d41037dd0d7fc5f3cacb5c846bae70d66b?s=96&d=mm&r=g","url":"https:\/\/secure.gravatar.com\/avatar\/f9f4b823873154269d2b2130f195f6d41037dd0d7fc5f3cacb5c846bae70d66b?s=96&d=mm&r=g","contentUrl":"https:\/\/secure.gravatar.com\/avatar\/f9f4b823873154269d2b2130f195f6d41037dd0d7fc5f3cacb5c846bae70d66b?s=96&d=mm&r=g","caption":"Karen Bueno"},"url":"https:\/\/schoenstatt.com\/pt-pt\/author\/karen-bueno\/"}]}},"_links":{"self":[{"href":"https:\/\/schoenstatt.com\/pt-pt\/wp-json\/wp\/v2\/posts\/31575","targetHints":{"allow":["GET"]}}],"collection":[{"href":"https:\/\/schoenstatt.com\/pt-pt\/wp-json\/wp\/v2\/posts"}],"about":[{"href":"https:\/\/schoenstatt.com\/pt-pt\/wp-json\/wp\/v2\/types\/post"}],"author":[{"embeddable":true,"href":"https:\/\/schoenstatt.com\/pt-pt\/wp-json\/wp\/v2\/users\/3"}],"replies":[{"embeddable":true,"href":"https:\/\/schoenstatt.com\/pt-pt\/wp-json\/wp\/v2\/comments?post=31575"}],"version-history":[{"count":1,"href":"https:\/\/schoenstatt.com\/pt-pt\/wp-json\/wp\/v2\/posts\/31575\/revisions"}],"predecessor-version":[{"id":46136,"href":"https:\/\/schoenstatt.com\/pt-pt\/wp-json\/wp\/v2\/posts\/31575\/revisions\/46136"}],"wp:featuredmedia":[{"embeddable":true,"href":"https:\/\/schoenstatt.com\/pt-pt\/wp-json\/wp\/v2\/media\/31576"}],"wp:attachment":[{"href":"https:\/\/schoenstatt.com\/pt-pt\/wp-json\/wp\/v2\/media?parent=31575"}],"wp:term":[{"taxonomy":"category","embeddable":true,"href":"https:\/\/schoenstatt.com\/pt-pt\/wp-json\/wp\/v2\/categories?post=31575"},{"taxonomy":"post_tag","embeddable":true,"href":"https:\/\/schoenstatt.com\/pt-pt\/wp-json\/wp\/v2\/tags?post=31575"}],"curies":[{"name":"wp","href":"https:\/\/api.w.org\/{rel}","templated":true}]}}