{"id":31530,"date":"2023-07-22T05:00:30","date_gmt":"2023-07-22T03:00:30","guid":{"rendered":"https:\/\/schoenstatt.com\/?p=31530"},"modified":"2025-05-16T01:19:59","modified_gmt":"2025-05-15T23:19:59","slug":"como-alcancar-indulgencia-plenaria-no-dia-mundial-dos-idosos-2","status":"publish","type":"post","link":"https:\/\/schoenstatt.com\/pt-pt\/como-alcancar-indulgencia-plenaria-no-dia-mundial-dos-idosos-2\/","title":{"rendered":"Como alcan\u00e7ar Indulg\u00eancia Plen\u00e1ria no Dia Mundial dos Idosos"},"content":{"rendered":"<p>Voc\u00ea tem uma oportunidade especial neste domingo, <strong>dia 23 de julho<\/strong>, de se renovar espiritualmente. Segundo decreto da Penitenci\u00e1ria Apost\u00f3lica, \u00e9 poss\u00edvel receber Indulg\u00eancia Plen\u00e1ria no Dia Mundial dos Av\u00f3s e dos Idosos.<\/p>\n<h2>O que \u00e9 Indulg\u00eancia plen\u00e1ria?<\/h2>\n<p>O <a href=\"https:\/\/www.vatican.va\/archive\/cathechism_po\/index_new\/p2s2cap1_1420-1532_po.html#:~:text=%C2%ABA%20indulg%C3%AAncia%20%C3%A9%20parcial%20ou,aos%20defuntos%C2%BB%20(81).\" target=\"_blank\" rel=\"noopener\">Catecismo da Igreja Cat\u00f3lica<\/a> (1471) explica:<\/p>\n<p><em>\u201cA indulg\u00eancia \u00e9 a remiss\u00e3o, perante Deus, da pena temporal devida aos pecados cuja culpa j\u00e1 foi apagada; remiss\u00e3o que o fiel devidamente disposto obt\u00e9m em certas e determinadas condi\u00e7\u00f5es, pela a\u00e7\u00e3o da Igreja, a qual, enquanto dispensadora da reden\u00e7\u00e3o, distribui e aplica por sua autoridade o tesouro das satisfa\u00e7\u00f5es de Cristo e dos santos\u201d.<\/em><\/p>\n<p>Segundo o CIC, <em>\u201ca indulg\u00eancia \u00e9 parcial ou plen\u00e1ria, consoante liberta parcialmente ou na totalidade da pena temporal devida ao pecado\u201d.<\/em><\/p>\n<p>Simplificando, pode-se dizer que, ao receber a indulg\u00eancia <strong>plen\u00e1ria<\/strong>, a pessoa \u00e9 totalmente dispensada das penas temporais dos seus pecados. Penas essas que ela pagaria no purgat\u00f3rio.<\/p>\n<p>E, como indica\u00e7\u00e3o da Igreja,<em> \u201co fiel pode lucrar para si mesmo as indulg\u00eancias [&#8230;], ou aplic\u00e1-las aos defuntos\u201d.<\/em><\/p>\n<h2>O Dia Mundial dos Av\u00f3s e dos Idosos<\/h2>\n<p>Essa data comemorativa entrou no calend\u00e1rio da Igreja em 2021, institu\u00edda pelo Papa Francisco. Ela \u00e9 celebrada todos os anos no quarto domingo do m\u00eas de julho. Em 2023 tem como tema <strong>&#8220;De gera\u00e7\u00e3o em gera\u00e7\u00e3o, a sua miseric\u00f3rdia&#8221;.<\/strong><\/p>\n<h2>Como receber Indulg\u00eancia Plen\u00e1ria no Dia dos Av\u00f3s?<\/h2>\n<p>Segundo o decreto oficial, a Penitenci\u00e1ria Apost\u00f3lica <em>\u201cconcede a Indulg\u00eancia Plen\u00e1ria dos tesouros celestiais da Igreja, nas condi\u00e7\u00f5es habituais de confiss\u00e3o sacramental, comunh\u00e3o eucar\u00edstica e ora\u00e7\u00e3o segundo as inten\u00e7\u00f5es do Sumo Pont\u00edfice, aos av\u00f3s, idosos e a todos os fi\u00e9is que, movidos pelo verdadeiro esp\u00edrito de penit\u00eancia e caridade, participar\u00e3o no dia 23 de julho, por ocasi\u00e3o do III Dia Mundial dos Av\u00f3s e dos Idosos, da celebra\u00e7\u00e3o solene que o <a href=\"https:\/\/schoenstatt.com\/pt-pt\/papa-francisco-pt\/10-anos-de-pontificado-do-papa-francisco\/\">Papa Francisco<\/a> presidir\u00e1 na Bas\u00edlica de S\u00e3o Pedro, ou de v\u00e1rias fun\u00e7\u00f5es que ser\u00e3o realizadas em todo o mundo. A Indulg\u00eancia plen\u00e1ria tamb\u00e9m poder\u00e1 ser aplicada como sufr\u00e1gio \u00e0s almas do purgat\u00f3rio&#8221;.<\/em><\/p>\n<p><strong>Em s\u00edntese, para receber a indulg\u00eancia, \u00e9 preciso:<\/strong><\/p>\n<p><strong>1)<\/strong> Confiss\u00e3o sacramental<\/p>\n<p><strong>2)<\/strong> Comunh\u00e3o eucar\u00edstica<\/p>\n<p><strong>3)<\/strong> Rezar pelo Papa<\/p>\n<p><strong>4)<\/strong> Cumprir uma dessas condi\u00e7\u00f5es:<\/p>\n<p><strong>a)<\/strong> Participar, no dia 23 de julho, da celebra\u00e7\u00e3o solene que o Papa Francisco presidir\u00e1 na Bas\u00edlica de S\u00e3o Pedro; ou<br \/>\n<strong>b)<\/strong> Participar de alguma das celebra\u00e7\u00f5es que ser\u00e3o realizadas em todo o mundo; ou<br \/>\n<strong>c)<\/strong> visitar pessoalmente ou virtualmente, pelos meios de comunica\u00e7\u00e3o, os irm\u00e3os idosos necessitados ou em dificuldade (como os doentes, abandonados, os deficientes\u2026).<\/p>\n<h2>Como os idosos podem receber Indulg\u00eancia?<\/h2>\n<p><img fetchpriority=\"high\" decoding=\"async\" class=\"aligncenter wp-image-31535 \" src=\"https:\/\/schoenstatt.com\/wp-content\/uploads\/2023\/07\/idosos-ancianos-e-avos-2.jpg\" alt=\"\" width=\"646\" height=\"427\" \/><\/p>\n<p>Os idosos acamados ou debilitados tamb\u00e9m receber\u00e3o indulg\u00eancia, seguindo essas orienta\u00e7\u00f5es:<\/p>\n<p>Poder\u00e3o obter Indulg\u00eancia Plen\u00e1ria <em>\u201csob a condi\u00e7\u00e3o de dist\u00e2ncia de todos os pecados e da inten\u00e7\u00e3o de cumprir as tr\u00eas condi\u00e7\u00f5es habituais o mais r\u00e1pido poss\u00edvel, [&#8230;] se unir\u00e3o espiritualmente \u00e0s fun\u00e7\u00f5es sagradas da <a href=\"https:\/\/www.lisboa2023.org\/pt\" target=\"_blank\" rel=\"noopener\">Jornada Mundial da Juventude<\/a>, oferecendo ao Deus Misericordioso suas ora\u00e7\u00f5es, suas dores e os sofrimentos de suas vidas, especialmente enquanto as palavras do Sumo Pont\u00edfice e as v\u00e1rias celebra\u00e7\u00f5es forem transmitidas pelos meios de comunica\u00e7\u00e3o&#8221;.<\/em><\/p>\n<p>E, para que a gra\u00e7a divina seja distribu\u00edda a v\u00e1rias pessoas, a Penitenci\u00e1ria Apost\u00f3lica pede aos sacerdotes que se coloquem em prontid\u00e3o para atender os fi\u00e9is.<\/p>\n<p><strong>Com informa\u00e7\u00f5es de <a href=\"https:\/\/www.vaticannews.va\/pt\/vaticano\/news\/2023-07\/penitenciaria-apostolica-indulgencia-plenaria-avos-idosos.html\" target=\"_blank\" rel=\"noopener\">vaticannews.va<\/a><\/strong><\/p>\n","protected":false},"excerpt":{"rendered":"<p>Quer saber como receber Indulg\u00eancia Plen\u00e1ria no Dia Mundial dos Idosos? Ent\u00e3o confira aqui as informa\u00e7\u00f5es do Vaticano.<\/p>\n","protected":false},"author":3,"featured_media":31531,"comment_status":"closed","ping_status":"closed","sticky":false,"template":"","format":"standard","meta":{"footnotes":""},"categories":[608],"tags":[],"class_list":["post-31530","post","type-post","status-publish","format-standard","has-post-thumbnail","hentry","category-igreja-pt-pt"],"yoast_head":"<!-- This site is optimized with the Yoast SEO Premium plugin v27.4 (Yoast SEO v27.4) - https:\/\/yoast.com\/product\/yoast-seo-premium-wordpress\/ -->\n<title>Como alcan\u00e7ar Indulg\u00eancia Plen\u00e1ria no Dia Mundial dos Idosos<\/title>\n<meta name=\"description\" content=\"Quer saber como receber Indulg\u00eancia Plen\u00e1ria no Dia Mundial dos Idosos? Ent\u00e3o confira aqui as informa\u00e7\u00f5es do Vaticano.\" \/>\n<meta name=\"robots\" content=\"index, follow, max-snippet:-1, max-image-preview:large, max-video-preview:-1\" \/>\n<link rel=\"canonical\" href=\"https:\/\/schoenstatt.com\/pt-pt\/como-alcancar-indulgencia-plenaria-no-dia-mundial-dos-idosos-2\/\" \/>\n<meta property=\"og:locale\" content=\"pt_PT\" \/>\n<meta property=\"og:type\" content=\"article\" \/>\n<meta property=\"og:title\" content=\"Como alcan\u00e7ar Indulg\u00eancia Plen\u00e1ria no Dia Mundial dos Idosos\" \/>\n<meta property=\"og:description\" content=\"Quer saber como receber Indulg\u00eancia Plen\u00e1ria no Dia Mundial dos Idosos? Ent\u00e3o confira aqui as informa\u00e7\u00f5es do Vaticano.\" \/>\n<meta property=\"og:url\" content=\"https:\/\/schoenstatt.com\/pt-pt\/como-alcancar-indulgencia-plenaria-no-dia-mundial-dos-idosos-2\/\" \/>\n<meta property=\"og:site_name\" content=\"Schoenstatt\" \/>\n<meta property=\"article:published_time\" content=\"2023-07-22T03:00:30+00:00\" \/>\n<meta property=\"article:modified_time\" content=\"2025-05-15T23:19:59+00:00\" \/>\n<meta property=\"og:image\" content=\"https:\/\/schoenstatt.com\/wp-content\/uploads\/2023\/07\/idosos-ancianos-e-avos-1-1.jpg\" \/>\n\t<meta property=\"og:image:width\" content=\"1280\" \/>\n\t<meta property=\"og:image:height\" content=\"960\" \/>\n\t<meta property=\"og:image:type\" content=\"image\/jpeg\" \/>\n<meta name=\"author\" content=\"Karen Bueno\" \/>\n<meta name=\"twitter:card\" content=\"summary_large_image\" \/>\n<meta name=\"twitter:label1\" content=\"Escrito por\" \/>\n\t<meta name=\"twitter:data1\" content=\"Karen Bueno\" \/>\n\t<meta name=\"twitter:label2\" content=\"Tempo estimado de leitura\" \/>\n\t<meta name=\"twitter:data2\" content=\"3 minutos\" \/>\n<script type=\"application\/ld+json\" class=\"yoast-schema-graph\">{\"@context\":\"https:\\\/\\\/schema.org\",\"@graph\":[{\"@type\":\"Article\",\"@id\":\"https:\\\/\\\/schoenstatt.com\\\/pt-pt\\\/como-alcancar-indulgencia-plenaria-no-dia-mundial-dos-idosos-2\\\/#article\",\"isPartOf\":{\"@id\":\"https:\\\/\\\/schoenstatt.com\\\/pt-pt\\\/como-alcancar-indulgencia-plenaria-no-dia-mundial-dos-idosos-2\\\/\"},\"author\":{\"name\":\"Karen Bueno\",\"@id\":\"https:\\\/\\\/schoenstatt.com\\\/pt-pt\\\/#\\\/schema\\\/person\\\/5158877ad4acae98b34daaeef2a1ce6e\"},\"headline\":\"Como alcan\u00e7ar Indulg\u00eancia Plen\u00e1ria no Dia Mundial dos Idosos\",\"datePublished\":\"2023-07-22T03:00:30+00:00\",\"dateModified\":\"2025-05-15T23:19:59+00:00\",\"mainEntityOfPage\":{\"@id\":\"https:\\\/\\\/schoenstatt.com\\\/pt-pt\\\/como-alcancar-indulgencia-plenaria-no-dia-mundial-dos-idosos-2\\\/\"},\"wordCount\":622,\"publisher\":{\"@id\":\"https:\\\/\\\/schoenstatt.com\\\/pt-pt\\\/#organization\"},\"image\":{\"@id\":\"https:\\\/\\\/schoenstatt.com\\\/pt-pt\\\/como-alcancar-indulgencia-plenaria-no-dia-mundial-dos-idosos-2\\\/#primaryimage\"},\"thumbnailUrl\":\"https:\\\/\\\/schoenstatt.com\\\/wp-content\\\/uploads\\\/2023\\\/07\\\/idosos-ancianos-e-avos-1-1.jpg\",\"articleSection\":[\"Igreja\"],\"inLanguage\":\"pt-PT\"},{\"@type\":\"WebPage\",\"@id\":\"https:\\\/\\\/schoenstatt.com\\\/pt-pt\\\/como-alcancar-indulgencia-plenaria-no-dia-mundial-dos-idosos-2\\\/\",\"url\":\"https:\\\/\\\/schoenstatt.com\\\/pt-pt\\\/como-alcancar-indulgencia-plenaria-no-dia-mundial-dos-idosos-2\\\/\",\"name\":\"Como alcan\u00e7ar Indulg\u00eancia Plen\u00e1ria no Dia Mundial dos Idosos\",\"isPartOf\":{\"@id\":\"https:\\\/\\\/schoenstatt.com\\\/pt-pt\\\/#website\"},\"primaryImageOfPage\":{\"@id\":\"https:\\\/\\\/schoenstatt.com\\\/pt-pt\\\/como-alcancar-indulgencia-plenaria-no-dia-mundial-dos-idosos-2\\\/#primaryimage\"},\"image\":{\"@id\":\"https:\\\/\\\/schoenstatt.com\\\/pt-pt\\\/como-alcancar-indulgencia-plenaria-no-dia-mundial-dos-idosos-2\\\/#primaryimage\"},\"thumbnailUrl\":\"https:\\\/\\\/schoenstatt.com\\\/wp-content\\\/uploads\\\/2023\\\/07\\\/idosos-ancianos-e-avos-1-1.jpg\",\"datePublished\":\"2023-07-22T03:00:30+00:00\",\"dateModified\":\"2025-05-15T23:19:59+00:00\",\"description\":\"Quer saber como receber Indulg\u00eancia Plen\u00e1ria no Dia Mundial dos Idosos? Ent\u00e3o confira aqui as informa\u00e7\u00f5es do Vaticano.\",\"breadcrumb\":{\"@id\":\"https:\\\/\\\/schoenstatt.com\\\/pt-pt\\\/como-alcancar-indulgencia-plenaria-no-dia-mundial-dos-idosos-2\\\/#breadcrumb\"},\"inLanguage\":\"pt-PT\",\"potentialAction\":[{\"@type\":\"ReadAction\",\"target\":[\"https:\\\/\\\/schoenstatt.com\\\/pt-pt\\\/como-alcancar-indulgencia-plenaria-no-dia-mundial-dos-idosos-2\\\/\"]}]},{\"@type\":\"ImageObject\",\"inLanguage\":\"pt-PT\",\"@id\":\"https:\\\/\\\/schoenstatt.com\\\/pt-pt\\\/como-alcancar-indulgencia-plenaria-no-dia-mundial-dos-idosos-2\\\/#primaryimage\",\"url\":\"https:\\\/\\\/schoenstatt.com\\\/wp-content\\\/uploads\\\/2023\\\/07\\\/idosos-ancianos-e-avos-1-1.jpg\",\"contentUrl\":\"https:\\\/\\\/schoenstatt.com\\\/wp-content\\\/uploads\\\/2023\\\/07\\\/idosos-ancianos-e-avos-1-1.jpg\",\"width\":1280,\"height\":960,\"caption\":\"Foto de idosos: pixabay\"},{\"@type\":\"BreadcrumbList\",\"@id\":\"https:\\\/\\\/schoenstatt.com\\\/pt-pt\\\/como-alcancar-indulgencia-plenaria-no-dia-mundial-dos-idosos-2\\\/#breadcrumb\",\"itemListElement\":[{\"@type\":\"ListItem\",\"position\":1,\"name\":\"Portada\",\"item\":\"https:\\\/\\\/schoenstatt.com\\\/pt-pt\\\/home\\\/\"},{\"@type\":\"ListItem\",\"position\":2,\"name\":\"Como alcan\u00e7ar Indulg\u00eancia Plen\u00e1ria no Dia Mundial dos Idosos\"}]},{\"@type\":\"WebSite\",\"@id\":\"https:\\\/\\\/schoenstatt.com\\\/pt-pt\\\/#website\",\"url\":\"https:\\\/\\\/schoenstatt.com\\\/pt-pt\\\/\",\"name\":\"Schoenstatt\",\"description\":\"Apostolic Movement\",\"publisher\":{\"@id\":\"https:\\\/\\\/schoenstatt.com\\\/pt-pt\\\/#organization\"},\"potentialAction\":[{\"@type\":\"SearchAction\",\"target\":{\"@type\":\"EntryPoint\",\"urlTemplate\":\"https:\\\/\\\/schoenstatt.com\\\/pt-pt\\\/?s={search_term_string}\"},\"query-input\":{\"@type\":\"PropertyValueSpecification\",\"valueRequired\":true,\"valueName\":\"search_term_string\"}}],\"inLanguage\":\"pt-PT\"},{\"@type\":\"Organization\",\"@id\":\"https:\\\/\\\/schoenstatt.com\\\/pt-pt\\\/#organization\",\"name\":\"Schoenstatt\",\"url\":\"https:\\\/\\\/schoenstatt.com\\\/pt-pt\\\/\",\"logo\":{\"@type\":\"ImageObject\",\"inLanguage\":\"pt-PT\",\"@id\":\"https:\\\/\\\/schoenstatt.com\\\/pt-pt\\\/#\\\/schema\\\/logo\\\/image\\\/\",\"url\":\"https:\\\/\\\/schoenstatt.com\\\/wp-content\\\/uploads\\\/2025\\\/04\\\/logo-schoenstatt-white-696x696-1.png\",\"contentUrl\":\"https:\\\/\\\/schoenstatt.com\\\/wp-content\\\/uploads\\\/2025\\\/04\\\/logo-schoenstatt-white-696x696-1.png\",\"width\":696,\"height\":694,\"caption\":\"Schoenstatt\"},\"image\":{\"@id\":\"https:\\\/\\\/schoenstatt.com\\\/pt-pt\\\/#\\\/schema\\\/logo\\\/image\\\/\"}},{\"@type\":\"Person\",\"@id\":\"https:\\\/\\\/schoenstatt.com\\\/pt-pt\\\/#\\\/schema\\\/person\\\/5158877ad4acae98b34daaeef2a1ce6e\",\"name\":\"Karen Bueno\",\"image\":{\"@type\":\"ImageObject\",\"inLanguage\":\"pt-PT\",\"@id\":\"https:\\\/\\\/secure.gravatar.com\\\/avatar\\\/f9f4b823873154269d2b2130f195f6d41037dd0d7fc5f3cacb5c846bae70d66b?s=96&d=mm&r=g\",\"url\":\"https:\\\/\\\/secure.gravatar.com\\\/avatar\\\/f9f4b823873154269d2b2130f195f6d41037dd0d7fc5f3cacb5c846bae70d66b?s=96&d=mm&r=g\",\"contentUrl\":\"https:\\\/\\\/secure.gravatar.com\\\/avatar\\\/f9f4b823873154269d2b2130f195f6d41037dd0d7fc5f3cacb5c846bae70d66b?s=96&d=mm&r=g\",\"caption\":\"Karen Bueno\"},\"url\":\"https:\\\/\\\/schoenstatt.com\\\/pt-pt\\\/author\\\/karen-bueno\\\/\"}]}<\/script>\n<!-- \/ Yoast SEO Premium plugin. -->","yoast_head_json":{"title":"Como alcan\u00e7ar Indulg\u00eancia Plen\u00e1ria no Dia Mundial dos Idosos","description":"Quer saber como receber Indulg\u00eancia Plen\u00e1ria no Dia Mundial dos Idosos? Ent\u00e3o confira aqui as informa\u00e7\u00f5es do Vaticano.","robots":{"index":"index","follow":"follow","max-snippet":"max-snippet:-1","max-image-preview":"max-image-preview:large","max-video-preview":"max-video-preview:-1"},"canonical":"https:\/\/schoenstatt.com\/pt-pt\/como-alcancar-indulgencia-plenaria-no-dia-mundial-dos-idosos-2\/","og_locale":"pt_PT","og_type":"article","og_title":"Como alcan\u00e7ar Indulg\u00eancia Plen\u00e1ria no Dia Mundial dos Idosos","og_description":"Quer saber como receber Indulg\u00eancia Plen\u00e1ria no Dia Mundial dos Idosos? Ent\u00e3o confira aqui as informa\u00e7\u00f5es do Vaticano.","og_url":"https:\/\/schoenstatt.com\/pt-pt\/como-alcancar-indulgencia-plenaria-no-dia-mundial-dos-idosos-2\/","og_site_name":"Schoenstatt","article_published_time":"2023-07-22T03:00:30+00:00","article_modified_time":"2025-05-15T23:19:59+00:00","og_image":[{"width":1280,"height":960,"url":"https:\/\/schoenstatt.com\/wp-content\/uploads\/2023\/07\/idosos-ancianos-e-avos-1-1.jpg","type":"image\/jpeg"}],"author":"Karen Bueno","twitter_card":"summary_large_image","twitter_misc":{"Escrito por":"Karen Bueno","Tempo estimado de leitura":"3 minutos"},"schema":{"@context":"https:\/\/schema.org","@graph":[{"@type":"Article","@id":"https:\/\/schoenstatt.com\/pt-pt\/como-alcancar-indulgencia-plenaria-no-dia-mundial-dos-idosos-2\/#article","isPartOf":{"@id":"https:\/\/schoenstatt.com\/pt-pt\/como-alcancar-indulgencia-plenaria-no-dia-mundial-dos-idosos-2\/"},"author":{"name":"Karen Bueno","@id":"https:\/\/schoenstatt.com\/pt-pt\/#\/schema\/person\/5158877ad4acae98b34daaeef2a1ce6e"},"headline":"Como alcan\u00e7ar Indulg\u00eancia Plen\u00e1ria no Dia Mundial dos Idosos","datePublished":"2023-07-22T03:00:30+00:00","dateModified":"2025-05-15T23:19:59+00:00","mainEntityOfPage":{"@id":"https:\/\/schoenstatt.com\/pt-pt\/como-alcancar-indulgencia-plenaria-no-dia-mundial-dos-idosos-2\/"},"wordCount":622,"publisher":{"@id":"https:\/\/schoenstatt.com\/pt-pt\/#organization"},"image":{"@id":"https:\/\/schoenstatt.com\/pt-pt\/como-alcancar-indulgencia-plenaria-no-dia-mundial-dos-idosos-2\/#primaryimage"},"thumbnailUrl":"https:\/\/schoenstatt.com\/wp-content\/uploads\/2023\/07\/idosos-ancianos-e-avos-1-1.jpg","articleSection":["Igreja"],"inLanguage":"pt-PT"},{"@type":"WebPage","@id":"https:\/\/schoenstatt.com\/pt-pt\/como-alcancar-indulgencia-plenaria-no-dia-mundial-dos-idosos-2\/","url":"https:\/\/schoenstatt.com\/pt-pt\/como-alcancar-indulgencia-plenaria-no-dia-mundial-dos-idosos-2\/","name":"Como alcan\u00e7ar Indulg\u00eancia Plen\u00e1ria no Dia Mundial dos Idosos","isPartOf":{"@id":"https:\/\/schoenstatt.com\/pt-pt\/#website"},"primaryImageOfPage":{"@id":"https:\/\/schoenstatt.com\/pt-pt\/como-alcancar-indulgencia-plenaria-no-dia-mundial-dos-idosos-2\/#primaryimage"},"image":{"@id":"https:\/\/schoenstatt.com\/pt-pt\/como-alcancar-indulgencia-plenaria-no-dia-mundial-dos-idosos-2\/#primaryimage"},"thumbnailUrl":"https:\/\/schoenstatt.com\/wp-content\/uploads\/2023\/07\/idosos-ancianos-e-avos-1-1.jpg","datePublished":"2023-07-22T03:00:30+00:00","dateModified":"2025-05-15T23:19:59+00:00","description":"Quer saber como receber Indulg\u00eancia Plen\u00e1ria no Dia Mundial dos Idosos? Ent\u00e3o confira aqui as informa\u00e7\u00f5es do Vaticano.","breadcrumb":{"@id":"https:\/\/schoenstatt.com\/pt-pt\/como-alcancar-indulgencia-plenaria-no-dia-mundial-dos-idosos-2\/#breadcrumb"},"inLanguage":"pt-PT","potentialAction":[{"@type":"ReadAction","target":["https:\/\/schoenstatt.com\/pt-pt\/como-alcancar-indulgencia-plenaria-no-dia-mundial-dos-idosos-2\/"]}]},{"@type":"ImageObject","inLanguage":"pt-PT","@id":"https:\/\/schoenstatt.com\/pt-pt\/como-alcancar-indulgencia-plenaria-no-dia-mundial-dos-idosos-2\/#primaryimage","url":"https:\/\/schoenstatt.com\/wp-content\/uploads\/2023\/07\/idosos-ancianos-e-avos-1-1.jpg","contentUrl":"https:\/\/schoenstatt.com\/wp-content\/uploads\/2023\/07\/idosos-ancianos-e-avos-1-1.jpg","width":1280,"height":960,"caption":"Foto de idosos: pixabay"},{"@type":"BreadcrumbList","@id":"https:\/\/schoenstatt.com\/pt-pt\/como-alcancar-indulgencia-plenaria-no-dia-mundial-dos-idosos-2\/#breadcrumb","itemListElement":[{"@type":"ListItem","position":1,"name":"Portada","item":"https:\/\/schoenstatt.com\/pt-pt\/home\/"},{"@type":"ListItem","position":2,"name":"Como alcan\u00e7ar Indulg\u00eancia Plen\u00e1ria no Dia Mundial dos Idosos"}]},{"@type":"WebSite","@id":"https:\/\/schoenstatt.com\/pt-pt\/#website","url":"https:\/\/schoenstatt.com\/pt-pt\/","name":"Schoenstatt","description":"Apostolic Movement","publisher":{"@id":"https:\/\/schoenstatt.com\/pt-pt\/#organization"},"potentialAction":[{"@type":"SearchAction","target":{"@type":"EntryPoint","urlTemplate":"https:\/\/schoenstatt.com\/pt-pt\/?s={search_term_string}"},"query-input":{"@type":"PropertyValueSpecification","valueRequired":true,"valueName":"search_term_string"}}],"inLanguage":"pt-PT"},{"@type":"Organization","@id":"https:\/\/schoenstatt.com\/pt-pt\/#organization","name":"Schoenstatt","url":"https:\/\/schoenstatt.com\/pt-pt\/","logo":{"@type":"ImageObject","inLanguage":"pt-PT","@id":"https:\/\/schoenstatt.com\/pt-pt\/#\/schema\/logo\/image\/","url":"https:\/\/schoenstatt.com\/wp-content\/uploads\/2025\/04\/logo-schoenstatt-white-696x696-1.png","contentUrl":"https:\/\/schoenstatt.com\/wp-content\/uploads\/2025\/04\/logo-schoenstatt-white-696x696-1.png","width":696,"height":694,"caption":"Schoenstatt"},"image":{"@id":"https:\/\/schoenstatt.com\/pt-pt\/#\/schema\/logo\/image\/"}},{"@type":"Person","@id":"https:\/\/schoenstatt.com\/pt-pt\/#\/schema\/person\/5158877ad4acae98b34daaeef2a1ce6e","name":"Karen Bueno","image":{"@type":"ImageObject","inLanguage":"pt-PT","@id":"https:\/\/secure.gravatar.com\/avatar\/f9f4b823873154269d2b2130f195f6d41037dd0d7fc5f3cacb5c846bae70d66b?s=96&d=mm&r=g","url":"https:\/\/secure.gravatar.com\/avatar\/f9f4b823873154269d2b2130f195f6d41037dd0d7fc5f3cacb5c846bae70d66b?s=96&d=mm&r=g","contentUrl":"https:\/\/secure.gravatar.com\/avatar\/f9f4b823873154269d2b2130f195f6d41037dd0d7fc5f3cacb5c846bae70d66b?s=96&d=mm&r=g","caption":"Karen Bueno"},"url":"https:\/\/schoenstatt.com\/pt-pt\/author\/karen-bueno\/"}]}},"_links":{"self":[{"href":"https:\/\/schoenstatt.com\/pt-pt\/wp-json\/wp\/v2\/posts\/31530","targetHints":{"allow":["GET"]}}],"collection":[{"href":"https:\/\/schoenstatt.com\/pt-pt\/wp-json\/wp\/v2\/posts"}],"about":[{"href":"https:\/\/schoenstatt.com\/pt-pt\/wp-json\/wp\/v2\/types\/post"}],"author":[{"embeddable":true,"href":"https:\/\/schoenstatt.com\/pt-pt\/wp-json\/wp\/v2\/users\/3"}],"replies":[{"embeddable":true,"href":"https:\/\/schoenstatt.com\/pt-pt\/wp-json\/wp\/v2\/comments?post=31530"}],"version-history":[{"count":1,"href":"https:\/\/schoenstatt.com\/pt-pt\/wp-json\/wp\/v2\/posts\/31530\/revisions"}],"predecessor-version":[{"id":46132,"href":"https:\/\/schoenstatt.com\/pt-pt\/wp-json\/wp\/v2\/posts\/31530\/revisions\/46132"}],"wp:featuredmedia":[{"embeddable":true,"href":"https:\/\/schoenstatt.com\/pt-pt\/wp-json\/wp\/v2\/media\/31531"}],"wp:attachment":[{"href":"https:\/\/schoenstatt.com\/pt-pt\/wp-json\/wp\/v2\/media?parent=31530"}],"wp:term":[{"taxonomy":"category","embeddable":true,"href":"https:\/\/schoenstatt.com\/pt-pt\/wp-json\/wp\/v2\/categories?post=31530"},{"taxonomy":"post_tag","embeddable":true,"href":"https:\/\/schoenstatt.com\/pt-pt\/wp-json\/wp\/v2\/tags?post=31530"}],"curies":[{"name":"wp","href":"https:\/\/api.w.org\/{rel}","templated":true}]}}