{"id":31501,"date":"2023-07-21T14:11:38","date_gmt":"2023-07-21T12:11:38","guid":{"rendered":"https:\/\/schoenstatt.com\/?p=31501"},"modified":"2025-05-16T01:30:49","modified_gmt":"2025-05-15T23:30:49","slug":"500-jovens-viverao-o-sonho-de-visitar-schoenstatt-antes-da-jmj","status":"publish","type":"post","link":"https:\/\/schoenstatt.com\/pt-pt\/500-jovens-viverao-o-sonho-de-visitar-schoenstatt-antes-da-jmj\/","title":{"rendered":"500 jovens viver\u00e3o o sonho de visitar Schoenstatt antes da JMJ"},"content":{"rendered":"<p>Realizar um sonho, essa \u00e9 a realidade de muitos jovens que chegar\u00e3o a Schoenstatt, aos lugares hist\u00f3ricos, ao Santu\u00e1rio Original. E v\u00e1rios deles pela primeira vez! Antes de viajar para <a href=\"https:\/\/www.lisboa2023.org\/pt\/o-que-e-a-jmj\" target=\"_blank\" rel=\"noopener\">Lisboa\/Portugal,<\/a> diversos grupos ir\u00e3o a Schoenstatt. A Central Internacional de Peregrina\u00e7\u00f5es espera cerca de 500 <a href=\"https:\/\/schoenstatt.com\/pt-pt\/espiritualidade\/schoenstatt-participa-na-preparacao-da-jmj\/\">jovens<\/a>, a maioria da Am\u00e9rica Latina, nas semanas de 17 a 28 de julho de 2023.<\/p>\n<p>A<strong> Ir. M. Carolina Sandrone<\/strong>,\u00a0 coordenadora da equipe de organiza\u00e7\u00e3o dessa semana jovem, conta: \u201c<em>Os grupos que v\u00eam t\u00eam cada um o seu programa previsto. Eles ter\u00e3o guias por Schoenstatt e visitas aos diferentes santu\u00e1rios. Tamb\u00e9m haver\u00e1 visitas a Gymnich, que \u00e9 a cidade natal do nosso Pai e Fundador, \u00e0 cidade de Col\u00f4nia, bem como a Koblenz e ao centro de Schoenstatt em Metternich, onde viveu <a href=\"https:\/\/schoenstatt.com\/pt-pt\/herois-de-schoenstatt\/ir-m-emilie-esperanca-criativa-e-confianca-em-tempos-dificeis\/\">Ir. M. Emilie Engel<\/a>\u201d.<\/em><\/p>\n<p>Em Schoenstatt h\u00e1 um grupo de volunt\u00e1rios que est\u00e1 trabalhando no local. Eles s\u00e3o da Argentina, Espanha, do M\u00e9xico e da Alemanha. \u201c<em>Estamos muito felizes preparando tudo com muito trabalho e alegria. Montamos cada um dos espa\u00e7os para que os jovens se sintam acolhidos e bem-vindos\u201d,<\/em> diz a Ir. M. Carolina.<\/p>\n<h2>O Santu\u00e1rio Original se prepara para receber a todos<\/h2>\n<p><img fetchpriority=\"high\" decoding=\"async\" class=\"aligncenter wp-image-31506 size-large\" src=\"https:\/\/schoenstatt.com\/wp-content\/uploads\/2023\/07\/JMJ-Santuario-original-1024x773.jpg\" alt=\"\" width=\"840\" height=\"634\" \/><\/p>\n<p>Haver\u00e1 um evento central, no dia 25 de julho, com a Santa Missa e a renova\u00e7\u00e3o da Alian\u00e7a de Amor no Santu\u00e1rio Original. Em seguida, ter\u00e1 um jantar t\u00edpico alem\u00e3o e uma partilha de culturas e espiritualidade.<\/p>\n<p>O reitor do Santu\u00e1rio Original,<strong> Pe. Ignacio Camacho<\/strong>, est\u00e1 envolvido nos preparativos e conta: <em>\u201cAqui no Santu\u00e1rio, desde o come\u00e7o de junho colocamos a cruz da JMJ sobre o altar, para que esteja muito presente \u00e0queles que o visitam e tamb\u00e9m aos que se unem atrav\u00e9s das transmiss\u00f5es. Incorporamos a inten\u00e7\u00e3o da Jornada na maior parte das missas e convidamos permanentemente as pessoas para se unirem rezando por ela. Desejamos que a <strong>JMJ seja um momento de Pentecoste<\/strong>s, que seja a experi\u00eancia de uma Igreja viva e jovem para todos\u201d.\u00a0<\/em><\/p>\n<p>Pe. Ignacio diz ainda que, em Schoenstatt, todos confiam a Jesus e \u00e0 MTA os \u00faltimos preparativos dos eventos internacionais. Ele acrescenta: <em>\u201cO Santu\u00e1rio est\u00e1 se preparando para receber os distintos grupos de jovens. A agenda foi marcada para que eles tenham uma experi\u00eancia muito vi\u00e1vel do que significa o Santu\u00e1rio Original, isso durante o dia e tamb\u00e9m durante as noites\u201d.<\/em><\/p>\n<h2>Queremos transmitir fogo e entusiasmo<\/h2>\n<p><strong>Pia Kast,<\/strong> jovem do Chile, \u00e9 a respons\u00e1vel pelo mini-festival que se realizar\u00e1 depois da missa e renova\u00e7\u00e3o da Alian\u00e7a de Amor no dia 25 e conta:<em> \u201cDesejo transmitir a todos, nessa peregrina\u00e7\u00e3o, o fogo, o entusiasmo daquilo que \u00e9 e do que significa participar da Juventude de Schoenstatt, antes de partirem para a JMJ e o encontro com o Papa. J\u00e1 tive experi\u00eancias de encontro com o Papa e sei que \u00e9 muito renovador para o esp\u00edrito. Saber que somos parte de algo maior \u00e9 ver que n\u00e3o estamos s\u00f3s, isso \u00e9 muito bonito\u201d.<\/em><\/p>\n<p><img decoding=\"async\" class=\"aligncenter wp-image-31510 size-large\" src=\"https:\/\/schoenstatt.com\/wp-content\/uploads\/2023\/07\/JMJ-Santuario-original-2-850x1024.jpg\" alt=\"\" width=\"840\" height=\"1012\" \/><br \/>\nFalando sobre a organiza\u00e7\u00e3o desse encontro da juventude, Pia revela: \u201c<em>Para mim, participar desse momento tem sido um grande presente. Tamb\u00e9m para me renovar nessa for\u00e7a da juventude. Estou esperando muito por esse momento. O presente de poder estar em Schoenstatt e me conectar com a M\u00e3e, com o Pai, com toda a vida do Santu\u00e1rio Original \u00e9 muito significativo\u201d.<\/em><\/p>\n<h2>Ansiedade e expectativa<\/h2>\n<p>A jovem <strong>Nicole Martins Silv\u00e9rio<\/strong>, do Brasil, se preparou muito para essa viagem e espera tudo com ansiedade e alegria. Com seu grupo, ela embarca no dia 19 de julho: <em>\u201cEu espero e tenho convic\u00e7\u00e3o de que ser\u00e1 um momento muito marcante, principalmente por ver de perto os lugares sobre os quais sempre ouvimos, onde a hist\u00f3ria aconteceu. Estar cara a cara com o lugar em que, muito tempo atr\u00e1s, nosso Pai e Fundador acreditou que seria uma fonte de gra\u00e7as e realmente se tornou. Assim como na JMJ, espero ir de encontro com jovens de outros pa\u00edses, que vivem o mesmo carisma, a Alian\u00e7a de Amor, e poder compartilhar tudo isso. Mal posso esperar para viver isso, ao lado de amigos e pessoas t\u00e3o especiais\u201d.<\/em><\/p>\n<p><img decoding=\"async\" class=\"aligncenter wp-image-31514 \" src=\"https:\/\/schoenstatt.com\/wp-content\/uploads\/2023\/07\/Prepartivos-JMJ-Schoenstatt-669x1024.png\" alt=\"\" width=\"548\" height=\"839\" \/><\/p>\n","protected":false},"excerpt":{"rendered":"<p>O Santu\u00e1rio Original se reveste com as cores da JMJ e se prepara para receber a Juventude de diversos pa\u00edses<\/p>\n","protected":false},"author":3,"featured_media":31502,"comment_status":"closed","ping_status":"closed","sticky":false,"template":"","format":"standard","meta":{"footnotes":""},"categories":[636,665],"tags":[],"class_list":["post-31501","post","type-post","status-publish","format-standard","has-post-thumbnail","hentry","category-eventos-pt-pt","category-juventude-pt-pt"],"yoast_head":"<!-- This site is optimized with the Yoast SEO Premium plugin v27.4 (Yoast SEO v27.4) - https:\/\/yoast.com\/product\/yoast-seo-premium-wordpress\/ -->\n<title>500 jovens viver\u00e3o o sonho de visitar Schoenstatt antes da JMJ<\/title>\n<meta name=\"description\" content=\"Eles realizar\u00e3o um sonho: cerca de 500 jovens, de v\u00e1rios pa\u00edses, estar\u00e3o em Schoenstatt na v\u00e9spera da JMJ, a maioria da Am\u00e9rica Latina\" \/>\n<meta name=\"robots\" content=\"index, follow, max-snippet:-1, max-image-preview:large, max-video-preview:-1\" \/>\n<link rel=\"canonical\" href=\"https:\/\/schoenstatt.com\/pt-pt\/500-jovens-viverao-o-sonho-de-visitar-schoenstatt-antes-da-jmj\/\" \/>\n<meta property=\"og:locale\" content=\"pt_PT\" \/>\n<meta property=\"og:type\" content=\"article\" \/>\n<meta property=\"og:title\" content=\"500 jovens viver\u00e3o o sonho de visitar Schoenstatt antes da JMJ\" \/>\n<meta property=\"og:description\" content=\"Eles realizar\u00e3o um sonho: cerca de 500 jovens, de v\u00e1rios pa\u00edses, estar\u00e3o em Schoenstatt na v\u00e9spera da JMJ, a maioria da Am\u00e9rica Latina\" \/>\n<meta property=\"og:url\" content=\"https:\/\/schoenstatt.com\/pt-pt\/500-jovens-viverao-o-sonho-de-visitar-schoenstatt-antes-da-jmj\/\" \/>\n<meta property=\"og:site_name\" content=\"Schoenstatt\" \/>\n<meta property=\"article:published_time\" content=\"2023-07-21T12:11:38+00:00\" \/>\n<meta property=\"article:modified_time\" content=\"2025-05-15T23:30:49+00:00\" \/>\n<meta property=\"og:image\" content=\"https:\/\/schoenstatt.com\/wp-content\/uploads\/2023\/07\/schoenstatt-1.png\" \/>\n\t<meta property=\"og:image:width\" content=\"1600\" \/>\n\t<meta property=\"og:image:height\" content=\"900\" \/>\n\t<meta property=\"og:image:type\" content=\"image\/png\" \/>\n<meta name=\"author\" content=\"Karen Bueno\" \/>\n<meta name=\"twitter:card\" content=\"summary_large_image\" \/>\n<meta name=\"twitter:label1\" content=\"Escrito por\" \/>\n\t<meta name=\"twitter:data1\" content=\"Karen Bueno\" \/>\n\t<meta name=\"twitter:label2\" content=\"Tempo estimado de leitura\" \/>\n\t<meta name=\"twitter:data2\" content=\"4 minutos\" \/>\n<script type=\"application\/ld+json\" class=\"yoast-schema-graph\">{\"@context\":\"https:\\\/\\\/schema.org\",\"@graph\":[{\"@type\":\"Article\",\"@id\":\"https:\\\/\\\/schoenstatt.com\\\/pt-pt\\\/500-jovens-viverao-o-sonho-de-visitar-schoenstatt-antes-da-jmj\\\/#article\",\"isPartOf\":{\"@id\":\"https:\\\/\\\/schoenstatt.com\\\/pt-pt\\\/500-jovens-viverao-o-sonho-de-visitar-schoenstatt-antes-da-jmj\\\/\"},\"author\":{\"name\":\"Karen Bueno\",\"@id\":\"https:\\\/\\\/schoenstatt.com\\\/pt-pt\\\/#\\\/schema\\\/person\\\/5158877ad4acae98b34daaeef2a1ce6e\"},\"headline\":\"500 jovens viver\u00e3o o sonho de visitar Schoenstatt antes da JMJ\",\"datePublished\":\"2023-07-21T12:11:38+00:00\",\"dateModified\":\"2025-05-15T23:30:49+00:00\",\"mainEntityOfPage\":{\"@id\":\"https:\\\/\\\/schoenstatt.com\\\/pt-pt\\\/500-jovens-viverao-o-sonho-de-visitar-schoenstatt-antes-da-jmj\\\/\"},\"wordCount\":722,\"publisher\":{\"@id\":\"https:\\\/\\\/schoenstatt.com\\\/pt-pt\\\/#organization\"},\"image\":{\"@id\":\"https:\\\/\\\/schoenstatt.com\\\/pt-pt\\\/500-jovens-viverao-o-sonho-de-visitar-schoenstatt-antes-da-jmj\\\/#primaryimage\"},\"thumbnailUrl\":\"https:\\\/\\\/schoenstatt.com\\\/wp-content\\\/uploads\\\/2023\\\/07\\\/schoenstatt-1.png\",\"articleSection\":[\"Eventos\",\"Juventude\"],\"inLanguage\":\"pt-PT\"},{\"@type\":\"WebPage\",\"@id\":\"https:\\\/\\\/schoenstatt.com\\\/pt-pt\\\/500-jovens-viverao-o-sonho-de-visitar-schoenstatt-antes-da-jmj\\\/\",\"url\":\"https:\\\/\\\/schoenstatt.com\\\/pt-pt\\\/500-jovens-viverao-o-sonho-de-visitar-schoenstatt-antes-da-jmj\\\/\",\"name\":\"500 jovens viver\u00e3o o sonho de visitar Schoenstatt antes da JMJ\",\"isPartOf\":{\"@id\":\"https:\\\/\\\/schoenstatt.com\\\/pt-pt\\\/#website\"},\"primaryImageOfPage\":{\"@id\":\"https:\\\/\\\/schoenstatt.com\\\/pt-pt\\\/500-jovens-viverao-o-sonho-de-visitar-schoenstatt-antes-da-jmj\\\/#primaryimage\"},\"image\":{\"@id\":\"https:\\\/\\\/schoenstatt.com\\\/pt-pt\\\/500-jovens-viverao-o-sonho-de-visitar-schoenstatt-antes-da-jmj\\\/#primaryimage\"},\"thumbnailUrl\":\"https:\\\/\\\/schoenstatt.com\\\/wp-content\\\/uploads\\\/2023\\\/07\\\/schoenstatt-1.png\",\"datePublished\":\"2023-07-21T12:11:38+00:00\",\"dateModified\":\"2025-05-15T23:30:49+00:00\",\"description\":\"Eles realizar\u00e3o um sonho: cerca de 500 jovens, de v\u00e1rios pa\u00edses, estar\u00e3o em Schoenstatt na v\u00e9spera da JMJ, a maioria da Am\u00e9rica Latina\",\"breadcrumb\":{\"@id\":\"https:\\\/\\\/schoenstatt.com\\\/pt-pt\\\/500-jovens-viverao-o-sonho-de-visitar-schoenstatt-antes-da-jmj\\\/#breadcrumb\"},\"inLanguage\":\"pt-PT\",\"potentialAction\":[{\"@type\":\"ReadAction\",\"target\":[\"https:\\\/\\\/schoenstatt.com\\\/pt-pt\\\/500-jovens-viverao-o-sonho-de-visitar-schoenstatt-antes-da-jmj\\\/\"]}]},{\"@type\":\"ImageObject\",\"inLanguage\":\"pt-PT\",\"@id\":\"https:\\\/\\\/schoenstatt.com\\\/pt-pt\\\/500-jovens-viverao-o-sonho-de-visitar-schoenstatt-antes-da-jmj\\\/#primaryimage\",\"url\":\"https:\\\/\\\/schoenstatt.com\\\/wp-content\\\/uploads\\\/2023\\\/07\\\/schoenstatt-1.png\",\"contentUrl\":\"https:\\\/\\\/schoenstatt.com\\\/wp-content\\\/uploads\\\/2023\\\/07\\\/schoenstatt-1.png\",\"width\":1600,\"height\":900,\"caption\":\"500 j\u00f3venes vivir\u00e1n el sue\u00f1o de visitar Schoenstatt antes de la JMJ\"},{\"@type\":\"BreadcrumbList\",\"@id\":\"https:\\\/\\\/schoenstatt.com\\\/pt-pt\\\/500-jovens-viverao-o-sonho-de-visitar-schoenstatt-antes-da-jmj\\\/#breadcrumb\",\"itemListElement\":[{\"@type\":\"ListItem\",\"position\":1,\"name\":\"Portada\",\"item\":\"https:\\\/\\\/schoenstatt.com\\\/pt-pt\\\/home\\\/\"},{\"@type\":\"ListItem\",\"position\":2,\"name\":\"500 jovens viver\u00e3o o sonho de visitar Schoenstatt antes da JMJ\"}]},{\"@type\":\"WebSite\",\"@id\":\"https:\\\/\\\/schoenstatt.com\\\/pt-pt\\\/#website\",\"url\":\"https:\\\/\\\/schoenstatt.com\\\/pt-pt\\\/\",\"name\":\"Schoenstatt\",\"description\":\"Apostolic Movement\",\"publisher\":{\"@id\":\"https:\\\/\\\/schoenstatt.com\\\/pt-pt\\\/#organization\"},\"potentialAction\":[{\"@type\":\"SearchAction\",\"target\":{\"@type\":\"EntryPoint\",\"urlTemplate\":\"https:\\\/\\\/schoenstatt.com\\\/pt-pt\\\/?s={search_term_string}\"},\"query-input\":{\"@type\":\"PropertyValueSpecification\",\"valueRequired\":true,\"valueName\":\"search_term_string\"}}],\"inLanguage\":\"pt-PT\"},{\"@type\":\"Organization\",\"@id\":\"https:\\\/\\\/schoenstatt.com\\\/pt-pt\\\/#organization\",\"name\":\"Schoenstatt\",\"url\":\"https:\\\/\\\/schoenstatt.com\\\/pt-pt\\\/\",\"logo\":{\"@type\":\"ImageObject\",\"inLanguage\":\"pt-PT\",\"@id\":\"https:\\\/\\\/schoenstatt.com\\\/pt-pt\\\/#\\\/schema\\\/logo\\\/image\\\/\",\"url\":\"https:\\\/\\\/schoenstatt.com\\\/wp-content\\\/uploads\\\/2025\\\/04\\\/logo-schoenstatt-white-696x696-1.png\",\"contentUrl\":\"https:\\\/\\\/schoenstatt.com\\\/wp-content\\\/uploads\\\/2025\\\/04\\\/logo-schoenstatt-white-696x696-1.png\",\"width\":696,\"height\":694,\"caption\":\"Schoenstatt\"},\"image\":{\"@id\":\"https:\\\/\\\/schoenstatt.com\\\/pt-pt\\\/#\\\/schema\\\/logo\\\/image\\\/\"}},{\"@type\":\"Person\",\"@id\":\"https:\\\/\\\/schoenstatt.com\\\/pt-pt\\\/#\\\/schema\\\/person\\\/5158877ad4acae98b34daaeef2a1ce6e\",\"name\":\"Karen Bueno\",\"image\":{\"@type\":\"ImageObject\",\"inLanguage\":\"pt-PT\",\"@id\":\"https:\\\/\\\/secure.gravatar.com\\\/avatar\\\/f9f4b823873154269d2b2130f195f6d41037dd0d7fc5f3cacb5c846bae70d66b?s=96&d=mm&r=g\",\"url\":\"https:\\\/\\\/secure.gravatar.com\\\/avatar\\\/f9f4b823873154269d2b2130f195f6d41037dd0d7fc5f3cacb5c846bae70d66b?s=96&d=mm&r=g\",\"contentUrl\":\"https:\\\/\\\/secure.gravatar.com\\\/avatar\\\/f9f4b823873154269d2b2130f195f6d41037dd0d7fc5f3cacb5c846bae70d66b?s=96&d=mm&r=g\",\"caption\":\"Karen Bueno\"},\"url\":\"https:\\\/\\\/schoenstatt.com\\\/pt-pt\\\/author\\\/karen-bueno\\\/\"}]}<\/script>\n<!-- \/ Yoast SEO Premium plugin. -->","yoast_head_json":{"title":"500 jovens viver\u00e3o o sonho de visitar Schoenstatt antes da JMJ","description":"Eles realizar\u00e3o um sonho: cerca de 500 jovens, de v\u00e1rios pa\u00edses, estar\u00e3o em Schoenstatt na v\u00e9spera da JMJ, a maioria da Am\u00e9rica Latina","robots":{"index":"index","follow":"follow","max-snippet":"max-snippet:-1","max-image-preview":"max-image-preview:large","max-video-preview":"max-video-preview:-1"},"canonical":"https:\/\/schoenstatt.com\/pt-pt\/500-jovens-viverao-o-sonho-de-visitar-schoenstatt-antes-da-jmj\/","og_locale":"pt_PT","og_type":"article","og_title":"500 jovens viver\u00e3o o sonho de visitar Schoenstatt antes da JMJ","og_description":"Eles realizar\u00e3o um sonho: cerca de 500 jovens, de v\u00e1rios pa\u00edses, estar\u00e3o em Schoenstatt na v\u00e9spera da JMJ, a maioria da Am\u00e9rica Latina","og_url":"https:\/\/schoenstatt.com\/pt-pt\/500-jovens-viverao-o-sonho-de-visitar-schoenstatt-antes-da-jmj\/","og_site_name":"Schoenstatt","article_published_time":"2023-07-21T12:11:38+00:00","article_modified_time":"2025-05-15T23:30:49+00:00","og_image":[{"width":1600,"height":900,"url":"https:\/\/schoenstatt.com\/wp-content\/uploads\/2023\/07\/schoenstatt-1.png","type":"image\/png"}],"author":"Karen Bueno","twitter_card":"summary_large_image","twitter_misc":{"Escrito por":"Karen Bueno","Tempo estimado de leitura":"4 minutos"},"schema":{"@context":"https:\/\/schema.org","@graph":[{"@type":"Article","@id":"https:\/\/schoenstatt.com\/pt-pt\/500-jovens-viverao-o-sonho-de-visitar-schoenstatt-antes-da-jmj\/#article","isPartOf":{"@id":"https:\/\/schoenstatt.com\/pt-pt\/500-jovens-viverao-o-sonho-de-visitar-schoenstatt-antes-da-jmj\/"},"author":{"name":"Karen Bueno","@id":"https:\/\/schoenstatt.com\/pt-pt\/#\/schema\/person\/5158877ad4acae98b34daaeef2a1ce6e"},"headline":"500 jovens viver\u00e3o o sonho de visitar Schoenstatt antes da JMJ","datePublished":"2023-07-21T12:11:38+00:00","dateModified":"2025-05-15T23:30:49+00:00","mainEntityOfPage":{"@id":"https:\/\/schoenstatt.com\/pt-pt\/500-jovens-viverao-o-sonho-de-visitar-schoenstatt-antes-da-jmj\/"},"wordCount":722,"publisher":{"@id":"https:\/\/schoenstatt.com\/pt-pt\/#organization"},"image":{"@id":"https:\/\/schoenstatt.com\/pt-pt\/500-jovens-viverao-o-sonho-de-visitar-schoenstatt-antes-da-jmj\/#primaryimage"},"thumbnailUrl":"https:\/\/schoenstatt.com\/wp-content\/uploads\/2023\/07\/schoenstatt-1.png","articleSection":["Eventos","Juventude"],"inLanguage":"pt-PT"},{"@type":"WebPage","@id":"https:\/\/schoenstatt.com\/pt-pt\/500-jovens-viverao-o-sonho-de-visitar-schoenstatt-antes-da-jmj\/","url":"https:\/\/schoenstatt.com\/pt-pt\/500-jovens-viverao-o-sonho-de-visitar-schoenstatt-antes-da-jmj\/","name":"500 jovens viver\u00e3o o sonho de visitar Schoenstatt antes da JMJ","isPartOf":{"@id":"https:\/\/schoenstatt.com\/pt-pt\/#website"},"primaryImageOfPage":{"@id":"https:\/\/schoenstatt.com\/pt-pt\/500-jovens-viverao-o-sonho-de-visitar-schoenstatt-antes-da-jmj\/#primaryimage"},"image":{"@id":"https:\/\/schoenstatt.com\/pt-pt\/500-jovens-viverao-o-sonho-de-visitar-schoenstatt-antes-da-jmj\/#primaryimage"},"thumbnailUrl":"https:\/\/schoenstatt.com\/wp-content\/uploads\/2023\/07\/schoenstatt-1.png","datePublished":"2023-07-21T12:11:38+00:00","dateModified":"2025-05-15T23:30:49+00:00","description":"Eles realizar\u00e3o um sonho: cerca de 500 jovens, de v\u00e1rios pa\u00edses, estar\u00e3o em Schoenstatt na v\u00e9spera da JMJ, a maioria da Am\u00e9rica Latina","breadcrumb":{"@id":"https:\/\/schoenstatt.com\/pt-pt\/500-jovens-viverao-o-sonho-de-visitar-schoenstatt-antes-da-jmj\/#breadcrumb"},"inLanguage":"pt-PT","potentialAction":[{"@type":"ReadAction","target":["https:\/\/schoenstatt.com\/pt-pt\/500-jovens-viverao-o-sonho-de-visitar-schoenstatt-antes-da-jmj\/"]}]},{"@type":"ImageObject","inLanguage":"pt-PT","@id":"https:\/\/schoenstatt.com\/pt-pt\/500-jovens-viverao-o-sonho-de-visitar-schoenstatt-antes-da-jmj\/#primaryimage","url":"https:\/\/schoenstatt.com\/wp-content\/uploads\/2023\/07\/schoenstatt-1.png","contentUrl":"https:\/\/schoenstatt.com\/wp-content\/uploads\/2023\/07\/schoenstatt-1.png","width":1600,"height":900,"caption":"500 j\u00f3venes vivir\u00e1n el sue\u00f1o de visitar Schoenstatt antes de la JMJ"},{"@type":"BreadcrumbList","@id":"https:\/\/schoenstatt.com\/pt-pt\/500-jovens-viverao-o-sonho-de-visitar-schoenstatt-antes-da-jmj\/#breadcrumb","itemListElement":[{"@type":"ListItem","position":1,"name":"Portada","item":"https:\/\/schoenstatt.com\/pt-pt\/home\/"},{"@type":"ListItem","position":2,"name":"500 jovens viver\u00e3o o sonho de visitar Schoenstatt antes da JMJ"}]},{"@type":"WebSite","@id":"https:\/\/schoenstatt.com\/pt-pt\/#website","url":"https:\/\/schoenstatt.com\/pt-pt\/","name":"Schoenstatt","description":"Apostolic Movement","publisher":{"@id":"https:\/\/schoenstatt.com\/pt-pt\/#organization"},"potentialAction":[{"@type":"SearchAction","target":{"@type":"EntryPoint","urlTemplate":"https:\/\/schoenstatt.com\/pt-pt\/?s={search_term_string}"},"query-input":{"@type":"PropertyValueSpecification","valueRequired":true,"valueName":"search_term_string"}}],"inLanguage":"pt-PT"},{"@type":"Organization","@id":"https:\/\/schoenstatt.com\/pt-pt\/#organization","name":"Schoenstatt","url":"https:\/\/schoenstatt.com\/pt-pt\/","logo":{"@type":"ImageObject","inLanguage":"pt-PT","@id":"https:\/\/schoenstatt.com\/pt-pt\/#\/schema\/logo\/image\/","url":"https:\/\/schoenstatt.com\/wp-content\/uploads\/2025\/04\/logo-schoenstatt-white-696x696-1.png","contentUrl":"https:\/\/schoenstatt.com\/wp-content\/uploads\/2025\/04\/logo-schoenstatt-white-696x696-1.png","width":696,"height":694,"caption":"Schoenstatt"},"image":{"@id":"https:\/\/schoenstatt.com\/pt-pt\/#\/schema\/logo\/image\/"}},{"@type":"Person","@id":"https:\/\/schoenstatt.com\/pt-pt\/#\/schema\/person\/5158877ad4acae98b34daaeef2a1ce6e","name":"Karen Bueno","image":{"@type":"ImageObject","inLanguage":"pt-PT","@id":"https:\/\/secure.gravatar.com\/avatar\/f9f4b823873154269d2b2130f195f6d41037dd0d7fc5f3cacb5c846bae70d66b?s=96&d=mm&r=g","url":"https:\/\/secure.gravatar.com\/avatar\/f9f4b823873154269d2b2130f195f6d41037dd0d7fc5f3cacb5c846bae70d66b?s=96&d=mm&r=g","contentUrl":"https:\/\/secure.gravatar.com\/avatar\/f9f4b823873154269d2b2130f195f6d41037dd0d7fc5f3cacb5c846bae70d66b?s=96&d=mm&r=g","caption":"Karen Bueno"},"url":"https:\/\/schoenstatt.com\/pt-pt\/author\/karen-bueno\/"}]}},"_links":{"self":[{"href":"https:\/\/schoenstatt.com\/pt-pt\/wp-json\/wp\/v2\/posts\/31501","targetHints":{"allow":["GET"]}}],"collection":[{"href":"https:\/\/schoenstatt.com\/pt-pt\/wp-json\/wp\/v2\/posts"}],"about":[{"href":"https:\/\/schoenstatt.com\/pt-pt\/wp-json\/wp\/v2\/types\/post"}],"author":[{"embeddable":true,"href":"https:\/\/schoenstatt.com\/pt-pt\/wp-json\/wp\/v2\/users\/3"}],"replies":[{"embeddable":true,"href":"https:\/\/schoenstatt.com\/pt-pt\/wp-json\/wp\/v2\/comments?post=31501"}],"version-history":[{"count":1,"href":"https:\/\/schoenstatt.com\/pt-pt\/wp-json\/wp\/v2\/posts\/31501\/revisions"}],"predecessor-version":[{"id":46128,"href":"https:\/\/schoenstatt.com\/pt-pt\/wp-json\/wp\/v2\/posts\/31501\/revisions\/46128"}],"wp:featuredmedia":[{"embeddable":true,"href":"https:\/\/schoenstatt.com\/pt-pt\/wp-json\/wp\/v2\/media\/31502"}],"wp:attachment":[{"href":"https:\/\/schoenstatt.com\/pt-pt\/wp-json\/wp\/v2\/media?parent=31501"}],"wp:term":[{"taxonomy":"category","embeddable":true,"href":"https:\/\/schoenstatt.com\/pt-pt\/wp-json\/wp\/v2\/categories?post=31501"},{"taxonomy":"post_tag","embeddable":true,"href":"https:\/\/schoenstatt.com\/pt-pt\/wp-json\/wp\/v2\/tags?post=31501"}],"curies":[{"name":"wp","href":"https:\/\/api.w.org\/{rel}","templated":true}]}}