{"id":31440,"date":"2023-07-20T04:00:41","date_gmt":"2023-07-20T02:00:41","guid":{"rendered":"https:\/\/schoenstatt.com\/?p=31440"},"modified":"2025-05-16T03:13:07","modified_gmt":"2025-05-16T01:13:07","slug":"secretariado-pe-jose-kentenich-grande-alcance-e-mudanca-de-gestao","status":"publish","type":"post","link":"https:\/\/schoenstatt.com\/pt-pt\/secretariado-pe-jose-kentenich-grande-alcance-e-mudanca-de-gestao\/","title":{"rendered":"Secretariado Pe. Jos\u00e9 Kentenich: grande alcance e mudan\u00e7a de gest\u00e3o"},"content":{"rendered":"<ul>\n<li style=\"text-align: center;\">Ir. M. Resia K\u00e4ppeler (esq), Ir. Gisela-Maria Mues (centro) e Ir. M. Adele Gertsen (dir.) no Secretariado Pe. Jos\u00e9 Kentenich (Foto: Ir. Francine-Marie Cooper)<\/li>\n<\/ul>\n<p>A tarefa do <a href=\"https:\/\/www.pater-kentenich.org\/pt\/\" target=\"_blank\" rel=\"noopener\">Secretariado Padre Jos\u00e9 Kentenich<\/a> \u00e9 dar a conhecer o carisma especial do <a href=\"https:\/\/schoenstatt.com\/pt-pt\/about\/fundador\/\" target=\"_blank\" rel=\"noopener\">fundador<\/a> do Movimento de Schoenstatt, bem como a sua miss\u00e3o e pessoa, e promover a sua venera\u00e7\u00e3o. Durante 30 anos, a Irm\u00e3. M. Adele Gertsen, em coopera\u00e7\u00e3o com o respectivo postulador no processo de beatifica\u00e7\u00e3o, atualmente o Padre de Schoenstatt Eduardo Aguirre, chileno, teve em suas m\u00e3os a tarefa de dirigir este secretariado. Devido \u00e0 idade da Irm\u00e3 M. Adele, a miss\u00e3o agora \u00e9 confiada \u00e0 Irm\u00e3 Gisela-Maria Mues.<\/p>\n<h3>Agradecimentos da Presid\u00eancia Geral pelos 30 anos de fiel servi\u00e7o<\/h3>\n<figure id=\"attachment_31445\" aria-describedby=\"caption-attachment-31445\" style=\"width: 892px\" class=\"wp-caption aligncenter\"><img fetchpriority=\"high\" decoding=\"async\" class=\"wp-image-31445\" src=\"https:\/\/schoenstatt.com\/wp-content\/uploads\/2023\/07\/Agradecimento-a-Irma-Adele-da-Presidencia-Geral-de-Schoenstatt-2.jpg\" alt=\"\" width=\"892\" height=\"401\" \/><figcaption id=\"caption-attachment-31445\" class=\"wp-caption-text\">A Ir. M. Adele Gertsen informa a Presid\u00eancia Geral da Obra Internacional de Schoenstatt sobre seu trabalho no Secretariado do Padre Jos\u00e9 Kentenich (Foto: Dr. Christian L\u00f6hr)<\/figcaption><\/figure>\n<p>Em sua reuni\u00e3o de ver\u00e3o, em junho de 2023, a Presid\u00eancia Geral da Obra Internacional de Schoenstatt aproveitou a oportunidade para expressar sua mais sincera gratid\u00e3o \u00e0 Ir. M. Adele Gertsen por seus generosos anos de servi\u00e7o. O fator da continuidade \u00e9 uma contribui\u00e7\u00e3o nada insignificante, que a Ir. M. Adele garantiu na equipe do Secretariado, expressou o Dr. Christian L\u00f6hr, Reitor Geral do Instituto dos Sacerdotes Diocesanos de Schoenstatt, em seu discurso de agradecimento. Ao longo dos anos ela desenvolveu as tarefas do Secretariado em estreita colabora\u00e7\u00e3o com os Padres de Schoenstatt Engelbert Monnerjahn da Alemanha, \u00c1ngel Strada da Argentina e Eduardo Aguirre do Chile. Para isso, contou com a ajuda da Irm\u00e3 M. Resia K\u00e4ppeler, que trabalhou com ela por muitos anos e tamb\u00e9m contribuiu com seus bons conhecimentos de idiomas.<\/p>\n<figure id=\"attachment_31449\" aria-describedby=\"caption-attachment-31449\" style=\"width: 852px\" class=\"wp-caption aligncenter\"><img decoding=\"async\" class=\"wp-image-31449\" src=\"https:\/\/schoenstatt.com\/wp-content\/uploads\/2023\/07\/Agradecimento-a-Irma-Adele-da-Presidencia-Geral-de-Schoenstatt.jpg\" alt=\"\" width=\"852\" height=\"383\" \/><figcaption id=\"caption-attachment-31449\" class=\"wp-caption-text\">O Pe. Alexandre Awi Mello, Presidente da Presid\u00eancia Geral, agradece em nome de todo o Movimento a Ir. M. Adele Gertsen por suas tr\u00eas d\u00e9cadas de servi\u00e7o (Foto: Dr. Christian L\u00f6hr)<\/figcaption><\/figure>\n<p>Em nome da Presid\u00eancia Geral, o Pe. Christian L\u00f6hr expressou seu agradecimento e reconhecimento \u00e0 Ir. M. Adele por seus esfor\u00e7os sempre renovados para tornar o Padre Kentenich conhecido. O sacerdote entregou \u00e0 Ir. M. Adele uma carta de agradecimento assinada por todos os membros da Presid\u00eancia e um vale-compras para a livraria de Schoenstatt. Agradeceu tamb\u00e9m ao Instituto das Irm\u00e3s de Maria de Schoenstatt que, junto com a Irm\u00e3 Gisela-Maria Mues, at\u00e9 agora membro da Dire\u00e7\u00e3o Geral de sua comunidade por 12 anos, forneceram uma sucessora ao Secretariado Padre Jos\u00e9 Kentenich, a quem foi confiada tamb\u00e9m a tarefa adicional de dirigir a Casa Padre Kentenich, no Monte Schoenstatt.<\/p>\n<h2>Balan\u00e7o da diretoria do Secretariado Padre Jos\u00e9 Kentenich<\/h2>\n<figure id=\"attachment_31453\" aria-describedby=\"caption-attachment-31453\" style=\"width: 808px\" class=\"wp-caption aligncenter\"><img decoding=\"async\" class=\"wp-image-31453\" src=\"https:\/\/schoenstatt.com\/wp-content\/uploads\/2023\/07\/Sr-M-Annemarja-Wansing-und-Sr-Gisela-Maria-Mues.jpg\" alt=\"\" width=\"808\" height=\"539\" \/><figcaption id=\"caption-attachment-31453\" class=\"wp-caption-text\">Ir. Gisela-Maria Mues assumiu a dire\u00e7\u00e3o da Casa Padre Kentenich das m\u00e3os da Ir. M. Annemarja Wansing (Foto: Ir. Francine-Marie Cooper)<\/figcaption><\/figure>\n<p>A Ir. M. Adele fez um balan\u00e7o de seu trabalho como diretora do Secretariado, em nome da pequena equipe de cinco pessoas que trabalhavam juntas nele. Al\u00e9m do postulador e dela mesma, havia outros tr\u00eas membros na equipe. No \u00e2mbito do processo diocesano para a beatifica\u00e7\u00e3o do Padre Jos\u00e9 Kentenich, cuja suspens\u00e3o tempor\u00e1ria foi ordenada pelo Bispo Dr. Stephan Ackermann em 3 de maio de 2022, o Secretariado estabeleceu contatos em 94 pa\u00edses do mundo.<\/p>\n<p>\u201cDesde o in\u00edcio, pude comprovar que muitas pessoas veneram o Padre Kentenich como seu santo\u201d, sublinha a Irm\u00e3 Adele. \u201cEmbora a Igreja ainda n\u00e3o o tenha canonizado, para mim ele \u00e9 um santo, dizem muitos.\u201d No processo de beatifica\u00e7\u00e3o foram ouvidas 150 testemunhas e as curas relatadas t\u00eam sido investigadas. In\u00fameras pessoas falaram ao Secretariado sobre a import\u00e2ncia que o Padre Kentenich teve em suas vidas. O Secretariado recebeu 1,7 milh\u00e3o de respostas \u00e0s ora\u00e7\u00f5es ouvidas. Todos os documentos relacionados a esses eventos n\u00e3o s\u00e3o mantidos em Tr\u00e9veris como arquivos do processo de beatifica\u00e7\u00e3o, mas desde 2017 est\u00e3o no Secretariado Padre Jos\u00e9 Kentenich em Schoenstatt, j\u00e1 que nos arquivos de Tr\u00e9veris n\u00e3o h\u00e1 lugar dispon\u00edvel para tanto material.<\/p>\n<h3>Material impresso em 30 idiomas<\/h3>\n<figure id=\"attachment_31457\" aria-describedby=\"caption-attachment-31457\" style=\"width: 772px\" class=\"wp-caption aligncenter\"><img loading=\"lazy\" decoding=\"async\" class=\"wp-image-31457\" src=\"https:\/\/schoenstatt.com\/wp-content\/uploads\/2023\/07\/impulse-fur-leben-schoenstatt.jpg\" alt=\"\" width=\"772\" height=\"515\" \/><figcaption id=\"caption-attachment-31457\" class=\"wp-caption-text\">A \u00faltima edi\u00e7\u00e3o (3\/2023) de &#8220;Impulse f\u00fcrs Leben&#8221; foi enviada esses dias aos leitores (Foto: Ir. Francine-Marie Cooper)<\/figcaption><\/figure>\n<p>A fim de promover a devo\u00e7\u00e3o ao Padre Kentenich, o Secretariado publicou um grande n\u00famero de publica\u00e7\u00f5es, num total de 30 idiomas. Esses escritos foram distribu\u00eddos em uma tiragem de mais de oito milh\u00f5es de exemplares. Al\u00e9m disso, ao longo dos anos foram impressos e distribu\u00eddos cerca de 36 milh\u00f5es de cart\u00f5es e folhetos de ora\u00e7\u00e3o. No mundo de l\u00edngua alem\u00e3, a brochura de oito p\u00e1ginas &#8220;Impulse f\u00fcrs Leben&#8221; (Impulsos para a vida), que documenta testemunhos e respostas de ora\u00e7\u00e3o, \u00e9 publicado quatro vezes ao ano com uma tiragem total de mais de 10 milh\u00f5es de exemplares. &#8220;Os leitores passam a conhecer e apreciar o Padre Kentenich atrav\u00e9s de seus escritos. O escolhem como modelo para suas pr\u00f3prias vidas e aspira\u00e7\u00f5es. Aprendem a viver pela f\u00e9, a ver a vida \u00e0 luz da f\u00e9 na divina Provid\u00eancia, a compreender e aceitar o valor e a import\u00e2ncia do sofrimento em suas vidas e a confiar em Maria, como fazia o Padre Kentenich&#8221;, disse a Irm\u00e3 M. Adele sobre o impacto das publica\u00e7\u00f5es.<\/p>\n<p>Por isso, ela e sua equipe tamb\u00e9m marcaram presen\u00e7a com estandes de livros em eventos como o Gymnich Ritt, congressos da Ajuda \u00e0 Igreja que Sofre e celebra\u00e7\u00f5es nos Centros de Schoenstatt por todo o pa\u00eds. Al\u00e9m disso, foi palestrante para grupos do Movimento de Schoenstatt e para grupos de peregrinos.<\/p>\n<p>No \u00e2mbito da recolha de pedidos de ora\u00e7\u00e3o e respostas \u00e0s ora\u00e7\u00f5es, surgiu outra tarefa no Secretariado. Frequentemente, a equipe tem de oferecer uma esp\u00e9cie de aconselhamento telef\u00f4nico a muitos dos que ligam. Al\u00e9m das liga\u00e7\u00f5es, costumam chegar \u00e0 secretaria muitas cartas por dia. Hoje, a comunica\u00e7\u00e3o escrita \u00e9 feita quase exclusivamente por e-mail.<\/p>\n<h3>Papa Jo\u00e3o Paulo II: &#8220;Canonizai-o v\u00f3s mesmos!&#8221;<\/h3>\n<p>A suspens\u00e3o tempor\u00e1ria do processo de beatifica\u00e7\u00e3o pelo Bispo Ackermann, em 3 de maio de 2022, como consequ\u00eancia das acusa\u00e7\u00f5es de abusos contra o Padre Kentenich, representou uma ruptura importante para o trabalho do Secretariado do Padre Jos\u00e9 Kentenich. No entanto, comentou a Irm\u00e3 de Maria, foi poss\u00edvel constatar que a grande maioria dos amigos do Pe. Kentenich continuam sendo fi\u00e9is a ele e poucos se distanciaram.<\/p>\n<p>&#8220;Levem ao futuro a Obra do seu fundador e canonizem-no!&#8221; Com estas palavras e este mandato do Papa Jo\u00e3o Paulo II \u00e0 Fam\u00edlia de Schoenstatt, a Irm\u00e3 Adele concluiu o seu relat\u00f3rio sobre o seu trabalho no Secretariado Padre Jos\u00e9 Kentenich, n\u00e3o sem antes constatar que de tantos beatificados e canonizados nas \u00faltimas d\u00e9cadas, muitos permanecem desconhecido. Segundo ela, esse destino n\u00e3o dever\u00e1 recair sobre o Padre Kentenich.<\/p>\n<p><strong>Fonte: <a href=\"https:\/\/www.schoenstatt.de\/de\/news\/6162\/112\/Sekretariat-Pater-Josef-Kentenich-Wechsel-in-der-Leitung.htm\" target=\"_blank\" rel=\"noopener\">schoenstatt.de<\/a><\/strong><\/p>\n","protected":false},"excerpt":{"rendered":"<p>\u201cEscolheram o Pe. Kentenich como modelo para suas pr\u00f3prias vidas\u201d, disse a Ir. M. Adele, ao encerrar um ciclo de 30 anos em que foi respons\u00e1vel pelo Secretariado do Pe. Jos\u00e9 Kentenich. Hoje recebe esta tarefa a Ir. Gisela-Maria Mues.<\/p>\n","protected":false},"author":3,"featured_media":31441,"comment_status":"closed","ping_status":"closed","sticky":false,"template":"","format":"standard","meta":{"footnotes":""},"categories":[892,880],"tags":[],"class_list":["post-31440","post","type-post","status-publish","format-standard","has-post-thumbnail","hentry","category-causa-kentenich-pt-pt","category-pe-jose-kentenich-pt-pt"],"yoast_head":"<!-- This site is optimized with the Yoast SEO Premium plugin v27.4 (Yoast SEO v27.5) - https:\/\/yoast.com\/product\/yoast-seo-premium-wordpress\/ -->\n<title>Secretariado Pe. Jos\u00e9 Kentenich: grande alcance e mudan\u00e7a de gest\u00e3o<\/title>\n<meta name=\"description\" content=\"Ap\u00f3s 30 anos, a dire\u00e7\u00e3o do Secretariado Pe. Jos\u00e9 Kentenich muda. Incr\u00edvel a tarefa realizada pela condu\u00e7\u00e3o anterior.\" \/>\n<meta name=\"robots\" content=\"index, follow, max-snippet:-1, max-image-preview:large, max-video-preview:-1\" \/>\n<link rel=\"canonical\" href=\"https:\/\/schoenstatt.com\/pt-pt\/secretariado-pe-jose-kentenich-grande-alcance-e-mudanca-de-gestao\/\" \/>\n<meta property=\"og:locale\" content=\"pt_PT\" \/>\n<meta property=\"og:type\" content=\"article\" \/>\n<meta property=\"og:title\" content=\"Secretariado Pe. Jos\u00e9 Kentenich: grande alcance e mudan\u00e7a de gest\u00e3o\" \/>\n<meta property=\"og:description\" content=\"Ap\u00f3s 30 anos, a dire\u00e7\u00e3o do Secretariado Pe. Jos\u00e9 Kentenich muda. Incr\u00edvel a tarefa realizada pela condu\u00e7\u00e3o anterior.\" \/>\n<meta property=\"og:url\" content=\"https:\/\/schoenstatt.com\/pt-pt\/secretariado-pe-jose-kentenich-grande-alcance-e-mudanca-de-gestao\/\" \/>\n<meta property=\"og:site_name\" content=\"Schoenstatt\" \/>\n<meta property=\"article:published_time\" content=\"2023-07-20T02:00:41+00:00\" \/>\n<meta property=\"article:modified_time\" content=\"2025-05-16T01:13:07+00:00\" \/>\n<meta property=\"og:image\" content=\"https:\/\/schoenstatt.com\/wp-content\/uploads\/2023\/07\/Sr-Gisela-Maria-Mues-Sr.-M.-Adele-Gertsen-und-Sr.-M.-Resia-Kappeler-im-Sekretariat-Pater-Josef-Kentenich-2.jpg\" \/>\n\t<meta property=\"og:image:width\" content=\"1800\" \/>\n\t<meta property=\"og:image:height\" content=\"1200\" \/>\n\t<meta property=\"og:image:type\" content=\"image\/jpeg\" \/>\n<meta name=\"author\" content=\"Karen Bueno\" \/>\n<meta name=\"twitter:card\" content=\"summary_large_image\" \/>\n<meta name=\"twitter:label1\" content=\"Escrito por\" \/>\n\t<meta name=\"twitter:data1\" content=\"Karen Bueno\" \/>\n\t<meta name=\"twitter:label2\" content=\"Tempo estimado de leitura\" \/>\n\t<meta name=\"twitter:data2\" content=\"6 minutos\" \/>\n<script type=\"application\/ld+json\" class=\"yoast-schema-graph\">{\"@context\":\"https:\\\/\\\/schema.org\",\"@graph\":[{\"@type\":\"Article\",\"@id\":\"https:\\\/\\\/schoenstatt.com\\\/pt-pt\\\/secretariado-pe-jose-kentenich-grande-alcance-e-mudanca-de-gestao\\\/#article\",\"isPartOf\":{\"@id\":\"https:\\\/\\\/schoenstatt.com\\\/pt-pt\\\/secretariado-pe-jose-kentenich-grande-alcance-e-mudanca-de-gestao\\\/\"},\"author\":{\"name\":\"Karen Bueno\",\"@id\":\"https:\\\/\\\/schoenstatt.com\\\/pt-pt\\\/#\\\/schema\\\/person\\\/5158877ad4acae98b34daaeef2a1ce6e\"},\"headline\":\"Secretariado Pe. Jos\u00e9 Kentenich: grande alcance e mudan\u00e7a de gest\u00e3o\",\"datePublished\":\"2023-07-20T02:00:41+00:00\",\"dateModified\":\"2025-05-16T01:13:07+00:00\",\"mainEntityOfPage\":{\"@id\":\"https:\\\/\\\/schoenstatt.com\\\/pt-pt\\\/secretariado-pe-jose-kentenich-grande-alcance-e-mudanca-de-gestao\\\/\"},\"wordCount\":1202,\"publisher\":{\"@id\":\"https:\\\/\\\/schoenstatt.com\\\/pt-pt\\\/#organization\"},\"image\":{\"@id\":\"https:\\\/\\\/schoenstatt.com\\\/pt-pt\\\/secretariado-pe-jose-kentenich-grande-alcance-e-mudanca-de-gestao\\\/#primaryimage\"},\"thumbnailUrl\":\"https:\\\/\\\/schoenstatt.com\\\/wp-content\\\/uploads\\\/2023\\\/07\\\/Sr-Gisela-Maria-Mues-Sr.-M.-Adele-Gertsen-und-Sr.-M.-Resia-Kappeler-im-Sekretariat-Pater-Josef-Kentenich-2.jpg\",\"articleSection\":[\"Causa Kentenich\",\"Pe. Jos\u00e9 Kentenich\"],\"inLanguage\":\"pt-PT\"},{\"@type\":\"WebPage\",\"@id\":\"https:\\\/\\\/schoenstatt.com\\\/pt-pt\\\/secretariado-pe-jose-kentenich-grande-alcance-e-mudanca-de-gestao\\\/\",\"url\":\"https:\\\/\\\/schoenstatt.com\\\/pt-pt\\\/secretariado-pe-jose-kentenich-grande-alcance-e-mudanca-de-gestao\\\/\",\"name\":\"Secretariado Pe. Jos\u00e9 Kentenich: grande alcance e mudan\u00e7a de gest\u00e3o\",\"isPartOf\":{\"@id\":\"https:\\\/\\\/schoenstatt.com\\\/pt-pt\\\/#website\"},\"primaryImageOfPage\":{\"@id\":\"https:\\\/\\\/schoenstatt.com\\\/pt-pt\\\/secretariado-pe-jose-kentenich-grande-alcance-e-mudanca-de-gestao\\\/#primaryimage\"},\"image\":{\"@id\":\"https:\\\/\\\/schoenstatt.com\\\/pt-pt\\\/secretariado-pe-jose-kentenich-grande-alcance-e-mudanca-de-gestao\\\/#primaryimage\"},\"thumbnailUrl\":\"https:\\\/\\\/schoenstatt.com\\\/wp-content\\\/uploads\\\/2023\\\/07\\\/Sr-Gisela-Maria-Mues-Sr.-M.-Adele-Gertsen-und-Sr.-M.-Resia-Kappeler-im-Sekretariat-Pater-Josef-Kentenich-2.jpg\",\"datePublished\":\"2023-07-20T02:00:41+00:00\",\"dateModified\":\"2025-05-16T01:13:07+00:00\",\"description\":\"Ap\u00f3s 30 anos, a dire\u00e7\u00e3o do Secretariado Pe. Jos\u00e9 Kentenich muda. Incr\u00edvel a tarefa realizada pela condu\u00e7\u00e3o anterior.\",\"breadcrumb\":{\"@id\":\"https:\\\/\\\/schoenstatt.com\\\/pt-pt\\\/secretariado-pe-jose-kentenich-grande-alcance-e-mudanca-de-gestao\\\/#breadcrumb\"},\"inLanguage\":\"pt-PT\",\"potentialAction\":[{\"@type\":\"ReadAction\",\"target\":[\"https:\\\/\\\/schoenstatt.com\\\/pt-pt\\\/secretariado-pe-jose-kentenich-grande-alcance-e-mudanca-de-gestao\\\/\"]}]},{\"@type\":\"ImageObject\",\"inLanguage\":\"pt-PT\",\"@id\":\"https:\\\/\\\/schoenstatt.com\\\/pt-pt\\\/secretariado-pe-jose-kentenich-grande-alcance-e-mudanca-de-gestao\\\/#primaryimage\",\"url\":\"https:\\\/\\\/schoenstatt.com\\\/wp-content\\\/uploads\\\/2023\\\/07\\\/Sr-Gisela-Maria-Mues-Sr.-M.-Adele-Gertsen-und-Sr.-M.-Resia-Kappeler-im-Sekretariat-Pater-Josef-Kentenich-2.jpg\",\"contentUrl\":\"https:\\\/\\\/schoenstatt.com\\\/wp-content\\\/uploads\\\/2023\\\/07\\\/Sr-Gisela-Maria-Mues-Sr.-M.-Adele-Gertsen-und-Sr.-M.-Resia-Kappeler-im-Sekretariat-Pater-Josef-Kentenich-2.jpg\",\"width\":1800,\"height\":1200,\"caption\":\"Teste\"},{\"@type\":\"BreadcrumbList\",\"@id\":\"https:\\\/\\\/schoenstatt.com\\\/pt-pt\\\/secretariado-pe-jose-kentenich-grande-alcance-e-mudanca-de-gestao\\\/#breadcrumb\",\"itemListElement\":[{\"@type\":\"ListItem\",\"position\":1,\"name\":\"Portada\",\"item\":\"https:\\\/\\\/schoenstatt.com\\\/pt-pt\\\/home\\\/\"},{\"@type\":\"ListItem\",\"position\":2,\"name\":\"Secretariado Pe. Jos\u00e9 Kentenich: grande alcance e mudan\u00e7a de gest\u00e3o\"}]},{\"@type\":\"WebSite\",\"@id\":\"https:\\\/\\\/schoenstatt.com\\\/pt-pt\\\/#website\",\"url\":\"https:\\\/\\\/schoenstatt.com\\\/pt-pt\\\/\",\"name\":\"Schoenstatt\",\"description\":\"Apostolic Movement\",\"publisher\":{\"@id\":\"https:\\\/\\\/schoenstatt.com\\\/pt-pt\\\/#organization\"},\"potentialAction\":[{\"@type\":\"SearchAction\",\"target\":{\"@type\":\"EntryPoint\",\"urlTemplate\":\"https:\\\/\\\/schoenstatt.com\\\/pt-pt\\\/?s={search_term_string}\"},\"query-input\":{\"@type\":\"PropertyValueSpecification\",\"valueRequired\":true,\"valueName\":\"search_term_string\"}}],\"inLanguage\":\"pt-PT\"},{\"@type\":\"Organization\",\"@id\":\"https:\\\/\\\/schoenstatt.com\\\/pt-pt\\\/#organization\",\"name\":\"Schoenstatt\",\"url\":\"https:\\\/\\\/schoenstatt.com\\\/pt-pt\\\/\",\"logo\":{\"@type\":\"ImageObject\",\"inLanguage\":\"pt-PT\",\"@id\":\"https:\\\/\\\/schoenstatt.com\\\/pt-pt\\\/#\\\/schema\\\/logo\\\/image\\\/\",\"url\":\"https:\\\/\\\/schoenstatt.com\\\/wp-content\\\/uploads\\\/2025\\\/04\\\/logo-schoenstatt-white-696x696-1.png\",\"contentUrl\":\"https:\\\/\\\/schoenstatt.com\\\/wp-content\\\/uploads\\\/2025\\\/04\\\/logo-schoenstatt-white-696x696-1.png\",\"width\":696,\"height\":694,\"caption\":\"Schoenstatt\"},\"image\":{\"@id\":\"https:\\\/\\\/schoenstatt.com\\\/pt-pt\\\/#\\\/schema\\\/logo\\\/image\\\/\"}},{\"@type\":\"Person\",\"@id\":\"https:\\\/\\\/schoenstatt.com\\\/pt-pt\\\/#\\\/schema\\\/person\\\/5158877ad4acae98b34daaeef2a1ce6e\",\"name\":\"Karen Bueno\",\"image\":{\"@type\":\"ImageObject\",\"inLanguage\":\"pt-PT\",\"@id\":\"https:\\\/\\\/secure.gravatar.com\\\/avatar\\\/f9f4b823873154269d2b2130f195f6d41037dd0d7fc5f3cacb5c846bae70d66b?s=96&d=mm&r=g\",\"url\":\"https:\\\/\\\/secure.gravatar.com\\\/avatar\\\/f9f4b823873154269d2b2130f195f6d41037dd0d7fc5f3cacb5c846bae70d66b?s=96&d=mm&r=g\",\"contentUrl\":\"https:\\\/\\\/secure.gravatar.com\\\/avatar\\\/f9f4b823873154269d2b2130f195f6d41037dd0d7fc5f3cacb5c846bae70d66b?s=96&d=mm&r=g\",\"caption\":\"Karen Bueno\"},\"url\":\"https:\\\/\\\/schoenstatt.com\\\/pt-pt\\\/author\\\/karen-bueno\\\/\"}]}<\/script>\n<!-- \/ Yoast SEO Premium plugin. -->","yoast_head_json":{"title":"Secretariado Pe. Jos\u00e9 Kentenich: grande alcance e mudan\u00e7a de gest\u00e3o","description":"Ap\u00f3s 30 anos, a dire\u00e7\u00e3o do Secretariado Pe. Jos\u00e9 Kentenich muda. Incr\u00edvel a tarefa realizada pela condu\u00e7\u00e3o anterior.","robots":{"index":"index","follow":"follow","max-snippet":"max-snippet:-1","max-image-preview":"max-image-preview:large","max-video-preview":"max-video-preview:-1"},"canonical":"https:\/\/schoenstatt.com\/pt-pt\/secretariado-pe-jose-kentenich-grande-alcance-e-mudanca-de-gestao\/","og_locale":"pt_PT","og_type":"article","og_title":"Secretariado Pe. Jos\u00e9 Kentenich: grande alcance e mudan\u00e7a de gest\u00e3o","og_description":"Ap\u00f3s 30 anos, a dire\u00e7\u00e3o do Secretariado Pe. Jos\u00e9 Kentenich muda. Incr\u00edvel a tarefa realizada pela condu\u00e7\u00e3o anterior.","og_url":"https:\/\/schoenstatt.com\/pt-pt\/secretariado-pe-jose-kentenich-grande-alcance-e-mudanca-de-gestao\/","og_site_name":"Schoenstatt","article_published_time":"2023-07-20T02:00:41+00:00","article_modified_time":"2025-05-16T01:13:07+00:00","og_image":[{"width":1800,"height":1200,"url":"https:\/\/schoenstatt.com\/wp-content\/uploads\/2023\/07\/Sr-Gisela-Maria-Mues-Sr.-M.-Adele-Gertsen-und-Sr.-M.-Resia-Kappeler-im-Sekretariat-Pater-Josef-Kentenich-2.jpg","type":"image\/jpeg"}],"author":"Karen Bueno","twitter_card":"summary_large_image","twitter_misc":{"Escrito por":"Karen Bueno","Tempo estimado de leitura":"6 minutos"},"schema":{"@context":"https:\/\/schema.org","@graph":[{"@type":"Article","@id":"https:\/\/schoenstatt.com\/pt-pt\/secretariado-pe-jose-kentenich-grande-alcance-e-mudanca-de-gestao\/#article","isPartOf":{"@id":"https:\/\/schoenstatt.com\/pt-pt\/secretariado-pe-jose-kentenich-grande-alcance-e-mudanca-de-gestao\/"},"author":{"name":"Karen Bueno","@id":"https:\/\/schoenstatt.com\/pt-pt\/#\/schema\/person\/5158877ad4acae98b34daaeef2a1ce6e"},"headline":"Secretariado Pe. Jos\u00e9 Kentenich: grande alcance e mudan\u00e7a de gest\u00e3o","datePublished":"2023-07-20T02:00:41+00:00","dateModified":"2025-05-16T01:13:07+00:00","mainEntityOfPage":{"@id":"https:\/\/schoenstatt.com\/pt-pt\/secretariado-pe-jose-kentenich-grande-alcance-e-mudanca-de-gestao\/"},"wordCount":1202,"publisher":{"@id":"https:\/\/schoenstatt.com\/pt-pt\/#organization"},"image":{"@id":"https:\/\/schoenstatt.com\/pt-pt\/secretariado-pe-jose-kentenich-grande-alcance-e-mudanca-de-gestao\/#primaryimage"},"thumbnailUrl":"https:\/\/schoenstatt.com\/wp-content\/uploads\/2023\/07\/Sr-Gisela-Maria-Mues-Sr.-M.-Adele-Gertsen-und-Sr.-M.-Resia-Kappeler-im-Sekretariat-Pater-Josef-Kentenich-2.jpg","articleSection":["Causa Kentenich","Pe. Jos\u00e9 Kentenich"],"inLanguage":"pt-PT"},{"@type":"WebPage","@id":"https:\/\/schoenstatt.com\/pt-pt\/secretariado-pe-jose-kentenich-grande-alcance-e-mudanca-de-gestao\/","url":"https:\/\/schoenstatt.com\/pt-pt\/secretariado-pe-jose-kentenich-grande-alcance-e-mudanca-de-gestao\/","name":"Secretariado Pe. Jos\u00e9 Kentenich: grande alcance e mudan\u00e7a de gest\u00e3o","isPartOf":{"@id":"https:\/\/schoenstatt.com\/pt-pt\/#website"},"primaryImageOfPage":{"@id":"https:\/\/schoenstatt.com\/pt-pt\/secretariado-pe-jose-kentenich-grande-alcance-e-mudanca-de-gestao\/#primaryimage"},"image":{"@id":"https:\/\/schoenstatt.com\/pt-pt\/secretariado-pe-jose-kentenich-grande-alcance-e-mudanca-de-gestao\/#primaryimage"},"thumbnailUrl":"https:\/\/schoenstatt.com\/wp-content\/uploads\/2023\/07\/Sr-Gisela-Maria-Mues-Sr.-M.-Adele-Gertsen-und-Sr.-M.-Resia-Kappeler-im-Sekretariat-Pater-Josef-Kentenich-2.jpg","datePublished":"2023-07-20T02:00:41+00:00","dateModified":"2025-05-16T01:13:07+00:00","description":"Ap\u00f3s 30 anos, a dire\u00e7\u00e3o do Secretariado Pe. Jos\u00e9 Kentenich muda. Incr\u00edvel a tarefa realizada pela condu\u00e7\u00e3o anterior.","breadcrumb":{"@id":"https:\/\/schoenstatt.com\/pt-pt\/secretariado-pe-jose-kentenich-grande-alcance-e-mudanca-de-gestao\/#breadcrumb"},"inLanguage":"pt-PT","potentialAction":[{"@type":"ReadAction","target":["https:\/\/schoenstatt.com\/pt-pt\/secretariado-pe-jose-kentenich-grande-alcance-e-mudanca-de-gestao\/"]}]},{"@type":"ImageObject","inLanguage":"pt-PT","@id":"https:\/\/schoenstatt.com\/pt-pt\/secretariado-pe-jose-kentenich-grande-alcance-e-mudanca-de-gestao\/#primaryimage","url":"https:\/\/schoenstatt.com\/wp-content\/uploads\/2023\/07\/Sr-Gisela-Maria-Mues-Sr.-M.-Adele-Gertsen-und-Sr.-M.-Resia-Kappeler-im-Sekretariat-Pater-Josef-Kentenich-2.jpg","contentUrl":"https:\/\/schoenstatt.com\/wp-content\/uploads\/2023\/07\/Sr-Gisela-Maria-Mues-Sr.-M.-Adele-Gertsen-und-Sr.-M.-Resia-Kappeler-im-Sekretariat-Pater-Josef-Kentenich-2.jpg","width":1800,"height":1200,"caption":"Teste"},{"@type":"BreadcrumbList","@id":"https:\/\/schoenstatt.com\/pt-pt\/secretariado-pe-jose-kentenich-grande-alcance-e-mudanca-de-gestao\/#breadcrumb","itemListElement":[{"@type":"ListItem","position":1,"name":"Portada","item":"https:\/\/schoenstatt.com\/pt-pt\/home\/"},{"@type":"ListItem","position":2,"name":"Secretariado Pe. Jos\u00e9 Kentenich: grande alcance e mudan\u00e7a de gest\u00e3o"}]},{"@type":"WebSite","@id":"https:\/\/schoenstatt.com\/pt-pt\/#website","url":"https:\/\/schoenstatt.com\/pt-pt\/","name":"Schoenstatt","description":"Apostolic Movement","publisher":{"@id":"https:\/\/schoenstatt.com\/pt-pt\/#organization"},"potentialAction":[{"@type":"SearchAction","target":{"@type":"EntryPoint","urlTemplate":"https:\/\/schoenstatt.com\/pt-pt\/?s={search_term_string}"},"query-input":{"@type":"PropertyValueSpecification","valueRequired":true,"valueName":"search_term_string"}}],"inLanguage":"pt-PT"},{"@type":"Organization","@id":"https:\/\/schoenstatt.com\/pt-pt\/#organization","name":"Schoenstatt","url":"https:\/\/schoenstatt.com\/pt-pt\/","logo":{"@type":"ImageObject","inLanguage":"pt-PT","@id":"https:\/\/schoenstatt.com\/pt-pt\/#\/schema\/logo\/image\/","url":"https:\/\/schoenstatt.com\/wp-content\/uploads\/2025\/04\/logo-schoenstatt-white-696x696-1.png","contentUrl":"https:\/\/schoenstatt.com\/wp-content\/uploads\/2025\/04\/logo-schoenstatt-white-696x696-1.png","width":696,"height":694,"caption":"Schoenstatt"},"image":{"@id":"https:\/\/schoenstatt.com\/pt-pt\/#\/schema\/logo\/image\/"}},{"@type":"Person","@id":"https:\/\/schoenstatt.com\/pt-pt\/#\/schema\/person\/5158877ad4acae98b34daaeef2a1ce6e","name":"Karen Bueno","image":{"@type":"ImageObject","inLanguage":"pt-PT","@id":"https:\/\/secure.gravatar.com\/avatar\/f9f4b823873154269d2b2130f195f6d41037dd0d7fc5f3cacb5c846bae70d66b?s=96&d=mm&r=g","url":"https:\/\/secure.gravatar.com\/avatar\/f9f4b823873154269d2b2130f195f6d41037dd0d7fc5f3cacb5c846bae70d66b?s=96&d=mm&r=g","contentUrl":"https:\/\/secure.gravatar.com\/avatar\/f9f4b823873154269d2b2130f195f6d41037dd0d7fc5f3cacb5c846bae70d66b?s=96&d=mm&r=g","caption":"Karen Bueno"},"url":"https:\/\/schoenstatt.com\/pt-pt\/author\/karen-bueno\/"}]}},"_links":{"self":[{"href":"https:\/\/schoenstatt.com\/pt-pt\/wp-json\/wp\/v2\/posts\/31440","targetHints":{"allow":["GET"]}}],"collection":[{"href":"https:\/\/schoenstatt.com\/pt-pt\/wp-json\/wp\/v2\/posts"}],"about":[{"href":"https:\/\/schoenstatt.com\/pt-pt\/wp-json\/wp\/v2\/types\/post"}],"author":[{"embeddable":true,"href":"https:\/\/schoenstatt.com\/pt-pt\/wp-json\/wp\/v2\/users\/3"}],"replies":[{"embeddable":true,"href":"https:\/\/schoenstatt.com\/pt-pt\/wp-json\/wp\/v2\/comments?post=31440"}],"version-history":[{"count":1,"href":"https:\/\/schoenstatt.com\/pt-pt\/wp-json\/wp\/v2\/posts\/31440\/revisions"}],"predecessor-version":[{"id":46120,"href":"https:\/\/schoenstatt.com\/pt-pt\/wp-json\/wp\/v2\/posts\/31440\/revisions\/46120"}],"wp:featuredmedia":[{"embeddable":true,"href":"https:\/\/schoenstatt.com\/pt-pt\/wp-json\/wp\/v2\/media\/31441"}],"wp:attachment":[{"href":"https:\/\/schoenstatt.com\/pt-pt\/wp-json\/wp\/v2\/media?parent=31440"}],"wp:term":[{"taxonomy":"category","embeddable":true,"href":"https:\/\/schoenstatt.com\/pt-pt\/wp-json\/wp\/v2\/categories?post=31440"},{"taxonomy":"post_tag","embeddable":true,"href":"https:\/\/schoenstatt.com\/pt-pt\/wp-json\/wp\/v2\/tags?post=31440"}],"curies":[{"name":"wp","href":"https:\/\/api.w.org\/{rel}","templated":true}]}}