{"id":31413,"date":"2023-07-19T06:30:30","date_gmt":"2023-07-19T04:30:30","guid":{"rendered":"https:\/\/schoenstatt.com\/?p=31413"},"modified":"2025-05-16T01:42:48","modified_gmt":"2025-05-15T23:42:48","slug":"jmj-a-juventude-de-schoenstatt-peregrina-a-fatima","status":"publish","type":"post","link":"https:\/\/schoenstatt.com\/pt-pt\/jmj-a-juventude-de-schoenstatt-peregrina-a-fatima\/","title":{"rendered":"JMJ: A Juventude de Schoenstatt peregrina a F\u00e1tima"},"content":{"rendered":"<p>Cerca de <a href=\"https:\/\/schoenstatt.com\/pt-pt\/eventos-pt\/participe-da-jmj-2023\/\">1.400 jovens<\/a> schoenstattianos, de 20 pa\u00edses, participar\u00e3o da <a href=\"https:\/\/www.lisboa2023.org\/pt\">Jornada Mundial da Juventude<\/a>, em Lisboa\/Portugal. E antes de iniciar a JMJ, alguns eventos internacionais importantes ser\u00e3o realizados para toda a juventude. Um dos mais destacados, sem d\u00favida, \u00e9 a peregrina\u00e7\u00e3o ao <a href=\"https:\/\/www.fatima.pt\/pt\/\" target=\"_blank\" rel=\"noopener\">Santu\u00e1rio de F\u00e1tima<\/a>, no dia 30 de julho.<\/p>\n<p>Falando sobre esse evento especial, <strong>Carolina Guibarra,<\/strong> integrante da JF de Lisboa, conta mais detalhes e o significado que a peregrina\u00e7\u00e3o carrega:<\/p>\n<p>No terceiro dia do nosso encontro, afastamo-nos um pouco do nosso Santu\u00e1rio e peregrinamos at\u00e9 F\u00e1tima, onde encontramos uma mensagem em muito semelhante ao caminho que nos prop\u00f5e Schoenstatt. \u00c0 luz do tema deste dia (\u201cFaz-nos ver as tuas gra\u00e7as\u201d), visitamos este santu\u00e1rio onde Maria mostrou as suas gra\u00e7as com particular clareza.<\/p>\n<p>Seria impens\u00e1vel n\u00e3o fazer uma paragem em F\u00e1tima com a juventude internacional de Schoenstatt reunida em Portugal. Impens\u00e1vel porque na intemporalidade da mensagem de F\u00e1tima est\u00e1 a salva\u00e7\u00e3o do mundo. Impens\u00e1vel porque nos pedidos de Nossa Senhora aos pastorinhos est\u00e1 presente o convite de convers\u00e3o a que somos chamados diariamente. Impens\u00e1vel porque aqui encontramos in\u00fameras caracter\u00edsticas da espiritualidade de Schoenstatt &#8211; f\u00e9 na miss\u00e3o da Sant\u00edssima Virgem, pequenez dos instrumentos, envio apost\u00f3lico e, sobretudo, a consagra\u00e7\u00e3o ao seu Imaculado Cora\u00e7\u00e3o.<\/p>\n<h2><img fetchpriority=\"high\" decoding=\"async\" class=\"aligncenter wp-image-31414 size-large\" src=\"https:\/\/schoenstatt.com\/wp-content\/uploads\/2023\/07\/Juventud-de-Schoenstatt-en-Fatima-Portugal-920x1024.png\" alt=\"\" width=\"840\" height=\"935\" \/><br \/>\nN\u00e3o \u00e9 por acaso que vamos peregrinar<\/h2>\n<p>Procur\u00e1mos reflectir de que forma a mensagem de F\u00e1tima nos interpela a n\u00f3s, Juventude Feminina, especialmente, e de que forma se relaciona com o tema do nosso encontro \u2013 Faz-me ver, clarifica-te! Percebemos que o convite e pedido de consagra\u00e7\u00e3o ao Imaculado Cora\u00e7\u00e3o de Maria, a humilde entrega da nossa exist\u00eancia nas suas m\u00e3os, faz parte da clarifica\u00e7\u00e3o de Nossa Senhora nas nossas vidas. Apenas com a entrega total e desinteressada conseguimos ver, claramente, a sua mensagem, os seus pedidos, as suas gra\u00e7as.<\/p>\n<p>N\u00e3o peregrinamos a F\u00e1tima por acaso, mas porque Nossa Senhora de Schoenstatt e Nossa Senhora do Ros\u00e1rio de F\u00e1tima nos chamam a esta consagra\u00e7\u00e3o: \u00ab\u00c9 a vontade do Senhor que a devo\u00e7\u00e3o ao meu Imaculado Cora\u00e7\u00e3o se propague e se assegure por todo o mundo. Jesus quer que todo o mundo se consagre tamb\u00e9m ao meu Cora\u00e7\u00e3o. Eu virei e exigirei a consagra\u00e7\u00e3o ao meu Imaculado Cora\u00e7\u00e3o. Se ouvirem as minhas palavras, inumer\u00e1veis almas se salvar\u00e3o e haver\u00e1 paz. Mas se n\u00e3o o fizerem e se continuarem a ofender o Senhor, a Justi\u00e7a Divina impor\u00e1 novas e pesadas tribula\u00e7\u00f5es. Por fim triunfar\u00e1 o meu Imaculado Cora\u00e7\u00e3o\u00bb.<\/p>\n<h2>Partimos com o mesmo objetivo dos pastorinhos<\/h2>\n<p>Como nos disse o Pe. Jos\u00e9 Kentenich, \u201cDeus toma, na pessoa de Nossa Senhora, uma nova iniciativa para o mundo actual revolto, doente e doentio. Nossa Senhora tem que mostrar-se de novo como aquela que d\u00e1 \u00e0 luz Cristo. (&#8230;) Que cuidados a M\u00e3e de Deus n\u00e3o tem para, de uma maneira perfeita, cumprir a sua tarefa actual em n\u00f3s e no mundo de hoje!\u201d<\/p>\n<p>Em F\u00e1tima tal como em Schoenstatt, somos chamados ao apostolado e, mais do que transformados, sa\u00edmos com essa miss\u00e3o: ser, \u00e0 imagem de Maria, luz de Cristo no mundo e instrumentos de Deus. Aproveitamos a prepara\u00e7\u00e3o para a Jornada Mundial da Juventude para nos lembrarmos (ou conhecer!) da mensagem de F\u00e1tima, partindo com o mesmo objectivo dos pastorinhos &#8211; a constante consagra\u00e7\u00e3o do mundo inteiro ao Imaculado Cora\u00e7\u00e3o de Maria.<\/p>\n<p><img decoding=\"async\" class=\"aligncenter wp-image-31418 size-large\" src=\"https:\/\/schoenstatt.com\/wp-content\/uploads\/2023\/07\/Pastorinho-de-Fatima-Portugal-1024x681.jpg\" alt=\"\" width=\"840\" height=\"559\" \/><\/p>\n<h3>Outros eventos importantes<\/h3>\n<p>No contexto da Jornada, antes de ir a F\u00e1tima, os integrantes da JM se reunir\u00e3o em Gafanha, perto de Aveiro, para o Ignis, o Encontro Internacional da Juventude Masculina de Schoenstatt.<\/p>\n<p>E a Juventude Feminina iniciar\u00e1 seu Encontro Internacional no dia 28 de julho, em Lisboa.<\/p>\n<p>No dia 31, ap\u00f3s a peregrina\u00e7\u00e3o a F\u00e1tima, toda a juventude se une para o Festival MTA, em Lisboa. Depois de toda essa programa\u00e7\u00e3o intensa, junto com a juventude mundial e com o Papa Francisco, eles iniciam os dias de atividade da JMJ em 1 de agosto.<\/p>\n","protected":false},"excerpt":{"rendered":"<p>\u201cFaz-nos ver as tuas gra\u00e7as\u201d \u00e9 o tema da peregrina\u00e7\u00e3o internacional da Juventude de Schoenstatt ao Santu\u00e1rio de F\u00e1tima<\/p>\n","protected":false},"author":3,"featured_media":31422,"comment_status":"closed","ping_status":"closed","sticky":false,"template":"","format":"standard","meta":{"footnotes":""},"categories":[636,665,869],"tags":[],"class_list":["post-31413","post","type-post","status-publish","format-standard","has-post-thumbnail","hentry","category-eventos-pt-pt","category-juventude-pt-pt","category-paises-pt-pt"],"yoast_head":"<!-- This site is optimized with the Yoast SEO Premium plugin v27.4 (Yoast SEO v27.5) - https:\/\/yoast.com\/product\/yoast-seo-premium-wordpress\/ -->\n<title>JMJ: A Juventude de Schoenstatt peregrina a F\u00e1tima - Schoenstatt<\/title>\n<meta name=\"description\" content=\"\u201cFaz-nos ver as tuas gra\u00e7as\u201d \u00e9 o tema da peregrina\u00e7\u00e3o internacional da Juventude de Schoenstatt ao Santu\u00e1rio de F\u00e1tima\" \/>\n<meta name=\"robots\" content=\"index, follow, max-snippet:-1, max-image-preview:large, max-video-preview:-1\" \/>\n<link rel=\"canonical\" href=\"https:\/\/schoenstatt.com\/pt-pt\/jmj-a-juventude-de-schoenstatt-peregrina-a-fatima\/\" \/>\n<meta property=\"og:locale\" content=\"pt_PT\" \/>\n<meta property=\"og:type\" content=\"article\" \/>\n<meta property=\"og:title\" content=\"JMJ: A Juventude de Schoenstatt peregrina a F\u00e1tima\" \/>\n<meta property=\"og:description\" content=\"\u201cFaz-nos ver as tuas gra\u00e7as\u201d \u00e9 o tema da peregrina\u00e7\u00e3o internacional da Juventude de Schoenstatt ao Santu\u00e1rio de F\u00e1tima\" \/>\n<meta property=\"og:url\" content=\"https:\/\/schoenstatt.com\/pt-pt\/jmj-a-juventude-de-schoenstatt-peregrina-a-fatima\/\" \/>\n<meta property=\"og:site_name\" content=\"Schoenstatt\" \/>\n<meta property=\"article:published_time\" content=\"2023-07-19T04:30:30+00:00\" \/>\n<meta property=\"article:modified_time\" content=\"2025-05-15T23:42:48+00:00\" \/>\n<meta property=\"og:image\" content=\"https:\/\/schoenstatt.com\/wp-content\/uploads\/2023\/07\/Santuario-de-Fatima-Portugal-1.jpg\" \/>\n\t<meta property=\"og:image:width\" content=\"1280\" \/>\n\t<meta property=\"og:image:height\" content=\"927\" \/>\n\t<meta property=\"og:image:type\" content=\"image\/jpeg\" \/>\n<meta name=\"author\" content=\"Karen Bueno\" \/>\n<meta name=\"twitter:card\" content=\"summary_large_image\" \/>\n<meta name=\"twitter:label1\" content=\"Escrito por\" \/>\n\t<meta name=\"twitter:data1\" content=\"Karen Bueno\" \/>\n\t<meta name=\"twitter:label2\" content=\"Tempo estimado de leitura\" \/>\n\t<meta name=\"twitter:data2\" content=\"4 minutos\" \/>\n<script type=\"application\/ld+json\" class=\"yoast-schema-graph\">{\"@context\":\"https:\\\/\\\/schema.org\",\"@graph\":[{\"@type\":\"Article\",\"@id\":\"https:\\\/\\\/schoenstatt.com\\\/pt-pt\\\/jmj-a-juventude-de-schoenstatt-peregrina-a-fatima\\\/#article\",\"isPartOf\":{\"@id\":\"https:\\\/\\\/schoenstatt.com\\\/pt-pt\\\/jmj-a-juventude-de-schoenstatt-peregrina-a-fatima\\\/\"},\"author\":{\"name\":\"Karen Bueno\",\"@id\":\"https:\\\/\\\/schoenstatt.com\\\/pt-pt\\\/#\\\/schema\\\/person\\\/5158877ad4acae98b34daaeef2a1ce6e\"},\"headline\":\"JMJ: A Juventude de Schoenstatt peregrina a F\u00e1tima\",\"datePublished\":\"2023-07-19T04:30:30+00:00\",\"dateModified\":\"2025-05-15T23:42:48+00:00\",\"mainEntityOfPage\":{\"@id\":\"https:\\\/\\\/schoenstatt.com\\\/pt-pt\\\/jmj-a-juventude-de-schoenstatt-peregrina-a-fatima\\\/\"},\"wordCount\":707,\"publisher\":{\"@id\":\"https:\\\/\\\/schoenstatt.com\\\/pt-pt\\\/#organization\"},\"image\":{\"@id\":\"https:\\\/\\\/schoenstatt.com\\\/pt-pt\\\/jmj-a-juventude-de-schoenstatt-peregrina-a-fatima\\\/#primaryimage\"},\"thumbnailUrl\":\"https:\\\/\\\/schoenstatt.com\\\/wp-content\\\/uploads\\\/2023\\\/07\\\/Santuario-de-Fatima-Portugal-1.jpg\",\"articleSection\":[\"Eventos\",\"Juventude\",\"Pa\u00edses\"],\"inLanguage\":\"pt-PT\"},{\"@type\":\"WebPage\",\"@id\":\"https:\\\/\\\/schoenstatt.com\\\/pt-pt\\\/jmj-a-juventude-de-schoenstatt-peregrina-a-fatima\\\/\",\"url\":\"https:\\\/\\\/schoenstatt.com\\\/pt-pt\\\/jmj-a-juventude-de-schoenstatt-peregrina-a-fatima\\\/\",\"name\":\"JMJ: A Juventude de Schoenstatt peregrina a F\u00e1tima - Schoenstatt\",\"isPartOf\":{\"@id\":\"https:\\\/\\\/schoenstatt.com\\\/pt-pt\\\/#website\"},\"primaryImageOfPage\":{\"@id\":\"https:\\\/\\\/schoenstatt.com\\\/pt-pt\\\/jmj-a-juventude-de-schoenstatt-peregrina-a-fatima\\\/#primaryimage\"},\"image\":{\"@id\":\"https:\\\/\\\/schoenstatt.com\\\/pt-pt\\\/jmj-a-juventude-de-schoenstatt-peregrina-a-fatima\\\/#primaryimage\"},\"thumbnailUrl\":\"https:\\\/\\\/schoenstatt.com\\\/wp-content\\\/uploads\\\/2023\\\/07\\\/Santuario-de-Fatima-Portugal-1.jpg\",\"datePublished\":\"2023-07-19T04:30:30+00:00\",\"dateModified\":\"2025-05-15T23:42:48+00:00\",\"description\":\"\u201cFaz-nos ver as tuas gra\u00e7as\u201d \u00e9 o tema da peregrina\u00e7\u00e3o internacional da Juventude de Schoenstatt ao Santu\u00e1rio de F\u00e1tima\",\"breadcrumb\":{\"@id\":\"https:\\\/\\\/schoenstatt.com\\\/pt-pt\\\/jmj-a-juventude-de-schoenstatt-peregrina-a-fatima\\\/#breadcrumb\"},\"inLanguage\":\"pt-PT\",\"potentialAction\":[{\"@type\":\"ReadAction\",\"target\":[\"https:\\\/\\\/schoenstatt.com\\\/pt-pt\\\/jmj-a-juventude-de-schoenstatt-peregrina-a-fatima\\\/\"]}]},{\"@type\":\"ImageObject\",\"inLanguage\":\"pt-PT\",\"@id\":\"https:\\\/\\\/schoenstatt.com\\\/pt-pt\\\/jmj-a-juventude-de-schoenstatt-peregrina-a-fatima\\\/#primaryimage\",\"url\":\"https:\\\/\\\/schoenstatt.com\\\/wp-content\\\/uploads\\\/2023\\\/07\\\/Santuario-de-Fatima-Portugal-1.jpg\",\"contentUrl\":\"https:\\\/\\\/schoenstatt.com\\\/wp-content\\\/uploads\\\/2023\\\/07\\\/Santuario-de-Fatima-Portugal-1.jpg\",\"width\":1280,\"height\":927,\"caption\":\"JMJ: La Juventud de Schoenstatt peregrina a F\u00e1tima\"},{\"@type\":\"BreadcrumbList\",\"@id\":\"https:\\\/\\\/schoenstatt.com\\\/pt-pt\\\/jmj-a-juventude-de-schoenstatt-peregrina-a-fatima\\\/#breadcrumb\",\"itemListElement\":[{\"@type\":\"ListItem\",\"position\":1,\"name\":\"Portada\",\"item\":\"https:\\\/\\\/schoenstatt.com\\\/pt-pt\\\/home\\\/\"},{\"@type\":\"ListItem\",\"position\":2,\"name\":\"JMJ: A Juventude de Schoenstatt peregrina a F\u00e1tima\"}]},{\"@type\":\"WebSite\",\"@id\":\"https:\\\/\\\/schoenstatt.com\\\/pt-pt\\\/#website\",\"url\":\"https:\\\/\\\/schoenstatt.com\\\/pt-pt\\\/\",\"name\":\"Schoenstatt\",\"description\":\"Apostolic Movement\",\"publisher\":{\"@id\":\"https:\\\/\\\/schoenstatt.com\\\/pt-pt\\\/#organization\"},\"potentialAction\":[{\"@type\":\"SearchAction\",\"target\":{\"@type\":\"EntryPoint\",\"urlTemplate\":\"https:\\\/\\\/schoenstatt.com\\\/pt-pt\\\/?s={search_term_string}\"},\"query-input\":{\"@type\":\"PropertyValueSpecification\",\"valueRequired\":true,\"valueName\":\"search_term_string\"}}],\"inLanguage\":\"pt-PT\"},{\"@type\":\"Organization\",\"@id\":\"https:\\\/\\\/schoenstatt.com\\\/pt-pt\\\/#organization\",\"name\":\"Schoenstatt\",\"url\":\"https:\\\/\\\/schoenstatt.com\\\/pt-pt\\\/\",\"logo\":{\"@type\":\"ImageObject\",\"inLanguage\":\"pt-PT\",\"@id\":\"https:\\\/\\\/schoenstatt.com\\\/pt-pt\\\/#\\\/schema\\\/logo\\\/image\\\/\",\"url\":\"https:\\\/\\\/schoenstatt.com\\\/wp-content\\\/uploads\\\/2025\\\/04\\\/logo-schoenstatt-white-696x696-1.png\",\"contentUrl\":\"https:\\\/\\\/schoenstatt.com\\\/wp-content\\\/uploads\\\/2025\\\/04\\\/logo-schoenstatt-white-696x696-1.png\",\"width\":696,\"height\":694,\"caption\":\"Schoenstatt\"},\"image\":{\"@id\":\"https:\\\/\\\/schoenstatt.com\\\/pt-pt\\\/#\\\/schema\\\/logo\\\/image\\\/\"}},{\"@type\":\"Person\",\"@id\":\"https:\\\/\\\/schoenstatt.com\\\/pt-pt\\\/#\\\/schema\\\/person\\\/5158877ad4acae98b34daaeef2a1ce6e\",\"name\":\"Karen Bueno\",\"image\":{\"@type\":\"ImageObject\",\"inLanguage\":\"pt-PT\",\"@id\":\"https:\\\/\\\/secure.gravatar.com\\\/avatar\\\/f9f4b823873154269d2b2130f195f6d41037dd0d7fc5f3cacb5c846bae70d66b?s=96&d=mm&r=g\",\"url\":\"https:\\\/\\\/secure.gravatar.com\\\/avatar\\\/f9f4b823873154269d2b2130f195f6d41037dd0d7fc5f3cacb5c846bae70d66b?s=96&d=mm&r=g\",\"contentUrl\":\"https:\\\/\\\/secure.gravatar.com\\\/avatar\\\/f9f4b823873154269d2b2130f195f6d41037dd0d7fc5f3cacb5c846bae70d66b?s=96&d=mm&r=g\",\"caption\":\"Karen Bueno\"},\"url\":\"https:\\\/\\\/schoenstatt.com\\\/pt-pt\\\/author\\\/karen-bueno\\\/\"}]}<\/script>\n<!-- \/ Yoast SEO Premium plugin. -->","yoast_head_json":{"title":"JMJ: A Juventude de Schoenstatt peregrina a F\u00e1tima - Schoenstatt","description":"\u201cFaz-nos ver as tuas gra\u00e7as\u201d \u00e9 o tema da peregrina\u00e7\u00e3o internacional da Juventude de Schoenstatt ao Santu\u00e1rio de F\u00e1tima","robots":{"index":"index","follow":"follow","max-snippet":"max-snippet:-1","max-image-preview":"max-image-preview:large","max-video-preview":"max-video-preview:-1"},"canonical":"https:\/\/schoenstatt.com\/pt-pt\/jmj-a-juventude-de-schoenstatt-peregrina-a-fatima\/","og_locale":"pt_PT","og_type":"article","og_title":"JMJ: A Juventude de Schoenstatt peregrina a F\u00e1tima","og_description":"\u201cFaz-nos ver as tuas gra\u00e7as\u201d \u00e9 o tema da peregrina\u00e7\u00e3o internacional da Juventude de Schoenstatt ao Santu\u00e1rio de F\u00e1tima","og_url":"https:\/\/schoenstatt.com\/pt-pt\/jmj-a-juventude-de-schoenstatt-peregrina-a-fatima\/","og_site_name":"Schoenstatt","article_published_time":"2023-07-19T04:30:30+00:00","article_modified_time":"2025-05-15T23:42:48+00:00","og_image":[{"width":1280,"height":927,"url":"https:\/\/schoenstatt.com\/wp-content\/uploads\/2023\/07\/Santuario-de-Fatima-Portugal-1.jpg","type":"image\/jpeg"}],"author":"Karen Bueno","twitter_card":"summary_large_image","twitter_misc":{"Escrito por":"Karen Bueno","Tempo estimado de leitura":"4 minutos"},"schema":{"@context":"https:\/\/schema.org","@graph":[{"@type":"Article","@id":"https:\/\/schoenstatt.com\/pt-pt\/jmj-a-juventude-de-schoenstatt-peregrina-a-fatima\/#article","isPartOf":{"@id":"https:\/\/schoenstatt.com\/pt-pt\/jmj-a-juventude-de-schoenstatt-peregrina-a-fatima\/"},"author":{"name":"Karen Bueno","@id":"https:\/\/schoenstatt.com\/pt-pt\/#\/schema\/person\/5158877ad4acae98b34daaeef2a1ce6e"},"headline":"JMJ: A Juventude de Schoenstatt peregrina a F\u00e1tima","datePublished":"2023-07-19T04:30:30+00:00","dateModified":"2025-05-15T23:42:48+00:00","mainEntityOfPage":{"@id":"https:\/\/schoenstatt.com\/pt-pt\/jmj-a-juventude-de-schoenstatt-peregrina-a-fatima\/"},"wordCount":707,"publisher":{"@id":"https:\/\/schoenstatt.com\/pt-pt\/#organization"},"image":{"@id":"https:\/\/schoenstatt.com\/pt-pt\/jmj-a-juventude-de-schoenstatt-peregrina-a-fatima\/#primaryimage"},"thumbnailUrl":"https:\/\/schoenstatt.com\/wp-content\/uploads\/2023\/07\/Santuario-de-Fatima-Portugal-1.jpg","articleSection":["Eventos","Juventude","Pa\u00edses"],"inLanguage":"pt-PT"},{"@type":"WebPage","@id":"https:\/\/schoenstatt.com\/pt-pt\/jmj-a-juventude-de-schoenstatt-peregrina-a-fatima\/","url":"https:\/\/schoenstatt.com\/pt-pt\/jmj-a-juventude-de-schoenstatt-peregrina-a-fatima\/","name":"JMJ: A Juventude de Schoenstatt peregrina a F\u00e1tima - Schoenstatt","isPartOf":{"@id":"https:\/\/schoenstatt.com\/pt-pt\/#website"},"primaryImageOfPage":{"@id":"https:\/\/schoenstatt.com\/pt-pt\/jmj-a-juventude-de-schoenstatt-peregrina-a-fatima\/#primaryimage"},"image":{"@id":"https:\/\/schoenstatt.com\/pt-pt\/jmj-a-juventude-de-schoenstatt-peregrina-a-fatima\/#primaryimage"},"thumbnailUrl":"https:\/\/schoenstatt.com\/wp-content\/uploads\/2023\/07\/Santuario-de-Fatima-Portugal-1.jpg","datePublished":"2023-07-19T04:30:30+00:00","dateModified":"2025-05-15T23:42:48+00:00","description":"\u201cFaz-nos ver as tuas gra\u00e7as\u201d \u00e9 o tema da peregrina\u00e7\u00e3o internacional da Juventude de Schoenstatt ao Santu\u00e1rio de F\u00e1tima","breadcrumb":{"@id":"https:\/\/schoenstatt.com\/pt-pt\/jmj-a-juventude-de-schoenstatt-peregrina-a-fatima\/#breadcrumb"},"inLanguage":"pt-PT","potentialAction":[{"@type":"ReadAction","target":["https:\/\/schoenstatt.com\/pt-pt\/jmj-a-juventude-de-schoenstatt-peregrina-a-fatima\/"]}]},{"@type":"ImageObject","inLanguage":"pt-PT","@id":"https:\/\/schoenstatt.com\/pt-pt\/jmj-a-juventude-de-schoenstatt-peregrina-a-fatima\/#primaryimage","url":"https:\/\/schoenstatt.com\/wp-content\/uploads\/2023\/07\/Santuario-de-Fatima-Portugal-1.jpg","contentUrl":"https:\/\/schoenstatt.com\/wp-content\/uploads\/2023\/07\/Santuario-de-Fatima-Portugal-1.jpg","width":1280,"height":927,"caption":"JMJ: La Juventud de Schoenstatt peregrina a F\u00e1tima"},{"@type":"BreadcrumbList","@id":"https:\/\/schoenstatt.com\/pt-pt\/jmj-a-juventude-de-schoenstatt-peregrina-a-fatima\/#breadcrumb","itemListElement":[{"@type":"ListItem","position":1,"name":"Portada","item":"https:\/\/schoenstatt.com\/pt-pt\/home\/"},{"@type":"ListItem","position":2,"name":"JMJ: A Juventude de Schoenstatt peregrina a F\u00e1tima"}]},{"@type":"WebSite","@id":"https:\/\/schoenstatt.com\/pt-pt\/#website","url":"https:\/\/schoenstatt.com\/pt-pt\/","name":"Schoenstatt","description":"Apostolic Movement","publisher":{"@id":"https:\/\/schoenstatt.com\/pt-pt\/#organization"},"potentialAction":[{"@type":"SearchAction","target":{"@type":"EntryPoint","urlTemplate":"https:\/\/schoenstatt.com\/pt-pt\/?s={search_term_string}"},"query-input":{"@type":"PropertyValueSpecification","valueRequired":true,"valueName":"search_term_string"}}],"inLanguage":"pt-PT"},{"@type":"Organization","@id":"https:\/\/schoenstatt.com\/pt-pt\/#organization","name":"Schoenstatt","url":"https:\/\/schoenstatt.com\/pt-pt\/","logo":{"@type":"ImageObject","inLanguage":"pt-PT","@id":"https:\/\/schoenstatt.com\/pt-pt\/#\/schema\/logo\/image\/","url":"https:\/\/schoenstatt.com\/wp-content\/uploads\/2025\/04\/logo-schoenstatt-white-696x696-1.png","contentUrl":"https:\/\/schoenstatt.com\/wp-content\/uploads\/2025\/04\/logo-schoenstatt-white-696x696-1.png","width":696,"height":694,"caption":"Schoenstatt"},"image":{"@id":"https:\/\/schoenstatt.com\/pt-pt\/#\/schema\/logo\/image\/"}},{"@type":"Person","@id":"https:\/\/schoenstatt.com\/pt-pt\/#\/schema\/person\/5158877ad4acae98b34daaeef2a1ce6e","name":"Karen Bueno","image":{"@type":"ImageObject","inLanguage":"pt-PT","@id":"https:\/\/secure.gravatar.com\/avatar\/f9f4b823873154269d2b2130f195f6d41037dd0d7fc5f3cacb5c846bae70d66b?s=96&d=mm&r=g","url":"https:\/\/secure.gravatar.com\/avatar\/f9f4b823873154269d2b2130f195f6d41037dd0d7fc5f3cacb5c846bae70d66b?s=96&d=mm&r=g","contentUrl":"https:\/\/secure.gravatar.com\/avatar\/f9f4b823873154269d2b2130f195f6d41037dd0d7fc5f3cacb5c846bae70d66b?s=96&d=mm&r=g","caption":"Karen Bueno"},"url":"https:\/\/schoenstatt.com\/pt-pt\/author\/karen-bueno\/"}]}},"_links":{"self":[{"href":"https:\/\/schoenstatt.com\/pt-pt\/wp-json\/wp\/v2\/posts\/31413","targetHints":{"allow":["GET"]}}],"collection":[{"href":"https:\/\/schoenstatt.com\/pt-pt\/wp-json\/wp\/v2\/posts"}],"about":[{"href":"https:\/\/schoenstatt.com\/pt-pt\/wp-json\/wp\/v2\/types\/post"}],"author":[{"embeddable":true,"href":"https:\/\/schoenstatt.com\/pt-pt\/wp-json\/wp\/v2\/users\/3"}],"replies":[{"embeddable":true,"href":"https:\/\/schoenstatt.com\/pt-pt\/wp-json\/wp\/v2\/comments?post=31413"}],"version-history":[{"count":1,"href":"https:\/\/schoenstatt.com\/pt-pt\/wp-json\/wp\/v2\/posts\/31413\/revisions"}],"predecessor-version":[{"id":46116,"href":"https:\/\/schoenstatt.com\/pt-pt\/wp-json\/wp\/v2\/posts\/31413\/revisions\/46116"}],"wp:featuredmedia":[{"embeddable":true,"href":"https:\/\/schoenstatt.com\/pt-pt\/wp-json\/wp\/v2\/media\/31422"}],"wp:attachment":[{"href":"https:\/\/schoenstatt.com\/pt-pt\/wp-json\/wp\/v2\/media?parent=31413"}],"wp:term":[{"taxonomy":"category","embeddable":true,"href":"https:\/\/schoenstatt.com\/pt-pt\/wp-json\/wp\/v2\/categories?post=31413"},{"taxonomy":"post_tag","embeddable":true,"href":"https:\/\/schoenstatt.com\/pt-pt\/wp-json\/wp\/v2\/tags?post=31413"}],"curies":[{"name":"wp","href":"https:\/\/api.w.org\/{rel}","templated":true}]}}