{"id":31389,"date":"2023-07-18T08:30:48","date_gmt":"2023-07-18T06:30:48","guid":{"rendered":"https:\/\/schoenstatt.com\/?p=31389"},"modified":"2025-05-16T00:30:04","modified_gmt":"2025-05-15T22:30:04","slug":"voce-usa-os-oculos-da-alianca-para-contemplar-o-mundo","status":"publish","type":"post","link":"https:\/\/schoenstatt.com\/pt-pt\/voce-usa-os-oculos-da-alianca-para-contemplar-o-mundo\/","title":{"rendered":"Voc\u00ea usa os \u201c\u00f3culos da Alian\u00e7a\u201d para contemplar o mundo?"},"content":{"rendered":"<p>As mudan\u00e7as na sociedade mundial est\u00e3o ocorrendo mais rapidamente do que as esta\u00e7\u00f5es do ano, afetando todas as facetas de nossas vidas.<\/p>\n<p>Com o desenvolvimento da <a href=\"https:\/\/pt.wikipedia.org\/wiki\/Intelig%C3%AAncia_artificial\">intelig\u00eancia artificial,<\/a> e de muitas outras tecnologias, nos surpreendemos com a velocidade da informa\u00e7\u00e3o. E podemos nos perguntar: como estamos interpretando as situa\u00e7\u00f5es e as mensagens do nosso tempo? Estamos usando os \u201c\u00f3culos da Alian\u00e7a\u201d para olhar o mundo e a realidade?<\/p>\n<p>A sociedade atual parece carecer das habilidades b\u00e1sicas de compaix\u00e3o e comunica\u00e7\u00e3o com a realidade, buscando respostas sem um toque humano, com uma abordagem mecanicista. Muitos n\u00e3o sentem tipo algum de iniciativa humana, de pensamento org\u00e2nico, de vida ou amor. <strong>Como responder a esse comportamento?<\/strong><\/p>\n<h2>A Alian\u00e7a do Amor \u00e9 nossa resposta!<\/h2>\n<p>Pela f\u00e9 e fidelidade na renova\u00e7\u00e3o de sua<a href=\"https:\/\/schoenstatt.com\/pt-pt\/about\/espiritualidade\/alianca-de-amor\/\"> Alian\u00e7a de Amor e<\/a> pela<a href=\"https:\/\/schoenstatt.com\/pt-pt\/about\/espiritualidade\/fe-pratica-na-divina-providencia\/\"> f\u00e9 pr\u00e1tica na Divina Provid\u00eancia,<\/a> voc\u00ea vive sua miss\u00e3o no encontro com Maria, trazendo contribui\u00e7\u00f5es ao <a href=\"https:\/\/schoenstatt.com\/pt-pt\/about\/espiritualidade\/capital-de-gracas\/\">Capital de Gra\u00e7as.<\/a> <strong>Ela escolheu voc\u00ea porque voc\u00ea \u00e9 importante para ela; ele te escolheu como seu\/sua, no dia da sua Alian\u00e7a.<\/strong><\/p>\n<p><img fetchpriority=\"high\" decoding=\"async\" class=\"aligncenter wp-image-31394 size-large\" src=\"https:\/\/schoenstatt.com\/wp-content\/uploads\/2023\/07\/santuario-original-de-schoenstatt-flores-1024x576.jpeg\" alt=\"\" width=\"840\" height=\"473\" \/><\/p>\n<p>Atra\u00eddo para o Santu\u00e1rio, cultiva-se um forte v\u00ednculo e tudo o que isso implica. Ao fazer isso, voc\u00ea capta a profunda mensagem de Schoenstatt, e as gra\u00e7as da Alian\u00e7a permitem a transforma\u00e7\u00e3o interior do cora\u00e7\u00e3o e da alma para se aprofundar no fiel chamado de Maria. Nesta din\u00e2mica da Alian\u00e7a, seu cora\u00e7\u00e3o se abre para ouvir a voz de Deus.<\/p>\n<h3>Pe. Kentenich buscava os sinais de Deus na vida di\u00e1ria, at\u00e9 mesmo lendo um jornal<\/h3>\n<p>Recordemos como a voz de Deus inspirou o<a href=\"https:\/\/schoenstatt.com\/pt-pt\/about\/fundador\/\"> Pe. Jos\u00e9 Kentenich<\/a>. A Primeira Guerra Mundial estava prestes a estourar e, durante esse per\u00edodo, um artigo sobre o Santu\u00e1rio de Pomp\u00e9ia chegou \u00e0s m\u00e3os de nosso fundador.<\/p>\n<p>O artigo do Pe. Cyprian Fr\u00f6hlich foi publicado, pela Divina Provid\u00eancia, em 18 de julho de 1914, no peri\u00f3dico Allgemeine Rundschau. Contava sobre como um advogado italiano, Bartolo Longo, havia come\u00e7ado seu famoso santu\u00e1rio em 1871. Nenhuma apari\u00e7\u00e3o extraordin\u00e1ria ou milagre havia acontecido naquele santu\u00e1rio.<\/p>\n<p>O Pe. Kentenich se perguntou: Estaria Deus me dizendo que tamb\u00e9m podemos fazer isso? Ele lutou com o que Deus estava dizendo por meio dessas sugest\u00f5es externas. No final, foi um salto de f\u00e9. Hoje, \u201c<em>esta Capelinha pertence \u00e0 nossa pequena fam\u00edlia da Congrega\u00e7\u00e3o, na qual reina nossa M\u00e3e celestial. Ela \u00e9 toda nossa, somente nossa\u201d<\/em> (Documento de Funda\u00e7\u00e3o de Schoenstatt).<\/p>\n<h3>Comece agora mesmo a perceber Deus em sua vida, seja numa conversa com amigos, seja durante o jantar&#8230;<\/h3>\n<p>Assim como os jovens congregados e o nosso Fundador abra\u00e7aram o pulsar do tempo atrav\u00e9s da voz de Deus, voc\u00ea tamb\u00e9m sabe que \u00e9 preciso esp\u00edrito comunit\u00e1rio para responder aos desafios da realidade atual como Fam\u00edlia de Schoenstatt. <strong>Durante o curso de seus dias, voc\u00ea experimenta Deus de muitas maneiras<\/strong>. Que esses pensamentos te inspirem a criar comunidade e convidar outras pessoas para visitar seu Santu\u00e1rio Filial mais pr\u00f3ximo, para que possam vivenciar todas as gra\u00e7as. Emocione-se e compartilhe este maravilhoso presente de alegria. Voc\u00ea pode se tornar um farol de esperan\u00e7a em sua par\u00f3quia e Igreja.<\/p>\n<p>Como Fam\u00edlia Internacional de Schoenstatt, vamos nos unir e nos ajudar mutuamente uns aos outros como, n\u00e3o apenas como uma comunidade, mas fomentando novas amizades e formando v\u00ednculos. Com o ouvido no cora\u00e7\u00e3o de Deus e a m\u00e3o no pulso do tempo, voc\u00ea pode se tornar um homem novo, em uma nova comunidade. Podemos tornar a arder por essa miss\u00e3o? Para preservar nossos Santu\u00e1rios, nossas comunidades e nossas fam\u00edlias?<\/p>\n<p><img decoding=\"async\" class=\"aligncenter wp-image-31398 size-large\" src=\"https:\/\/schoenstatt.com\/wp-content\/uploads\/2023\/07\/Urheiligtum-Aussen-Bundnis-Erneuerung-1024x653.jpg\" alt=\"\" width=\"840\" height=\"536\" \/><\/p>\n<p>Na Alian\u00e7a, Maria nos enche de amor incondicional. Usando os elementos de amor fraterno, compaix\u00e3o, perd\u00e3o, abertura para ouvir, sem medo de outros idiomas e compartilhando novas iniciativas, todos n\u00f3s damos esperan\u00e7a para novos costumes. Talvez voc\u00ea tenha outras ideias para acrescentar.<\/p>\n<p>O que acha de iniciar uma conversa, em sua mesa de jantar, para ouvir um ao outro e encontrar maneiras de crescer e construir uma cultura de Alian\u00e7a, criando um movimento mais forte e unido na Alian\u00e7a de Amor com Maria?<\/p>\n<p><strong>Kathleen Colunga<\/strong><br \/>\nDirigente Internacional<br \/>\nUni\u00e3o Apost\u00f3lica Internacional de M\u00e3es de Schoenstatt<\/p>\n","protected":false},"excerpt":{"rendered":"<p>18 de julho: como o Pe. Kentenich, somos convidados a contemplar a realidade buscando os sinais de Deus em nossa vida di\u00e1ria<\/p>\n","protected":false},"author":3,"featured_media":31390,"comment_status":"closed","ping_status":"closed","sticky":false,"template":"","format":"standard","meta":{"footnotes":""},"categories":[916],"tags":[],"class_list":["post-31389","post","type-post","status-publish","format-standard","has-post-thumbnail","hentry","category-espiritualidade-pt-pt"],"yoast_head":"<!-- This site is optimized with the Yoast SEO Premium plugin v27.4 (Yoast SEO v27.5) - https:\/\/yoast.com\/product\/yoast-seo-premium-wordpress\/ -->\n<title>Voc\u00ea usa os \u201c\u00f3culos da Alian\u00e7a\u201d para contemplar o mundo?<\/title>\n<meta name=\"description\" content=\"18 de julho, Reflex\u00e3o para o dia da Alian\u00e7a de Amor: Lembre-se de usar os \u00f3culos da Alian\u00e7a no seu dia a dia\" \/>\n<meta name=\"robots\" content=\"index, follow, max-snippet:-1, max-image-preview:large, max-video-preview:-1\" \/>\n<link rel=\"canonical\" href=\"https:\/\/schoenstatt.com\/pt-pt\/voce-usa-os-oculos-da-alianca-para-contemplar-o-mundo\/\" \/>\n<meta property=\"og:locale\" content=\"pt_PT\" \/>\n<meta property=\"og:type\" content=\"article\" \/>\n<meta property=\"og:title\" content=\"Voc\u00ea usa os \u201c\u00f3culos da Alian\u00e7a\u201d para contemplar o mundo?\" \/>\n<meta property=\"og:description\" content=\"18 de julho, Reflex\u00e3o para o dia da Alian\u00e7a de Amor: Lembre-se de usar os \u00f3culos da Alian\u00e7a no seu dia a dia\" \/>\n<meta property=\"og:url\" content=\"https:\/\/schoenstatt.com\/pt-pt\/voce-usa-os-oculos-da-alianca-para-contemplar-o-mundo\/\" \/>\n<meta property=\"og:site_name\" content=\"Schoenstatt\" \/>\n<meta property=\"article:published_time\" content=\"2023-07-18T06:30:48+00:00\" \/>\n<meta property=\"article:modified_time\" content=\"2025-05-15T22:30:04+00:00\" \/>\n<meta property=\"og:image\" content=\"https:\/\/schoenstatt.com\/wp-content\/uploads\/2023\/07\/oculos-da-alianca-1-scaled-1.jpg\" \/>\n\t<meta property=\"og:image:width\" content=\"2048\" \/>\n\t<meta property=\"og:image:height\" content=\"1632\" \/>\n\t<meta property=\"og:image:type\" content=\"image\/jpeg\" \/>\n<meta name=\"author\" content=\"Karen Bueno\" \/>\n<meta name=\"twitter:card\" content=\"summary_large_image\" \/>\n<meta name=\"twitter:label1\" content=\"Escrito por\" \/>\n\t<meta name=\"twitter:data1\" content=\"Karen Bueno\" \/>\n\t<meta name=\"twitter:label2\" content=\"Tempo estimado de leitura\" \/>\n\t<meta name=\"twitter:data2\" content=\"4 minutos\" \/>\n<script type=\"application\/ld+json\" class=\"yoast-schema-graph\">{\"@context\":\"https:\\\/\\\/schema.org\",\"@graph\":[{\"@type\":\"Article\",\"@id\":\"https:\\\/\\\/schoenstatt.com\\\/pt-pt\\\/voce-usa-os-oculos-da-alianca-para-contemplar-o-mundo\\\/#article\",\"isPartOf\":{\"@id\":\"https:\\\/\\\/schoenstatt.com\\\/pt-pt\\\/voce-usa-os-oculos-da-alianca-para-contemplar-o-mundo\\\/\"},\"author\":{\"name\":\"Karen Bueno\",\"@id\":\"https:\\\/\\\/schoenstatt.com\\\/pt-pt\\\/#\\\/schema\\\/person\\\/5158877ad4acae98b34daaeef2a1ce6e\"},\"headline\":\"Voc\u00ea usa os \u201c\u00f3culos da Alian\u00e7a\u201d para contemplar o mundo?\",\"datePublished\":\"2023-07-18T06:30:48+00:00\",\"dateModified\":\"2025-05-15T22:30:04+00:00\",\"mainEntityOfPage\":{\"@id\":\"https:\\\/\\\/schoenstatt.com\\\/pt-pt\\\/voce-usa-os-oculos-da-alianca-para-contemplar-o-mundo\\\/\"},\"wordCount\":749,\"publisher\":{\"@id\":\"https:\\\/\\\/schoenstatt.com\\\/pt-pt\\\/#organization\"},\"image\":{\"@id\":\"https:\\\/\\\/schoenstatt.com\\\/pt-pt\\\/voce-usa-os-oculos-da-alianca-para-contemplar-o-mundo\\\/#primaryimage\"},\"thumbnailUrl\":\"https:\\\/\\\/schoenstatt.com\\\/wp-content\\\/uploads\\\/2023\\\/07\\\/oculos-da-alianca-1-scaled-1.jpg\",\"articleSection\":[\"Espiritualidade\"],\"inLanguage\":\"pt-PT\"},{\"@type\":\"WebPage\",\"@id\":\"https:\\\/\\\/schoenstatt.com\\\/pt-pt\\\/voce-usa-os-oculos-da-alianca-para-contemplar-o-mundo\\\/\",\"url\":\"https:\\\/\\\/schoenstatt.com\\\/pt-pt\\\/voce-usa-os-oculos-da-alianca-para-contemplar-o-mundo\\\/\",\"name\":\"Voc\u00ea usa os \u201c\u00f3culos da Alian\u00e7a\u201d para contemplar o mundo?\",\"isPartOf\":{\"@id\":\"https:\\\/\\\/schoenstatt.com\\\/pt-pt\\\/#website\"},\"primaryImageOfPage\":{\"@id\":\"https:\\\/\\\/schoenstatt.com\\\/pt-pt\\\/voce-usa-os-oculos-da-alianca-para-contemplar-o-mundo\\\/#primaryimage\"},\"image\":{\"@id\":\"https:\\\/\\\/schoenstatt.com\\\/pt-pt\\\/voce-usa-os-oculos-da-alianca-para-contemplar-o-mundo\\\/#primaryimage\"},\"thumbnailUrl\":\"https:\\\/\\\/schoenstatt.com\\\/wp-content\\\/uploads\\\/2023\\\/07\\\/oculos-da-alianca-1-scaled-1.jpg\",\"datePublished\":\"2023-07-18T06:30:48+00:00\",\"dateModified\":\"2025-05-15T22:30:04+00:00\",\"description\":\"18 de julho, Reflex\u00e3o para o dia da Alian\u00e7a de Amor: Lembre-se de usar os \u00f3culos da Alian\u00e7a no seu dia a dia\",\"breadcrumb\":{\"@id\":\"https:\\\/\\\/schoenstatt.com\\\/pt-pt\\\/voce-usa-os-oculos-da-alianca-para-contemplar-o-mundo\\\/#breadcrumb\"},\"inLanguage\":\"pt-PT\",\"potentialAction\":[{\"@type\":\"ReadAction\",\"target\":[\"https:\\\/\\\/schoenstatt.com\\\/pt-pt\\\/voce-usa-os-oculos-da-alianca-para-contemplar-o-mundo\\\/\"]}]},{\"@type\":\"ImageObject\",\"inLanguage\":\"pt-PT\",\"@id\":\"https:\\\/\\\/schoenstatt.com\\\/pt-pt\\\/voce-usa-os-oculos-da-alianca-para-contemplar-o-mundo\\\/#primaryimage\",\"url\":\"https:\\\/\\\/schoenstatt.com\\\/wp-content\\\/uploads\\\/2023\\\/07\\\/oculos-da-alianca-1-scaled-1.jpg\",\"contentUrl\":\"https:\\\/\\\/schoenstatt.com\\\/wp-content\\\/uploads\\\/2023\\\/07\\\/oculos-da-alianca-1-scaled-1.jpg\",\"width\":2048,\"height\":1632,\"caption\":\"Do you wear the \\\"glasses of the Covenant\\\" to contemplate the world?\"},{\"@type\":\"BreadcrumbList\",\"@id\":\"https:\\\/\\\/schoenstatt.com\\\/pt-pt\\\/voce-usa-os-oculos-da-alianca-para-contemplar-o-mundo\\\/#breadcrumb\",\"itemListElement\":[{\"@type\":\"ListItem\",\"position\":1,\"name\":\"Portada\",\"item\":\"https:\\\/\\\/schoenstatt.com\\\/pt-pt\\\/home\\\/\"},{\"@type\":\"ListItem\",\"position\":2,\"name\":\"Voc\u00ea usa os \u201c\u00f3culos da Alian\u00e7a\u201d para contemplar o mundo?\"}]},{\"@type\":\"WebSite\",\"@id\":\"https:\\\/\\\/schoenstatt.com\\\/pt-pt\\\/#website\",\"url\":\"https:\\\/\\\/schoenstatt.com\\\/pt-pt\\\/\",\"name\":\"Schoenstatt\",\"description\":\"Apostolic Movement\",\"publisher\":{\"@id\":\"https:\\\/\\\/schoenstatt.com\\\/pt-pt\\\/#organization\"},\"potentialAction\":[{\"@type\":\"SearchAction\",\"target\":{\"@type\":\"EntryPoint\",\"urlTemplate\":\"https:\\\/\\\/schoenstatt.com\\\/pt-pt\\\/?s={search_term_string}\"},\"query-input\":{\"@type\":\"PropertyValueSpecification\",\"valueRequired\":true,\"valueName\":\"search_term_string\"}}],\"inLanguage\":\"pt-PT\"},{\"@type\":\"Organization\",\"@id\":\"https:\\\/\\\/schoenstatt.com\\\/pt-pt\\\/#organization\",\"name\":\"Schoenstatt\",\"url\":\"https:\\\/\\\/schoenstatt.com\\\/pt-pt\\\/\",\"logo\":{\"@type\":\"ImageObject\",\"inLanguage\":\"pt-PT\",\"@id\":\"https:\\\/\\\/schoenstatt.com\\\/pt-pt\\\/#\\\/schema\\\/logo\\\/image\\\/\",\"url\":\"https:\\\/\\\/schoenstatt.com\\\/wp-content\\\/uploads\\\/2025\\\/04\\\/logo-schoenstatt-white-696x696-1.png\",\"contentUrl\":\"https:\\\/\\\/schoenstatt.com\\\/wp-content\\\/uploads\\\/2025\\\/04\\\/logo-schoenstatt-white-696x696-1.png\",\"width\":696,\"height\":694,\"caption\":\"Schoenstatt\"},\"image\":{\"@id\":\"https:\\\/\\\/schoenstatt.com\\\/pt-pt\\\/#\\\/schema\\\/logo\\\/image\\\/\"}},{\"@type\":\"Person\",\"@id\":\"https:\\\/\\\/schoenstatt.com\\\/pt-pt\\\/#\\\/schema\\\/person\\\/5158877ad4acae98b34daaeef2a1ce6e\",\"name\":\"Karen Bueno\",\"image\":{\"@type\":\"ImageObject\",\"inLanguage\":\"pt-PT\",\"@id\":\"https:\\\/\\\/secure.gravatar.com\\\/avatar\\\/f9f4b823873154269d2b2130f195f6d41037dd0d7fc5f3cacb5c846bae70d66b?s=96&d=mm&r=g\",\"url\":\"https:\\\/\\\/secure.gravatar.com\\\/avatar\\\/f9f4b823873154269d2b2130f195f6d41037dd0d7fc5f3cacb5c846bae70d66b?s=96&d=mm&r=g\",\"contentUrl\":\"https:\\\/\\\/secure.gravatar.com\\\/avatar\\\/f9f4b823873154269d2b2130f195f6d41037dd0d7fc5f3cacb5c846bae70d66b?s=96&d=mm&r=g\",\"caption\":\"Karen Bueno\"},\"url\":\"https:\\\/\\\/schoenstatt.com\\\/pt-pt\\\/author\\\/karen-bueno\\\/\"}]}<\/script>\n<!-- \/ Yoast SEO Premium plugin. -->","yoast_head_json":{"title":"Voc\u00ea usa os \u201c\u00f3culos da Alian\u00e7a\u201d para contemplar o mundo?","description":"18 de julho, Reflex\u00e3o para o dia da Alian\u00e7a de Amor: Lembre-se de usar os \u00f3culos da Alian\u00e7a no seu dia a dia","robots":{"index":"index","follow":"follow","max-snippet":"max-snippet:-1","max-image-preview":"max-image-preview:large","max-video-preview":"max-video-preview:-1"},"canonical":"https:\/\/schoenstatt.com\/pt-pt\/voce-usa-os-oculos-da-alianca-para-contemplar-o-mundo\/","og_locale":"pt_PT","og_type":"article","og_title":"Voc\u00ea usa os \u201c\u00f3culos da Alian\u00e7a\u201d para contemplar o mundo?","og_description":"18 de julho, Reflex\u00e3o para o dia da Alian\u00e7a de Amor: Lembre-se de usar os \u00f3culos da Alian\u00e7a no seu dia a dia","og_url":"https:\/\/schoenstatt.com\/pt-pt\/voce-usa-os-oculos-da-alianca-para-contemplar-o-mundo\/","og_site_name":"Schoenstatt","article_published_time":"2023-07-18T06:30:48+00:00","article_modified_time":"2025-05-15T22:30:04+00:00","og_image":[{"width":2048,"height":1632,"url":"https:\/\/schoenstatt.com\/wp-content\/uploads\/2023\/07\/oculos-da-alianca-1-scaled-1.jpg","type":"image\/jpeg"}],"author":"Karen Bueno","twitter_card":"summary_large_image","twitter_misc":{"Escrito por":"Karen Bueno","Tempo estimado de leitura":"4 minutos"},"schema":{"@context":"https:\/\/schema.org","@graph":[{"@type":"Article","@id":"https:\/\/schoenstatt.com\/pt-pt\/voce-usa-os-oculos-da-alianca-para-contemplar-o-mundo\/#article","isPartOf":{"@id":"https:\/\/schoenstatt.com\/pt-pt\/voce-usa-os-oculos-da-alianca-para-contemplar-o-mundo\/"},"author":{"name":"Karen Bueno","@id":"https:\/\/schoenstatt.com\/pt-pt\/#\/schema\/person\/5158877ad4acae98b34daaeef2a1ce6e"},"headline":"Voc\u00ea usa os \u201c\u00f3culos da Alian\u00e7a\u201d para contemplar o mundo?","datePublished":"2023-07-18T06:30:48+00:00","dateModified":"2025-05-15T22:30:04+00:00","mainEntityOfPage":{"@id":"https:\/\/schoenstatt.com\/pt-pt\/voce-usa-os-oculos-da-alianca-para-contemplar-o-mundo\/"},"wordCount":749,"publisher":{"@id":"https:\/\/schoenstatt.com\/pt-pt\/#organization"},"image":{"@id":"https:\/\/schoenstatt.com\/pt-pt\/voce-usa-os-oculos-da-alianca-para-contemplar-o-mundo\/#primaryimage"},"thumbnailUrl":"https:\/\/schoenstatt.com\/wp-content\/uploads\/2023\/07\/oculos-da-alianca-1-scaled-1.jpg","articleSection":["Espiritualidade"],"inLanguage":"pt-PT"},{"@type":"WebPage","@id":"https:\/\/schoenstatt.com\/pt-pt\/voce-usa-os-oculos-da-alianca-para-contemplar-o-mundo\/","url":"https:\/\/schoenstatt.com\/pt-pt\/voce-usa-os-oculos-da-alianca-para-contemplar-o-mundo\/","name":"Voc\u00ea usa os \u201c\u00f3culos da Alian\u00e7a\u201d para contemplar o mundo?","isPartOf":{"@id":"https:\/\/schoenstatt.com\/pt-pt\/#website"},"primaryImageOfPage":{"@id":"https:\/\/schoenstatt.com\/pt-pt\/voce-usa-os-oculos-da-alianca-para-contemplar-o-mundo\/#primaryimage"},"image":{"@id":"https:\/\/schoenstatt.com\/pt-pt\/voce-usa-os-oculos-da-alianca-para-contemplar-o-mundo\/#primaryimage"},"thumbnailUrl":"https:\/\/schoenstatt.com\/wp-content\/uploads\/2023\/07\/oculos-da-alianca-1-scaled-1.jpg","datePublished":"2023-07-18T06:30:48+00:00","dateModified":"2025-05-15T22:30:04+00:00","description":"18 de julho, Reflex\u00e3o para o dia da Alian\u00e7a de Amor: Lembre-se de usar os \u00f3culos da Alian\u00e7a no seu dia a dia","breadcrumb":{"@id":"https:\/\/schoenstatt.com\/pt-pt\/voce-usa-os-oculos-da-alianca-para-contemplar-o-mundo\/#breadcrumb"},"inLanguage":"pt-PT","potentialAction":[{"@type":"ReadAction","target":["https:\/\/schoenstatt.com\/pt-pt\/voce-usa-os-oculos-da-alianca-para-contemplar-o-mundo\/"]}]},{"@type":"ImageObject","inLanguage":"pt-PT","@id":"https:\/\/schoenstatt.com\/pt-pt\/voce-usa-os-oculos-da-alianca-para-contemplar-o-mundo\/#primaryimage","url":"https:\/\/schoenstatt.com\/wp-content\/uploads\/2023\/07\/oculos-da-alianca-1-scaled-1.jpg","contentUrl":"https:\/\/schoenstatt.com\/wp-content\/uploads\/2023\/07\/oculos-da-alianca-1-scaled-1.jpg","width":2048,"height":1632,"caption":"Do you wear the \"glasses of the Covenant\" to contemplate the world?"},{"@type":"BreadcrumbList","@id":"https:\/\/schoenstatt.com\/pt-pt\/voce-usa-os-oculos-da-alianca-para-contemplar-o-mundo\/#breadcrumb","itemListElement":[{"@type":"ListItem","position":1,"name":"Portada","item":"https:\/\/schoenstatt.com\/pt-pt\/home\/"},{"@type":"ListItem","position":2,"name":"Voc\u00ea usa os \u201c\u00f3culos da Alian\u00e7a\u201d para contemplar o mundo?"}]},{"@type":"WebSite","@id":"https:\/\/schoenstatt.com\/pt-pt\/#website","url":"https:\/\/schoenstatt.com\/pt-pt\/","name":"Schoenstatt","description":"Apostolic Movement","publisher":{"@id":"https:\/\/schoenstatt.com\/pt-pt\/#organization"},"potentialAction":[{"@type":"SearchAction","target":{"@type":"EntryPoint","urlTemplate":"https:\/\/schoenstatt.com\/pt-pt\/?s={search_term_string}"},"query-input":{"@type":"PropertyValueSpecification","valueRequired":true,"valueName":"search_term_string"}}],"inLanguage":"pt-PT"},{"@type":"Organization","@id":"https:\/\/schoenstatt.com\/pt-pt\/#organization","name":"Schoenstatt","url":"https:\/\/schoenstatt.com\/pt-pt\/","logo":{"@type":"ImageObject","inLanguage":"pt-PT","@id":"https:\/\/schoenstatt.com\/pt-pt\/#\/schema\/logo\/image\/","url":"https:\/\/schoenstatt.com\/wp-content\/uploads\/2025\/04\/logo-schoenstatt-white-696x696-1.png","contentUrl":"https:\/\/schoenstatt.com\/wp-content\/uploads\/2025\/04\/logo-schoenstatt-white-696x696-1.png","width":696,"height":694,"caption":"Schoenstatt"},"image":{"@id":"https:\/\/schoenstatt.com\/pt-pt\/#\/schema\/logo\/image\/"}},{"@type":"Person","@id":"https:\/\/schoenstatt.com\/pt-pt\/#\/schema\/person\/5158877ad4acae98b34daaeef2a1ce6e","name":"Karen Bueno","image":{"@type":"ImageObject","inLanguage":"pt-PT","@id":"https:\/\/secure.gravatar.com\/avatar\/f9f4b823873154269d2b2130f195f6d41037dd0d7fc5f3cacb5c846bae70d66b?s=96&d=mm&r=g","url":"https:\/\/secure.gravatar.com\/avatar\/f9f4b823873154269d2b2130f195f6d41037dd0d7fc5f3cacb5c846bae70d66b?s=96&d=mm&r=g","contentUrl":"https:\/\/secure.gravatar.com\/avatar\/f9f4b823873154269d2b2130f195f6d41037dd0d7fc5f3cacb5c846bae70d66b?s=96&d=mm&r=g","caption":"Karen Bueno"},"url":"https:\/\/schoenstatt.com\/pt-pt\/author\/karen-bueno\/"}]}},"_links":{"self":[{"href":"https:\/\/schoenstatt.com\/pt-pt\/wp-json\/wp\/v2\/posts\/31389","targetHints":{"allow":["GET"]}}],"collection":[{"href":"https:\/\/schoenstatt.com\/pt-pt\/wp-json\/wp\/v2\/posts"}],"about":[{"href":"https:\/\/schoenstatt.com\/pt-pt\/wp-json\/wp\/v2\/types\/post"}],"author":[{"embeddable":true,"href":"https:\/\/schoenstatt.com\/pt-pt\/wp-json\/wp\/v2\/users\/3"}],"replies":[{"embeddable":true,"href":"https:\/\/schoenstatt.com\/pt-pt\/wp-json\/wp\/v2\/comments?post=31389"}],"version-history":[{"count":1,"href":"https:\/\/schoenstatt.com\/pt-pt\/wp-json\/wp\/v2\/posts\/31389\/revisions"}],"predecessor-version":[{"id":46112,"href":"https:\/\/schoenstatt.com\/pt-pt\/wp-json\/wp\/v2\/posts\/31389\/revisions\/46112"}],"wp:featuredmedia":[{"embeddable":true,"href":"https:\/\/schoenstatt.com\/pt-pt\/wp-json\/wp\/v2\/media\/31390"}],"wp:attachment":[{"href":"https:\/\/schoenstatt.com\/pt-pt\/wp-json\/wp\/v2\/media?parent=31389"}],"wp:term":[{"taxonomy":"category","embeddable":true,"href":"https:\/\/schoenstatt.com\/pt-pt\/wp-json\/wp\/v2\/categories?post=31389"},{"taxonomy":"post_tag","embeddable":true,"href":"https:\/\/schoenstatt.com\/pt-pt\/wp-json\/wp\/v2\/tags?post=31389"}],"curies":[{"name":"wp","href":"https:\/\/api.w.org\/{rel}","templated":true}]}}