{"id":31349,"date":"2023-07-16T14:40:59","date_gmt":"2023-07-16T12:40:59","guid":{"rendered":"https:\/\/schoenstatt.com\/?p=31349"},"modified":"2025-05-16T00:30:05","modified_gmt":"2025-05-15T22:30:05","slug":"16-de-julho-pe-kentenich-funda-dois-institutos-seculares","status":"publish","type":"post","link":"https:\/\/schoenstatt.com\/pt-pt\/16-de-julho-pe-kentenich-funda-dois-institutos-seculares\/","title":{"rendered":"16 de julho: Pe. Kentenich funda dois Institutos Seculares"},"content":{"rendered":"<p>Nem sempre podemos imaginar o que seria vivenciar um campo de concentra\u00e7\u00e3o. N\u00e3o eram poucos os desafios e as dificuldades enfrentados. Frio, fome, cansa\u00e7o, doen\u00e7as, toda press\u00e3o e ambiente avassalador em que viviam as pessoas&#8230; Como escutamos, era um inferno!<\/p>\n<p>E, nesse ambiente de tanta desesperan\u00e7a, nosso Pai e Fundador semeava a esperan\u00e7a, o trato pessoal, o cuidado e olhar com o outro. Ele sabia e buscava, a cada dia, viver na Provid\u00eancia Divina. Queria sempre responder a Deus Pai.<\/p>\n<p>Neste di\u00e1logo com Deus, o Pe. Jos\u00e9 Kentenich <strong>buscava a voz de Deus nos pequenos acontecimentos:<\/strong><\/p>\n<p><em>&#8220;Com a preocupa\u00e7\u00e3o pela fam\u00edlia entrei no Campo de Concentra\u00e7\u00e3o e, conforme a lei da porta aberta, sempre fiquei tateando: ser\u00e1 que o bom Deus n\u00e3o abrira\u0301 uma portinha para esta funda\u00e7\u00e3o, mesmo nessas situa\u00e7\u00f5es t\u00e3o desfavor\u00e1veis daqui? Quando ele abrira\u0301 a porta para esta funda\u00e7\u00e3o?&#8221;<\/em><\/p>\n<h2>Em meio ao caos, buscar as portas abertas \u2013 mesmo que seja uma fresta!<\/h2>\n<p>E assim, em meio \u00e0s dificuldades de um campo de concentra\u00e7\u00e3o, nosso Pai e Fundador encontrou instrumentos e oportunidades para responder aos planos de amor do Pai Eterno.<\/p>\n<p><img fetchpriority=\"high\" decoding=\"async\" class=\"aligncenter wp-image-31165 size-full\" src=\"https:\/\/schoenstatt.com\/wp-content\/uploads\/2023\/07\/Dachau-uai-793x446-1.png\" alt=\"\" width=\"793\" height=\"446\" \/><\/p>\n<p>Em <a href=\"https:\/\/schoenstatt.org.br\/2023\/07\/16\/obra-de-familias-de-schoenstatt-opera-dei-perfecta\/\"><strong>16 de julho de 1942<\/strong><\/a>, no campo de concentra\u00e7\u00e3o de Dachau, bloco 14, sala 3, na clandestinidade da pris\u00e3o, o Pe. Kentenich encontrou-se com o Dr. Fritz Kuhr e o Dr. Eduardo Pesendorfer. Ambos foram instrumentos para as funda\u00e7\u00f5es do <a href=\"https:\/\/schoenstatt.com\/pt-pt\/familia\/comunidades-do-movimento-apostolico-de-schoenstatt\/familias\/\" target=\"_blank\" rel=\"noopener\">Instituto de Fam\u00edlias<\/a> e o <a href=\"https:\/\/schoenstatt.com\/pt-pt\/familia\/comunidades-do-movimento-apostolico-de-schoenstatt\/men\/\">Instituto dos Irm\u00e3os de Maria<\/a>, respectivamente.<\/p>\n<p>Nesse dia, o <a href=\"https:\/\/schoenstatt.com\/pt-pt\/espiritualidade\/recordacao-dos-80-anos-da-morte-do-pe-albert-eise-sac\/\">Pe. Albert Eise<\/a> arrumou um pequeno altar com a mesa de trabalho e escondeu-o entre tr\u00eas colch\u00f5es. Sobre o altar colocou duas velas, um len\u00e7o branco com o Sant\u00edssimo sobre ele e um santinho da M\u00e3e e Rainha Tr\u00eas Vezes Admir\u00e1vel de Schoenstatt. De modo muito singelo preparou o local para essas funda\u00e7\u00f5es.<\/p>\n<p>Nessa ocasi\u00e3o, o Pe. Kentenich proferiu uma confer\u00eancia sobre a import\u00e2ncia desta hora, digna das catacumbas. Falou sobre a import\u00e2ncia das funda\u00e7\u00f5es que aconteciam para o tempo presente e o futuro.<\/p>\n<p><strong>Nessa data realizou-se a consagra\u00e7\u00e3o do Dr. Fritz K\u00fchr como novi\u00e7o do Instituto de Fam\u00edlias de Schoenstatt e do Dr. Eduardo Pesendorfer para o Instituto dos Irm\u00e3os de Maria.<\/strong> Da consagra\u00e7\u00e3o feita pelo Dr. Kuhr, surgiu a Obra das Fam\u00edlias de Schoenstatt, um in\u00edcio ousado e fecundo, que se desenvolveu em tr\u00eas comunidades de Fam\u00edlias: Liga, Uni\u00e3o e Instituto.<\/p>\n<h2><img decoding=\"async\" class=\"aligncenter wp-image-29636 \" src=\"https:\/\/schoenstatt.com\/wp-content\/uploads\/2023\/03\/14-Dachau-1024x764.png\" alt=\"sentido da vida\" width=\"783\" height=\"584\" \/><\/h2>\n<p>A Obra de Fam\u00edlias \u00e9 fundada no Bloco 14, em Dachau<\/p>\n<h2>Para o Pe. Kentenich tudo \u00e9 fruto de decis\u00e3o e a\u00e7\u00e3o<\/h2>\n<p>Nessas funda\u00e7\u00f5es, vemos o fruto da decis\u00e3o de nosso Pai e Fundador no <a href=\"https:\/\/schoenstatt.com\/pt-pt\/espiritualidade\/20-de-janeiro-de-1942-dia-que-ficou-marcado-para-sempre\/\">20 de janeiro de 1942<\/a> e uma nova irrup\u00e7\u00e3o divina de gra\u00e7a para o espa\u00e7o sagrado do matrim\u00f4nio, da fam\u00edlia e da imagem crist\u00e3o do homem. Por meio do fiat de seus instrumentos fundadores, num dif\u00edcil tempo de necessidade \u2013 &#8220;sobre a funda\u00e7\u00e3o de Dachau&#8221; \u2013 foi colocada a pedra fundamental para novos institutos seculares na Igreja. Uma grande oportunidade a partir do que parecia imposs\u00edvel!<\/p>\n<p><em><img decoding=\"async\" class=\"wp-image-20143 size-full aligncenter\" src=\"https:\/\/schoenstatt.com\/wp-content\/uploads\/2021\/10\/neue-Leitung-Marienbruder.jpg\" alt=\"O Cap\u00edtulo Gera\" width=\"680\" height=\"340\" \/><\/em><\/p>\n<p>Irm\u00e3os de Maria de Schoenstatt<\/p>\n<p><em>\u201c\u00c9 do esp\u00edrito de Dachau que temos falado: o esp\u00edrito do total enraizamento no mundo sobrenatural, na realidade sobrenatural. Este \u00e9 o \u00faltimo e profundo sentido da nossa vida. N\u00e3o tenhamos ilus\u00f5es, todos os outros enraizamentos s\u00e3o s\u00f3 passageiros, s\u00e3o caminho e meios para um objetivo. Mas a meta \u00e9 e continua a ser eternamente de Deus!\u201d<\/em> (Pe. Kentenich \u2013 16.07.1967)<\/p>\n<p>Confiemos que, mesmo em grandes dificuldades, podemos encontrar oportunidades que nos ajudem a responder com amor ao atuar da Divina Provid\u00eancia em nossas vidas.<\/p>\n<p>E que esta for\u00e7a, em favor do matrim\u00f4nio e da fam\u00edlia, de uma imagem crist\u00e3 do homem e de nossa Igreja, flua em nossa Obra \u2013 como resposta no esp\u00edrito do Pe. Kentenich e da M\u00e3e Tr\u00eas Vezes Admir\u00e1vel de Schoenstatt.<\/p>\n","protected":false},"excerpt":{"rendered":"<p>O que voc\u00ea faz quando surgem dificuldades em sua vida? Com o Pe. Kentenich aprendemos a transformar os desafios em novas oportunidades<\/p>\n","protected":false},"author":3,"featured_media":31354,"comment_status":"closed","ping_status":"closed","sticky":false,"template":"","format":"standard","meta":{"footnotes":""},"categories":[908,916],"tags":[],"class_list":["post-31349","post","type-post","status-publish","format-standard","has-post-thumbnail","hentry","category-comunidades-de-schoenstatt-pt-pt","category-espiritualidade-pt-pt"],"yoast_head":"<!-- This site is optimized with the Yoast SEO Premium plugin v27.4 (Yoast SEO v27.5) - https:\/\/yoast.com\/product\/yoast-seo-premium-wordpress\/ -->\n<title>16 de julho: Pe. Kentenich funda dois Institutos Seculares<\/title>\n<meta name=\"description\" content=\"O que voc\u00ea faz quando surgem dificuldades em sua vida? Com o Pe. Kentenich aprendemos a transformar os desafios em novas oportunidades\" \/>\n<meta name=\"robots\" content=\"index, follow, max-snippet:-1, max-image-preview:large, max-video-preview:-1\" \/>\n<link rel=\"canonical\" href=\"https:\/\/schoenstatt.com\/pt-pt\/16-de-julho-pe-kentenich-funda-dois-institutos-seculares\/\" \/>\n<meta property=\"og:locale\" content=\"pt_PT\" \/>\n<meta property=\"og:type\" content=\"article\" \/>\n<meta property=\"og:title\" content=\"16 de julho: Pe. Kentenich funda dois Institutos Seculares\" \/>\n<meta property=\"og:description\" content=\"O que voc\u00ea faz quando surgem dificuldades em sua vida? Com o Pe. Kentenich aprendemos a transformar os desafios em novas oportunidades\" \/>\n<meta property=\"og:url\" content=\"https:\/\/schoenstatt.com\/pt-pt\/16-de-julho-pe-kentenich-funda-dois-institutos-seculares\/\" \/>\n<meta property=\"og:site_name\" content=\"Schoenstatt\" \/>\n<meta property=\"article:published_time\" content=\"2023-07-16T12:40:59+00:00\" \/>\n<meta property=\"article:modified_time\" content=\"2025-05-15T22:30:05+00:00\" \/>\n<meta property=\"og:image\" content=\"https:\/\/schoenstatt.com\/wp-content\/uploads\/2023\/07\/dachau-concentration-camp-1.jpg\" \/>\n\t<meta property=\"og:image:width\" content=\"1280\" \/>\n\t<meta property=\"og:image:height\" content=\"857\" \/>\n\t<meta property=\"og:image:type\" content=\"image\/jpeg\" \/>\n<meta name=\"author\" content=\"Karen Bueno\" \/>\n<meta name=\"twitter:card\" content=\"summary_large_image\" \/>\n<meta name=\"twitter:label1\" content=\"Escrito por\" \/>\n\t<meta name=\"twitter:data1\" content=\"Karen Bueno\" \/>\n\t<meta name=\"twitter:label2\" content=\"Tempo estimado de leitura\" \/>\n\t<meta name=\"twitter:data2\" content=\"4 minutos\" \/>\n<script type=\"application\/ld+json\" class=\"yoast-schema-graph\">{\"@context\":\"https:\\\/\\\/schema.org\",\"@graph\":[{\"@type\":\"Article\",\"@id\":\"https:\\\/\\\/schoenstatt.com\\\/pt-pt\\\/16-de-julho-pe-kentenich-funda-dois-institutos-seculares\\\/#article\",\"isPartOf\":{\"@id\":\"https:\\\/\\\/schoenstatt.com\\\/pt-pt\\\/16-de-julho-pe-kentenich-funda-dois-institutos-seculares\\\/\"},\"author\":{\"name\":\"Karen Bueno\",\"@id\":\"https:\\\/\\\/schoenstatt.com\\\/pt-pt\\\/#\\\/schema\\\/person\\\/5158877ad4acae98b34daaeef2a1ce6e\"},\"headline\":\"16 de julho: Pe. Kentenich funda dois Institutos Seculares\",\"datePublished\":\"2023-07-16T12:40:59+00:00\",\"dateModified\":\"2025-05-15T22:30:05+00:00\",\"mainEntityOfPage\":{\"@id\":\"https:\\\/\\\/schoenstatt.com\\\/pt-pt\\\/16-de-julho-pe-kentenich-funda-dois-institutos-seculares\\\/\"},\"wordCount\":681,\"publisher\":{\"@id\":\"https:\\\/\\\/schoenstatt.com\\\/pt-pt\\\/#organization\"},\"image\":{\"@id\":\"https:\\\/\\\/schoenstatt.com\\\/pt-pt\\\/16-de-julho-pe-kentenich-funda-dois-institutos-seculares\\\/#primaryimage\"},\"thumbnailUrl\":\"https:\\\/\\\/schoenstatt.com\\\/wp-content\\\/uploads\\\/2023\\\/07\\\/dachau-concentration-camp-1.jpg\",\"articleSection\":[\"Comunidades de Schoenstatt\",\"Espiritualidade\"],\"inLanguage\":\"pt-PT\"},{\"@type\":\"WebPage\",\"@id\":\"https:\\\/\\\/schoenstatt.com\\\/pt-pt\\\/16-de-julho-pe-kentenich-funda-dois-institutos-seculares\\\/\",\"url\":\"https:\\\/\\\/schoenstatt.com\\\/pt-pt\\\/16-de-julho-pe-kentenich-funda-dois-institutos-seculares\\\/\",\"name\":\"16 de julho: Pe. Kentenich funda dois Institutos Seculares\",\"isPartOf\":{\"@id\":\"https:\\\/\\\/schoenstatt.com\\\/pt-pt\\\/#website\"},\"primaryImageOfPage\":{\"@id\":\"https:\\\/\\\/schoenstatt.com\\\/pt-pt\\\/16-de-julho-pe-kentenich-funda-dois-institutos-seculares\\\/#primaryimage\"},\"image\":{\"@id\":\"https:\\\/\\\/schoenstatt.com\\\/pt-pt\\\/16-de-julho-pe-kentenich-funda-dois-institutos-seculares\\\/#primaryimage\"},\"thumbnailUrl\":\"https:\\\/\\\/schoenstatt.com\\\/wp-content\\\/uploads\\\/2023\\\/07\\\/dachau-concentration-camp-1.jpg\",\"datePublished\":\"2023-07-16T12:40:59+00:00\",\"dateModified\":\"2025-05-15T22:30:05+00:00\",\"description\":\"O que voc\u00ea faz quando surgem dificuldades em sua vida? Com o Pe. Kentenich aprendemos a transformar os desafios em novas oportunidades\",\"breadcrumb\":{\"@id\":\"https:\\\/\\\/schoenstatt.com\\\/pt-pt\\\/16-de-julho-pe-kentenich-funda-dois-institutos-seculares\\\/#breadcrumb\"},\"inLanguage\":\"pt-PT\",\"potentialAction\":[{\"@type\":\"ReadAction\",\"target\":[\"https:\\\/\\\/schoenstatt.com\\\/pt-pt\\\/16-de-julho-pe-kentenich-funda-dois-institutos-seculares\\\/\"]}]},{\"@type\":\"ImageObject\",\"inLanguage\":\"pt-PT\",\"@id\":\"https:\\\/\\\/schoenstatt.com\\\/pt-pt\\\/16-de-julho-pe-kentenich-funda-dois-institutos-seculares\\\/#primaryimage\",\"url\":\"https:\\\/\\\/schoenstatt.com\\\/wp-content\\\/uploads\\\/2023\\\/07\\\/dachau-concentration-camp-1.jpg\",\"contentUrl\":\"https:\\\/\\\/schoenstatt.com\\\/wp-content\\\/uploads\\\/2023\\\/07\\\/dachau-concentration-camp-1.jpg\",\"width\":1280,\"height\":857,\"caption\":\"Pe. Kentenich\"},{\"@type\":\"BreadcrumbList\",\"@id\":\"https:\\\/\\\/schoenstatt.com\\\/pt-pt\\\/16-de-julho-pe-kentenich-funda-dois-institutos-seculares\\\/#breadcrumb\",\"itemListElement\":[{\"@type\":\"ListItem\",\"position\":1,\"name\":\"Portada\",\"item\":\"https:\\\/\\\/schoenstatt.com\\\/pt-pt\\\/home\\\/\"},{\"@type\":\"ListItem\",\"position\":2,\"name\":\"16 de julho: Pe. Kentenich funda dois Institutos Seculares\"}]},{\"@type\":\"WebSite\",\"@id\":\"https:\\\/\\\/schoenstatt.com\\\/pt-pt\\\/#website\",\"url\":\"https:\\\/\\\/schoenstatt.com\\\/pt-pt\\\/\",\"name\":\"Schoenstatt\",\"description\":\"Apostolic Movement\",\"publisher\":{\"@id\":\"https:\\\/\\\/schoenstatt.com\\\/pt-pt\\\/#organization\"},\"potentialAction\":[{\"@type\":\"SearchAction\",\"target\":{\"@type\":\"EntryPoint\",\"urlTemplate\":\"https:\\\/\\\/schoenstatt.com\\\/pt-pt\\\/?s={search_term_string}\"},\"query-input\":{\"@type\":\"PropertyValueSpecification\",\"valueRequired\":true,\"valueName\":\"search_term_string\"}}],\"inLanguage\":\"pt-PT\"},{\"@type\":\"Organization\",\"@id\":\"https:\\\/\\\/schoenstatt.com\\\/pt-pt\\\/#organization\",\"name\":\"Schoenstatt\",\"url\":\"https:\\\/\\\/schoenstatt.com\\\/pt-pt\\\/\",\"logo\":{\"@type\":\"ImageObject\",\"inLanguage\":\"pt-PT\",\"@id\":\"https:\\\/\\\/schoenstatt.com\\\/pt-pt\\\/#\\\/schema\\\/logo\\\/image\\\/\",\"url\":\"https:\\\/\\\/schoenstatt.com\\\/wp-content\\\/uploads\\\/2025\\\/04\\\/logo-schoenstatt-white-696x696-1.png\",\"contentUrl\":\"https:\\\/\\\/schoenstatt.com\\\/wp-content\\\/uploads\\\/2025\\\/04\\\/logo-schoenstatt-white-696x696-1.png\",\"width\":696,\"height\":694,\"caption\":\"Schoenstatt\"},\"image\":{\"@id\":\"https:\\\/\\\/schoenstatt.com\\\/pt-pt\\\/#\\\/schema\\\/logo\\\/image\\\/\"}},{\"@type\":\"Person\",\"@id\":\"https:\\\/\\\/schoenstatt.com\\\/pt-pt\\\/#\\\/schema\\\/person\\\/5158877ad4acae98b34daaeef2a1ce6e\",\"name\":\"Karen Bueno\",\"image\":{\"@type\":\"ImageObject\",\"inLanguage\":\"pt-PT\",\"@id\":\"https:\\\/\\\/secure.gravatar.com\\\/avatar\\\/f9f4b823873154269d2b2130f195f6d41037dd0d7fc5f3cacb5c846bae70d66b?s=96&d=mm&r=g\",\"url\":\"https:\\\/\\\/secure.gravatar.com\\\/avatar\\\/f9f4b823873154269d2b2130f195f6d41037dd0d7fc5f3cacb5c846bae70d66b?s=96&d=mm&r=g\",\"contentUrl\":\"https:\\\/\\\/secure.gravatar.com\\\/avatar\\\/f9f4b823873154269d2b2130f195f6d41037dd0d7fc5f3cacb5c846bae70d66b?s=96&d=mm&r=g\",\"caption\":\"Karen Bueno\"},\"url\":\"https:\\\/\\\/schoenstatt.com\\\/pt-pt\\\/author\\\/karen-bueno\\\/\"}]}<\/script>\n<!-- \/ Yoast SEO Premium plugin. -->","yoast_head_json":{"title":"16 de julho: Pe. Kentenich funda dois Institutos Seculares","description":"O que voc\u00ea faz quando surgem dificuldades em sua vida? Com o Pe. Kentenich aprendemos a transformar os desafios em novas oportunidades","robots":{"index":"index","follow":"follow","max-snippet":"max-snippet:-1","max-image-preview":"max-image-preview:large","max-video-preview":"max-video-preview:-1"},"canonical":"https:\/\/schoenstatt.com\/pt-pt\/16-de-julho-pe-kentenich-funda-dois-institutos-seculares\/","og_locale":"pt_PT","og_type":"article","og_title":"16 de julho: Pe. Kentenich funda dois Institutos Seculares","og_description":"O que voc\u00ea faz quando surgem dificuldades em sua vida? Com o Pe. Kentenich aprendemos a transformar os desafios em novas oportunidades","og_url":"https:\/\/schoenstatt.com\/pt-pt\/16-de-julho-pe-kentenich-funda-dois-institutos-seculares\/","og_site_name":"Schoenstatt","article_published_time":"2023-07-16T12:40:59+00:00","article_modified_time":"2025-05-15T22:30:05+00:00","og_image":[{"width":1280,"height":857,"url":"https:\/\/schoenstatt.com\/wp-content\/uploads\/2023\/07\/dachau-concentration-camp-1.jpg","type":"image\/jpeg"}],"author":"Karen Bueno","twitter_card":"summary_large_image","twitter_misc":{"Escrito por":"Karen Bueno","Tempo estimado de leitura":"4 minutos"},"schema":{"@context":"https:\/\/schema.org","@graph":[{"@type":"Article","@id":"https:\/\/schoenstatt.com\/pt-pt\/16-de-julho-pe-kentenich-funda-dois-institutos-seculares\/#article","isPartOf":{"@id":"https:\/\/schoenstatt.com\/pt-pt\/16-de-julho-pe-kentenich-funda-dois-institutos-seculares\/"},"author":{"name":"Karen Bueno","@id":"https:\/\/schoenstatt.com\/pt-pt\/#\/schema\/person\/5158877ad4acae98b34daaeef2a1ce6e"},"headline":"16 de julho: Pe. Kentenich funda dois Institutos Seculares","datePublished":"2023-07-16T12:40:59+00:00","dateModified":"2025-05-15T22:30:05+00:00","mainEntityOfPage":{"@id":"https:\/\/schoenstatt.com\/pt-pt\/16-de-julho-pe-kentenich-funda-dois-institutos-seculares\/"},"wordCount":681,"publisher":{"@id":"https:\/\/schoenstatt.com\/pt-pt\/#organization"},"image":{"@id":"https:\/\/schoenstatt.com\/pt-pt\/16-de-julho-pe-kentenich-funda-dois-institutos-seculares\/#primaryimage"},"thumbnailUrl":"https:\/\/schoenstatt.com\/wp-content\/uploads\/2023\/07\/dachau-concentration-camp-1.jpg","articleSection":["Comunidades de Schoenstatt","Espiritualidade"],"inLanguage":"pt-PT"},{"@type":"WebPage","@id":"https:\/\/schoenstatt.com\/pt-pt\/16-de-julho-pe-kentenich-funda-dois-institutos-seculares\/","url":"https:\/\/schoenstatt.com\/pt-pt\/16-de-julho-pe-kentenich-funda-dois-institutos-seculares\/","name":"16 de julho: Pe. Kentenich funda dois Institutos Seculares","isPartOf":{"@id":"https:\/\/schoenstatt.com\/pt-pt\/#website"},"primaryImageOfPage":{"@id":"https:\/\/schoenstatt.com\/pt-pt\/16-de-julho-pe-kentenich-funda-dois-institutos-seculares\/#primaryimage"},"image":{"@id":"https:\/\/schoenstatt.com\/pt-pt\/16-de-julho-pe-kentenich-funda-dois-institutos-seculares\/#primaryimage"},"thumbnailUrl":"https:\/\/schoenstatt.com\/wp-content\/uploads\/2023\/07\/dachau-concentration-camp-1.jpg","datePublished":"2023-07-16T12:40:59+00:00","dateModified":"2025-05-15T22:30:05+00:00","description":"O que voc\u00ea faz quando surgem dificuldades em sua vida? Com o Pe. Kentenich aprendemos a transformar os desafios em novas oportunidades","breadcrumb":{"@id":"https:\/\/schoenstatt.com\/pt-pt\/16-de-julho-pe-kentenich-funda-dois-institutos-seculares\/#breadcrumb"},"inLanguage":"pt-PT","potentialAction":[{"@type":"ReadAction","target":["https:\/\/schoenstatt.com\/pt-pt\/16-de-julho-pe-kentenich-funda-dois-institutos-seculares\/"]}]},{"@type":"ImageObject","inLanguage":"pt-PT","@id":"https:\/\/schoenstatt.com\/pt-pt\/16-de-julho-pe-kentenich-funda-dois-institutos-seculares\/#primaryimage","url":"https:\/\/schoenstatt.com\/wp-content\/uploads\/2023\/07\/dachau-concentration-camp-1.jpg","contentUrl":"https:\/\/schoenstatt.com\/wp-content\/uploads\/2023\/07\/dachau-concentration-camp-1.jpg","width":1280,"height":857,"caption":"Pe. Kentenich"},{"@type":"BreadcrumbList","@id":"https:\/\/schoenstatt.com\/pt-pt\/16-de-julho-pe-kentenich-funda-dois-institutos-seculares\/#breadcrumb","itemListElement":[{"@type":"ListItem","position":1,"name":"Portada","item":"https:\/\/schoenstatt.com\/pt-pt\/home\/"},{"@type":"ListItem","position":2,"name":"16 de julho: Pe. Kentenich funda dois Institutos Seculares"}]},{"@type":"WebSite","@id":"https:\/\/schoenstatt.com\/pt-pt\/#website","url":"https:\/\/schoenstatt.com\/pt-pt\/","name":"Schoenstatt","description":"Apostolic Movement","publisher":{"@id":"https:\/\/schoenstatt.com\/pt-pt\/#organization"},"potentialAction":[{"@type":"SearchAction","target":{"@type":"EntryPoint","urlTemplate":"https:\/\/schoenstatt.com\/pt-pt\/?s={search_term_string}"},"query-input":{"@type":"PropertyValueSpecification","valueRequired":true,"valueName":"search_term_string"}}],"inLanguage":"pt-PT"},{"@type":"Organization","@id":"https:\/\/schoenstatt.com\/pt-pt\/#organization","name":"Schoenstatt","url":"https:\/\/schoenstatt.com\/pt-pt\/","logo":{"@type":"ImageObject","inLanguage":"pt-PT","@id":"https:\/\/schoenstatt.com\/pt-pt\/#\/schema\/logo\/image\/","url":"https:\/\/schoenstatt.com\/wp-content\/uploads\/2025\/04\/logo-schoenstatt-white-696x696-1.png","contentUrl":"https:\/\/schoenstatt.com\/wp-content\/uploads\/2025\/04\/logo-schoenstatt-white-696x696-1.png","width":696,"height":694,"caption":"Schoenstatt"},"image":{"@id":"https:\/\/schoenstatt.com\/pt-pt\/#\/schema\/logo\/image\/"}},{"@type":"Person","@id":"https:\/\/schoenstatt.com\/pt-pt\/#\/schema\/person\/5158877ad4acae98b34daaeef2a1ce6e","name":"Karen Bueno","image":{"@type":"ImageObject","inLanguage":"pt-PT","@id":"https:\/\/secure.gravatar.com\/avatar\/f9f4b823873154269d2b2130f195f6d41037dd0d7fc5f3cacb5c846bae70d66b?s=96&d=mm&r=g","url":"https:\/\/secure.gravatar.com\/avatar\/f9f4b823873154269d2b2130f195f6d41037dd0d7fc5f3cacb5c846bae70d66b?s=96&d=mm&r=g","contentUrl":"https:\/\/secure.gravatar.com\/avatar\/f9f4b823873154269d2b2130f195f6d41037dd0d7fc5f3cacb5c846bae70d66b?s=96&d=mm&r=g","caption":"Karen Bueno"},"url":"https:\/\/schoenstatt.com\/pt-pt\/author\/karen-bueno\/"}]}},"_links":{"self":[{"href":"https:\/\/schoenstatt.com\/pt-pt\/wp-json\/wp\/v2\/posts\/31349","targetHints":{"allow":["GET"]}}],"collection":[{"href":"https:\/\/schoenstatt.com\/pt-pt\/wp-json\/wp\/v2\/posts"}],"about":[{"href":"https:\/\/schoenstatt.com\/pt-pt\/wp-json\/wp\/v2\/types\/post"}],"author":[{"embeddable":true,"href":"https:\/\/schoenstatt.com\/pt-pt\/wp-json\/wp\/v2\/users\/3"}],"replies":[{"embeddable":true,"href":"https:\/\/schoenstatt.com\/pt-pt\/wp-json\/wp\/v2\/comments?post=31349"}],"version-history":[{"count":1,"href":"https:\/\/schoenstatt.com\/pt-pt\/wp-json\/wp\/v2\/posts\/31349\/revisions"}],"predecessor-version":[{"id":46104,"href":"https:\/\/schoenstatt.com\/pt-pt\/wp-json\/wp\/v2\/posts\/31349\/revisions\/46104"}],"wp:featuredmedia":[{"embeddable":true,"href":"https:\/\/schoenstatt.com\/pt-pt\/wp-json\/wp\/v2\/media\/31354"}],"wp:attachment":[{"href":"https:\/\/schoenstatt.com\/pt-pt\/wp-json\/wp\/v2\/media?parent=31349"}],"wp:term":[{"taxonomy":"category","embeddable":true,"href":"https:\/\/schoenstatt.com\/pt-pt\/wp-json\/wp\/v2\/categories?post=31349"},{"taxonomy":"post_tag","embeddable":true,"href":"https:\/\/schoenstatt.com\/pt-pt\/wp-json\/wp\/v2\/tags?post=31349"}],"curies":[{"name":"wp","href":"https:\/\/api.w.org\/{rel}","templated":true}]}}