{"id":31325,"date":"2023-07-14T20:41:53","date_gmt":"2023-07-14T18:41:53","guid":{"rendered":"https:\/\/schoenstatt.com\/?p=31325"},"modified":"2025-05-16T01:42:50","modified_gmt":"2025-05-15T23:42:50","slug":"celebremos-a-italia-tem-seu-primeiro-curso-da-uniao-de-familias","status":"publish","type":"post","link":"https:\/\/schoenstatt.com\/pt-pt\/celebremos-a-italia-tem-seu-primeiro-curso-da-uniao-de-familias\/","title":{"rendered":"Celebremos! A It\u00e1lia tem seu primeiro curso da Uni\u00e3o de Fam\u00edlias"},"content":{"rendered":"<p>No <a href=\"https:\/\/goo.gl\/maps\/H2TpeBV9SfcotKmB8\" target=\"_blank\" rel=\"noopener\">Santu\u00e1rio <em>Cor Ecclesiae<\/em><\/a>, em Roma, It\u00e1lia, oito casais comemoraram seu ingresso oficial na Uni\u00e3o de Fam\u00edlias de Schoenstatt. O primeiro curso, chamado <em>\u201cMariae apostoli\u201d<\/em> (Ap\u00f3stolos de Maria), espera ansiosamente por viver, como comunidade, essa miss\u00e3o t\u00e3o especial.<\/p>\n<h2><em>Marie apostoli<\/em><\/h2>\n<p>Ao final de tr\u00eas anos de prepara\u00e7\u00e3o, no dia 17 de junho, Festa do Imaculado Cora\u00e7\u00e3o de Maria, oito casais realizaram sua primeira consagra\u00e7\u00e3o de curso na <a href=\"https:\/\/schoenstatt.com\/pt-pt\/familia\/comunidades-do-movimento-apostolico-de-schoenstatt\/familias\/\" target=\"_blank\" rel=\"noopener\">Uni\u00e3o de Fam\u00edlias de Schoenstatt<\/a>. Viram a sua miss\u00e3o simbolizada nestas duas palavras: <em>&#8220;Marie apostoli&#8221;<\/em>. Eles se consideram como ap\u00f3stolos marianos a caminho das fam\u00edlias.<\/p>\n<p>A consagra\u00e7\u00e3o dos oito esposos do curso aconteceu em uma Missa de recorda\u00e7\u00f5es e medita\u00e7\u00e3o, no Santu\u00e1rio Cor Ecclesiae. Estavam presentes Stefan e Maria Pelz, da Dire\u00e7\u00e3o Internacional da Uni\u00e3o de Fam\u00edlias de Schoenstatt. Tamb\u00e9m os assistentes do curso, o Pe. Beltr\u00e1n G\u00f3mez e a Ir. M. Assun\u00e7\u00e3o Bergen Pape, e o casal Gabriela e Gast\u00f3n Zurita, da Argentina.<\/p>\n<p><img fetchpriority=\"high\" decoding=\"async\" class=\"aligncenter wp-image-31330 \" src=\"https:\/\/schoenstatt.com\/wp-content\/uploads\/2023\/07\/Federacion-de-Familias-de-Schoenstatt-Italia-4.png\" alt=\"\" width=\"836\" height=\"376\" \/><\/p>\n<h2>Compartilhando a alegria<\/h2>\n<p>Durante a Missa da Alian\u00e7a, no dia seguinte, o primeiro curso da Uni\u00e3o de Fam\u00edlias da It\u00e1lia p\u00f4de compartilhar a alegria de sua consagra\u00e7\u00e3o com suas fam\u00edlias e os diversos grupos de Schoenstatt da It\u00e1lia, no Santu\u00e1rio <em>Cor Ecclesiae<\/em>. Mais uma vez rezaram a sua ora\u00e7\u00e3o de consagra\u00e7\u00e3o e renovaram a vontade de serem enviados.<\/p>\n<p>Os casais do curso dos Ap\u00f3stolos de Maria confiam o seu caminho \u2013 pessoalmente, como casal e como comunidade \u2013 a Deus e a Maria. Eles sabem que est\u00e3o fortalecidos pela Alian\u00e7a de Amor, o sacramento do matrim\u00f4nio \u00e0 luz dos conselhos evang\u00e9licos e da intercess\u00e3o sacerdotal do <a href=\"https:\/\/schoenstatt.com\/pt-pt\/about\/fundador\/\" target=\"_blank\" rel=\"noopener\">Pe. Kentenich<\/a>, fundador do Movimento de Schoenstatt.<\/p>\n<h3><img decoding=\"async\" class=\"aligncenter wp-image-31334 \" src=\"https:\/\/schoenstatt.com\/wp-content\/uploads\/2023\/07\/Federacion-de-Familias-de-Schoenstatt-Italia.jpg\" alt=\"\" width=\"841\" height=\"548\" \/><\/h3>\n<h3>Agradecimento pela ora\u00e7\u00e3o<\/h3>\n<p>Agradecidos por todas as ora\u00e7\u00f5es e o acompanhamento que tiveram em seu caminho para a Uni\u00e3o de Fam\u00edlias de Schoenstatt, os oito casais prometem suas ora\u00e7\u00f5es por todos os membros de Schoenstatt e esperam \u201c&#8230; quem sabe um dia nos encontrarmos pessoalmente!\u201d.<\/p>\n<p><img decoding=\"async\" class=\"aligncenter wp-image-31338 \" src=\"https:\/\/schoenstatt.com\/wp-content\/uploads\/2023\/07\/Federacion-de-Familias-de-Schoenstatt-Italia-2.jpg\" alt=\"\" width=\"807\" height=\"605\" \/><\/p>\n","protected":false},"excerpt":{"rendered":"<p>Oito casais celebraram seu ingresso na Uni\u00e3o de Fam\u00edlias de Schoenstatt no Santu\u00e1rio Cor Ecclesiae, em Roma, It\u00e1lia. Este primeiro curso, chamado &#8220;Mariae apostoli&#8221;, espera ansiosamente por viver sua miss\u00e3o t\u00e3o especial<\/p>\n","protected":false},"author":3,"featured_media":31326,"comment_status":"closed","ping_status":"closed","sticky":false,"template":"","format":"standard","meta":{"footnotes":""},"categories":[908,876,869],"tags":[],"class_list":["post-31325","post","type-post","status-publish","format-standard","has-post-thumbnail","hentry","category-comunidades-de-schoenstatt-pt-pt","category-familia-pt-pt","category-paises-pt-pt"],"yoast_head":"<!-- This site is optimized with the Yoast SEO Premium plugin v27.4 (Yoast SEO v27.4) - https:\/\/yoast.com\/product\/yoast-seo-premium-wordpress\/ -->\n<title>Celebremos! A It\u00e1lia tem seu primeiro curso da Uni\u00e3o de Fam\u00edlias<\/title>\n<meta name=\"description\" content=\"Oito casais foram consagrados como membros da Uni\u00e3o de Fam\u00edlias de Schoenstatt na It\u00e1lia, no Santu\u00e1rio Cor Ecclesiae, em Roma.\" \/>\n<meta name=\"robots\" content=\"index, follow, max-snippet:-1, max-image-preview:large, max-video-preview:-1\" \/>\n<link rel=\"canonical\" href=\"https:\/\/schoenstatt.com\/pt-pt\/celebremos-a-italia-tem-seu-primeiro-curso-da-uniao-de-familias\/\" \/>\n<meta property=\"og:locale\" content=\"pt_PT\" \/>\n<meta property=\"og:type\" content=\"article\" \/>\n<meta property=\"og:title\" content=\"Celebremos! A It\u00e1lia tem seu primeiro curso da Uni\u00e3o de Fam\u00edlias\" \/>\n<meta property=\"og:description\" content=\"Oito casais foram consagrados como membros da Uni\u00e3o de Fam\u00edlias de Schoenstatt na It\u00e1lia, no Santu\u00e1rio Cor Ecclesiae, em Roma.\" \/>\n<meta property=\"og:url\" content=\"https:\/\/schoenstatt.com\/pt-pt\/celebremos-a-italia-tem-seu-primeiro-curso-da-uniao-de-familias\/\" \/>\n<meta property=\"og:site_name\" content=\"Schoenstatt\" \/>\n<meta property=\"article:published_time\" content=\"2023-07-14T18:41:53+00:00\" \/>\n<meta property=\"article:modified_time\" content=\"2025-05-15T23:42:50+00:00\" \/>\n<meta property=\"og:image\" content=\"https:\/\/schoenstatt.com\/wp-content\/uploads\/2023\/07\/foto-consacrazione-federazione-italiana-giugno-2023-2-1.jpg\" \/>\n\t<meta property=\"og:image:width\" content=\"1600\" \/>\n\t<meta property=\"og:image:height\" content=\"1066\" \/>\n\t<meta property=\"og:image:type\" content=\"image\/jpeg\" \/>\n<meta name=\"author\" content=\"Karen Bueno\" \/>\n<meta name=\"twitter:card\" content=\"summary_large_image\" \/>\n<meta name=\"twitter:label1\" content=\"Escrito por\" \/>\n\t<meta name=\"twitter:data1\" content=\"Karen Bueno\" \/>\n\t<meta name=\"twitter:label2\" content=\"Tempo estimado de leitura\" \/>\n\t<meta name=\"twitter:data2\" content=\"2 minutos\" \/>\n<script type=\"application\/ld+json\" class=\"yoast-schema-graph\">{\"@context\":\"https:\\\/\\\/schema.org\",\"@graph\":[{\"@type\":\"Article\",\"@id\":\"https:\\\/\\\/schoenstatt.com\\\/pt-pt\\\/celebremos-a-italia-tem-seu-primeiro-curso-da-uniao-de-familias\\\/#article\",\"isPartOf\":{\"@id\":\"https:\\\/\\\/schoenstatt.com\\\/pt-pt\\\/celebremos-a-italia-tem-seu-primeiro-curso-da-uniao-de-familias\\\/\"},\"author\":{\"name\":\"Karen Bueno\",\"@id\":\"https:\\\/\\\/schoenstatt.com\\\/pt-pt\\\/#\\\/schema\\\/person\\\/5158877ad4acae98b34daaeef2a1ce6e\"},\"headline\":\"Celebremos! A It\u00e1lia tem seu primeiro curso da Uni\u00e3o de Fam\u00edlias\",\"datePublished\":\"2023-07-14T18:41:53+00:00\",\"dateModified\":\"2025-05-15T23:42:50+00:00\",\"mainEntityOfPage\":{\"@id\":\"https:\\\/\\\/schoenstatt.com\\\/pt-pt\\\/celebremos-a-italia-tem-seu-primeiro-curso-da-uniao-de-familias\\\/\"},\"wordCount\":368,\"publisher\":{\"@id\":\"https:\\\/\\\/schoenstatt.com\\\/pt-pt\\\/#organization\"},\"image\":{\"@id\":\"https:\\\/\\\/schoenstatt.com\\\/pt-pt\\\/celebremos-a-italia-tem-seu-primeiro-curso-da-uniao-de-familias\\\/#primaryimage\"},\"thumbnailUrl\":\"https:\\\/\\\/schoenstatt.com\\\/wp-content\\\/uploads\\\/2023\\\/07\\\/foto-consacrazione-federazione-italiana-giugno-2023-2-1.jpg\",\"articleSection\":[\"Comunidades de Schoenstatt\",\"Fam\u00edlia\",\"Pa\u00edses\"],\"inLanguage\":\"pt-PT\"},{\"@type\":\"WebPage\",\"@id\":\"https:\\\/\\\/schoenstatt.com\\\/pt-pt\\\/celebremos-a-italia-tem-seu-primeiro-curso-da-uniao-de-familias\\\/\",\"url\":\"https:\\\/\\\/schoenstatt.com\\\/pt-pt\\\/celebremos-a-italia-tem-seu-primeiro-curso-da-uniao-de-familias\\\/\",\"name\":\"Celebremos! A It\u00e1lia tem seu primeiro curso da Uni\u00e3o de Fam\u00edlias\",\"isPartOf\":{\"@id\":\"https:\\\/\\\/schoenstatt.com\\\/pt-pt\\\/#website\"},\"primaryImageOfPage\":{\"@id\":\"https:\\\/\\\/schoenstatt.com\\\/pt-pt\\\/celebremos-a-italia-tem-seu-primeiro-curso-da-uniao-de-familias\\\/#primaryimage\"},\"image\":{\"@id\":\"https:\\\/\\\/schoenstatt.com\\\/pt-pt\\\/celebremos-a-italia-tem-seu-primeiro-curso-da-uniao-de-familias\\\/#primaryimage\"},\"thumbnailUrl\":\"https:\\\/\\\/schoenstatt.com\\\/wp-content\\\/uploads\\\/2023\\\/07\\\/foto-consacrazione-federazione-italiana-giugno-2023-2-1.jpg\",\"datePublished\":\"2023-07-14T18:41:53+00:00\",\"dateModified\":\"2025-05-15T23:42:50+00:00\",\"description\":\"Oito casais foram consagrados como membros da Uni\u00e3o de Fam\u00edlias de Schoenstatt na It\u00e1lia, no Santu\u00e1rio Cor Ecclesiae, em Roma.\",\"breadcrumb\":{\"@id\":\"https:\\\/\\\/schoenstatt.com\\\/pt-pt\\\/celebremos-a-italia-tem-seu-primeiro-curso-da-uniao-de-familias\\\/#breadcrumb\"},\"inLanguage\":\"pt-PT\",\"potentialAction\":[{\"@type\":\"ReadAction\",\"target\":[\"https:\\\/\\\/schoenstatt.com\\\/pt-pt\\\/celebremos-a-italia-tem-seu-primeiro-curso-da-uniao-de-familias\\\/\"]}]},{\"@type\":\"ImageObject\",\"inLanguage\":\"pt-PT\",\"@id\":\"https:\\\/\\\/schoenstatt.com\\\/pt-pt\\\/celebremos-a-italia-tem-seu-primeiro-curso-da-uniao-de-familias\\\/#primaryimage\",\"url\":\"https:\\\/\\\/schoenstatt.com\\\/wp-content\\\/uploads\\\/2023\\\/07\\\/foto-consacrazione-federazione-italiana-giugno-2023-2-1.jpg\",\"contentUrl\":\"https:\\\/\\\/schoenstatt.com\\\/wp-content\\\/uploads\\\/2023\\\/07\\\/foto-consacrazione-federazione-italiana-giugno-2023-2-1.jpg\",\"width\":1600,\"height\":1066,\"caption\":\"Foto: Federaci\u00f3n de Familias de Schoenstatt en Italia\"},{\"@type\":\"BreadcrumbList\",\"@id\":\"https:\\\/\\\/schoenstatt.com\\\/pt-pt\\\/celebremos-a-italia-tem-seu-primeiro-curso-da-uniao-de-familias\\\/#breadcrumb\",\"itemListElement\":[{\"@type\":\"ListItem\",\"position\":1,\"name\":\"Portada\",\"item\":\"https:\\\/\\\/schoenstatt.com\\\/pt-pt\\\/home\\\/\"},{\"@type\":\"ListItem\",\"position\":2,\"name\":\"Celebremos! A It\u00e1lia tem seu primeiro curso da Uni\u00e3o de Fam\u00edlias\"}]},{\"@type\":\"WebSite\",\"@id\":\"https:\\\/\\\/schoenstatt.com\\\/pt-pt\\\/#website\",\"url\":\"https:\\\/\\\/schoenstatt.com\\\/pt-pt\\\/\",\"name\":\"Schoenstatt\",\"description\":\"Apostolic Movement\",\"publisher\":{\"@id\":\"https:\\\/\\\/schoenstatt.com\\\/pt-pt\\\/#organization\"},\"potentialAction\":[{\"@type\":\"SearchAction\",\"target\":{\"@type\":\"EntryPoint\",\"urlTemplate\":\"https:\\\/\\\/schoenstatt.com\\\/pt-pt\\\/?s={search_term_string}\"},\"query-input\":{\"@type\":\"PropertyValueSpecification\",\"valueRequired\":true,\"valueName\":\"search_term_string\"}}],\"inLanguage\":\"pt-PT\"},{\"@type\":\"Organization\",\"@id\":\"https:\\\/\\\/schoenstatt.com\\\/pt-pt\\\/#organization\",\"name\":\"Schoenstatt\",\"url\":\"https:\\\/\\\/schoenstatt.com\\\/pt-pt\\\/\",\"logo\":{\"@type\":\"ImageObject\",\"inLanguage\":\"pt-PT\",\"@id\":\"https:\\\/\\\/schoenstatt.com\\\/pt-pt\\\/#\\\/schema\\\/logo\\\/image\\\/\",\"url\":\"https:\\\/\\\/schoenstatt.com\\\/wp-content\\\/uploads\\\/2025\\\/04\\\/logo-schoenstatt-white-696x696-1.png\",\"contentUrl\":\"https:\\\/\\\/schoenstatt.com\\\/wp-content\\\/uploads\\\/2025\\\/04\\\/logo-schoenstatt-white-696x696-1.png\",\"width\":696,\"height\":694,\"caption\":\"Schoenstatt\"},\"image\":{\"@id\":\"https:\\\/\\\/schoenstatt.com\\\/pt-pt\\\/#\\\/schema\\\/logo\\\/image\\\/\"}},{\"@type\":\"Person\",\"@id\":\"https:\\\/\\\/schoenstatt.com\\\/pt-pt\\\/#\\\/schema\\\/person\\\/5158877ad4acae98b34daaeef2a1ce6e\",\"name\":\"Karen Bueno\",\"image\":{\"@type\":\"ImageObject\",\"inLanguage\":\"pt-PT\",\"@id\":\"https:\\\/\\\/secure.gravatar.com\\\/avatar\\\/f9f4b823873154269d2b2130f195f6d41037dd0d7fc5f3cacb5c846bae70d66b?s=96&d=mm&r=g\",\"url\":\"https:\\\/\\\/secure.gravatar.com\\\/avatar\\\/f9f4b823873154269d2b2130f195f6d41037dd0d7fc5f3cacb5c846bae70d66b?s=96&d=mm&r=g\",\"contentUrl\":\"https:\\\/\\\/secure.gravatar.com\\\/avatar\\\/f9f4b823873154269d2b2130f195f6d41037dd0d7fc5f3cacb5c846bae70d66b?s=96&d=mm&r=g\",\"caption\":\"Karen Bueno\"},\"url\":\"https:\\\/\\\/schoenstatt.com\\\/pt-pt\\\/author\\\/karen-bueno\\\/\"}]}<\/script>\n<!-- \/ Yoast SEO Premium plugin. -->","yoast_head_json":{"title":"Celebremos! A It\u00e1lia tem seu primeiro curso da Uni\u00e3o de Fam\u00edlias","description":"Oito casais foram consagrados como membros da Uni\u00e3o de Fam\u00edlias de Schoenstatt na It\u00e1lia, no Santu\u00e1rio Cor Ecclesiae, em Roma.","robots":{"index":"index","follow":"follow","max-snippet":"max-snippet:-1","max-image-preview":"max-image-preview:large","max-video-preview":"max-video-preview:-1"},"canonical":"https:\/\/schoenstatt.com\/pt-pt\/celebremos-a-italia-tem-seu-primeiro-curso-da-uniao-de-familias\/","og_locale":"pt_PT","og_type":"article","og_title":"Celebremos! A It\u00e1lia tem seu primeiro curso da Uni\u00e3o de Fam\u00edlias","og_description":"Oito casais foram consagrados como membros da Uni\u00e3o de Fam\u00edlias de Schoenstatt na It\u00e1lia, no Santu\u00e1rio Cor Ecclesiae, em Roma.","og_url":"https:\/\/schoenstatt.com\/pt-pt\/celebremos-a-italia-tem-seu-primeiro-curso-da-uniao-de-familias\/","og_site_name":"Schoenstatt","article_published_time":"2023-07-14T18:41:53+00:00","article_modified_time":"2025-05-15T23:42:50+00:00","og_image":[{"width":1600,"height":1066,"url":"https:\/\/schoenstatt.com\/wp-content\/uploads\/2023\/07\/foto-consacrazione-federazione-italiana-giugno-2023-2-1.jpg","type":"image\/jpeg"}],"author":"Karen Bueno","twitter_card":"summary_large_image","twitter_misc":{"Escrito por":"Karen Bueno","Tempo estimado de leitura":"2 minutos"},"schema":{"@context":"https:\/\/schema.org","@graph":[{"@type":"Article","@id":"https:\/\/schoenstatt.com\/pt-pt\/celebremos-a-italia-tem-seu-primeiro-curso-da-uniao-de-familias\/#article","isPartOf":{"@id":"https:\/\/schoenstatt.com\/pt-pt\/celebremos-a-italia-tem-seu-primeiro-curso-da-uniao-de-familias\/"},"author":{"name":"Karen Bueno","@id":"https:\/\/schoenstatt.com\/pt-pt\/#\/schema\/person\/5158877ad4acae98b34daaeef2a1ce6e"},"headline":"Celebremos! A It\u00e1lia tem seu primeiro curso da Uni\u00e3o de Fam\u00edlias","datePublished":"2023-07-14T18:41:53+00:00","dateModified":"2025-05-15T23:42:50+00:00","mainEntityOfPage":{"@id":"https:\/\/schoenstatt.com\/pt-pt\/celebremos-a-italia-tem-seu-primeiro-curso-da-uniao-de-familias\/"},"wordCount":368,"publisher":{"@id":"https:\/\/schoenstatt.com\/pt-pt\/#organization"},"image":{"@id":"https:\/\/schoenstatt.com\/pt-pt\/celebremos-a-italia-tem-seu-primeiro-curso-da-uniao-de-familias\/#primaryimage"},"thumbnailUrl":"https:\/\/schoenstatt.com\/wp-content\/uploads\/2023\/07\/foto-consacrazione-federazione-italiana-giugno-2023-2-1.jpg","articleSection":["Comunidades de Schoenstatt","Fam\u00edlia","Pa\u00edses"],"inLanguage":"pt-PT"},{"@type":"WebPage","@id":"https:\/\/schoenstatt.com\/pt-pt\/celebremos-a-italia-tem-seu-primeiro-curso-da-uniao-de-familias\/","url":"https:\/\/schoenstatt.com\/pt-pt\/celebremos-a-italia-tem-seu-primeiro-curso-da-uniao-de-familias\/","name":"Celebremos! A It\u00e1lia tem seu primeiro curso da Uni\u00e3o de Fam\u00edlias","isPartOf":{"@id":"https:\/\/schoenstatt.com\/pt-pt\/#website"},"primaryImageOfPage":{"@id":"https:\/\/schoenstatt.com\/pt-pt\/celebremos-a-italia-tem-seu-primeiro-curso-da-uniao-de-familias\/#primaryimage"},"image":{"@id":"https:\/\/schoenstatt.com\/pt-pt\/celebremos-a-italia-tem-seu-primeiro-curso-da-uniao-de-familias\/#primaryimage"},"thumbnailUrl":"https:\/\/schoenstatt.com\/wp-content\/uploads\/2023\/07\/foto-consacrazione-federazione-italiana-giugno-2023-2-1.jpg","datePublished":"2023-07-14T18:41:53+00:00","dateModified":"2025-05-15T23:42:50+00:00","description":"Oito casais foram consagrados como membros da Uni\u00e3o de Fam\u00edlias de Schoenstatt na It\u00e1lia, no Santu\u00e1rio Cor Ecclesiae, em Roma.","breadcrumb":{"@id":"https:\/\/schoenstatt.com\/pt-pt\/celebremos-a-italia-tem-seu-primeiro-curso-da-uniao-de-familias\/#breadcrumb"},"inLanguage":"pt-PT","potentialAction":[{"@type":"ReadAction","target":["https:\/\/schoenstatt.com\/pt-pt\/celebremos-a-italia-tem-seu-primeiro-curso-da-uniao-de-familias\/"]}]},{"@type":"ImageObject","inLanguage":"pt-PT","@id":"https:\/\/schoenstatt.com\/pt-pt\/celebremos-a-italia-tem-seu-primeiro-curso-da-uniao-de-familias\/#primaryimage","url":"https:\/\/schoenstatt.com\/wp-content\/uploads\/2023\/07\/foto-consacrazione-federazione-italiana-giugno-2023-2-1.jpg","contentUrl":"https:\/\/schoenstatt.com\/wp-content\/uploads\/2023\/07\/foto-consacrazione-federazione-italiana-giugno-2023-2-1.jpg","width":1600,"height":1066,"caption":"Foto: Federaci\u00f3n de Familias de Schoenstatt en Italia"},{"@type":"BreadcrumbList","@id":"https:\/\/schoenstatt.com\/pt-pt\/celebremos-a-italia-tem-seu-primeiro-curso-da-uniao-de-familias\/#breadcrumb","itemListElement":[{"@type":"ListItem","position":1,"name":"Portada","item":"https:\/\/schoenstatt.com\/pt-pt\/home\/"},{"@type":"ListItem","position":2,"name":"Celebremos! A It\u00e1lia tem seu primeiro curso da Uni\u00e3o de Fam\u00edlias"}]},{"@type":"WebSite","@id":"https:\/\/schoenstatt.com\/pt-pt\/#website","url":"https:\/\/schoenstatt.com\/pt-pt\/","name":"Schoenstatt","description":"Apostolic Movement","publisher":{"@id":"https:\/\/schoenstatt.com\/pt-pt\/#organization"},"potentialAction":[{"@type":"SearchAction","target":{"@type":"EntryPoint","urlTemplate":"https:\/\/schoenstatt.com\/pt-pt\/?s={search_term_string}"},"query-input":{"@type":"PropertyValueSpecification","valueRequired":true,"valueName":"search_term_string"}}],"inLanguage":"pt-PT"},{"@type":"Organization","@id":"https:\/\/schoenstatt.com\/pt-pt\/#organization","name":"Schoenstatt","url":"https:\/\/schoenstatt.com\/pt-pt\/","logo":{"@type":"ImageObject","inLanguage":"pt-PT","@id":"https:\/\/schoenstatt.com\/pt-pt\/#\/schema\/logo\/image\/","url":"https:\/\/schoenstatt.com\/wp-content\/uploads\/2025\/04\/logo-schoenstatt-white-696x696-1.png","contentUrl":"https:\/\/schoenstatt.com\/wp-content\/uploads\/2025\/04\/logo-schoenstatt-white-696x696-1.png","width":696,"height":694,"caption":"Schoenstatt"},"image":{"@id":"https:\/\/schoenstatt.com\/pt-pt\/#\/schema\/logo\/image\/"}},{"@type":"Person","@id":"https:\/\/schoenstatt.com\/pt-pt\/#\/schema\/person\/5158877ad4acae98b34daaeef2a1ce6e","name":"Karen Bueno","image":{"@type":"ImageObject","inLanguage":"pt-PT","@id":"https:\/\/secure.gravatar.com\/avatar\/f9f4b823873154269d2b2130f195f6d41037dd0d7fc5f3cacb5c846bae70d66b?s=96&d=mm&r=g","url":"https:\/\/secure.gravatar.com\/avatar\/f9f4b823873154269d2b2130f195f6d41037dd0d7fc5f3cacb5c846bae70d66b?s=96&d=mm&r=g","contentUrl":"https:\/\/secure.gravatar.com\/avatar\/f9f4b823873154269d2b2130f195f6d41037dd0d7fc5f3cacb5c846bae70d66b?s=96&d=mm&r=g","caption":"Karen Bueno"},"url":"https:\/\/schoenstatt.com\/pt-pt\/author\/karen-bueno\/"}]}},"_links":{"self":[{"href":"https:\/\/schoenstatt.com\/pt-pt\/wp-json\/wp\/v2\/posts\/31325","targetHints":{"allow":["GET"]}}],"collection":[{"href":"https:\/\/schoenstatt.com\/pt-pt\/wp-json\/wp\/v2\/posts"}],"about":[{"href":"https:\/\/schoenstatt.com\/pt-pt\/wp-json\/wp\/v2\/types\/post"}],"author":[{"embeddable":true,"href":"https:\/\/schoenstatt.com\/pt-pt\/wp-json\/wp\/v2\/users\/3"}],"replies":[{"embeddable":true,"href":"https:\/\/schoenstatt.com\/pt-pt\/wp-json\/wp\/v2\/comments?post=31325"}],"version-history":[{"count":1,"href":"https:\/\/schoenstatt.com\/pt-pt\/wp-json\/wp\/v2\/posts\/31325\/revisions"}],"predecessor-version":[{"id":46100,"href":"https:\/\/schoenstatt.com\/pt-pt\/wp-json\/wp\/v2\/posts\/31325\/revisions\/46100"}],"wp:featuredmedia":[{"embeddable":true,"href":"https:\/\/schoenstatt.com\/pt-pt\/wp-json\/wp\/v2\/media\/31326"}],"wp:attachment":[{"href":"https:\/\/schoenstatt.com\/pt-pt\/wp-json\/wp\/v2\/media?parent=31325"}],"wp:term":[{"taxonomy":"category","embeddable":true,"href":"https:\/\/schoenstatt.com\/pt-pt\/wp-json\/wp\/v2\/categories?post=31325"},{"taxonomy":"post_tag","embeddable":true,"href":"https:\/\/schoenstatt.com\/pt-pt\/wp-json\/wp\/v2\/tags?post=31325"}],"curies":[{"name":"wp","href":"https:\/\/api.w.org\/{rel}","templated":true}]}}