{"id":30578,"date":"2023-05-08T20:38:15","date_gmt":"2023-05-08T18:38:15","guid":{"rendered":"https:\/\/schoenstatt.com\/espiritualidade\/leadership-in-difficult-times-based-on-faith-and-love\/"},"modified":"2025-05-16T00:15:31","modified_gmt":"2025-05-15T22:15:31","slug":"lideranca-para-tempos-dificeis-a-partir-da-fe-e-do-amor","status":"publish","type":"post","link":"https:\/\/schoenstatt.com\/pt-pt\/lideranca-para-tempos-dificeis-a-partir-da-fe-e-do-amor\/","title":{"rendered":"Lideran\u00e7a para tempos dif\u00edceis, a partir da f\u00e9 e do amor"},"content":{"rendered":"<p>O conselho da liga juntamente com os chefes das comunidades de monitores, grupos matrimoniais e de milit\u00e2ncia, e sob o nosso lema para o ano &#8220;<strong><em>Santu\u00e1rios Vivos oficina de\u00a0 Fam\u00edlias&#8221;<\/em> <\/strong>deixamos para tr\u00e1s a pandemia e superamos os medos da inseguran\u00e7a que existe no pa\u00eds, convencidos de que no nosso Santu\u00e1rio vamos construir e reparar o que for necess\u00e1rio nas nossas <a href=\"https:\/\/schoenstatt.com\/pt-pt\/espiritualidade\/congresso-internacional-da-obra-das-familias-ciof-paraguai-2023\/\">fam\u00edlias<\/a> para estes tempos conturbados<\/p>\n<figure id=\"attachment_30552\" aria-describedby=\"caption-attachment-30552\" style=\"width: 840px\" class=\"wp-caption alignnone\"><img fetchpriority=\"high\" decoding=\"async\" class=\"wp-image-30552 size-large\" src=\"https:\/\/schoenstatt.com\/wp-content\/uploads\/2023\/05\/Jornada-dirigentes-Ecuador3-1-1024x1024.jpg\" alt=\"Liga de Familias\" width=\"840\" height=\"840\" \/><figcaption id=\"caption-attachment-30552\" class=\"wp-caption-text\">P Felipe Rios- assessor<\/figcaption><\/figure>\n<h3>\u00a0Motiva\u00e7\u00e3o do Assessora<\/h3>\n<p>Ap\u00f3s compartilhar recomenda\u00e7\u00f5es de especialistas em seguran\u00e7a, nossa querida assessora, Irm\u00e3 Flavia Sommerhoff, nos lembrou que nossa f\u00e9 \u00e9 a \u00fanica fonte de seguran\u00e7a e que o desafio est\u00e1 em colocar nossa seguran\u00e7a em Deus nosso Pai, como fez nosso Pai fundador que deixou iluminar e guiar pelo Esp\u00edrito Santo, com uma f\u00e9 viva e vivida, heroica e vitoriosa, enquanto nosso conselheiro Padre Felipe R\u00edos nos animou a educar no amor nesta oficina familiar, porque \u00e9 a primeira escola de valores onde o bom uso da liberdade \u00e9 aprendida com experi\u00eancias positivas dos pais, construindo fam\u00edlias em comunh\u00e3o e solidariedade, educando com experi\u00eancias e recuperando tradi\u00e7\u00f5es e h\u00e1bitos positivos.<\/p>\n<p>&nbsp;<\/p>\n<h3>Guia de Chefes de Ramo<\/h3>\n<p>Por fim, os nossos Chefes de Ramo Fernando e Linda Arzube guiaram-nos na oficina de dirigentes onde os participantes, depois de identificados os pontos fortes, fracos, oportunidades e amea\u00e7as, e iluminados pelo nosso lema, partimos neste 2023 ouvindo as vozes de Deus e do tempo no meio da \u00e9poca em que temos de viver e das realidades que o mundo nos apresenta, com a oportunidade permanente de deixar a nossa marca no meio dela.<\/p>\n<h3><img decoding=\"async\" class=\"alignnone size-large wp-image-30560\" src=\"https:\/\/schoenstatt.com\/wp-content\/uploads\/2023\/05\/Jornada-dirigentes-Ecuador6-1024x1024.jpg\" alt=\"Jornada Dirigentes Ecuador\" width=\"840\" height=\"840\" \/><\/h3>\n<h3>Nosso compromisso: <a href=\"https:\/\/www.facebook.com\/LigaFamiliasSchoenstattGuayas\">&#8220;Santu\u00e1rios Vivos oficina de Fam\u00edlia&#8221;<\/a><\/h3>\n<p>Por isso, selamos nosso compromisso com a impress\u00e3o de nossas m\u00e3os em uma tela com o lema que nos acompanhar\u00e1 ao longo deste ano, para que esteja presente em todas as atividades da liga como lembran\u00e7a dos desejos e compromissos deste encontro.<\/p>\n<p><img decoding=\"async\" class=\"alignnone wp-image-30556 size-large\" src=\"https:\/\/schoenstatt.com\/wp-content\/uploads\/2023\/05\/Lema-Jornada-dirigentes-Ecuador4-1-1024x470.jpg\" alt=\"dirigentes desde la fe y el amor\" width=\"840\" height=\"386\" \/><\/p>\n<p style=\"font-size: 12px;\"><em>*Giancarlo y Sandra Carrozzini- Dirigentes da Liga de Fam\u00edlias de Guayas, Ecuador.<\/em><\/p>\n","protected":false},"excerpt":{"rendered":"<p>Reencontro, renova\u00e7\u00e3o, comunidade, foram palavras muito presentes em nossa Jornada inicial para Dirigentes da Liga de Fam\u00edlias de Guayas &#8211; Equador no \u00faltimo final de semana.<\/p>\n","protected":false},"author":6,"featured_media":30536,"comment_status":"closed","ping_status":"closed","sticky":false,"template":"","format":"standard","meta":{"footnotes":""},"categories":[908],"tags":[],"class_list":["post-30578","post","type-post","status-publish","format-standard","has-post-thumbnail","hentry","category-comunidades-de-schoenstatt-pt-pt"],"yoast_head":"<!-- This site is optimized with the Yoast SEO Premium plugin v27.4 (Yoast SEO v27.4) - https:\/\/yoast.com\/product\/yoast-seo-premium-wordpress\/ -->\n<title>Lideran\u00e7a para tempos dif\u00edceis, a partir da f\u00e9 e do amor - Schoenstatt<\/title>\n<meta name=\"description\" content=\"Reencontro, comunidade, foram palavras muito presentes em nossa Jornada inicial para Dirigentes da Liga de Fam\u00edlias de Guayas - Equador\" \/>\n<meta name=\"robots\" content=\"index, follow, max-snippet:-1, max-image-preview:large, max-video-preview:-1\" \/>\n<link rel=\"canonical\" href=\"https:\/\/schoenstatt.com\/pt-pt\/lideranca-para-tempos-dificeis-a-partir-da-fe-e-do-amor\/\" \/>\n<meta property=\"og:locale\" content=\"pt_PT\" \/>\n<meta property=\"og:type\" content=\"article\" \/>\n<meta property=\"og:title\" content=\"Lideran\u00e7a para tempos dif\u00edceis, a partir da f\u00e9 e do amor\" \/>\n<meta property=\"og:description\" content=\"Reencontro, comunidade, foram palavras muito presentes em nossa Jornada inicial para Dirigentes da Liga de Fam\u00edlias de Guayas - Equador\" \/>\n<meta property=\"og:url\" content=\"https:\/\/schoenstatt.com\/pt-pt\/lideranca-para-tempos-dificeis-a-partir-da-fe-e-do-amor\/\" \/>\n<meta property=\"og:site_name\" content=\"Schoenstatt\" \/>\n<meta property=\"article:published_time\" content=\"2023-05-08T18:38:15+00:00\" \/>\n<meta property=\"article:modified_time\" content=\"2025-05-15T22:15:31+00:00\" \/>\n<meta property=\"og:image\" content=\"https:\/\/schoenstatt.com\/wp-content\/uploads\/2023\/05\/Jornada-dirigentes-Ecuador1-1.jpg\" \/>\n\t<meta property=\"og:image:width\" content=\"1257\" \/>\n\t<meta property=\"og:image:height\" content=\"839\" \/>\n\t<meta property=\"og:image:type\" content=\"image\/jpeg\" \/>\n<meta name=\"author\" content=\"Vanessa Franke\" \/>\n<meta name=\"twitter:card\" content=\"summary_large_image\" \/>\n<meta name=\"twitter:label1\" content=\"Escrito por\" \/>\n\t<meta name=\"twitter:data1\" content=\"Vanessa Franke\" \/>\n\t<meta name=\"twitter:label2\" content=\"Tempo estimado de leitura\" \/>\n\t<meta name=\"twitter:data2\" content=\"3 minutos\" \/>\n<script type=\"application\/ld+json\" class=\"yoast-schema-graph\">{\"@context\":\"https:\\\/\\\/schema.org\",\"@graph\":[{\"@type\":\"Article\",\"@id\":\"https:\\\/\\\/schoenstatt.com\\\/pt-pt\\\/lideranca-para-tempos-dificeis-a-partir-da-fe-e-do-amor\\\/#article\",\"isPartOf\":{\"@id\":\"https:\\\/\\\/schoenstatt.com\\\/pt-pt\\\/lideranca-para-tempos-dificeis-a-partir-da-fe-e-do-amor\\\/\"},\"author\":{\"name\":\"Vanessa Franke\",\"@id\":\"https:\\\/\\\/schoenstatt.com\\\/pt-pt\\\/#\\\/schema\\\/person\\\/ea97a60c723e21c923e2177f0f3163f7\"},\"headline\":\"Lideran\u00e7a para tempos dif\u00edceis, a partir da f\u00e9 e do amor\",\"datePublished\":\"2023-05-08T18:38:15+00:00\",\"dateModified\":\"2025-05-15T22:15:31+00:00\",\"mainEntityOfPage\":{\"@id\":\"https:\\\/\\\/schoenstatt.com\\\/pt-pt\\\/lideranca-para-tempos-dificeis-a-partir-da-fe-e-do-amor\\\/\"},\"wordCount\":369,\"publisher\":{\"@id\":\"https:\\\/\\\/schoenstatt.com\\\/pt-pt\\\/#organization\"},\"image\":{\"@id\":\"https:\\\/\\\/schoenstatt.com\\\/pt-pt\\\/lideranca-para-tempos-dificeis-a-partir-da-fe-e-do-amor\\\/#primaryimage\"},\"thumbnailUrl\":\"https:\\\/\\\/schoenstatt.com\\\/wp-content\\\/uploads\\\/2023\\\/05\\\/Jornada-dirigentes-Ecuador1-1.jpg\",\"articleSection\":[\"Comunidades de Schoenstatt\"],\"inLanguage\":\"pt-PT\"},{\"@type\":\"WebPage\",\"@id\":\"https:\\\/\\\/schoenstatt.com\\\/pt-pt\\\/lideranca-para-tempos-dificeis-a-partir-da-fe-e-do-amor\\\/\",\"url\":\"https:\\\/\\\/schoenstatt.com\\\/pt-pt\\\/lideranca-para-tempos-dificeis-a-partir-da-fe-e-do-amor\\\/\",\"name\":\"Lideran\u00e7a para tempos dif\u00edceis, a partir da f\u00e9 e do amor - Schoenstatt\",\"isPartOf\":{\"@id\":\"https:\\\/\\\/schoenstatt.com\\\/pt-pt\\\/#website\"},\"primaryImageOfPage\":{\"@id\":\"https:\\\/\\\/schoenstatt.com\\\/pt-pt\\\/lideranca-para-tempos-dificeis-a-partir-da-fe-e-do-amor\\\/#primaryimage\"},\"image\":{\"@id\":\"https:\\\/\\\/schoenstatt.com\\\/pt-pt\\\/lideranca-para-tempos-dificeis-a-partir-da-fe-e-do-amor\\\/#primaryimage\"},\"thumbnailUrl\":\"https:\\\/\\\/schoenstatt.com\\\/wp-content\\\/uploads\\\/2023\\\/05\\\/Jornada-dirigentes-Ecuador1-1.jpg\",\"datePublished\":\"2023-05-08T18:38:15+00:00\",\"dateModified\":\"2025-05-15T22:15:31+00:00\",\"description\":\"Reencontro, comunidade, foram palavras muito presentes em nossa Jornada inicial para Dirigentes da Liga de Fam\u00edlias de Guayas - Equador\",\"breadcrumb\":{\"@id\":\"https:\\\/\\\/schoenstatt.com\\\/pt-pt\\\/lideranca-para-tempos-dificeis-a-partir-da-fe-e-do-amor\\\/#breadcrumb\"},\"inLanguage\":\"pt-PT\",\"potentialAction\":[{\"@type\":\"ReadAction\",\"target\":[\"https:\\\/\\\/schoenstatt.com\\\/pt-pt\\\/lideranca-para-tempos-dificeis-a-partir-da-fe-e-do-amor\\\/\"]}]},{\"@type\":\"ImageObject\",\"inLanguage\":\"pt-PT\",\"@id\":\"https:\\\/\\\/schoenstatt.com\\\/pt-pt\\\/lideranca-para-tempos-dificeis-a-partir-da-fe-e-do-amor\\\/#primaryimage\",\"url\":\"https:\\\/\\\/schoenstatt.com\\\/wp-content\\\/uploads\\\/2023\\\/05\\\/Jornada-dirigentes-Ecuador1-1.jpg\",\"contentUrl\":\"https:\\\/\\\/schoenstatt.com\\\/wp-content\\\/uploads\\\/2023\\\/05\\\/Jornada-dirigentes-Ecuador1-1.jpg\",\"width\":1257,\"height\":839,\"caption\":\"Dirigentes desde la fe y el amor\"},{\"@type\":\"BreadcrumbList\",\"@id\":\"https:\\\/\\\/schoenstatt.com\\\/pt-pt\\\/lideranca-para-tempos-dificeis-a-partir-da-fe-e-do-amor\\\/#breadcrumb\",\"itemListElement\":[{\"@type\":\"ListItem\",\"position\":1,\"name\":\"Portada\",\"item\":\"https:\\\/\\\/schoenstatt.com\\\/pt-pt\\\/home\\\/\"},{\"@type\":\"ListItem\",\"position\":2,\"name\":\"Lideran\u00e7a para tempos dif\u00edceis, a partir da f\u00e9 e do amor\"}]},{\"@type\":\"WebSite\",\"@id\":\"https:\\\/\\\/schoenstatt.com\\\/pt-pt\\\/#website\",\"url\":\"https:\\\/\\\/schoenstatt.com\\\/pt-pt\\\/\",\"name\":\"Schoenstatt\",\"description\":\"Apostolic Movement\",\"publisher\":{\"@id\":\"https:\\\/\\\/schoenstatt.com\\\/pt-pt\\\/#organization\"},\"potentialAction\":[{\"@type\":\"SearchAction\",\"target\":{\"@type\":\"EntryPoint\",\"urlTemplate\":\"https:\\\/\\\/schoenstatt.com\\\/pt-pt\\\/?s={search_term_string}\"},\"query-input\":{\"@type\":\"PropertyValueSpecification\",\"valueRequired\":true,\"valueName\":\"search_term_string\"}}],\"inLanguage\":\"pt-PT\"},{\"@type\":\"Organization\",\"@id\":\"https:\\\/\\\/schoenstatt.com\\\/pt-pt\\\/#organization\",\"name\":\"Schoenstatt\",\"url\":\"https:\\\/\\\/schoenstatt.com\\\/pt-pt\\\/\",\"logo\":{\"@type\":\"ImageObject\",\"inLanguage\":\"pt-PT\",\"@id\":\"https:\\\/\\\/schoenstatt.com\\\/pt-pt\\\/#\\\/schema\\\/logo\\\/image\\\/\",\"url\":\"https:\\\/\\\/schoenstatt.com\\\/wp-content\\\/uploads\\\/2025\\\/04\\\/logo-schoenstatt-white-696x696-1.png\",\"contentUrl\":\"https:\\\/\\\/schoenstatt.com\\\/wp-content\\\/uploads\\\/2025\\\/04\\\/logo-schoenstatt-white-696x696-1.png\",\"width\":696,\"height\":694,\"caption\":\"Schoenstatt\"},\"image\":{\"@id\":\"https:\\\/\\\/schoenstatt.com\\\/pt-pt\\\/#\\\/schema\\\/logo\\\/image\\\/\"}},{\"@type\":\"Person\",\"@id\":\"https:\\\/\\\/schoenstatt.com\\\/pt-pt\\\/#\\\/schema\\\/person\\\/ea97a60c723e21c923e2177f0f3163f7\",\"name\":\"Vanessa Franke\",\"image\":{\"@type\":\"ImageObject\",\"inLanguage\":\"pt-PT\",\"@id\":\"https:\\\/\\\/secure.gravatar.com\\\/avatar\\\/a9bcca3409928ccd3195eca11e2ccbb2e5d7c7912e9a945d4f326f81a0a5cb4a?s=96&d=mm&r=g\",\"url\":\"https:\\\/\\\/secure.gravatar.com\\\/avatar\\\/a9bcca3409928ccd3195eca11e2ccbb2e5d7c7912e9a945d4f326f81a0a5cb4a?s=96&d=mm&r=g\",\"contentUrl\":\"https:\\\/\\\/secure.gravatar.com\\\/avatar\\\/a9bcca3409928ccd3195eca11e2ccbb2e5d7c7912e9a945d4f326f81a0a5cb4a?s=96&d=mm&r=g\",\"caption\":\"Vanessa Franke\"},\"url\":\"https:\\\/\\\/schoenstatt.com\\\/pt-pt\\\/author\\\/vanessa-franke\\\/\"}]}<\/script>\n<!-- \/ Yoast SEO Premium plugin. -->","yoast_head_json":{"title":"Lideran\u00e7a para tempos dif\u00edceis, a partir da f\u00e9 e do amor - Schoenstatt","description":"Reencontro, comunidade, foram palavras muito presentes em nossa Jornada inicial para Dirigentes da Liga de Fam\u00edlias de Guayas - Equador","robots":{"index":"index","follow":"follow","max-snippet":"max-snippet:-1","max-image-preview":"max-image-preview:large","max-video-preview":"max-video-preview:-1"},"canonical":"https:\/\/schoenstatt.com\/pt-pt\/lideranca-para-tempos-dificeis-a-partir-da-fe-e-do-amor\/","og_locale":"pt_PT","og_type":"article","og_title":"Lideran\u00e7a para tempos dif\u00edceis, a partir da f\u00e9 e do amor","og_description":"Reencontro, comunidade, foram palavras muito presentes em nossa Jornada inicial para Dirigentes da Liga de Fam\u00edlias de Guayas - Equador","og_url":"https:\/\/schoenstatt.com\/pt-pt\/lideranca-para-tempos-dificeis-a-partir-da-fe-e-do-amor\/","og_site_name":"Schoenstatt","article_published_time":"2023-05-08T18:38:15+00:00","article_modified_time":"2025-05-15T22:15:31+00:00","og_image":[{"width":1257,"height":839,"url":"https:\/\/schoenstatt.com\/wp-content\/uploads\/2023\/05\/Jornada-dirigentes-Ecuador1-1.jpg","type":"image\/jpeg"}],"author":"Vanessa Franke","twitter_card":"summary_large_image","twitter_misc":{"Escrito por":"Vanessa Franke","Tempo estimado de leitura":"3 minutos"},"schema":{"@context":"https:\/\/schema.org","@graph":[{"@type":"Article","@id":"https:\/\/schoenstatt.com\/pt-pt\/lideranca-para-tempos-dificeis-a-partir-da-fe-e-do-amor\/#article","isPartOf":{"@id":"https:\/\/schoenstatt.com\/pt-pt\/lideranca-para-tempos-dificeis-a-partir-da-fe-e-do-amor\/"},"author":{"name":"Vanessa Franke","@id":"https:\/\/schoenstatt.com\/pt-pt\/#\/schema\/person\/ea97a60c723e21c923e2177f0f3163f7"},"headline":"Lideran\u00e7a para tempos dif\u00edceis, a partir da f\u00e9 e do amor","datePublished":"2023-05-08T18:38:15+00:00","dateModified":"2025-05-15T22:15:31+00:00","mainEntityOfPage":{"@id":"https:\/\/schoenstatt.com\/pt-pt\/lideranca-para-tempos-dificeis-a-partir-da-fe-e-do-amor\/"},"wordCount":369,"publisher":{"@id":"https:\/\/schoenstatt.com\/pt-pt\/#organization"},"image":{"@id":"https:\/\/schoenstatt.com\/pt-pt\/lideranca-para-tempos-dificeis-a-partir-da-fe-e-do-amor\/#primaryimage"},"thumbnailUrl":"https:\/\/schoenstatt.com\/wp-content\/uploads\/2023\/05\/Jornada-dirigentes-Ecuador1-1.jpg","articleSection":["Comunidades de Schoenstatt"],"inLanguage":"pt-PT"},{"@type":"WebPage","@id":"https:\/\/schoenstatt.com\/pt-pt\/lideranca-para-tempos-dificeis-a-partir-da-fe-e-do-amor\/","url":"https:\/\/schoenstatt.com\/pt-pt\/lideranca-para-tempos-dificeis-a-partir-da-fe-e-do-amor\/","name":"Lideran\u00e7a para tempos dif\u00edceis, a partir da f\u00e9 e do amor - Schoenstatt","isPartOf":{"@id":"https:\/\/schoenstatt.com\/pt-pt\/#website"},"primaryImageOfPage":{"@id":"https:\/\/schoenstatt.com\/pt-pt\/lideranca-para-tempos-dificeis-a-partir-da-fe-e-do-amor\/#primaryimage"},"image":{"@id":"https:\/\/schoenstatt.com\/pt-pt\/lideranca-para-tempos-dificeis-a-partir-da-fe-e-do-amor\/#primaryimage"},"thumbnailUrl":"https:\/\/schoenstatt.com\/wp-content\/uploads\/2023\/05\/Jornada-dirigentes-Ecuador1-1.jpg","datePublished":"2023-05-08T18:38:15+00:00","dateModified":"2025-05-15T22:15:31+00:00","description":"Reencontro, comunidade, foram palavras muito presentes em nossa Jornada inicial para Dirigentes da Liga de Fam\u00edlias de Guayas - Equador","breadcrumb":{"@id":"https:\/\/schoenstatt.com\/pt-pt\/lideranca-para-tempos-dificeis-a-partir-da-fe-e-do-amor\/#breadcrumb"},"inLanguage":"pt-PT","potentialAction":[{"@type":"ReadAction","target":["https:\/\/schoenstatt.com\/pt-pt\/lideranca-para-tempos-dificeis-a-partir-da-fe-e-do-amor\/"]}]},{"@type":"ImageObject","inLanguage":"pt-PT","@id":"https:\/\/schoenstatt.com\/pt-pt\/lideranca-para-tempos-dificeis-a-partir-da-fe-e-do-amor\/#primaryimage","url":"https:\/\/schoenstatt.com\/wp-content\/uploads\/2023\/05\/Jornada-dirigentes-Ecuador1-1.jpg","contentUrl":"https:\/\/schoenstatt.com\/wp-content\/uploads\/2023\/05\/Jornada-dirigentes-Ecuador1-1.jpg","width":1257,"height":839,"caption":"Dirigentes desde la fe y el amor"},{"@type":"BreadcrumbList","@id":"https:\/\/schoenstatt.com\/pt-pt\/lideranca-para-tempos-dificeis-a-partir-da-fe-e-do-amor\/#breadcrumb","itemListElement":[{"@type":"ListItem","position":1,"name":"Portada","item":"https:\/\/schoenstatt.com\/pt-pt\/home\/"},{"@type":"ListItem","position":2,"name":"Lideran\u00e7a para tempos dif\u00edceis, a partir da f\u00e9 e do amor"}]},{"@type":"WebSite","@id":"https:\/\/schoenstatt.com\/pt-pt\/#website","url":"https:\/\/schoenstatt.com\/pt-pt\/","name":"Schoenstatt","description":"Apostolic Movement","publisher":{"@id":"https:\/\/schoenstatt.com\/pt-pt\/#organization"},"potentialAction":[{"@type":"SearchAction","target":{"@type":"EntryPoint","urlTemplate":"https:\/\/schoenstatt.com\/pt-pt\/?s={search_term_string}"},"query-input":{"@type":"PropertyValueSpecification","valueRequired":true,"valueName":"search_term_string"}}],"inLanguage":"pt-PT"},{"@type":"Organization","@id":"https:\/\/schoenstatt.com\/pt-pt\/#organization","name":"Schoenstatt","url":"https:\/\/schoenstatt.com\/pt-pt\/","logo":{"@type":"ImageObject","inLanguage":"pt-PT","@id":"https:\/\/schoenstatt.com\/pt-pt\/#\/schema\/logo\/image\/","url":"https:\/\/schoenstatt.com\/wp-content\/uploads\/2025\/04\/logo-schoenstatt-white-696x696-1.png","contentUrl":"https:\/\/schoenstatt.com\/wp-content\/uploads\/2025\/04\/logo-schoenstatt-white-696x696-1.png","width":696,"height":694,"caption":"Schoenstatt"},"image":{"@id":"https:\/\/schoenstatt.com\/pt-pt\/#\/schema\/logo\/image\/"}},{"@type":"Person","@id":"https:\/\/schoenstatt.com\/pt-pt\/#\/schema\/person\/ea97a60c723e21c923e2177f0f3163f7","name":"Vanessa Franke","image":{"@type":"ImageObject","inLanguage":"pt-PT","@id":"https:\/\/secure.gravatar.com\/avatar\/a9bcca3409928ccd3195eca11e2ccbb2e5d7c7912e9a945d4f326f81a0a5cb4a?s=96&d=mm&r=g","url":"https:\/\/secure.gravatar.com\/avatar\/a9bcca3409928ccd3195eca11e2ccbb2e5d7c7912e9a945d4f326f81a0a5cb4a?s=96&d=mm&r=g","contentUrl":"https:\/\/secure.gravatar.com\/avatar\/a9bcca3409928ccd3195eca11e2ccbb2e5d7c7912e9a945d4f326f81a0a5cb4a?s=96&d=mm&r=g","caption":"Vanessa Franke"},"url":"https:\/\/schoenstatt.com\/pt-pt\/author\/vanessa-franke\/"}]}},"_links":{"self":[{"href":"https:\/\/schoenstatt.com\/pt-pt\/wp-json\/wp\/v2\/posts\/30578","targetHints":{"allow":["GET"]}}],"collection":[{"href":"https:\/\/schoenstatt.com\/pt-pt\/wp-json\/wp\/v2\/posts"}],"about":[{"href":"https:\/\/schoenstatt.com\/pt-pt\/wp-json\/wp\/v2\/types\/post"}],"author":[{"embeddable":true,"href":"https:\/\/schoenstatt.com\/pt-pt\/wp-json\/wp\/v2\/users\/6"}],"replies":[{"embeddable":true,"href":"https:\/\/schoenstatt.com\/pt-pt\/wp-json\/wp\/v2\/comments?post=30578"}],"version-history":[{"count":1,"href":"https:\/\/schoenstatt.com\/pt-pt\/wp-json\/wp\/v2\/posts\/30578\/revisions"}],"predecessor-version":[{"id":46010,"href":"https:\/\/schoenstatt.com\/pt-pt\/wp-json\/wp\/v2\/posts\/30578\/revisions\/46010"}],"wp:featuredmedia":[{"embeddable":true,"href":"https:\/\/schoenstatt.com\/pt-pt\/wp-json\/wp\/v2\/media\/30536"}],"wp:attachment":[{"href":"https:\/\/schoenstatt.com\/pt-pt\/wp-json\/wp\/v2\/media?parent=30578"}],"wp:term":[{"taxonomy":"category","embeddable":true,"href":"https:\/\/schoenstatt.com\/pt-pt\/wp-json\/wp\/v2\/categories?post=30578"},{"taxonomy":"post_tag","embeddable":true,"href":"https:\/\/schoenstatt.com\/pt-pt\/wp-json\/wp\/v2\/tags?post=30578"}],"curies":[{"name":"wp","href":"https:\/\/api.w.org\/{rel}","templated":true}]}}