{"id":30402,"date":"2023-05-07T18:00:20","date_gmt":"2023-05-07T16:00:20","guid":{"rendered":"https:\/\/schoenstatt.com\/?p=30402"},"modified":"2025-05-16T00:15:32","modified_gmt":"2025-05-15T22:15:32","slug":"no-brasil-consolida-se-a-liga-apostolica-dos-diaconos-de-schoenstatt","status":"publish","type":"post","link":"https:\/\/schoenstatt.com\/pt-pt\/no-brasil-consolida-se-a-liga-apostolica-dos-diaconos-de-schoenstatt\/","title":{"rendered":"No Brasil consolida-se a Liga Apost\u00f3lica dos Di\u00e1conos de Schoenstatt"},"content":{"rendered":"<p>A funda\u00e7\u00e3o oficial se deu no dia 23 de abril de 2023. Nessa ocasi\u00e3o, seis Di\u00e1conos de Schoenstatt estiveram reunidos no Santu\u00e1rio de Araraquara, estado de S\u00e3o Paulo, com seu assessor, o Pe. Vandemir Meister.<\/p>\n<p><em>\u201cO atual e \u00fanico grupo de di\u00e1conos no Brasil j\u00e1 em uma caminhada de aproximadamente 5 anos<\/em>\u201d, conta o Di\u00e1cono Tiago Sartori, agora membro do <a href=\"https:\/\/schoenstatt.org.br\/2023\/04\/27\/a-familia-de-schoenstatt-cresce-consolida-se-a-liga-dos-diaconos\/\">Ramo<\/a>.<\/p>\n<h3>Conhecendo a estrutura da Obra<\/h3>\n<p>Pe. Vandemir explicou ao grupo, em detalhes, como se d\u00e1 a Organiza\u00e7\u00e3o e Estrutura do Movimento Apost\u00f3lico de Schoenstatt. Falou de suas diversas inst\u00e2ncias, desde a <a href=\"https:\/\/schoenstatt.com\/pt-pt\/igreja\/a-sinodalidade-na-obra-de-schoenstatt\/\">Presid\u00eancia Internacional<\/a> e Nacional, at\u00e9 o Diretor Nacional e os Diretores Regionais, e tamb\u00e9m os Conselhos Locais da Fam\u00edlia de Schoenstatt. Pe. Vandemir tamb\u00e9m mencionou a diferen\u00e7a entre membros e cooperadores da Liga Apost\u00f3lica, as quatro colunas que comp\u00f5em a Obra de Schoenstatt e o estado de vida de cada uma delas.<\/p>\n<p>Em seguida, o assessor \u201cconvidou os di\u00e1conos a refletirem qual seria o campo de perten\u00e7a do atual grupo na estrutura do Movimento Apost\u00f3lico. Foi claro o consenso de que este grupo \u00e9 fundacional, constituindo o Ramo da Liga dos Di\u00e1conos Permanentes,\u201d partilha o Di\u00e1c. Tiago.<\/p>\n<h3>Identidade e miss\u00e3o do novo Ramo<\/h3>\n<p>Com a funda\u00e7\u00e3o consolidada, o segundo dia do evento foi dedicado a buscar uma identidade e miss\u00e3o para o novo ramo. Tiago diz que os participantes desse momento hist\u00f3rico rezaram, refletiram e chegaram a algumas defini\u00e7\u00f5es:<\/p>\n<p>\u2013 <strong>Nome de identidade do Ramo:<\/strong> LIGA APOST\u00d3LICA DOS DI\u00c1CONOS DE SCHOENSTATT<\/p>\n<p>\u2013 <strong>Patrono<\/strong>: Di\u00e1cono Jo\u00e3o Luiz Pozzobon<\/p>\n<p>\u2013 <strong>Logotipo<\/strong>:<\/p>\n<p><img decoding=\"async\" class=\"aligncenter wp-image-30403 size-full\" src=\"https:\/\/schoenstatt.com\/wp-content\/uploads\/2023\/05\/LOGO.png\" alt=\"liga de di\u00e1conos de Schoenstatt\" width=\"193\" height=\"188\" \/><\/p>\n<p>\u2013 <strong>S\u00edmbolo<\/strong>:<\/p>\n<p><img fetchpriority=\"high\" decoding=\"async\" class=\"size-medium wp-image-30407 aligncenter\" src=\"https:\/\/schoenstatt.com\/wp-content\/uploads\/2023\/05\/SIMBOLO-225x300.png\" alt=\"\" width=\"225\" height=\"300\" \/><\/p>\n<p>&nbsp;<\/p>\n<p>Segundo Tiago,<\/p>\n<blockquote><p>\u201co itiner\u00e1rio de forma\u00e7\u00e3o e a defini\u00e7\u00e3o clara da miss\u00e3o \u00e9 tarefa imediata para esta primeira gera\u00e7\u00e3o. O nome desse grupo fundador e a ora\u00e7\u00e3o do grupo ser\u00e3o ainda trabalhados, durante a caminhada de 2023\u201d.<\/p><\/blockquote>\n<p>Para isso, eles se reunir\u00e3o a cada duas semanas, usando plataformas online, e a cada bimestre ter\u00e3o o encontro presencial.<\/p>\n<p>Inicialmente o foco do grupo estar\u00e1 na constru\u00e7\u00e3o do Ramo dos Di\u00e1conos de Schoenstatt, desenvolvendo a m\u00edstica e ajustando o itiner\u00e1rio de forma\u00e7\u00e3o. A Liga dos Di\u00e1conos trabalhar\u00e1 sua miss\u00e3o em duas vertentes:<\/p>\n<ul>\n<li>a primeira no crescimento e expans\u00e3o do Ramo com a cria\u00e7\u00e3o de novos grupos;<\/li>\n<li>a segunda na divulga\u00e7\u00e3o do Patrono, Di\u00e1c. Jo\u00e3o Luiz Pozzobon.<\/li>\n<\/ul>\n<p>Dentro da estrutura da Obra, esse novo Ramo pertence \u00e0 Coluna Sacerdotal e ser\u00e1 acompanhado pela Central Nacional do Movimento, por meio do Padre Assessor, que faz parte do Instituto dos Padres de Schoenstatt.<\/p>\n<p>O grupo \u00e9 formado por 8 di\u00e1conos, de 3 dioceses:<\/p>\n<ul>\n<li>Di\u00e1c. Antonio Sergio Vendramin \u2013 Diocese de S\u00e3o Carlos\/SP<\/li>\n<li>Di\u00e1c. Cleber Lucas Germano, Di\u00e1c. Eduardo Cavalin Alves e Di\u00e1c. Marcos Antonio Vieira \u2013 Arquidiocese de Ribeir\u00e3o Preto\/SP<\/li>\n<li>Di\u00e1c. Jo\u00e3o Morato Filho, Di\u00e1c. Sergio Clemente Ferreira Jr, Di\u00e1c. Sidneis Aparecido Rodolffi e Di\u00e1c. Tiago Sartori Costa \u2013 Diocese de Jaboticabal\/SP.<\/li>\n<\/ul>\n<blockquote><p>\u201cTamb\u00e9m deixamos o convite aos di\u00e1conos que quiserem conhecer um pouco mais sobre o movimento e o ramo, venham fazer parte! (<a href=\"mailto:rdschoenstatt@gmail.com\">rdschoenstatt@gmail.com<\/a>)\u201d,<\/p><\/blockquote>\n<p>conclui o Di\u00e1cono Tiago.<\/p>\n","protected":false},"excerpt":{"rendered":"<p>Quando nasce o novo membro de uma fam\u00edlia, a alegria toma conta e ilumina a vida de todos. Da mesma forma, a Fam\u00edlia de Schoenstatt do Brasil experimenta essa alegria com a consolida\u00e7\u00e3o de um novo ramo no Movimento: a Liga Apost\u00f3lica dos Di\u00e1conos de Schoenstatt.<\/p>\n","protected":false},"author":3,"featured_media":30411,"comment_status":"closed","ping_status":"closed","sticky":false,"template":"","format":"standard","meta":{"footnotes":""},"categories":[908],"tags":[],"class_list":["post-30402","post","type-post","status-publish","format-standard","has-post-thumbnail","hentry","category-comunidades-de-schoenstatt-pt-pt"],"yoast_head":"<!-- This site is optimized with the Yoast SEO Premium plugin v27.4 (Yoast SEO v27.4) - https:\/\/yoast.com\/product\/yoast-seo-premium-wordpress\/ -->\n<title>No Brasil consolida-se a Liga Apost\u00f3lica dos Di\u00e1conos de Schoenstatt<\/title>\n<meta name=\"description\" content=\"O Movimento de Schoenstatt ganha um novo ramo no Brasil: a Liga dos Di\u00e1conos de Schoenstatt. A funda\u00e7\u00e3o oficial se deu no dia 23 de abril.\" \/>\n<meta name=\"robots\" content=\"index, follow, max-snippet:-1, max-image-preview:large, max-video-preview:-1\" \/>\n<link rel=\"canonical\" href=\"https:\/\/schoenstatt.com\/pt-pt\/no-brasil-consolida-se-a-liga-apostolica-dos-diaconos-de-schoenstatt\/\" \/>\n<meta property=\"og:locale\" content=\"pt_PT\" \/>\n<meta property=\"og:type\" content=\"article\" \/>\n<meta property=\"og:title\" content=\"No Brasil consolida-se a Liga Apost\u00f3lica dos Di\u00e1conos de Schoenstatt\" \/>\n<meta property=\"og:description\" content=\"O Movimento de Schoenstatt ganha um novo ramo no Brasil: a Liga dos Di\u00e1conos de Schoenstatt. A funda\u00e7\u00e3o oficial se deu no dia 23 de abril.\" \/>\n<meta property=\"og:url\" content=\"https:\/\/schoenstatt.com\/pt-pt\/no-brasil-consolida-se-a-liga-apostolica-dos-diaconos-de-schoenstatt\/\" \/>\n<meta property=\"og:site_name\" content=\"Schoenstatt\" \/>\n<meta property=\"article:published_time\" content=\"2023-05-07T16:00:20+00:00\" \/>\n<meta property=\"article:modified_time\" content=\"2025-05-15T22:15:32+00:00\" \/>\n<meta property=\"og:image\" content=\"https:\/\/schoenstatt.com\/wp-content\/uploads\/2023\/05\/liga-dos-diaconos-1.jpeg\" \/>\n\t<meta property=\"og:image:width\" content=\"1156\" \/>\n\t<meta property=\"og:image:height\" content=\"867\" \/>\n\t<meta property=\"og:image:type\" content=\"image\/jpeg\" \/>\n<meta name=\"author\" content=\"Karen Bueno\" \/>\n<meta name=\"twitter:card\" content=\"summary_large_image\" \/>\n<meta name=\"twitter:label1\" content=\"Escrito por\" \/>\n\t<meta name=\"twitter:data1\" content=\"Karen Bueno\" \/>\n\t<meta name=\"twitter:label2\" content=\"Tempo estimado de leitura\" \/>\n\t<meta name=\"twitter:data2\" content=\"3 minutos\" \/>\n<script type=\"application\/ld+json\" class=\"yoast-schema-graph\">{\"@context\":\"https:\\\/\\\/schema.org\",\"@graph\":[{\"@type\":\"Article\",\"@id\":\"https:\\\/\\\/schoenstatt.com\\\/pt-pt\\\/no-brasil-consolida-se-a-liga-apostolica-dos-diaconos-de-schoenstatt\\\/#article\",\"isPartOf\":{\"@id\":\"https:\\\/\\\/schoenstatt.com\\\/pt-pt\\\/no-brasil-consolida-se-a-liga-apostolica-dos-diaconos-de-schoenstatt\\\/\"},\"author\":{\"name\":\"Karen Bueno\",\"@id\":\"https:\\\/\\\/schoenstatt.com\\\/pt-pt\\\/#\\\/schema\\\/person\\\/5158877ad4acae98b34daaeef2a1ce6e\"},\"headline\":\"No Brasil consolida-se a Liga Apost\u00f3lica dos Di\u00e1conos de Schoenstatt\",\"datePublished\":\"2023-05-07T16:00:20+00:00\",\"dateModified\":\"2025-05-15T22:15:32+00:00\",\"mainEntityOfPage\":{\"@id\":\"https:\\\/\\\/schoenstatt.com\\\/pt-pt\\\/no-brasil-consolida-se-a-liga-apostolica-dos-diaconos-de-schoenstatt\\\/\"},\"wordCount\":555,\"publisher\":{\"@id\":\"https:\\\/\\\/schoenstatt.com\\\/pt-pt\\\/#organization\"},\"image\":{\"@id\":\"https:\\\/\\\/schoenstatt.com\\\/pt-pt\\\/no-brasil-consolida-se-a-liga-apostolica-dos-diaconos-de-schoenstatt\\\/#primaryimage\"},\"thumbnailUrl\":\"https:\\\/\\\/schoenstatt.com\\\/wp-content\\\/uploads\\\/2023\\\/05\\\/liga-dos-diaconos-1.jpeg\",\"articleSection\":[\"Comunidades de Schoenstatt\"],\"inLanguage\":\"pt-PT\"},{\"@type\":\"WebPage\",\"@id\":\"https:\\\/\\\/schoenstatt.com\\\/pt-pt\\\/no-brasil-consolida-se-a-liga-apostolica-dos-diaconos-de-schoenstatt\\\/\",\"url\":\"https:\\\/\\\/schoenstatt.com\\\/pt-pt\\\/no-brasil-consolida-se-a-liga-apostolica-dos-diaconos-de-schoenstatt\\\/\",\"name\":\"No Brasil consolida-se a Liga Apost\u00f3lica dos Di\u00e1conos de Schoenstatt\",\"isPartOf\":{\"@id\":\"https:\\\/\\\/schoenstatt.com\\\/pt-pt\\\/#website\"},\"primaryImageOfPage\":{\"@id\":\"https:\\\/\\\/schoenstatt.com\\\/pt-pt\\\/no-brasil-consolida-se-a-liga-apostolica-dos-diaconos-de-schoenstatt\\\/#primaryimage\"},\"image\":{\"@id\":\"https:\\\/\\\/schoenstatt.com\\\/pt-pt\\\/no-brasil-consolida-se-a-liga-apostolica-dos-diaconos-de-schoenstatt\\\/#primaryimage\"},\"thumbnailUrl\":\"https:\\\/\\\/schoenstatt.com\\\/wp-content\\\/uploads\\\/2023\\\/05\\\/liga-dos-diaconos-1.jpeg\",\"datePublished\":\"2023-05-07T16:00:20+00:00\",\"dateModified\":\"2025-05-15T22:15:32+00:00\",\"description\":\"O Movimento de Schoenstatt ganha um novo ramo no Brasil: a Liga dos Di\u00e1conos de Schoenstatt. A funda\u00e7\u00e3o oficial se deu no dia 23 de abril.\",\"breadcrumb\":{\"@id\":\"https:\\\/\\\/schoenstatt.com\\\/pt-pt\\\/no-brasil-consolida-se-a-liga-apostolica-dos-diaconos-de-schoenstatt\\\/#breadcrumb\"},\"inLanguage\":\"pt-PT\",\"potentialAction\":[{\"@type\":\"ReadAction\",\"target\":[\"https:\\\/\\\/schoenstatt.com\\\/pt-pt\\\/no-brasil-consolida-se-a-liga-apostolica-dos-diaconos-de-schoenstatt\\\/\"]}]},{\"@type\":\"ImageObject\",\"inLanguage\":\"pt-PT\",\"@id\":\"https:\\\/\\\/schoenstatt.com\\\/pt-pt\\\/no-brasil-consolida-se-a-liga-apostolica-dos-diaconos-de-schoenstatt\\\/#primaryimage\",\"url\":\"https:\\\/\\\/schoenstatt.com\\\/wp-content\\\/uploads\\\/2023\\\/05\\\/liga-dos-diaconos-1.jpeg\",\"contentUrl\":\"https:\\\/\\\/schoenstatt.com\\\/wp-content\\\/uploads\\\/2023\\\/05\\\/liga-dos-diaconos-1.jpeg\",\"width\":1156,\"height\":867,\"caption\":\"di\u00e1conos de schoenstatt\"},{\"@type\":\"BreadcrumbList\",\"@id\":\"https:\\\/\\\/schoenstatt.com\\\/pt-pt\\\/no-brasil-consolida-se-a-liga-apostolica-dos-diaconos-de-schoenstatt\\\/#breadcrumb\",\"itemListElement\":[{\"@type\":\"ListItem\",\"position\":1,\"name\":\"Portada\",\"item\":\"https:\\\/\\\/schoenstatt.com\\\/pt-pt\\\/home\\\/\"},{\"@type\":\"ListItem\",\"position\":2,\"name\":\"No Brasil consolida-se a Liga Apost\u00f3lica dos Di\u00e1conos de Schoenstatt\"}]},{\"@type\":\"WebSite\",\"@id\":\"https:\\\/\\\/schoenstatt.com\\\/pt-pt\\\/#website\",\"url\":\"https:\\\/\\\/schoenstatt.com\\\/pt-pt\\\/\",\"name\":\"Schoenstatt\",\"description\":\"Apostolic Movement\",\"publisher\":{\"@id\":\"https:\\\/\\\/schoenstatt.com\\\/pt-pt\\\/#organization\"},\"potentialAction\":[{\"@type\":\"SearchAction\",\"target\":{\"@type\":\"EntryPoint\",\"urlTemplate\":\"https:\\\/\\\/schoenstatt.com\\\/pt-pt\\\/?s={search_term_string}\"},\"query-input\":{\"@type\":\"PropertyValueSpecification\",\"valueRequired\":true,\"valueName\":\"search_term_string\"}}],\"inLanguage\":\"pt-PT\"},{\"@type\":\"Organization\",\"@id\":\"https:\\\/\\\/schoenstatt.com\\\/pt-pt\\\/#organization\",\"name\":\"Schoenstatt\",\"url\":\"https:\\\/\\\/schoenstatt.com\\\/pt-pt\\\/\",\"logo\":{\"@type\":\"ImageObject\",\"inLanguage\":\"pt-PT\",\"@id\":\"https:\\\/\\\/schoenstatt.com\\\/pt-pt\\\/#\\\/schema\\\/logo\\\/image\\\/\",\"url\":\"https:\\\/\\\/schoenstatt.com\\\/wp-content\\\/uploads\\\/2025\\\/04\\\/logo-schoenstatt-white-696x696-1.png\",\"contentUrl\":\"https:\\\/\\\/schoenstatt.com\\\/wp-content\\\/uploads\\\/2025\\\/04\\\/logo-schoenstatt-white-696x696-1.png\",\"width\":696,\"height\":694,\"caption\":\"Schoenstatt\"},\"image\":{\"@id\":\"https:\\\/\\\/schoenstatt.com\\\/pt-pt\\\/#\\\/schema\\\/logo\\\/image\\\/\"}},{\"@type\":\"Person\",\"@id\":\"https:\\\/\\\/schoenstatt.com\\\/pt-pt\\\/#\\\/schema\\\/person\\\/5158877ad4acae98b34daaeef2a1ce6e\",\"name\":\"Karen Bueno\",\"image\":{\"@type\":\"ImageObject\",\"inLanguage\":\"pt-PT\",\"@id\":\"https:\\\/\\\/secure.gravatar.com\\\/avatar\\\/f9f4b823873154269d2b2130f195f6d41037dd0d7fc5f3cacb5c846bae70d66b?s=96&d=mm&r=g\",\"url\":\"https:\\\/\\\/secure.gravatar.com\\\/avatar\\\/f9f4b823873154269d2b2130f195f6d41037dd0d7fc5f3cacb5c846bae70d66b?s=96&d=mm&r=g\",\"contentUrl\":\"https:\\\/\\\/secure.gravatar.com\\\/avatar\\\/f9f4b823873154269d2b2130f195f6d41037dd0d7fc5f3cacb5c846bae70d66b?s=96&d=mm&r=g\",\"caption\":\"Karen Bueno\"},\"url\":\"https:\\\/\\\/schoenstatt.com\\\/pt-pt\\\/author\\\/karen-bueno\\\/\"}]}<\/script>\n<!-- \/ Yoast SEO Premium plugin. -->","yoast_head_json":{"title":"No Brasil consolida-se a Liga Apost\u00f3lica dos Di\u00e1conos de Schoenstatt","description":"O Movimento de Schoenstatt ganha um novo ramo no Brasil: a Liga dos Di\u00e1conos de Schoenstatt. A funda\u00e7\u00e3o oficial se deu no dia 23 de abril.","robots":{"index":"index","follow":"follow","max-snippet":"max-snippet:-1","max-image-preview":"max-image-preview:large","max-video-preview":"max-video-preview:-1"},"canonical":"https:\/\/schoenstatt.com\/pt-pt\/no-brasil-consolida-se-a-liga-apostolica-dos-diaconos-de-schoenstatt\/","og_locale":"pt_PT","og_type":"article","og_title":"No Brasil consolida-se a Liga Apost\u00f3lica dos Di\u00e1conos de Schoenstatt","og_description":"O Movimento de Schoenstatt ganha um novo ramo no Brasil: a Liga dos Di\u00e1conos de Schoenstatt. A funda\u00e7\u00e3o oficial se deu no dia 23 de abril.","og_url":"https:\/\/schoenstatt.com\/pt-pt\/no-brasil-consolida-se-a-liga-apostolica-dos-diaconos-de-schoenstatt\/","og_site_name":"Schoenstatt","article_published_time":"2023-05-07T16:00:20+00:00","article_modified_time":"2025-05-15T22:15:32+00:00","og_image":[{"width":1156,"height":867,"url":"https:\/\/schoenstatt.com\/wp-content\/uploads\/2023\/05\/liga-dos-diaconos-1.jpeg","type":"image\/jpeg"}],"author":"Karen Bueno","twitter_card":"summary_large_image","twitter_misc":{"Escrito por":"Karen Bueno","Tempo estimado de leitura":"3 minutos"},"schema":{"@context":"https:\/\/schema.org","@graph":[{"@type":"Article","@id":"https:\/\/schoenstatt.com\/pt-pt\/no-brasil-consolida-se-a-liga-apostolica-dos-diaconos-de-schoenstatt\/#article","isPartOf":{"@id":"https:\/\/schoenstatt.com\/pt-pt\/no-brasil-consolida-se-a-liga-apostolica-dos-diaconos-de-schoenstatt\/"},"author":{"name":"Karen Bueno","@id":"https:\/\/schoenstatt.com\/pt-pt\/#\/schema\/person\/5158877ad4acae98b34daaeef2a1ce6e"},"headline":"No Brasil consolida-se a Liga Apost\u00f3lica dos Di\u00e1conos de Schoenstatt","datePublished":"2023-05-07T16:00:20+00:00","dateModified":"2025-05-15T22:15:32+00:00","mainEntityOfPage":{"@id":"https:\/\/schoenstatt.com\/pt-pt\/no-brasil-consolida-se-a-liga-apostolica-dos-diaconos-de-schoenstatt\/"},"wordCount":555,"publisher":{"@id":"https:\/\/schoenstatt.com\/pt-pt\/#organization"},"image":{"@id":"https:\/\/schoenstatt.com\/pt-pt\/no-brasil-consolida-se-a-liga-apostolica-dos-diaconos-de-schoenstatt\/#primaryimage"},"thumbnailUrl":"https:\/\/schoenstatt.com\/wp-content\/uploads\/2023\/05\/liga-dos-diaconos-1.jpeg","articleSection":["Comunidades de Schoenstatt"],"inLanguage":"pt-PT"},{"@type":"WebPage","@id":"https:\/\/schoenstatt.com\/pt-pt\/no-brasil-consolida-se-a-liga-apostolica-dos-diaconos-de-schoenstatt\/","url":"https:\/\/schoenstatt.com\/pt-pt\/no-brasil-consolida-se-a-liga-apostolica-dos-diaconos-de-schoenstatt\/","name":"No Brasil consolida-se a Liga Apost\u00f3lica dos Di\u00e1conos de Schoenstatt","isPartOf":{"@id":"https:\/\/schoenstatt.com\/pt-pt\/#website"},"primaryImageOfPage":{"@id":"https:\/\/schoenstatt.com\/pt-pt\/no-brasil-consolida-se-a-liga-apostolica-dos-diaconos-de-schoenstatt\/#primaryimage"},"image":{"@id":"https:\/\/schoenstatt.com\/pt-pt\/no-brasil-consolida-se-a-liga-apostolica-dos-diaconos-de-schoenstatt\/#primaryimage"},"thumbnailUrl":"https:\/\/schoenstatt.com\/wp-content\/uploads\/2023\/05\/liga-dos-diaconos-1.jpeg","datePublished":"2023-05-07T16:00:20+00:00","dateModified":"2025-05-15T22:15:32+00:00","description":"O Movimento de Schoenstatt ganha um novo ramo no Brasil: a Liga dos Di\u00e1conos de Schoenstatt. A funda\u00e7\u00e3o oficial se deu no dia 23 de abril.","breadcrumb":{"@id":"https:\/\/schoenstatt.com\/pt-pt\/no-brasil-consolida-se-a-liga-apostolica-dos-diaconos-de-schoenstatt\/#breadcrumb"},"inLanguage":"pt-PT","potentialAction":[{"@type":"ReadAction","target":["https:\/\/schoenstatt.com\/pt-pt\/no-brasil-consolida-se-a-liga-apostolica-dos-diaconos-de-schoenstatt\/"]}]},{"@type":"ImageObject","inLanguage":"pt-PT","@id":"https:\/\/schoenstatt.com\/pt-pt\/no-brasil-consolida-se-a-liga-apostolica-dos-diaconos-de-schoenstatt\/#primaryimage","url":"https:\/\/schoenstatt.com\/wp-content\/uploads\/2023\/05\/liga-dos-diaconos-1.jpeg","contentUrl":"https:\/\/schoenstatt.com\/wp-content\/uploads\/2023\/05\/liga-dos-diaconos-1.jpeg","width":1156,"height":867,"caption":"di\u00e1conos de schoenstatt"},{"@type":"BreadcrumbList","@id":"https:\/\/schoenstatt.com\/pt-pt\/no-brasil-consolida-se-a-liga-apostolica-dos-diaconos-de-schoenstatt\/#breadcrumb","itemListElement":[{"@type":"ListItem","position":1,"name":"Portada","item":"https:\/\/schoenstatt.com\/pt-pt\/home\/"},{"@type":"ListItem","position":2,"name":"No Brasil consolida-se a Liga Apost\u00f3lica dos Di\u00e1conos de Schoenstatt"}]},{"@type":"WebSite","@id":"https:\/\/schoenstatt.com\/pt-pt\/#website","url":"https:\/\/schoenstatt.com\/pt-pt\/","name":"Schoenstatt","description":"Apostolic Movement","publisher":{"@id":"https:\/\/schoenstatt.com\/pt-pt\/#organization"},"potentialAction":[{"@type":"SearchAction","target":{"@type":"EntryPoint","urlTemplate":"https:\/\/schoenstatt.com\/pt-pt\/?s={search_term_string}"},"query-input":{"@type":"PropertyValueSpecification","valueRequired":true,"valueName":"search_term_string"}}],"inLanguage":"pt-PT"},{"@type":"Organization","@id":"https:\/\/schoenstatt.com\/pt-pt\/#organization","name":"Schoenstatt","url":"https:\/\/schoenstatt.com\/pt-pt\/","logo":{"@type":"ImageObject","inLanguage":"pt-PT","@id":"https:\/\/schoenstatt.com\/pt-pt\/#\/schema\/logo\/image\/","url":"https:\/\/schoenstatt.com\/wp-content\/uploads\/2025\/04\/logo-schoenstatt-white-696x696-1.png","contentUrl":"https:\/\/schoenstatt.com\/wp-content\/uploads\/2025\/04\/logo-schoenstatt-white-696x696-1.png","width":696,"height":694,"caption":"Schoenstatt"},"image":{"@id":"https:\/\/schoenstatt.com\/pt-pt\/#\/schema\/logo\/image\/"}},{"@type":"Person","@id":"https:\/\/schoenstatt.com\/pt-pt\/#\/schema\/person\/5158877ad4acae98b34daaeef2a1ce6e","name":"Karen Bueno","image":{"@type":"ImageObject","inLanguage":"pt-PT","@id":"https:\/\/secure.gravatar.com\/avatar\/f9f4b823873154269d2b2130f195f6d41037dd0d7fc5f3cacb5c846bae70d66b?s=96&d=mm&r=g","url":"https:\/\/secure.gravatar.com\/avatar\/f9f4b823873154269d2b2130f195f6d41037dd0d7fc5f3cacb5c846bae70d66b?s=96&d=mm&r=g","contentUrl":"https:\/\/secure.gravatar.com\/avatar\/f9f4b823873154269d2b2130f195f6d41037dd0d7fc5f3cacb5c846bae70d66b?s=96&d=mm&r=g","caption":"Karen Bueno"},"url":"https:\/\/schoenstatt.com\/pt-pt\/author\/karen-bueno\/"}]}},"_links":{"self":[{"href":"https:\/\/schoenstatt.com\/pt-pt\/wp-json\/wp\/v2\/posts\/30402","targetHints":{"allow":["GET"]}}],"collection":[{"href":"https:\/\/schoenstatt.com\/pt-pt\/wp-json\/wp\/v2\/posts"}],"about":[{"href":"https:\/\/schoenstatt.com\/pt-pt\/wp-json\/wp\/v2\/types\/post"}],"author":[{"embeddable":true,"href":"https:\/\/schoenstatt.com\/pt-pt\/wp-json\/wp\/v2\/users\/3"}],"replies":[{"embeddable":true,"href":"https:\/\/schoenstatt.com\/pt-pt\/wp-json\/wp\/v2\/comments?post=30402"}],"version-history":[{"count":1,"href":"https:\/\/schoenstatt.com\/pt-pt\/wp-json\/wp\/v2\/posts\/30402\/revisions"}],"predecessor-version":[{"id":46000,"href":"https:\/\/schoenstatt.com\/pt-pt\/wp-json\/wp\/v2\/posts\/30402\/revisions\/46000"}],"wp:featuredmedia":[{"embeddable":true,"href":"https:\/\/schoenstatt.com\/pt-pt\/wp-json\/wp\/v2\/media\/30411"}],"wp:attachment":[{"href":"https:\/\/schoenstatt.com\/pt-pt\/wp-json\/wp\/v2\/media?parent=30402"}],"wp:term":[{"taxonomy":"category","embeddable":true,"href":"https:\/\/schoenstatt.com\/pt-pt\/wp-json\/wp\/v2\/categories?post=30402"},{"taxonomy":"post_tag","embeddable":true,"href":"https:\/\/schoenstatt.com\/pt-pt\/wp-json\/wp\/v2\/tags?post=30402"}],"curies":[{"name":"wp","href":"https:\/\/api.w.org\/{rel}","templated":true}]}}