{"id":30376,"date":"2023-05-11T08:00:06","date_gmt":"2023-05-11T06:00:06","guid":{"rendered":"https:\/\/schoenstatt.com\/?p=30376"},"modified":"2025-05-16T01:43:42","modified_gmt":"2025-05-15T23:43:42","slug":"o-primeiro-santuario-de-schoenstatt-do-brasil-completa-75-anos","status":"publish","type":"post","link":"https:\/\/schoenstatt.com\/pt-pt\/o-primeiro-santuario-de-schoenstatt-do-brasil-completa-75-anos\/","title":{"rendered":"O primeiro Santu\u00e1rio de Schoenstatt do Brasil completa 75 anos"},"content":{"rendered":"<p>[vc_row][vc_column width=&#8221;1\/12&#8243;][\/vc_column][vc_column width=&#8221;10\/12&#8243;][vc_column_text]Dentro da programa\u00e7\u00e3o, realizou-se uma vig\u00edlia na noite de 22 de abril, preparada pelos diversos Ramos da Fam\u00edlia de Schoenstatt. Foram muitas as pessoas que participaram dessa noite de ora\u00e7\u00e3o. O Santu\u00e1rio Tabor foi o \u00fanico do Brasil inaugurado pessoalmente pelo Fundador, Pe. Jos\u00e9 Kentenich, e recebeu diversas vezes sua visita.<\/p>\n<h3>Come\u00e7a um tempo de gra\u00e7as<\/h3>\n<p>O dia jubilar foi um \u00fanico louvor a Deus e \u00e0 M\u00e3e de Deus. A programa\u00e7\u00e3o come\u00e7ou com uma Santa Missa festiva, presidida pelo Pe. Gabriel Wetch Umfinama Emtenda, sacerdote guaneliano. Ele tocou os cora\u00e7\u00f5es ao dar seu testemunho pessoal sobre como o Santu\u00e1rio Tabor influenciou sua voca\u00e7\u00e3o.<\/p>\n<p>Ap\u00f3s a celebra\u00e7\u00e3o, iniciou a adora\u00e7\u00e3o eucar\u00edstica, que se estendeu durante todo o dia.<\/p>\n<h3>Homenagens oficiais na C\u00e2mara de Vereadores de Santa Maria<\/h3>\n<p>Na parte da tarde aconteceu uma homenagem ao Santu\u00e1rio Tabor na C\u00e2mara de Vereadores de Santa Maria. As galerias da C\u00e2mara tornaram-se pequenas para acolher todos os schoenstattianos que acompanharam o ato.<\/p>\n<p>Tamb\u00e9m participou desse momento a orquestra do Centro de Refer\u00eancia Familiar Recanto do Sol (Cefasol), obra social mantida pelas Irm\u00e3s de Maria com a colabora\u00e7\u00e3o da Fam\u00edlia de Schoenstatt de Santa Maria.<\/p>\n<h3>Santa Missa festiva com o arcebispo de Santa Maria<\/h3>\n<p>A Fam\u00edlia de Schoenstatt de Santa Maria superlotou a Capela Tabor na noite do dia jubilar para uma Missa festiva presidida por Dom Leomar Ant\u00f4nio Brustolin.<\/p>\n<p>J\u00e1 na chegada, todos foram recebidos com uma \u201cgaleria de her\u00f3is\u201d, com fotos e breves biografias de pessoas do Movimento de Schoenstatt que se destacaram pelo seu testemunho de vida durante essas mais de 7 d\u00e9cadas de hist\u00f3ria.<\/p>\n<p>Em sua homilia, Dom Leomar deu uma catequese sobre os santu\u00e1rios \u00e0 luz da solenidade da P\u00e1scoa. Ap\u00f3s a Santa Missa, os presentes se dirigiram ao Santu\u00e1rio para uma singela homenagem \u00e0 M\u00e3e de Deus, fechando este momento festivo e marcante para todo o Brasil.[\/vc_column_text][vc_gallery el_id=&#8221;gallery-902917&#8243; type=&#8221;justified&#8221; medias=&#8221;30592,30596,30604,30616,30600,30608,30612&#8243; justify_row_height=&#8221;250&#8243; gutter_size=&#8221;3&#8243; single_overlay_opacity=&#8221;50&#8243; single_padding=&#8221;2&#8243;][vc_column_text]<\/p>\n<h3>Um Santu\u00e1rio que irradia suas gra\u00e7as para o mundo<\/h3>\n<p>O Santu\u00e1rio Tabor \u00e9 um centro que se destaca n\u00e3o apenas no Brasil, mas que possui sua relev\u00e2ncia internacional. Ali aconteceram fatos significativos para a hist\u00f3ria do Movimento de Schoenstatt no mundo todo.<\/p>\n<p>A partir do Santu\u00e1rio Tabor surge a Campanha da M\u00e3e Peregrina de Schoenstatt, que hoje \u00e9 uma das grandes marcas da Obra perante a Igreja, a sociedade e o mundo. Tudo isso gra\u00e7as \u00e0 miss\u00e3o a ao apostolado do Servo de Deus Di\u00e1c. Jo\u00e3o Luiz Pozzobon (em Processo de Beatifica\u00e7\u00e3o).<\/p>\n<p>Justamente por ser o local de origem da Campanha, todas as imagens da M\u00e3e Peregrina Auxiliar que existem no mundo s\u00e3o enviadas de Santa Maria.<\/p>\n<p>Outra curiosidade \u00e9 que a Carta de <a href=\"https:\/\/schoenstatt.com\/pt-pt\/espiritualidade\/comeca-a-construcao-de-um-novo-santuario-no-brasil\/\">Santa Maria<\/a>, considerada o Documento de Funda\u00e7\u00e3o da Obra de Fam\u00edlias de Schoenstatt, foi escrita pelo Pe. Jos\u00e9 Kentenich \u00e0 sombra do Santu\u00e1rio Tabor. Tamb\u00e9m ali foi confeccionada a Cruz da Unidade, hoje considerada um dos grandes s\u00edmbolos do Movimento Internacional.<\/p>\n<p>Outro momento marcante \u00e9 quando o Pe. Jos\u00e9 Kentenich entrega a coroa e o cetro \u00e0 M\u00e3e de Deus, no Santu\u00e1rio Tabor, como Rainha da Filialidade Heroica, em 20 de agosto de 1949. Esse gesto \u00e9 uma continua\u00e7\u00e3o do Terceiro Marco Hist\u00f3rico da Obra de Schoenstatt, quando ele traz a resposta aos desafios que estavam por vir. A resposta se resume em viver a filialidade em Cristo, at\u00e9 o grau her\u00f3ico, o que significa, com isso, viver a \u201csantidade de todos os dias\u201d.<\/p>\n<h3><img fetchpriority=\"high\" decoding=\"async\" class=\"alignnone size-large wp-image-30377\" src=\"https:\/\/schoenstatt.com\/wp-content\/uploads\/2023\/05\/TABOR-75-Anhos-1-1024x583.png\" alt=\"\" width=\"840\" height=\"478\" \/><\/h3>\n<p>Fotos: <a href=\"https:\/\/schoenstatt.org.br\/2023\/04\/26\/celebracao-dos-75-anos-do-santuario-tabor\/\">Schoenstatt Brasil<\/a>[\/vc_column_text][\/vc_column][vc_column width=&#8221;1\/12&#8243;][\/vc_column][\/vc_row]<\/p>\n","protected":false},"excerpt":{"rendered":"<p>A Fam\u00edlia de Schoenstatt do Brasil celebrou, com alegria, os 75 anos do Santu\u00e1rio Tabor, que \u00e9 o primeiro Santu\u00e1rio de Schoenstatt constru\u00eddo no pa\u00eds e fica na cidade de Santa Maria, na regi\u00e3o sul brasileira.  De 21 a 23 de abril de 2023, diversas comemora\u00e7\u00f5es marcaram os dias festivos do jubileu. <\/p>\n","protected":false},"author":6,"featured_media":30389,"comment_status":"closed","ping_status":"closed","sticky":false,"template":"","format":"standard","meta":{"footnotes":""},"categories":[636,869],"tags":[],"class_list":["post-30376","post","type-post","status-publish","format-standard","has-post-thumbnail","hentry","category-eventos-pt-pt","category-paises-pt-pt"],"yoast_head":"<!-- This site is optimized with the Yoast SEO Premium plugin v27.4 (Yoast SEO v27.4) - https:\/\/yoast.com\/product\/yoast-seo-premium-wordpress\/ -->\n<title>O primeiro Santu\u00e1rio de Schoenstatt do Brasil completa 75 anos<\/title>\n<meta name=\"description\" content=\"Com grande alegria e muitas comemora\u00e7\u00f5es, a Fam\u00edlia de Schoenstatt do Brasil celebra os 75 anos do Santu\u00e1rio Tabor\" \/>\n<meta name=\"robots\" content=\"index, follow, max-snippet:-1, max-image-preview:large, max-video-preview:-1\" \/>\n<link rel=\"canonical\" href=\"https:\/\/schoenstatt.com\/pt-pt\/o-primeiro-santuario-de-schoenstatt-do-brasil-completa-75-anos\/\" \/>\n<meta property=\"og:locale\" content=\"pt_PT\" \/>\n<meta property=\"og:type\" content=\"article\" \/>\n<meta property=\"og:title\" content=\"O primeiro Santu\u00e1rio de Schoenstatt do Brasil completa 75 anos\" \/>\n<meta property=\"og:description\" content=\"Com grande alegria e muitas comemora\u00e7\u00f5es, a Fam\u00edlia de Schoenstatt do Brasil celebra os 75 anos do Santu\u00e1rio Tabor\" \/>\n<meta property=\"og:url\" content=\"https:\/\/schoenstatt.com\/pt-pt\/o-primeiro-santuario-de-schoenstatt-do-brasil-completa-75-anos\/\" \/>\n<meta property=\"og:site_name\" content=\"Schoenstatt\" \/>\n<meta property=\"article:published_time\" content=\"2023-05-11T06:00:06+00:00\" \/>\n<meta property=\"article:modified_time\" content=\"2025-05-15T23:43:42+00:00\" \/>\n<meta property=\"og:image\" content=\"https:\/\/schoenstatt.com\/wp-content\/uploads\/2023\/05\/TABOR-75-Anhos-3-1.png\" \/>\n\t<meta property=\"og:image:width\" content=\"2048\" \/>\n\t<meta property=\"og:image:height\" content=\"1160\" \/>\n\t<meta property=\"og:image:type\" content=\"image\/png\" \/>\n<meta name=\"author\" content=\"Vanessa Franke\" \/>\n<meta name=\"twitter:card\" content=\"summary_large_image\" \/>\n<meta name=\"twitter:label1\" content=\"Escrito por\" \/>\n\t<meta name=\"twitter:data1\" content=\"Vanessa Franke\" \/>\n\t<meta name=\"twitter:label2\" content=\"Tempo estimado de leitura\" \/>\n\t<meta name=\"twitter:data2\" content=\"3 minutos\" \/>\n<script type=\"application\/ld+json\" class=\"yoast-schema-graph\">{\"@context\":\"https:\\\/\\\/schema.org\",\"@graph\":[{\"@type\":\"Article\",\"@id\":\"https:\\\/\\\/schoenstatt.com\\\/pt-pt\\\/o-primeiro-santuario-de-schoenstatt-do-brasil-completa-75-anos\\\/#article\",\"isPartOf\":{\"@id\":\"https:\\\/\\\/schoenstatt.com\\\/pt-pt\\\/o-primeiro-santuario-de-schoenstatt-do-brasil-completa-75-anos\\\/\"},\"author\":{\"name\":\"Vanessa Franke\",\"@id\":\"https:\\\/\\\/schoenstatt.com\\\/pt-pt\\\/#\\\/schema\\\/person\\\/ea97a60c723e21c923e2177f0f3163f7\"},\"headline\":\"O primeiro Santu\u00e1rio de Schoenstatt do Brasil completa 75 anos\",\"datePublished\":\"2023-05-11T06:00:06+00:00\",\"dateModified\":\"2025-05-15T23:43:42+00:00\",\"mainEntityOfPage\":{\"@id\":\"https:\\\/\\\/schoenstatt.com\\\/pt-pt\\\/o-primeiro-santuario-de-schoenstatt-do-brasil-completa-75-anos\\\/\"},\"wordCount\":665,\"publisher\":{\"@id\":\"https:\\\/\\\/schoenstatt.com\\\/pt-pt\\\/#organization\"},\"image\":{\"@id\":\"https:\\\/\\\/schoenstatt.com\\\/pt-pt\\\/o-primeiro-santuario-de-schoenstatt-do-brasil-completa-75-anos\\\/#primaryimage\"},\"thumbnailUrl\":\"https:\\\/\\\/schoenstatt.com\\\/wp-content\\\/uploads\\\/2023\\\/05\\\/TABOR-75-Anhos-3-1.png\",\"articleSection\":[\"Eventos\",\"Pa\u00edses\"],\"inLanguage\":\"pt-PT\"},{\"@type\":\"WebPage\",\"@id\":\"https:\\\/\\\/schoenstatt.com\\\/pt-pt\\\/o-primeiro-santuario-de-schoenstatt-do-brasil-completa-75-anos\\\/\",\"url\":\"https:\\\/\\\/schoenstatt.com\\\/pt-pt\\\/o-primeiro-santuario-de-schoenstatt-do-brasil-completa-75-anos\\\/\",\"name\":\"O primeiro Santu\u00e1rio de Schoenstatt do Brasil completa 75 anos\",\"isPartOf\":{\"@id\":\"https:\\\/\\\/schoenstatt.com\\\/pt-pt\\\/#website\"},\"primaryImageOfPage\":{\"@id\":\"https:\\\/\\\/schoenstatt.com\\\/pt-pt\\\/o-primeiro-santuario-de-schoenstatt-do-brasil-completa-75-anos\\\/#primaryimage\"},\"image\":{\"@id\":\"https:\\\/\\\/schoenstatt.com\\\/pt-pt\\\/o-primeiro-santuario-de-schoenstatt-do-brasil-completa-75-anos\\\/#primaryimage\"},\"thumbnailUrl\":\"https:\\\/\\\/schoenstatt.com\\\/wp-content\\\/uploads\\\/2023\\\/05\\\/TABOR-75-Anhos-3-1.png\",\"datePublished\":\"2023-05-11T06:00:06+00:00\",\"dateModified\":\"2025-05-15T23:43:42+00:00\",\"description\":\"Com grande alegria e muitas comemora\u00e7\u00f5es, a Fam\u00edlia de Schoenstatt do Brasil celebra os 75 anos do Santu\u00e1rio Tabor\",\"breadcrumb\":{\"@id\":\"https:\\\/\\\/schoenstatt.com\\\/pt-pt\\\/o-primeiro-santuario-de-schoenstatt-do-brasil-completa-75-anos\\\/#breadcrumb\"},\"inLanguage\":\"pt-PT\",\"potentialAction\":[{\"@type\":\"ReadAction\",\"target\":[\"https:\\\/\\\/schoenstatt.com\\\/pt-pt\\\/o-primeiro-santuario-de-schoenstatt-do-brasil-completa-75-anos\\\/\"]}]},{\"@type\":\"ImageObject\",\"inLanguage\":\"pt-PT\",\"@id\":\"https:\\\/\\\/schoenstatt.com\\\/pt-pt\\\/o-primeiro-santuario-de-schoenstatt-do-brasil-completa-75-anos\\\/#primaryimage\",\"url\":\"https:\\\/\\\/schoenstatt.com\\\/wp-content\\\/uploads\\\/2023\\\/05\\\/TABOR-75-Anhos-3-1.png\",\"contentUrl\":\"https:\\\/\\\/schoenstatt.com\\\/wp-content\\\/uploads\\\/2023\\\/05\\\/TABOR-75-Anhos-3-1.png\",\"width\":2048,\"height\":1160,\"caption\":\"Tabor 75 anos\"},{\"@type\":\"BreadcrumbList\",\"@id\":\"https:\\\/\\\/schoenstatt.com\\\/pt-pt\\\/o-primeiro-santuario-de-schoenstatt-do-brasil-completa-75-anos\\\/#breadcrumb\",\"itemListElement\":[{\"@type\":\"ListItem\",\"position\":1,\"name\":\"Portada\",\"item\":\"https:\\\/\\\/schoenstatt.com\\\/pt-pt\\\/home\\\/\"},{\"@type\":\"ListItem\",\"position\":2,\"name\":\"O primeiro Santu\u00e1rio de Schoenstatt do Brasil completa 75 anos\"}]},{\"@type\":\"WebSite\",\"@id\":\"https:\\\/\\\/schoenstatt.com\\\/pt-pt\\\/#website\",\"url\":\"https:\\\/\\\/schoenstatt.com\\\/pt-pt\\\/\",\"name\":\"Schoenstatt\",\"description\":\"Apostolic Movement\",\"publisher\":{\"@id\":\"https:\\\/\\\/schoenstatt.com\\\/pt-pt\\\/#organization\"},\"potentialAction\":[{\"@type\":\"SearchAction\",\"target\":{\"@type\":\"EntryPoint\",\"urlTemplate\":\"https:\\\/\\\/schoenstatt.com\\\/pt-pt\\\/?s={search_term_string}\"},\"query-input\":{\"@type\":\"PropertyValueSpecification\",\"valueRequired\":true,\"valueName\":\"search_term_string\"}}],\"inLanguage\":\"pt-PT\"},{\"@type\":\"Organization\",\"@id\":\"https:\\\/\\\/schoenstatt.com\\\/pt-pt\\\/#organization\",\"name\":\"Schoenstatt\",\"url\":\"https:\\\/\\\/schoenstatt.com\\\/pt-pt\\\/\",\"logo\":{\"@type\":\"ImageObject\",\"inLanguage\":\"pt-PT\",\"@id\":\"https:\\\/\\\/schoenstatt.com\\\/pt-pt\\\/#\\\/schema\\\/logo\\\/image\\\/\",\"url\":\"https:\\\/\\\/schoenstatt.com\\\/wp-content\\\/uploads\\\/2025\\\/04\\\/logo-schoenstatt-white-696x696-1.png\",\"contentUrl\":\"https:\\\/\\\/schoenstatt.com\\\/wp-content\\\/uploads\\\/2025\\\/04\\\/logo-schoenstatt-white-696x696-1.png\",\"width\":696,\"height\":694,\"caption\":\"Schoenstatt\"},\"image\":{\"@id\":\"https:\\\/\\\/schoenstatt.com\\\/pt-pt\\\/#\\\/schema\\\/logo\\\/image\\\/\"}},{\"@type\":\"Person\",\"@id\":\"https:\\\/\\\/schoenstatt.com\\\/pt-pt\\\/#\\\/schema\\\/person\\\/ea97a60c723e21c923e2177f0f3163f7\",\"name\":\"Vanessa Franke\",\"image\":{\"@type\":\"ImageObject\",\"inLanguage\":\"pt-PT\",\"@id\":\"https:\\\/\\\/secure.gravatar.com\\\/avatar\\\/a9bcca3409928ccd3195eca11e2ccbb2e5d7c7912e9a945d4f326f81a0a5cb4a?s=96&d=mm&r=g\",\"url\":\"https:\\\/\\\/secure.gravatar.com\\\/avatar\\\/a9bcca3409928ccd3195eca11e2ccbb2e5d7c7912e9a945d4f326f81a0a5cb4a?s=96&d=mm&r=g\",\"contentUrl\":\"https:\\\/\\\/secure.gravatar.com\\\/avatar\\\/a9bcca3409928ccd3195eca11e2ccbb2e5d7c7912e9a945d4f326f81a0a5cb4a?s=96&d=mm&r=g\",\"caption\":\"Vanessa Franke\"},\"url\":\"https:\\\/\\\/schoenstatt.com\\\/pt-pt\\\/author\\\/vanessa-franke\\\/\"}]}<\/script>\n<!-- \/ Yoast SEO Premium plugin. -->","yoast_head_json":{"title":"O primeiro Santu\u00e1rio de Schoenstatt do Brasil completa 75 anos","description":"Com grande alegria e muitas comemora\u00e7\u00f5es, a Fam\u00edlia de Schoenstatt do Brasil celebra os 75 anos do Santu\u00e1rio Tabor","robots":{"index":"index","follow":"follow","max-snippet":"max-snippet:-1","max-image-preview":"max-image-preview:large","max-video-preview":"max-video-preview:-1"},"canonical":"https:\/\/schoenstatt.com\/pt-pt\/o-primeiro-santuario-de-schoenstatt-do-brasil-completa-75-anos\/","og_locale":"pt_PT","og_type":"article","og_title":"O primeiro Santu\u00e1rio de Schoenstatt do Brasil completa 75 anos","og_description":"Com grande alegria e muitas comemora\u00e7\u00f5es, a Fam\u00edlia de Schoenstatt do Brasil celebra os 75 anos do Santu\u00e1rio Tabor","og_url":"https:\/\/schoenstatt.com\/pt-pt\/o-primeiro-santuario-de-schoenstatt-do-brasil-completa-75-anos\/","og_site_name":"Schoenstatt","article_published_time":"2023-05-11T06:00:06+00:00","article_modified_time":"2025-05-15T23:43:42+00:00","og_image":[{"width":2048,"height":1160,"url":"https:\/\/schoenstatt.com\/wp-content\/uploads\/2023\/05\/TABOR-75-Anhos-3-1.png","type":"image\/png"}],"author":"Vanessa Franke","twitter_card":"summary_large_image","twitter_misc":{"Escrito por":"Vanessa Franke","Tempo estimado de leitura":"3 minutos"},"schema":{"@context":"https:\/\/schema.org","@graph":[{"@type":"Article","@id":"https:\/\/schoenstatt.com\/pt-pt\/o-primeiro-santuario-de-schoenstatt-do-brasil-completa-75-anos\/#article","isPartOf":{"@id":"https:\/\/schoenstatt.com\/pt-pt\/o-primeiro-santuario-de-schoenstatt-do-brasil-completa-75-anos\/"},"author":{"name":"Vanessa Franke","@id":"https:\/\/schoenstatt.com\/pt-pt\/#\/schema\/person\/ea97a60c723e21c923e2177f0f3163f7"},"headline":"O primeiro Santu\u00e1rio de Schoenstatt do Brasil completa 75 anos","datePublished":"2023-05-11T06:00:06+00:00","dateModified":"2025-05-15T23:43:42+00:00","mainEntityOfPage":{"@id":"https:\/\/schoenstatt.com\/pt-pt\/o-primeiro-santuario-de-schoenstatt-do-brasil-completa-75-anos\/"},"wordCount":665,"publisher":{"@id":"https:\/\/schoenstatt.com\/pt-pt\/#organization"},"image":{"@id":"https:\/\/schoenstatt.com\/pt-pt\/o-primeiro-santuario-de-schoenstatt-do-brasil-completa-75-anos\/#primaryimage"},"thumbnailUrl":"https:\/\/schoenstatt.com\/wp-content\/uploads\/2023\/05\/TABOR-75-Anhos-3-1.png","articleSection":["Eventos","Pa\u00edses"],"inLanguage":"pt-PT"},{"@type":"WebPage","@id":"https:\/\/schoenstatt.com\/pt-pt\/o-primeiro-santuario-de-schoenstatt-do-brasil-completa-75-anos\/","url":"https:\/\/schoenstatt.com\/pt-pt\/o-primeiro-santuario-de-schoenstatt-do-brasil-completa-75-anos\/","name":"O primeiro Santu\u00e1rio de Schoenstatt do Brasil completa 75 anos","isPartOf":{"@id":"https:\/\/schoenstatt.com\/pt-pt\/#website"},"primaryImageOfPage":{"@id":"https:\/\/schoenstatt.com\/pt-pt\/o-primeiro-santuario-de-schoenstatt-do-brasil-completa-75-anos\/#primaryimage"},"image":{"@id":"https:\/\/schoenstatt.com\/pt-pt\/o-primeiro-santuario-de-schoenstatt-do-brasil-completa-75-anos\/#primaryimage"},"thumbnailUrl":"https:\/\/schoenstatt.com\/wp-content\/uploads\/2023\/05\/TABOR-75-Anhos-3-1.png","datePublished":"2023-05-11T06:00:06+00:00","dateModified":"2025-05-15T23:43:42+00:00","description":"Com grande alegria e muitas comemora\u00e7\u00f5es, a Fam\u00edlia de Schoenstatt do Brasil celebra os 75 anos do Santu\u00e1rio Tabor","breadcrumb":{"@id":"https:\/\/schoenstatt.com\/pt-pt\/o-primeiro-santuario-de-schoenstatt-do-brasil-completa-75-anos\/#breadcrumb"},"inLanguage":"pt-PT","potentialAction":[{"@type":"ReadAction","target":["https:\/\/schoenstatt.com\/pt-pt\/o-primeiro-santuario-de-schoenstatt-do-brasil-completa-75-anos\/"]}]},{"@type":"ImageObject","inLanguage":"pt-PT","@id":"https:\/\/schoenstatt.com\/pt-pt\/o-primeiro-santuario-de-schoenstatt-do-brasil-completa-75-anos\/#primaryimage","url":"https:\/\/schoenstatt.com\/wp-content\/uploads\/2023\/05\/TABOR-75-Anhos-3-1.png","contentUrl":"https:\/\/schoenstatt.com\/wp-content\/uploads\/2023\/05\/TABOR-75-Anhos-3-1.png","width":2048,"height":1160,"caption":"Tabor 75 anos"},{"@type":"BreadcrumbList","@id":"https:\/\/schoenstatt.com\/pt-pt\/o-primeiro-santuario-de-schoenstatt-do-brasil-completa-75-anos\/#breadcrumb","itemListElement":[{"@type":"ListItem","position":1,"name":"Portada","item":"https:\/\/schoenstatt.com\/pt-pt\/home\/"},{"@type":"ListItem","position":2,"name":"O primeiro Santu\u00e1rio de Schoenstatt do Brasil completa 75 anos"}]},{"@type":"WebSite","@id":"https:\/\/schoenstatt.com\/pt-pt\/#website","url":"https:\/\/schoenstatt.com\/pt-pt\/","name":"Schoenstatt","description":"Apostolic Movement","publisher":{"@id":"https:\/\/schoenstatt.com\/pt-pt\/#organization"},"potentialAction":[{"@type":"SearchAction","target":{"@type":"EntryPoint","urlTemplate":"https:\/\/schoenstatt.com\/pt-pt\/?s={search_term_string}"},"query-input":{"@type":"PropertyValueSpecification","valueRequired":true,"valueName":"search_term_string"}}],"inLanguage":"pt-PT"},{"@type":"Organization","@id":"https:\/\/schoenstatt.com\/pt-pt\/#organization","name":"Schoenstatt","url":"https:\/\/schoenstatt.com\/pt-pt\/","logo":{"@type":"ImageObject","inLanguage":"pt-PT","@id":"https:\/\/schoenstatt.com\/pt-pt\/#\/schema\/logo\/image\/","url":"https:\/\/schoenstatt.com\/wp-content\/uploads\/2025\/04\/logo-schoenstatt-white-696x696-1.png","contentUrl":"https:\/\/schoenstatt.com\/wp-content\/uploads\/2025\/04\/logo-schoenstatt-white-696x696-1.png","width":696,"height":694,"caption":"Schoenstatt"},"image":{"@id":"https:\/\/schoenstatt.com\/pt-pt\/#\/schema\/logo\/image\/"}},{"@type":"Person","@id":"https:\/\/schoenstatt.com\/pt-pt\/#\/schema\/person\/ea97a60c723e21c923e2177f0f3163f7","name":"Vanessa Franke","image":{"@type":"ImageObject","inLanguage":"pt-PT","@id":"https:\/\/secure.gravatar.com\/avatar\/a9bcca3409928ccd3195eca11e2ccbb2e5d7c7912e9a945d4f326f81a0a5cb4a?s=96&d=mm&r=g","url":"https:\/\/secure.gravatar.com\/avatar\/a9bcca3409928ccd3195eca11e2ccbb2e5d7c7912e9a945d4f326f81a0a5cb4a?s=96&d=mm&r=g","contentUrl":"https:\/\/secure.gravatar.com\/avatar\/a9bcca3409928ccd3195eca11e2ccbb2e5d7c7912e9a945d4f326f81a0a5cb4a?s=96&d=mm&r=g","caption":"Vanessa Franke"},"url":"https:\/\/schoenstatt.com\/pt-pt\/author\/vanessa-franke\/"}]}},"_links":{"self":[{"href":"https:\/\/schoenstatt.com\/pt-pt\/wp-json\/wp\/v2\/posts\/30376","targetHints":{"allow":["GET"]}}],"collection":[{"href":"https:\/\/schoenstatt.com\/pt-pt\/wp-json\/wp\/v2\/posts"}],"about":[{"href":"https:\/\/schoenstatt.com\/pt-pt\/wp-json\/wp\/v2\/types\/post"}],"author":[{"embeddable":true,"href":"https:\/\/schoenstatt.com\/pt-pt\/wp-json\/wp\/v2\/users\/6"}],"replies":[{"embeddable":true,"href":"https:\/\/schoenstatt.com\/pt-pt\/wp-json\/wp\/v2\/comments?post=30376"}],"version-history":[{"count":1,"href":"https:\/\/schoenstatt.com\/pt-pt\/wp-json\/wp\/v2\/posts\/30376\/revisions"}],"predecessor-version":[{"id":46016,"href":"https:\/\/schoenstatt.com\/pt-pt\/wp-json\/wp\/v2\/posts\/30376\/revisions\/46016"}],"wp:featuredmedia":[{"embeddable":true,"href":"https:\/\/schoenstatt.com\/pt-pt\/wp-json\/wp\/v2\/media\/30389"}],"wp:attachment":[{"href":"https:\/\/schoenstatt.com\/pt-pt\/wp-json\/wp\/v2\/media?parent=30376"}],"wp:term":[{"taxonomy":"category","embeddable":true,"href":"https:\/\/schoenstatt.com\/pt-pt\/wp-json\/wp\/v2\/categories?post=30376"},{"taxonomy":"post_tag","embeddable":true,"href":"https:\/\/schoenstatt.com\/pt-pt\/wp-json\/wp\/v2\/tags?post=30376"}],"curies":[{"name":"wp","href":"https:\/\/api.w.org\/{rel}","templated":true}]}}