{"id":30074,"date":"2023-04-17T22:45:42","date_gmt":"2023-04-17T20:45:42","guid":{"rendered":"https:\/\/schoenstatt.com\/?p=30074"},"modified":"2025-05-16T00:30:13","modified_gmt":"2025-05-15T22:30:13","slug":"sera-que-os-jovens-do-brasil-chegarao-a-jmj","status":"publish","type":"post","link":"https:\/\/schoenstatt.com\/pt-pt\/sera-que-os-jovens-do-brasil-chegarao-a-jmj\/","title":{"rendered":"Ser\u00e1 que os jovens do Brasil chegar\u00e3o \u00e0 JMJ? Veja o que aconteceu"},"content":{"rendered":"<p>Em 2023, milhares de jovens preparam seus cora\u00e7\u00f5es para vivenciar a Jornada Mundial da Juventude que acontece em Lisboa, Portugal, no m\u00eas de agosto. H\u00e1 alguns anos, a Juventude Apost\u00f3lica de Schoenstatt do Brasil tem se inflamado com esta oportunidade de estar junto ao Papa Francisco e tamb\u00e9m de peregrinar a Schoenstatt para conhecer o Santu\u00e1rio Original. A prepara\u00e7\u00e3o aconteceu de forma intensa tanto na quest\u00e3o material, quanto espiritual. Por\u00e9m, enquanto a expectativa com a chegada da viagem aumentava, uma triste not\u00edcia surpreendeu o grupo: mesmo com os valores pagos, as passagens n\u00e3o foram compradas e agora a luta contra o tempo come\u00e7ou para buscar uma solu\u00e7\u00e3o. Conhe\u00e7a a campanha \u201cSOS Juventude \u2013 Reze uma Ave Maria e contribua com o que puder\u201d e entenda como ela surgiu.<\/p>\n<h3>Quanto mais somos provados, mais gra\u00e7as recebemos&#8230;<\/h3>\n<p>Voc\u00ea deve estar se perguntando: mas o que aconteceu? De forma objetiva: a ag\u00eancia de viagens contratada, mesmo com grande parte dos pagamentos j\u00e1 realizados, n\u00e3o efetuou a compra das passagens e o seguro sa\u00fade necess\u00e1rios para a viagem, devido \u00e0 crise financeira pela qual est\u00e1 passando. Deste modo, o grupo brasileiro, que conta com 78 jovens, se encontra prejudicado e sem recursos. Os jovens j\u00e1 est\u00e3o com suas inscri\u00e7\u00f5es da JMJ garantidas, por\u00e9m, n\u00e3o contam com os meios para realizarem sua viagem at\u00e9 Schoenstatt e <a href=\"https:\/\/schoenstatt.com\/pt-pt\/papa-francisco-pt\/jmj-de-lisboa-ja-tem-400-mil-inscritos-jovens-com-sede-de-horizonte\/\">Lisboa<\/a>. Mesmo buscando por novas passagens a\u00e9reas, os valores e taxas j\u00e1 est\u00e3o alt\u00edssimos. Al\u00e9m disso, ainda n\u00e3o h\u00e1 um prazo para o ressarcimento das passagens pela ag\u00eancia em quest\u00e3o. Ou seja: o grupo j\u00e1 investiu praticamente todos os seus recursos e ter\u00e1 que arcar com novos pacotes de viagem se quiserem chegar ao seu destino.<\/p>\n<h3>\u00a0\u00a0\u00a0<img fetchpriority=\"high\" decoding=\"async\" class=\"aligncenter wp-image-30091 size-large\" src=\"https:\/\/schoenstatt.com\/wp-content\/uploads\/2023\/04\/JMJ_VPrincipal_RGB-01-1024x1024.png\" alt=\"\" width=\"840\" height=\"840\" \/><br \/>\nSOS Juventude: Eu acredito no milagre!<\/h3>\n<p>Diante dessa situa\u00e7\u00e3o o primeiro pensamento do grupo poderia ser: vamos desistir. Por\u00e9m, os jovens se mantiveram firmes e confiantes de que a viagem ainda \u00e9 poss\u00edvel. Em conversa com os assessores nasceu a campanha<strong> \u201cSOS Juventude \u2013 Reze uma Ave Maria e doe R$ 1,00\u201d.<\/strong><\/p>\n<p>O objetivo do grupo \u00e9 conseguir, por meio de doa\u00e7\u00f5es, os valores necess\u00e1rios para cobrir os gastos com as passagens e conseguir realizar o grande sonho de chegar ao Santu\u00e1rio Original e, em seguida, participar da JMJ!<\/p>\n<p>&nbsp;<\/p>\n<h3>Como ajudar?<\/h3>\n<p>A Juventude do Brasil, al\u00e9m das a\u00e7\u00f5es concretas para arrecadar fundos, conta atualmente com a colabora\u00e7\u00e3o da Fam\u00edlia de Schoenstatt. O Congresso de Pentecostes j\u00e1 sinalizou a import\u00e2ncia dos jovens, de forma a contribuir com seu protagonismo nos diferentes \u00e2mbitos. A Juventude brasileira passa por um momento de prova\u00e7\u00e3o, mas se mant\u00e9m unida para juntos enfrentar esta situa\u00e7\u00e3o e quer contar com o apoio de toda Fam\u00edlia Internacional.<\/p>\n<p>Para contribuir basta rezar uma Ave Maria e fazer a doa\u00e7\u00e3o de um valor espont\u00e2neo. Os valores dever\u00e3o ser depositados na seguinte conta: <a href=\"https:\/\/donorbox.org\/together-for-the-greatest-miracle\">clique e acesse.<\/a><\/p>\n<p>Al\u00e9m da contribui\u00e7\u00e3o financeira, os jovens contam com suas ora\u00e7\u00f5es e contribui\u00e7\u00f5es ao Capital de Gra\u00e7as para que o sonho se torne realidade.<\/p>\n<blockquote><p>\u201cA confian\u00e7a determina sempre a medida com que nossos pedidos s\u00e3o atendidos\u201d<\/p>\n<p><img decoding=\"async\" class=\"aligncenter wp-image-30075 size-full\" src=\"https:\/\/schoenstatt.com\/wp-content\/uploads\/2023\/04\/WhatsApp-Image-2023-03-31-at-14.19.53.jpeg\" alt=\"\" width=\"960\" height=\"720\" \/><\/p>\n<p>&nbsp;<\/p><\/blockquote>\n<p>Apesar de surpreendidos com os acontecimentos, os jovens seguem confiantes: o milagre vai acontecer! Pedro Furquim relata sua expectativa \u201cdesde crian\u00e7a j\u00e1 sonhava em participar do maior evento de jovens cat\u00f3licos do mundo e, juntamente, visitar o mais \u2018belo lugar\u2019 seria incr\u00edvel. Sonhei muito com essa viagem. Mas, \u00e0s vezes a vida nos imp\u00f5e certas situa\u00e7\u00f5es que s\u00f3 a confian\u00e7a na MTA pode nos ajudar. Quando fiquei sabendo o transtorno em rela\u00e7\u00e3o \u00e0s passagens, fiquei desolado e com profunda dor no cora\u00e7\u00e3o, pois meu maior sonho teria talvez acabado. Mas confiante na Alian\u00e7a de Amor, sei que Deus tem seus planos para n\u00f3s e se for de Sua vontade, poderei visitar a casa do Pai e Fundador e me encantar ainda mais com tudo que Schoenstatt pode me proporcionar\u201d.<\/p>\n<p><em>\u201cA cada m\u00eas que se aproximava de nossa viagem, mais nossa prepara\u00e7\u00e3o se intensificava. J\u00e1 montando as listas com os itens a serem levados, os cora\u00e7\u00f5es j\u00e1 ansiando pelo nosso encontro em Lisboa e, al\u00e9m disso, conhecer o nosso lar Original, tivemos a triste not\u00edcia de que a companhia respons\u00e1vel por fornecer nossas passagens n\u00e3o conseguiria cumprir com o que havia sido acordado. Que choque.\u00a0Nesse momento muitas inseguran\u00e7as e principalmente medos passaram por mim, medo de ter que adiar um sonho. Por um momento aquilo que idealizei e sonhei \u2013 realizar conquistas e estar no Lar Original, encontrar com jovens do mundo inteiro que t\u00eam o mesmo ideal \u2013, balan\u00e7ou. Acreditei que nada disso seria mais poss\u00edvel. Mas, agora com a certeza de que nada acontece por acaso, sei que com a for\u00e7a da nossa f\u00e9 e das entregas ao Capital de Gra\u00e7as, a M\u00e3e estar\u00e1 nos guiando para o melhor, aquilo que est\u00e1 nos planos de Deus. Escrevo este testemunho confiante de que logo poderemos nos encontrar em Schoenstatt e em Lisboa, afinal, para Deus nada \u00e9 imposs\u00edvel<\/em>\u201d, escreveu a jovem Nicole Martins Silv\u00e9rio.<\/p>\n<p>Para saber mais sobre o grupo, a prepara\u00e7\u00e3o para JMJ e a campanha SOS Juventude siga @jmjschoenstattbrasil no Instagram.<\/p>\n","protected":false},"excerpt":{"rendered":"<p>Juventude de Schoenstatt do Brasil enfrenta um grande desafio para participar da Jornada Mundial da Juventude .<\/p>\n","protected":false},"author":3,"featured_media":30083,"comment_status":"closed","ping_status":"closed","sticky":false,"template":"","format":"standard","meta":{"footnotes":""},"categories":[916],"tags":[],"class_list":["post-30074","post","type-post","status-publish","format-standard","has-post-thumbnail","hentry","category-espiritualidade-pt-pt"],"yoast_head":"<!-- This site is optimized with the Yoast SEO Premium plugin v27.4 (Yoast SEO v27.4) - https:\/\/yoast.com\/product\/yoast-seo-premium-wordpress\/ -->\n<title>Ser\u00e1 que os jovens do Brasil chegar\u00e3o \u00e0 JMJ? Veja o que aconteceu<\/title>\n<meta name=\"description\" content=\"Juventude de Schoenstatt do Brasil enfrenta um grande desafio para participar da Jornada Mundial da Juventude\" \/>\n<meta name=\"robots\" content=\"index, follow, max-snippet:-1, max-image-preview:large, max-video-preview:-1\" \/>\n<link rel=\"canonical\" href=\"https:\/\/schoenstatt.com\/pt-pt\/sera-que-os-jovens-do-brasil-chegarao-a-jmj\/\" \/>\n<meta property=\"og:locale\" content=\"pt_PT\" \/>\n<meta property=\"og:type\" content=\"article\" \/>\n<meta property=\"og:title\" content=\"Ser\u00e1 que os jovens do Brasil chegar\u00e3o \u00e0 JMJ? Veja o que aconteceu\" \/>\n<meta property=\"og:description\" content=\"Juventude de Schoenstatt do Brasil enfrenta um grande desafio para participar da Jornada Mundial da Juventude\" \/>\n<meta property=\"og:url\" content=\"https:\/\/schoenstatt.com\/pt-pt\/sera-que-os-jovens-do-brasil-chegarao-a-jmj\/\" \/>\n<meta property=\"og:site_name\" content=\"Schoenstatt\" \/>\n<meta property=\"article:published_time\" content=\"2023-04-17T20:45:42+00:00\" \/>\n<meta property=\"article:modified_time\" content=\"2025-05-15T22:30:13+00:00\" \/>\n<meta property=\"og:image\" content=\"https:\/\/schoenstatt.com\/wp-content\/uploads\/2023\/04\/WhatsApp-Image-2023-03-31-at-14.19.50-1.jpeg\" \/>\n\t<meta property=\"og:image:width\" content=\"1280\" \/>\n\t<meta property=\"og:image:height\" content=\"720\" \/>\n\t<meta property=\"og:image:type\" content=\"image\/jpeg\" \/>\n<meta name=\"author\" content=\"Karen Bueno\" \/>\n<meta name=\"twitter:card\" content=\"summary_large_image\" \/>\n<meta name=\"twitter:label1\" content=\"Escrito por\" \/>\n\t<meta name=\"twitter:data1\" content=\"Karen Bueno\" \/>\n\t<meta name=\"twitter:label2\" content=\"Tempo estimado de leitura\" \/>\n\t<meta name=\"twitter:data2\" content=\"5 minutos\" \/>\n<script type=\"application\/ld+json\" class=\"yoast-schema-graph\">{\"@context\":\"https:\\\/\\\/schema.org\",\"@graph\":[{\"@type\":\"Article\",\"@id\":\"https:\\\/\\\/schoenstatt.com\\\/pt-pt\\\/sera-que-os-jovens-do-brasil-chegarao-a-jmj\\\/#article\",\"isPartOf\":{\"@id\":\"https:\\\/\\\/schoenstatt.com\\\/pt-pt\\\/sera-que-os-jovens-do-brasil-chegarao-a-jmj\\\/\"},\"author\":{\"name\":\"Karen Bueno\",\"@id\":\"https:\\\/\\\/schoenstatt.com\\\/pt-pt\\\/#\\\/schema\\\/person\\\/5158877ad4acae98b34daaeef2a1ce6e\"},\"headline\":\"Ser\u00e1 que os jovens do Brasil chegar\u00e3o \u00e0 JMJ? Veja o que aconteceu\",\"datePublished\":\"2023-04-17T20:45:42+00:00\",\"dateModified\":\"2025-05-15T22:30:13+00:00\",\"mainEntityOfPage\":{\"@id\":\"https:\\\/\\\/schoenstatt.com\\\/pt-pt\\\/sera-que-os-jovens-do-brasil-chegarao-a-jmj\\\/\"},\"wordCount\":916,\"publisher\":{\"@id\":\"https:\\\/\\\/schoenstatt.com\\\/pt-pt\\\/#organization\"},\"image\":{\"@id\":\"https:\\\/\\\/schoenstatt.com\\\/pt-pt\\\/sera-que-os-jovens-do-brasil-chegarao-a-jmj\\\/#primaryimage\"},\"thumbnailUrl\":\"https:\\\/\\\/schoenstatt.com\\\/wp-content\\\/uploads\\\/2023\\\/04\\\/WhatsApp-Image-2023-03-31-at-14.19.50-1.jpeg\",\"articleSection\":[\"Espiritualidade\"],\"inLanguage\":\"pt-PT\"},{\"@type\":\"WebPage\",\"@id\":\"https:\\\/\\\/schoenstatt.com\\\/pt-pt\\\/sera-que-os-jovens-do-brasil-chegarao-a-jmj\\\/\",\"url\":\"https:\\\/\\\/schoenstatt.com\\\/pt-pt\\\/sera-que-os-jovens-do-brasil-chegarao-a-jmj\\\/\",\"name\":\"Ser\u00e1 que os jovens do Brasil chegar\u00e3o \u00e0 JMJ? Veja o que aconteceu\",\"isPartOf\":{\"@id\":\"https:\\\/\\\/schoenstatt.com\\\/pt-pt\\\/#website\"},\"primaryImageOfPage\":{\"@id\":\"https:\\\/\\\/schoenstatt.com\\\/pt-pt\\\/sera-que-os-jovens-do-brasil-chegarao-a-jmj\\\/#primaryimage\"},\"image\":{\"@id\":\"https:\\\/\\\/schoenstatt.com\\\/pt-pt\\\/sera-que-os-jovens-do-brasil-chegarao-a-jmj\\\/#primaryimage\"},\"thumbnailUrl\":\"https:\\\/\\\/schoenstatt.com\\\/wp-content\\\/uploads\\\/2023\\\/04\\\/WhatsApp-Image-2023-03-31-at-14.19.50-1.jpeg\",\"datePublished\":\"2023-04-17T20:45:42+00:00\",\"dateModified\":\"2025-05-15T22:30:13+00:00\",\"description\":\"Juventude de Schoenstatt do Brasil enfrenta um grande desafio para participar da Jornada Mundial da Juventude\",\"breadcrumb\":{\"@id\":\"https:\\\/\\\/schoenstatt.com\\\/pt-pt\\\/sera-que-os-jovens-do-brasil-chegarao-a-jmj\\\/#breadcrumb\"},\"inLanguage\":\"pt-PT\",\"potentialAction\":[{\"@type\":\"ReadAction\",\"target\":[\"https:\\\/\\\/schoenstatt.com\\\/pt-pt\\\/sera-que-os-jovens-do-brasil-chegarao-a-jmj\\\/\"]}]},{\"@type\":\"ImageObject\",\"inLanguage\":\"pt-PT\",\"@id\":\"https:\\\/\\\/schoenstatt.com\\\/pt-pt\\\/sera-que-os-jovens-do-brasil-chegarao-a-jmj\\\/#primaryimage\",\"url\":\"https:\\\/\\\/schoenstatt.com\\\/wp-content\\\/uploads\\\/2023\\\/04\\\/WhatsApp-Image-2023-03-31-at-14.19.50-1.jpeg\",\"contentUrl\":\"https:\\\/\\\/schoenstatt.com\\\/wp-content\\\/uploads\\\/2023\\\/04\\\/WhatsApp-Image-2023-03-31-at-14.19.50-1.jpeg\",\"width\":1280,\"height\":720},{\"@type\":\"BreadcrumbList\",\"@id\":\"https:\\\/\\\/schoenstatt.com\\\/pt-pt\\\/sera-que-os-jovens-do-brasil-chegarao-a-jmj\\\/#breadcrumb\",\"itemListElement\":[{\"@type\":\"ListItem\",\"position\":1,\"name\":\"Portada\",\"item\":\"https:\\\/\\\/schoenstatt.com\\\/pt-pt\\\/home\\\/\"},{\"@type\":\"ListItem\",\"position\":2,\"name\":\"Ser\u00e1 que os jovens do Brasil chegar\u00e3o \u00e0 JMJ? Veja o que aconteceu\"}]},{\"@type\":\"WebSite\",\"@id\":\"https:\\\/\\\/schoenstatt.com\\\/pt-pt\\\/#website\",\"url\":\"https:\\\/\\\/schoenstatt.com\\\/pt-pt\\\/\",\"name\":\"Schoenstatt\",\"description\":\"Apostolic Movement\",\"publisher\":{\"@id\":\"https:\\\/\\\/schoenstatt.com\\\/pt-pt\\\/#organization\"},\"potentialAction\":[{\"@type\":\"SearchAction\",\"target\":{\"@type\":\"EntryPoint\",\"urlTemplate\":\"https:\\\/\\\/schoenstatt.com\\\/pt-pt\\\/?s={search_term_string}\"},\"query-input\":{\"@type\":\"PropertyValueSpecification\",\"valueRequired\":true,\"valueName\":\"search_term_string\"}}],\"inLanguage\":\"pt-PT\"},{\"@type\":\"Organization\",\"@id\":\"https:\\\/\\\/schoenstatt.com\\\/pt-pt\\\/#organization\",\"name\":\"Schoenstatt\",\"url\":\"https:\\\/\\\/schoenstatt.com\\\/pt-pt\\\/\",\"logo\":{\"@type\":\"ImageObject\",\"inLanguage\":\"pt-PT\",\"@id\":\"https:\\\/\\\/schoenstatt.com\\\/pt-pt\\\/#\\\/schema\\\/logo\\\/image\\\/\",\"url\":\"https:\\\/\\\/schoenstatt.com\\\/wp-content\\\/uploads\\\/2025\\\/04\\\/logo-schoenstatt-white-696x696-1.png\",\"contentUrl\":\"https:\\\/\\\/schoenstatt.com\\\/wp-content\\\/uploads\\\/2025\\\/04\\\/logo-schoenstatt-white-696x696-1.png\",\"width\":696,\"height\":694,\"caption\":\"Schoenstatt\"},\"image\":{\"@id\":\"https:\\\/\\\/schoenstatt.com\\\/pt-pt\\\/#\\\/schema\\\/logo\\\/image\\\/\"}},{\"@type\":\"Person\",\"@id\":\"https:\\\/\\\/schoenstatt.com\\\/pt-pt\\\/#\\\/schema\\\/person\\\/5158877ad4acae98b34daaeef2a1ce6e\",\"name\":\"Karen Bueno\",\"image\":{\"@type\":\"ImageObject\",\"inLanguage\":\"pt-PT\",\"@id\":\"https:\\\/\\\/secure.gravatar.com\\\/avatar\\\/f9f4b823873154269d2b2130f195f6d41037dd0d7fc5f3cacb5c846bae70d66b?s=96&d=mm&r=g\",\"url\":\"https:\\\/\\\/secure.gravatar.com\\\/avatar\\\/f9f4b823873154269d2b2130f195f6d41037dd0d7fc5f3cacb5c846bae70d66b?s=96&d=mm&r=g\",\"contentUrl\":\"https:\\\/\\\/secure.gravatar.com\\\/avatar\\\/f9f4b823873154269d2b2130f195f6d41037dd0d7fc5f3cacb5c846bae70d66b?s=96&d=mm&r=g\",\"caption\":\"Karen Bueno\"},\"url\":\"https:\\\/\\\/schoenstatt.com\\\/pt-pt\\\/author\\\/karen-bueno\\\/\"}]}<\/script>\n<!-- \/ Yoast SEO Premium plugin. -->","yoast_head_json":{"title":"Ser\u00e1 que os jovens do Brasil chegar\u00e3o \u00e0 JMJ? Veja o que aconteceu","description":"Juventude de Schoenstatt do Brasil enfrenta um grande desafio para participar da Jornada Mundial da Juventude","robots":{"index":"index","follow":"follow","max-snippet":"max-snippet:-1","max-image-preview":"max-image-preview:large","max-video-preview":"max-video-preview:-1"},"canonical":"https:\/\/schoenstatt.com\/pt-pt\/sera-que-os-jovens-do-brasil-chegarao-a-jmj\/","og_locale":"pt_PT","og_type":"article","og_title":"Ser\u00e1 que os jovens do Brasil chegar\u00e3o \u00e0 JMJ? Veja o que aconteceu","og_description":"Juventude de Schoenstatt do Brasil enfrenta um grande desafio para participar da Jornada Mundial da Juventude","og_url":"https:\/\/schoenstatt.com\/pt-pt\/sera-que-os-jovens-do-brasil-chegarao-a-jmj\/","og_site_name":"Schoenstatt","article_published_time":"2023-04-17T20:45:42+00:00","article_modified_time":"2025-05-15T22:30:13+00:00","og_image":[{"width":1280,"height":720,"url":"https:\/\/schoenstatt.com\/wp-content\/uploads\/2023\/04\/WhatsApp-Image-2023-03-31-at-14.19.50-1.jpeg","type":"image\/jpeg"}],"author":"Karen Bueno","twitter_card":"summary_large_image","twitter_misc":{"Escrito por":"Karen Bueno","Tempo estimado de leitura":"5 minutos"},"schema":{"@context":"https:\/\/schema.org","@graph":[{"@type":"Article","@id":"https:\/\/schoenstatt.com\/pt-pt\/sera-que-os-jovens-do-brasil-chegarao-a-jmj\/#article","isPartOf":{"@id":"https:\/\/schoenstatt.com\/pt-pt\/sera-que-os-jovens-do-brasil-chegarao-a-jmj\/"},"author":{"name":"Karen Bueno","@id":"https:\/\/schoenstatt.com\/pt-pt\/#\/schema\/person\/5158877ad4acae98b34daaeef2a1ce6e"},"headline":"Ser\u00e1 que os jovens do Brasil chegar\u00e3o \u00e0 JMJ? Veja o que aconteceu","datePublished":"2023-04-17T20:45:42+00:00","dateModified":"2025-05-15T22:30:13+00:00","mainEntityOfPage":{"@id":"https:\/\/schoenstatt.com\/pt-pt\/sera-que-os-jovens-do-brasil-chegarao-a-jmj\/"},"wordCount":916,"publisher":{"@id":"https:\/\/schoenstatt.com\/pt-pt\/#organization"},"image":{"@id":"https:\/\/schoenstatt.com\/pt-pt\/sera-que-os-jovens-do-brasil-chegarao-a-jmj\/#primaryimage"},"thumbnailUrl":"https:\/\/schoenstatt.com\/wp-content\/uploads\/2023\/04\/WhatsApp-Image-2023-03-31-at-14.19.50-1.jpeg","articleSection":["Espiritualidade"],"inLanguage":"pt-PT"},{"@type":"WebPage","@id":"https:\/\/schoenstatt.com\/pt-pt\/sera-que-os-jovens-do-brasil-chegarao-a-jmj\/","url":"https:\/\/schoenstatt.com\/pt-pt\/sera-que-os-jovens-do-brasil-chegarao-a-jmj\/","name":"Ser\u00e1 que os jovens do Brasil chegar\u00e3o \u00e0 JMJ? Veja o que aconteceu","isPartOf":{"@id":"https:\/\/schoenstatt.com\/pt-pt\/#website"},"primaryImageOfPage":{"@id":"https:\/\/schoenstatt.com\/pt-pt\/sera-que-os-jovens-do-brasil-chegarao-a-jmj\/#primaryimage"},"image":{"@id":"https:\/\/schoenstatt.com\/pt-pt\/sera-que-os-jovens-do-brasil-chegarao-a-jmj\/#primaryimage"},"thumbnailUrl":"https:\/\/schoenstatt.com\/wp-content\/uploads\/2023\/04\/WhatsApp-Image-2023-03-31-at-14.19.50-1.jpeg","datePublished":"2023-04-17T20:45:42+00:00","dateModified":"2025-05-15T22:30:13+00:00","description":"Juventude de Schoenstatt do Brasil enfrenta um grande desafio para participar da Jornada Mundial da Juventude","breadcrumb":{"@id":"https:\/\/schoenstatt.com\/pt-pt\/sera-que-os-jovens-do-brasil-chegarao-a-jmj\/#breadcrumb"},"inLanguage":"pt-PT","potentialAction":[{"@type":"ReadAction","target":["https:\/\/schoenstatt.com\/pt-pt\/sera-que-os-jovens-do-brasil-chegarao-a-jmj\/"]}]},{"@type":"ImageObject","inLanguage":"pt-PT","@id":"https:\/\/schoenstatt.com\/pt-pt\/sera-que-os-jovens-do-brasil-chegarao-a-jmj\/#primaryimage","url":"https:\/\/schoenstatt.com\/wp-content\/uploads\/2023\/04\/WhatsApp-Image-2023-03-31-at-14.19.50-1.jpeg","contentUrl":"https:\/\/schoenstatt.com\/wp-content\/uploads\/2023\/04\/WhatsApp-Image-2023-03-31-at-14.19.50-1.jpeg","width":1280,"height":720},{"@type":"BreadcrumbList","@id":"https:\/\/schoenstatt.com\/pt-pt\/sera-que-os-jovens-do-brasil-chegarao-a-jmj\/#breadcrumb","itemListElement":[{"@type":"ListItem","position":1,"name":"Portada","item":"https:\/\/schoenstatt.com\/pt-pt\/home\/"},{"@type":"ListItem","position":2,"name":"Ser\u00e1 que os jovens do Brasil chegar\u00e3o \u00e0 JMJ? Veja o que aconteceu"}]},{"@type":"WebSite","@id":"https:\/\/schoenstatt.com\/pt-pt\/#website","url":"https:\/\/schoenstatt.com\/pt-pt\/","name":"Schoenstatt","description":"Apostolic Movement","publisher":{"@id":"https:\/\/schoenstatt.com\/pt-pt\/#organization"},"potentialAction":[{"@type":"SearchAction","target":{"@type":"EntryPoint","urlTemplate":"https:\/\/schoenstatt.com\/pt-pt\/?s={search_term_string}"},"query-input":{"@type":"PropertyValueSpecification","valueRequired":true,"valueName":"search_term_string"}}],"inLanguage":"pt-PT"},{"@type":"Organization","@id":"https:\/\/schoenstatt.com\/pt-pt\/#organization","name":"Schoenstatt","url":"https:\/\/schoenstatt.com\/pt-pt\/","logo":{"@type":"ImageObject","inLanguage":"pt-PT","@id":"https:\/\/schoenstatt.com\/pt-pt\/#\/schema\/logo\/image\/","url":"https:\/\/schoenstatt.com\/wp-content\/uploads\/2025\/04\/logo-schoenstatt-white-696x696-1.png","contentUrl":"https:\/\/schoenstatt.com\/wp-content\/uploads\/2025\/04\/logo-schoenstatt-white-696x696-1.png","width":696,"height":694,"caption":"Schoenstatt"},"image":{"@id":"https:\/\/schoenstatt.com\/pt-pt\/#\/schema\/logo\/image\/"}},{"@type":"Person","@id":"https:\/\/schoenstatt.com\/pt-pt\/#\/schema\/person\/5158877ad4acae98b34daaeef2a1ce6e","name":"Karen Bueno","image":{"@type":"ImageObject","inLanguage":"pt-PT","@id":"https:\/\/secure.gravatar.com\/avatar\/f9f4b823873154269d2b2130f195f6d41037dd0d7fc5f3cacb5c846bae70d66b?s=96&d=mm&r=g","url":"https:\/\/secure.gravatar.com\/avatar\/f9f4b823873154269d2b2130f195f6d41037dd0d7fc5f3cacb5c846bae70d66b?s=96&d=mm&r=g","contentUrl":"https:\/\/secure.gravatar.com\/avatar\/f9f4b823873154269d2b2130f195f6d41037dd0d7fc5f3cacb5c846bae70d66b?s=96&d=mm&r=g","caption":"Karen Bueno"},"url":"https:\/\/schoenstatt.com\/pt-pt\/author\/karen-bueno\/"}]}},"_links":{"self":[{"href":"https:\/\/schoenstatt.com\/pt-pt\/wp-json\/wp\/v2\/posts\/30074","targetHints":{"allow":["GET"]}}],"collection":[{"href":"https:\/\/schoenstatt.com\/pt-pt\/wp-json\/wp\/v2\/posts"}],"about":[{"href":"https:\/\/schoenstatt.com\/pt-pt\/wp-json\/wp\/v2\/types\/post"}],"author":[{"embeddable":true,"href":"https:\/\/schoenstatt.com\/pt-pt\/wp-json\/wp\/v2\/users\/3"}],"replies":[{"embeddable":true,"href":"https:\/\/schoenstatt.com\/pt-pt\/wp-json\/wp\/v2\/comments?post=30074"}],"version-history":[{"count":1,"href":"https:\/\/schoenstatt.com\/pt-pt\/wp-json\/wp\/v2\/posts\/30074\/revisions"}],"predecessor-version":[{"id":45956,"href":"https:\/\/schoenstatt.com\/pt-pt\/wp-json\/wp\/v2\/posts\/30074\/revisions\/45956"}],"wp:featuredmedia":[{"embeddable":true,"href":"https:\/\/schoenstatt.com\/pt-pt\/wp-json\/wp\/v2\/media\/30083"}],"wp:attachment":[{"href":"https:\/\/schoenstatt.com\/pt-pt\/wp-json\/wp\/v2\/media?parent=30074"}],"wp:term":[{"taxonomy":"category","embeddable":true,"href":"https:\/\/schoenstatt.com\/pt-pt\/wp-json\/wp\/v2\/categories?post=30074"},{"taxonomy":"post_tag","embeddable":true,"href":"https:\/\/schoenstatt.com\/pt-pt\/wp-json\/wp\/v2\/tags?post=30074"}],"curies":[{"name":"wp","href":"https:\/\/api.w.org\/{rel}","templated":true}]}}