{"id":29873,"date":"2023-04-04T12:30:55","date_gmt":"2023-04-04T10:30:55","guid":{"rendered":"https:\/\/schoenstatt.com\/?p=29873"},"modified":"2025-05-16T00:54:48","modified_gmt":"2025-05-15T22:54:48","slug":"o-roubo-da-cruz-da-unidade","status":"publish","type":"post","link":"https:\/\/schoenstatt.com\/pt-pt\/o-roubo-da-cruz-da-unidade\/","title":{"rendered":"O roubo da Cruz da Unidade"},"content":{"rendered":"<p>A Cruz da Unidade de Bellavista \u00e9 a primeira r\u00e9plica, presenteada pela Regi\u00e3o de Stuttgart (Alemanha) das Senhoras de Schoenstatt ao Santu\u00e1rio de Bellavista. Esta Cruz foi entronizada no dia 19 de mar\u00e7o de 1969 pelas m\u00e3os de Eug\u00eania Mahringer, ent\u00e3o superiora da Regi\u00e3o de Stuttgart das <a href=\"https:\/\/schoenstatt.com\/pt-pt\/espiritualidade\/a-mae-cuidara-sejamos-milagres-da-confianca\/\">Senhoras de Schoenstatt<\/a>.<\/p>\n<p>A primeira Cruz, que chamamos Cruz da Unidade Original, se encontra no Santu\u00e1rio de Stuttgart, na Alemanha, presenteada pelo pr\u00f3prio fundador, \u00e0s Senhoras de Schoenstatt desta regi\u00e3o, ap\u00f3s seu retorno do ex\u00edlio.<\/p>\n<p>&nbsp;<\/p>\n<figure id=\"attachment_29874\" aria-describedby=\"caption-attachment-29874\" style=\"width: 512px\" class=\"wp-caption aligncenter\"><img fetchpriority=\"high\" decoding=\"async\" class=\"wp-image-29874 size-full\" src=\"https:\/\/schoenstatt.com\/wp-content\/uploads\/2023\/04\/unnamed-2.jpg\" alt=\"\" width=\"512\" height=\"349\" \/><figcaption id=\"caption-attachment-29874\" class=\"wp-caption-text\">19 de mar\u00e7o de 1969<\/figcaption><\/figure>\n<p>&nbsp;<\/p>\n<h3>31 de maio<\/h3>\n<p>O Santu\u00e1rio de Bellavista \u00e9 portador de uma gra\u00e7a e uma miss\u00e3o muito especial, dentro da Obra de Schoenstatt, que \u00e9 o 31 de maio.<\/p>\n<p>Neste dia, nosso Pai Fundador colocou sobre o altar de Bellavista (Chile) a carta-resposta ao Bispo de Treves, quanto a algumas quest\u00f5es pendentes a serem resolvidas em e sobre Schoenstatt. Este dia ficou conhecido como o 3\u00b0 marco hist\u00f3rico de Schoenstatt, devido \u00e0 sua repercuss\u00e3o e \u00e0 interven\u00e7\u00e3o divina neste momento da hist\u00f3ria de Schoenstatt. \u00c9 o dia da miss\u00e3o!<\/p>\n<p>Nosso Pai e Fundador veio a Am\u00e9rica buscar aliados para puxar o carro de triunfo de Maria. Veio proclamar uma cruzada, do pensar, amar e viver org\u00e2nicos, e esta consiste em:<\/p>\n<p>\u2013 Cultivar os v\u00ednculos<br \/>\n\u2013 Superar o esp\u00edrito do tempo (pensar mecanicista)<br \/>\n\u2013 Chegar a ser cora\u00e7\u00e3o da Igreja, para que esta chegue a ser alma do mundo.<br \/>\n\u2013 Proclamar a miss\u00e3o de Maria: companheira e colaboradora permanente e oficial de Cristo na Obra da Reden\u00e7\u00e3o.<\/p>\n<h3><\/h3>\n<h3>Em Maria temos o ideal preclaro desta espiritualidade<\/h3>\n<p>Ela harmoniza natureza e gra\u00e7a, Ela vence as heresias antropol\u00f3gicas, vence o mecanicismo que separa o humano do divino, a f\u00e9 da vida, a autoridade da obedi\u00eancia; Ela \u00e9 a resposta ao homem de hoje que perdeu a habilidade de manter firme a rela\u00e7\u00e3o entre o natural e o sobrenatural, e \u00e9 incapaz de tomar s\u00e9rias decis\u00f5es sobrenaturais, de ser coerente com o que pensa, com o que vive, com o que ama.<\/p>\n<p>&nbsp;<\/p>\n<p>Neste contexto, alguns estudantes Chilenos dos Padres Pallotinos, buscam seu ideal de gera\u00e7\u00e3o, com o desejo de presentear ao Santu\u00e1rio de Bellavista um crucifixo que expressasse sua imagem de Cristo sacerdote a partir da Alian\u00e7a de Amor com Maria \u00e0 luz da imagem original de Cristo que o fundador lhes ensinara, plasmam esse ideal em uma cruz, a Cruz da Unidade.<\/p>\n<p>&nbsp;<\/p>\n<blockquote><p>\u201cN\u00e3o existe nos planos de Deus eterno nenhuma imagem de Maria que esteja separada de Cristo; somente por Ele e atrav\u00e9s d\u2019Ele Ela foi criada. Da mesma maneira, n\u00e3o existe nos des\u00edgnios da eternidade nenhuma imagem de Cristo separada de Maria. (Pe. Jos\u00e9 Kentenich, 1956)<\/p><\/blockquote>\n<p>&nbsp;<\/p>\n<p>Nos unimos \u00e0 Fam\u00edlia de Bellavista e todos os filhos de Schoenstatt do mundo inteiro em ora\u00e7\u00e3o e em esp\u00edrito de expia\u00e7\u00e3o por este acontecimento.<\/p>\n<p>Las Fotos se puede sacar del sitio: https:\/\/schoenstatt.org.br\/2023\/04\/03\/o-roubo-da-cruz-da-unidade\/<\/p>\n<p>Leia tamb\u00e9m:<\/p>\n<p>\u2013 <a href=\"https:\/\/schoenstatt.org.br\/2020\/03\/13\/a-cruz-da-unidade-em-schoenstatt\/\">O significado da Cruz da Unidade<\/a><\/p>\n<p>\u2013<a href=\"https:\/\/schoenstatt.org.br\/2016\/08\/21\/o-historico-da-cruz-da-unidade\/\"> A hist\u00f3ria da Cruz da Unidade<\/a><\/p>\n<p>&nbsp;<\/p>\n<h3 style=\"text-align: center;\">Rezemos:<\/h3>\n<p>&nbsp;<\/p>\n<p style=\"text-align: left;\">\u00d3 Santa Cruz, diante de ti me prostro e canto hinos ardentes de jubilo e gratid\u00e3o: em ti o Senhor consumou a obra,que nos tornou filhos de Deus. Quero mergulhar-te bem fundo<br \/>\nno meu alegre cora\u00e7\u00e3o, dar-te continuamente todo o meu amor;<br \/>\nem ti, Crucificado, e na tua Esposa se apoie a esperan\u00e7a da minha vida.<\/p>\n<p style=\"text-align: left;\">Que eu vos leve aos homens e os conquiste para vos; combatendo, arrisque a minha vida<br \/>\npor v\u00f3s, cada dia; que o vosso reino triunfe em toda a parte e estenda os seus limites a todo o universo.<\/p>\n<p style=\"text-align: left;\">Que eu leve aos povos a cruz e a imagem de Maria como sinal da reden\u00e7\u00e3o;<br \/>\njamais sejam separados um do outro o que o Pai, no seu plano de amor, concebeu como unidade.<\/p>\n<p style=\"text-align: left;\">Schoenstatt permane\u00e7a sempre um instrumento fiel,<br \/>\nvos inscreva unidos nos cora\u00e7\u00f5es dos homens, para que o reino de satan\u00e1s seja eficazmente destru\u00eddo<br \/>\ne, no Espirito Santo, aumente a gloria do Pai. Am\u00e9n.<\/p>\n<p style=\"text-align: center;\"><strong>(Rumo ao C\u00e9u \u2013 Ora\u00e7\u00e3o Final Via Sacra)<\/strong><\/p>\n<p>&nbsp;<\/p>\n<p style=\"font-size: 12px;\">Ana Christina Melquiades pertence ao Instituto Nossa Senhora de Schoenstatt<\/p>\n<p><iframe title=\"Sobre el robo de la Cruz de la Unidad del Santuario de Bellavista\" width=\"800\" height=\"450\" src=\"https:\/\/www.youtube.com\/embed\/1uEpMPkL_-0?feature=oembed\" frameborder=\"0\" allow=\"accelerometer; autoplay; clipboard-write; encrypted-media; gyroscope; picture-in-picture; web-share\" referrerpolicy=\"strict-origin-when-cross-origin\" allowfullscreen><\/iframe><\/p>\n<p>Fonte: <a href=\"https:\/\/schoenstatt.org.br\/2023\/04\/03\/o-roubo-da-cruz-da-unidade\/\">Schoenstatt Brasil<\/a><\/p>\n","protected":false},"excerpt":{"rendered":"<p>No \u00faltimo dia 02 de abril de 2023, Domingo de Ramos, in\u00edcio da semana maior da nossa Igreja, a Semana Santa, chegou a not\u00edcia do roubo da Cruz da Unidade do Santu\u00e1rio de Bellavista no Chile.<\/p>\n","protected":false},"author":3,"featured_media":29891,"comment_status":"closed","ping_status":"closed","sticky":false,"template":"","format":"standard","meta":{"footnotes":""},"categories":[908,876],"tags":[],"class_list":["post-29873","post","type-post","status-publish","format-standard","has-post-thumbnail","hentry","category-comunidades-de-schoenstatt-pt-pt","category-familia-pt-pt"],"yoast_head":"<!-- This site is optimized with the Yoast SEO Premium plugin v27.4 (Yoast SEO v27.4) - https:\/\/yoast.com\/product\/yoast-seo-premium-wordpress\/ -->\n<title>O roubo da Cruz da Unidade - Schoenstatt<\/title>\n<meta name=\"description\" content=\"No \u00faltimo dia 02 de abril de 2023, chegou a not\u00edcia do roubo da Cruz da Unidade do Santu\u00e1rio de Bellavista no Chile.\" \/>\n<meta name=\"robots\" content=\"index, follow, max-snippet:-1, max-image-preview:large, max-video-preview:-1\" \/>\n<link rel=\"canonical\" href=\"https:\/\/schoenstatt.com\/pt-pt\/o-roubo-da-cruz-da-unidade\/\" \/>\n<meta property=\"og:locale\" content=\"pt_PT\" \/>\n<meta property=\"og:type\" content=\"article\" \/>\n<meta property=\"og:title\" content=\"O roubo da Cruz da Unidade\" \/>\n<meta property=\"og:description\" content=\"No \u00faltimo dia 02 de abril de 2023, chegou a not\u00edcia do roubo da Cruz da Unidade do Santu\u00e1rio de Bellavista no Chile.\" \/>\n<meta property=\"og:url\" content=\"https:\/\/schoenstatt.com\/pt-pt\/o-roubo-da-cruz-da-unidade\/\" \/>\n<meta property=\"og:site_name\" content=\"Schoenstatt\" \/>\n<meta property=\"article:published_time\" content=\"2023-04-04T10:30:55+00:00\" \/>\n<meta property=\"article:modified_time\" content=\"2025-05-15T22:54:48+00:00\" \/>\n<meta property=\"og:image\" content=\"https:\/\/schoenstatt.com\/wp-content\/uploads\/2023\/04\/cruz-da-unidade-pedro-e-paulo-1.png\" \/>\n\t<meta property=\"og:image:width\" content=\"700\" \/>\n\t<meta property=\"og:image:height\" content=\"456\" \/>\n\t<meta property=\"og:image:type\" content=\"image\/png\" \/>\n<meta name=\"author\" content=\"Karen Bueno\" \/>\n<meta name=\"twitter:card\" content=\"summary_large_image\" \/>\n<meta name=\"twitter:label1\" content=\"Escrito por\" \/>\n\t<meta name=\"twitter:data1\" content=\"Karen Bueno\" \/>\n\t<meta name=\"twitter:label2\" content=\"Tempo estimado de leitura\" \/>\n\t<meta name=\"twitter:data2\" content=\"4 minutos\" \/>\n<script type=\"application\/ld+json\" class=\"yoast-schema-graph\">{\"@context\":\"https:\\\/\\\/schema.org\",\"@graph\":[{\"@type\":\"Article\",\"@id\":\"https:\\\/\\\/schoenstatt.com\\\/pt-pt\\\/o-roubo-da-cruz-da-unidade\\\/#article\",\"isPartOf\":{\"@id\":\"https:\\\/\\\/schoenstatt.com\\\/pt-pt\\\/o-roubo-da-cruz-da-unidade\\\/\"},\"author\":{\"name\":\"Karen Bueno\",\"@id\":\"https:\\\/\\\/schoenstatt.com\\\/pt-pt\\\/#\\\/schema\\\/person\\\/5158877ad4acae98b34daaeef2a1ce6e\"},\"headline\":\"O roubo da Cruz da Unidade\",\"datePublished\":\"2023-04-04T10:30:55+00:00\",\"dateModified\":\"2025-05-15T22:54:48+00:00\",\"mainEntityOfPage\":{\"@id\":\"https:\\\/\\\/schoenstatt.com\\\/pt-pt\\\/o-roubo-da-cruz-da-unidade\\\/\"},\"wordCount\":740,\"publisher\":{\"@id\":\"https:\\\/\\\/schoenstatt.com\\\/pt-pt\\\/#organization\"},\"image\":{\"@id\":\"https:\\\/\\\/schoenstatt.com\\\/pt-pt\\\/o-roubo-da-cruz-da-unidade\\\/#primaryimage\"},\"thumbnailUrl\":\"https:\\\/\\\/schoenstatt.com\\\/wp-content\\\/uploads\\\/2023\\\/04\\\/cruz-da-unidade-pedro-e-paulo-1.png\",\"articleSection\":[\"Comunidades de Schoenstatt\",\"Fam\u00edlia\"],\"inLanguage\":\"pt-PT\"},{\"@type\":\"WebPage\",\"@id\":\"https:\\\/\\\/schoenstatt.com\\\/pt-pt\\\/o-roubo-da-cruz-da-unidade\\\/\",\"url\":\"https:\\\/\\\/schoenstatt.com\\\/pt-pt\\\/o-roubo-da-cruz-da-unidade\\\/\",\"name\":\"O roubo da Cruz da Unidade - Schoenstatt\",\"isPartOf\":{\"@id\":\"https:\\\/\\\/schoenstatt.com\\\/pt-pt\\\/#website\"},\"primaryImageOfPage\":{\"@id\":\"https:\\\/\\\/schoenstatt.com\\\/pt-pt\\\/o-roubo-da-cruz-da-unidade\\\/#primaryimage\"},\"image\":{\"@id\":\"https:\\\/\\\/schoenstatt.com\\\/pt-pt\\\/o-roubo-da-cruz-da-unidade\\\/#primaryimage\"},\"thumbnailUrl\":\"https:\\\/\\\/schoenstatt.com\\\/wp-content\\\/uploads\\\/2023\\\/04\\\/cruz-da-unidade-pedro-e-paulo-1.png\",\"datePublished\":\"2023-04-04T10:30:55+00:00\",\"dateModified\":\"2025-05-15T22:54:48+00:00\",\"description\":\"No \u00faltimo dia 02 de abril de 2023, chegou a not\u00edcia do roubo da Cruz da Unidade do Santu\u00e1rio de Bellavista no Chile.\",\"breadcrumb\":{\"@id\":\"https:\\\/\\\/schoenstatt.com\\\/pt-pt\\\/o-roubo-da-cruz-da-unidade\\\/#breadcrumb\"},\"inLanguage\":\"pt-PT\",\"potentialAction\":[{\"@type\":\"ReadAction\",\"target\":[\"https:\\\/\\\/schoenstatt.com\\\/pt-pt\\\/o-roubo-da-cruz-da-unidade\\\/\"]}]},{\"@type\":\"ImageObject\",\"inLanguage\":\"pt-PT\",\"@id\":\"https:\\\/\\\/schoenstatt.com\\\/pt-pt\\\/o-roubo-da-cruz-da-unidade\\\/#primaryimage\",\"url\":\"https:\\\/\\\/schoenstatt.com\\\/wp-content\\\/uploads\\\/2023\\\/04\\\/cruz-da-unidade-pedro-e-paulo-1.png\",\"contentUrl\":\"https:\\\/\\\/schoenstatt.com\\\/wp-content\\\/uploads\\\/2023\\\/04\\\/cruz-da-unidade-pedro-e-paulo-1.png\",\"width\":700,\"height\":456,\"caption\":\"cruz da unidade\"},{\"@type\":\"BreadcrumbList\",\"@id\":\"https:\\\/\\\/schoenstatt.com\\\/pt-pt\\\/o-roubo-da-cruz-da-unidade\\\/#breadcrumb\",\"itemListElement\":[{\"@type\":\"ListItem\",\"position\":1,\"name\":\"Portada\",\"item\":\"https:\\\/\\\/schoenstatt.com\\\/pt-pt\\\/home\\\/\"},{\"@type\":\"ListItem\",\"position\":2,\"name\":\"O roubo da Cruz da Unidade\"}]},{\"@type\":\"WebSite\",\"@id\":\"https:\\\/\\\/schoenstatt.com\\\/pt-pt\\\/#website\",\"url\":\"https:\\\/\\\/schoenstatt.com\\\/pt-pt\\\/\",\"name\":\"Schoenstatt\",\"description\":\"Apostolic Movement\",\"publisher\":{\"@id\":\"https:\\\/\\\/schoenstatt.com\\\/pt-pt\\\/#organization\"},\"potentialAction\":[{\"@type\":\"SearchAction\",\"target\":{\"@type\":\"EntryPoint\",\"urlTemplate\":\"https:\\\/\\\/schoenstatt.com\\\/pt-pt\\\/?s={search_term_string}\"},\"query-input\":{\"@type\":\"PropertyValueSpecification\",\"valueRequired\":true,\"valueName\":\"search_term_string\"}}],\"inLanguage\":\"pt-PT\"},{\"@type\":\"Organization\",\"@id\":\"https:\\\/\\\/schoenstatt.com\\\/pt-pt\\\/#organization\",\"name\":\"Schoenstatt\",\"url\":\"https:\\\/\\\/schoenstatt.com\\\/pt-pt\\\/\",\"logo\":{\"@type\":\"ImageObject\",\"inLanguage\":\"pt-PT\",\"@id\":\"https:\\\/\\\/schoenstatt.com\\\/pt-pt\\\/#\\\/schema\\\/logo\\\/image\\\/\",\"url\":\"https:\\\/\\\/schoenstatt.com\\\/wp-content\\\/uploads\\\/2025\\\/04\\\/logo-schoenstatt-white-696x696-1.png\",\"contentUrl\":\"https:\\\/\\\/schoenstatt.com\\\/wp-content\\\/uploads\\\/2025\\\/04\\\/logo-schoenstatt-white-696x696-1.png\",\"width\":696,\"height\":694,\"caption\":\"Schoenstatt\"},\"image\":{\"@id\":\"https:\\\/\\\/schoenstatt.com\\\/pt-pt\\\/#\\\/schema\\\/logo\\\/image\\\/\"}},{\"@type\":\"Person\",\"@id\":\"https:\\\/\\\/schoenstatt.com\\\/pt-pt\\\/#\\\/schema\\\/person\\\/5158877ad4acae98b34daaeef2a1ce6e\",\"name\":\"Karen Bueno\",\"image\":{\"@type\":\"ImageObject\",\"inLanguage\":\"pt-PT\",\"@id\":\"https:\\\/\\\/secure.gravatar.com\\\/avatar\\\/f9f4b823873154269d2b2130f195f6d41037dd0d7fc5f3cacb5c846bae70d66b?s=96&d=mm&r=g\",\"url\":\"https:\\\/\\\/secure.gravatar.com\\\/avatar\\\/f9f4b823873154269d2b2130f195f6d41037dd0d7fc5f3cacb5c846bae70d66b?s=96&d=mm&r=g\",\"contentUrl\":\"https:\\\/\\\/secure.gravatar.com\\\/avatar\\\/f9f4b823873154269d2b2130f195f6d41037dd0d7fc5f3cacb5c846bae70d66b?s=96&d=mm&r=g\",\"caption\":\"Karen Bueno\"},\"url\":\"https:\\\/\\\/schoenstatt.com\\\/pt-pt\\\/author\\\/karen-bueno\\\/\"}]}<\/script>\n<!-- \/ Yoast SEO Premium plugin. -->","yoast_head_json":{"title":"O roubo da Cruz da Unidade - Schoenstatt","description":"No \u00faltimo dia 02 de abril de 2023, chegou a not\u00edcia do roubo da Cruz da Unidade do Santu\u00e1rio de Bellavista no Chile.","robots":{"index":"index","follow":"follow","max-snippet":"max-snippet:-1","max-image-preview":"max-image-preview:large","max-video-preview":"max-video-preview:-1"},"canonical":"https:\/\/schoenstatt.com\/pt-pt\/o-roubo-da-cruz-da-unidade\/","og_locale":"pt_PT","og_type":"article","og_title":"O roubo da Cruz da Unidade","og_description":"No \u00faltimo dia 02 de abril de 2023, chegou a not\u00edcia do roubo da Cruz da Unidade do Santu\u00e1rio de Bellavista no Chile.","og_url":"https:\/\/schoenstatt.com\/pt-pt\/o-roubo-da-cruz-da-unidade\/","og_site_name":"Schoenstatt","article_published_time":"2023-04-04T10:30:55+00:00","article_modified_time":"2025-05-15T22:54:48+00:00","og_image":[{"width":700,"height":456,"url":"https:\/\/schoenstatt.com\/wp-content\/uploads\/2023\/04\/cruz-da-unidade-pedro-e-paulo-1.png","type":"image\/png"}],"author":"Karen Bueno","twitter_card":"summary_large_image","twitter_misc":{"Escrito por":"Karen Bueno","Tempo estimado de leitura":"4 minutos"},"schema":{"@context":"https:\/\/schema.org","@graph":[{"@type":"Article","@id":"https:\/\/schoenstatt.com\/pt-pt\/o-roubo-da-cruz-da-unidade\/#article","isPartOf":{"@id":"https:\/\/schoenstatt.com\/pt-pt\/o-roubo-da-cruz-da-unidade\/"},"author":{"name":"Karen Bueno","@id":"https:\/\/schoenstatt.com\/pt-pt\/#\/schema\/person\/5158877ad4acae98b34daaeef2a1ce6e"},"headline":"O roubo da Cruz da Unidade","datePublished":"2023-04-04T10:30:55+00:00","dateModified":"2025-05-15T22:54:48+00:00","mainEntityOfPage":{"@id":"https:\/\/schoenstatt.com\/pt-pt\/o-roubo-da-cruz-da-unidade\/"},"wordCount":740,"publisher":{"@id":"https:\/\/schoenstatt.com\/pt-pt\/#organization"},"image":{"@id":"https:\/\/schoenstatt.com\/pt-pt\/o-roubo-da-cruz-da-unidade\/#primaryimage"},"thumbnailUrl":"https:\/\/schoenstatt.com\/wp-content\/uploads\/2023\/04\/cruz-da-unidade-pedro-e-paulo-1.png","articleSection":["Comunidades de Schoenstatt","Fam\u00edlia"],"inLanguage":"pt-PT"},{"@type":"WebPage","@id":"https:\/\/schoenstatt.com\/pt-pt\/o-roubo-da-cruz-da-unidade\/","url":"https:\/\/schoenstatt.com\/pt-pt\/o-roubo-da-cruz-da-unidade\/","name":"O roubo da Cruz da Unidade - Schoenstatt","isPartOf":{"@id":"https:\/\/schoenstatt.com\/pt-pt\/#website"},"primaryImageOfPage":{"@id":"https:\/\/schoenstatt.com\/pt-pt\/o-roubo-da-cruz-da-unidade\/#primaryimage"},"image":{"@id":"https:\/\/schoenstatt.com\/pt-pt\/o-roubo-da-cruz-da-unidade\/#primaryimage"},"thumbnailUrl":"https:\/\/schoenstatt.com\/wp-content\/uploads\/2023\/04\/cruz-da-unidade-pedro-e-paulo-1.png","datePublished":"2023-04-04T10:30:55+00:00","dateModified":"2025-05-15T22:54:48+00:00","description":"No \u00faltimo dia 02 de abril de 2023, chegou a not\u00edcia do roubo da Cruz da Unidade do Santu\u00e1rio de Bellavista no Chile.","breadcrumb":{"@id":"https:\/\/schoenstatt.com\/pt-pt\/o-roubo-da-cruz-da-unidade\/#breadcrumb"},"inLanguage":"pt-PT","potentialAction":[{"@type":"ReadAction","target":["https:\/\/schoenstatt.com\/pt-pt\/o-roubo-da-cruz-da-unidade\/"]}]},{"@type":"ImageObject","inLanguage":"pt-PT","@id":"https:\/\/schoenstatt.com\/pt-pt\/o-roubo-da-cruz-da-unidade\/#primaryimage","url":"https:\/\/schoenstatt.com\/wp-content\/uploads\/2023\/04\/cruz-da-unidade-pedro-e-paulo-1.png","contentUrl":"https:\/\/schoenstatt.com\/wp-content\/uploads\/2023\/04\/cruz-da-unidade-pedro-e-paulo-1.png","width":700,"height":456,"caption":"cruz da unidade"},{"@type":"BreadcrumbList","@id":"https:\/\/schoenstatt.com\/pt-pt\/o-roubo-da-cruz-da-unidade\/#breadcrumb","itemListElement":[{"@type":"ListItem","position":1,"name":"Portada","item":"https:\/\/schoenstatt.com\/pt-pt\/home\/"},{"@type":"ListItem","position":2,"name":"O roubo da Cruz da Unidade"}]},{"@type":"WebSite","@id":"https:\/\/schoenstatt.com\/pt-pt\/#website","url":"https:\/\/schoenstatt.com\/pt-pt\/","name":"Schoenstatt","description":"Apostolic Movement","publisher":{"@id":"https:\/\/schoenstatt.com\/pt-pt\/#organization"},"potentialAction":[{"@type":"SearchAction","target":{"@type":"EntryPoint","urlTemplate":"https:\/\/schoenstatt.com\/pt-pt\/?s={search_term_string}"},"query-input":{"@type":"PropertyValueSpecification","valueRequired":true,"valueName":"search_term_string"}}],"inLanguage":"pt-PT"},{"@type":"Organization","@id":"https:\/\/schoenstatt.com\/pt-pt\/#organization","name":"Schoenstatt","url":"https:\/\/schoenstatt.com\/pt-pt\/","logo":{"@type":"ImageObject","inLanguage":"pt-PT","@id":"https:\/\/schoenstatt.com\/pt-pt\/#\/schema\/logo\/image\/","url":"https:\/\/schoenstatt.com\/wp-content\/uploads\/2025\/04\/logo-schoenstatt-white-696x696-1.png","contentUrl":"https:\/\/schoenstatt.com\/wp-content\/uploads\/2025\/04\/logo-schoenstatt-white-696x696-1.png","width":696,"height":694,"caption":"Schoenstatt"},"image":{"@id":"https:\/\/schoenstatt.com\/pt-pt\/#\/schema\/logo\/image\/"}},{"@type":"Person","@id":"https:\/\/schoenstatt.com\/pt-pt\/#\/schema\/person\/5158877ad4acae98b34daaeef2a1ce6e","name":"Karen Bueno","image":{"@type":"ImageObject","inLanguage":"pt-PT","@id":"https:\/\/secure.gravatar.com\/avatar\/f9f4b823873154269d2b2130f195f6d41037dd0d7fc5f3cacb5c846bae70d66b?s=96&d=mm&r=g","url":"https:\/\/secure.gravatar.com\/avatar\/f9f4b823873154269d2b2130f195f6d41037dd0d7fc5f3cacb5c846bae70d66b?s=96&d=mm&r=g","contentUrl":"https:\/\/secure.gravatar.com\/avatar\/f9f4b823873154269d2b2130f195f6d41037dd0d7fc5f3cacb5c846bae70d66b?s=96&d=mm&r=g","caption":"Karen Bueno"},"url":"https:\/\/schoenstatt.com\/pt-pt\/author\/karen-bueno\/"}]}},"_links":{"self":[{"href":"https:\/\/schoenstatt.com\/pt-pt\/wp-json\/wp\/v2\/posts\/29873","targetHints":{"allow":["GET"]}}],"collection":[{"href":"https:\/\/schoenstatt.com\/pt-pt\/wp-json\/wp\/v2\/posts"}],"about":[{"href":"https:\/\/schoenstatt.com\/pt-pt\/wp-json\/wp\/v2\/types\/post"}],"author":[{"embeddable":true,"href":"https:\/\/schoenstatt.com\/pt-pt\/wp-json\/wp\/v2\/users\/3"}],"replies":[{"embeddable":true,"href":"https:\/\/schoenstatt.com\/pt-pt\/wp-json\/wp\/v2\/comments?post=29873"}],"version-history":[{"count":1,"href":"https:\/\/schoenstatt.com\/pt-pt\/wp-json\/wp\/v2\/posts\/29873\/revisions"}],"predecessor-version":[{"id":45940,"href":"https:\/\/schoenstatt.com\/pt-pt\/wp-json\/wp\/v2\/posts\/29873\/revisions\/45940"}],"wp:featuredmedia":[{"embeddable":true,"href":"https:\/\/schoenstatt.com\/pt-pt\/wp-json\/wp\/v2\/media\/29891"}],"wp:attachment":[{"href":"https:\/\/schoenstatt.com\/pt-pt\/wp-json\/wp\/v2\/media?parent=29873"}],"wp:term":[{"taxonomy":"category","embeddable":true,"href":"https:\/\/schoenstatt.com\/pt-pt\/wp-json\/wp\/v2\/categories?post=29873"},{"taxonomy":"post_tag","embeddable":true,"href":"https:\/\/schoenstatt.com\/pt-pt\/wp-json\/wp\/v2\/tags?post=29873"}],"curies":[{"name":"wp","href":"https:\/\/api.w.org\/{rel}","templated":true}]}}