{"id":29375,"date":"2023-02-22T16:20:05","date_gmt":"2023-02-22T15:20:05","guid":{"rendered":"https:\/\/schoenstatt.com\/?p=29375"},"modified":"2025-05-16T01:20:55","modified_gmt":"2025-05-15T23:20:55","slug":"ccee-compromisso-com-uma-igreja-sinodal","status":"publish","type":"post","link":"https:\/\/schoenstatt.com\/pt-pt\/ccee-compromisso-com-uma-igreja-sinodal\/","title":{"rendered":"CCEE, compromisso com uma Igreja sinodal alimentada pela comunh\u00e3o"},"content":{"rendered":"<p>Os bispos do continente europeu se comprometeram a desenvolver ainda mais &#8220;uma Igreja sinodal&#8221;, seguindo as indica\u00e7\u00f5es do Papa Francisco, saudando o fato de que o trabalho da Assembleia Continental em Praga, Rep\u00fablica Tcheca, de 5 a 12 de fevereiro, foi um &#8220;sinal claro de perten\u00e7a \u00fanica a Cristo&#8221;. O compromisso est\u00e1 contido na nota conclusiva dos pr\u00f3prios bispos, que se reuniram em Praga de 10 a 12 de fevereiro para discernir o conte\u00fado do documento final da Assembleia Sinodal que havia acabado de ser conclu\u00edda.<\/p>\n<p>O texto, explica um comunicado de imprensa do Conselho das <a href=\"https:\/\/schoenstatt.com\/pt-pt\/igreja\/as-conferencias-episcopais-da-europa-se-reunem-em-praga-avancando-com-a-etapa-continental-do-sinodo\/\">Confer\u00eancias<\/a> Episcopais da Europa, CCEE, tra\u00e7a os desafios e as quest\u00f5es a serem desenvolvidas para garantir que o caminho sinodal se torne pr\u00e1tica concreta na Igreja, destacando como &#8220;escutar uns aos outros, o di\u00e1logo frut\u00edfero, e o relato de como nossas comunidades eclesiais viveram a primeira fase do processo sinodal e se prepararam para este encontro continental&#8221; s\u00e3o &#8220;o sinal claro da perten\u00e7a \u00fanica a Cristo&#8221;.<\/p>\n<p>Os bispos, portanto, se comprometeram a &#8220;continuar vivendo e promovendo o processo sinodal nas estruturas e experi\u00eancias de nossas dioceses&#8221;, ressaltando que &#8220;esta experi\u00eancia de solicitude por toda a Igreja na Europa nos animou em nosso compromisso de viver nossa miss\u00e3o universal com fidelidade&#8221;.<\/p>\n<blockquote>\n<h1>&#8220;Comprometemo-nos &#8211; prossegue a nota conclusiva &#8211; a apoiar as indica\u00e7\u00f5es do Santo Padre, sucessor de Pedro, para uma Igreja sinodal alimentada pela experi\u00eancia de comunh\u00e3o, participa\u00e7\u00e3o e miss\u00e3o em Cristo&#8221;<\/h1>\n<\/blockquote>\n<p>Fonte: <a href=\"http:\/\/www.vaticannews.va\">Vatican News<\/a><\/p>\n","protected":false},"excerpt":{"rendered":"<p>Os bispos europeus, que conclu\u00edram este domingo sua reuni\u00e3o como parte dos trabalhos da Assembleia Continental em Praga, enfatizam seu desejo de continuar o processo iniciado nas estruturas e na experi\u00eancia das dioceses<\/p>\n","protected":false},"author":3,"featured_media":29395,"comment_status":"closed","ping_status":"closed","sticky":false,"template":"","format":"standard","meta":{"footnotes":""},"categories":[608],"tags":[],"class_list":["post-29375","post","type-post","status-publish","format-standard","has-post-thumbnail","hentry","category-igreja-pt-pt"],"yoast_head":"<!-- This site is optimized with the Yoast SEO Premium plugin v27.4 (Yoast SEO v27.5) - https:\/\/yoast.com\/product\/yoast-seo-premium-wordpress\/ -->\n<title>CCEE, compromisso com uma Igreja sinodal alimentada pela comunh\u00e3o<\/title>\n<meta name=\"description\" content=\"&quot;Comprometemo-nos - prossegue a nota conclusiva - a apoiar as indica\u00e7\u00f5es do Santo Padre, sucessor de Pedro, para uma Igreja sinodal...&quot;\" \/>\n<meta name=\"robots\" content=\"index, follow, max-snippet:-1, max-image-preview:large, max-video-preview:-1\" \/>\n<link rel=\"canonical\" href=\"https:\/\/schoenstatt.com\/pt-pt\/ccee-compromisso-com-uma-igreja-sinodal\/\" \/>\n<meta property=\"og:locale\" content=\"pt_PT\" \/>\n<meta property=\"og:type\" content=\"article\" \/>\n<meta property=\"og:title\" content=\"CCEE, compromisso com uma Igreja sinodal alimentada pela comunh\u00e3o\" \/>\n<meta property=\"og:description\" content=\"&quot;Comprometemo-nos - prossegue a nota conclusiva - a apoiar as indica\u00e7\u00f5es do Santo Padre, sucessor de Pedro, para uma Igreja sinodal...&quot;\" \/>\n<meta property=\"og:url\" content=\"https:\/\/schoenstatt.com\/pt-pt\/ccee-compromisso-com-uma-igreja-sinodal\/\" \/>\n<meta property=\"og:site_name\" content=\"Schoenstatt\" \/>\n<meta property=\"article:published_time\" content=\"2023-02-22T15:20:05+00:00\" \/>\n<meta property=\"article:modified_time\" content=\"2025-05-15T23:20:55+00:00\" \/>\n<meta property=\"og:image\" content=\"https:\/\/schoenstatt.com\/wp-content\/uploads\/2023\/02\/praga-1.jpeg\" \/>\n\t<meta property=\"og:image:width\" content=\"750\" \/>\n\t<meta property=\"og:image:height\" content=\"422\" \/>\n\t<meta property=\"og:image:type\" content=\"image\/jpeg\" \/>\n<meta name=\"author\" content=\"Karen Bueno\" \/>\n<meta name=\"twitter:card\" content=\"summary_large_image\" \/>\n<meta name=\"twitter:label1\" content=\"Escrito por\" \/>\n\t<meta name=\"twitter:data1\" content=\"Karen Bueno\" \/>\n\t<meta name=\"twitter:label2\" content=\"Tempo estimado de leitura\" \/>\n\t<meta name=\"twitter:data2\" content=\"2 minutos\" \/>\n<script type=\"application\/ld+json\" class=\"yoast-schema-graph\">{\"@context\":\"https:\\\/\\\/schema.org\",\"@graph\":[{\"@type\":\"Article\",\"@id\":\"https:\\\/\\\/schoenstatt.com\\\/pt-pt\\\/ccee-compromisso-com-uma-igreja-sinodal\\\/#article\",\"isPartOf\":{\"@id\":\"https:\\\/\\\/schoenstatt.com\\\/pt-pt\\\/ccee-compromisso-com-uma-igreja-sinodal\\\/\"},\"author\":{\"name\":\"Karen Bueno\",\"@id\":\"https:\\\/\\\/schoenstatt.com\\\/pt-pt\\\/#\\\/schema\\\/person\\\/5158877ad4acae98b34daaeef2a1ce6e\"},\"headline\":\"CCEE, compromisso com uma Igreja sinodal alimentada pela comunh\u00e3o\",\"datePublished\":\"2023-02-22T15:20:05+00:00\",\"dateModified\":\"2025-05-15T23:20:55+00:00\",\"mainEntityOfPage\":{\"@id\":\"https:\\\/\\\/schoenstatt.com\\\/pt-pt\\\/ccee-compromisso-com-uma-igreja-sinodal\\\/\"},\"wordCount\":268,\"publisher\":{\"@id\":\"https:\\\/\\\/schoenstatt.com\\\/pt-pt\\\/#organization\"},\"image\":{\"@id\":\"https:\\\/\\\/schoenstatt.com\\\/pt-pt\\\/ccee-compromisso-com-uma-igreja-sinodal\\\/#primaryimage\"},\"thumbnailUrl\":\"https:\\\/\\\/schoenstatt.com\\\/wp-content\\\/uploads\\\/2023\\\/02\\\/praga-1.jpeg\",\"articleSection\":[\"Igreja\"],\"inLanguage\":\"pt-PT\"},{\"@type\":\"WebPage\",\"@id\":\"https:\\\/\\\/schoenstatt.com\\\/pt-pt\\\/ccee-compromisso-com-uma-igreja-sinodal\\\/\",\"url\":\"https:\\\/\\\/schoenstatt.com\\\/pt-pt\\\/ccee-compromisso-com-uma-igreja-sinodal\\\/\",\"name\":\"CCEE, compromisso com uma Igreja sinodal alimentada pela comunh\u00e3o\",\"isPartOf\":{\"@id\":\"https:\\\/\\\/schoenstatt.com\\\/pt-pt\\\/#website\"},\"primaryImageOfPage\":{\"@id\":\"https:\\\/\\\/schoenstatt.com\\\/pt-pt\\\/ccee-compromisso-com-uma-igreja-sinodal\\\/#primaryimage\"},\"image\":{\"@id\":\"https:\\\/\\\/schoenstatt.com\\\/pt-pt\\\/ccee-compromisso-com-uma-igreja-sinodal\\\/#primaryimage\"},\"thumbnailUrl\":\"https:\\\/\\\/schoenstatt.com\\\/wp-content\\\/uploads\\\/2023\\\/02\\\/praga-1.jpeg\",\"datePublished\":\"2023-02-22T15:20:05+00:00\",\"dateModified\":\"2025-05-15T23:20:55+00:00\",\"description\":\"\\\"Comprometemo-nos - prossegue a nota conclusiva - a apoiar as indica\u00e7\u00f5es do Santo Padre, sucessor de Pedro, para uma Igreja sinodal...\\\"\",\"breadcrumb\":{\"@id\":\"https:\\\/\\\/schoenstatt.com\\\/pt-pt\\\/ccee-compromisso-com-uma-igreja-sinodal\\\/#breadcrumb\"},\"inLanguage\":\"pt-PT\",\"potentialAction\":[{\"@type\":\"ReadAction\",\"target\":[\"https:\\\/\\\/schoenstatt.com\\\/pt-pt\\\/ccee-compromisso-com-uma-igreja-sinodal\\\/\"]}]},{\"@type\":\"ImageObject\",\"inLanguage\":\"pt-PT\",\"@id\":\"https:\\\/\\\/schoenstatt.com\\\/pt-pt\\\/ccee-compromisso-com-uma-igreja-sinodal\\\/#primaryimage\",\"url\":\"https:\\\/\\\/schoenstatt.com\\\/wp-content\\\/uploads\\\/2023\\\/02\\\/praga-1.jpeg\",\"contentUrl\":\"https:\\\/\\\/schoenstatt.com\\\/wp-content\\\/uploads\\\/2023\\\/02\\\/praga-1.jpeg\",\"width\":750,\"height\":422,\"caption\":\"igreja sinodal CCEE\"},{\"@type\":\"BreadcrumbList\",\"@id\":\"https:\\\/\\\/schoenstatt.com\\\/pt-pt\\\/ccee-compromisso-com-uma-igreja-sinodal\\\/#breadcrumb\",\"itemListElement\":[{\"@type\":\"ListItem\",\"position\":1,\"name\":\"Portada\",\"item\":\"https:\\\/\\\/schoenstatt.com\\\/pt-pt\\\/home\\\/\"},{\"@type\":\"ListItem\",\"position\":2,\"name\":\"CCEE, compromisso com uma Igreja sinodal alimentada pela comunh\u00e3o\"}]},{\"@type\":\"WebSite\",\"@id\":\"https:\\\/\\\/schoenstatt.com\\\/pt-pt\\\/#website\",\"url\":\"https:\\\/\\\/schoenstatt.com\\\/pt-pt\\\/\",\"name\":\"Schoenstatt\",\"description\":\"Apostolic Movement\",\"publisher\":{\"@id\":\"https:\\\/\\\/schoenstatt.com\\\/pt-pt\\\/#organization\"},\"potentialAction\":[{\"@type\":\"SearchAction\",\"target\":{\"@type\":\"EntryPoint\",\"urlTemplate\":\"https:\\\/\\\/schoenstatt.com\\\/pt-pt\\\/?s={search_term_string}\"},\"query-input\":{\"@type\":\"PropertyValueSpecification\",\"valueRequired\":true,\"valueName\":\"search_term_string\"}}],\"inLanguage\":\"pt-PT\"},{\"@type\":\"Organization\",\"@id\":\"https:\\\/\\\/schoenstatt.com\\\/pt-pt\\\/#organization\",\"name\":\"Schoenstatt\",\"url\":\"https:\\\/\\\/schoenstatt.com\\\/pt-pt\\\/\",\"logo\":{\"@type\":\"ImageObject\",\"inLanguage\":\"pt-PT\",\"@id\":\"https:\\\/\\\/schoenstatt.com\\\/pt-pt\\\/#\\\/schema\\\/logo\\\/image\\\/\",\"url\":\"https:\\\/\\\/schoenstatt.com\\\/wp-content\\\/uploads\\\/2025\\\/04\\\/logo-schoenstatt-white-696x696-1.png\",\"contentUrl\":\"https:\\\/\\\/schoenstatt.com\\\/wp-content\\\/uploads\\\/2025\\\/04\\\/logo-schoenstatt-white-696x696-1.png\",\"width\":696,\"height\":694,\"caption\":\"Schoenstatt\"},\"image\":{\"@id\":\"https:\\\/\\\/schoenstatt.com\\\/pt-pt\\\/#\\\/schema\\\/logo\\\/image\\\/\"}},{\"@type\":\"Person\",\"@id\":\"https:\\\/\\\/schoenstatt.com\\\/pt-pt\\\/#\\\/schema\\\/person\\\/5158877ad4acae98b34daaeef2a1ce6e\",\"name\":\"Karen Bueno\",\"image\":{\"@type\":\"ImageObject\",\"inLanguage\":\"pt-PT\",\"@id\":\"https:\\\/\\\/secure.gravatar.com\\\/avatar\\\/f9f4b823873154269d2b2130f195f6d41037dd0d7fc5f3cacb5c846bae70d66b?s=96&d=mm&r=g\",\"url\":\"https:\\\/\\\/secure.gravatar.com\\\/avatar\\\/f9f4b823873154269d2b2130f195f6d41037dd0d7fc5f3cacb5c846bae70d66b?s=96&d=mm&r=g\",\"contentUrl\":\"https:\\\/\\\/secure.gravatar.com\\\/avatar\\\/f9f4b823873154269d2b2130f195f6d41037dd0d7fc5f3cacb5c846bae70d66b?s=96&d=mm&r=g\",\"caption\":\"Karen Bueno\"},\"url\":\"https:\\\/\\\/schoenstatt.com\\\/pt-pt\\\/author\\\/karen-bueno\\\/\"}]}<\/script>\n<!-- \/ Yoast SEO Premium plugin. -->","yoast_head_json":{"title":"CCEE, compromisso com uma Igreja sinodal alimentada pela comunh\u00e3o","description":"\"Comprometemo-nos - prossegue a nota conclusiva - a apoiar as indica\u00e7\u00f5es do Santo Padre, sucessor de Pedro, para uma Igreja sinodal...\"","robots":{"index":"index","follow":"follow","max-snippet":"max-snippet:-1","max-image-preview":"max-image-preview:large","max-video-preview":"max-video-preview:-1"},"canonical":"https:\/\/schoenstatt.com\/pt-pt\/ccee-compromisso-com-uma-igreja-sinodal\/","og_locale":"pt_PT","og_type":"article","og_title":"CCEE, compromisso com uma Igreja sinodal alimentada pela comunh\u00e3o","og_description":"\"Comprometemo-nos - prossegue a nota conclusiva - a apoiar as indica\u00e7\u00f5es do Santo Padre, sucessor de Pedro, para uma Igreja sinodal...\"","og_url":"https:\/\/schoenstatt.com\/pt-pt\/ccee-compromisso-com-uma-igreja-sinodal\/","og_site_name":"Schoenstatt","article_published_time":"2023-02-22T15:20:05+00:00","article_modified_time":"2025-05-15T23:20:55+00:00","og_image":[{"width":750,"height":422,"url":"https:\/\/schoenstatt.com\/wp-content\/uploads\/2023\/02\/praga-1.jpeg","type":"image\/jpeg"}],"author":"Karen Bueno","twitter_card":"summary_large_image","twitter_misc":{"Escrito por":"Karen Bueno","Tempo estimado de leitura":"2 minutos"},"schema":{"@context":"https:\/\/schema.org","@graph":[{"@type":"Article","@id":"https:\/\/schoenstatt.com\/pt-pt\/ccee-compromisso-com-uma-igreja-sinodal\/#article","isPartOf":{"@id":"https:\/\/schoenstatt.com\/pt-pt\/ccee-compromisso-com-uma-igreja-sinodal\/"},"author":{"name":"Karen Bueno","@id":"https:\/\/schoenstatt.com\/pt-pt\/#\/schema\/person\/5158877ad4acae98b34daaeef2a1ce6e"},"headline":"CCEE, compromisso com uma Igreja sinodal alimentada pela comunh\u00e3o","datePublished":"2023-02-22T15:20:05+00:00","dateModified":"2025-05-15T23:20:55+00:00","mainEntityOfPage":{"@id":"https:\/\/schoenstatt.com\/pt-pt\/ccee-compromisso-com-uma-igreja-sinodal\/"},"wordCount":268,"publisher":{"@id":"https:\/\/schoenstatt.com\/pt-pt\/#organization"},"image":{"@id":"https:\/\/schoenstatt.com\/pt-pt\/ccee-compromisso-com-uma-igreja-sinodal\/#primaryimage"},"thumbnailUrl":"https:\/\/schoenstatt.com\/wp-content\/uploads\/2023\/02\/praga-1.jpeg","articleSection":["Igreja"],"inLanguage":"pt-PT"},{"@type":"WebPage","@id":"https:\/\/schoenstatt.com\/pt-pt\/ccee-compromisso-com-uma-igreja-sinodal\/","url":"https:\/\/schoenstatt.com\/pt-pt\/ccee-compromisso-com-uma-igreja-sinodal\/","name":"CCEE, compromisso com uma Igreja sinodal alimentada pela comunh\u00e3o","isPartOf":{"@id":"https:\/\/schoenstatt.com\/pt-pt\/#website"},"primaryImageOfPage":{"@id":"https:\/\/schoenstatt.com\/pt-pt\/ccee-compromisso-com-uma-igreja-sinodal\/#primaryimage"},"image":{"@id":"https:\/\/schoenstatt.com\/pt-pt\/ccee-compromisso-com-uma-igreja-sinodal\/#primaryimage"},"thumbnailUrl":"https:\/\/schoenstatt.com\/wp-content\/uploads\/2023\/02\/praga-1.jpeg","datePublished":"2023-02-22T15:20:05+00:00","dateModified":"2025-05-15T23:20:55+00:00","description":"\"Comprometemo-nos - prossegue a nota conclusiva - a apoiar as indica\u00e7\u00f5es do Santo Padre, sucessor de Pedro, para uma Igreja sinodal...\"","breadcrumb":{"@id":"https:\/\/schoenstatt.com\/pt-pt\/ccee-compromisso-com-uma-igreja-sinodal\/#breadcrumb"},"inLanguage":"pt-PT","potentialAction":[{"@type":"ReadAction","target":["https:\/\/schoenstatt.com\/pt-pt\/ccee-compromisso-com-uma-igreja-sinodal\/"]}]},{"@type":"ImageObject","inLanguage":"pt-PT","@id":"https:\/\/schoenstatt.com\/pt-pt\/ccee-compromisso-com-uma-igreja-sinodal\/#primaryimage","url":"https:\/\/schoenstatt.com\/wp-content\/uploads\/2023\/02\/praga-1.jpeg","contentUrl":"https:\/\/schoenstatt.com\/wp-content\/uploads\/2023\/02\/praga-1.jpeg","width":750,"height":422,"caption":"igreja sinodal CCEE"},{"@type":"BreadcrumbList","@id":"https:\/\/schoenstatt.com\/pt-pt\/ccee-compromisso-com-uma-igreja-sinodal\/#breadcrumb","itemListElement":[{"@type":"ListItem","position":1,"name":"Portada","item":"https:\/\/schoenstatt.com\/pt-pt\/home\/"},{"@type":"ListItem","position":2,"name":"CCEE, compromisso com uma Igreja sinodal alimentada pela comunh\u00e3o"}]},{"@type":"WebSite","@id":"https:\/\/schoenstatt.com\/pt-pt\/#website","url":"https:\/\/schoenstatt.com\/pt-pt\/","name":"Schoenstatt","description":"Apostolic Movement","publisher":{"@id":"https:\/\/schoenstatt.com\/pt-pt\/#organization"},"potentialAction":[{"@type":"SearchAction","target":{"@type":"EntryPoint","urlTemplate":"https:\/\/schoenstatt.com\/pt-pt\/?s={search_term_string}"},"query-input":{"@type":"PropertyValueSpecification","valueRequired":true,"valueName":"search_term_string"}}],"inLanguage":"pt-PT"},{"@type":"Organization","@id":"https:\/\/schoenstatt.com\/pt-pt\/#organization","name":"Schoenstatt","url":"https:\/\/schoenstatt.com\/pt-pt\/","logo":{"@type":"ImageObject","inLanguage":"pt-PT","@id":"https:\/\/schoenstatt.com\/pt-pt\/#\/schema\/logo\/image\/","url":"https:\/\/schoenstatt.com\/wp-content\/uploads\/2025\/04\/logo-schoenstatt-white-696x696-1.png","contentUrl":"https:\/\/schoenstatt.com\/wp-content\/uploads\/2025\/04\/logo-schoenstatt-white-696x696-1.png","width":696,"height":694,"caption":"Schoenstatt"},"image":{"@id":"https:\/\/schoenstatt.com\/pt-pt\/#\/schema\/logo\/image\/"}},{"@type":"Person","@id":"https:\/\/schoenstatt.com\/pt-pt\/#\/schema\/person\/5158877ad4acae98b34daaeef2a1ce6e","name":"Karen Bueno","image":{"@type":"ImageObject","inLanguage":"pt-PT","@id":"https:\/\/secure.gravatar.com\/avatar\/f9f4b823873154269d2b2130f195f6d41037dd0d7fc5f3cacb5c846bae70d66b?s=96&d=mm&r=g","url":"https:\/\/secure.gravatar.com\/avatar\/f9f4b823873154269d2b2130f195f6d41037dd0d7fc5f3cacb5c846bae70d66b?s=96&d=mm&r=g","contentUrl":"https:\/\/secure.gravatar.com\/avatar\/f9f4b823873154269d2b2130f195f6d41037dd0d7fc5f3cacb5c846bae70d66b?s=96&d=mm&r=g","caption":"Karen Bueno"},"url":"https:\/\/schoenstatt.com\/pt-pt\/author\/karen-bueno\/"}]}},"_links":{"self":[{"href":"https:\/\/schoenstatt.com\/pt-pt\/wp-json\/wp\/v2\/posts\/29375","targetHints":{"allow":["GET"]}}],"collection":[{"href":"https:\/\/schoenstatt.com\/pt-pt\/wp-json\/wp\/v2\/posts"}],"about":[{"href":"https:\/\/schoenstatt.com\/pt-pt\/wp-json\/wp\/v2\/types\/post"}],"author":[{"embeddable":true,"href":"https:\/\/schoenstatt.com\/pt-pt\/wp-json\/wp\/v2\/users\/3"}],"replies":[{"embeddable":true,"href":"https:\/\/schoenstatt.com\/pt-pt\/wp-json\/wp\/v2\/comments?post=29375"}],"version-history":[{"count":1,"href":"https:\/\/schoenstatt.com\/pt-pt\/wp-json\/wp\/v2\/posts\/29375\/revisions"}],"predecessor-version":[{"id":45860,"href":"https:\/\/schoenstatt.com\/pt-pt\/wp-json\/wp\/v2\/posts\/29375\/revisions\/45860"}],"wp:featuredmedia":[{"embeddable":true,"href":"https:\/\/schoenstatt.com\/pt-pt\/wp-json\/wp\/v2\/media\/29395"}],"wp:attachment":[{"href":"https:\/\/schoenstatt.com\/pt-pt\/wp-json\/wp\/v2\/media?parent=29375"}],"wp:term":[{"taxonomy":"category","embeddable":true,"href":"https:\/\/schoenstatt.com\/pt-pt\/wp-json\/wp\/v2\/categories?post=29375"},{"taxonomy":"post_tag","embeddable":true,"href":"https:\/\/schoenstatt.com\/pt-pt\/wp-json\/wp\/v2\/tags?post=29375"}],"curies":[{"name":"wp","href":"https:\/\/api.w.org\/{rel}","templated":true}]}}