{"id":28285,"date":"2022-12-12T08:00:56","date_gmt":"2022-12-12T07:00:56","guid":{"rendered":"https:\/\/schoenstatt.com\/?p=28285"},"modified":"2025-05-16T01:21:04","modified_gmt":"2025-05-15T23:21:04","slug":"homens-simples-chamados-a-serem-grandes-diante-de-deus","status":"publish","type":"post","link":"https:\/\/schoenstatt.com\/pt-pt\/homens-simples-chamados-a-serem-grandes-diante-de-deus\/","title":{"rendered":"Homens simples chamados a serem grandes diante de Deus"},"content":{"rendered":"<p>Hoje, 12 de dezembro de 2024, h\u00e1 120 anos nascia o Servo de Deus Jo\u00e3o Luiz Pozzobon. Integrante do Movimento Apost\u00f3lico de Schoenstatt, em Santa Maria\/RS, Jo\u00e3o Pozzobon iniciou em 1950 a Campanha da M\u00e3e Peregrina de Schoenstatt. Com grande fidelidade se dedicou durante 35 anos a levar a imagem da M\u00e3e e Rainha, a \u2018M\u00e3e Peregrina\u2019, a fam\u00edlias, escolas, pris\u00f5es e todos lugar que abrissem as portas para Jesus e Maria. Seu empenho apost\u00f3lico se multiplicou em milhares de mission\u00e1rios e mission\u00e1rias da M\u00e3e Peregrina, atuantes em todos os continentes.<\/p>\n<p><img fetchpriority=\"high\" decoding=\"async\" class=\"aligncenter wp-image-28283 size-full\" src=\"https:\/\/schoenstatt.com\/wp-content\/uploads\/2022\/12\/Joao-Pozzobon-no-Santuario_1.jpg\" alt=\"Homens simples \" width=\"842\" height=\"595\" \/><\/p>\n<p>O anivers\u00e1rio de<a href=\"https:\/\/schoenstatt.com\/pt-pt\/espiritualidade\/diaconos-permanentes-nos-passos-de-joao-pozzobon\/\"> Jo\u00e3o Pozzobon<\/a> coincide com o dia em que recordamos \u2018<em>outro Jo\u00e3o<\/em>\u2019, o \u00edndio Juan Diego, que se tornou o instrumento escolhido por Maria, para torn\u00e1-la conhecida como a \u2018<em>Virgem de Guadalupe<\/em>\u2019, padroeira da Am\u00e9rica Latina.<\/p>\n<p><img decoding=\"async\" class=\"alignleft size-medium wp-image-28271\" src=\"https:\/\/schoenstatt.com\/wp-content\/uploads\/2022\/12\/San-Juan-Diego-214x300.png\" alt=\"Hombres sencillos\" width=\"214\" height=\"300\" \/><\/p>\n<p>Juan Diego era um homem de f\u00e9, coerente com suas obriga\u00e7\u00f5es batismais, alimentando regularmente sua uni\u00e3o com Deus atrav\u00e9s da Eucaristia e do estudo do catecismo.<\/p>\n<p>Na ter\u00e7a-feira, 12 de dezembro de 1531, enquanto o Beato estava de volta \u00e0 cidade, a Nossa Senhora apareceu-lhe e convidou-o a subir ao topo da colina de Tepeyac para colher flores e traz\u00ea-las para ela. Apesar da esta\u00e7\u00e3o fria do inverno e da aridez do lugar, Juan Diego encontrou algumas flores muito bonitas. Uma vez recolhidas, ele as colocou em sua &#8220;tilma&#8221; e as trouxe \u00e0 Sant\u00edssima Virgem, que lhe ordenou que as apresentasse ao bispo como prova de sua veracidade. Uma vez diante do bispo, o Beato abriu sua &#8220;tilma&#8221; e deixou cair as flores, enquanto sobre o pano aparecia, inexplicavelmente impressa, a imagem da Virgem de Guadalupe, que a partir daquele momento se tornou o cora\u00e7\u00e3o espiritual da Igreja no M\u00e9xico.<\/p>\n<p><img decoding=\"async\" class=\"alignright wp-image-28275 size-medium\" src=\"https:\/\/schoenstatt.com\/wp-content\/uploads\/2022\/12\/Virgen-de-Guadalupe-227x300.png\" alt=\"Homens simples \" width=\"227\" height=\"300\" \/><\/p>\n<h3>Semelhan\u00e7a entre Juan Diego e Jo\u00e3o Pozzobon<\/h3>\n<p>Existe muita semelhan\u00e7a entre os dois: s\u00e3o gente simples, do povo, tementes a Deus e devotos de Maria, sem estudos e grandes reconhecimentos diante dos homens. Mas diante de Deus, s\u00e3o outros os pesos e as medidas. Eles se tornam instrumentos de evangeliza\u00e7\u00e3o a servi\u00e7o de Jesus e Maria. E suas famas atravessam fronteiras de pa\u00edses e continentes.<\/p>\n<p>Juan Diego e Jo\u00e3o Pozzobon apontam para o disc\u00edpulo mission\u00e1rio, do Documento de Aparecida, e para a Igreja em Sa\u00edda, motivada pelo Papa Francisco. N\u00e3o se pode esperar e nem deixar para amanh\u00e3. \u00c9 preciso assumir a miss\u00e3o, atingir as periferias de todos os tipos e lugares, sempre guiados pela m\u00e3o de Maria.<\/p>\n<p>Que no c\u00e9u eles intercedam junto a Deus por aqueles que tentam seguir os seus passos, para que \u2018<em><strong>outros Jo\u00e3os<\/strong><\/em>\u2019, instrumentos de Maria, possam povoar nossos caminhos, fazendo a Igreja presente em todas as periferias de nosso tempo.<\/p>\n","protected":false},"excerpt":{"rendered":"<p>Jo\u00e3o Luiz Pozzobon e San Juan Diego s\u00e3o pessoas simples, da aldeia, tementes a Deus e devotas a Maria.<\/p>\n","protected":false},"author":1,"featured_media":28279,"comment_status":"closed","ping_status":"closed","sticky":false,"template":"","format":"standard","meta":{"footnotes":""},"categories":[916,888,608,425],"tags":[],"class_list":["post-28285","post","type-post","status-publish","format-standard","has-post-thumbnail","hentry","category-espiritualidade-pt-pt","category-herois-de-schoenstatt-pt-pt","category-igreja-pt-pt","category-mae-peregrina-pt-pt"],"yoast_head":"<!-- This site is optimized with the Yoast SEO Premium plugin v27.4 (Yoast SEO v27.4) - https:\/\/yoast.com\/product\/yoast-seo-premium-wordpress\/ -->\n<title>Homens simples chamados a serem grandes diante de Deus - Schoenstatt<\/title>\n<meta name=\"description\" content=\"Homens simples chamados a serem grandes diante de Deus - Jo\u00e3o Luiz Pozzobon e S\u00e3o Jo\u00e3o Diego instrumentos a servi\u00e7o de Jesus e Maria\" \/>\n<meta name=\"robots\" content=\"index, follow, max-snippet:-1, max-image-preview:large, max-video-preview:-1\" \/>\n<link rel=\"canonical\" href=\"https:\/\/schoenstatt.com\/pt-pt\/homens-simples-chamados-a-serem-grandes-diante-de-deus\/\" \/>\n<meta property=\"og:locale\" content=\"pt_PT\" \/>\n<meta property=\"og:type\" content=\"article\" \/>\n<meta property=\"og:title\" content=\"Homens simples chamados a serem grandes diante de Deus\" \/>\n<meta property=\"og:description\" content=\"Homens simples chamados a serem grandes diante de Deus - Jo\u00e3o Luiz Pozzobon e S\u00e3o Jo\u00e3o Diego instrumentos a servi\u00e7o de Jesus e Maria\" \/>\n<meta property=\"og:url\" content=\"https:\/\/schoenstatt.com\/pt-pt\/homens-simples-chamados-a-serem-grandes-diante-de-deus\/\" \/>\n<meta property=\"og:site_name\" content=\"Schoenstatt\" \/>\n<meta property=\"article:published_time\" content=\"2022-12-12T07:00:56+00:00\" \/>\n<meta property=\"article:modified_time\" content=\"2025-05-15T23:21:04+00:00\" \/>\n<meta property=\"og:image\" content=\"https:\/\/schoenstatt.com\/wp-content\/uploads\/2022\/12\/Joao-Pozzobon-com-familias-1.jpg\" \/>\n\t<meta property=\"og:image:width\" content=\"992\" \/>\n\t<meta property=\"og:image:height\" content=\"595\" \/>\n\t<meta property=\"og:image:type\" content=\"image\/jpeg\" \/>\n<meta name=\"author\" content=\"admin\" \/>\n<meta name=\"twitter:card\" content=\"summary_large_image\" \/>\n<meta name=\"twitter:label1\" content=\"Escrito por\" \/>\n\t<meta name=\"twitter:data1\" content=\"admin\" \/>\n\t<meta name=\"twitter:label2\" content=\"Tempo estimado de leitura\" \/>\n\t<meta name=\"twitter:data2\" content=\"3 minutos\" \/>\n<script type=\"application\/ld+json\" class=\"yoast-schema-graph\">{\"@context\":\"https:\\\/\\\/schema.org\",\"@graph\":[{\"@type\":\"Article\",\"@id\":\"https:\\\/\\\/schoenstatt.com\\\/pt-pt\\\/homens-simples-chamados-a-serem-grandes-diante-de-deus\\\/#article\",\"isPartOf\":{\"@id\":\"https:\\\/\\\/schoenstatt.com\\\/pt-pt\\\/homens-simples-chamados-a-serem-grandes-diante-de-deus\\\/\"},\"author\":{\"name\":\"admin\",\"@id\":\"https:\\\/\\\/schoenstatt.com\\\/pt-pt\\\/#\\\/schema\\\/person\\\/489465b1850e7b216fe2c10dfc262551\"},\"headline\":\"Homens simples chamados a serem grandes diante de Deus\",\"datePublished\":\"2022-12-12T07:00:56+00:00\",\"dateModified\":\"2025-05-15T23:21:04+00:00\",\"mainEntityOfPage\":{\"@id\":\"https:\\\/\\\/schoenstatt.com\\\/pt-pt\\\/homens-simples-chamados-a-serem-grandes-diante-de-deus\\\/\"},\"wordCount\":478,\"publisher\":{\"@id\":\"https:\\\/\\\/schoenstatt.com\\\/pt-pt\\\/#organization\"},\"image\":{\"@id\":\"https:\\\/\\\/schoenstatt.com\\\/pt-pt\\\/homens-simples-chamados-a-serem-grandes-diante-de-deus\\\/#primaryimage\"},\"thumbnailUrl\":\"https:\\\/\\\/schoenstatt.com\\\/wp-content\\\/uploads\\\/2022\\\/12\\\/Joao-Pozzobon-com-familias-1.jpg\",\"articleSection\":[\"Espiritualidade\",\"Her\u00f3is de Schoenstatt\",\"Igreja\",\"M\u00e3e Peregrina\"],\"inLanguage\":\"pt-PT\"},{\"@type\":\"WebPage\",\"@id\":\"https:\\\/\\\/schoenstatt.com\\\/pt-pt\\\/homens-simples-chamados-a-serem-grandes-diante-de-deus\\\/\",\"url\":\"https:\\\/\\\/schoenstatt.com\\\/pt-pt\\\/homens-simples-chamados-a-serem-grandes-diante-de-deus\\\/\",\"name\":\"Homens simples chamados a serem grandes diante de Deus - Schoenstatt\",\"isPartOf\":{\"@id\":\"https:\\\/\\\/schoenstatt.com\\\/pt-pt\\\/#website\"},\"primaryImageOfPage\":{\"@id\":\"https:\\\/\\\/schoenstatt.com\\\/pt-pt\\\/homens-simples-chamados-a-serem-grandes-diante-de-deus\\\/#primaryimage\"},\"image\":{\"@id\":\"https:\\\/\\\/schoenstatt.com\\\/pt-pt\\\/homens-simples-chamados-a-serem-grandes-diante-de-deus\\\/#primaryimage\"},\"thumbnailUrl\":\"https:\\\/\\\/schoenstatt.com\\\/wp-content\\\/uploads\\\/2022\\\/12\\\/Joao-Pozzobon-com-familias-1.jpg\",\"datePublished\":\"2022-12-12T07:00:56+00:00\",\"dateModified\":\"2025-05-15T23:21:04+00:00\",\"description\":\"Homens simples chamados a serem grandes diante de Deus - Jo\u00e3o Luiz Pozzobon e S\u00e3o Jo\u00e3o Diego instrumentos a servi\u00e7o de Jesus e Maria\",\"breadcrumb\":{\"@id\":\"https:\\\/\\\/schoenstatt.com\\\/pt-pt\\\/homens-simples-chamados-a-serem-grandes-diante-de-deus\\\/#breadcrumb\"},\"inLanguage\":\"pt-PT\",\"potentialAction\":[{\"@type\":\"ReadAction\",\"target\":[\"https:\\\/\\\/schoenstatt.com\\\/pt-pt\\\/homens-simples-chamados-a-serem-grandes-diante-de-deus\\\/\"]}]},{\"@type\":\"ImageObject\",\"inLanguage\":\"pt-PT\",\"@id\":\"https:\\\/\\\/schoenstatt.com\\\/pt-pt\\\/homens-simples-chamados-a-serem-grandes-diante-de-deus\\\/#primaryimage\",\"url\":\"https:\\\/\\\/schoenstatt.com\\\/wp-content\\\/uploads\\\/2022\\\/12\\\/Joao-Pozzobon-com-familias-1.jpg\",\"contentUrl\":\"https:\\\/\\\/schoenstatt.com\\\/wp-content\\\/uploads\\\/2022\\\/12\\\/Joao-Pozzobon-com-familias-1.jpg\",\"width\":992,\"height\":595,\"caption\":\"Simple men\"},{\"@type\":\"BreadcrumbList\",\"@id\":\"https:\\\/\\\/schoenstatt.com\\\/pt-pt\\\/homens-simples-chamados-a-serem-grandes-diante-de-deus\\\/#breadcrumb\",\"itemListElement\":[{\"@type\":\"ListItem\",\"position\":1,\"name\":\"Portada\",\"item\":\"https:\\\/\\\/schoenstatt.com\\\/pt-pt\\\/home\\\/\"},{\"@type\":\"ListItem\",\"position\":2,\"name\":\"Homens simples chamados a serem grandes diante de Deus\"}]},{\"@type\":\"WebSite\",\"@id\":\"https:\\\/\\\/schoenstatt.com\\\/pt-pt\\\/#website\",\"url\":\"https:\\\/\\\/schoenstatt.com\\\/pt-pt\\\/\",\"name\":\"Schoenstatt\",\"description\":\"Apostolic Movement\",\"publisher\":{\"@id\":\"https:\\\/\\\/schoenstatt.com\\\/pt-pt\\\/#organization\"},\"potentialAction\":[{\"@type\":\"SearchAction\",\"target\":{\"@type\":\"EntryPoint\",\"urlTemplate\":\"https:\\\/\\\/schoenstatt.com\\\/pt-pt\\\/?s={search_term_string}\"},\"query-input\":{\"@type\":\"PropertyValueSpecification\",\"valueRequired\":true,\"valueName\":\"search_term_string\"}}],\"inLanguage\":\"pt-PT\"},{\"@type\":\"Organization\",\"@id\":\"https:\\\/\\\/schoenstatt.com\\\/pt-pt\\\/#organization\",\"name\":\"Schoenstatt\",\"url\":\"https:\\\/\\\/schoenstatt.com\\\/pt-pt\\\/\",\"logo\":{\"@type\":\"ImageObject\",\"inLanguage\":\"pt-PT\",\"@id\":\"https:\\\/\\\/schoenstatt.com\\\/pt-pt\\\/#\\\/schema\\\/logo\\\/image\\\/\",\"url\":\"https:\\\/\\\/schoenstatt.com\\\/wp-content\\\/uploads\\\/2025\\\/04\\\/logo-schoenstatt-white-696x696-1.png\",\"contentUrl\":\"https:\\\/\\\/schoenstatt.com\\\/wp-content\\\/uploads\\\/2025\\\/04\\\/logo-schoenstatt-white-696x696-1.png\",\"width\":696,\"height\":694,\"caption\":\"Schoenstatt\"},\"image\":{\"@id\":\"https:\\\/\\\/schoenstatt.com\\\/pt-pt\\\/#\\\/schema\\\/logo\\\/image\\\/\"}},{\"@type\":\"Person\",\"@id\":\"https:\\\/\\\/schoenstatt.com\\\/pt-pt\\\/#\\\/schema\\\/person\\\/489465b1850e7b216fe2c10dfc262551\",\"name\":\"admin\",\"image\":{\"@type\":\"ImageObject\",\"inLanguage\":\"pt-PT\",\"@id\":\"https:\\\/\\\/secure.gravatar.com\\\/avatar\\\/02e8345e1ec40ab0e0a2a98fdde64a684bbaf994cddcb778b25b8b024ee9dfe6?s=96&d=mm&r=g\",\"url\":\"https:\\\/\\\/secure.gravatar.com\\\/avatar\\\/02e8345e1ec40ab0e0a2a98fdde64a684bbaf994cddcb778b25b8b024ee9dfe6?s=96&d=mm&r=g\",\"contentUrl\":\"https:\\\/\\\/secure.gravatar.com\\\/avatar\\\/02e8345e1ec40ab0e0a2a98fdde64a684bbaf994cddcb778b25b8b024ee9dfe6?s=96&d=mm&r=g\",\"caption\":\"admin\"},\"sameAs\":[\"https:\\\/\\\/schoenstatt.com\"],\"url\":\"https:\\\/\\\/schoenstatt.com\\\/pt-pt\\\/author\\\/admin\\\/\"}]}<\/script>\n<!-- \/ Yoast SEO Premium plugin. -->","yoast_head_json":{"title":"Homens simples chamados a serem grandes diante de Deus - Schoenstatt","description":"Homens simples chamados a serem grandes diante de Deus - Jo\u00e3o Luiz Pozzobon e S\u00e3o Jo\u00e3o Diego instrumentos a servi\u00e7o de Jesus e Maria","robots":{"index":"index","follow":"follow","max-snippet":"max-snippet:-1","max-image-preview":"max-image-preview:large","max-video-preview":"max-video-preview:-1"},"canonical":"https:\/\/schoenstatt.com\/pt-pt\/homens-simples-chamados-a-serem-grandes-diante-de-deus\/","og_locale":"pt_PT","og_type":"article","og_title":"Homens simples chamados a serem grandes diante de Deus","og_description":"Homens simples chamados a serem grandes diante de Deus - Jo\u00e3o Luiz Pozzobon e S\u00e3o Jo\u00e3o Diego instrumentos a servi\u00e7o de Jesus e Maria","og_url":"https:\/\/schoenstatt.com\/pt-pt\/homens-simples-chamados-a-serem-grandes-diante-de-deus\/","og_site_name":"Schoenstatt","article_published_time":"2022-12-12T07:00:56+00:00","article_modified_time":"2025-05-15T23:21:04+00:00","og_image":[{"width":992,"height":595,"url":"https:\/\/schoenstatt.com\/wp-content\/uploads\/2022\/12\/Joao-Pozzobon-com-familias-1.jpg","type":"image\/jpeg"}],"author":"admin","twitter_card":"summary_large_image","twitter_misc":{"Escrito por":"admin","Tempo estimado de leitura":"3 minutos"},"schema":{"@context":"https:\/\/schema.org","@graph":[{"@type":"Article","@id":"https:\/\/schoenstatt.com\/pt-pt\/homens-simples-chamados-a-serem-grandes-diante-de-deus\/#article","isPartOf":{"@id":"https:\/\/schoenstatt.com\/pt-pt\/homens-simples-chamados-a-serem-grandes-diante-de-deus\/"},"author":{"name":"admin","@id":"https:\/\/schoenstatt.com\/pt-pt\/#\/schema\/person\/489465b1850e7b216fe2c10dfc262551"},"headline":"Homens simples chamados a serem grandes diante de Deus","datePublished":"2022-12-12T07:00:56+00:00","dateModified":"2025-05-15T23:21:04+00:00","mainEntityOfPage":{"@id":"https:\/\/schoenstatt.com\/pt-pt\/homens-simples-chamados-a-serem-grandes-diante-de-deus\/"},"wordCount":478,"publisher":{"@id":"https:\/\/schoenstatt.com\/pt-pt\/#organization"},"image":{"@id":"https:\/\/schoenstatt.com\/pt-pt\/homens-simples-chamados-a-serem-grandes-diante-de-deus\/#primaryimage"},"thumbnailUrl":"https:\/\/schoenstatt.com\/wp-content\/uploads\/2022\/12\/Joao-Pozzobon-com-familias-1.jpg","articleSection":["Espiritualidade","Her\u00f3is de Schoenstatt","Igreja","M\u00e3e Peregrina"],"inLanguage":"pt-PT"},{"@type":"WebPage","@id":"https:\/\/schoenstatt.com\/pt-pt\/homens-simples-chamados-a-serem-grandes-diante-de-deus\/","url":"https:\/\/schoenstatt.com\/pt-pt\/homens-simples-chamados-a-serem-grandes-diante-de-deus\/","name":"Homens simples chamados a serem grandes diante de Deus - Schoenstatt","isPartOf":{"@id":"https:\/\/schoenstatt.com\/pt-pt\/#website"},"primaryImageOfPage":{"@id":"https:\/\/schoenstatt.com\/pt-pt\/homens-simples-chamados-a-serem-grandes-diante-de-deus\/#primaryimage"},"image":{"@id":"https:\/\/schoenstatt.com\/pt-pt\/homens-simples-chamados-a-serem-grandes-diante-de-deus\/#primaryimage"},"thumbnailUrl":"https:\/\/schoenstatt.com\/wp-content\/uploads\/2022\/12\/Joao-Pozzobon-com-familias-1.jpg","datePublished":"2022-12-12T07:00:56+00:00","dateModified":"2025-05-15T23:21:04+00:00","description":"Homens simples chamados a serem grandes diante de Deus - Jo\u00e3o Luiz Pozzobon e S\u00e3o Jo\u00e3o Diego instrumentos a servi\u00e7o de Jesus e Maria","breadcrumb":{"@id":"https:\/\/schoenstatt.com\/pt-pt\/homens-simples-chamados-a-serem-grandes-diante-de-deus\/#breadcrumb"},"inLanguage":"pt-PT","potentialAction":[{"@type":"ReadAction","target":["https:\/\/schoenstatt.com\/pt-pt\/homens-simples-chamados-a-serem-grandes-diante-de-deus\/"]}]},{"@type":"ImageObject","inLanguage":"pt-PT","@id":"https:\/\/schoenstatt.com\/pt-pt\/homens-simples-chamados-a-serem-grandes-diante-de-deus\/#primaryimage","url":"https:\/\/schoenstatt.com\/wp-content\/uploads\/2022\/12\/Joao-Pozzobon-com-familias-1.jpg","contentUrl":"https:\/\/schoenstatt.com\/wp-content\/uploads\/2022\/12\/Joao-Pozzobon-com-familias-1.jpg","width":992,"height":595,"caption":"Simple men"},{"@type":"BreadcrumbList","@id":"https:\/\/schoenstatt.com\/pt-pt\/homens-simples-chamados-a-serem-grandes-diante-de-deus\/#breadcrumb","itemListElement":[{"@type":"ListItem","position":1,"name":"Portada","item":"https:\/\/schoenstatt.com\/pt-pt\/home\/"},{"@type":"ListItem","position":2,"name":"Homens simples chamados a serem grandes diante de Deus"}]},{"@type":"WebSite","@id":"https:\/\/schoenstatt.com\/pt-pt\/#website","url":"https:\/\/schoenstatt.com\/pt-pt\/","name":"Schoenstatt","description":"Apostolic Movement","publisher":{"@id":"https:\/\/schoenstatt.com\/pt-pt\/#organization"},"potentialAction":[{"@type":"SearchAction","target":{"@type":"EntryPoint","urlTemplate":"https:\/\/schoenstatt.com\/pt-pt\/?s={search_term_string}"},"query-input":{"@type":"PropertyValueSpecification","valueRequired":true,"valueName":"search_term_string"}}],"inLanguage":"pt-PT"},{"@type":"Organization","@id":"https:\/\/schoenstatt.com\/pt-pt\/#organization","name":"Schoenstatt","url":"https:\/\/schoenstatt.com\/pt-pt\/","logo":{"@type":"ImageObject","inLanguage":"pt-PT","@id":"https:\/\/schoenstatt.com\/pt-pt\/#\/schema\/logo\/image\/","url":"https:\/\/schoenstatt.com\/wp-content\/uploads\/2025\/04\/logo-schoenstatt-white-696x696-1.png","contentUrl":"https:\/\/schoenstatt.com\/wp-content\/uploads\/2025\/04\/logo-schoenstatt-white-696x696-1.png","width":696,"height":694,"caption":"Schoenstatt"},"image":{"@id":"https:\/\/schoenstatt.com\/pt-pt\/#\/schema\/logo\/image\/"}},{"@type":"Person","@id":"https:\/\/schoenstatt.com\/pt-pt\/#\/schema\/person\/489465b1850e7b216fe2c10dfc262551","name":"admin","image":{"@type":"ImageObject","inLanguage":"pt-PT","@id":"https:\/\/secure.gravatar.com\/avatar\/02e8345e1ec40ab0e0a2a98fdde64a684bbaf994cddcb778b25b8b024ee9dfe6?s=96&d=mm&r=g","url":"https:\/\/secure.gravatar.com\/avatar\/02e8345e1ec40ab0e0a2a98fdde64a684bbaf994cddcb778b25b8b024ee9dfe6?s=96&d=mm&r=g","contentUrl":"https:\/\/secure.gravatar.com\/avatar\/02e8345e1ec40ab0e0a2a98fdde64a684bbaf994cddcb778b25b8b024ee9dfe6?s=96&d=mm&r=g","caption":"admin"},"sameAs":["https:\/\/schoenstatt.com"],"url":"https:\/\/schoenstatt.com\/pt-pt\/author\/admin\/"}]}},"_links":{"self":[{"href":"https:\/\/schoenstatt.com\/pt-pt\/wp-json\/wp\/v2\/posts\/28285","targetHints":{"allow":["GET"]}}],"collection":[{"href":"https:\/\/schoenstatt.com\/pt-pt\/wp-json\/wp\/v2\/posts"}],"about":[{"href":"https:\/\/schoenstatt.com\/pt-pt\/wp-json\/wp\/v2\/types\/post"}],"author":[{"embeddable":true,"href":"https:\/\/schoenstatt.com\/pt-pt\/wp-json\/wp\/v2\/users\/1"}],"replies":[{"embeddable":true,"href":"https:\/\/schoenstatt.com\/pt-pt\/wp-json\/wp\/v2\/comments?post=28285"}],"version-history":[{"count":1,"href":"https:\/\/schoenstatt.com\/pt-pt\/wp-json\/wp\/v2\/posts\/28285\/revisions"}],"predecessor-version":[{"id":45713,"href":"https:\/\/schoenstatt.com\/pt-pt\/wp-json\/wp\/v2\/posts\/28285\/revisions\/45713"}],"wp:featuredmedia":[{"embeddable":true,"href":"https:\/\/schoenstatt.com\/pt-pt\/wp-json\/wp\/v2\/media\/28279"}],"wp:attachment":[{"href":"https:\/\/schoenstatt.com\/pt-pt\/wp-json\/wp\/v2\/media?parent=28285"}],"wp:term":[{"taxonomy":"category","embeddable":true,"href":"https:\/\/schoenstatt.com\/pt-pt\/wp-json\/wp\/v2\/categories?post=28285"},{"taxonomy":"post_tag","embeddable":true,"href":"https:\/\/schoenstatt.com\/pt-pt\/wp-json\/wp\/v2\/tags?post=28285"}],"curies":[{"name":"wp","href":"https:\/\/api.w.org\/{rel}","templated":true}]}}