{"id":27021,"date":"2022-09-23T20:13:40","date_gmt":"2022-09-23T18:13:40","guid":{"rendered":"https:\/\/schoenstatt.com\/?p=27021"},"modified":"2025-05-16T00:50:18","modified_gmt":"2025-05-15T22:50:18","slug":"comemoracao-de-50-anos-do-santuario-da-mae-e-rainha-em-atibaia-sp","status":"publish","type":"post","link":"https:\/\/schoenstatt.com\/pt-pt\/comemoracao-de-50-anos-do-santuario-da-mae-e-rainha-em-atibaia-sp\/","title":{"rendered":"Comemora\u00e7\u00e3o de 50 anos do Santu\u00e1rio da M\u00e3e e Rainha, em Atibaia\/SP"},"content":{"rendered":"<h3>A Santa Missa em A\u00e7\u00e3o de Gra\u00e7as foi presidida pelo bispo da Diocese de Bragan\u00e7a Paulista\/SP, Dom S\u00e9rgio Aparecido Colombo.<\/h3>\n<p>O <a href=\"https:\/\/schoenstatt.com\/pt-pt\/paises-pt\/santuario-de-schoenstatt-atibaia-abre-comemoracoes-do-jubileu-de-50-anos\">dia jubilar<\/a> iniciou com o amanhecer na Alvorada Jubilar seguida da Santa Missa da Aurora com a participa\u00e7\u00e3o da juventude. Os peregrinos em romaria come\u00e7aram a chegar horas depois, os \u00f4nibus foram recebidos com muita alegria pelos jovens que faziam a sauda\u00e7\u00e3o na entrada. Ao desembarcar, os peregrinos recebiam um \u201cabra\u00e7o especial do Santu\u00e1rio.\u201d<\/p>\n<p><img fetchpriority=\"high\" decoding=\"async\" class=\"aligncenter wp-image-27030 size-full\" src=\"https:\/\/schoenstatt.com\/wp-content\/uploads\/2022\/09\/Atibaia-6.png\" alt=\"\" width=\"765\" height=\"498\" \/><\/p>\n<h3>A programa\u00e7\u00e3o alternativa<\/h3>\n<p>A programa\u00e7\u00e3o contou com diversas atividades, o \u201cCine Schoenstatt\u201d, onde os visitantes puderam acompanhar o document\u00e1rio \u201cAlgu\u00e9m deve ir \u00e0 frente\u201d, que conta a hist\u00f3ria do Fundador do Movimento Apost\u00f3lico de Schoenstatt, o Pe. Jos\u00e9 Kentenich.<\/p>\n<p>Juliana Cristina de Souza Troiano, de Guariba\/SP, acompanhou a sess\u00e3o e comentou sobre o filme. \u201cRetrata a inicia\u00e7\u00e3o de uma busca interior que temos com Deus, que buscamos transparecer para o pr\u00f3ximo aquilo que Deus coloca dentro do nosso cora\u00e7\u00e3o. (\u2026) Algu\u00e9m tem que dar o primeiro passo para depois propagar o andar e a evangeliza\u00e7\u00e3o.\u201d<\/p>\n<p>Na Capela da Casa Provincial, um momento de ora\u00e7\u00e3o e cantos com o louvor e adora\u00e7\u00e3o ao Sant\u00edssimo Sacramento e na Tenda dos Peregrinos o Ter\u00e7o Mariano. A banda 24 de outubro fez uma apresenta\u00e7\u00e3o musical preparando os visitantes para a grande celebra\u00e7\u00e3o do Jubileu.<\/p>\n<p>A mission\u00e1ria da imagem da M\u00e3e Peregrina, Jaqueline Rosa das Neves de Souza, de S\u00e3o Paulo\/SP, comenta: \u201cO meu sentimento de estar aqui \u00e9 de gratid\u00e3o e alegria e muitas gra\u00e7as por tudo que a M\u00e3e de Deus faz na minha vida e da minha fam\u00edlia.\u201d<\/p>\n<h3>Caminhada Jubilar<\/h3>\n<p><img decoding=\"async\" class=\"aligncenter wp-image-27022 size-full\" src=\"https:\/\/schoenstatt.com\/wp-content\/uploads\/2022\/09\/Atibaia-1.png\" alt=\"Santu\u00e1rio\" width=\"639\" height=\"446\" \/><\/p>\n<p>Os peregrinos se reuniram em frente ao Santu\u00e1rio para dar in\u00edcio a \u201c<em><strong>Caminhada Jubilar<\/strong><\/em>\u201d, um momento de muita emo\u00e7\u00e3o onde a imagem da M\u00e3e, Rainha e Vencedora Tr\u00eas Vezes Admir\u00e1vel de Schoenstatt desceu de seu trono de gra\u00e7as para ir ao encontro dos seus filhos. Muitos estendiam \u00e0s m\u00e3os diante da M\u00e3e de Deus, faziam suas preces sem conter as l\u00e1grimas.<\/p>\n<p>A imagem carregada no andor caminhou pela multid\u00e3o, com chuva de p\u00e9talas de rosas, com cantos e ora\u00e7\u00f5es \u00e0 Maria. A primeira parada aconteceu no Cruzeiro, seguindo para o Portal Jubilar e seguindo at\u00e9 a est\u00e1tua do Pe. Jos\u00e9 Kentenich, para um momento de agradecimento, celebrando tamb\u00e9m os 75 anos da sua primeira visita ao Brasil. Ao final da caminhada, a imagem de gra\u00e7as voltou para o Santu\u00e1rio, onde os peregrinos se consagraram \u00e0 M\u00e3e e Rainha, e festejaram cantando parab\u00e9ns ao Santu\u00e1rio.<\/p>\n<p>Marilene Alves Fran\u00e7a, S\u00e3o Paulo\/SP, pertence a Liga das M\u00e3es de Schoenstatt, acompanhou o tr\u00edduo online e viajou para o encontro com a M\u00e3e de Deus no dia Jubilar \u201cVim aqui receber as gra\u00e7as do Santu\u00e1rio e da nossa querida M\u00e3e e Rainha. Participei do tr\u00edduo de forma online, a viv\u00eancia para n\u00f3s que est\u00e1vamos longe foi emocionante.\u201d<\/p>\n<h3>Santa Missa Jubilar<\/h3>\n<p><iframe title=\"Santa Missa Jubilar\" width=\"800\" height=\"450\" src=\"https:\/\/www.youtube.com\/embed\/6m3ekqd1AVA?feature=oembed\" frameborder=\"0\" allow=\"accelerometer; autoplay; clipboard-write; encrypted-media; gyroscope; picture-in-picture; web-share\" referrerpolicy=\"strict-origin-when-cross-origin\" allowfullscreen><\/iframe><\/p>\n<p>A Santa Missa em A\u00e7\u00e3o de Gra\u00e7as pelos 50 anos do Santu\u00e1rio que foi presidida pelo <em><strong>bispo Dom S\u00e9rgio Colombo<\/strong><\/em> e concelebrada pelos padres da diocese e demais sacerdotes. Tamb\u00e9m estavam presentes o prefeito municipal Emil Ono, o ex-prefeito Saulo Pedroso e o Superintendente da Pol\u00edcia Rodovi\u00e1ria Federal de S\u00e3o Paulo\/SP, Ant\u00f4nio Fernando de Miranda. Leia aqui\u00a0a homilia.<\/p>\n<p>Emocionada, Maria Aparecida Gallo, de Jundia\u00ed\/SP, comenta sobre sua rela\u00e7\u00e3o com o Santu\u00e1rio. \u201c\u00c9 indescrit\u00edvel estar aqui hoje, vivenciar cada minuto da presen\u00e7a da M\u00e3e de Deus e do Pai e Fundador (Pe. Jos\u00e9 Kentenich). Estive aqui quando o Santu\u00e1rio completou 30 anos, depois 45, e agora no Jubileu de 50 anos. (\u2026) Hoje n\u00f3s estamos comemorando cantando parab\u00e9ns! Na consagra\u00e7\u00e3o esva\u00ed em l\u00e1grimas, mas em l\u00e1grimas de purifica\u00e7\u00e3o da minha alma, foi muito lindo!\u201d<\/p>\n<p>Fonte:\u00a0<a href=\"https:\/\/santuariodeatibaia.org.br\/post\/santuario-recebe-4-mil-pessoas-no-jubileu-de-ouro\/\">Santu\u00e1rio Atibaia<\/a><\/p>\n<p>&nbsp;<\/p>\n","protected":false},"excerpt":{"rendered":"<p>O Santu\u00e1rio Tabor da Permanente Presen\u00e7a do Pai celebrou o Jubileu de Ouro, pela ocasi\u00e3o de 50 anos, neste domingo (17), em Atibaia\/SP, com a presen\u00e7a de mais de 4 mil peregrinos. <\/p>\n","protected":false},"author":1,"featured_media":27026,"comment_status":"closed","ping_status":"closed","sticky":false,"template":"","format":"standard","meta":{"footnotes":""},"categories":[916,636],"tags":[],"class_list":["post-27021","post","type-post","status-publish","format-standard","has-post-thumbnail","hentry","category-espiritualidade-pt-pt","category-eventos-pt-pt"],"yoast_head":"<!-- This site is optimized with the Yoast SEO Premium plugin v27.4 (Yoast SEO v27.4) - https:\/\/yoast.com\/product\/yoast-seo-premium-wordpress\/ -->\n<title>Comemora\u00e7\u00e3o de 50 anos do Santu\u00e1rio da M\u00e3e e Rainha, em Atibaia\/SP - Schoenstatt<\/title>\n<meta name=\"description\" content=\"O Santu\u00e1rio Tabor da Permanente Presen\u00e7a do Pai celebrou o Jubileu de Ouro, pela ocasi\u00e3o de 50 anos com a presen\u00e7a de muitos peregrinos\" \/>\n<meta name=\"robots\" content=\"index, follow, max-snippet:-1, max-image-preview:large, max-video-preview:-1\" \/>\n<link rel=\"canonical\" href=\"https:\/\/schoenstatt.com\/pt-pt\/comemoracao-de-50-anos-do-santuario-da-mae-e-rainha-em-atibaia-sp\/\" \/>\n<meta property=\"og:locale\" content=\"pt_PT\" \/>\n<meta property=\"og:type\" content=\"article\" \/>\n<meta property=\"og:title\" content=\"Comemora\u00e7\u00e3o de 50 anos do Santu\u00e1rio da M\u00e3e e Rainha, em Atibaia\/SP\" \/>\n<meta property=\"og:description\" content=\"O Santu\u00e1rio Tabor da Permanente Presen\u00e7a do Pai celebrou o Jubileu de Ouro, pela ocasi\u00e3o de 50 anos com a presen\u00e7a de muitos peregrinos\" \/>\n<meta property=\"og:url\" content=\"https:\/\/schoenstatt.com\/pt-pt\/comemoracao-de-50-anos-do-santuario-da-mae-e-rainha-em-atibaia-sp\/\" \/>\n<meta property=\"og:site_name\" content=\"Schoenstatt\" \/>\n<meta property=\"article:published_time\" content=\"2022-09-23T18:13:40+00:00\" \/>\n<meta property=\"article:modified_time\" content=\"2025-05-15T22:50:18+00:00\" \/>\n<meta property=\"og:image\" content=\"https:\/\/schoenstatt.com\/wp-content\/uploads\/2022\/09\/Atibaia-8-1.png\" \/>\n\t<meta property=\"og:image:width\" content=\"761\" \/>\n\t<meta property=\"og:image:height\" content=\"507\" \/>\n\t<meta property=\"og:image:type\" content=\"image\/png\" \/>\n<meta name=\"author\" content=\"admin\" \/>\n<meta name=\"twitter:card\" content=\"summary_large_image\" \/>\n<meta name=\"twitter:label1\" content=\"Escrito por\" \/>\n\t<meta name=\"twitter:data1\" content=\"admin\" \/>\n\t<meta name=\"twitter:label2\" content=\"Tempo estimado de leitura\" \/>\n\t<meta name=\"twitter:data2\" content=\"4 minutos\" \/>\n<script type=\"application\/ld+json\" class=\"yoast-schema-graph\">{\"@context\":\"https:\\\/\\\/schema.org\",\"@graph\":[{\"@type\":\"Article\",\"@id\":\"https:\\\/\\\/schoenstatt.com\\\/pt-pt\\\/comemoracao-de-50-anos-do-santuario-da-mae-e-rainha-em-atibaia-sp\\\/#article\",\"isPartOf\":{\"@id\":\"https:\\\/\\\/schoenstatt.com\\\/pt-pt\\\/comemoracao-de-50-anos-do-santuario-da-mae-e-rainha-em-atibaia-sp\\\/\"},\"author\":{\"name\":\"admin\",\"@id\":\"https:\\\/\\\/schoenstatt.com\\\/pt-pt\\\/#\\\/schema\\\/person\\\/489465b1850e7b216fe2c10dfc262551\"},\"headline\":\"Comemora\u00e7\u00e3o de 50 anos do Santu\u00e1rio da M\u00e3e e Rainha, em Atibaia\\\/SP\",\"datePublished\":\"2022-09-23T18:13:40+00:00\",\"dateModified\":\"2025-05-15T22:50:18+00:00\",\"mainEntityOfPage\":{\"@id\":\"https:\\\/\\\/schoenstatt.com\\\/pt-pt\\\/comemoracao-de-50-anos-do-santuario-da-mae-e-rainha-em-atibaia-sp\\\/\"},\"wordCount\":708,\"publisher\":{\"@id\":\"https:\\\/\\\/schoenstatt.com\\\/pt-pt\\\/#organization\"},\"image\":{\"@id\":\"https:\\\/\\\/schoenstatt.com\\\/pt-pt\\\/comemoracao-de-50-anos-do-santuario-da-mae-e-rainha-em-atibaia-sp\\\/#primaryimage\"},\"thumbnailUrl\":\"https:\\\/\\\/schoenstatt.com\\\/wp-content\\\/uploads\\\/2022\\\/09\\\/Atibaia-8-1.png\",\"articleSection\":[\"Espiritualidade\",\"Eventos\"],\"inLanguage\":\"pt-PT\"},{\"@type\":\"WebPage\",\"@id\":\"https:\\\/\\\/schoenstatt.com\\\/pt-pt\\\/comemoracao-de-50-anos-do-santuario-da-mae-e-rainha-em-atibaia-sp\\\/\",\"url\":\"https:\\\/\\\/schoenstatt.com\\\/pt-pt\\\/comemoracao-de-50-anos-do-santuario-da-mae-e-rainha-em-atibaia-sp\\\/\",\"name\":\"Comemora\u00e7\u00e3o de 50 anos do Santu\u00e1rio da M\u00e3e e Rainha, em Atibaia\\\/SP - Schoenstatt\",\"isPartOf\":{\"@id\":\"https:\\\/\\\/schoenstatt.com\\\/pt-pt\\\/#website\"},\"primaryImageOfPage\":{\"@id\":\"https:\\\/\\\/schoenstatt.com\\\/pt-pt\\\/comemoracao-de-50-anos-do-santuario-da-mae-e-rainha-em-atibaia-sp\\\/#primaryimage\"},\"image\":{\"@id\":\"https:\\\/\\\/schoenstatt.com\\\/pt-pt\\\/comemoracao-de-50-anos-do-santuario-da-mae-e-rainha-em-atibaia-sp\\\/#primaryimage\"},\"thumbnailUrl\":\"https:\\\/\\\/schoenstatt.com\\\/wp-content\\\/uploads\\\/2022\\\/09\\\/Atibaia-8-1.png\",\"datePublished\":\"2022-09-23T18:13:40+00:00\",\"dateModified\":\"2025-05-15T22:50:18+00:00\",\"description\":\"O Santu\u00e1rio Tabor da Permanente Presen\u00e7a do Pai celebrou o Jubileu de Ouro, pela ocasi\u00e3o de 50 anos com a presen\u00e7a de muitos peregrinos\",\"breadcrumb\":{\"@id\":\"https:\\\/\\\/schoenstatt.com\\\/pt-pt\\\/comemoracao-de-50-anos-do-santuario-da-mae-e-rainha-em-atibaia-sp\\\/#breadcrumb\"},\"inLanguage\":\"pt-PT\",\"potentialAction\":[{\"@type\":\"ReadAction\",\"target\":[\"https:\\\/\\\/schoenstatt.com\\\/pt-pt\\\/comemoracao-de-50-anos-do-santuario-da-mae-e-rainha-em-atibaia-sp\\\/\"]}]},{\"@type\":\"ImageObject\",\"inLanguage\":\"pt-PT\",\"@id\":\"https:\\\/\\\/schoenstatt.com\\\/pt-pt\\\/comemoracao-de-50-anos-do-santuario-da-mae-e-rainha-em-atibaia-sp\\\/#primaryimage\",\"url\":\"https:\\\/\\\/schoenstatt.com\\\/wp-content\\\/uploads\\\/2022\\\/09\\\/Atibaia-8-1.png\",\"contentUrl\":\"https:\\\/\\\/schoenstatt.com\\\/wp-content\\\/uploads\\\/2022\\\/09\\\/Atibaia-8-1.png\",\"width\":761,\"height\":507,\"caption\":\"Santu\u00e1rio\"},{\"@type\":\"BreadcrumbList\",\"@id\":\"https:\\\/\\\/schoenstatt.com\\\/pt-pt\\\/comemoracao-de-50-anos-do-santuario-da-mae-e-rainha-em-atibaia-sp\\\/#breadcrumb\",\"itemListElement\":[{\"@type\":\"ListItem\",\"position\":1,\"name\":\"Portada\",\"item\":\"https:\\\/\\\/schoenstatt.com\\\/pt-pt\\\/home\\\/\"},{\"@type\":\"ListItem\",\"position\":2,\"name\":\"Comemora\u00e7\u00e3o de 50 anos do Santu\u00e1rio da M\u00e3e e Rainha, em Atibaia\\\/SP\"}]},{\"@type\":\"WebSite\",\"@id\":\"https:\\\/\\\/schoenstatt.com\\\/pt-pt\\\/#website\",\"url\":\"https:\\\/\\\/schoenstatt.com\\\/pt-pt\\\/\",\"name\":\"Schoenstatt\",\"description\":\"Apostolic Movement\",\"publisher\":{\"@id\":\"https:\\\/\\\/schoenstatt.com\\\/pt-pt\\\/#organization\"},\"potentialAction\":[{\"@type\":\"SearchAction\",\"target\":{\"@type\":\"EntryPoint\",\"urlTemplate\":\"https:\\\/\\\/schoenstatt.com\\\/pt-pt\\\/?s={search_term_string}\"},\"query-input\":{\"@type\":\"PropertyValueSpecification\",\"valueRequired\":true,\"valueName\":\"search_term_string\"}}],\"inLanguage\":\"pt-PT\"},{\"@type\":\"Organization\",\"@id\":\"https:\\\/\\\/schoenstatt.com\\\/pt-pt\\\/#organization\",\"name\":\"Schoenstatt\",\"url\":\"https:\\\/\\\/schoenstatt.com\\\/pt-pt\\\/\",\"logo\":{\"@type\":\"ImageObject\",\"inLanguage\":\"pt-PT\",\"@id\":\"https:\\\/\\\/schoenstatt.com\\\/pt-pt\\\/#\\\/schema\\\/logo\\\/image\\\/\",\"url\":\"https:\\\/\\\/schoenstatt.com\\\/wp-content\\\/uploads\\\/2025\\\/04\\\/logo-schoenstatt-white-696x696-1.png\",\"contentUrl\":\"https:\\\/\\\/schoenstatt.com\\\/wp-content\\\/uploads\\\/2025\\\/04\\\/logo-schoenstatt-white-696x696-1.png\",\"width\":696,\"height\":694,\"caption\":\"Schoenstatt\"},\"image\":{\"@id\":\"https:\\\/\\\/schoenstatt.com\\\/pt-pt\\\/#\\\/schema\\\/logo\\\/image\\\/\"}},{\"@type\":\"Person\",\"@id\":\"https:\\\/\\\/schoenstatt.com\\\/pt-pt\\\/#\\\/schema\\\/person\\\/489465b1850e7b216fe2c10dfc262551\",\"name\":\"admin\",\"image\":{\"@type\":\"ImageObject\",\"inLanguage\":\"pt-PT\",\"@id\":\"https:\\\/\\\/secure.gravatar.com\\\/avatar\\\/02e8345e1ec40ab0e0a2a98fdde64a684bbaf994cddcb778b25b8b024ee9dfe6?s=96&d=mm&r=g\",\"url\":\"https:\\\/\\\/secure.gravatar.com\\\/avatar\\\/02e8345e1ec40ab0e0a2a98fdde64a684bbaf994cddcb778b25b8b024ee9dfe6?s=96&d=mm&r=g\",\"contentUrl\":\"https:\\\/\\\/secure.gravatar.com\\\/avatar\\\/02e8345e1ec40ab0e0a2a98fdde64a684bbaf994cddcb778b25b8b024ee9dfe6?s=96&d=mm&r=g\",\"caption\":\"admin\"},\"sameAs\":[\"https:\\\/\\\/schoenstatt.com\"],\"url\":\"https:\\\/\\\/schoenstatt.com\\\/pt-pt\\\/author\\\/admin\\\/\"}]}<\/script>\n<!-- \/ Yoast SEO Premium plugin. -->","yoast_head_json":{"title":"Comemora\u00e7\u00e3o de 50 anos do Santu\u00e1rio da M\u00e3e e Rainha, em Atibaia\/SP - Schoenstatt","description":"O Santu\u00e1rio Tabor da Permanente Presen\u00e7a do Pai celebrou o Jubileu de Ouro, pela ocasi\u00e3o de 50 anos com a presen\u00e7a de muitos peregrinos","robots":{"index":"index","follow":"follow","max-snippet":"max-snippet:-1","max-image-preview":"max-image-preview:large","max-video-preview":"max-video-preview:-1"},"canonical":"https:\/\/schoenstatt.com\/pt-pt\/comemoracao-de-50-anos-do-santuario-da-mae-e-rainha-em-atibaia-sp\/","og_locale":"pt_PT","og_type":"article","og_title":"Comemora\u00e7\u00e3o de 50 anos do Santu\u00e1rio da M\u00e3e e Rainha, em Atibaia\/SP","og_description":"O Santu\u00e1rio Tabor da Permanente Presen\u00e7a do Pai celebrou o Jubileu de Ouro, pela ocasi\u00e3o de 50 anos com a presen\u00e7a de muitos peregrinos","og_url":"https:\/\/schoenstatt.com\/pt-pt\/comemoracao-de-50-anos-do-santuario-da-mae-e-rainha-em-atibaia-sp\/","og_site_name":"Schoenstatt","article_published_time":"2022-09-23T18:13:40+00:00","article_modified_time":"2025-05-15T22:50:18+00:00","og_image":[{"width":761,"height":507,"url":"https:\/\/schoenstatt.com\/wp-content\/uploads\/2022\/09\/Atibaia-8-1.png","type":"image\/png"}],"author":"admin","twitter_card":"summary_large_image","twitter_misc":{"Escrito por":"admin","Tempo estimado de leitura":"4 minutos"},"schema":{"@context":"https:\/\/schema.org","@graph":[{"@type":"Article","@id":"https:\/\/schoenstatt.com\/pt-pt\/comemoracao-de-50-anos-do-santuario-da-mae-e-rainha-em-atibaia-sp\/#article","isPartOf":{"@id":"https:\/\/schoenstatt.com\/pt-pt\/comemoracao-de-50-anos-do-santuario-da-mae-e-rainha-em-atibaia-sp\/"},"author":{"name":"admin","@id":"https:\/\/schoenstatt.com\/pt-pt\/#\/schema\/person\/489465b1850e7b216fe2c10dfc262551"},"headline":"Comemora\u00e7\u00e3o de 50 anos do Santu\u00e1rio da M\u00e3e e Rainha, em Atibaia\/SP","datePublished":"2022-09-23T18:13:40+00:00","dateModified":"2025-05-15T22:50:18+00:00","mainEntityOfPage":{"@id":"https:\/\/schoenstatt.com\/pt-pt\/comemoracao-de-50-anos-do-santuario-da-mae-e-rainha-em-atibaia-sp\/"},"wordCount":708,"publisher":{"@id":"https:\/\/schoenstatt.com\/pt-pt\/#organization"},"image":{"@id":"https:\/\/schoenstatt.com\/pt-pt\/comemoracao-de-50-anos-do-santuario-da-mae-e-rainha-em-atibaia-sp\/#primaryimage"},"thumbnailUrl":"https:\/\/schoenstatt.com\/wp-content\/uploads\/2022\/09\/Atibaia-8-1.png","articleSection":["Espiritualidade","Eventos"],"inLanguage":"pt-PT"},{"@type":"WebPage","@id":"https:\/\/schoenstatt.com\/pt-pt\/comemoracao-de-50-anos-do-santuario-da-mae-e-rainha-em-atibaia-sp\/","url":"https:\/\/schoenstatt.com\/pt-pt\/comemoracao-de-50-anos-do-santuario-da-mae-e-rainha-em-atibaia-sp\/","name":"Comemora\u00e7\u00e3o de 50 anos do Santu\u00e1rio da M\u00e3e e Rainha, em Atibaia\/SP - Schoenstatt","isPartOf":{"@id":"https:\/\/schoenstatt.com\/pt-pt\/#website"},"primaryImageOfPage":{"@id":"https:\/\/schoenstatt.com\/pt-pt\/comemoracao-de-50-anos-do-santuario-da-mae-e-rainha-em-atibaia-sp\/#primaryimage"},"image":{"@id":"https:\/\/schoenstatt.com\/pt-pt\/comemoracao-de-50-anos-do-santuario-da-mae-e-rainha-em-atibaia-sp\/#primaryimage"},"thumbnailUrl":"https:\/\/schoenstatt.com\/wp-content\/uploads\/2022\/09\/Atibaia-8-1.png","datePublished":"2022-09-23T18:13:40+00:00","dateModified":"2025-05-15T22:50:18+00:00","description":"O Santu\u00e1rio Tabor da Permanente Presen\u00e7a do Pai celebrou o Jubileu de Ouro, pela ocasi\u00e3o de 50 anos com a presen\u00e7a de muitos peregrinos","breadcrumb":{"@id":"https:\/\/schoenstatt.com\/pt-pt\/comemoracao-de-50-anos-do-santuario-da-mae-e-rainha-em-atibaia-sp\/#breadcrumb"},"inLanguage":"pt-PT","potentialAction":[{"@type":"ReadAction","target":["https:\/\/schoenstatt.com\/pt-pt\/comemoracao-de-50-anos-do-santuario-da-mae-e-rainha-em-atibaia-sp\/"]}]},{"@type":"ImageObject","inLanguage":"pt-PT","@id":"https:\/\/schoenstatt.com\/pt-pt\/comemoracao-de-50-anos-do-santuario-da-mae-e-rainha-em-atibaia-sp\/#primaryimage","url":"https:\/\/schoenstatt.com\/wp-content\/uploads\/2022\/09\/Atibaia-8-1.png","contentUrl":"https:\/\/schoenstatt.com\/wp-content\/uploads\/2022\/09\/Atibaia-8-1.png","width":761,"height":507,"caption":"Santu\u00e1rio"},{"@type":"BreadcrumbList","@id":"https:\/\/schoenstatt.com\/pt-pt\/comemoracao-de-50-anos-do-santuario-da-mae-e-rainha-em-atibaia-sp\/#breadcrumb","itemListElement":[{"@type":"ListItem","position":1,"name":"Portada","item":"https:\/\/schoenstatt.com\/pt-pt\/home\/"},{"@type":"ListItem","position":2,"name":"Comemora\u00e7\u00e3o de 50 anos do Santu\u00e1rio da M\u00e3e e Rainha, em Atibaia\/SP"}]},{"@type":"WebSite","@id":"https:\/\/schoenstatt.com\/pt-pt\/#website","url":"https:\/\/schoenstatt.com\/pt-pt\/","name":"Schoenstatt","description":"Apostolic Movement","publisher":{"@id":"https:\/\/schoenstatt.com\/pt-pt\/#organization"},"potentialAction":[{"@type":"SearchAction","target":{"@type":"EntryPoint","urlTemplate":"https:\/\/schoenstatt.com\/pt-pt\/?s={search_term_string}"},"query-input":{"@type":"PropertyValueSpecification","valueRequired":true,"valueName":"search_term_string"}}],"inLanguage":"pt-PT"},{"@type":"Organization","@id":"https:\/\/schoenstatt.com\/pt-pt\/#organization","name":"Schoenstatt","url":"https:\/\/schoenstatt.com\/pt-pt\/","logo":{"@type":"ImageObject","inLanguage":"pt-PT","@id":"https:\/\/schoenstatt.com\/pt-pt\/#\/schema\/logo\/image\/","url":"https:\/\/schoenstatt.com\/wp-content\/uploads\/2025\/04\/logo-schoenstatt-white-696x696-1.png","contentUrl":"https:\/\/schoenstatt.com\/wp-content\/uploads\/2025\/04\/logo-schoenstatt-white-696x696-1.png","width":696,"height":694,"caption":"Schoenstatt"},"image":{"@id":"https:\/\/schoenstatt.com\/pt-pt\/#\/schema\/logo\/image\/"}},{"@type":"Person","@id":"https:\/\/schoenstatt.com\/pt-pt\/#\/schema\/person\/489465b1850e7b216fe2c10dfc262551","name":"admin","image":{"@type":"ImageObject","inLanguage":"pt-PT","@id":"https:\/\/secure.gravatar.com\/avatar\/02e8345e1ec40ab0e0a2a98fdde64a684bbaf994cddcb778b25b8b024ee9dfe6?s=96&d=mm&r=g","url":"https:\/\/secure.gravatar.com\/avatar\/02e8345e1ec40ab0e0a2a98fdde64a684bbaf994cddcb778b25b8b024ee9dfe6?s=96&d=mm&r=g","contentUrl":"https:\/\/secure.gravatar.com\/avatar\/02e8345e1ec40ab0e0a2a98fdde64a684bbaf994cddcb778b25b8b024ee9dfe6?s=96&d=mm&r=g","caption":"admin"},"sameAs":["https:\/\/schoenstatt.com"],"url":"https:\/\/schoenstatt.com\/pt-pt\/author\/admin\/"}]}},"_links":{"self":[{"href":"https:\/\/schoenstatt.com\/pt-pt\/wp-json\/wp\/v2\/posts\/27021","targetHints":{"allow":["GET"]}}],"collection":[{"href":"https:\/\/schoenstatt.com\/pt-pt\/wp-json\/wp\/v2\/posts"}],"about":[{"href":"https:\/\/schoenstatt.com\/pt-pt\/wp-json\/wp\/v2\/types\/post"}],"author":[{"embeddable":true,"href":"https:\/\/schoenstatt.com\/pt-pt\/wp-json\/wp\/v2\/users\/1"}],"replies":[{"embeddable":true,"href":"https:\/\/schoenstatt.com\/pt-pt\/wp-json\/wp\/v2\/comments?post=27021"}],"version-history":[{"count":1,"href":"https:\/\/schoenstatt.com\/pt-pt\/wp-json\/wp\/v2\/posts\/27021\/revisions"}],"predecessor-version":[{"id":45538,"href":"https:\/\/schoenstatt.com\/pt-pt\/wp-json\/wp\/v2\/posts\/27021\/revisions\/45538"}],"wp:featuredmedia":[{"embeddable":true,"href":"https:\/\/schoenstatt.com\/pt-pt\/wp-json\/wp\/v2\/media\/27026"}],"wp:attachment":[{"href":"https:\/\/schoenstatt.com\/pt-pt\/wp-json\/wp\/v2\/media?parent=27021"}],"wp:term":[{"taxonomy":"category","embeddable":true,"href":"https:\/\/schoenstatt.com\/pt-pt\/wp-json\/wp\/v2\/categories?post=27021"},{"taxonomy":"post_tag","embeddable":true,"href":"https:\/\/schoenstatt.com\/pt-pt\/wp-json\/wp\/v2\/tags?post=27021"}],"curies":[{"name":"wp","href":"https:\/\/api.w.org\/{rel}","templated":true}]}}