{"id":26928,"date":"2022-09-15T13:59:21","date_gmt":"2022-09-15T11:59:21","guid":{"rendered":"https:\/\/schoenstatt.com\/?p=26928"},"modified":"2025-05-16T00:37:15","modified_gmt":"2025-05-15T22:37:15","slug":"padre-kentenich-testemunho-da-ousadia-da-confianca","status":"publish","type":"post","link":"https:\/\/schoenstatt.com\/pt-pt\/padre-kentenich-testemunho-da-ousadia-da-confianca\/","title":{"rendered":"Padre Kentenich, testemunho  da ousadia da CONFIAN\u00c7A!"},"content":{"rendered":"<h3>15 de setembro de 1968<\/h3>\n<p>15 de setembro de 1968. Depois de uma longa vida dedicada \u00e0 Obra e \u00e0 miss\u00e3o que Deus lhe confiara, Padre Jos\u00e9 Kentenich partiu para a eternidade. Na f\u00e9, cremos que ele est\u00e1 em Deus e, em Deus, ele permanece conosco. Permanece conosco na Obra que ele fundou, com seus ensinamentos, seu exemplo, seu testemunho. Um testemunho da ousadia da CONFIAN\u00c7A!<\/p>\n<p>Ele nos ensinou que \u201cFilialidade \u00e9 o caminho para o c\u00e9u! Filialidade \u00e9 simplesmente o caminho para vencer os problemas de nosso tempo.\u201d[1]<\/p>\n<p>Se olharmos para sua vida sacerdotal aben\u00e7oada \u2013 que n\u00e3o foi poupada de sacrif\u00edcios, priva\u00e7\u00f5es e sofrimentos \u2013 vemos como ele foi o filho que se confiou inteiramente aos cuidados divinos, lan\u00e7ando-se sem medo nos bra\u00e7os do Pai!<\/p>\n<p><img fetchpriority=\"high\" decoding=\"async\" class=\"alignnone size-full wp-image-26933\" src=\"https:\/\/schoenstatt.com\/wp-content\/uploads\/2022\/09\/IMG-0777-scaled.jpg\" alt=\"Padre Jos\u00e9 Kentenich\" width=\"1920\" height=\"2560\" \/><\/p>\n<h3>Pe. Kentenich viveu a mais profunda confian\u00e7a<\/h3>\n<p>Pe. Kentenich viveu a mais profunda confian\u00e7a, mesmo no inferno do Campo de Concentra\u00e7\u00e3o de Dachau, como contou certa vez numa de suas viagens mundiais:\u00a0\u201cEu n\u00e3o conhecia o m\u00ednimo medo. Isto \u00e9 bem compreens\u00edvel: eu tinha doado tudo! Tal atitude requer certa ousadia. O desprendimento interno das coisas nos faz encontrar a medida certa, que n\u00e3o demonstra o m\u00ednimo medo. Eu tamb\u00e9m n\u00e3o sentia medo no cora\u00e7\u00e3o. Pensei: tudo o que acontece no Campo \u00e9 sem import\u00e2ncia. N\u00e3o \u00e9 o essencial das coisas. O central \u00e9 o desprendimento total de si mesmo e o abandono radical a Deus. Isto perfaz a personalidade livre [\u2026].<\/p>\n<blockquote><p>De onde prov\u00e9m esta vitoriosidade? A fonte \u00e9 a consci\u00eancia de instrumento e o desapego de tudo. Depois que me desprendi de tudo: pessoas, \u00eaxito, exist\u00eancia da Fam\u00edlia, nada mais ficou do que a convic\u00e7\u00e3o: agora vamos ao encontro de uma \u00e9poca de maravilhas, de magnific\u00eancias divinas, como nunca ainda experimentamos.\u201d<\/p><\/blockquote>\n<p>A partir da eternidade, ele quer mostrar-nos que a \u00faltima seguran\u00e7a est\u00e1 em Deus, nosso Pai.\u00a0 Ele nos ensinou com sua vida que a filialidade \u00e9 a condi\u00e7\u00e3o para se alcan\u00e7ar a confian\u00e7a vitoriosa!<\/p>\n<p>Neste dia de seu falecimento, agradecemos o exemplo de sua vida e suplicamos ao Pe. Kentenich que interceda junto de Deus pelas preocupa\u00e7\u00f5es e afli\u00e7\u00f5es de todas as pessoas que desabafam conosco ou que peregrinam a um Santu\u00e1rio de Schoenstatt.<\/p>\n<p>Que sejamos n\u00f3s tamb\u00e9m filhos singelos e ousados de um pai que viveu a OUSADIA DA CONFIAN\u00c7A!<\/p>\n<p>[1] Kentenich, Jos\u00e9. Ser Filho diante de Deus, Vol. 1, p. 38.<\/p>\n<p>Fonte: <a href=\"https:\/\/www.s-ms.org\/\">s-ms.org<\/a><\/p>\n","protected":false},"excerpt":{"rendered":"<p>15 de setembro de 1968. Depois de uma longa vida dedicada \u00e0 Obra e \u00e0 miss\u00e3o que Deus lhe confiara, Padre Jos\u00e9 Kentenich partiu para a eternidade.<\/p>\n","protected":false},"author":1,"featured_media":26929,"comment_status":"closed","ping_status":"closed","sticky":false,"template":"","format":"standard","meta":{"footnotes":""},"categories":[916],"tags":[],"class_list":["post-26928","post","type-post","status-publish","format-standard","has-post-thumbnail","hentry","category-espiritualidade-pt-pt"],"yoast_head":"<!-- This site is optimized with the Yoast SEO Premium plugin v27.4 (Yoast SEO v27.4) - https:\/\/yoast.com\/product\/yoast-seo-premium-wordpress\/ -->\n<title>Padre Kentenich, testemunho da ousadia da CONFIAN\u00c7A! - Schoenstatt<\/title>\n<meta name=\"description\" content=\"15 de setembro de 1968. Depois de uma vida dedicada \u00e0 Obra e \u00e0 miss\u00e3o que Deus lhe confiara, Padre Jos\u00e9 Kentenich partiu para a eternidade.\" \/>\n<meta name=\"robots\" content=\"index, follow, max-snippet:-1, max-image-preview:large, max-video-preview:-1\" \/>\n<link rel=\"canonical\" href=\"https:\/\/schoenstatt.com\/pt-pt\/padre-kentenich-testemunho-da-ousadia-da-confianca\/\" \/>\n<meta property=\"og:locale\" content=\"pt_PT\" \/>\n<meta property=\"og:type\" content=\"article\" \/>\n<meta property=\"og:title\" content=\"Padre Kentenich, testemunho da ousadia da CONFIAN\u00c7A!\" \/>\n<meta property=\"og:description\" content=\"15 de setembro de 1968. Depois de uma vida dedicada \u00e0 Obra e \u00e0 miss\u00e3o que Deus lhe confiara, Padre Jos\u00e9 Kentenich partiu para a eternidade.\" \/>\n<meta property=\"og:url\" content=\"https:\/\/schoenstatt.com\/pt-pt\/padre-kentenich-testemunho-da-ousadia-da-confianca\/\" \/>\n<meta property=\"og:site_name\" content=\"Schoenstatt\" \/>\n<meta property=\"article:published_time\" content=\"2022-09-15T11:59:21+00:00\" \/>\n<meta property=\"article:modified_time\" content=\"2025-05-15T22:37:15+00:00\" \/>\n<meta property=\"og:image\" content=\"https:\/\/schoenstatt.com\/wp-content\/uploads\/2022\/09\/Father-1.png\" \/>\n\t<meta property=\"og:image:width\" content=\"598\" \/>\n\t<meta property=\"og:image:height\" content=\"517\" \/>\n\t<meta property=\"og:image:type\" content=\"image\/png\" \/>\n<meta name=\"author\" content=\"admin\" \/>\n<meta name=\"twitter:card\" content=\"summary_large_image\" \/>\n<meta name=\"twitter:label1\" content=\"Escrito por\" \/>\n\t<meta name=\"twitter:data1\" content=\"admin\" \/>\n\t<meta name=\"twitter:label2\" content=\"Tempo estimado de leitura\" \/>\n\t<meta name=\"twitter:data2\" content=\"2 minutos\" \/>\n<script type=\"application\/ld+json\" class=\"yoast-schema-graph\">{\"@context\":\"https:\\\/\\\/schema.org\",\"@graph\":[{\"@type\":\"Article\",\"@id\":\"https:\\\/\\\/schoenstatt.com\\\/pt-pt\\\/padre-kentenich-testemunho-da-ousadia-da-confianca\\\/#article\",\"isPartOf\":{\"@id\":\"https:\\\/\\\/schoenstatt.com\\\/pt-pt\\\/padre-kentenich-testemunho-da-ousadia-da-confianca\\\/\"},\"author\":{\"name\":\"admin\",\"@id\":\"https:\\\/\\\/schoenstatt.com\\\/pt-pt\\\/#\\\/schema\\\/person\\\/489465b1850e7b216fe2c10dfc262551\"},\"headline\":\"Padre Kentenich, testemunho da ousadia da CONFIAN\u00c7A!\",\"datePublished\":\"2022-09-15T11:59:21+00:00\",\"dateModified\":\"2025-05-15T22:37:15+00:00\",\"mainEntityOfPage\":{\"@id\":\"https:\\\/\\\/schoenstatt.com\\\/pt-pt\\\/padre-kentenich-testemunho-da-ousadia-da-confianca\\\/\"},\"wordCount\":422,\"publisher\":{\"@id\":\"https:\\\/\\\/schoenstatt.com\\\/pt-pt\\\/#organization\"},\"image\":{\"@id\":\"https:\\\/\\\/schoenstatt.com\\\/pt-pt\\\/padre-kentenich-testemunho-da-ousadia-da-confianca\\\/#primaryimage\"},\"thumbnailUrl\":\"https:\\\/\\\/schoenstatt.com\\\/wp-content\\\/uploads\\\/2022\\\/09\\\/Father-1.png\",\"articleSection\":[\"Espiritualidade\"],\"inLanguage\":\"pt-PT\"},{\"@type\":\"WebPage\",\"@id\":\"https:\\\/\\\/schoenstatt.com\\\/pt-pt\\\/padre-kentenich-testemunho-da-ousadia-da-confianca\\\/\",\"url\":\"https:\\\/\\\/schoenstatt.com\\\/pt-pt\\\/padre-kentenich-testemunho-da-ousadia-da-confianca\\\/\",\"name\":\"Padre Kentenich, testemunho da ousadia da CONFIAN\u00c7A! - Schoenstatt\",\"isPartOf\":{\"@id\":\"https:\\\/\\\/schoenstatt.com\\\/pt-pt\\\/#website\"},\"primaryImageOfPage\":{\"@id\":\"https:\\\/\\\/schoenstatt.com\\\/pt-pt\\\/padre-kentenich-testemunho-da-ousadia-da-confianca\\\/#primaryimage\"},\"image\":{\"@id\":\"https:\\\/\\\/schoenstatt.com\\\/pt-pt\\\/padre-kentenich-testemunho-da-ousadia-da-confianca\\\/#primaryimage\"},\"thumbnailUrl\":\"https:\\\/\\\/schoenstatt.com\\\/wp-content\\\/uploads\\\/2022\\\/09\\\/Father-1.png\",\"datePublished\":\"2022-09-15T11:59:21+00:00\",\"dateModified\":\"2025-05-15T22:37:15+00:00\",\"description\":\"15 de setembro de 1968. Depois de uma vida dedicada \u00e0 Obra e \u00e0 miss\u00e3o que Deus lhe confiara, Padre Jos\u00e9 Kentenich partiu para a eternidade.\",\"breadcrumb\":{\"@id\":\"https:\\\/\\\/schoenstatt.com\\\/pt-pt\\\/padre-kentenich-testemunho-da-ousadia-da-confianca\\\/#breadcrumb\"},\"inLanguage\":\"pt-PT\",\"potentialAction\":[{\"@type\":\"ReadAction\",\"target\":[\"https:\\\/\\\/schoenstatt.com\\\/pt-pt\\\/padre-kentenich-testemunho-da-ousadia-da-confianca\\\/\"]}]},{\"@type\":\"ImageObject\",\"inLanguage\":\"pt-PT\",\"@id\":\"https:\\\/\\\/schoenstatt.com\\\/pt-pt\\\/padre-kentenich-testemunho-da-ousadia-da-confianca\\\/#primaryimage\",\"url\":\"https:\\\/\\\/schoenstatt.com\\\/wp-content\\\/uploads\\\/2022\\\/09\\\/Father-1.png\",\"contentUrl\":\"https:\\\/\\\/schoenstatt.com\\\/wp-content\\\/uploads\\\/2022\\\/09\\\/Father-1.png\",\"width\":598,\"height\":517,\"caption\":\"Father\"},{\"@type\":\"BreadcrumbList\",\"@id\":\"https:\\\/\\\/schoenstatt.com\\\/pt-pt\\\/padre-kentenich-testemunho-da-ousadia-da-confianca\\\/#breadcrumb\",\"itemListElement\":[{\"@type\":\"ListItem\",\"position\":1,\"name\":\"Portada\",\"item\":\"https:\\\/\\\/schoenstatt.com\\\/pt-pt\\\/home\\\/\"},{\"@type\":\"ListItem\",\"position\":2,\"name\":\"Padre Kentenich, testemunho da ousadia da CONFIAN\u00c7A!\"}]},{\"@type\":\"WebSite\",\"@id\":\"https:\\\/\\\/schoenstatt.com\\\/pt-pt\\\/#website\",\"url\":\"https:\\\/\\\/schoenstatt.com\\\/pt-pt\\\/\",\"name\":\"Schoenstatt\",\"description\":\"Apostolic Movement\",\"publisher\":{\"@id\":\"https:\\\/\\\/schoenstatt.com\\\/pt-pt\\\/#organization\"},\"potentialAction\":[{\"@type\":\"SearchAction\",\"target\":{\"@type\":\"EntryPoint\",\"urlTemplate\":\"https:\\\/\\\/schoenstatt.com\\\/pt-pt\\\/?s={search_term_string}\"},\"query-input\":{\"@type\":\"PropertyValueSpecification\",\"valueRequired\":true,\"valueName\":\"search_term_string\"}}],\"inLanguage\":\"pt-PT\"},{\"@type\":\"Organization\",\"@id\":\"https:\\\/\\\/schoenstatt.com\\\/pt-pt\\\/#organization\",\"name\":\"Schoenstatt\",\"url\":\"https:\\\/\\\/schoenstatt.com\\\/pt-pt\\\/\",\"logo\":{\"@type\":\"ImageObject\",\"inLanguage\":\"pt-PT\",\"@id\":\"https:\\\/\\\/schoenstatt.com\\\/pt-pt\\\/#\\\/schema\\\/logo\\\/image\\\/\",\"url\":\"https:\\\/\\\/schoenstatt.com\\\/wp-content\\\/uploads\\\/2025\\\/04\\\/logo-schoenstatt-white-696x696-1.png\",\"contentUrl\":\"https:\\\/\\\/schoenstatt.com\\\/wp-content\\\/uploads\\\/2025\\\/04\\\/logo-schoenstatt-white-696x696-1.png\",\"width\":696,\"height\":694,\"caption\":\"Schoenstatt\"},\"image\":{\"@id\":\"https:\\\/\\\/schoenstatt.com\\\/pt-pt\\\/#\\\/schema\\\/logo\\\/image\\\/\"}},{\"@type\":\"Person\",\"@id\":\"https:\\\/\\\/schoenstatt.com\\\/pt-pt\\\/#\\\/schema\\\/person\\\/489465b1850e7b216fe2c10dfc262551\",\"name\":\"admin\",\"image\":{\"@type\":\"ImageObject\",\"inLanguage\":\"pt-PT\",\"@id\":\"https:\\\/\\\/secure.gravatar.com\\\/avatar\\\/02e8345e1ec40ab0e0a2a98fdde64a684bbaf994cddcb778b25b8b024ee9dfe6?s=96&d=mm&r=g\",\"url\":\"https:\\\/\\\/secure.gravatar.com\\\/avatar\\\/02e8345e1ec40ab0e0a2a98fdde64a684bbaf994cddcb778b25b8b024ee9dfe6?s=96&d=mm&r=g\",\"contentUrl\":\"https:\\\/\\\/secure.gravatar.com\\\/avatar\\\/02e8345e1ec40ab0e0a2a98fdde64a684bbaf994cddcb778b25b8b024ee9dfe6?s=96&d=mm&r=g\",\"caption\":\"admin\"},\"sameAs\":[\"https:\\\/\\\/schoenstatt.com\"],\"url\":\"https:\\\/\\\/schoenstatt.com\\\/pt-pt\\\/author\\\/admin\\\/\"}]}<\/script>\n<!-- \/ Yoast SEO Premium plugin. -->","yoast_head_json":{"title":"Padre Kentenich, testemunho da ousadia da CONFIAN\u00c7A! - Schoenstatt","description":"15 de setembro de 1968. Depois de uma vida dedicada \u00e0 Obra e \u00e0 miss\u00e3o que Deus lhe confiara, Padre Jos\u00e9 Kentenich partiu para a eternidade.","robots":{"index":"index","follow":"follow","max-snippet":"max-snippet:-1","max-image-preview":"max-image-preview:large","max-video-preview":"max-video-preview:-1"},"canonical":"https:\/\/schoenstatt.com\/pt-pt\/padre-kentenich-testemunho-da-ousadia-da-confianca\/","og_locale":"pt_PT","og_type":"article","og_title":"Padre Kentenich, testemunho da ousadia da CONFIAN\u00c7A!","og_description":"15 de setembro de 1968. Depois de uma vida dedicada \u00e0 Obra e \u00e0 miss\u00e3o que Deus lhe confiara, Padre Jos\u00e9 Kentenich partiu para a eternidade.","og_url":"https:\/\/schoenstatt.com\/pt-pt\/padre-kentenich-testemunho-da-ousadia-da-confianca\/","og_site_name":"Schoenstatt","article_published_time":"2022-09-15T11:59:21+00:00","article_modified_time":"2025-05-15T22:37:15+00:00","og_image":[{"width":598,"height":517,"url":"https:\/\/schoenstatt.com\/wp-content\/uploads\/2022\/09\/Father-1.png","type":"image\/png"}],"author":"admin","twitter_card":"summary_large_image","twitter_misc":{"Escrito por":"admin","Tempo estimado de leitura":"2 minutos"},"schema":{"@context":"https:\/\/schema.org","@graph":[{"@type":"Article","@id":"https:\/\/schoenstatt.com\/pt-pt\/padre-kentenich-testemunho-da-ousadia-da-confianca\/#article","isPartOf":{"@id":"https:\/\/schoenstatt.com\/pt-pt\/padre-kentenich-testemunho-da-ousadia-da-confianca\/"},"author":{"name":"admin","@id":"https:\/\/schoenstatt.com\/pt-pt\/#\/schema\/person\/489465b1850e7b216fe2c10dfc262551"},"headline":"Padre Kentenich, testemunho da ousadia da CONFIAN\u00c7A!","datePublished":"2022-09-15T11:59:21+00:00","dateModified":"2025-05-15T22:37:15+00:00","mainEntityOfPage":{"@id":"https:\/\/schoenstatt.com\/pt-pt\/padre-kentenich-testemunho-da-ousadia-da-confianca\/"},"wordCount":422,"publisher":{"@id":"https:\/\/schoenstatt.com\/pt-pt\/#organization"},"image":{"@id":"https:\/\/schoenstatt.com\/pt-pt\/padre-kentenich-testemunho-da-ousadia-da-confianca\/#primaryimage"},"thumbnailUrl":"https:\/\/schoenstatt.com\/wp-content\/uploads\/2022\/09\/Father-1.png","articleSection":["Espiritualidade"],"inLanguage":"pt-PT"},{"@type":"WebPage","@id":"https:\/\/schoenstatt.com\/pt-pt\/padre-kentenich-testemunho-da-ousadia-da-confianca\/","url":"https:\/\/schoenstatt.com\/pt-pt\/padre-kentenich-testemunho-da-ousadia-da-confianca\/","name":"Padre Kentenich, testemunho da ousadia da CONFIAN\u00c7A! - Schoenstatt","isPartOf":{"@id":"https:\/\/schoenstatt.com\/pt-pt\/#website"},"primaryImageOfPage":{"@id":"https:\/\/schoenstatt.com\/pt-pt\/padre-kentenich-testemunho-da-ousadia-da-confianca\/#primaryimage"},"image":{"@id":"https:\/\/schoenstatt.com\/pt-pt\/padre-kentenich-testemunho-da-ousadia-da-confianca\/#primaryimage"},"thumbnailUrl":"https:\/\/schoenstatt.com\/wp-content\/uploads\/2022\/09\/Father-1.png","datePublished":"2022-09-15T11:59:21+00:00","dateModified":"2025-05-15T22:37:15+00:00","description":"15 de setembro de 1968. Depois de uma vida dedicada \u00e0 Obra e \u00e0 miss\u00e3o que Deus lhe confiara, Padre Jos\u00e9 Kentenich partiu para a eternidade.","breadcrumb":{"@id":"https:\/\/schoenstatt.com\/pt-pt\/padre-kentenich-testemunho-da-ousadia-da-confianca\/#breadcrumb"},"inLanguage":"pt-PT","potentialAction":[{"@type":"ReadAction","target":["https:\/\/schoenstatt.com\/pt-pt\/padre-kentenich-testemunho-da-ousadia-da-confianca\/"]}]},{"@type":"ImageObject","inLanguage":"pt-PT","@id":"https:\/\/schoenstatt.com\/pt-pt\/padre-kentenich-testemunho-da-ousadia-da-confianca\/#primaryimage","url":"https:\/\/schoenstatt.com\/wp-content\/uploads\/2022\/09\/Father-1.png","contentUrl":"https:\/\/schoenstatt.com\/wp-content\/uploads\/2022\/09\/Father-1.png","width":598,"height":517,"caption":"Father"},{"@type":"BreadcrumbList","@id":"https:\/\/schoenstatt.com\/pt-pt\/padre-kentenich-testemunho-da-ousadia-da-confianca\/#breadcrumb","itemListElement":[{"@type":"ListItem","position":1,"name":"Portada","item":"https:\/\/schoenstatt.com\/pt-pt\/home\/"},{"@type":"ListItem","position":2,"name":"Padre Kentenich, testemunho da ousadia da CONFIAN\u00c7A!"}]},{"@type":"WebSite","@id":"https:\/\/schoenstatt.com\/pt-pt\/#website","url":"https:\/\/schoenstatt.com\/pt-pt\/","name":"Schoenstatt","description":"Apostolic Movement","publisher":{"@id":"https:\/\/schoenstatt.com\/pt-pt\/#organization"},"potentialAction":[{"@type":"SearchAction","target":{"@type":"EntryPoint","urlTemplate":"https:\/\/schoenstatt.com\/pt-pt\/?s={search_term_string}"},"query-input":{"@type":"PropertyValueSpecification","valueRequired":true,"valueName":"search_term_string"}}],"inLanguage":"pt-PT"},{"@type":"Organization","@id":"https:\/\/schoenstatt.com\/pt-pt\/#organization","name":"Schoenstatt","url":"https:\/\/schoenstatt.com\/pt-pt\/","logo":{"@type":"ImageObject","inLanguage":"pt-PT","@id":"https:\/\/schoenstatt.com\/pt-pt\/#\/schema\/logo\/image\/","url":"https:\/\/schoenstatt.com\/wp-content\/uploads\/2025\/04\/logo-schoenstatt-white-696x696-1.png","contentUrl":"https:\/\/schoenstatt.com\/wp-content\/uploads\/2025\/04\/logo-schoenstatt-white-696x696-1.png","width":696,"height":694,"caption":"Schoenstatt"},"image":{"@id":"https:\/\/schoenstatt.com\/pt-pt\/#\/schema\/logo\/image\/"}},{"@type":"Person","@id":"https:\/\/schoenstatt.com\/pt-pt\/#\/schema\/person\/489465b1850e7b216fe2c10dfc262551","name":"admin","image":{"@type":"ImageObject","inLanguage":"pt-PT","@id":"https:\/\/secure.gravatar.com\/avatar\/02e8345e1ec40ab0e0a2a98fdde64a684bbaf994cddcb778b25b8b024ee9dfe6?s=96&d=mm&r=g","url":"https:\/\/secure.gravatar.com\/avatar\/02e8345e1ec40ab0e0a2a98fdde64a684bbaf994cddcb778b25b8b024ee9dfe6?s=96&d=mm&r=g","contentUrl":"https:\/\/secure.gravatar.com\/avatar\/02e8345e1ec40ab0e0a2a98fdde64a684bbaf994cddcb778b25b8b024ee9dfe6?s=96&d=mm&r=g","caption":"admin"},"sameAs":["https:\/\/schoenstatt.com"],"url":"https:\/\/schoenstatt.com\/pt-pt\/author\/admin\/"}]}},"_links":{"self":[{"href":"https:\/\/schoenstatt.com\/pt-pt\/wp-json\/wp\/v2\/posts\/26928","targetHints":{"allow":["GET"]}}],"collection":[{"href":"https:\/\/schoenstatt.com\/pt-pt\/wp-json\/wp\/v2\/posts"}],"about":[{"href":"https:\/\/schoenstatt.com\/pt-pt\/wp-json\/wp\/v2\/types\/post"}],"author":[{"embeddable":true,"href":"https:\/\/schoenstatt.com\/pt-pt\/wp-json\/wp\/v2\/users\/1"}],"replies":[{"embeddable":true,"href":"https:\/\/schoenstatt.com\/pt-pt\/wp-json\/wp\/v2\/comments?post=26928"}],"version-history":[{"count":1,"href":"https:\/\/schoenstatt.com\/pt-pt\/wp-json\/wp\/v2\/posts\/26928\/revisions"}],"predecessor-version":[{"id":45514,"href":"https:\/\/schoenstatt.com\/pt-pt\/wp-json\/wp\/v2\/posts\/26928\/revisions\/45514"}],"wp:featuredmedia":[{"embeddable":true,"href":"https:\/\/schoenstatt.com\/pt-pt\/wp-json\/wp\/v2\/media\/26929"}],"wp:attachment":[{"href":"https:\/\/schoenstatt.com\/pt-pt\/wp-json\/wp\/v2\/media?parent=26928"}],"wp:term":[{"taxonomy":"category","embeddable":true,"href":"https:\/\/schoenstatt.com\/pt-pt\/wp-json\/wp\/v2\/categories?post=26928"},{"taxonomy":"post_tag","embeddable":true,"href":"https:\/\/schoenstatt.com\/pt-pt\/wp-json\/wp\/v2\/tags?post=26928"}],"curies":[{"name":"wp","href":"https:\/\/api.w.org\/{rel}","templated":true}]}}