{"id":25935,"date":"2022-07-12T14:22:37","date_gmt":"2022-07-12T12:22:37","guid":{"rendered":"https:\/\/schoenstatt.com\/?p=25935"},"modified":"2025-05-16T00:50:20","modified_gmt":"2025-05-15T22:50:20","slug":"convite-tomada-de-tunica","status":"publish","type":"post","link":"https:\/\/schoenstatt.com\/pt-pt\/convite-tomada-de-tunica\/","title":{"rendered":"Convite: Tomada de T\u00fanica"},"content":{"rendered":"<p>No pr\u00f3ximo dia 16 de julho, \u00e0s 11 horas,\u00a016 novi\u00e7os, do Instituto Secular dos <a href=\"https:\/\/schoenstatt.com\/pt-pt\/espiritualidade\/schoenstatt-uma-comunidade-de-comunidades\/\">Padres de Schoenstatt<\/a>, receber\u00e3o a T\u00fanica de Si\u00e3o, na Igreja Santa Maria da Trindade, em Tuparenda, no Paraguai.<\/p>\n<p>Tr\u00eas s\u00e3o brasileiros:\u00a0Davi Vilarinho\u00a0(Jaragu\u00e1, S\u00e3o Paulo),\u00a0Fernando Rodrigues e Ricardo Ilhe\u00a0(Londrina\/PR).<\/p>\n<p>A cerim\u00f4nia ser\u00e1 transmitida pelo Facebook do Santu\u00e1rio de Tuparenda:\u00a0<a href=\"https:\/\/www.facebook.com\/santuariotuparenda\/\">https:\/\/www.facebook.com\/santuariotuparenda\/<\/a><\/p>\n<p>&nbsp;<\/p>\n<p>Pe. Gabriel Oberle, explica o que significa a T\u00fanica:<\/p>\n<h3>Qual \u00e9 o significado da T\u00fanica e de receb\u00ea-la publicamente?<\/h3>\n<p>A t\u00fanica \u00e9 a vestimenta sacerdotal, com ela nos vestimos igual a Cristo para servir aos demais. No caso da Comunidade dos Padres de Schoenstatt, a t\u00fanica de Si\u00e3o tem o mesmo modelo, faz v\u00e1rios anos, representando que todos n\u00f3s fazemos parte da mesma comunidade, formando a Cidade Santa de Si\u00e3o aqui na Terra, somos irm\u00e3os nessa caminhada. Quando os novi\u00e7os recebem a t\u00fanica aqui na Am\u00e9rica, se unem aos outros que a receberam em todo o mundo. Receber a T\u00fanica \u00e9 revestir-se do pr\u00f3prio Cristo, deixar que Ele atue por n\u00f3s.<\/p>\n<h3>Em que momento a t\u00fanica \u00e9 usada?<\/h3>\n<p>Ela \u00e9 usada nos momentos lit\u00fargicos: missas, celebra\u00e7\u00f5es da palavra e sacramentos. Nossa Comunidade \u00e9 um Instituto Secular, de modo que nossa vestimenta di\u00e1ria \u00e9 a comum sacerdotal (n\u00e3o o h\u00e1bito das congrega\u00e7\u00f5es, como os beneditinos, por exemplo), mas nos revestimos de Cristo para os momentos lit\u00fargicos.<\/p>\n<h3>Qual o sentido da corda que envolve a t\u00fanica?<\/h3>\n<p>A corda que se ata na cintura se chama \u201cc\u00edngulo\u201d e representa nossa obedi\u00eancia e uni\u00e3o a toda Igreja. Fazemos parte de uma Comunidade que atua no mundo, de um Instituto Secular, mas estamos em estreita uni\u00e3o com a nossa Igreja Cat\u00f3lica em todos os momentos e o c\u00edngulo nos ajuda a lembrar que nosso servi\u00e7o \u00e9 em unidade \u00e0 Igreja, pelo pr\u00f3ximo.<\/p>\n<h3>Outros novi\u00e7os s\u00e3o:<\/h3>\n<p>Agust\u00edn Eichenberger (Rosario\/Argentina),<\/p>\n<p>Alex Chunda (Texas\/EUA),<\/p>\n<p>Daniel Rangel (San Luis\/M\u00e9xico),<\/p>\n<p>Felipe Su\u00e1rez (Austin\/EUA),<\/p>\n<p>Filip Kobiec (Miatzko\/Pol\u00f4nia),<\/p>\n<p>Francisco Ferreccio (Buenos Aires\/Argentina),<\/p>\n<p>Francisco Gigoux (Paine\/Chile),<\/p>\n<p>Jer\u00f3nimo Ju\u00e1rez (Tucum\u00e1n\/Argentina),<\/p>\n<p>Joaqu\u00edn Pe\u00f1a (Santiago\/Chile),<\/p>\n<p>Juli\u00e1n Salas (Texas\/EUA),<\/p>\n<p>Nicol\u00e1s Iturriaga (Los \u00c1ngeles\/Chile),<\/p>\n<p>Ram\u00f3n Santoyo e Raymundo Cervantes (Quer\u00e9taro\/M\u00e9xico).<\/p>\n<p style=\"text-align: center;\">Rezemos por eles!<\/p>\n<p><img fetchpriority=\"high\" decoding=\"async\" class=\"aligncenter wp-image-25940 size-full\" src=\"https:\/\/schoenstatt.com\/wp-content\/uploads\/2022\/07\/Screenshot1.png\" alt=\"convite toma de t\u00fanica\" width=\"708\" height=\"395\" \/><\/p>\n<p>&nbsp;<\/p>\n<p>Fonte: <a href=\"https:\/\/schoenstatt.org.br\/2022\/07\/09\/convite-tomada-de-tunica\/\">sch.org.br<\/a><\/p>\n","protected":false},"excerpt":{"rendered":"<p>16 novi\u00e7os, do Instituto Secular dos Padres de Schoenstatt, receber\u00e3o a T\u00fanica de Si\u00e3o,<\/p>\n","protected":false},"author":6,"featured_media":25936,"comment_status":"closed","ping_status":"closed","sticky":false,"template":"","format":"standard","meta":{"footnotes":""},"categories":[908,636],"tags":[],"class_list":["post-25935","post","type-post","status-publish","format-standard","has-post-thumbnail","hentry","category-comunidades-de-schoenstatt-pt-pt","category-eventos-pt-pt"],"yoast_head":"<!-- This site is optimized with the Yoast SEO Premium plugin v27.4 (Yoast SEO v27.5) - https:\/\/yoast.com\/product\/yoast-seo-premium-wordpress\/ -->\n<title>Convite: Tomada de T\u00fanica - Schoenstatt<\/title>\n<meta name=\"description\" content=\"A t\u00fanica \u00e9 a vestimenta sacerdotal, com ela nos vestimos igual a Cristo para servir aos demais, deixar que Ele atue por n\u00f3s.\" \/>\n<meta name=\"robots\" content=\"index, follow, max-snippet:-1, max-image-preview:large, max-video-preview:-1\" \/>\n<link rel=\"canonical\" href=\"https:\/\/schoenstatt.com\/pt-pt\/convite-tomada-de-tunica\/\" \/>\n<meta property=\"og:locale\" content=\"pt_PT\" \/>\n<meta property=\"og:type\" content=\"article\" \/>\n<meta property=\"og:title\" content=\"Convite: Tomada de T\u00fanica\" \/>\n<meta property=\"og:description\" content=\"A t\u00fanica \u00e9 a vestimenta sacerdotal, com ela nos vestimos igual a Cristo para servir aos demais, deixar que Ele atue por n\u00f3s.\" \/>\n<meta property=\"og:url\" content=\"https:\/\/schoenstatt.com\/pt-pt\/convite-tomada-de-tunica\/\" \/>\n<meta property=\"og:site_name\" content=\"Schoenstatt\" \/>\n<meta property=\"article:published_time\" content=\"2022-07-12T12:22:37+00:00\" \/>\n<meta property=\"article:modified_time\" content=\"2025-05-15T22:50:20+00:00\" \/>\n<meta property=\"og:image\" content=\"https:\/\/schoenstatt.com\/wp-content\/uploads\/2022\/07\/Screenshot-1.png\" \/>\n\t<meta property=\"og:image:width\" content=\"710\" \/>\n\t<meta property=\"og:image:height\" content=\"369\" \/>\n\t<meta property=\"og:image:type\" content=\"image\/png\" \/>\n<meta name=\"author\" content=\"Vanessa Franke\" \/>\n<meta name=\"twitter:card\" content=\"summary_large_image\" \/>\n<meta name=\"twitter:label1\" content=\"Escrito por\" \/>\n\t<meta name=\"twitter:data1\" content=\"Vanessa Franke\" \/>\n\t<meta name=\"twitter:label2\" content=\"Tempo estimado de leitura\" \/>\n\t<meta name=\"twitter:data2\" content=\"2 minutos\" \/>\n<script type=\"application\/ld+json\" class=\"yoast-schema-graph\">{\"@context\":\"https:\\\/\\\/schema.org\",\"@graph\":[{\"@type\":\"Article\",\"@id\":\"https:\\\/\\\/schoenstatt.com\\\/pt-pt\\\/convite-tomada-de-tunica\\\/#article\",\"isPartOf\":{\"@id\":\"https:\\\/\\\/schoenstatt.com\\\/pt-pt\\\/convite-tomada-de-tunica\\\/\"},\"author\":{\"name\":\"Vanessa Franke\",\"@id\":\"https:\\\/\\\/schoenstatt.com\\\/pt-pt\\\/#\\\/schema\\\/person\\\/ea97a60c723e21c923e2177f0f3163f7\"},\"headline\":\"Convite: Tomada de T\u00fanica\",\"datePublished\":\"2022-07-12T12:22:37+00:00\",\"dateModified\":\"2025-05-15T22:50:20+00:00\",\"mainEntityOfPage\":{\"@id\":\"https:\\\/\\\/schoenstatt.com\\\/pt-pt\\\/convite-tomada-de-tunica\\\/\"},\"wordCount\":418,\"publisher\":{\"@id\":\"https:\\\/\\\/schoenstatt.com\\\/pt-pt\\\/#organization\"},\"image\":{\"@id\":\"https:\\\/\\\/schoenstatt.com\\\/pt-pt\\\/convite-tomada-de-tunica\\\/#primaryimage\"},\"thumbnailUrl\":\"https:\\\/\\\/schoenstatt.com\\\/wp-content\\\/uploads\\\/2022\\\/07\\\/Screenshot-1.png\",\"articleSection\":[\"Comunidades de Schoenstatt\",\"Eventos\"],\"inLanguage\":\"pt-PT\"},{\"@type\":\"WebPage\",\"@id\":\"https:\\\/\\\/schoenstatt.com\\\/pt-pt\\\/convite-tomada-de-tunica\\\/\",\"url\":\"https:\\\/\\\/schoenstatt.com\\\/pt-pt\\\/convite-tomada-de-tunica\\\/\",\"name\":\"Convite: Tomada de T\u00fanica - Schoenstatt\",\"isPartOf\":{\"@id\":\"https:\\\/\\\/schoenstatt.com\\\/pt-pt\\\/#website\"},\"primaryImageOfPage\":{\"@id\":\"https:\\\/\\\/schoenstatt.com\\\/pt-pt\\\/convite-tomada-de-tunica\\\/#primaryimage\"},\"image\":{\"@id\":\"https:\\\/\\\/schoenstatt.com\\\/pt-pt\\\/convite-tomada-de-tunica\\\/#primaryimage\"},\"thumbnailUrl\":\"https:\\\/\\\/schoenstatt.com\\\/wp-content\\\/uploads\\\/2022\\\/07\\\/Screenshot-1.png\",\"datePublished\":\"2022-07-12T12:22:37+00:00\",\"dateModified\":\"2025-05-15T22:50:20+00:00\",\"description\":\"A t\u00fanica \u00e9 a vestimenta sacerdotal, com ela nos vestimos igual a Cristo para servir aos demais, deixar que Ele atue por n\u00f3s.\",\"breadcrumb\":{\"@id\":\"https:\\\/\\\/schoenstatt.com\\\/pt-pt\\\/convite-tomada-de-tunica\\\/#breadcrumb\"},\"inLanguage\":\"pt-PT\",\"potentialAction\":[{\"@type\":\"ReadAction\",\"target\":[\"https:\\\/\\\/schoenstatt.com\\\/pt-pt\\\/convite-tomada-de-tunica\\\/\"]}]},{\"@type\":\"ImageObject\",\"inLanguage\":\"pt-PT\",\"@id\":\"https:\\\/\\\/schoenstatt.com\\\/pt-pt\\\/convite-tomada-de-tunica\\\/#primaryimage\",\"url\":\"https:\\\/\\\/schoenstatt.com\\\/wp-content\\\/uploads\\\/2022\\\/07\\\/Screenshot-1.png\",\"contentUrl\":\"https:\\\/\\\/schoenstatt.com\\\/wp-content\\\/uploads\\\/2022\\\/07\\\/Screenshot-1.png\",\"width\":710,\"height\":369,\"caption\":\"Toma de t\u00fanica\"},{\"@type\":\"BreadcrumbList\",\"@id\":\"https:\\\/\\\/schoenstatt.com\\\/pt-pt\\\/convite-tomada-de-tunica\\\/#breadcrumb\",\"itemListElement\":[{\"@type\":\"ListItem\",\"position\":1,\"name\":\"Portada\",\"item\":\"https:\\\/\\\/schoenstatt.com\\\/pt-pt\\\/home\\\/\"},{\"@type\":\"ListItem\",\"position\":2,\"name\":\"Convite: Tomada de T\u00fanica\"}]},{\"@type\":\"WebSite\",\"@id\":\"https:\\\/\\\/schoenstatt.com\\\/pt-pt\\\/#website\",\"url\":\"https:\\\/\\\/schoenstatt.com\\\/pt-pt\\\/\",\"name\":\"Schoenstatt\",\"description\":\"Apostolic Movement\",\"publisher\":{\"@id\":\"https:\\\/\\\/schoenstatt.com\\\/pt-pt\\\/#organization\"},\"potentialAction\":[{\"@type\":\"SearchAction\",\"target\":{\"@type\":\"EntryPoint\",\"urlTemplate\":\"https:\\\/\\\/schoenstatt.com\\\/pt-pt\\\/?s={search_term_string}\"},\"query-input\":{\"@type\":\"PropertyValueSpecification\",\"valueRequired\":true,\"valueName\":\"search_term_string\"}}],\"inLanguage\":\"pt-PT\"},{\"@type\":\"Organization\",\"@id\":\"https:\\\/\\\/schoenstatt.com\\\/pt-pt\\\/#organization\",\"name\":\"Schoenstatt\",\"url\":\"https:\\\/\\\/schoenstatt.com\\\/pt-pt\\\/\",\"logo\":{\"@type\":\"ImageObject\",\"inLanguage\":\"pt-PT\",\"@id\":\"https:\\\/\\\/schoenstatt.com\\\/pt-pt\\\/#\\\/schema\\\/logo\\\/image\\\/\",\"url\":\"https:\\\/\\\/schoenstatt.com\\\/wp-content\\\/uploads\\\/2025\\\/04\\\/logo-schoenstatt-white-696x696-1.png\",\"contentUrl\":\"https:\\\/\\\/schoenstatt.com\\\/wp-content\\\/uploads\\\/2025\\\/04\\\/logo-schoenstatt-white-696x696-1.png\",\"width\":696,\"height\":694,\"caption\":\"Schoenstatt\"},\"image\":{\"@id\":\"https:\\\/\\\/schoenstatt.com\\\/pt-pt\\\/#\\\/schema\\\/logo\\\/image\\\/\"}},{\"@type\":\"Person\",\"@id\":\"https:\\\/\\\/schoenstatt.com\\\/pt-pt\\\/#\\\/schema\\\/person\\\/ea97a60c723e21c923e2177f0f3163f7\",\"name\":\"Vanessa Franke\",\"image\":{\"@type\":\"ImageObject\",\"inLanguage\":\"pt-PT\",\"@id\":\"https:\\\/\\\/secure.gravatar.com\\\/avatar\\\/a9bcca3409928ccd3195eca11e2ccbb2e5d7c7912e9a945d4f326f81a0a5cb4a?s=96&d=mm&r=g\",\"url\":\"https:\\\/\\\/secure.gravatar.com\\\/avatar\\\/a9bcca3409928ccd3195eca11e2ccbb2e5d7c7912e9a945d4f326f81a0a5cb4a?s=96&d=mm&r=g\",\"contentUrl\":\"https:\\\/\\\/secure.gravatar.com\\\/avatar\\\/a9bcca3409928ccd3195eca11e2ccbb2e5d7c7912e9a945d4f326f81a0a5cb4a?s=96&d=mm&r=g\",\"caption\":\"Vanessa Franke\"},\"url\":\"https:\\\/\\\/schoenstatt.com\\\/pt-pt\\\/author\\\/vanessa-franke\\\/\"}]}<\/script>\n<!-- \/ Yoast SEO Premium plugin. -->","yoast_head_json":{"title":"Convite: Tomada de T\u00fanica - Schoenstatt","description":"A t\u00fanica \u00e9 a vestimenta sacerdotal, com ela nos vestimos igual a Cristo para servir aos demais, deixar que Ele atue por n\u00f3s.","robots":{"index":"index","follow":"follow","max-snippet":"max-snippet:-1","max-image-preview":"max-image-preview:large","max-video-preview":"max-video-preview:-1"},"canonical":"https:\/\/schoenstatt.com\/pt-pt\/convite-tomada-de-tunica\/","og_locale":"pt_PT","og_type":"article","og_title":"Convite: Tomada de T\u00fanica","og_description":"A t\u00fanica \u00e9 a vestimenta sacerdotal, com ela nos vestimos igual a Cristo para servir aos demais, deixar que Ele atue por n\u00f3s.","og_url":"https:\/\/schoenstatt.com\/pt-pt\/convite-tomada-de-tunica\/","og_site_name":"Schoenstatt","article_published_time":"2022-07-12T12:22:37+00:00","article_modified_time":"2025-05-15T22:50:20+00:00","og_image":[{"width":710,"height":369,"url":"https:\/\/schoenstatt.com\/wp-content\/uploads\/2022\/07\/Screenshot-1.png","type":"image\/png"}],"author":"Vanessa Franke","twitter_card":"summary_large_image","twitter_misc":{"Escrito por":"Vanessa Franke","Tempo estimado de leitura":"2 minutos"},"schema":{"@context":"https:\/\/schema.org","@graph":[{"@type":"Article","@id":"https:\/\/schoenstatt.com\/pt-pt\/convite-tomada-de-tunica\/#article","isPartOf":{"@id":"https:\/\/schoenstatt.com\/pt-pt\/convite-tomada-de-tunica\/"},"author":{"name":"Vanessa Franke","@id":"https:\/\/schoenstatt.com\/pt-pt\/#\/schema\/person\/ea97a60c723e21c923e2177f0f3163f7"},"headline":"Convite: Tomada de T\u00fanica","datePublished":"2022-07-12T12:22:37+00:00","dateModified":"2025-05-15T22:50:20+00:00","mainEntityOfPage":{"@id":"https:\/\/schoenstatt.com\/pt-pt\/convite-tomada-de-tunica\/"},"wordCount":418,"publisher":{"@id":"https:\/\/schoenstatt.com\/pt-pt\/#organization"},"image":{"@id":"https:\/\/schoenstatt.com\/pt-pt\/convite-tomada-de-tunica\/#primaryimage"},"thumbnailUrl":"https:\/\/schoenstatt.com\/wp-content\/uploads\/2022\/07\/Screenshot-1.png","articleSection":["Comunidades de Schoenstatt","Eventos"],"inLanguage":"pt-PT"},{"@type":"WebPage","@id":"https:\/\/schoenstatt.com\/pt-pt\/convite-tomada-de-tunica\/","url":"https:\/\/schoenstatt.com\/pt-pt\/convite-tomada-de-tunica\/","name":"Convite: Tomada de T\u00fanica - Schoenstatt","isPartOf":{"@id":"https:\/\/schoenstatt.com\/pt-pt\/#website"},"primaryImageOfPage":{"@id":"https:\/\/schoenstatt.com\/pt-pt\/convite-tomada-de-tunica\/#primaryimage"},"image":{"@id":"https:\/\/schoenstatt.com\/pt-pt\/convite-tomada-de-tunica\/#primaryimage"},"thumbnailUrl":"https:\/\/schoenstatt.com\/wp-content\/uploads\/2022\/07\/Screenshot-1.png","datePublished":"2022-07-12T12:22:37+00:00","dateModified":"2025-05-15T22:50:20+00:00","description":"A t\u00fanica \u00e9 a vestimenta sacerdotal, com ela nos vestimos igual a Cristo para servir aos demais, deixar que Ele atue por n\u00f3s.","breadcrumb":{"@id":"https:\/\/schoenstatt.com\/pt-pt\/convite-tomada-de-tunica\/#breadcrumb"},"inLanguage":"pt-PT","potentialAction":[{"@type":"ReadAction","target":["https:\/\/schoenstatt.com\/pt-pt\/convite-tomada-de-tunica\/"]}]},{"@type":"ImageObject","inLanguage":"pt-PT","@id":"https:\/\/schoenstatt.com\/pt-pt\/convite-tomada-de-tunica\/#primaryimage","url":"https:\/\/schoenstatt.com\/wp-content\/uploads\/2022\/07\/Screenshot-1.png","contentUrl":"https:\/\/schoenstatt.com\/wp-content\/uploads\/2022\/07\/Screenshot-1.png","width":710,"height":369,"caption":"Toma de t\u00fanica"},{"@type":"BreadcrumbList","@id":"https:\/\/schoenstatt.com\/pt-pt\/convite-tomada-de-tunica\/#breadcrumb","itemListElement":[{"@type":"ListItem","position":1,"name":"Portada","item":"https:\/\/schoenstatt.com\/pt-pt\/home\/"},{"@type":"ListItem","position":2,"name":"Convite: Tomada de T\u00fanica"}]},{"@type":"WebSite","@id":"https:\/\/schoenstatt.com\/pt-pt\/#website","url":"https:\/\/schoenstatt.com\/pt-pt\/","name":"Schoenstatt","description":"Apostolic Movement","publisher":{"@id":"https:\/\/schoenstatt.com\/pt-pt\/#organization"},"potentialAction":[{"@type":"SearchAction","target":{"@type":"EntryPoint","urlTemplate":"https:\/\/schoenstatt.com\/pt-pt\/?s={search_term_string}"},"query-input":{"@type":"PropertyValueSpecification","valueRequired":true,"valueName":"search_term_string"}}],"inLanguage":"pt-PT"},{"@type":"Organization","@id":"https:\/\/schoenstatt.com\/pt-pt\/#organization","name":"Schoenstatt","url":"https:\/\/schoenstatt.com\/pt-pt\/","logo":{"@type":"ImageObject","inLanguage":"pt-PT","@id":"https:\/\/schoenstatt.com\/pt-pt\/#\/schema\/logo\/image\/","url":"https:\/\/schoenstatt.com\/wp-content\/uploads\/2025\/04\/logo-schoenstatt-white-696x696-1.png","contentUrl":"https:\/\/schoenstatt.com\/wp-content\/uploads\/2025\/04\/logo-schoenstatt-white-696x696-1.png","width":696,"height":694,"caption":"Schoenstatt"},"image":{"@id":"https:\/\/schoenstatt.com\/pt-pt\/#\/schema\/logo\/image\/"}},{"@type":"Person","@id":"https:\/\/schoenstatt.com\/pt-pt\/#\/schema\/person\/ea97a60c723e21c923e2177f0f3163f7","name":"Vanessa Franke","image":{"@type":"ImageObject","inLanguage":"pt-PT","@id":"https:\/\/secure.gravatar.com\/avatar\/a9bcca3409928ccd3195eca11e2ccbb2e5d7c7912e9a945d4f326f81a0a5cb4a?s=96&d=mm&r=g","url":"https:\/\/secure.gravatar.com\/avatar\/a9bcca3409928ccd3195eca11e2ccbb2e5d7c7912e9a945d4f326f81a0a5cb4a?s=96&d=mm&r=g","contentUrl":"https:\/\/secure.gravatar.com\/avatar\/a9bcca3409928ccd3195eca11e2ccbb2e5d7c7912e9a945d4f326f81a0a5cb4a?s=96&d=mm&r=g","caption":"Vanessa Franke"},"url":"https:\/\/schoenstatt.com\/pt-pt\/author\/vanessa-franke\/"}]}},"_links":{"self":[{"href":"https:\/\/schoenstatt.com\/pt-pt\/wp-json\/wp\/v2\/posts\/25935","targetHints":{"allow":["GET"]}}],"collection":[{"href":"https:\/\/schoenstatt.com\/pt-pt\/wp-json\/wp\/v2\/posts"}],"about":[{"href":"https:\/\/schoenstatt.com\/pt-pt\/wp-json\/wp\/v2\/types\/post"}],"author":[{"embeddable":true,"href":"https:\/\/schoenstatt.com\/pt-pt\/wp-json\/wp\/v2\/users\/6"}],"replies":[{"embeddable":true,"href":"https:\/\/schoenstatt.com\/pt-pt\/wp-json\/wp\/v2\/comments?post=25935"}],"version-history":[{"count":1,"href":"https:\/\/schoenstatt.com\/pt-pt\/wp-json\/wp\/v2\/posts\/25935\/revisions"}],"predecessor-version":[{"id":45356,"href":"https:\/\/schoenstatt.com\/pt-pt\/wp-json\/wp\/v2\/posts\/25935\/revisions\/45356"}],"wp:featuredmedia":[{"embeddable":true,"href":"https:\/\/schoenstatt.com\/pt-pt\/wp-json\/wp\/v2\/media\/25936"}],"wp:attachment":[{"href":"https:\/\/schoenstatt.com\/pt-pt\/wp-json\/wp\/v2\/media?parent=25935"}],"wp:term":[{"taxonomy":"category","embeddable":true,"href":"https:\/\/schoenstatt.com\/pt-pt\/wp-json\/wp\/v2\/categories?post=25935"},{"taxonomy":"post_tag","embeddable":true,"href":"https:\/\/schoenstatt.com\/pt-pt\/wp-json\/wp\/v2\/tags?post=25935"}],"curies":[{"name":"wp","href":"https:\/\/api.w.org\/{rel}","templated":true}]}}