{"id":25785,"date":"2022-06-26T14:26:09","date_gmt":"2022-06-26T12:26:09","guid":{"rendered":"https:\/\/schoenstatt.com\/?p=25785"},"modified":"2025-05-16T00:54:54","modified_gmt":"2025-05-15T22:54:54","slug":"redes-sociais-o-discernimento-dos-pais-reflete-no-uso-por-parte-dos-filhos","status":"publish","type":"post","link":"https:\/\/schoenstatt.com\/pt-pt\/redes-sociais-o-discernimento-dos-pais-reflete-no-uso-por-parte-dos-filhos\/","title":{"rendered":"Redes sociais: o discernimento dos pais reflete no uso por parte dos filhos"},"content":{"rendered":"<p>Um casal de Florian\u00f3polis conduziu o painel desta sexta-feira (24) no Congresso Teol\u00f3gico Pastoral do X Encontro Mundial das Fam\u00edlias com o tema &#8220;Redes sociais: um &#8216;ambiente&#8217; para os nossos filhos?&#8221;. A resposta, segundo eles, vem atrav\u00e9s de um discernimento feito dentro de casa atrav\u00e9s da <a href=\"http:\/\/www.vaticannews.va\/pt\">&#8220;identidade, di\u00e1logo e testemunho&#8221;<\/a>. Inclusive &#8220;a ora\u00e7\u00e3o \u00e9 que nos ajudar\u00e1 a encontrar as respostas definitivas&#8221;, comentou Fab\u00edola Goulart.<\/p>\n<p>&#8220;Redes sociais: um &#8216;ambiente&#8217; para os nossos filhos?&#8221;,\u00a0foi\u00a0a \u00fanica pergunta feita em painel durante o Congresso Teol\u00f3gico Pastoral, oportunidade em que os participantes do X <a href=\"https:\/\/schoenstatt.com\/pt-pt\/igreja\/pe-alexandre-awi-encontro-em-roma-para-redescobrir-o-valor-de-ser-familia\/\">Encontro Mundial das Fam\u00edlias<\/a> aprofundam os mais diferentes temas. O casal proveniente de Florian\u00f3polis\/SC,\u00a0Gustavo Huguenin e Fab\u00edola Goulart,\u00a0refletiu sobre o argumento indicando tr\u00eas caminhos para ajudar pais e filhos em rela\u00e7\u00e3o aos desafios criados com o acesso \u00e0 internet, em especial, \u00e0s redes sociais: identidade, di\u00e1logo e testemunho.<\/p>\n<p>Com uma bagagem que os qualifica a explorar o tema, j\u00e1 que os dois s\u00e3o comunicadores, ativos na \u00e1rea, inclusive dentro da Igreja e de eventos de car\u00e1ter internacional, com as Jornadas Mundiais da Juventude, Gustavo explica sobre a import\u00e2ncia dos pais compreenderam o ambiente digital em que vivem os filhos:<\/p>\n<blockquote><p>&#8220;N\u00f3s buscamos esse discernimento atrav\u00e9s de tr\u00eas palavras:\u00a0identidade, di\u00e1logo e testemunho.\u00a0Identidade\u00a0de fortalecer quem n\u00f3s somos, saber os nossos valores, o que n\u00f3s carregamos e que vai ser como um escudo para os jovens e para as fam\u00edlias estarem nas redes sociais; e talvez ouvirem vozes externas e n\u00e3o serem afetadas por elas.\u00a0Di\u00e1logo\u00a0para os pais saberem o que est\u00e1 acontecendo com os filhos; dos filhos ajudarem os pais a entenderem esse ambiente. E\u00a0testemunho,\u00a0dos pais tamb\u00e9m entenderem que os filhos podem ser uma presen\u00e7a de Deus nas redes; e que os amigos e os outros jovens que est\u00e3o nas redes podem se inspirar nos seus filhos. Imagina se a gente n\u00e3o deixa nenhum filho dar esse testemunho de vida e de valores&#8230; ser\u00e3o ambientes sem valores tamb\u00e9m.&#8221;<\/p><\/blockquote>\n<h3>Cada fam\u00edlia deve achar a pr\u00f3pria resposta<\/h3>\n<p>A resposta \u00e0 pergunta proposta pelo casal no painel veio com a reflex\u00e3o de Fab\u00edola ao encorajar as fam\u00edlias ao discernimento, j\u00e1 que &#8220;n\u00e3o existe uma f\u00f3rmula, mas cada fam\u00edlia deve procurar a sua&#8221;, comenta Fab\u00edola:<\/p>\n<p>&#8220;A gente deixou a resposta em aberto, mas ela \u00e9 mais positiva. Na verdade, n\u00e3o tem como n\u00e3o ser um ambiente porque \u00e9 inevit\u00e1vel que os filhos acabem acessando esse ambiente, ainda mais agora com o avan\u00e7o cada vez maior das tecnologias. A gente tem \u00e9 que aprender a conviver com isso, aprender a lidar com a crescente presen\u00e7a das redes na fam\u00edlia. Ent\u00e3o, como que a fam\u00edlia faz isso? N\u00e3o s\u00f3 refletir como que o meu filho est\u00e1 fazendo, mas se refletir tamb\u00e9m: como eu estou dando de testemunho, como eu uso, ser\u00e1 que eu uso de uma maneira cr\u00edtica as redes sociais ou eu quero for\u00e7ar o meu filho a uma coisa que talvez nem eu esteja fazendo, talvez eu n\u00e3o esteja usando as redes sociais de modo cr\u00edtico e de modo consciente, mas fico querendo regular a presen\u00e7a do meu filho e da minha filha nas redes&#8230;&#8221;<\/p>\n<p>Cada fam\u00edlia tem a liberdade de procurar e encontrar a pr\u00f3pria resposta, enaltece Fab\u00edola, ao dar uma indica\u00e7\u00e3o importante, por\u00e9m:<\/p>\n<blockquote><p>&#8220;Inclusive a gente encerrou o painel dizendo que a\u00a0ora\u00e7\u00e3o \u00e9 que nos ajudar\u00e1 a encontrar as respostas definitivas. Ent\u00e3o, os tr\u00eas pontos chaves s\u00e3o de discernimento, mas, no final, \u00e9 o Senhor que fala para cada fam\u00edlia a realidade da sua fam\u00edlia, a realidade do acesso \u00e0 tecnologia que a fam\u00edlia tem, naquele pa\u00eds que ela est\u00e1 inserida, naquela diocese que ela est\u00e1 inserida, porque \u00e9 muito plural. Cada fam\u00edlia deve achar a sua pr\u00f3pria resposta. Mas esses caminhos podem ajudar nesse discernimento e, nesse primeiro momento, tirar um pouco o medo de avan\u00e7ar para esse are\u00f3pago digital e moderno que Papa Jo\u00e3o Paulo II j\u00e1 apresentava l\u00e1 em 92 (Redemptoris Missio 37).&#8221;<\/p><\/blockquote>\n","protected":false},"excerpt":{"rendered":"<p>Um casal de Florian\u00f3polis conduziu o painel desta sexta-feira (24) no Congresso Teol\u00f3gico Pastoral do X Encontro Mundial das Fam\u00edlias com o tema &#8220;Redes sociais: um &#8216;ambiente&#8217; para os nossos filhos?&#8221;<\/p>\n","protected":false},"author":1,"featured_media":25786,"comment_status":"closed","ping_status":"closed","sticky":false,"template":"","format":"standard","meta":{"footnotes":""},"categories":[916,876],"tags":[],"class_list":["post-25785","post","type-post","status-publish","format-standard","has-post-thumbnail","hentry","category-espiritualidade-pt-pt","category-familia-pt-pt"],"yoast_head":"<!-- This site is optimized with the Yoast SEO Premium plugin v27.4 (Yoast SEO v27.4) - https:\/\/yoast.com\/product\/yoast-seo-premium-wordpress\/ -->\n<title>Redes sociais: o discernimento dos pais reflete no uso por parte dos filhos<\/title>\n<meta name=\"description\" content=\"Um casal do Brasil conduziu o painel desta sexta-feira, no X Encontro Mundial das Fam\u00edlias sobre &quot;Redes sociais: um &#039;ambiente&#039; para os nossos filhos?&quot;\" \/>\n<meta name=\"robots\" content=\"index, follow, max-snippet:-1, max-image-preview:large, max-video-preview:-1\" \/>\n<link rel=\"canonical\" href=\"https:\/\/schoenstatt.com\/pt-pt\/redes-sociais-o-discernimento-dos-pais-reflete-no-uso-por-parte-dos-filhos\/\" \/>\n<meta property=\"og:locale\" content=\"pt_PT\" \/>\n<meta property=\"og:type\" content=\"article\" \/>\n<meta property=\"og:title\" content=\"Redes sociais: o discernimento dos pais reflete no uso por parte dos filhos\" \/>\n<meta property=\"og:description\" content=\"Um casal do Brasil conduziu o painel desta sexta-feira, no X Encontro Mundial das Fam\u00edlias sobre &quot;Redes sociais: um &#039;ambiente&#039; para os nossos filhos?&quot;\" \/>\n<meta property=\"og:url\" content=\"https:\/\/schoenstatt.com\/pt-pt\/redes-sociais-o-discernimento-dos-pais-reflete-no-uso-por-parte-dos-filhos\/\" \/>\n<meta property=\"og:site_name\" content=\"Schoenstatt\" \/>\n<meta property=\"article:published_time\" content=\"2022-06-26T12:26:09+00:00\" \/>\n<meta property=\"article:modified_time\" content=\"2025-05-15T22:54:54+00:00\" \/>\n<meta property=\"og:image\" content=\"https:\/\/schoenstatt.com\/wp-content\/uploads\/2022\/06\/cq5dam.thumbnail.cropped.750.422-1-1.jpeg\" \/>\n\t<meta property=\"og:image:width\" content=\"750\" \/>\n\t<meta property=\"og:image:height\" content=\"422\" \/>\n\t<meta property=\"og:image:type\" content=\"image\/jpeg\" \/>\n<meta name=\"author\" content=\"admin\" \/>\n<meta name=\"twitter:card\" content=\"summary_large_image\" \/>\n<meta name=\"twitter:label1\" content=\"Escrito por\" \/>\n\t<meta name=\"twitter:data1\" content=\"admin\" \/>\n\t<meta name=\"twitter:label2\" content=\"Tempo estimado de leitura\" \/>\n\t<meta name=\"twitter:data2\" content=\"3 minutos\" \/>\n<script type=\"application\/ld+json\" class=\"yoast-schema-graph\">{\"@context\":\"https:\\\/\\\/schema.org\",\"@graph\":[{\"@type\":\"Article\",\"@id\":\"https:\\\/\\\/schoenstatt.com\\\/pt-pt\\\/redes-sociais-o-discernimento-dos-pais-reflete-no-uso-por-parte-dos-filhos\\\/#article\",\"isPartOf\":{\"@id\":\"https:\\\/\\\/schoenstatt.com\\\/pt-pt\\\/redes-sociais-o-discernimento-dos-pais-reflete-no-uso-por-parte-dos-filhos\\\/\"},\"author\":{\"name\":\"admin\",\"@id\":\"https:\\\/\\\/schoenstatt.com\\\/pt-pt\\\/#\\\/schema\\\/person\\\/489465b1850e7b216fe2c10dfc262551\"},\"headline\":\"Redes sociais: o discernimento dos pais reflete no uso por parte dos filhos\",\"datePublished\":\"2022-06-26T12:26:09+00:00\",\"dateModified\":\"2025-05-15T22:54:54+00:00\",\"mainEntityOfPage\":{\"@id\":\"https:\\\/\\\/schoenstatt.com\\\/pt-pt\\\/redes-sociais-o-discernimento-dos-pais-reflete-no-uso-por-parte-dos-filhos\\\/\"},\"wordCount\":728,\"publisher\":{\"@id\":\"https:\\\/\\\/schoenstatt.com\\\/pt-pt\\\/#organization\"},\"image\":{\"@id\":\"https:\\\/\\\/schoenstatt.com\\\/pt-pt\\\/redes-sociais-o-discernimento-dos-pais-reflete-no-uso-por-parte-dos-filhos\\\/#primaryimage\"},\"thumbnailUrl\":\"https:\\\/\\\/schoenstatt.com\\\/wp-content\\\/uploads\\\/2022\\\/06\\\/cq5dam.thumbnail.cropped.750.422-1-1.jpeg\",\"articleSection\":[\"Espiritualidade\",\"Fam\u00edlia\"],\"inLanguage\":\"pt-PT\"},{\"@type\":\"WebPage\",\"@id\":\"https:\\\/\\\/schoenstatt.com\\\/pt-pt\\\/redes-sociais-o-discernimento-dos-pais-reflete-no-uso-por-parte-dos-filhos\\\/\",\"url\":\"https:\\\/\\\/schoenstatt.com\\\/pt-pt\\\/redes-sociais-o-discernimento-dos-pais-reflete-no-uso-por-parte-dos-filhos\\\/\",\"name\":\"Redes sociais: o discernimento dos pais reflete no uso por parte dos filhos\",\"isPartOf\":{\"@id\":\"https:\\\/\\\/schoenstatt.com\\\/pt-pt\\\/#website\"},\"primaryImageOfPage\":{\"@id\":\"https:\\\/\\\/schoenstatt.com\\\/pt-pt\\\/redes-sociais-o-discernimento-dos-pais-reflete-no-uso-por-parte-dos-filhos\\\/#primaryimage\"},\"image\":{\"@id\":\"https:\\\/\\\/schoenstatt.com\\\/pt-pt\\\/redes-sociais-o-discernimento-dos-pais-reflete-no-uso-por-parte-dos-filhos\\\/#primaryimage\"},\"thumbnailUrl\":\"https:\\\/\\\/schoenstatt.com\\\/wp-content\\\/uploads\\\/2022\\\/06\\\/cq5dam.thumbnail.cropped.750.422-1-1.jpeg\",\"datePublished\":\"2022-06-26T12:26:09+00:00\",\"dateModified\":\"2025-05-15T22:54:54+00:00\",\"description\":\"Um casal do Brasil conduziu o painel desta sexta-feira, no X Encontro Mundial das Fam\u00edlias sobre \\\"Redes sociais: um 'ambiente' para os nossos filhos?\\\"\",\"breadcrumb\":{\"@id\":\"https:\\\/\\\/schoenstatt.com\\\/pt-pt\\\/redes-sociais-o-discernimento-dos-pais-reflete-no-uso-por-parte-dos-filhos\\\/#breadcrumb\"},\"inLanguage\":\"pt-PT\",\"potentialAction\":[{\"@type\":\"ReadAction\",\"target\":[\"https:\\\/\\\/schoenstatt.com\\\/pt-pt\\\/redes-sociais-o-discernimento-dos-pais-reflete-no-uso-por-parte-dos-filhos\\\/\"]}]},{\"@type\":\"ImageObject\",\"inLanguage\":\"pt-PT\",\"@id\":\"https:\\\/\\\/schoenstatt.com\\\/pt-pt\\\/redes-sociais-o-discernimento-dos-pais-reflete-no-uso-por-parte-dos-filhos\\\/#primaryimage\",\"url\":\"https:\\\/\\\/schoenstatt.com\\\/wp-content\\\/uploads\\\/2022\\\/06\\\/cq5dam.thumbnail.cropped.750.422-1-1.jpeg\",\"contentUrl\":\"https:\\\/\\\/schoenstatt.com\\\/wp-content\\\/uploads\\\/2022\\\/06\\\/cq5dam.thumbnail.cropped.750.422-1-1.jpeg\",\"width\":750,\"height\":422,\"caption\":\"Foto: Vaticannews.va\"},{\"@type\":\"BreadcrumbList\",\"@id\":\"https:\\\/\\\/schoenstatt.com\\\/pt-pt\\\/redes-sociais-o-discernimento-dos-pais-reflete-no-uso-por-parte-dos-filhos\\\/#breadcrumb\",\"itemListElement\":[{\"@type\":\"ListItem\",\"position\":1,\"name\":\"Portada\",\"item\":\"https:\\\/\\\/schoenstatt.com\\\/pt-pt\\\/home\\\/\"},{\"@type\":\"ListItem\",\"position\":2,\"name\":\"Redes sociais: o discernimento dos pais reflete no uso por parte dos filhos\"}]},{\"@type\":\"WebSite\",\"@id\":\"https:\\\/\\\/schoenstatt.com\\\/pt-pt\\\/#website\",\"url\":\"https:\\\/\\\/schoenstatt.com\\\/pt-pt\\\/\",\"name\":\"Schoenstatt\",\"description\":\"Apostolic Movement\",\"publisher\":{\"@id\":\"https:\\\/\\\/schoenstatt.com\\\/pt-pt\\\/#organization\"},\"potentialAction\":[{\"@type\":\"SearchAction\",\"target\":{\"@type\":\"EntryPoint\",\"urlTemplate\":\"https:\\\/\\\/schoenstatt.com\\\/pt-pt\\\/?s={search_term_string}\"},\"query-input\":{\"@type\":\"PropertyValueSpecification\",\"valueRequired\":true,\"valueName\":\"search_term_string\"}}],\"inLanguage\":\"pt-PT\"},{\"@type\":\"Organization\",\"@id\":\"https:\\\/\\\/schoenstatt.com\\\/pt-pt\\\/#organization\",\"name\":\"Schoenstatt\",\"url\":\"https:\\\/\\\/schoenstatt.com\\\/pt-pt\\\/\",\"logo\":{\"@type\":\"ImageObject\",\"inLanguage\":\"pt-PT\",\"@id\":\"https:\\\/\\\/schoenstatt.com\\\/pt-pt\\\/#\\\/schema\\\/logo\\\/image\\\/\",\"url\":\"https:\\\/\\\/schoenstatt.com\\\/wp-content\\\/uploads\\\/2025\\\/04\\\/logo-schoenstatt-white-696x696-1.png\",\"contentUrl\":\"https:\\\/\\\/schoenstatt.com\\\/wp-content\\\/uploads\\\/2025\\\/04\\\/logo-schoenstatt-white-696x696-1.png\",\"width\":696,\"height\":694,\"caption\":\"Schoenstatt\"},\"image\":{\"@id\":\"https:\\\/\\\/schoenstatt.com\\\/pt-pt\\\/#\\\/schema\\\/logo\\\/image\\\/\"}},{\"@type\":\"Person\",\"@id\":\"https:\\\/\\\/schoenstatt.com\\\/pt-pt\\\/#\\\/schema\\\/person\\\/489465b1850e7b216fe2c10dfc262551\",\"name\":\"admin\",\"image\":{\"@type\":\"ImageObject\",\"inLanguage\":\"pt-PT\",\"@id\":\"https:\\\/\\\/secure.gravatar.com\\\/avatar\\\/02e8345e1ec40ab0e0a2a98fdde64a684bbaf994cddcb778b25b8b024ee9dfe6?s=96&d=mm&r=g\",\"url\":\"https:\\\/\\\/secure.gravatar.com\\\/avatar\\\/02e8345e1ec40ab0e0a2a98fdde64a684bbaf994cddcb778b25b8b024ee9dfe6?s=96&d=mm&r=g\",\"contentUrl\":\"https:\\\/\\\/secure.gravatar.com\\\/avatar\\\/02e8345e1ec40ab0e0a2a98fdde64a684bbaf994cddcb778b25b8b024ee9dfe6?s=96&d=mm&r=g\",\"caption\":\"admin\"},\"sameAs\":[\"https:\\\/\\\/schoenstatt.com\"],\"url\":\"https:\\\/\\\/schoenstatt.com\\\/pt-pt\\\/author\\\/admin\\\/\"}]}<\/script>\n<!-- \/ Yoast SEO Premium plugin. -->","yoast_head_json":{"title":"Redes sociais: o discernimento dos pais reflete no uso por parte dos filhos","description":"Um casal do Brasil conduziu o painel desta sexta-feira, no X Encontro Mundial das Fam\u00edlias sobre \"Redes sociais: um 'ambiente' para os nossos filhos?\"","robots":{"index":"index","follow":"follow","max-snippet":"max-snippet:-1","max-image-preview":"max-image-preview:large","max-video-preview":"max-video-preview:-1"},"canonical":"https:\/\/schoenstatt.com\/pt-pt\/redes-sociais-o-discernimento-dos-pais-reflete-no-uso-por-parte-dos-filhos\/","og_locale":"pt_PT","og_type":"article","og_title":"Redes sociais: o discernimento dos pais reflete no uso por parte dos filhos","og_description":"Um casal do Brasil conduziu o painel desta sexta-feira, no X Encontro Mundial das Fam\u00edlias sobre \"Redes sociais: um 'ambiente' para os nossos filhos?\"","og_url":"https:\/\/schoenstatt.com\/pt-pt\/redes-sociais-o-discernimento-dos-pais-reflete-no-uso-por-parte-dos-filhos\/","og_site_name":"Schoenstatt","article_published_time":"2022-06-26T12:26:09+00:00","article_modified_time":"2025-05-15T22:54:54+00:00","og_image":[{"width":750,"height":422,"url":"https:\/\/schoenstatt.com\/wp-content\/uploads\/2022\/06\/cq5dam.thumbnail.cropped.750.422-1-1.jpeg","type":"image\/jpeg"}],"author":"admin","twitter_card":"summary_large_image","twitter_misc":{"Escrito por":"admin","Tempo estimado de leitura":"3 minutos"},"schema":{"@context":"https:\/\/schema.org","@graph":[{"@type":"Article","@id":"https:\/\/schoenstatt.com\/pt-pt\/redes-sociais-o-discernimento-dos-pais-reflete-no-uso-por-parte-dos-filhos\/#article","isPartOf":{"@id":"https:\/\/schoenstatt.com\/pt-pt\/redes-sociais-o-discernimento-dos-pais-reflete-no-uso-por-parte-dos-filhos\/"},"author":{"name":"admin","@id":"https:\/\/schoenstatt.com\/pt-pt\/#\/schema\/person\/489465b1850e7b216fe2c10dfc262551"},"headline":"Redes sociais: o discernimento dos pais reflete no uso por parte dos filhos","datePublished":"2022-06-26T12:26:09+00:00","dateModified":"2025-05-15T22:54:54+00:00","mainEntityOfPage":{"@id":"https:\/\/schoenstatt.com\/pt-pt\/redes-sociais-o-discernimento-dos-pais-reflete-no-uso-por-parte-dos-filhos\/"},"wordCount":728,"publisher":{"@id":"https:\/\/schoenstatt.com\/pt-pt\/#organization"},"image":{"@id":"https:\/\/schoenstatt.com\/pt-pt\/redes-sociais-o-discernimento-dos-pais-reflete-no-uso-por-parte-dos-filhos\/#primaryimage"},"thumbnailUrl":"https:\/\/schoenstatt.com\/wp-content\/uploads\/2022\/06\/cq5dam.thumbnail.cropped.750.422-1-1.jpeg","articleSection":["Espiritualidade","Fam\u00edlia"],"inLanguage":"pt-PT"},{"@type":"WebPage","@id":"https:\/\/schoenstatt.com\/pt-pt\/redes-sociais-o-discernimento-dos-pais-reflete-no-uso-por-parte-dos-filhos\/","url":"https:\/\/schoenstatt.com\/pt-pt\/redes-sociais-o-discernimento-dos-pais-reflete-no-uso-por-parte-dos-filhos\/","name":"Redes sociais: o discernimento dos pais reflete no uso por parte dos filhos","isPartOf":{"@id":"https:\/\/schoenstatt.com\/pt-pt\/#website"},"primaryImageOfPage":{"@id":"https:\/\/schoenstatt.com\/pt-pt\/redes-sociais-o-discernimento-dos-pais-reflete-no-uso-por-parte-dos-filhos\/#primaryimage"},"image":{"@id":"https:\/\/schoenstatt.com\/pt-pt\/redes-sociais-o-discernimento-dos-pais-reflete-no-uso-por-parte-dos-filhos\/#primaryimage"},"thumbnailUrl":"https:\/\/schoenstatt.com\/wp-content\/uploads\/2022\/06\/cq5dam.thumbnail.cropped.750.422-1-1.jpeg","datePublished":"2022-06-26T12:26:09+00:00","dateModified":"2025-05-15T22:54:54+00:00","description":"Um casal do Brasil conduziu o painel desta sexta-feira, no X Encontro Mundial das Fam\u00edlias sobre \"Redes sociais: um 'ambiente' para os nossos filhos?\"","breadcrumb":{"@id":"https:\/\/schoenstatt.com\/pt-pt\/redes-sociais-o-discernimento-dos-pais-reflete-no-uso-por-parte-dos-filhos\/#breadcrumb"},"inLanguage":"pt-PT","potentialAction":[{"@type":"ReadAction","target":["https:\/\/schoenstatt.com\/pt-pt\/redes-sociais-o-discernimento-dos-pais-reflete-no-uso-por-parte-dos-filhos\/"]}]},{"@type":"ImageObject","inLanguage":"pt-PT","@id":"https:\/\/schoenstatt.com\/pt-pt\/redes-sociais-o-discernimento-dos-pais-reflete-no-uso-por-parte-dos-filhos\/#primaryimage","url":"https:\/\/schoenstatt.com\/wp-content\/uploads\/2022\/06\/cq5dam.thumbnail.cropped.750.422-1-1.jpeg","contentUrl":"https:\/\/schoenstatt.com\/wp-content\/uploads\/2022\/06\/cq5dam.thumbnail.cropped.750.422-1-1.jpeg","width":750,"height":422,"caption":"Foto: Vaticannews.va"},{"@type":"BreadcrumbList","@id":"https:\/\/schoenstatt.com\/pt-pt\/redes-sociais-o-discernimento-dos-pais-reflete-no-uso-por-parte-dos-filhos\/#breadcrumb","itemListElement":[{"@type":"ListItem","position":1,"name":"Portada","item":"https:\/\/schoenstatt.com\/pt-pt\/home\/"},{"@type":"ListItem","position":2,"name":"Redes sociais: o discernimento dos pais reflete no uso por parte dos filhos"}]},{"@type":"WebSite","@id":"https:\/\/schoenstatt.com\/pt-pt\/#website","url":"https:\/\/schoenstatt.com\/pt-pt\/","name":"Schoenstatt","description":"Apostolic Movement","publisher":{"@id":"https:\/\/schoenstatt.com\/pt-pt\/#organization"},"potentialAction":[{"@type":"SearchAction","target":{"@type":"EntryPoint","urlTemplate":"https:\/\/schoenstatt.com\/pt-pt\/?s={search_term_string}"},"query-input":{"@type":"PropertyValueSpecification","valueRequired":true,"valueName":"search_term_string"}}],"inLanguage":"pt-PT"},{"@type":"Organization","@id":"https:\/\/schoenstatt.com\/pt-pt\/#organization","name":"Schoenstatt","url":"https:\/\/schoenstatt.com\/pt-pt\/","logo":{"@type":"ImageObject","inLanguage":"pt-PT","@id":"https:\/\/schoenstatt.com\/pt-pt\/#\/schema\/logo\/image\/","url":"https:\/\/schoenstatt.com\/wp-content\/uploads\/2025\/04\/logo-schoenstatt-white-696x696-1.png","contentUrl":"https:\/\/schoenstatt.com\/wp-content\/uploads\/2025\/04\/logo-schoenstatt-white-696x696-1.png","width":696,"height":694,"caption":"Schoenstatt"},"image":{"@id":"https:\/\/schoenstatt.com\/pt-pt\/#\/schema\/logo\/image\/"}},{"@type":"Person","@id":"https:\/\/schoenstatt.com\/pt-pt\/#\/schema\/person\/489465b1850e7b216fe2c10dfc262551","name":"admin","image":{"@type":"ImageObject","inLanguage":"pt-PT","@id":"https:\/\/secure.gravatar.com\/avatar\/02e8345e1ec40ab0e0a2a98fdde64a684bbaf994cddcb778b25b8b024ee9dfe6?s=96&d=mm&r=g","url":"https:\/\/secure.gravatar.com\/avatar\/02e8345e1ec40ab0e0a2a98fdde64a684bbaf994cddcb778b25b8b024ee9dfe6?s=96&d=mm&r=g","contentUrl":"https:\/\/secure.gravatar.com\/avatar\/02e8345e1ec40ab0e0a2a98fdde64a684bbaf994cddcb778b25b8b024ee9dfe6?s=96&d=mm&r=g","caption":"admin"},"sameAs":["https:\/\/schoenstatt.com"],"url":"https:\/\/schoenstatt.com\/pt-pt\/author\/admin\/"}]}},"_links":{"self":[{"href":"https:\/\/schoenstatt.com\/pt-pt\/wp-json\/wp\/v2\/posts\/25785","targetHints":{"allow":["GET"]}}],"collection":[{"href":"https:\/\/schoenstatt.com\/pt-pt\/wp-json\/wp\/v2\/posts"}],"about":[{"href":"https:\/\/schoenstatt.com\/pt-pt\/wp-json\/wp\/v2\/types\/post"}],"author":[{"embeddable":true,"href":"https:\/\/schoenstatt.com\/pt-pt\/wp-json\/wp\/v2\/users\/1"}],"replies":[{"embeddable":true,"href":"https:\/\/schoenstatt.com\/pt-pt\/wp-json\/wp\/v2\/comments?post=25785"}],"version-history":[{"count":1,"href":"https:\/\/schoenstatt.com\/pt-pt\/wp-json\/wp\/v2\/posts\/25785\/revisions"}],"predecessor-version":[{"id":45323,"href":"https:\/\/schoenstatt.com\/pt-pt\/wp-json\/wp\/v2\/posts\/25785\/revisions\/45323"}],"wp:featuredmedia":[{"embeddable":true,"href":"https:\/\/schoenstatt.com\/pt-pt\/wp-json\/wp\/v2\/media\/25786"}],"wp:attachment":[{"href":"https:\/\/schoenstatt.com\/pt-pt\/wp-json\/wp\/v2\/media?parent=25785"}],"wp:term":[{"taxonomy":"category","embeddable":true,"href":"https:\/\/schoenstatt.com\/pt-pt\/wp-json\/wp\/v2\/categories?post=25785"},{"taxonomy":"post_tag","embeddable":true,"href":"https:\/\/schoenstatt.com\/pt-pt\/wp-json\/wp\/v2\/tags?post=25785"}],"curies":[{"name":"wp","href":"https:\/\/api.w.org\/{rel}","templated":true}]}}