{"id":24883,"date":"2022-05-22T18:04:36","date_gmt":"2022-05-22T16:04:36","guid":{"rendered":"https:\/\/schoenstatt.com\/?p=24883"},"modified":"2025-05-16T00:39:34","modified_gmt":"2025-05-15T22:39:34","slug":"confederacao-do-apostolado-universal","status":"publish","type":"post","link":"https:\/\/schoenstatt.com\/pt-pt\/confederacao-do-apostolado-universal\/","title":{"rendered":"Confedera\u00e7\u00e3o do Apostolado Universal"},"content":{"rendered":"<p><em>\u00a0\u201cReflito sobre a ideia de uma organiza\u00e7\u00e3o semelhante \u00e0 forma como o nosso vener\u00e1vel fundador queria subdividir o mundo inteiro [\u2026] Sonhos! Naturalmente! E para que um dia se tornem realidade, ser\u00e1 necess\u00e1ria uma vida inteira para realiz\u00e1-los com intelig\u00eancia, objetivos tra\u00e7ados e de forma organizada\u201d<\/em>.<\/p>\n<p>Essas palavras do Pe. Jos\u00e9 Kentenich foram escritas numa carta de 22 de maio 1916, endere\u00e7ada ao Pe. Jos\u00e9 Fischer \u2013 na \u00e9poca um seminarista que havia participado da Congrega\u00e7\u00e3o Mariana, a organiza\u00e7\u00e3o que originou o Movimento Apost\u00f3lico de Schoenstatt \u2013 e que desejava levar os ideais de Schoenstatt a Limburgo, para onde fora transferido.<\/p>\n<p>O documento \u00e9 uma carta como tantas outras que o Pai e Fundador escreveu, mas ela traz uma mensagem importante, um retrato do Movimento na \u00e9poca. Pela descri\u00e7\u00e3o que o Pe. Jos\u00e9 Kentenich faz \u00e9 poss\u00edvel perceber como Schoenstatt conquista suas pr\u00f3prias caracter\u00edsticas e express\u00f5es. Por meio dela se percebe o r\u00e1pido crescimento do Movimento e os meios utilizados para expandir a Obra da MTA. Outro fator importante \u00e9 o anuncio da Confedera\u00e7\u00e3o Apost\u00f3lica Universal como um dos fins do Movimento.<\/p>\n<p>Podemos nos perguntar: O que essa carta centen\u00e1ria tem a ver com o Movimento Apost\u00f3lico de Schoenstatt hoje? O que tem a ver comigo? Neste novo s\u00e9culo, quando a express\u00e3o <strong>\u201cSchoenstatt em sa\u00edda\u201d<\/strong> ganha cada vez mais vida, vemos que o Movimento j\u00e1 nasceu em sa\u00edda, ela \u00e9 um importante sinal da origem mission\u00e1ria e apost\u00f3lica da Obra Internacional. N\u00f3s concretizamos os anseios que o Fundador trazia dentro de si h\u00e1 mais de cem anos.<\/p>\n<h3>O que o Fundador orienta<\/h3>\n<p><em>\u201cO que queremos \u00e9 ser instrumentos da nossa M\u00e3e do C\u00e9u. Quanto mais fraco e pobre for o instrumento, mais brilhar\u00e1 a luz da gl\u00f3ria de Maria por meio das nossas obras\u201d, <\/em>escreve o Pe. Kentenich em outro trecho do documento. \u00c9 um dos primeiros registros onde ele revela o anseio de estender o Movimento para outras fileiras, pois v\u00ea nisso um grande aceno da Divina Provid\u00eancia. O Pai e Fundador aponta algumas orienta\u00e7\u00f5es e estrat\u00e9gias ao Pe. Fischer que considera importantes para a miss\u00e3o. S\u00e3o elas: trabalhar com a Juventude; formar l\u00edderes; difundir a revista Mater Ter Admirabilis.<\/p>\n<p>Essas pistas se encaixam muito bem hoje. S\u00e3o pontos fundamentais que, em 2015, foram abra\u00e7ados no Congresso de Pentecostes pela Fam\u00edlia Internacional de Schoenstatt. Alguns representantes do Movimento, reunidos junto ao Santu\u00e1rio Original, colocaram como prioridade do apostolado o trabalho com a juventude, com as fam\u00edlias e com a comunica\u00e7\u00e3o. Em 2022, o apostolado continua sendo um ponto forte da nova edi\u00e7\u00e3o do Congresso de Pentecostes.<\/p>\n<h3>Respondemos ao seu pedido<\/h3>\n<p>Como se d\u00e1 esse trabalho com os jovens, as fam\u00edlias e a comunica\u00e7\u00e3o? O Pai responde em sua carta: \u201cVallendar, ou mais precisamente a nossa capela com a MTA [o Santu\u00e1rio Original], deve permanecer no centro de tudo\u201d. \u00c9 a partir do Santu\u00e1rio que o apostolado se torna fecundo para cumprir a miss\u00e3o e os fins de Schoenstatt. Levando as fam\u00edlias e os jovens at\u00e9 ele \u2013 ou o contr\u00e1rio, levando o Santu\u00e1rio at\u00e9 as fam\u00edlias, como acontece na <a href=\"https:\/\/www.maeperegrina.org.br\/a-confederacao-apostolica-universal\/\">Campanha da M\u00e3e Peregrina<\/a> \u2013, \u00e9 poss\u00edvel colaborar com a M\u00e3e e Rainha em sua miss\u00e3o de Educadora e formadora de l\u00edderes.<\/p>\n<p>Al\u00e9m disso, a comunica\u00e7\u00e3o desempenha um papel fundamental e estrat\u00e9gico nesse sentido. Uma comunica\u00e7\u00e3o schoenstattiana s\u00f3 \u00e9 aut\u00eantica quando parte do Santu\u00e1rio, como extens\u00e3o dele, e retorna ao Santu\u00e1rio, atraindo as pessoas at\u00e9 ele. Hoje tamb\u00e9m podemos colaborar difundindo os meios de comunica\u00e7\u00e3o de Schoenstatt (<a href=\"http:\/\/www.schoenstatt.com\">schoenstatt.com \/<\/a> <a href=\"http:\/\/www.schoenstatt.org.br\">schoenstatt.org.br)<\/a> ou simplesmente comunicando, no dia a dia, a mensagem da Alian\u00e7a de Amor, do Santu\u00e1rio, da M\u00e3e e Rainha entre os conhecidos.<\/p>\n<p><em>\u201cSe estivermos comprometidos a aspirar a um extraordin\u00e1rio amor a Maria, por uma autossantifica\u00e7\u00e3o superior a da maioria das pessoas e por um grande envolvimento em atitude e obras apost\u00f3licas, tamb\u00e9m Maria se compromete em educar-nos em dire\u00e7\u00e3o a essas metas e a usar-nos. Ela \u00e9 a Virgo Fidelis (a Virgem Fiel), sempre e quando fizermos o que ela nos pede\u201d.<\/em><\/p>\n<p>Para finalizar a carta de 22 de maio, Pe. Kentenich escreve o que espera de seus congregados e o que espera de n\u00f3s hoje: <strong>\u201cOu tudo ou nada\u201d<\/strong>. Qual nossa resposta?<\/p>\n<p>Fuente: www.schoenstatt.org,br<\/p>\n","protected":false},"excerpt":{"rendered":"<p>O documento \u00e9 uma carta como tantas outras que o Pai e Fundador escreveu, mas ela traz uma mensagem importante, um retrato do Movimento na \u00e9poca. Pela descri\u00e7\u00e3o que o Pe. Jos\u00e9 Kentenich faz \u00e9 poss\u00edvel perceber como Schoenstatt conquista suas pr\u00f3prias caracter\u00edsticas e express\u00f5es. <\/p>\n","protected":false},"author":3,"featured_media":24884,"comment_status":"closed","ping_status":"closed","sticky":false,"template":"","format":"standard","meta":{"footnotes":""},"categories":[916],"tags":[],"class_list":["post-24883","post","type-post","status-publish","format-standard","has-post-thumbnail","hentry","category-espiritualidade-pt-pt"],"yoast_head":"<!-- This site is optimized with the Yoast SEO Premium plugin v27.4 (Yoast SEO v27.5) - https:\/\/yoast.com\/product\/yoast-seo-premium-wordpress\/ -->\n<title>Confedera\u00e7\u00e3o do Apostolado Universal - Schoenstatt<\/title>\n<meta name=\"description\" content=\"Em 22 de maio 1916, Pe.Jos\u00e9 Kentenich escreve uma carta, que traz uma mensagem importante, um retrato do Movimento naquela \u00e9poca.\" \/>\n<meta name=\"robots\" content=\"index, follow, max-snippet:-1, max-image-preview:large, max-video-preview:-1\" \/>\n<link rel=\"canonical\" href=\"https:\/\/schoenstatt.com\/pt-pt\/confederacao-do-apostolado-universal\/\" \/>\n<meta property=\"og:locale\" content=\"pt_PT\" \/>\n<meta property=\"og:type\" content=\"article\" \/>\n<meta property=\"og:title\" content=\"Confedera\u00e7\u00e3o do Apostolado Universal\" \/>\n<meta property=\"og:description\" content=\"Em 22 de maio 1916, Pe.Jos\u00e9 Kentenich escreve uma carta, que traz uma mensagem importante, um retrato do Movimento naquela \u00e9poca.\" \/>\n<meta property=\"og:url\" content=\"https:\/\/schoenstatt.com\/pt-pt\/confederacao-do-apostolado-universal\/\" \/>\n<meta property=\"og:site_name\" content=\"Schoenstatt\" \/>\n<meta property=\"article:published_time\" content=\"2022-05-22T16:04:36+00:00\" \/>\n<meta property=\"article:modified_time\" content=\"2025-05-15T22:39:34+00:00\" \/>\n<meta property=\"og:image\" content=\"https:\/\/schoenstatt.com\/wp-content\/uploads\/2022\/05\/pjk-1.jpg\" \/>\n\t<meta property=\"og:image:width\" content=\"700\" \/>\n\t<meta property=\"og:image:height\" content=\"394\" \/>\n\t<meta property=\"og:image:type\" content=\"image\/jpeg\" \/>\n<meta name=\"author\" content=\"Karen Bueno\" \/>\n<meta name=\"twitter:card\" content=\"summary_large_image\" \/>\n<meta name=\"twitter:label1\" content=\"Escrito por\" \/>\n\t<meta name=\"twitter:data1\" content=\"Karen Bueno\" \/>\n\t<meta name=\"twitter:label2\" content=\"Tempo estimado de leitura\" \/>\n\t<meta name=\"twitter:data2\" content=\"4 minutos\" \/>\n<script type=\"application\/ld+json\" class=\"yoast-schema-graph\">{\"@context\":\"https:\\\/\\\/schema.org\",\"@graph\":[{\"@type\":\"Article\",\"@id\":\"https:\\\/\\\/schoenstatt.com\\\/pt-pt\\\/confederacao-do-apostolado-universal\\\/#article\",\"isPartOf\":{\"@id\":\"https:\\\/\\\/schoenstatt.com\\\/pt-pt\\\/confederacao-do-apostolado-universal\\\/\"},\"author\":{\"name\":\"Karen Bueno\",\"@id\":\"https:\\\/\\\/schoenstatt.com\\\/pt-pt\\\/#\\\/schema\\\/person\\\/5158877ad4acae98b34daaeef2a1ce6e\"},\"headline\":\"Confedera\u00e7\u00e3o do Apostolado Universal\",\"datePublished\":\"2022-05-22T16:04:36+00:00\",\"dateModified\":\"2025-05-15T22:39:34+00:00\",\"mainEntityOfPage\":{\"@id\":\"https:\\\/\\\/schoenstatt.com\\\/pt-pt\\\/confederacao-do-apostolado-universal\\\/\"},\"wordCount\":761,\"publisher\":{\"@id\":\"https:\\\/\\\/schoenstatt.com\\\/pt-pt\\\/#organization\"},\"image\":{\"@id\":\"https:\\\/\\\/schoenstatt.com\\\/pt-pt\\\/confederacao-do-apostolado-universal\\\/#primaryimage\"},\"thumbnailUrl\":\"https:\\\/\\\/schoenstatt.com\\\/wp-content\\\/uploads\\\/2022\\\/05\\\/pjk-1.jpg\",\"articleSection\":[\"Espiritualidade\"],\"inLanguage\":\"pt-PT\"},{\"@type\":\"WebPage\",\"@id\":\"https:\\\/\\\/schoenstatt.com\\\/pt-pt\\\/confederacao-do-apostolado-universal\\\/\",\"url\":\"https:\\\/\\\/schoenstatt.com\\\/pt-pt\\\/confederacao-do-apostolado-universal\\\/\",\"name\":\"Confedera\u00e7\u00e3o do Apostolado Universal - Schoenstatt\",\"isPartOf\":{\"@id\":\"https:\\\/\\\/schoenstatt.com\\\/pt-pt\\\/#website\"},\"primaryImageOfPage\":{\"@id\":\"https:\\\/\\\/schoenstatt.com\\\/pt-pt\\\/confederacao-do-apostolado-universal\\\/#primaryimage\"},\"image\":{\"@id\":\"https:\\\/\\\/schoenstatt.com\\\/pt-pt\\\/confederacao-do-apostolado-universal\\\/#primaryimage\"},\"thumbnailUrl\":\"https:\\\/\\\/schoenstatt.com\\\/wp-content\\\/uploads\\\/2022\\\/05\\\/pjk-1.jpg\",\"datePublished\":\"2022-05-22T16:04:36+00:00\",\"dateModified\":\"2025-05-15T22:39:34+00:00\",\"description\":\"Em 22 de maio 1916, Pe.Jos\u00e9 Kentenich escreve uma carta, que traz uma mensagem importante, um retrato do Movimento naquela \u00e9poca.\",\"breadcrumb\":{\"@id\":\"https:\\\/\\\/schoenstatt.com\\\/pt-pt\\\/confederacao-do-apostolado-universal\\\/#breadcrumb\"},\"inLanguage\":\"pt-PT\",\"potentialAction\":[{\"@type\":\"ReadAction\",\"target\":[\"https:\\\/\\\/schoenstatt.com\\\/pt-pt\\\/confederacao-do-apostolado-universal\\\/\"]}]},{\"@type\":\"ImageObject\",\"inLanguage\":\"pt-PT\",\"@id\":\"https:\\\/\\\/schoenstatt.com\\\/pt-pt\\\/confederacao-do-apostolado-universal\\\/#primaryimage\",\"url\":\"https:\\\/\\\/schoenstatt.com\\\/wp-content\\\/uploads\\\/2022\\\/05\\\/pjk-1.jpg\",\"contentUrl\":\"https:\\\/\\\/schoenstatt.com\\\/wp-content\\\/uploads\\\/2022\\\/05\\\/pjk-1.jpg\",\"width\":700,\"height\":394},{\"@type\":\"BreadcrumbList\",\"@id\":\"https:\\\/\\\/schoenstatt.com\\\/pt-pt\\\/confederacao-do-apostolado-universal\\\/#breadcrumb\",\"itemListElement\":[{\"@type\":\"ListItem\",\"position\":1,\"name\":\"Portada\",\"item\":\"https:\\\/\\\/schoenstatt.com\\\/pt-pt\\\/home\\\/\"},{\"@type\":\"ListItem\",\"position\":2,\"name\":\"Confedera\u00e7\u00e3o do Apostolado Universal\"}]},{\"@type\":\"WebSite\",\"@id\":\"https:\\\/\\\/schoenstatt.com\\\/pt-pt\\\/#website\",\"url\":\"https:\\\/\\\/schoenstatt.com\\\/pt-pt\\\/\",\"name\":\"Schoenstatt\",\"description\":\"Apostolic Movement\",\"publisher\":{\"@id\":\"https:\\\/\\\/schoenstatt.com\\\/pt-pt\\\/#organization\"},\"potentialAction\":[{\"@type\":\"SearchAction\",\"target\":{\"@type\":\"EntryPoint\",\"urlTemplate\":\"https:\\\/\\\/schoenstatt.com\\\/pt-pt\\\/?s={search_term_string}\"},\"query-input\":{\"@type\":\"PropertyValueSpecification\",\"valueRequired\":true,\"valueName\":\"search_term_string\"}}],\"inLanguage\":\"pt-PT\"},{\"@type\":\"Organization\",\"@id\":\"https:\\\/\\\/schoenstatt.com\\\/pt-pt\\\/#organization\",\"name\":\"Schoenstatt\",\"url\":\"https:\\\/\\\/schoenstatt.com\\\/pt-pt\\\/\",\"logo\":{\"@type\":\"ImageObject\",\"inLanguage\":\"pt-PT\",\"@id\":\"https:\\\/\\\/schoenstatt.com\\\/pt-pt\\\/#\\\/schema\\\/logo\\\/image\\\/\",\"url\":\"https:\\\/\\\/schoenstatt.com\\\/wp-content\\\/uploads\\\/2025\\\/04\\\/logo-schoenstatt-white-696x696-1.png\",\"contentUrl\":\"https:\\\/\\\/schoenstatt.com\\\/wp-content\\\/uploads\\\/2025\\\/04\\\/logo-schoenstatt-white-696x696-1.png\",\"width\":696,\"height\":694,\"caption\":\"Schoenstatt\"},\"image\":{\"@id\":\"https:\\\/\\\/schoenstatt.com\\\/pt-pt\\\/#\\\/schema\\\/logo\\\/image\\\/\"}},{\"@type\":\"Person\",\"@id\":\"https:\\\/\\\/schoenstatt.com\\\/pt-pt\\\/#\\\/schema\\\/person\\\/5158877ad4acae98b34daaeef2a1ce6e\",\"name\":\"Karen Bueno\",\"image\":{\"@type\":\"ImageObject\",\"inLanguage\":\"pt-PT\",\"@id\":\"https:\\\/\\\/secure.gravatar.com\\\/avatar\\\/f9f4b823873154269d2b2130f195f6d41037dd0d7fc5f3cacb5c846bae70d66b?s=96&d=mm&r=g\",\"url\":\"https:\\\/\\\/secure.gravatar.com\\\/avatar\\\/f9f4b823873154269d2b2130f195f6d41037dd0d7fc5f3cacb5c846bae70d66b?s=96&d=mm&r=g\",\"contentUrl\":\"https:\\\/\\\/secure.gravatar.com\\\/avatar\\\/f9f4b823873154269d2b2130f195f6d41037dd0d7fc5f3cacb5c846bae70d66b?s=96&d=mm&r=g\",\"caption\":\"Karen Bueno\"},\"url\":\"https:\\\/\\\/schoenstatt.com\\\/pt-pt\\\/author\\\/karen-bueno\\\/\"}]}<\/script>\n<!-- \/ Yoast SEO Premium plugin. -->","yoast_head_json":{"title":"Confedera\u00e7\u00e3o do Apostolado Universal - Schoenstatt","description":"Em 22 de maio 1916, Pe.Jos\u00e9 Kentenich escreve uma carta, que traz uma mensagem importante, um retrato do Movimento naquela \u00e9poca.","robots":{"index":"index","follow":"follow","max-snippet":"max-snippet:-1","max-image-preview":"max-image-preview:large","max-video-preview":"max-video-preview:-1"},"canonical":"https:\/\/schoenstatt.com\/pt-pt\/confederacao-do-apostolado-universal\/","og_locale":"pt_PT","og_type":"article","og_title":"Confedera\u00e7\u00e3o do Apostolado Universal","og_description":"Em 22 de maio 1916, Pe.Jos\u00e9 Kentenich escreve uma carta, que traz uma mensagem importante, um retrato do Movimento naquela \u00e9poca.","og_url":"https:\/\/schoenstatt.com\/pt-pt\/confederacao-do-apostolado-universal\/","og_site_name":"Schoenstatt","article_published_time":"2022-05-22T16:04:36+00:00","article_modified_time":"2025-05-15T22:39:34+00:00","og_image":[{"width":700,"height":394,"url":"https:\/\/schoenstatt.com\/wp-content\/uploads\/2022\/05\/pjk-1.jpg","type":"image\/jpeg"}],"author":"Karen Bueno","twitter_card":"summary_large_image","twitter_misc":{"Escrito por":"Karen Bueno","Tempo estimado de leitura":"4 minutos"},"schema":{"@context":"https:\/\/schema.org","@graph":[{"@type":"Article","@id":"https:\/\/schoenstatt.com\/pt-pt\/confederacao-do-apostolado-universal\/#article","isPartOf":{"@id":"https:\/\/schoenstatt.com\/pt-pt\/confederacao-do-apostolado-universal\/"},"author":{"name":"Karen Bueno","@id":"https:\/\/schoenstatt.com\/pt-pt\/#\/schema\/person\/5158877ad4acae98b34daaeef2a1ce6e"},"headline":"Confedera\u00e7\u00e3o do Apostolado Universal","datePublished":"2022-05-22T16:04:36+00:00","dateModified":"2025-05-15T22:39:34+00:00","mainEntityOfPage":{"@id":"https:\/\/schoenstatt.com\/pt-pt\/confederacao-do-apostolado-universal\/"},"wordCount":761,"publisher":{"@id":"https:\/\/schoenstatt.com\/pt-pt\/#organization"},"image":{"@id":"https:\/\/schoenstatt.com\/pt-pt\/confederacao-do-apostolado-universal\/#primaryimage"},"thumbnailUrl":"https:\/\/schoenstatt.com\/wp-content\/uploads\/2022\/05\/pjk-1.jpg","articleSection":["Espiritualidade"],"inLanguage":"pt-PT"},{"@type":"WebPage","@id":"https:\/\/schoenstatt.com\/pt-pt\/confederacao-do-apostolado-universal\/","url":"https:\/\/schoenstatt.com\/pt-pt\/confederacao-do-apostolado-universal\/","name":"Confedera\u00e7\u00e3o do Apostolado Universal - Schoenstatt","isPartOf":{"@id":"https:\/\/schoenstatt.com\/pt-pt\/#website"},"primaryImageOfPage":{"@id":"https:\/\/schoenstatt.com\/pt-pt\/confederacao-do-apostolado-universal\/#primaryimage"},"image":{"@id":"https:\/\/schoenstatt.com\/pt-pt\/confederacao-do-apostolado-universal\/#primaryimage"},"thumbnailUrl":"https:\/\/schoenstatt.com\/wp-content\/uploads\/2022\/05\/pjk-1.jpg","datePublished":"2022-05-22T16:04:36+00:00","dateModified":"2025-05-15T22:39:34+00:00","description":"Em 22 de maio 1916, Pe.Jos\u00e9 Kentenich escreve uma carta, que traz uma mensagem importante, um retrato do Movimento naquela \u00e9poca.","breadcrumb":{"@id":"https:\/\/schoenstatt.com\/pt-pt\/confederacao-do-apostolado-universal\/#breadcrumb"},"inLanguage":"pt-PT","potentialAction":[{"@type":"ReadAction","target":["https:\/\/schoenstatt.com\/pt-pt\/confederacao-do-apostolado-universal\/"]}]},{"@type":"ImageObject","inLanguage":"pt-PT","@id":"https:\/\/schoenstatt.com\/pt-pt\/confederacao-do-apostolado-universal\/#primaryimage","url":"https:\/\/schoenstatt.com\/wp-content\/uploads\/2022\/05\/pjk-1.jpg","contentUrl":"https:\/\/schoenstatt.com\/wp-content\/uploads\/2022\/05\/pjk-1.jpg","width":700,"height":394},{"@type":"BreadcrumbList","@id":"https:\/\/schoenstatt.com\/pt-pt\/confederacao-do-apostolado-universal\/#breadcrumb","itemListElement":[{"@type":"ListItem","position":1,"name":"Portada","item":"https:\/\/schoenstatt.com\/pt-pt\/home\/"},{"@type":"ListItem","position":2,"name":"Confedera\u00e7\u00e3o do Apostolado Universal"}]},{"@type":"WebSite","@id":"https:\/\/schoenstatt.com\/pt-pt\/#website","url":"https:\/\/schoenstatt.com\/pt-pt\/","name":"Schoenstatt","description":"Apostolic Movement","publisher":{"@id":"https:\/\/schoenstatt.com\/pt-pt\/#organization"},"potentialAction":[{"@type":"SearchAction","target":{"@type":"EntryPoint","urlTemplate":"https:\/\/schoenstatt.com\/pt-pt\/?s={search_term_string}"},"query-input":{"@type":"PropertyValueSpecification","valueRequired":true,"valueName":"search_term_string"}}],"inLanguage":"pt-PT"},{"@type":"Organization","@id":"https:\/\/schoenstatt.com\/pt-pt\/#organization","name":"Schoenstatt","url":"https:\/\/schoenstatt.com\/pt-pt\/","logo":{"@type":"ImageObject","inLanguage":"pt-PT","@id":"https:\/\/schoenstatt.com\/pt-pt\/#\/schema\/logo\/image\/","url":"https:\/\/schoenstatt.com\/wp-content\/uploads\/2025\/04\/logo-schoenstatt-white-696x696-1.png","contentUrl":"https:\/\/schoenstatt.com\/wp-content\/uploads\/2025\/04\/logo-schoenstatt-white-696x696-1.png","width":696,"height":694,"caption":"Schoenstatt"},"image":{"@id":"https:\/\/schoenstatt.com\/pt-pt\/#\/schema\/logo\/image\/"}},{"@type":"Person","@id":"https:\/\/schoenstatt.com\/pt-pt\/#\/schema\/person\/5158877ad4acae98b34daaeef2a1ce6e","name":"Karen Bueno","image":{"@type":"ImageObject","inLanguage":"pt-PT","@id":"https:\/\/secure.gravatar.com\/avatar\/f9f4b823873154269d2b2130f195f6d41037dd0d7fc5f3cacb5c846bae70d66b?s=96&d=mm&r=g","url":"https:\/\/secure.gravatar.com\/avatar\/f9f4b823873154269d2b2130f195f6d41037dd0d7fc5f3cacb5c846bae70d66b?s=96&d=mm&r=g","contentUrl":"https:\/\/secure.gravatar.com\/avatar\/f9f4b823873154269d2b2130f195f6d41037dd0d7fc5f3cacb5c846bae70d66b?s=96&d=mm&r=g","caption":"Karen Bueno"},"url":"https:\/\/schoenstatt.com\/pt-pt\/author\/karen-bueno\/"}]}},"_links":{"self":[{"href":"https:\/\/schoenstatt.com\/pt-pt\/wp-json\/wp\/v2\/posts\/24883","targetHints":{"allow":["GET"]}}],"collection":[{"href":"https:\/\/schoenstatt.com\/pt-pt\/wp-json\/wp\/v2\/posts"}],"about":[{"href":"https:\/\/schoenstatt.com\/pt-pt\/wp-json\/wp\/v2\/types\/post"}],"author":[{"embeddable":true,"href":"https:\/\/schoenstatt.com\/pt-pt\/wp-json\/wp\/v2\/users\/3"}],"replies":[{"embeddable":true,"href":"https:\/\/schoenstatt.com\/pt-pt\/wp-json\/wp\/v2\/comments?post=24883"}],"version-history":[{"count":1,"href":"https:\/\/schoenstatt.com\/pt-pt\/wp-json\/wp\/v2\/posts\/24883\/revisions"}],"predecessor-version":[{"id":45233,"href":"https:\/\/schoenstatt.com\/pt-pt\/wp-json\/wp\/v2\/posts\/24883\/revisions\/45233"}],"wp:featuredmedia":[{"embeddable":true,"href":"https:\/\/schoenstatt.com\/pt-pt\/wp-json\/wp\/v2\/media\/24884"}],"wp:attachment":[{"href":"https:\/\/schoenstatt.com\/pt-pt\/wp-json\/wp\/v2\/media?parent=24883"}],"wp:term":[{"taxonomy":"category","embeddable":true,"href":"https:\/\/schoenstatt.com\/pt-pt\/wp-json\/wp\/v2\/categories?post=24883"},{"taxonomy":"post_tag","embeddable":true,"href":"https:\/\/schoenstatt.com\/pt-pt\/wp-json\/wp\/v2\/tags?post=24883"}],"curies":[{"name":"wp","href":"https:\/\/api.w.org\/{rel}","templated":true}]}}