{"id":24417,"date":"2022-04-20T10:00:20","date_gmt":"2022-04-20T08:00:20","guid":{"rendered":"https:\/\/schoenstatt.com\/?p=24417"},"modified":"2025-05-16T03:14:38","modified_gmt":"2025-05-16T01:14:38","slug":"aparencia-feminina-qual-nosso-padrao-de-beleza","status":"publish","type":"post","link":"https:\/\/schoenstatt.com\/pt-pt\/aparencia-feminina-qual-nosso-padrao-de-beleza\/","title":{"rendered":"Apar\u00eancia feminina: Qual nosso \u201cpadr\u00e3o de beleza\u201d?"},"content":{"rendered":"<p>Um recente estudo, feito pela Sociedade Internacional de Cirurgias Pl\u00e1stica Est\u00e9tica (ISAPS), demonstra o crescimento mundial desse tipo de procedimento e que o Brasil est\u00e1 em segundo lugar no ranking de cirurgias pl\u00e1sticas no mundo [<a href=\"#nummer1\">1<\/a>]. A passagem do tempo, principalmente para a mulher, pode tornar mais dif\u00edcil a rela\u00e7\u00e3o saud\u00e1vel e positiva com a autoimagem, isso, em grande parte, pelo padr\u00e3o est\u00e9tico que a m\u00eddia determina.<\/p>\n<p>Como mulheres cat\u00f3licas, o que podemos refletir sobre a rela\u00e7\u00e3o com o pr\u00f3prio corpo e a apar\u00eancia ao longo dos anos? Como manter nossa feminilidade, sermos fortes e aut\u00eanticas na conviv\u00eancia di\u00e1ria, diante da cobran\u00e7a por uma apar\u00eancia feminina ideal?<\/p>\n<p>Em uma de suas palestras, o Fundador da Obra de Schoenstatt, Pe. Jos\u00e9 Kentenich, disse que se n\u00f3s tivermos um sentimento corporal nobre, divinizado, que se aprofunde sempre de fora para dentro \u2013 n\u00e3o s\u00f3 de dentro para fora \u2013 podemos supor que estamos ao abrigo de todos os perigos do tempo atual. Ele tamb\u00e9m diz que devemos tratar nosso corpo com amor respeitoso, porque foi criado e escolhido por Deus como templo do Esp\u00edrito Santo, como Santu\u00e1rio, mas tamb\u00e9m devemos trat\u00e1-lo com s\u00e1bia severidade porque est\u00e1 sujeito \u00e0 lei do pecado original e dos impulsos. \u201cA virtude do pudor trata o corpo com amor respeitoso, mas, ao mesmo tempo, com s\u00e1bia prud\u00eancia\u201d. [<a href=\"#nummer2\">2<\/a>]<\/p>\n<h3>Beleza feminina: o que a Igreja diz sobre cuidados e exageros?<\/h3>\n<p>Segundo o Doutor em Teologia Moral Pe. M\u00e1rio Marcelo Coelho, o grande problema n\u00e3o est\u00e1 nas cirurgias pl\u00e1sticas em si, mas na inten\u00e7\u00e3o que elas escondem. Quando a mulher decide: \u201cVou colocar silicone!\u201d ou \u201cVou fazer uma pl\u00e1stica!\u201d, segundo o padre, ela deve analisar qual a sua principal motiva\u00e7\u00e3o: uma quest\u00e3o de sa\u00fade, a autoestima ou a vaidade de apenas ficar \u201cmais atraente\u201d para responder ao \u201cpadr\u00e3o de beleza\u201d imposto?<\/p>\n<p>Quando ela se torna escrava dessa situa\u00e7\u00e3o imposta pela sociedade, acaba se negando como pessoa e se esquece de olhar para si como algu\u00e9m que tem seu valor em si mesma. Ela perde o sentido da sacralidade da vida, pois deixa de olhar para si como imagem e semelhan\u00e7a de Deus e passa a se ver como imagem e semelhan\u00e7a daquilo que \u00e9 imposto pela sociedade; e assim fere a sua dignidade\u201d, explicou o padre ao portal de not\u00edcias da Comunidade Can\u00e7\u00e3o Nova. [<a href=\"#nummer3\">3<\/a>]<\/p>\n<h3>O cuidado excessivo e o pensar mecanicista<\/h3>\n<p>Um pensamento mecanicista, que separa o homem da a\u00e7\u00e3o de Deus, determina um padr\u00e3o de beleza mundial segundo o qual todas as mulheres devem, por exemplo, ser magras, com curvas perfeitas, sem rugas\u2026 negando a originalidade de cada pessoa. H\u00e1, assim, mulheres que n\u00e3o medem consequ\u00eancias para chegar a esse padr\u00e3o e colocam em risco a pr\u00f3pria vida.<\/p>\n<p>Ao contr\u00e1rio disso, por\u00e9m, o pensamento org\u00e2nico valoriza a gra\u00e7a divina: valoriza se me preocupo comigo mesma, se realizo a\u00e7\u00f5es que fazem bem para minha vida, se respeito a minha beleza natural\u2026<\/p>\n<h3>A pergunta-chave \u00e9: O que posso fazer para me tornar mais bela aos olhos de Deus?<\/h3>\n<p>Para Madre Teresa de Calcut\u00e1, por exemplo, a resposta dessa pergunta est\u00e1 no sorriso, que, para ela, \u00e9 \u201ca melhor maquiagem\u201d. <a href=\"https:\/\/schoenstatt.com\/pt-pt\/familia\/comunidades-do-movimento-apostolico-de-schoenstatt\/woman\/\">Gertraud Von Bullion<\/a>, a primeira mulher a selar a Alian\u00e7a de Amor em Schoenstatt, tamb\u00e9m recorda sobre o vestir: \u201cComo mulheres crist\u00e3s, queremos ser instrumentos de nossa M\u00e3e e Rainha para a renova\u00e7\u00e3o do mundo e que nosso vestir \u00e9 um ornato exterior do templo de Deus que \u00e9 nosso corpo. Que nossa apar\u00eancia exterior deveria ser express\u00e3o de nossas convic\u00e7\u00f5es mais profundas\u201d [<a href=\"#nummer4\">4<\/a>]. Para ela, uma vestimenta honesta \u00e9 uma confiss\u00e3o de f\u00e9 de que Deus habita em n\u00f3s.<\/p>\n<p>O cuidado com a autoimagem \u00e9 importante e est\u00e1 relacionado com aquilo que o Pe. Jos\u00e9 Kentenich sempre repetia: \u201cA ordem do ser determina a ordem do agir\u201d. Assim, o zelo pela beleza exterior org\u00e2nica \u2013 natural e sadia \u2013 pode refletir a beleza interior.<\/p>\n<h3>Qual nosso \u201cpadr\u00e3o de beleza\u201d?<\/h3>\n<p>Sim, temos um padr\u00e3o de beleza. Como mulheres schoenstattianas, o nosso grande anseio sempre deveria ser refletir Maria ao mundo. Para isso, precisamos estar atentas \u00e0s inspira\u00e7\u00f5es da gra\u00e7a e que possamos, apesar das dificuldades do tempo atual, apresentar ao mundo a pequena Maria de in\u00fameras formas. N\u00f3s, em conjunto, temos a tarefa de nos preocupar que, da mulher atual, se possa \u2018esculpir\u2019 sempre de novo a pequena Maria.<\/p>\n<h3>Com o passar do tempo, reflita sobre quem voc\u00ea \u00e9 de verdade e seja feliz com a sua idade!<\/h3>\n<p>Nossas rugas revelam nossa hist\u00f3ria de vida.<\/p>\n<p>Quantas noites de priva\u00e7\u00e3o de sono para cuidar do pr\u00f3ximo? Seja para cuidar de nossos filhos ou de nossos pais, ou ainda preocupa\u00e7\u00f5es com nossos m\u00faltiplos trabalhos. Elas contam nossas dores, nossas alegrias, nossas ansiedades, nossas saudades. Devemos pensar quanto de amor elas retratam.<\/p>\n<p>Talvez j\u00e1 n\u00e3o tenhamos o vi\u00e7o de nossa pele e a perfei\u00e7\u00e3o de nosso corpo juvenil, mas, al\u00e9m da saudade, temos que nos amar e aceitar a trajet\u00f3ria de vida que hoje nosso rosto e nosso corpo exp\u00f5em. Pe. Kentenich dizia a um grupo de jovens que a beleza espiritual \u00e9 refletida no corpo f\u00edsico: \u201cQuando um rosto \u00e9 belo, portanto? Suponham que tem uma ferida ou uma falha, pode ser belo apesar disso? Suponham que seriam 70 anos mais velhas e teriam o rosto cheio de rugas. Por que ainda [o rosto] poderia ser belo, apesar disso? Se na alma reina harmonia, o rosto tamb\u00e9m reflete harmonia, o rosto e os olhos irradiam certa nobreza\u201d. [<a href=\"#nummer5\">5<\/a>]<\/p>\n<p>J\u00e1 dizia o poeta Olavo Bilac que o belo \u00e9 a gra\u00e7a. A gra\u00e7a consegue transformar as incorre\u00e7\u00f5es em perfei\u00e7\u00f5es. Segundo ele a gra\u00e7a \u00e9 tudo, a gra\u00e7a s\u00e3o as coisas simples, como um olhar, a gra\u00e7a gera o amor e \u00e9 o amor que nos diz o que \u00e9 o belo, ou seja, o amor cria a beleza, mas a gra\u00e7a \u00e9 maior que a beleza pois dela adv\u00eam todas as outras coisas.<\/p>\n<p>* Texto preparado pela <a href=\"https:\/\/www.schoenstatt.org.br\/home\/org\/organizacao\/uniao-apostolica-feminina-de-schoenstatt\/\">Uni\u00e3o Apost\u00f3lica Feminina de Schoenstatt<\/a><\/p>\n<p>&nbsp;<\/p>\n<p><span id=\"nummer1\" style=\"font-size: 14px;\"> <em>[1] Release <a href=\"https:\/\/www.isaps.org\/wp-content\/uploads\/2018\/11\/2017-Global-Survey-Press-Release-br.pdf\">isaps.org<\/a><\/em><\/span><br \/>\n<span id=\"nummer2\" style=\"font-size: 14px;\"> <em>[2] Pe. Jos\u00e9 Kentenich. A Riqueza do Ser Puro. Muros Protetores. 3\u00aa edi\u00e7\u00e3o, 2001<\/em><\/span><br \/>\n<span id=\"nummer3\" style=\"font-size: 14px;\"> <em>[3] <a href=\"https:\/\/noticias.cancaonova.com\/brasil\/beleza-feminina-o-que-a-igreja-diz-sobre-cuidados-e-exageros\/\">noticias.cancaonova.com<\/a><\/em><\/span><br \/>\n<span id=\"nummer4\" style=\"font-size: 14px;\"> <em>[4] Gertraud Von Bullion. Ganar Hermanos para Cristo. P\u00e1gina 90. Carta regional para o Grupo, Schoenberg, 01.10.1922.<\/em><\/span><br \/>\n<span id=\"nummer5\" style=\"font-size: 14px;\"> <em>[5] Pe. Jos\u00e9 Kentenich. Eu sa\u00fado os L\u00edrios. Palestra em Santa Maria\/RS, 08.12.1949<\/em><\/span><\/p>\n<p><span style=\"font-size: 14px;\">Foto: Pixabay<\/span><\/p>\n","protected":false},"excerpt":{"rendered":"<p>Nosso modelo ideal n\u00e3o est\u00e1 nem nas passarelas nem nas capas de revista<\/p>\n","protected":false},"author":6,"featured_media":24418,"comment_status":"closed","ping_status":"closed","sticky":false,"template":"","format":"standard","meta":{"footnotes":""},"categories":[608,920,880],"tags":[],"class_list":["post-24417","post","type-post","status-publish","format-standard","has-post-thumbnail","hentry","category-igreja-pt-pt","category-mulher-pt-pt","category-pe-jose-kentenich-pt-pt"],"yoast_head":"<!-- This site is optimized with the Yoast SEO Premium plugin v27.4 (Yoast SEO v27.4) - https:\/\/yoast.com\/product\/yoast-seo-premium-wordpress\/ -->\n<title>Apar\u00eancia feminina: Qual nosso \u201cpadr\u00e3o de beleza\u201d? - Schoenstatt<\/title>\n<meta name=\"description\" content=\"Como mulheres cat\u00f3licas, o que podemos refletir sobre a rela\u00e7\u00e3o com o pr\u00f3prio corpo e a apar\u00eancia ao longo dos anos\" \/>\n<meta name=\"robots\" content=\"index, follow, max-snippet:-1, max-image-preview:large, max-video-preview:-1\" \/>\n<link rel=\"canonical\" href=\"https:\/\/schoenstatt.com\/pt-pt\/aparencia-feminina-qual-nosso-padrao-de-beleza\/\" \/>\n<meta property=\"og:locale\" content=\"pt_PT\" \/>\n<meta property=\"og:type\" content=\"article\" \/>\n<meta property=\"og:title\" content=\"Apar\u00eancia feminina: Qual nosso \u201cpadr\u00e3o de beleza\u201d?\" \/>\n<meta property=\"og:description\" content=\"Como mulheres cat\u00f3licas, o que podemos refletir sobre a rela\u00e7\u00e3o com o pr\u00f3prio corpo e a apar\u00eancia ao longo dos anos\" \/>\n<meta property=\"og:url\" content=\"https:\/\/schoenstatt.com\/pt-pt\/aparencia-feminina-qual-nosso-padrao-de-beleza\/\" \/>\n<meta property=\"og:site_name\" content=\"Schoenstatt\" \/>\n<meta property=\"article:published_time\" content=\"2022-04-20T08:00:20+00:00\" \/>\n<meta property=\"article:modified_time\" content=\"2025-05-16T01:14:38+00:00\" \/>\n<meta property=\"og:image\" content=\"https:\/\/schoenstatt.com\/wp-content\/uploads\/2022\/04\/cosmetics-g23f297c3a_1920-1.jpg\" \/>\n\t<meta property=\"og:image:width\" content=\"1920\" \/>\n\t<meta property=\"og:image:height\" content=\"1280\" \/>\n\t<meta property=\"og:image:type\" content=\"image\/jpeg\" \/>\n<meta name=\"author\" content=\"Vanessa Franke\" \/>\n<meta name=\"twitter:card\" content=\"summary_large_image\" \/>\n<meta name=\"twitter:label1\" content=\"Escrito por\" \/>\n\t<meta name=\"twitter:data1\" content=\"Vanessa Franke\" \/>\n\t<meta name=\"twitter:label2\" content=\"Tempo estimado de leitura\" \/>\n\t<meta name=\"twitter:data2\" content=\"5 minutos\" \/>\n<script type=\"application\/ld+json\" class=\"yoast-schema-graph\">{\"@context\":\"https:\\\/\\\/schema.org\",\"@graph\":[{\"@type\":\"Article\",\"@id\":\"https:\\\/\\\/schoenstatt.com\\\/pt-pt\\\/aparencia-feminina-qual-nosso-padrao-de-beleza\\\/#article\",\"isPartOf\":{\"@id\":\"https:\\\/\\\/schoenstatt.com\\\/pt-pt\\\/aparencia-feminina-qual-nosso-padrao-de-beleza\\\/\"},\"author\":{\"name\":\"Vanessa Franke\",\"@id\":\"https:\\\/\\\/schoenstatt.com\\\/pt-pt\\\/#\\\/schema\\\/person\\\/ea97a60c723e21c923e2177f0f3163f7\"},\"headline\":\"Apar\u00eancia feminina: Qual nosso \u201cpadr\u00e3o de beleza\u201d?\",\"datePublished\":\"2022-04-20T08:00:20+00:00\",\"dateModified\":\"2025-05-16T01:14:38+00:00\",\"mainEntityOfPage\":{\"@id\":\"https:\\\/\\\/schoenstatt.com\\\/pt-pt\\\/aparencia-feminina-qual-nosso-padrao-de-beleza\\\/\"},\"wordCount\":1117,\"publisher\":{\"@id\":\"https:\\\/\\\/schoenstatt.com\\\/pt-pt\\\/#organization\"},\"image\":{\"@id\":\"https:\\\/\\\/schoenstatt.com\\\/pt-pt\\\/aparencia-feminina-qual-nosso-padrao-de-beleza\\\/#primaryimage\"},\"thumbnailUrl\":\"https:\\\/\\\/schoenstatt.com\\\/wp-content\\\/uploads\\\/2022\\\/04\\\/cosmetics-g23f297c3a_1920-1.jpg\",\"articleSection\":[\"Igreja\",\"Mulher\",\"Pe. Jos\u00e9 Kentenich\"],\"inLanguage\":\"pt-PT\"},{\"@type\":\"WebPage\",\"@id\":\"https:\\\/\\\/schoenstatt.com\\\/pt-pt\\\/aparencia-feminina-qual-nosso-padrao-de-beleza\\\/\",\"url\":\"https:\\\/\\\/schoenstatt.com\\\/pt-pt\\\/aparencia-feminina-qual-nosso-padrao-de-beleza\\\/\",\"name\":\"Apar\u00eancia feminina: Qual nosso \u201cpadr\u00e3o de beleza\u201d? - Schoenstatt\",\"isPartOf\":{\"@id\":\"https:\\\/\\\/schoenstatt.com\\\/pt-pt\\\/#website\"},\"primaryImageOfPage\":{\"@id\":\"https:\\\/\\\/schoenstatt.com\\\/pt-pt\\\/aparencia-feminina-qual-nosso-padrao-de-beleza\\\/#primaryimage\"},\"image\":{\"@id\":\"https:\\\/\\\/schoenstatt.com\\\/pt-pt\\\/aparencia-feminina-qual-nosso-padrao-de-beleza\\\/#primaryimage\"},\"thumbnailUrl\":\"https:\\\/\\\/schoenstatt.com\\\/wp-content\\\/uploads\\\/2022\\\/04\\\/cosmetics-g23f297c3a_1920-1.jpg\",\"datePublished\":\"2022-04-20T08:00:20+00:00\",\"dateModified\":\"2025-05-16T01:14:38+00:00\",\"description\":\"Como mulheres cat\u00f3licas, o que podemos refletir sobre a rela\u00e7\u00e3o com o pr\u00f3prio corpo e a apar\u00eancia ao longo dos anos\",\"breadcrumb\":{\"@id\":\"https:\\\/\\\/schoenstatt.com\\\/pt-pt\\\/aparencia-feminina-qual-nosso-padrao-de-beleza\\\/#breadcrumb\"},\"inLanguage\":\"pt-PT\",\"potentialAction\":[{\"@type\":\"ReadAction\",\"target\":[\"https:\\\/\\\/schoenstatt.com\\\/pt-pt\\\/aparencia-feminina-qual-nosso-padrao-de-beleza\\\/\"]}]},{\"@type\":\"ImageObject\",\"inLanguage\":\"pt-PT\",\"@id\":\"https:\\\/\\\/schoenstatt.com\\\/pt-pt\\\/aparencia-feminina-qual-nosso-padrao-de-beleza\\\/#primaryimage\",\"url\":\"https:\\\/\\\/schoenstatt.com\\\/wp-content\\\/uploads\\\/2022\\\/04\\\/cosmetics-g23f297c3a_1920-1.jpg\",\"contentUrl\":\"https:\\\/\\\/schoenstatt.com\\\/wp-content\\\/uploads\\\/2022\\\/04\\\/cosmetics-g23f297c3a_1920-1.jpg\",\"width\":1920,\"height\":1280,\"caption\":\"beleza\"},{\"@type\":\"BreadcrumbList\",\"@id\":\"https:\\\/\\\/schoenstatt.com\\\/pt-pt\\\/aparencia-feminina-qual-nosso-padrao-de-beleza\\\/#breadcrumb\",\"itemListElement\":[{\"@type\":\"ListItem\",\"position\":1,\"name\":\"Portada\",\"item\":\"https:\\\/\\\/schoenstatt.com\\\/pt-pt\\\/home\\\/\"},{\"@type\":\"ListItem\",\"position\":2,\"name\":\"Apar\u00eancia feminina: Qual nosso \u201cpadr\u00e3o de beleza\u201d?\"}]},{\"@type\":\"WebSite\",\"@id\":\"https:\\\/\\\/schoenstatt.com\\\/pt-pt\\\/#website\",\"url\":\"https:\\\/\\\/schoenstatt.com\\\/pt-pt\\\/\",\"name\":\"Schoenstatt\",\"description\":\"Apostolic Movement\",\"publisher\":{\"@id\":\"https:\\\/\\\/schoenstatt.com\\\/pt-pt\\\/#organization\"},\"potentialAction\":[{\"@type\":\"SearchAction\",\"target\":{\"@type\":\"EntryPoint\",\"urlTemplate\":\"https:\\\/\\\/schoenstatt.com\\\/pt-pt\\\/?s={search_term_string}\"},\"query-input\":{\"@type\":\"PropertyValueSpecification\",\"valueRequired\":true,\"valueName\":\"search_term_string\"}}],\"inLanguage\":\"pt-PT\"},{\"@type\":\"Organization\",\"@id\":\"https:\\\/\\\/schoenstatt.com\\\/pt-pt\\\/#organization\",\"name\":\"Schoenstatt\",\"url\":\"https:\\\/\\\/schoenstatt.com\\\/pt-pt\\\/\",\"logo\":{\"@type\":\"ImageObject\",\"inLanguage\":\"pt-PT\",\"@id\":\"https:\\\/\\\/schoenstatt.com\\\/pt-pt\\\/#\\\/schema\\\/logo\\\/image\\\/\",\"url\":\"https:\\\/\\\/schoenstatt.com\\\/wp-content\\\/uploads\\\/2025\\\/04\\\/logo-schoenstatt-white-696x696-1.png\",\"contentUrl\":\"https:\\\/\\\/schoenstatt.com\\\/wp-content\\\/uploads\\\/2025\\\/04\\\/logo-schoenstatt-white-696x696-1.png\",\"width\":696,\"height\":694,\"caption\":\"Schoenstatt\"},\"image\":{\"@id\":\"https:\\\/\\\/schoenstatt.com\\\/pt-pt\\\/#\\\/schema\\\/logo\\\/image\\\/\"}},{\"@type\":\"Person\",\"@id\":\"https:\\\/\\\/schoenstatt.com\\\/pt-pt\\\/#\\\/schema\\\/person\\\/ea97a60c723e21c923e2177f0f3163f7\",\"name\":\"Vanessa Franke\",\"image\":{\"@type\":\"ImageObject\",\"inLanguage\":\"pt-PT\",\"@id\":\"https:\\\/\\\/secure.gravatar.com\\\/avatar\\\/a9bcca3409928ccd3195eca11e2ccbb2e5d7c7912e9a945d4f326f81a0a5cb4a?s=96&d=mm&r=g\",\"url\":\"https:\\\/\\\/secure.gravatar.com\\\/avatar\\\/a9bcca3409928ccd3195eca11e2ccbb2e5d7c7912e9a945d4f326f81a0a5cb4a?s=96&d=mm&r=g\",\"contentUrl\":\"https:\\\/\\\/secure.gravatar.com\\\/avatar\\\/a9bcca3409928ccd3195eca11e2ccbb2e5d7c7912e9a945d4f326f81a0a5cb4a?s=96&d=mm&r=g\",\"caption\":\"Vanessa Franke\"},\"url\":\"https:\\\/\\\/schoenstatt.com\\\/pt-pt\\\/author\\\/vanessa-franke\\\/\"}]}<\/script>\n<!-- \/ Yoast SEO Premium plugin. -->","yoast_head_json":{"title":"Apar\u00eancia feminina: Qual nosso \u201cpadr\u00e3o de beleza\u201d? - Schoenstatt","description":"Como mulheres cat\u00f3licas, o que podemos refletir sobre a rela\u00e7\u00e3o com o pr\u00f3prio corpo e a apar\u00eancia ao longo dos anos","robots":{"index":"index","follow":"follow","max-snippet":"max-snippet:-1","max-image-preview":"max-image-preview:large","max-video-preview":"max-video-preview:-1"},"canonical":"https:\/\/schoenstatt.com\/pt-pt\/aparencia-feminina-qual-nosso-padrao-de-beleza\/","og_locale":"pt_PT","og_type":"article","og_title":"Apar\u00eancia feminina: Qual nosso \u201cpadr\u00e3o de beleza\u201d?","og_description":"Como mulheres cat\u00f3licas, o que podemos refletir sobre a rela\u00e7\u00e3o com o pr\u00f3prio corpo e a apar\u00eancia ao longo dos anos","og_url":"https:\/\/schoenstatt.com\/pt-pt\/aparencia-feminina-qual-nosso-padrao-de-beleza\/","og_site_name":"Schoenstatt","article_published_time":"2022-04-20T08:00:20+00:00","article_modified_time":"2025-05-16T01:14:38+00:00","og_image":[{"width":1920,"height":1280,"url":"https:\/\/schoenstatt.com\/wp-content\/uploads\/2022\/04\/cosmetics-g23f297c3a_1920-1.jpg","type":"image\/jpeg"}],"author":"Vanessa Franke","twitter_card":"summary_large_image","twitter_misc":{"Escrito por":"Vanessa Franke","Tempo estimado de leitura":"5 minutos"},"schema":{"@context":"https:\/\/schema.org","@graph":[{"@type":"Article","@id":"https:\/\/schoenstatt.com\/pt-pt\/aparencia-feminina-qual-nosso-padrao-de-beleza\/#article","isPartOf":{"@id":"https:\/\/schoenstatt.com\/pt-pt\/aparencia-feminina-qual-nosso-padrao-de-beleza\/"},"author":{"name":"Vanessa Franke","@id":"https:\/\/schoenstatt.com\/pt-pt\/#\/schema\/person\/ea97a60c723e21c923e2177f0f3163f7"},"headline":"Apar\u00eancia feminina: Qual nosso \u201cpadr\u00e3o de beleza\u201d?","datePublished":"2022-04-20T08:00:20+00:00","dateModified":"2025-05-16T01:14:38+00:00","mainEntityOfPage":{"@id":"https:\/\/schoenstatt.com\/pt-pt\/aparencia-feminina-qual-nosso-padrao-de-beleza\/"},"wordCount":1117,"publisher":{"@id":"https:\/\/schoenstatt.com\/pt-pt\/#organization"},"image":{"@id":"https:\/\/schoenstatt.com\/pt-pt\/aparencia-feminina-qual-nosso-padrao-de-beleza\/#primaryimage"},"thumbnailUrl":"https:\/\/schoenstatt.com\/wp-content\/uploads\/2022\/04\/cosmetics-g23f297c3a_1920-1.jpg","articleSection":["Igreja","Mulher","Pe. Jos\u00e9 Kentenich"],"inLanguage":"pt-PT"},{"@type":"WebPage","@id":"https:\/\/schoenstatt.com\/pt-pt\/aparencia-feminina-qual-nosso-padrao-de-beleza\/","url":"https:\/\/schoenstatt.com\/pt-pt\/aparencia-feminina-qual-nosso-padrao-de-beleza\/","name":"Apar\u00eancia feminina: Qual nosso \u201cpadr\u00e3o de beleza\u201d? - Schoenstatt","isPartOf":{"@id":"https:\/\/schoenstatt.com\/pt-pt\/#website"},"primaryImageOfPage":{"@id":"https:\/\/schoenstatt.com\/pt-pt\/aparencia-feminina-qual-nosso-padrao-de-beleza\/#primaryimage"},"image":{"@id":"https:\/\/schoenstatt.com\/pt-pt\/aparencia-feminina-qual-nosso-padrao-de-beleza\/#primaryimage"},"thumbnailUrl":"https:\/\/schoenstatt.com\/wp-content\/uploads\/2022\/04\/cosmetics-g23f297c3a_1920-1.jpg","datePublished":"2022-04-20T08:00:20+00:00","dateModified":"2025-05-16T01:14:38+00:00","description":"Como mulheres cat\u00f3licas, o que podemos refletir sobre a rela\u00e7\u00e3o com o pr\u00f3prio corpo e a apar\u00eancia ao longo dos anos","breadcrumb":{"@id":"https:\/\/schoenstatt.com\/pt-pt\/aparencia-feminina-qual-nosso-padrao-de-beleza\/#breadcrumb"},"inLanguage":"pt-PT","potentialAction":[{"@type":"ReadAction","target":["https:\/\/schoenstatt.com\/pt-pt\/aparencia-feminina-qual-nosso-padrao-de-beleza\/"]}]},{"@type":"ImageObject","inLanguage":"pt-PT","@id":"https:\/\/schoenstatt.com\/pt-pt\/aparencia-feminina-qual-nosso-padrao-de-beleza\/#primaryimage","url":"https:\/\/schoenstatt.com\/wp-content\/uploads\/2022\/04\/cosmetics-g23f297c3a_1920-1.jpg","contentUrl":"https:\/\/schoenstatt.com\/wp-content\/uploads\/2022\/04\/cosmetics-g23f297c3a_1920-1.jpg","width":1920,"height":1280,"caption":"beleza"},{"@type":"BreadcrumbList","@id":"https:\/\/schoenstatt.com\/pt-pt\/aparencia-feminina-qual-nosso-padrao-de-beleza\/#breadcrumb","itemListElement":[{"@type":"ListItem","position":1,"name":"Portada","item":"https:\/\/schoenstatt.com\/pt-pt\/home\/"},{"@type":"ListItem","position":2,"name":"Apar\u00eancia feminina: Qual nosso \u201cpadr\u00e3o de beleza\u201d?"}]},{"@type":"WebSite","@id":"https:\/\/schoenstatt.com\/pt-pt\/#website","url":"https:\/\/schoenstatt.com\/pt-pt\/","name":"Schoenstatt","description":"Apostolic Movement","publisher":{"@id":"https:\/\/schoenstatt.com\/pt-pt\/#organization"},"potentialAction":[{"@type":"SearchAction","target":{"@type":"EntryPoint","urlTemplate":"https:\/\/schoenstatt.com\/pt-pt\/?s={search_term_string}"},"query-input":{"@type":"PropertyValueSpecification","valueRequired":true,"valueName":"search_term_string"}}],"inLanguage":"pt-PT"},{"@type":"Organization","@id":"https:\/\/schoenstatt.com\/pt-pt\/#organization","name":"Schoenstatt","url":"https:\/\/schoenstatt.com\/pt-pt\/","logo":{"@type":"ImageObject","inLanguage":"pt-PT","@id":"https:\/\/schoenstatt.com\/pt-pt\/#\/schema\/logo\/image\/","url":"https:\/\/schoenstatt.com\/wp-content\/uploads\/2025\/04\/logo-schoenstatt-white-696x696-1.png","contentUrl":"https:\/\/schoenstatt.com\/wp-content\/uploads\/2025\/04\/logo-schoenstatt-white-696x696-1.png","width":696,"height":694,"caption":"Schoenstatt"},"image":{"@id":"https:\/\/schoenstatt.com\/pt-pt\/#\/schema\/logo\/image\/"}},{"@type":"Person","@id":"https:\/\/schoenstatt.com\/pt-pt\/#\/schema\/person\/ea97a60c723e21c923e2177f0f3163f7","name":"Vanessa Franke","image":{"@type":"ImageObject","inLanguage":"pt-PT","@id":"https:\/\/secure.gravatar.com\/avatar\/a9bcca3409928ccd3195eca11e2ccbb2e5d7c7912e9a945d4f326f81a0a5cb4a?s=96&d=mm&r=g","url":"https:\/\/secure.gravatar.com\/avatar\/a9bcca3409928ccd3195eca11e2ccbb2e5d7c7912e9a945d4f326f81a0a5cb4a?s=96&d=mm&r=g","contentUrl":"https:\/\/secure.gravatar.com\/avatar\/a9bcca3409928ccd3195eca11e2ccbb2e5d7c7912e9a945d4f326f81a0a5cb4a?s=96&d=mm&r=g","caption":"Vanessa Franke"},"url":"https:\/\/schoenstatt.com\/pt-pt\/author\/vanessa-franke\/"}]}},"_links":{"self":[{"href":"https:\/\/schoenstatt.com\/pt-pt\/wp-json\/wp\/v2\/posts\/24417","targetHints":{"allow":["GET"]}}],"collection":[{"href":"https:\/\/schoenstatt.com\/pt-pt\/wp-json\/wp\/v2\/posts"}],"about":[{"href":"https:\/\/schoenstatt.com\/pt-pt\/wp-json\/wp\/v2\/types\/post"}],"author":[{"embeddable":true,"href":"https:\/\/schoenstatt.com\/pt-pt\/wp-json\/wp\/v2\/users\/6"}],"replies":[{"embeddable":true,"href":"https:\/\/schoenstatt.com\/pt-pt\/wp-json\/wp\/v2\/comments?post=24417"}],"version-history":[{"count":1,"href":"https:\/\/schoenstatt.com\/pt-pt\/wp-json\/wp\/v2\/posts\/24417\/revisions"}],"predecessor-version":[{"id":45152,"href":"https:\/\/schoenstatt.com\/pt-pt\/wp-json\/wp\/v2\/posts\/24417\/revisions\/45152"}],"wp:featuredmedia":[{"embeddable":true,"href":"https:\/\/schoenstatt.com\/pt-pt\/wp-json\/wp\/v2\/media\/24418"}],"wp:attachment":[{"href":"https:\/\/schoenstatt.com\/pt-pt\/wp-json\/wp\/v2\/media?parent=24417"}],"wp:term":[{"taxonomy":"category","embeddable":true,"href":"https:\/\/schoenstatt.com\/pt-pt\/wp-json\/wp\/v2\/categories?post=24417"},{"taxonomy":"post_tag","embeddable":true,"href":"https:\/\/schoenstatt.com\/pt-pt\/wp-json\/wp\/v2\/tags?post=24417"}],"curies":[{"name":"wp","href":"https:\/\/api.w.org\/{rel}","templated":true}]}}