{"id":24300,"date":"2022-04-04T17:10:38","date_gmt":"2022-04-04T15:10:38","guid":{"rendered":"https:\/\/schoenstatt.com\/espiritualidade\/kisszelmenc-ein-kleines-dorf-im-einsatz\/"},"modified":"2025-05-16T02:53:03","modified_gmt":"2025-05-16T00:53:03","slug":"kissyelmenc-um-pequeno-povoado-em-acao","status":"publish","type":"post","link":"https:\/\/schoenstatt.com\/pt-pt\/kissyelmenc-um-pequeno-povoado-em-acao\/","title":{"rendered":"Kisszelmenc &#8211; um pequeno povoado em a\u00e7\u00e3o"},"content":{"rendered":"<p>Mali Selmentsi (Kisszelmenc em h\u00fangaro). Este povoado<a href=\"https:\/\/schoenstatt.com\/pt-pt\/ajuda-ucrania\/\"> ucraniano &#8211;<\/a> com 90% de seus habitantes de ascend\u00eancia h\u00fangara &#8211; \u00e9 esquecido por muitos e desconhecido pela maioria. \u00c9 um assentamento muito pequeno na fronteira entre a Ucr\u00e2nia e a Eslov\u00e1quia. At\u00e9 2006 esta aldeia vivia isolada do mundo e estava dividida em duas partes. Em 1945, durante a ocupa\u00e7\u00e3o sovi\u00e9tica, a cidade foi dividida em duas e um pequeno &#8220;Muro de Berlim&#8221; foi constru\u00eddo, impedindo que os membros da fam\u00edlia se encontrassem facilmente como antes. Uma metade pertencia \u00e0 Uni\u00e3o Sovi\u00e9tica e a outra \u00e0 Checoslov\u00e1quia. Se os familiares quisessem visit\u00e1-los, poderiam faz\u00ea-lo fazendo um desvio de 150 km, atravessando duas fronteiras e passando por um dif\u00edcil procedimento de visto.<\/p>\n<p>Em 2006, foi finalmente aberta uma passagem, que permite o tr\u00e1fego de pedestres das 7h \u00e0s 19h. Depois de muitas d\u00e9cadas, os moradores do assentamento dividido puderam voltar ao contato di\u00e1rio.<\/p>\n<p>Em 24 de fevereiro deste ano, a guerra eclodiu. Poucos dias depois, esta fronteira tornou-se uma das rotas de fuga. O povoado tem apenas algumas centenas de habitantes. De repente, foram confrontados com a realidade de que milhares de pessoas encheram as ruas da cidade para chegar ao territ\u00f3rio da Uni\u00e3o Europeia, entrando na Eslov\u00e1quia. Sob a lideran\u00e7a de J\u00f3zsef Ill\u00e1r, os habitantes de Mali Selmentsi se organizaram para ajudar os refugiados com bebidas quentes e comida. Tudo isso eles fizeram com seus pr\u00f3prios recursos. O dono de uma loja de fronteira esvaziou sua loja de dois andares e a ofereceu para aquecer refugiados, trocar beb\u00eas e abrigar aqueles que queriam descansar ou n\u00e3o podiam atravessar a fronteira. Cenas comoventes s\u00e3o comuns aqui, quando jovens m\u00e3es com seus filhos pequenos se despedem dos pais que voltam da guerra, j\u00e1 que homens em idade militar n\u00e3o podem deixar a Ucr\u00e2nia.<\/p>\n<p><img fetchpriority=\"high\" decoding=\"async\" class=\"alignnone size-large wp-image-24262\" src=\"https:\/\/schoenstatt.com\/wp-content\/uploads\/2022\/04\/image1-1024x768.jpeg\" alt=\"\" width=\"840\" height=\"630\" \/><\/p>\n<p>Os habitantes do povoado acolheram e ajudaram os refugiados durante 24 horas com muito amor e poucos recursos. O Corpo de Socorro da Ordem de Malta em Berehove, a 60 quil\u00f4metros de dist\u00e2ncia e na mesma situa\u00e7\u00e3o, ofereceu sua ajuda. Nos primeiros dias, eram necess\u00e1rios &#8220;apenas&#8221; cobertores, porque alojamento, comida e bebida podiam ser fornecidos pela cidade. Nesse meio tempo, ficou clara a import\u00e2ncia de ter uniformes adequados para os ajudantes: a popula\u00e7\u00e3o recebeu uniformes quentes, que vieram do Corpo de Socorro da Ordem de Malta na Alemanha, e assim foi estabelecida uma presen\u00e7a da Ordem na fronteira de Kisszelmenc. Sob a dire\u00e7\u00e3o de Vikt\u00f3ria Ill\u00e1r, os volunt\u00e1rios participaram diariamente do atendimento de 1.000 a 1.500 refugiados. Al\u00e9m disso, houve duas ajudas muito importantes: Em primeiro lugar, os l\u00edderes e moradores da cidade de P\u00e1ty, perto de Budapeste, assim como a comunidade cat\u00f3lica, fizeram uma importante doa\u00e7\u00e3o para ajudar os refugiados. Al\u00e9m disso, os malteses de Berehove enviavam continuamente de seu acampamento tudo o que as pessoas precisavam: roupas, alimentos, fraldas, produtos de higiene pessoal, etc. V\u00e1rios medicamentos, principalmente prepara\u00e7\u00f5es de insulina, que o munic\u00edpio de P\u00e1ty ajudou a obter, foram vendidos na \u00e1rea.<\/p>\n<p><img decoding=\"async\" class=\"alignnone size-large wp-image-24270\" src=\"https:\/\/schoenstatt.com\/wp-content\/uploads\/2022\/04\/image3-1024x768.jpeg\" alt=\"\" width=\"840\" height=\"630\" \/><\/p>\n<p>No lado eslovaco da fronteira, \u00f4nibus organizados pelo prefeito da cidade vizinha de <a href=\"https:\/\/www.wikiwand.com\/pt\/Ve%C4%BEk%C3%A9_Kapu%C5%A1any\">Velke Kapusany (Nagykapos)<\/a> esperavam para levar os refugiados para um lugar quente e seguro e ajud\u00e1-los a chegar ao seu destino.<br \/>\nOs volunt\u00e1rios continuam a trabalhar constantemente nesta fronteira. Dezenas de milhares de pessoas a atravessaram desde o in\u00edcio da guerra. Nos \u00faltimos dias, a onda de refugiados diminuiu, normalmente apenas algumas centenas de refugiados chegam \u00e0 noite. A fronteira est\u00e1 um pouco mais tranquila agora, mas quem sabe por quanto tempo.<\/p>\n<p><img decoding=\"async\" class=\"alignnone size-large wp-image-24274\" src=\"https:\/\/schoenstatt.com\/wp-content\/uploads\/2022\/04\/image4-1024x768.jpeg\" alt=\"\" width=\"840\" height=\"630\" \/><\/p>\n","protected":false},"excerpt":{"rendered":"<p>Poucos dias ap\u00f3s a eclos\u00e3o da guerra na Ucr\u00e2nia, Kisszelmenc tornou-se uma das rotas de fuga. A cidade tem apenas algumas centenas de habitantes. Durante a noite eles descobriram que milhares de pessoas estavam nas ruas tentando entrar no territ\u00f3rio da Uni\u00e3o Europeia. O povo se uniu para ajud\u00e1-los.<\/p>\n","protected":false},"author":6,"featured_media":24264,"comment_status":"closed","ping_status":"closed","sticky":false,"template":"","format":"standard","meta":{"footnotes":""},"categories":[869,912],"tags":[],"class_list":["post-24300","post","type-post","status-publish","format-standard","has-post-thumbnail","hentry","category-paises-pt-pt","category-sociedade-pt-pt"],"yoast_head":"<!-- This site is optimized with the Yoast SEO Premium plugin v27.4 (Yoast SEO v27.5) - https:\/\/yoast.com\/product\/yoast-seo-premium-wordpress\/ -->\n<title>Kisszelmenc - um pequeno povoado em a\u00e7\u00e3o - Schoenstatt<\/title>\n<meta name=\"description\" content=\"A este pequeno povoado na Ucr\u00e2nia, milhares de refugiados chegam para entrar na Uni\u00e3o Europeia. Os moradores se ofereceram para ajudar\" \/>\n<meta name=\"robots\" content=\"index, follow, max-snippet:-1, max-image-preview:large, max-video-preview:-1\" \/>\n<link rel=\"canonical\" href=\"https:\/\/schoenstatt.com\/pt-pt\/kissyelmenc-um-pequeno-povoado-em-acao\/\" \/>\n<meta property=\"og:locale\" content=\"pt_PT\" \/>\n<meta property=\"og:type\" content=\"article\" \/>\n<meta property=\"og:title\" content=\"Kisszelmenc - um pequeno povoado em a\u00e7\u00e3o\" \/>\n<meta property=\"og:description\" content=\"A este pequeno povoado na Ucr\u00e2nia, milhares de refugiados chegam para entrar na Uni\u00e3o Europeia. Os moradores se ofereceram para ajudar\" \/>\n<meta property=\"og:url\" content=\"https:\/\/schoenstatt.com\/pt-pt\/kissyelmenc-um-pequeno-povoado-em-acao\/\" \/>\n<meta property=\"og:site_name\" content=\"Schoenstatt\" \/>\n<meta property=\"article:published_time\" content=\"2022-04-04T15:10:38+00:00\" \/>\n<meta property=\"article:modified_time\" content=\"2025-05-16T00:53:03+00:00\" \/>\n<meta property=\"og:image\" content=\"https:\/\/schoenstatt.com\/wp-content\/uploads\/2022\/04\/image2-1.jpeg\" \/>\n\t<meta property=\"og:image:width\" content=\"2016\" \/>\n\t<meta property=\"og:image:height\" content=\"1512\" \/>\n\t<meta property=\"og:image:type\" content=\"image\/jpeg\" \/>\n<meta name=\"author\" content=\"Vanessa Franke\" \/>\n<meta name=\"twitter:card\" content=\"summary_large_image\" \/>\n<meta name=\"twitter:label1\" content=\"Escrito por\" \/>\n\t<meta name=\"twitter:data1\" content=\"Vanessa Franke\" \/>\n\t<meta name=\"twitter:label2\" content=\"Tempo estimado de leitura\" \/>\n\t<meta name=\"twitter:data2\" content=\"4 minutos\" \/>\n<script type=\"application\/ld+json\" class=\"yoast-schema-graph\">{\"@context\":\"https:\\\/\\\/schema.org\",\"@graph\":[{\"@type\":\"Article\",\"@id\":\"https:\\\/\\\/schoenstatt.com\\\/pt-pt\\\/kissyelmenc-um-pequeno-povoado-em-acao\\\/#article\",\"isPartOf\":{\"@id\":\"https:\\\/\\\/schoenstatt.com\\\/pt-pt\\\/kissyelmenc-um-pequeno-povoado-em-acao\\\/\"},\"author\":{\"name\":\"Vanessa Franke\",\"@id\":\"https:\\\/\\\/schoenstatt.com\\\/pt-pt\\\/#\\\/schema\\\/person\\\/ea97a60c723e21c923e2177f0f3163f7\"},\"headline\":\"Kisszelmenc &#8211; um pequeno povoado em a\u00e7\u00e3o\",\"datePublished\":\"2022-04-04T15:10:38+00:00\",\"dateModified\":\"2025-05-16T00:53:03+00:00\",\"mainEntityOfPage\":{\"@id\":\"https:\\\/\\\/schoenstatt.com\\\/pt-pt\\\/kissyelmenc-um-pequeno-povoado-em-acao\\\/\"},\"wordCount\":626,\"publisher\":{\"@id\":\"https:\\\/\\\/schoenstatt.com\\\/pt-pt\\\/#organization\"},\"image\":{\"@id\":\"https:\\\/\\\/schoenstatt.com\\\/pt-pt\\\/kissyelmenc-um-pequeno-povoado-em-acao\\\/#primaryimage\"},\"thumbnailUrl\":\"https:\\\/\\\/schoenstatt.com\\\/wp-content\\\/uploads\\\/2022\\\/04\\\/image2-1.jpeg\",\"articleSection\":[\"Pa\u00edses\",\"Sociedade\"],\"inLanguage\":\"pt-PT\"},{\"@type\":\"WebPage\",\"@id\":\"https:\\\/\\\/schoenstatt.com\\\/pt-pt\\\/kissyelmenc-um-pequeno-povoado-em-acao\\\/\",\"url\":\"https:\\\/\\\/schoenstatt.com\\\/pt-pt\\\/kissyelmenc-um-pequeno-povoado-em-acao\\\/\",\"name\":\"Kisszelmenc - um pequeno povoado em a\u00e7\u00e3o - Schoenstatt\",\"isPartOf\":{\"@id\":\"https:\\\/\\\/schoenstatt.com\\\/pt-pt\\\/#website\"},\"primaryImageOfPage\":{\"@id\":\"https:\\\/\\\/schoenstatt.com\\\/pt-pt\\\/kissyelmenc-um-pequeno-povoado-em-acao\\\/#primaryimage\"},\"image\":{\"@id\":\"https:\\\/\\\/schoenstatt.com\\\/pt-pt\\\/kissyelmenc-um-pequeno-povoado-em-acao\\\/#primaryimage\"},\"thumbnailUrl\":\"https:\\\/\\\/schoenstatt.com\\\/wp-content\\\/uploads\\\/2022\\\/04\\\/image2-1.jpeg\",\"datePublished\":\"2022-04-04T15:10:38+00:00\",\"dateModified\":\"2025-05-16T00:53:03+00:00\",\"description\":\"A este pequeno povoado na Ucr\u00e2nia, milhares de refugiados chegam para entrar na Uni\u00e3o Europeia. Os moradores se ofereceram para ajudar\",\"breadcrumb\":{\"@id\":\"https:\\\/\\\/schoenstatt.com\\\/pt-pt\\\/kissyelmenc-um-pequeno-povoado-em-acao\\\/#breadcrumb\"},\"inLanguage\":\"pt-PT\",\"potentialAction\":[{\"@type\":\"ReadAction\",\"target\":[\"https:\\\/\\\/schoenstatt.com\\\/pt-pt\\\/kissyelmenc-um-pequeno-povoado-em-acao\\\/\"]}]},{\"@type\":\"ImageObject\",\"inLanguage\":\"pt-PT\",\"@id\":\"https:\\\/\\\/schoenstatt.com\\\/pt-pt\\\/kissyelmenc-um-pequeno-povoado-em-acao\\\/#primaryimage\",\"url\":\"https:\\\/\\\/schoenstatt.com\\\/wp-content\\\/uploads\\\/2022\\\/04\\\/image2-1.jpeg\",\"contentUrl\":\"https:\\\/\\\/schoenstatt.com\\\/wp-content\\\/uploads\\\/2022\\\/04\\\/image2-1.jpeg\",\"width\":2016,\"height\":1512,\"caption\":\"Dorf im Einsatz\"},{\"@type\":\"BreadcrumbList\",\"@id\":\"https:\\\/\\\/schoenstatt.com\\\/pt-pt\\\/kissyelmenc-um-pequeno-povoado-em-acao\\\/#breadcrumb\",\"itemListElement\":[{\"@type\":\"ListItem\",\"position\":1,\"name\":\"Portada\",\"item\":\"https:\\\/\\\/schoenstatt.com\\\/pt-pt\\\/home\\\/\"},{\"@type\":\"ListItem\",\"position\":2,\"name\":\"Kisszelmenc &#8211; um pequeno povoado em a\u00e7\u00e3o\"}]},{\"@type\":\"WebSite\",\"@id\":\"https:\\\/\\\/schoenstatt.com\\\/pt-pt\\\/#website\",\"url\":\"https:\\\/\\\/schoenstatt.com\\\/pt-pt\\\/\",\"name\":\"Schoenstatt\",\"description\":\"Apostolic Movement\",\"publisher\":{\"@id\":\"https:\\\/\\\/schoenstatt.com\\\/pt-pt\\\/#organization\"},\"potentialAction\":[{\"@type\":\"SearchAction\",\"target\":{\"@type\":\"EntryPoint\",\"urlTemplate\":\"https:\\\/\\\/schoenstatt.com\\\/pt-pt\\\/?s={search_term_string}\"},\"query-input\":{\"@type\":\"PropertyValueSpecification\",\"valueRequired\":true,\"valueName\":\"search_term_string\"}}],\"inLanguage\":\"pt-PT\"},{\"@type\":\"Organization\",\"@id\":\"https:\\\/\\\/schoenstatt.com\\\/pt-pt\\\/#organization\",\"name\":\"Schoenstatt\",\"url\":\"https:\\\/\\\/schoenstatt.com\\\/pt-pt\\\/\",\"logo\":{\"@type\":\"ImageObject\",\"inLanguage\":\"pt-PT\",\"@id\":\"https:\\\/\\\/schoenstatt.com\\\/pt-pt\\\/#\\\/schema\\\/logo\\\/image\\\/\",\"url\":\"https:\\\/\\\/schoenstatt.com\\\/wp-content\\\/uploads\\\/2025\\\/04\\\/logo-schoenstatt-white-696x696-1.png\",\"contentUrl\":\"https:\\\/\\\/schoenstatt.com\\\/wp-content\\\/uploads\\\/2025\\\/04\\\/logo-schoenstatt-white-696x696-1.png\",\"width\":696,\"height\":694,\"caption\":\"Schoenstatt\"},\"image\":{\"@id\":\"https:\\\/\\\/schoenstatt.com\\\/pt-pt\\\/#\\\/schema\\\/logo\\\/image\\\/\"}},{\"@type\":\"Person\",\"@id\":\"https:\\\/\\\/schoenstatt.com\\\/pt-pt\\\/#\\\/schema\\\/person\\\/ea97a60c723e21c923e2177f0f3163f7\",\"name\":\"Vanessa Franke\",\"image\":{\"@type\":\"ImageObject\",\"inLanguage\":\"pt-PT\",\"@id\":\"https:\\\/\\\/secure.gravatar.com\\\/avatar\\\/a9bcca3409928ccd3195eca11e2ccbb2e5d7c7912e9a945d4f326f81a0a5cb4a?s=96&d=mm&r=g\",\"url\":\"https:\\\/\\\/secure.gravatar.com\\\/avatar\\\/a9bcca3409928ccd3195eca11e2ccbb2e5d7c7912e9a945d4f326f81a0a5cb4a?s=96&d=mm&r=g\",\"contentUrl\":\"https:\\\/\\\/secure.gravatar.com\\\/avatar\\\/a9bcca3409928ccd3195eca11e2ccbb2e5d7c7912e9a945d4f326f81a0a5cb4a?s=96&d=mm&r=g\",\"caption\":\"Vanessa Franke\"},\"url\":\"https:\\\/\\\/schoenstatt.com\\\/pt-pt\\\/author\\\/vanessa-franke\\\/\"}]}<\/script>\n<!-- \/ Yoast SEO Premium plugin. -->","yoast_head_json":{"title":"Kisszelmenc - um pequeno povoado em a\u00e7\u00e3o - Schoenstatt","description":"A este pequeno povoado na Ucr\u00e2nia, milhares de refugiados chegam para entrar na Uni\u00e3o Europeia. Os moradores se ofereceram para ajudar","robots":{"index":"index","follow":"follow","max-snippet":"max-snippet:-1","max-image-preview":"max-image-preview:large","max-video-preview":"max-video-preview:-1"},"canonical":"https:\/\/schoenstatt.com\/pt-pt\/kissyelmenc-um-pequeno-povoado-em-acao\/","og_locale":"pt_PT","og_type":"article","og_title":"Kisszelmenc - um pequeno povoado em a\u00e7\u00e3o","og_description":"A este pequeno povoado na Ucr\u00e2nia, milhares de refugiados chegam para entrar na Uni\u00e3o Europeia. Os moradores se ofereceram para ajudar","og_url":"https:\/\/schoenstatt.com\/pt-pt\/kissyelmenc-um-pequeno-povoado-em-acao\/","og_site_name":"Schoenstatt","article_published_time":"2022-04-04T15:10:38+00:00","article_modified_time":"2025-05-16T00:53:03+00:00","og_image":[{"width":2016,"height":1512,"url":"https:\/\/schoenstatt.com\/wp-content\/uploads\/2022\/04\/image2-1.jpeg","type":"image\/jpeg"}],"author":"Vanessa Franke","twitter_card":"summary_large_image","twitter_misc":{"Escrito por":"Vanessa Franke","Tempo estimado de leitura":"4 minutos"},"schema":{"@context":"https:\/\/schema.org","@graph":[{"@type":"Article","@id":"https:\/\/schoenstatt.com\/pt-pt\/kissyelmenc-um-pequeno-povoado-em-acao\/#article","isPartOf":{"@id":"https:\/\/schoenstatt.com\/pt-pt\/kissyelmenc-um-pequeno-povoado-em-acao\/"},"author":{"name":"Vanessa Franke","@id":"https:\/\/schoenstatt.com\/pt-pt\/#\/schema\/person\/ea97a60c723e21c923e2177f0f3163f7"},"headline":"Kisszelmenc &#8211; um pequeno povoado em a\u00e7\u00e3o","datePublished":"2022-04-04T15:10:38+00:00","dateModified":"2025-05-16T00:53:03+00:00","mainEntityOfPage":{"@id":"https:\/\/schoenstatt.com\/pt-pt\/kissyelmenc-um-pequeno-povoado-em-acao\/"},"wordCount":626,"publisher":{"@id":"https:\/\/schoenstatt.com\/pt-pt\/#organization"},"image":{"@id":"https:\/\/schoenstatt.com\/pt-pt\/kissyelmenc-um-pequeno-povoado-em-acao\/#primaryimage"},"thumbnailUrl":"https:\/\/schoenstatt.com\/wp-content\/uploads\/2022\/04\/image2-1.jpeg","articleSection":["Pa\u00edses","Sociedade"],"inLanguage":"pt-PT"},{"@type":"WebPage","@id":"https:\/\/schoenstatt.com\/pt-pt\/kissyelmenc-um-pequeno-povoado-em-acao\/","url":"https:\/\/schoenstatt.com\/pt-pt\/kissyelmenc-um-pequeno-povoado-em-acao\/","name":"Kisszelmenc - um pequeno povoado em a\u00e7\u00e3o - Schoenstatt","isPartOf":{"@id":"https:\/\/schoenstatt.com\/pt-pt\/#website"},"primaryImageOfPage":{"@id":"https:\/\/schoenstatt.com\/pt-pt\/kissyelmenc-um-pequeno-povoado-em-acao\/#primaryimage"},"image":{"@id":"https:\/\/schoenstatt.com\/pt-pt\/kissyelmenc-um-pequeno-povoado-em-acao\/#primaryimage"},"thumbnailUrl":"https:\/\/schoenstatt.com\/wp-content\/uploads\/2022\/04\/image2-1.jpeg","datePublished":"2022-04-04T15:10:38+00:00","dateModified":"2025-05-16T00:53:03+00:00","description":"A este pequeno povoado na Ucr\u00e2nia, milhares de refugiados chegam para entrar na Uni\u00e3o Europeia. Os moradores se ofereceram para ajudar","breadcrumb":{"@id":"https:\/\/schoenstatt.com\/pt-pt\/kissyelmenc-um-pequeno-povoado-em-acao\/#breadcrumb"},"inLanguage":"pt-PT","potentialAction":[{"@type":"ReadAction","target":["https:\/\/schoenstatt.com\/pt-pt\/kissyelmenc-um-pequeno-povoado-em-acao\/"]}]},{"@type":"ImageObject","inLanguage":"pt-PT","@id":"https:\/\/schoenstatt.com\/pt-pt\/kissyelmenc-um-pequeno-povoado-em-acao\/#primaryimage","url":"https:\/\/schoenstatt.com\/wp-content\/uploads\/2022\/04\/image2-1.jpeg","contentUrl":"https:\/\/schoenstatt.com\/wp-content\/uploads\/2022\/04\/image2-1.jpeg","width":2016,"height":1512,"caption":"Dorf im Einsatz"},{"@type":"BreadcrumbList","@id":"https:\/\/schoenstatt.com\/pt-pt\/kissyelmenc-um-pequeno-povoado-em-acao\/#breadcrumb","itemListElement":[{"@type":"ListItem","position":1,"name":"Portada","item":"https:\/\/schoenstatt.com\/pt-pt\/home\/"},{"@type":"ListItem","position":2,"name":"Kisszelmenc &#8211; um pequeno povoado em a\u00e7\u00e3o"}]},{"@type":"WebSite","@id":"https:\/\/schoenstatt.com\/pt-pt\/#website","url":"https:\/\/schoenstatt.com\/pt-pt\/","name":"Schoenstatt","description":"Apostolic Movement","publisher":{"@id":"https:\/\/schoenstatt.com\/pt-pt\/#organization"},"potentialAction":[{"@type":"SearchAction","target":{"@type":"EntryPoint","urlTemplate":"https:\/\/schoenstatt.com\/pt-pt\/?s={search_term_string}"},"query-input":{"@type":"PropertyValueSpecification","valueRequired":true,"valueName":"search_term_string"}}],"inLanguage":"pt-PT"},{"@type":"Organization","@id":"https:\/\/schoenstatt.com\/pt-pt\/#organization","name":"Schoenstatt","url":"https:\/\/schoenstatt.com\/pt-pt\/","logo":{"@type":"ImageObject","inLanguage":"pt-PT","@id":"https:\/\/schoenstatt.com\/pt-pt\/#\/schema\/logo\/image\/","url":"https:\/\/schoenstatt.com\/wp-content\/uploads\/2025\/04\/logo-schoenstatt-white-696x696-1.png","contentUrl":"https:\/\/schoenstatt.com\/wp-content\/uploads\/2025\/04\/logo-schoenstatt-white-696x696-1.png","width":696,"height":694,"caption":"Schoenstatt"},"image":{"@id":"https:\/\/schoenstatt.com\/pt-pt\/#\/schema\/logo\/image\/"}},{"@type":"Person","@id":"https:\/\/schoenstatt.com\/pt-pt\/#\/schema\/person\/ea97a60c723e21c923e2177f0f3163f7","name":"Vanessa Franke","image":{"@type":"ImageObject","inLanguage":"pt-PT","@id":"https:\/\/secure.gravatar.com\/avatar\/a9bcca3409928ccd3195eca11e2ccbb2e5d7c7912e9a945d4f326f81a0a5cb4a?s=96&d=mm&r=g","url":"https:\/\/secure.gravatar.com\/avatar\/a9bcca3409928ccd3195eca11e2ccbb2e5d7c7912e9a945d4f326f81a0a5cb4a?s=96&d=mm&r=g","contentUrl":"https:\/\/secure.gravatar.com\/avatar\/a9bcca3409928ccd3195eca11e2ccbb2e5d7c7912e9a945d4f326f81a0a5cb4a?s=96&d=mm&r=g","caption":"Vanessa Franke"},"url":"https:\/\/schoenstatt.com\/pt-pt\/author\/vanessa-franke\/"}]}},"_links":{"self":[{"href":"https:\/\/schoenstatt.com\/pt-pt\/wp-json\/wp\/v2\/posts\/24300","targetHints":{"allow":["GET"]}}],"collection":[{"href":"https:\/\/schoenstatt.com\/pt-pt\/wp-json\/wp\/v2\/posts"}],"about":[{"href":"https:\/\/schoenstatt.com\/pt-pt\/wp-json\/wp\/v2\/types\/post"}],"author":[{"embeddable":true,"href":"https:\/\/schoenstatt.com\/pt-pt\/wp-json\/wp\/v2\/users\/6"}],"replies":[{"embeddable":true,"href":"https:\/\/schoenstatt.com\/pt-pt\/wp-json\/wp\/v2\/comments?post=24300"}],"version-history":[{"count":1,"href":"https:\/\/schoenstatt.com\/pt-pt\/wp-json\/wp\/v2\/posts\/24300\/revisions"}],"predecessor-version":[{"id":45118,"href":"https:\/\/schoenstatt.com\/pt-pt\/wp-json\/wp\/v2\/posts\/24300\/revisions\/45118"}],"wp:featuredmedia":[{"embeddable":true,"href":"https:\/\/schoenstatt.com\/pt-pt\/wp-json\/wp\/v2\/media\/24264"}],"wp:attachment":[{"href":"https:\/\/schoenstatt.com\/pt-pt\/wp-json\/wp\/v2\/media?parent=24300"}],"wp:term":[{"taxonomy":"category","embeddable":true,"href":"https:\/\/schoenstatt.com\/pt-pt\/wp-json\/wp\/v2\/categories?post=24300"},{"taxonomy":"post_tag","embeddable":true,"href":"https:\/\/schoenstatt.com\/pt-pt\/wp-json\/wp\/v2\/tags?post=24300"}],"curies":[{"name":"wp","href":"https:\/\/api.w.org\/{rel}","templated":true}]}}