{"id":24297,"date":"2022-03-28T20:25:40","date_gmt":"2022-03-28T18:25:40","guid":{"rendered":"https:\/\/schoenstatt.com\/espiritualidade\/centros-de-schoenstatt-en-polonia-necesitan-ayuda-para-refugiados-de-ucrania\/"},"modified":"2025-05-16T02:53:04","modified_gmt":"2025-05-16T00:53:04","slug":"centros-de-schoenstatt-na-polonia-precisam-de-ajuda-para-refugiados-da-ucrania","status":"publish","type":"post","link":"https:\/\/schoenstatt.com\/pt-pt\/centros-de-schoenstatt-na-polonia-precisam-de-ajuda-para-refugiados-da-ucrania\/","title":{"rendered":"Centros de Schoenstatt na Pol\u00f4nia precisam de ajuda para refugiados da Ucr\u00e2nia"},"content":{"rendered":"<h3>Padres e Irm\u00e3s abrem suas portas<\/h3>\n<p>Diante da situa\u00e7\u00e3o catastr\u00f3fica na Ucr\u00e2nia devido \u00e0 invas\u00e3o da R\u00fassia, milh\u00f5es buscaram ref\u00fagio em outros pa\u00edses, incluindo a Pol\u00f4nia. L\u00e1 os Padres de Schoenstatt e as Irm\u00e3s de Maria <a href=\"https:\/\/schoenstatt.com\/pt-pt\/igreja\/o-movimento-de-schoenstatt-polones-abre-suas-casas-para-refugiados-de-guerra\/\">abrem suas casas<\/a> para acolher aqueles que tiveram que deixar seus lares e entes queridos praticamente sem nada.<\/p>\n<p>Muitos precisam ficar alguns dias para se recuperar e continuar a caminho at\u00e9 a casa de parentes, tanto na Pol\u00f4nia quanto em outros pa\u00edses da Europa. Outros n\u00e3o t\u00eam para onde ir e, por enquanto, ficam alojados nas casas onde recebem calorosa acolhida, abrigo, comida, um lugar para dormir.<\/p>\n<p>&nbsp;<\/p>\n<p><img fetchpriority=\"high\" decoding=\"async\" class=\"aligncenter wp-image-24198 size-full\" src=\"https:\/\/schoenstatt.com\/wp-content\/uploads\/2022\/03\/Ucranianos-con-los-Padres-en-Polonia-3.png\" alt=\"\" width=\"661\" height=\"791\" \/><\/p>\n<p>O Pe. Arkaiusz Sona, membro dos Padres de Schoenstatt, relata que 15 refugiados passaram pela casa do Instituto Nossa Senhora de Schoenstatt. Quinze pessoas que j\u00e1 partiram estiveram na casa dos Padres de Schoenstatt em Vars\u00f3via, e outras 15 ainda permanecem, entre as quais uma mulher gr\u00e1vida, que dar\u00e1 \u00e0 luz ali mesmo no m\u00eas de maio.<\/p>\n<p>Por sua vez, as Irm\u00e3s de Maria em sua Casa Provincial, nos arredores de Vars\u00f3via, atenderam um total de 50 pessoas, das quais 25 refugiados est\u00e3o ainda nesta casa e recebem todo tipo de assist\u00eancia. As Irm\u00e3s t\u00eam outras tr\u00eas casas, em Bromberg, em Koszalin, junto ao mar B\u00e1ltico, e em Zakopane, na fronteira com a Eslov\u00e1quia. Cerca de 100 pessoas passaram por esses tr\u00eas centros, recebendo hospedagem e ajuda integral.<\/p>\n<p><img decoding=\"async\" class=\"aligncenter wp-image-24202 size-full\" src=\"https:\/\/schoenstatt.com\/wp-content\/uploads\/2022\/03\/Ucranianos-con-los-Padres-en-Polonia-4.jpeg\" alt=\"\" width=\"768\" height=\"1024\" \/><\/p>\n<h3>O que est\u00e3o precisando e como colaborar<\/h3>\n<p>Os refugiados que chegam \u00e0s casas de Schoenstatt na Pol\u00f4nia precisam literalmente de tudo, pois tiveram que deixar todos os seus pertences em seus lares. As comunidades lhes fornecem um lugar decente para dormir, roupas, comida e aquecimento, que tem um custo alto. Eles tamb\u00e9m s\u00e3o ajudados com uma quantia em dinheiro, para que possam avan\u00e7ar em sua jornada.<\/p>\n<p>Schoenstatt Internacional abriu um caminho para oferecer doa\u00e7\u00f5es tanto aos Padres como \u00e0s Irm\u00e3s. Em <a href=\"http:\/\/www.schoenstatt.com\">www.schoenstatt.com<\/a> h\u00e1 um bot\u00e3o no topo que diz \u201cSOS Ucr\u00e2nia \u2013 Doe\u201d. A partir da\u00ed voc\u00ea pode ir diretamente para a plataforma Donorbox de Schoenstatt Internacional, de onde as doa\u00e7\u00f5es ir\u00e3o diretamente para a conta das Irm\u00e3s ou dos Padres, conforme a escolha do interessado.<\/p>\n<p>Clicando em \u201cPor meio das Irm\u00e3s de Maria\u201d e \u201cPor meio dos Padres de Schoenstatt\u201d, \u00e9 poss\u00edvel ver como est\u00e1 o andamento da campanha em cada uma das contas.<\/p>\n<p>Em situa\u00e7\u00f5es t\u00e3o terr\u00edveis para tantas pessoas, poder colaborar a partir das possibilidades de cada um \u00e9 uma satisfa\u00e7\u00e3o e uma ben\u00e7\u00e3o. Os canais est\u00e3o abertos. E concretamente, pessoas poder\u00e3o comer, vestir-se, viajar para seus destinos, em meio \u00e0 suas ang\u00fastias existenciais. Um carinho de Deus no meio de tanta dor.<\/p>\n<p>As doa\u00e7\u00f5es podem ser feitas atrav\u00e9s deste link:<a href=\"https:\/\/schoenstatt.com\/es\/ayuda-ucrania\/\"> https:\/\/schoenstatt.com\/es\/ayuda-ucrania\/\u00a0<\/a><\/p>\n<p><img decoding=\"async\" class=\"aligncenter wp-image-24206 size-full\" src=\"https:\/\/schoenstatt.com\/wp-content\/uploads\/2022\/03\/Ucranianos-con-los-Padres-en-Polonia-5.jpeg\" alt=\"\" width=\"768\" height=\"1024\" \/><\/p>\n","protected":false},"excerpt":{"rendered":"<p>V\u00e1rios centros dos Padres e Irm\u00e3s de Schoenstatt na Pol\u00f4nia abrem suas portas aos refugiados da Ucr\u00e2nia que fogem da guerra.<\/p>\n","protected":false},"author":3,"featured_media":24191,"comment_status":"closed","ping_status":"closed","sticky":false,"template":"","format":"standard","meta":{"footnotes":""},"categories":[912],"tags":[],"class_list":["post-24297","post","type-post","status-publish","format-standard","has-post-thumbnail","hentry","category-sociedade-pt-pt"],"yoast_head":"<!-- This site is optimized with the Yoast SEO Premium plugin v27.4 (Yoast SEO v27.4) - https:\/\/yoast.com\/product\/yoast-seo-premium-wordpress\/ -->\n<title>Centros de Schoenstatt na Pol\u00f4nia precisam de ajuda para refugiados da Ucr\u00e2nia<\/title>\n<meta name=\"description\" content=\"Irm\u00e3s, Padres e Senhoras de Schoenstatt abrem suas casas na Pol\u00f4nia para atender aos refugiados que v\u00eam da Ucr\u00e2nia.\" \/>\n<meta name=\"robots\" content=\"index, follow, max-snippet:-1, max-image-preview:large, max-video-preview:-1\" \/>\n<link rel=\"canonical\" href=\"https:\/\/schoenstatt.com\/pt-pt\/centros-de-schoenstatt-na-polonia-precisam-de-ajuda-para-refugiados-da-ucrania\/\" \/>\n<meta property=\"og:locale\" content=\"pt_PT\" \/>\n<meta property=\"og:type\" content=\"article\" \/>\n<meta property=\"og:title\" content=\"Centros de Schoenstatt na Pol\u00f4nia precisam de ajuda para refugiados da Ucr\u00e2nia\" \/>\n<meta property=\"og:description\" content=\"Irm\u00e3s, Padres e Senhoras de Schoenstatt abrem suas casas na Pol\u00f4nia para atender aos refugiados que v\u00eam da Ucr\u00e2nia.\" \/>\n<meta property=\"og:url\" content=\"https:\/\/schoenstatt.com\/pt-pt\/centros-de-schoenstatt-na-polonia-precisam-de-ajuda-para-refugiados-da-ucrania\/\" \/>\n<meta property=\"og:site_name\" content=\"Schoenstatt\" \/>\n<meta property=\"article:published_time\" content=\"2022-03-28T18:25:40+00:00\" \/>\n<meta property=\"article:modified_time\" content=\"2025-05-16T00:53:04+00:00\" \/>\n<meta property=\"og:image\" content=\"https:\/\/schoenstatt.com\/wp-content\/uploads\/2022\/03\/Ucranianos-con-los-Padres-en-Polonia-6-1.jpeg\" \/>\n\t<meta property=\"og:image:width\" content=\"1024\" \/>\n\t<meta property=\"og:image:height\" content=\"768\" \/>\n\t<meta property=\"og:image:type\" content=\"image\/jpeg\" \/>\n<meta name=\"author\" content=\"Karen Bueno\" \/>\n<meta name=\"twitter:card\" content=\"summary_large_image\" \/>\n<meta name=\"twitter:label1\" content=\"Escrito por\" \/>\n\t<meta name=\"twitter:data1\" content=\"Karen Bueno\" \/>\n\t<meta name=\"twitter:label2\" content=\"Tempo estimado de leitura\" \/>\n\t<meta name=\"twitter:data2\" content=\"3 minutos\" \/>\n<script type=\"application\/ld+json\" class=\"yoast-schema-graph\">{\"@context\":\"https:\\\/\\\/schema.org\",\"@graph\":[{\"@type\":\"Article\",\"@id\":\"https:\\\/\\\/schoenstatt.com\\\/pt-pt\\\/centros-de-schoenstatt-na-polonia-precisam-de-ajuda-para-refugiados-da-ucrania\\\/#article\",\"isPartOf\":{\"@id\":\"https:\\\/\\\/schoenstatt.com\\\/pt-pt\\\/centros-de-schoenstatt-na-polonia-precisam-de-ajuda-para-refugiados-da-ucrania\\\/\"},\"author\":{\"name\":\"Karen Bueno\",\"@id\":\"https:\\\/\\\/schoenstatt.com\\\/pt-pt\\\/#\\\/schema\\\/person\\\/5158877ad4acae98b34daaeef2a1ce6e\"},\"headline\":\"Centros de Schoenstatt na Pol\u00f4nia precisam de ajuda para refugiados da Ucr\u00e2nia\",\"datePublished\":\"2022-03-28T18:25:40+00:00\",\"dateModified\":\"2025-05-16T00:53:04+00:00\",\"mainEntityOfPage\":{\"@id\":\"https:\\\/\\\/schoenstatt.com\\\/pt-pt\\\/centros-de-schoenstatt-na-polonia-precisam-de-ajuda-para-refugiados-da-ucrania\\\/\"},\"wordCount\":508,\"publisher\":{\"@id\":\"https:\\\/\\\/schoenstatt.com\\\/pt-pt\\\/#organization\"},\"image\":{\"@id\":\"https:\\\/\\\/schoenstatt.com\\\/pt-pt\\\/centros-de-schoenstatt-na-polonia-precisam-de-ajuda-para-refugiados-da-ucrania\\\/#primaryimage\"},\"thumbnailUrl\":\"https:\\\/\\\/schoenstatt.com\\\/wp-content\\\/uploads\\\/2022\\\/03\\\/Ucranianos-con-los-Padres-en-Polonia-6-1.jpeg\",\"articleSection\":[\"Sociedade\"],\"inLanguage\":\"pt-PT\"},{\"@type\":\"WebPage\",\"@id\":\"https:\\\/\\\/schoenstatt.com\\\/pt-pt\\\/centros-de-schoenstatt-na-polonia-precisam-de-ajuda-para-refugiados-da-ucrania\\\/\",\"url\":\"https:\\\/\\\/schoenstatt.com\\\/pt-pt\\\/centros-de-schoenstatt-na-polonia-precisam-de-ajuda-para-refugiados-da-ucrania\\\/\",\"name\":\"Centros de Schoenstatt na Pol\u00f4nia precisam de ajuda para refugiados da Ucr\u00e2nia\",\"isPartOf\":{\"@id\":\"https:\\\/\\\/schoenstatt.com\\\/pt-pt\\\/#website\"},\"primaryImageOfPage\":{\"@id\":\"https:\\\/\\\/schoenstatt.com\\\/pt-pt\\\/centros-de-schoenstatt-na-polonia-precisam-de-ajuda-para-refugiados-da-ucrania\\\/#primaryimage\"},\"image\":{\"@id\":\"https:\\\/\\\/schoenstatt.com\\\/pt-pt\\\/centros-de-schoenstatt-na-polonia-precisam-de-ajuda-para-refugiados-da-ucrania\\\/#primaryimage\"},\"thumbnailUrl\":\"https:\\\/\\\/schoenstatt.com\\\/wp-content\\\/uploads\\\/2022\\\/03\\\/Ucranianos-con-los-Padres-en-Polonia-6-1.jpeg\",\"datePublished\":\"2022-03-28T18:25:40+00:00\",\"dateModified\":\"2025-05-16T00:53:04+00:00\",\"description\":\"Irm\u00e3s, Padres e Senhoras de Schoenstatt abrem suas casas na Pol\u00f4nia para atender aos refugiados que v\u00eam da Ucr\u00e2nia.\",\"breadcrumb\":{\"@id\":\"https:\\\/\\\/schoenstatt.com\\\/pt-pt\\\/centros-de-schoenstatt-na-polonia-precisam-de-ajuda-para-refugiados-da-ucrania\\\/#breadcrumb\"},\"inLanguage\":\"pt-PT\",\"potentialAction\":[{\"@type\":\"ReadAction\",\"target\":[\"https:\\\/\\\/schoenstatt.com\\\/pt-pt\\\/centros-de-schoenstatt-na-polonia-precisam-de-ajuda-para-refugiados-da-ucrania\\\/\"]}]},{\"@type\":\"ImageObject\",\"inLanguage\":\"pt-PT\",\"@id\":\"https:\\\/\\\/schoenstatt.com\\\/pt-pt\\\/centros-de-schoenstatt-na-polonia-precisam-de-ajuda-para-refugiados-da-ucrania\\\/#primaryimage\",\"url\":\"https:\\\/\\\/schoenstatt.com\\\/wp-content\\\/uploads\\\/2022\\\/03\\\/Ucranianos-con-los-Padres-en-Polonia-6-1.jpeg\",\"contentUrl\":\"https:\\\/\\\/schoenstatt.com\\\/wp-content\\\/uploads\\\/2022\\\/03\\\/Ucranianos-con-los-Padres-en-Polonia-6-1.jpeg\",\"width\":1024,\"height\":768,\"caption\":\"Polonia\"},{\"@type\":\"BreadcrumbList\",\"@id\":\"https:\\\/\\\/schoenstatt.com\\\/pt-pt\\\/centros-de-schoenstatt-na-polonia-precisam-de-ajuda-para-refugiados-da-ucrania\\\/#breadcrumb\",\"itemListElement\":[{\"@type\":\"ListItem\",\"position\":1,\"name\":\"Portada\",\"item\":\"https:\\\/\\\/schoenstatt.com\\\/pt-pt\\\/home\\\/\"},{\"@type\":\"ListItem\",\"position\":2,\"name\":\"Centros de Schoenstatt na Pol\u00f4nia precisam de ajuda para refugiados da Ucr\u00e2nia\"}]},{\"@type\":\"WebSite\",\"@id\":\"https:\\\/\\\/schoenstatt.com\\\/pt-pt\\\/#website\",\"url\":\"https:\\\/\\\/schoenstatt.com\\\/pt-pt\\\/\",\"name\":\"Schoenstatt\",\"description\":\"Apostolic Movement\",\"publisher\":{\"@id\":\"https:\\\/\\\/schoenstatt.com\\\/pt-pt\\\/#organization\"},\"potentialAction\":[{\"@type\":\"SearchAction\",\"target\":{\"@type\":\"EntryPoint\",\"urlTemplate\":\"https:\\\/\\\/schoenstatt.com\\\/pt-pt\\\/?s={search_term_string}\"},\"query-input\":{\"@type\":\"PropertyValueSpecification\",\"valueRequired\":true,\"valueName\":\"search_term_string\"}}],\"inLanguage\":\"pt-PT\"},{\"@type\":\"Organization\",\"@id\":\"https:\\\/\\\/schoenstatt.com\\\/pt-pt\\\/#organization\",\"name\":\"Schoenstatt\",\"url\":\"https:\\\/\\\/schoenstatt.com\\\/pt-pt\\\/\",\"logo\":{\"@type\":\"ImageObject\",\"inLanguage\":\"pt-PT\",\"@id\":\"https:\\\/\\\/schoenstatt.com\\\/pt-pt\\\/#\\\/schema\\\/logo\\\/image\\\/\",\"url\":\"https:\\\/\\\/schoenstatt.com\\\/wp-content\\\/uploads\\\/2025\\\/04\\\/logo-schoenstatt-white-696x696-1.png\",\"contentUrl\":\"https:\\\/\\\/schoenstatt.com\\\/wp-content\\\/uploads\\\/2025\\\/04\\\/logo-schoenstatt-white-696x696-1.png\",\"width\":696,\"height\":694,\"caption\":\"Schoenstatt\"},\"image\":{\"@id\":\"https:\\\/\\\/schoenstatt.com\\\/pt-pt\\\/#\\\/schema\\\/logo\\\/image\\\/\"}},{\"@type\":\"Person\",\"@id\":\"https:\\\/\\\/schoenstatt.com\\\/pt-pt\\\/#\\\/schema\\\/person\\\/5158877ad4acae98b34daaeef2a1ce6e\",\"name\":\"Karen Bueno\",\"image\":{\"@type\":\"ImageObject\",\"inLanguage\":\"pt-PT\",\"@id\":\"https:\\\/\\\/secure.gravatar.com\\\/avatar\\\/f9f4b823873154269d2b2130f195f6d41037dd0d7fc5f3cacb5c846bae70d66b?s=96&d=mm&r=g\",\"url\":\"https:\\\/\\\/secure.gravatar.com\\\/avatar\\\/f9f4b823873154269d2b2130f195f6d41037dd0d7fc5f3cacb5c846bae70d66b?s=96&d=mm&r=g\",\"contentUrl\":\"https:\\\/\\\/secure.gravatar.com\\\/avatar\\\/f9f4b823873154269d2b2130f195f6d41037dd0d7fc5f3cacb5c846bae70d66b?s=96&d=mm&r=g\",\"caption\":\"Karen Bueno\"},\"url\":\"https:\\\/\\\/schoenstatt.com\\\/pt-pt\\\/author\\\/karen-bueno\\\/\"}]}<\/script>\n<!-- \/ Yoast SEO Premium plugin. -->","yoast_head_json":{"title":"Centros de Schoenstatt na Pol\u00f4nia precisam de ajuda para refugiados da Ucr\u00e2nia","description":"Irm\u00e3s, Padres e Senhoras de Schoenstatt abrem suas casas na Pol\u00f4nia para atender aos refugiados que v\u00eam da Ucr\u00e2nia.","robots":{"index":"index","follow":"follow","max-snippet":"max-snippet:-1","max-image-preview":"max-image-preview:large","max-video-preview":"max-video-preview:-1"},"canonical":"https:\/\/schoenstatt.com\/pt-pt\/centros-de-schoenstatt-na-polonia-precisam-de-ajuda-para-refugiados-da-ucrania\/","og_locale":"pt_PT","og_type":"article","og_title":"Centros de Schoenstatt na Pol\u00f4nia precisam de ajuda para refugiados da Ucr\u00e2nia","og_description":"Irm\u00e3s, Padres e Senhoras de Schoenstatt abrem suas casas na Pol\u00f4nia para atender aos refugiados que v\u00eam da Ucr\u00e2nia.","og_url":"https:\/\/schoenstatt.com\/pt-pt\/centros-de-schoenstatt-na-polonia-precisam-de-ajuda-para-refugiados-da-ucrania\/","og_site_name":"Schoenstatt","article_published_time":"2022-03-28T18:25:40+00:00","article_modified_time":"2025-05-16T00:53:04+00:00","og_image":[{"width":1024,"height":768,"url":"https:\/\/schoenstatt.com\/wp-content\/uploads\/2022\/03\/Ucranianos-con-los-Padres-en-Polonia-6-1.jpeg","type":"image\/jpeg"}],"author":"Karen Bueno","twitter_card":"summary_large_image","twitter_misc":{"Escrito por":"Karen Bueno","Tempo estimado de leitura":"3 minutos"},"schema":{"@context":"https:\/\/schema.org","@graph":[{"@type":"Article","@id":"https:\/\/schoenstatt.com\/pt-pt\/centros-de-schoenstatt-na-polonia-precisam-de-ajuda-para-refugiados-da-ucrania\/#article","isPartOf":{"@id":"https:\/\/schoenstatt.com\/pt-pt\/centros-de-schoenstatt-na-polonia-precisam-de-ajuda-para-refugiados-da-ucrania\/"},"author":{"name":"Karen Bueno","@id":"https:\/\/schoenstatt.com\/pt-pt\/#\/schema\/person\/5158877ad4acae98b34daaeef2a1ce6e"},"headline":"Centros de Schoenstatt na Pol\u00f4nia precisam de ajuda para refugiados da Ucr\u00e2nia","datePublished":"2022-03-28T18:25:40+00:00","dateModified":"2025-05-16T00:53:04+00:00","mainEntityOfPage":{"@id":"https:\/\/schoenstatt.com\/pt-pt\/centros-de-schoenstatt-na-polonia-precisam-de-ajuda-para-refugiados-da-ucrania\/"},"wordCount":508,"publisher":{"@id":"https:\/\/schoenstatt.com\/pt-pt\/#organization"},"image":{"@id":"https:\/\/schoenstatt.com\/pt-pt\/centros-de-schoenstatt-na-polonia-precisam-de-ajuda-para-refugiados-da-ucrania\/#primaryimage"},"thumbnailUrl":"https:\/\/schoenstatt.com\/wp-content\/uploads\/2022\/03\/Ucranianos-con-los-Padres-en-Polonia-6-1.jpeg","articleSection":["Sociedade"],"inLanguage":"pt-PT"},{"@type":"WebPage","@id":"https:\/\/schoenstatt.com\/pt-pt\/centros-de-schoenstatt-na-polonia-precisam-de-ajuda-para-refugiados-da-ucrania\/","url":"https:\/\/schoenstatt.com\/pt-pt\/centros-de-schoenstatt-na-polonia-precisam-de-ajuda-para-refugiados-da-ucrania\/","name":"Centros de Schoenstatt na Pol\u00f4nia precisam de ajuda para refugiados da Ucr\u00e2nia","isPartOf":{"@id":"https:\/\/schoenstatt.com\/pt-pt\/#website"},"primaryImageOfPage":{"@id":"https:\/\/schoenstatt.com\/pt-pt\/centros-de-schoenstatt-na-polonia-precisam-de-ajuda-para-refugiados-da-ucrania\/#primaryimage"},"image":{"@id":"https:\/\/schoenstatt.com\/pt-pt\/centros-de-schoenstatt-na-polonia-precisam-de-ajuda-para-refugiados-da-ucrania\/#primaryimage"},"thumbnailUrl":"https:\/\/schoenstatt.com\/wp-content\/uploads\/2022\/03\/Ucranianos-con-los-Padres-en-Polonia-6-1.jpeg","datePublished":"2022-03-28T18:25:40+00:00","dateModified":"2025-05-16T00:53:04+00:00","description":"Irm\u00e3s, Padres e Senhoras de Schoenstatt abrem suas casas na Pol\u00f4nia para atender aos refugiados que v\u00eam da Ucr\u00e2nia.","breadcrumb":{"@id":"https:\/\/schoenstatt.com\/pt-pt\/centros-de-schoenstatt-na-polonia-precisam-de-ajuda-para-refugiados-da-ucrania\/#breadcrumb"},"inLanguage":"pt-PT","potentialAction":[{"@type":"ReadAction","target":["https:\/\/schoenstatt.com\/pt-pt\/centros-de-schoenstatt-na-polonia-precisam-de-ajuda-para-refugiados-da-ucrania\/"]}]},{"@type":"ImageObject","inLanguage":"pt-PT","@id":"https:\/\/schoenstatt.com\/pt-pt\/centros-de-schoenstatt-na-polonia-precisam-de-ajuda-para-refugiados-da-ucrania\/#primaryimage","url":"https:\/\/schoenstatt.com\/wp-content\/uploads\/2022\/03\/Ucranianos-con-los-Padres-en-Polonia-6-1.jpeg","contentUrl":"https:\/\/schoenstatt.com\/wp-content\/uploads\/2022\/03\/Ucranianos-con-los-Padres-en-Polonia-6-1.jpeg","width":1024,"height":768,"caption":"Polonia"},{"@type":"BreadcrumbList","@id":"https:\/\/schoenstatt.com\/pt-pt\/centros-de-schoenstatt-na-polonia-precisam-de-ajuda-para-refugiados-da-ucrania\/#breadcrumb","itemListElement":[{"@type":"ListItem","position":1,"name":"Portada","item":"https:\/\/schoenstatt.com\/pt-pt\/home\/"},{"@type":"ListItem","position":2,"name":"Centros de Schoenstatt na Pol\u00f4nia precisam de ajuda para refugiados da Ucr\u00e2nia"}]},{"@type":"WebSite","@id":"https:\/\/schoenstatt.com\/pt-pt\/#website","url":"https:\/\/schoenstatt.com\/pt-pt\/","name":"Schoenstatt","description":"Apostolic Movement","publisher":{"@id":"https:\/\/schoenstatt.com\/pt-pt\/#organization"},"potentialAction":[{"@type":"SearchAction","target":{"@type":"EntryPoint","urlTemplate":"https:\/\/schoenstatt.com\/pt-pt\/?s={search_term_string}"},"query-input":{"@type":"PropertyValueSpecification","valueRequired":true,"valueName":"search_term_string"}}],"inLanguage":"pt-PT"},{"@type":"Organization","@id":"https:\/\/schoenstatt.com\/pt-pt\/#organization","name":"Schoenstatt","url":"https:\/\/schoenstatt.com\/pt-pt\/","logo":{"@type":"ImageObject","inLanguage":"pt-PT","@id":"https:\/\/schoenstatt.com\/pt-pt\/#\/schema\/logo\/image\/","url":"https:\/\/schoenstatt.com\/wp-content\/uploads\/2025\/04\/logo-schoenstatt-white-696x696-1.png","contentUrl":"https:\/\/schoenstatt.com\/wp-content\/uploads\/2025\/04\/logo-schoenstatt-white-696x696-1.png","width":696,"height":694,"caption":"Schoenstatt"},"image":{"@id":"https:\/\/schoenstatt.com\/pt-pt\/#\/schema\/logo\/image\/"}},{"@type":"Person","@id":"https:\/\/schoenstatt.com\/pt-pt\/#\/schema\/person\/5158877ad4acae98b34daaeef2a1ce6e","name":"Karen Bueno","image":{"@type":"ImageObject","inLanguage":"pt-PT","@id":"https:\/\/secure.gravatar.com\/avatar\/f9f4b823873154269d2b2130f195f6d41037dd0d7fc5f3cacb5c846bae70d66b?s=96&d=mm&r=g","url":"https:\/\/secure.gravatar.com\/avatar\/f9f4b823873154269d2b2130f195f6d41037dd0d7fc5f3cacb5c846bae70d66b?s=96&d=mm&r=g","contentUrl":"https:\/\/secure.gravatar.com\/avatar\/f9f4b823873154269d2b2130f195f6d41037dd0d7fc5f3cacb5c846bae70d66b?s=96&d=mm&r=g","caption":"Karen Bueno"},"url":"https:\/\/schoenstatt.com\/pt-pt\/author\/karen-bueno\/"}]}},"_links":{"self":[{"href":"https:\/\/schoenstatt.com\/pt-pt\/wp-json\/wp\/v2\/posts\/24297","targetHints":{"allow":["GET"]}}],"collection":[{"href":"https:\/\/schoenstatt.com\/pt-pt\/wp-json\/wp\/v2\/posts"}],"about":[{"href":"https:\/\/schoenstatt.com\/pt-pt\/wp-json\/wp\/v2\/types\/post"}],"author":[{"embeddable":true,"href":"https:\/\/schoenstatt.com\/pt-pt\/wp-json\/wp\/v2\/users\/3"}],"replies":[{"embeddable":true,"href":"https:\/\/schoenstatt.com\/pt-pt\/wp-json\/wp\/v2\/comments?post=24297"}],"version-history":[{"count":1,"href":"https:\/\/schoenstatt.com\/pt-pt\/wp-json\/wp\/v2\/posts\/24297\/revisions"}],"predecessor-version":[{"id":45106,"href":"https:\/\/schoenstatt.com\/pt-pt\/wp-json\/wp\/v2\/posts\/24297\/revisions\/45106"}],"wp:featuredmedia":[{"embeddable":true,"href":"https:\/\/schoenstatt.com\/pt-pt\/wp-json\/wp\/v2\/media\/24191"}],"wp:attachment":[{"href":"https:\/\/schoenstatt.com\/pt-pt\/wp-json\/wp\/v2\/media?parent=24297"}],"wp:term":[{"taxonomy":"category","embeddable":true,"href":"https:\/\/schoenstatt.com\/pt-pt\/wp-json\/wp\/v2\/categories?post=24297"},{"taxonomy":"post_tag","embeddable":true,"href":"https:\/\/schoenstatt.com\/pt-pt\/wp-json\/wp\/v2\/tags?post=24297"}],"curies":[{"name":"wp","href":"https:\/\/api.w.org\/{rel}","templated":true}]}}