{"id":24242,"date":"2022-03-28T21:32:12","date_gmt":"2022-03-28T19:32:12","guid":{"rendered":"https:\/\/schoenstatt.com\/espiritualidade\/human-chain-for-peace-in-ukraine-at-the-schoenstatt-center\/"},"modified":"2025-05-16T01:44:45","modified_gmt":"2025-05-15T23:44:45","slug":"alemanha-corrente-humana-pela-paz-na-ucrania-no-centro-de-schoenstatt","status":"publish","type":"post","link":"https:\/\/schoenstatt.com\/pt-pt\/alemanha-corrente-humana-pela-paz-na-ucrania-no-centro-de-schoenstatt\/","title":{"rendered":"Alemanha: Corrente humana pela paz na Ucr\u00e2nia, no Centro de Schoenstatt"},"content":{"rendered":"<p>Se trata de uma ideia espont\u00e2nea que circulou pelas redes sociais. Cerca de 150 pessoas vieram ao Centro de Schoenstatt da diocese de Fulda para rezar pela paz e dar um sinal de solidariedade com a Ucr\u00e2nia. Participaram representantes dos refugiados ucranianos que encontraram um lar na antiga Casa Provincial das Irm\u00e3s<\/p>\n<h3>90 refugiados da Ucr\u00e2nia alojados no antigo centro das Irm\u00e3s de Maria<\/h3>\n<p>Nos \u00faltimos dias chegaram a Dietershausen cerca de 90 refugiados procedentes da Ucr\u00e2nia. No antigo centro das Irm\u00e3s de Maria, a Comunidade Crist\u00e3 Rh\u00f6n e.V. proporcionou a eles um alojamento seguro ap\u00f3s os ataques a seu pa\u00eds de origem. Uma onda de solidariedade dos cidad\u00e3os de Dietershausen e seus arredores os apoia.<\/p>\n<p>Ilona Wehner, que vive em Dietershausen e participa da Campanha da M\u00e3e Peregrina, convocou a a\u00e7\u00e3o da tarde junto com as Irm\u00e3s, e relata: &#8220;Acordei e pensei que s\u00f3 um milagre pode solucionar isso. O conflito \u00e9 t\u00e3o complexo que temos que ir ao c\u00e9u e pedir o milagre. Temos nossa f\u00e9 e devemos rezar por essa inten\u00e7\u00e3o. Temos o santu\u00e1rio e a Coluna da Vit\u00f3ria aqui em nossa cidade, ent\u00e3o me surgiu a ideia de convidar todos a formar uma corrente humana com as luzes&#8221;.<\/p>\n<p><img fetchpriority=\"high\" decoding=\"async\" class=\"aligncenter wp-image-24239 size-full\" src=\"https:\/\/schoenstatt.com\/wp-content\/uploads\/2022\/03\/DH-4-1.png\" alt=\"\" width=\"359\" height=\"178\" \/><\/p>\n<h3>Permanecer juntos<\/h3>\n<p>Ilona est\u00e1 surpresa com a grande participa\u00e7\u00e3o. &#8220;As pessoas demonstraram com suas fam\u00edlias que tudo isso \u00e9 importante para eles e que estamos juntos. Os habitantes de Dietershausen e dos arredores t\u00eam contribu\u00eddo at\u00e9 agora com muitas doa\u00e7\u00f5es em esp\u00e9cie. N\u00e3o obstante, se necessita urgentemente de doa\u00e7\u00f5es em dinheiro, porque \u00e9 preciso aquecer a casa grande, e as fam\u00edlias precisam receber dinheiro para poder manter-se.&#8221;<\/p>\n<p><img decoding=\"async\" class=\"alignright wp-image-24037 size-full\" src=\"https:\/\/schoenstatt.com\/wp-content\/uploads\/2022\/03\/DH-5.png\" alt=\"\" width=\"358\" height=\"175\" \/><br \/>\nIlona Wehner tamb\u00e9m nos fala do maior desejo dos ucranianos que foram salvos: &#8220;Que a guerra termine e as pessoas possam voltar a sua p\u00e1tria o quanto antes. Algumas fam\u00edlias fugiram juntas, isto \u00e9, pais e m\u00e3es com seus filhos. Tamb\u00e9m h\u00e1 muitas m\u00e3es solas com seus filhos pequenos que est\u00e3o muito preocupadas com o restante da fam\u00edlia&#8221;.<\/p>\n<p>&nbsp;<\/p>\n<h3>O poder da ora\u00e7\u00e3o<\/h3>\n<p>Ap\u00f3s rezarem juntos pela paz no santu\u00e1rio, se formou uma corrente humana no formato de coroa. Se estendia desde o santu\u00e1rio at\u00e9 a Coluna da Vit\u00f3ria no parque, perto da antiga Casa Provincial. Essa coluna mariana foi constru\u00edda durante a Guerra Fria como sinal de confian\u00e7a na vit\u00f3ria dos poderes divinos sobre o \u00f3dio, a viol\u00eancia e o terror. Cada ano se renova aqui a consagra\u00e7\u00e3o da Alemanha \u00e0 Virgem. Desde 1989, uma cruz feita de arame que constitu\u00eda a Cortina de Ferro, dividindo a Alemanha em duas, da faixa da morte, tem sido uma recorda\u00e7\u00e3o do milagre da transforma\u00e7\u00e3o pac\u00edfica da Alemanha e do poder da ora\u00e7\u00e3o.<\/p>\n<p>J\u00e1 havia escurecido, e as pessoas rezavam fervorosamente, iluminando, com as velas na m\u00e3o. Um representante dos refugiados da Ucr\u00e2nia pronunciou algumas emocionantes palavras de agradecimento em russo, que foram traduzidas. Contou a situa\u00e7\u00e3o de sua fam\u00edlia e deu um impressionante testemunho de sua convic\u00e7\u00e3o como crist\u00e3o e de sua confian\u00e7a em Deus inclusive nas graves dificuldades de seu pa\u00eds.<\/p>\n<h3>V\u00eddeo de OsthessenNeews<\/h3>\n<p>Desde o santu\u00e1rio de Schoenstatt at\u00e9 a Coluna da Vit\u00f3ria \u2013 corrente humana \u00e0 luz de velas: os habitantes de Dietershausen se solidarizam<\/p>\n<div style=\"width: 800px;\" class=\"wp-video\"><video class=\"wp-video-shortcode\" id=\"video-24242-1\" width=\"800\" height=\"450\" preload=\"metadata\" controls=\"controls\"><source type=\"video\/mp4\" src=\"https:\/\/schoenstatt.com\/wp-content\/uploads\/2022\/03\/220304_kuenzell_dietershausen_menschenkette_ukraine_v2_on-Compressed-with-FlexClip.mp4?_=1\" \/><a href=\"https:\/\/schoenstatt.com\/wp-content\/uploads\/2022\/03\/220304_kuenzell_dietershausen_menschenkette_ukraine_v2_on-Compressed-with-FlexClip.mp4\">https:\/\/schoenstatt.com\/wp-content\/uploads\/2022\/03\/220304_kuenzell_dietershausen_menschenkette_ukraine_v2_on-Compressed-with-FlexClip.mp4<\/a><\/video><\/div>\n<p>&nbsp;<\/p>\n<p>Fonte: <a href=\"https:\/\/www.schoenstatt.de\/\">https:\/\/www.schoenstatt.de\/<\/a><\/p>\n","protected":false},"excerpt":{"rendered":"<p>Se trata de uma ideia espont\u00e2nea.<\/p>\n","protected":false},"author":3,"featured_media":24052,"comment_status":"closed","ping_status":"closed","sticky":false,"template":"","format":"standard","meta":{"footnotes":""},"categories":[876,869],"tags":[],"class_list":["post-24242","post","type-post","status-publish","format-standard","has-post-thumbnail","hentry","category-familia-pt-pt","category-paises-pt-pt"],"yoast_head":"<!-- This site is optimized with the Yoast SEO Premium plugin v27.4 (Yoast SEO v27.4) - https:\/\/yoast.com\/product\/yoast-seo-premium-wordpress\/ -->\n<title>Alemanha: Corrente humana pela paz na Ucr\u00e2nia, no Centro de Schoenstatt<\/title>\n<meta name=\"description\" content=\"Cerca de 150 pessoas vieram ao Centro de Schoenstatt da diocese de Fulda para rezar pela paz e dar um sinal de solidariedade com a Ucr\u00e2nia\" \/>\n<meta name=\"robots\" content=\"index, follow, max-snippet:-1, max-image-preview:large, max-video-preview:-1\" \/>\n<link rel=\"canonical\" href=\"https:\/\/schoenstatt.com\/pt-pt\/alemanha-corrente-humana-pela-paz-na-ucrania-no-centro-de-schoenstatt\/\" \/>\n<meta property=\"og:locale\" content=\"pt_PT\" \/>\n<meta property=\"og:type\" content=\"article\" \/>\n<meta property=\"og:title\" content=\"Alemanha: Corrente humana pela paz na Ucr\u00e2nia, no Centro de Schoenstatt\" \/>\n<meta property=\"og:description\" content=\"Cerca de 150 pessoas vieram ao Centro de Schoenstatt da diocese de Fulda para rezar pela paz e dar um sinal de solidariedade com a Ucr\u00e2nia\" \/>\n<meta property=\"og:url\" content=\"https:\/\/schoenstatt.com\/pt-pt\/alemanha-corrente-humana-pela-paz-na-ucrania-no-centro-de-schoenstatt\/\" \/>\n<meta property=\"og:site_name\" content=\"Schoenstatt\" \/>\n<meta property=\"article:published_time\" content=\"2022-03-28T19:32:12+00:00\" \/>\n<meta property=\"article:modified_time\" content=\"2025-05-15T23:44:45+00:00\" \/>\n<meta property=\"og:image\" content=\"https:\/\/schoenstatt.com\/wp-content\/uploads\/2022\/03\/Dietershausen-2.png\" \/>\n\t<meta property=\"og:image:width\" content=\"468\" \/>\n\t<meta property=\"og:image:height\" content=\"308\" \/>\n\t<meta property=\"og:image:type\" content=\"image\/png\" \/>\n<meta name=\"author\" content=\"Karen Bueno\" \/>\n<meta name=\"twitter:card\" content=\"summary_large_image\" \/>\n<meta name=\"twitter:label1\" content=\"Escrito por\" \/>\n\t<meta name=\"twitter:data1\" content=\"Karen Bueno\" \/>\n\t<meta name=\"twitter:label2\" content=\"Tempo estimado de leitura\" \/>\n\t<meta name=\"twitter:data2\" content=\"3 minutos\" \/>\n<script type=\"application\/ld+json\" class=\"yoast-schema-graph\">{\"@context\":\"https:\\\/\\\/schema.org\",\"@graph\":[{\"@type\":\"Article\",\"@id\":\"https:\\\/\\\/schoenstatt.com\\\/pt-pt\\\/alemanha-corrente-humana-pela-paz-na-ucrania-no-centro-de-schoenstatt\\\/#article\",\"isPartOf\":{\"@id\":\"https:\\\/\\\/schoenstatt.com\\\/pt-pt\\\/alemanha-corrente-humana-pela-paz-na-ucrania-no-centro-de-schoenstatt\\\/\"},\"author\":{\"name\":\"Karen Bueno\",\"@id\":\"https:\\\/\\\/schoenstatt.com\\\/pt-pt\\\/#\\\/schema\\\/person\\\/5158877ad4acae98b34daaeef2a1ce6e\"},\"headline\":\"Alemanha: Corrente humana pela paz na Ucr\u00e2nia, no Centro de Schoenstatt\",\"datePublished\":\"2022-03-28T19:32:12+00:00\",\"dateModified\":\"2025-05-15T23:44:45+00:00\",\"mainEntityOfPage\":{\"@id\":\"https:\\\/\\\/schoenstatt.com\\\/pt-pt\\\/alemanha-corrente-humana-pela-paz-na-ucrania-no-centro-de-schoenstatt\\\/\"},\"wordCount\":614,\"publisher\":{\"@id\":\"https:\\\/\\\/schoenstatt.com\\\/pt-pt\\\/#organization\"},\"image\":{\"@id\":\"https:\\\/\\\/schoenstatt.com\\\/pt-pt\\\/alemanha-corrente-humana-pela-paz-na-ucrania-no-centro-de-schoenstatt\\\/#primaryimage\"},\"thumbnailUrl\":\"https:\\\/\\\/schoenstatt.com\\\/wp-content\\\/uploads\\\/2022\\\/03\\\/Dietershausen-2.png\",\"articleSection\":[\"Fam\u00edlia\",\"Pa\u00edses\"],\"inLanguage\":\"pt-PT\"},{\"@type\":\"WebPage\",\"@id\":\"https:\\\/\\\/schoenstatt.com\\\/pt-pt\\\/alemanha-corrente-humana-pela-paz-na-ucrania-no-centro-de-schoenstatt\\\/\",\"url\":\"https:\\\/\\\/schoenstatt.com\\\/pt-pt\\\/alemanha-corrente-humana-pela-paz-na-ucrania-no-centro-de-schoenstatt\\\/\",\"name\":\"Alemanha: Corrente humana pela paz na Ucr\u00e2nia, no Centro de Schoenstatt\",\"isPartOf\":{\"@id\":\"https:\\\/\\\/schoenstatt.com\\\/pt-pt\\\/#website\"},\"primaryImageOfPage\":{\"@id\":\"https:\\\/\\\/schoenstatt.com\\\/pt-pt\\\/alemanha-corrente-humana-pela-paz-na-ucrania-no-centro-de-schoenstatt\\\/#primaryimage\"},\"image\":{\"@id\":\"https:\\\/\\\/schoenstatt.com\\\/pt-pt\\\/alemanha-corrente-humana-pela-paz-na-ucrania-no-centro-de-schoenstatt\\\/#primaryimage\"},\"thumbnailUrl\":\"https:\\\/\\\/schoenstatt.com\\\/wp-content\\\/uploads\\\/2022\\\/03\\\/Dietershausen-2.png\",\"datePublished\":\"2022-03-28T19:32:12+00:00\",\"dateModified\":\"2025-05-15T23:44:45+00:00\",\"description\":\"Cerca de 150 pessoas vieram ao Centro de Schoenstatt da diocese de Fulda para rezar pela paz e dar um sinal de solidariedade com a Ucr\u00e2nia\",\"breadcrumb\":{\"@id\":\"https:\\\/\\\/schoenstatt.com\\\/pt-pt\\\/alemanha-corrente-humana-pela-paz-na-ucrania-no-centro-de-schoenstatt\\\/#breadcrumb\"},\"inLanguage\":\"pt-PT\",\"potentialAction\":[{\"@type\":\"ReadAction\",\"target\":[\"https:\\\/\\\/schoenstatt.com\\\/pt-pt\\\/alemanha-corrente-humana-pela-paz-na-ucrania-no-centro-de-schoenstatt\\\/\"]}]},{\"@type\":\"ImageObject\",\"inLanguage\":\"pt-PT\",\"@id\":\"https:\\\/\\\/schoenstatt.com\\\/pt-pt\\\/alemanha-corrente-humana-pela-paz-na-ucrania-no-centro-de-schoenstatt\\\/#primaryimage\",\"url\":\"https:\\\/\\\/schoenstatt.com\\\/wp-content\\\/uploads\\\/2022\\\/03\\\/Dietershausen-2.png\",\"contentUrl\":\"https:\\\/\\\/schoenstatt.com\\\/wp-content\\\/uploads\\\/2022\\\/03\\\/Dietershausen-2.png\",\"width\":468,\"height\":308,\"caption\":\"Menschenkette\"},{\"@type\":\"BreadcrumbList\",\"@id\":\"https:\\\/\\\/schoenstatt.com\\\/pt-pt\\\/alemanha-corrente-humana-pela-paz-na-ucrania-no-centro-de-schoenstatt\\\/#breadcrumb\",\"itemListElement\":[{\"@type\":\"ListItem\",\"position\":1,\"name\":\"Portada\",\"item\":\"https:\\\/\\\/schoenstatt.com\\\/pt-pt\\\/home\\\/\"},{\"@type\":\"ListItem\",\"position\":2,\"name\":\"Alemanha: Corrente humana pela paz na Ucr\u00e2nia, no Centro de Schoenstatt\"}]},{\"@type\":\"WebSite\",\"@id\":\"https:\\\/\\\/schoenstatt.com\\\/pt-pt\\\/#website\",\"url\":\"https:\\\/\\\/schoenstatt.com\\\/pt-pt\\\/\",\"name\":\"Schoenstatt\",\"description\":\"Apostolic Movement\",\"publisher\":{\"@id\":\"https:\\\/\\\/schoenstatt.com\\\/pt-pt\\\/#organization\"},\"potentialAction\":[{\"@type\":\"SearchAction\",\"target\":{\"@type\":\"EntryPoint\",\"urlTemplate\":\"https:\\\/\\\/schoenstatt.com\\\/pt-pt\\\/?s={search_term_string}\"},\"query-input\":{\"@type\":\"PropertyValueSpecification\",\"valueRequired\":true,\"valueName\":\"search_term_string\"}}],\"inLanguage\":\"pt-PT\"},{\"@type\":\"Organization\",\"@id\":\"https:\\\/\\\/schoenstatt.com\\\/pt-pt\\\/#organization\",\"name\":\"Schoenstatt\",\"url\":\"https:\\\/\\\/schoenstatt.com\\\/pt-pt\\\/\",\"logo\":{\"@type\":\"ImageObject\",\"inLanguage\":\"pt-PT\",\"@id\":\"https:\\\/\\\/schoenstatt.com\\\/pt-pt\\\/#\\\/schema\\\/logo\\\/image\\\/\",\"url\":\"https:\\\/\\\/schoenstatt.com\\\/wp-content\\\/uploads\\\/2025\\\/04\\\/logo-schoenstatt-white-696x696-1.png\",\"contentUrl\":\"https:\\\/\\\/schoenstatt.com\\\/wp-content\\\/uploads\\\/2025\\\/04\\\/logo-schoenstatt-white-696x696-1.png\",\"width\":696,\"height\":694,\"caption\":\"Schoenstatt\"},\"image\":{\"@id\":\"https:\\\/\\\/schoenstatt.com\\\/pt-pt\\\/#\\\/schema\\\/logo\\\/image\\\/\"}},{\"@type\":\"Person\",\"@id\":\"https:\\\/\\\/schoenstatt.com\\\/pt-pt\\\/#\\\/schema\\\/person\\\/5158877ad4acae98b34daaeef2a1ce6e\",\"name\":\"Karen Bueno\",\"image\":{\"@type\":\"ImageObject\",\"inLanguage\":\"pt-PT\",\"@id\":\"https:\\\/\\\/secure.gravatar.com\\\/avatar\\\/f9f4b823873154269d2b2130f195f6d41037dd0d7fc5f3cacb5c846bae70d66b?s=96&d=mm&r=g\",\"url\":\"https:\\\/\\\/secure.gravatar.com\\\/avatar\\\/f9f4b823873154269d2b2130f195f6d41037dd0d7fc5f3cacb5c846bae70d66b?s=96&d=mm&r=g\",\"contentUrl\":\"https:\\\/\\\/secure.gravatar.com\\\/avatar\\\/f9f4b823873154269d2b2130f195f6d41037dd0d7fc5f3cacb5c846bae70d66b?s=96&d=mm&r=g\",\"caption\":\"Karen Bueno\"},\"url\":\"https:\\\/\\\/schoenstatt.com\\\/pt-pt\\\/author\\\/karen-bueno\\\/\"}]}<\/script>\n<!-- \/ Yoast SEO Premium plugin. -->","yoast_head_json":{"title":"Alemanha: Corrente humana pela paz na Ucr\u00e2nia, no Centro de Schoenstatt","description":"Cerca de 150 pessoas vieram ao Centro de Schoenstatt da diocese de Fulda para rezar pela paz e dar um sinal de solidariedade com a Ucr\u00e2nia","robots":{"index":"index","follow":"follow","max-snippet":"max-snippet:-1","max-image-preview":"max-image-preview:large","max-video-preview":"max-video-preview:-1"},"canonical":"https:\/\/schoenstatt.com\/pt-pt\/alemanha-corrente-humana-pela-paz-na-ucrania-no-centro-de-schoenstatt\/","og_locale":"pt_PT","og_type":"article","og_title":"Alemanha: Corrente humana pela paz na Ucr\u00e2nia, no Centro de Schoenstatt","og_description":"Cerca de 150 pessoas vieram ao Centro de Schoenstatt da diocese de Fulda para rezar pela paz e dar um sinal de solidariedade com a Ucr\u00e2nia","og_url":"https:\/\/schoenstatt.com\/pt-pt\/alemanha-corrente-humana-pela-paz-na-ucrania-no-centro-de-schoenstatt\/","og_site_name":"Schoenstatt","article_published_time":"2022-03-28T19:32:12+00:00","article_modified_time":"2025-05-15T23:44:45+00:00","og_image":[{"width":468,"height":308,"url":"https:\/\/schoenstatt.com\/wp-content\/uploads\/2022\/03\/Dietershausen-2.png","type":"image\/png"}],"author":"Karen Bueno","twitter_card":"summary_large_image","twitter_misc":{"Escrito por":"Karen Bueno","Tempo estimado de leitura":"3 minutos"},"schema":{"@context":"https:\/\/schema.org","@graph":[{"@type":"Article","@id":"https:\/\/schoenstatt.com\/pt-pt\/alemanha-corrente-humana-pela-paz-na-ucrania-no-centro-de-schoenstatt\/#article","isPartOf":{"@id":"https:\/\/schoenstatt.com\/pt-pt\/alemanha-corrente-humana-pela-paz-na-ucrania-no-centro-de-schoenstatt\/"},"author":{"name":"Karen Bueno","@id":"https:\/\/schoenstatt.com\/pt-pt\/#\/schema\/person\/5158877ad4acae98b34daaeef2a1ce6e"},"headline":"Alemanha: Corrente humana pela paz na Ucr\u00e2nia, no Centro de Schoenstatt","datePublished":"2022-03-28T19:32:12+00:00","dateModified":"2025-05-15T23:44:45+00:00","mainEntityOfPage":{"@id":"https:\/\/schoenstatt.com\/pt-pt\/alemanha-corrente-humana-pela-paz-na-ucrania-no-centro-de-schoenstatt\/"},"wordCount":614,"publisher":{"@id":"https:\/\/schoenstatt.com\/pt-pt\/#organization"},"image":{"@id":"https:\/\/schoenstatt.com\/pt-pt\/alemanha-corrente-humana-pela-paz-na-ucrania-no-centro-de-schoenstatt\/#primaryimage"},"thumbnailUrl":"https:\/\/schoenstatt.com\/wp-content\/uploads\/2022\/03\/Dietershausen-2.png","articleSection":["Fam\u00edlia","Pa\u00edses"],"inLanguage":"pt-PT"},{"@type":"WebPage","@id":"https:\/\/schoenstatt.com\/pt-pt\/alemanha-corrente-humana-pela-paz-na-ucrania-no-centro-de-schoenstatt\/","url":"https:\/\/schoenstatt.com\/pt-pt\/alemanha-corrente-humana-pela-paz-na-ucrania-no-centro-de-schoenstatt\/","name":"Alemanha: Corrente humana pela paz na Ucr\u00e2nia, no Centro de Schoenstatt","isPartOf":{"@id":"https:\/\/schoenstatt.com\/pt-pt\/#website"},"primaryImageOfPage":{"@id":"https:\/\/schoenstatt.com\/pt-pt\/alemanha-corrente-humana-pela-paz-na-ucrania-no-centro-de-schoenstatt\/#primaryimage"},"image":{"@id":"https:\/\/schoenstatt.com\/pt-pt\/alemanha-corrente-humana-pela-paz-na-ucrania-no-centro-de-schoenstatt\/#primaryimage"},"thumbnailUrl":"https:\/\/schoenstatt.com\/wp-content\/uploads\/2022\/03\/Dietershausen-2.png","datePublished":"2022-03-28T19:32:12+00:00","dateModified":"2025-05-15T23:44:45+00:00","description":"Cerca de 150 pessoas vieram ao Centro de Schoenstatt da diocese de Fulda para rezar pela paz e dar um sinal de solidariedade com a Ucr\u00e2nia","breadcrumb":{"@id":"https:\/\/schoenstatt.com\/pt-pt\/alemanha-corrente-humana-pela-paz-na-ucrania-no-centro-de-schoenstatt\/#breadcrumb"},"inLanguage":"pt-PT","potentialAction":[{"@type":"ReadAction","target":["https:\/\/schoenstatt.com\/pt-pt\/alemanha-corrente-humana-pela-paz-na-ucrania-no-centro-de-schoenstatt\/"]}]},{"@type":"ImageObject","inLanguage":"pt-PT","@id":"https:\/\/schoenstatt.com\/pt-pt\/alemanha-corrente-humana-pela-paz-na-ucrania-no-centro-de-schoenstatt\/#primaryimage","url":"https:\/\/schoenstatt.com\/wp-content\/uploads\/2022\/03\/Dietershausen-2.png","contentUrl":"https:\/\/schoenstatt.com\/wp-content\/uploads\/2022\/03\/Dietershausen-2.png","width":468,"height":308,"caption":"Menschenkette"},{"@type":"BreadcrumbList","@id":"https:\/\/schoenstatt.com\/pt-pt\/alemanha-corrente-humana-pela-paz-na-ucrania-no-centro-de-schoenstatt\/#breadcrumb","itemListElement":[{"@type":"ListItem","position":1,"name":"Portada","item":"https:\/\/schoenstatt.com\/pt-pt\/home\/"},{"@type":"ListItem","position":2,"name":"Alemanha: Corrente humana pela paz na Ucr\u00e2nia, no Centro de Schoenstatt"}]},{"@type":"WebSite","@id":"https:\/\/schoenstatt.com\/pt-pt\/#website","url":"https:\/\/schoenstatt.com\/pt-pt\/","name":"Schoenstatt","description":"Apostolic Movement","publisher":{"@id":"https:\/\/schoenstatt.com\/pt-pt\/#organization"},"potentialAction":[{"@type":"SearchAction","target":{"@type":"EntryPoint","urlTemplate":"https:\/\/schoenstatt.com\/pt-pt\/?s={search_term_string}"},"query-input":{"@type":"PropertyValueSpecification","valueRequired":true,"valueName":"search_term_string"}}],"inLanguage":"pt-PT"},{"@type":"Organization","@id":"https:\/\/schoenstatt.com\/pt-pt\/#organization","name":"Schoenstatt","url":"https:\/\/schoenstatt.com\/pt-pt\/","logo":{"@type":"ImageObject","inLanguage":"pt-PT","@id":"https:\/\/schoenstatt.com\/pt-pt\/#\/schema\/logo\/image\/","url":"https:\/\/schoenstatt.com\/wp-content\/uploads\/2025\/04\/logo-schoenstatt-white-696x696-1.png","contentUrl":"https:\/\/schoenstatt.com\/wp-content\/uploads\/2025\/04\/logo-schoenstatt-white-696x696-1.png","width":696,"height":694,"caption":"Schoenstatt"},"image":{"@id":"https:\/\/schoenstatt.com\/pt-pt\/#\/schema\/logo\/image\/"}},{"@type":"Person","@id":"https:\/\/schoenstatt.com\/pt-pt\/#\/schema\/person\/5158877ad4acae98b34daaeef2a1ce6e","name":"Karen Bueno","image":{"@type":"ImageObject","inLanguage":"pt-PT","@id":"https:\/\/secure.gravatar.com\/avatar\/f9f4b823873154269d2b2130f195f6d41037dd0d7fc5f3cacb5c846bae70d66b?s=96&d=mm&r=g","url":"https:\/\/secure.gravatar.com\/avatar\/f9f4b823873154269d2b2130f195f6d41037dd0d7fc5f3cacb5c846bae70d66b?s=96&d=mm&r=g","contentUrl":"https:\/\/secure.gravatar.com\/avatar\/f9f4b823873154269d2b2130f195f6d41037dd0d7fc5f3cacb5c846bae70d66b?s=96&d=mm&r=g","caption":"Karen Bueno"},"url":"https:\/\/schoenstatt.com\/pt-pt\/author\/karen-bueno\/"}]}},"_links":{"self":[{"href":"https:\/\/schoenstatt.com\/pt-pt\/wp-json\/wp\/v2\/posts\/24242","targetHints":{"allow":["GET"]}}],"collection":[{"href":"https:\/\/schoenstatt.com\/pt-pt\/wp-json\/wp\/v2\/posts"}],"about":[{"href":"https:\/\/schoenstatt.com\/pt-pt\/wp-json\/wp\/v2\/types\/post"}],"author":[{"embeddable":true,"href":"https:\/\/schoenstatt.com\/pt-pt\/wp-json\/wp\/v2\/users\/3"}],"replies":[{"embeddable":true,"href":"https:\/\/schoenstatt.com\/pt-pt\/wp-json\/wp\/v2\/comments?post=24242"}],"version-history":[{"count":1,"href":"https:\/\/schoenstatt.com\/pt-pt\/wp-json\/wp\/v2\/posts\/24242\/revisions"}],"predecessor-version":[{"id":45110,"href":"https:\/\/schoenstatt.com\/pt-pt\/wp-json\/wp\/v2\/posts\/24242\/revisions\/45110"}],"wp:featuredmedia":[{"embeddable":true,"href":"https:\/\/schoenstatt.com\/pt-pt\/wp-json\/wp\/v2\/media\/24052"}],"wp:attachment":[{"href":"https:\/\/schoenstatt.com\/pt-pt\/wp-json\/wp\/v2\/media?parent=24242"}],"wp:term":[{"taxonomy":"category","embeddable":true,"href":"https:\/\/schoenstatt.com\/pt-pt\/wp-json\/wp\/v2\/categories?post=24242"},{"taxonomy":"post_tag","embeddable":true,"href":"https:\/\/schoenstatt.com\/pt-pt\/wp-json\/wp\/v2\/tags?post=24242"}],"curies":[{"name":"wp","href":"https:\/\/api.w.org\/{rel}","templated":true}]}}