{"id":24103,"date":"2022-03-19T10:00:23","date_gmt":"2022-03-19T09:00:23","guid":{"rendered":"https:\/\/schoenstatt.com\/espiritualidade\/st-joseph-blessed-virgin-marys-husband\/"},"modified":"2026-03-19T13:11:58","modified_gmt":"2026-03-19T12:11:58","slug":"sao-jose-esposo-da-santissima-virgem-maria","status":"publish","type":"post","link":"https:\/\/schoenstatt.com\/pt-pt\/sao-jose-esposo-da-santissima-virgem-maria\/","title":{"rendered":"S\u00e3o Jos\u00e9, esposo da Sant\u00edssima Virgem Maria"},"content":{"rendered":"\n<p><em>Como apresentar uma pessoa sobre quem p\u00e1ginas e p\u00e1ginas foram escritas, mas, sobre quem se conhece poucos dados? Como falar da figura de algu\u00e9m que esteve muito pr\u00f3ximo de Jesus em sua inf\u00e2ncia e adolesc\u00eancia, mas de quem, em certo ponto, n\u00e3o se fala dele?<\/em><\/p>\n\n\n\n<p>S\u00e3o Jos\u00e9 \u00e9, sem d\u00favida, um personagem importante na vida de Jesus e da Virgem Maria. O seu papel, ainda que <strong>discreto e silencioso<\/strong>, \u00e9 crucial na <strong>Hist\u00f3ria da Salva\u00e7\u00e3<\/strong>o. Ele \u00e9 o grande patriarca do Antigo e do Novo Testamento.<\/p>\n\n\n\n<div style=\"height:40px\" aria-hidden=\"true\" class=\"wp-block-spacer\"><\/div>\n\n\n\n<figure class=\"wp-block-image aligncenter\"><img decoding=\"async\" src=\"https:\/\/schoenstatt.com\/wp-content\/uploads\/2022\/03\/IMG_2629-1-scaled-e1647273948338-2048x1457-1-1024x729.jpg\" alt=\"\" class=\"wp-image-24071\"\/><\/figure>\n\n\n\n<div style=\"height:34px\" aria-hidden=\"true\" class=\"wp-block-spacer\"><\/div>\n\n\n\n<h2 class=\"wp-block-heading has-medium-font-size\" id=\"h-todo-dia-19-de-marco-a-igreja-celebra-a-solenidade-de-sao-jose\">Todo dia 19 de mar\u00e7o, a Igreja celebra a Solenidade de S\u00e3o Jos\u00e9<\/h2>\n\n\n\n<p>Interessante \u00e9 o t\u00edtulo com o qual a liturgia o recorda: Esposo da Sant\u00edssima Virgem Maria, mostrando o seu papel decisivo, pois sendo esposo da Doce M\u00e3e, teve o privil\u00e9gio de ser pai adotivo de Jesus.<\/p>\n\n\n\n<p>Recordamos que o pai hebreu tinha a obriga\u00e7\u00e3o de ensinar a lei e o estilo de vida pr\u00f3prio do povo de Israel; ent\u00e3o, \u00e9 Jos\u00e9 quem oferece a Jesus a forma\u00e7\u00e3o como israelita, ensinando-o a observar os mandamentos, lhe dando a conhecer a Lei e as tradi\u00e7\u00f5es do povo<strong>. Jos\u00e9, por disposi\u00e7\u00e3o divina, foi mestre de Jesus<\/strong>! Jos\u00e9 ensinou Jesus a orar, a amar a Deus Pai, a ador\u00e1-lo de todo o cora\u00e7\u00e3o.<\/p>\n\n\n\n<p>Jesus, Rei de todo o universo, quis ensinar-nos a humildade e a obedi\u00eancia, porque sendo o Soberano de tudo, se fez crian\u00e7a, deixando-se ajudar e guardar por Maria Sant\u00edssima e por Jos\u00e9. Jesus era Deus, a Sabedoria encarnada, mas escondeu sua divindade e viveu sujeito a seus pais (&#8220;<em>Voltou com seus pais para Nazar\u00e9 e viveu sujeito a eles&#8221;<\/em> disse Lucas 2, 41-52) s\u00f3 por amor a n\u00f3s, para nos dar um exemplo de filhos.<\/p>\n\n\n\n<p>Al\u00e9m disso, que<strong> grande pai ele foi!<\/strong> Jesus chama Deus de Abba (Pai), como as crian\u00e7as chamavam seu progenitor. Se Jesus chama e nos mostra Deus desta forma, \u00e9, sem d\u00favida, porque Jos\u00e9 ter\u00e1 sido um grande pai, um reflexo dEle. \u00c9 Jos\u00e9 de Nazar\u00e9 quem oferece ao crente de hoje a beleza da paternidade, apresentando-a como uma oportunidade para colaborar no projeto salv\u00edfico de Deus..<\/p>\n\n\n\n<p>Outro detalhe que quero mencionar sobre S\u00e3o Jos\u00e9 \u00e9 o adjetivo com o qual S\u00e3o Mateus o qualifica:<strong> justo<\/strong>. Esta palavra na mentalidade b\u00edblica \u00e9 sin\u00f4nimo de<strong> santo.<\/strong> Quer dizer, que o evangelista Mateus nos fala da fama de santidade que Jos\u00e9 gozava em sua nativa Nazar\u00e9. Por outro lado, o mesmo evangelista, ao apresentar a genealogia de Jesus, segue uma estrutura muito particular: &#8216;X&#8217; foi pai de &#8216;Y&#8217;. Por exemplo: \u201c<em>Abra\u00e3o foi pai de Isaac; Isaque, pai de Jac\u00f3\u201d<\/em> (Mt 1,2) e assim sucessivamente, at\u00e9 chegar ao momento de apresentar Jos\u00e9 que n\u00e3o diz: \u201cJos\u00e9 foi o pai de Jesus\u201d seguindo a l\u00f3gica com que havia apresentado aos outros personagens, mas diz que <em>&#8220;Jac\u00f3 foi pai de Jos\u00e9, o esposo de Maria, de quem nasceu Jesus&#8221; (Mt 1,16).<\/em><\/p>\n\n\n\n<div style=\"height:31px\" aria-hidden=\"true\" class=\"wp-block-spacer\"><\/div>\n\n\n\n<figure class=\"wp-block-image aligncenter\"><img decoding=\"async\" src=\"https:\/\/schoenstatt.com\/wp-content\/uploads\/2022\/03\/IMG_8763-2048x1365.jpg-1024x683.webp\" alt=\"\" class=\"wp-image-24075\"\/><\/figure>\n\n\n\n<div style=\"height:35px\" aria-hidden=\"true\" class=\"wp-block-spacer\"><\/div>\n\n\n\n<p>Jos\u00e9 \u00e9 o patriarca justo e obediente, que busca cumprir sempre a vontade de Deus; mesmo ao custo de romper com seus planos e projetos. Ele \u00e9 o homem que se deixa guiar pelo Senhor, mesmo quando as coisas n\u00e3o estavam totalmente claras. Ele se abre \u00e0 vontade de Deus e colabora com seu plano de salva\u00e7\u00e3o de forma ativa. A figura de S\u00e3o Jos\u00e9, no Evangelho, apresenta-se como a de um homem silencioso (n\u00e3o consta nenhuma frase dita por ele), que <strong>se deixa guiar<\/strong> pelo que o Deus de Israel, o Deus de seus pais, lhe revela em sonhos.<\/p>\n\n\n\n<p>S\u00e3o Jos\u00e9 tamb\u00e9m nos ensina a beleza de buscar e cumprir a vontade de Deus diante de todas as adversidades.<\/p>\n\n\n\n<p>Nem tudo foi cor-de-rosa em sua vida; enfrentou momentos dif\u00edceis, por exemplo, quando n\u00e3o conseguiu encontrar um lugar para eles em Bel\u00e9m, quando teve que fugir para o Egito, quando procurou ansiosamente por Jesus no templo. No entanto, ele sempre se permitiu ser guiado por Deus.<\/p>\n\n\n\n<p>S\u00e3o Jos\u00e9 \u00e9 <strong>o patrono da Igreja, e nos aparece como modelo e protetor<\/strong>. Modelo para imitar em sua <strong>obedi\u00eancai \u00e0 vontade de Deus,<\/strong> em seu <strong>amor<\/strong> por Jesus e por Maria, bem como em sua <strong>humildade<\/strong> e <strong>entrega<\/strong>; na sua <strong>dedica\u00e7\u00e3<\/strong>o e <strong>compromisso.<\/strong><\/p>\n\n\n\n<p>Pe\u00e7amos a S\u00e3o Jos\u00e9, esposo e pai escolhido por Deus para conduzir a Sagrada Fam\u00edlia de Nazar\u00e9, que proteja nossas fam\u00edlias.<\/p>\n\n\n\n<p>Fonte:&nbsp;<a href=\"https:\/\/www.tolkian.com\/\">tolkian.com<\/a><\/p>\n","protected":false},"excerpt":{"rendered":"<p>Como apresentar uma pessoa sobre quem p\u00e1ginas e p\u00e1ginas foram escritas, mas, sobre quem se conhece poucos dados?<\/p>\n","protected":false},"author":3,"featured_media":24087,"comment_status":"closed","ping_status":"closed","sticky":false,"template":"","format":"standard","meta":{"footnotes":""},"categories":[916,608],"tags":[],"class_list":["post-24103","post","type-post","status-publish","format-standard","has-post-thumbnail","hentry","category-espiritualidade-pt-pt","category-igreja-pt-pt"],"yoast_head":"<!-- This site is optimized with the Yoast SEO Premium plugin v27.4 (Yoast SEO v27.4) - https:\/\/yoast.com\/product\/yoast-seo-premium-wordpress\/ -->\n<title>S\u00e3o Jos\u00e9, esposo da Sant\u00edssima Virgem Maria - Schoenstatt<\/title>\n<meta name=\"description\" content=\"Como apresentar uma pessoa sobre quem p\u00e1ginas e p\u00e1ginas foram escritas, mas, sobre quem se conhece poucos dados?\" \/>\n<meta name=\"robots\" content=\"index, follow, max-snippet:-1, max-image-preview:large, max-video-preview:-1\" \/>\n<link rel=\"canonical\" href=\"https:\/\/schoenstatt.com\/pt-pt\/sao-jose-esposo-da-santissima-virgem-maria\/\" \/>\n<meta property=\"og:locale\" content=\"pt_PT\" \/>\n<meta property=\"og:type\" content=\"article\" \/>\n<meta property=\"og:title\" content=\"S\u00e3o Jos\u00e9, esposo da Sant\u00edssima Virgem Maria\" \/>\n<meta property=\"og:description\" content=\"Como apresentar uma pessoa sobre quem p\u00e1ginas e p\u00e1ginas foram escritas, mas, sobre quem se conhece poucos dados?\" \/>\n<meta property=\"og:url\" content=\"https:\/\/schoenstatt.com\/pt-pt\/sao-jose-esposo-da-santissima-virgem-maria\/\" \/>\n<meta property=\"og:site_name\" content=\"Schoenstatt\" \/>\n<meta property=\"article:published_time\" content=\"2022-03-19T09:00:23+00:00\" \/>\n<meta property=\"article:modified_time\" content=\"2026-03-19T12:11:58+00:00\" \/>\n<meta property=\"og:image\" content=\"https:\/\/schoenstatt.com\/wp-content\/uploads\/2022\/03\/cathopic_1508089139853105-scaled-1.jpg\" \/>\n\t<meta property=\"og:image:width\" content=\"2560\" \/>\n\t<meta property=\"og:image:height\" content=\"1920\" \/>\n\t<meta property=\"og:image:type\" content=\"image\/jpeg\" \/>\n<meta name=\"author\" content=\"Karen Bueno\" \/>\n<meta name=\"twitter:card\" content=\"summary_large_image\" \/>\n<meta name=\"twitter:label1\" content=\"Escrito por\" \/>\n\t<meta name=\"twitter:data1\" content=\"Karen Bueno\" \/>\n\t<meta name=\"twitter:label2\" content=\"Tempo estimado de leitura\" \/>\n\t<meta name=\"twitter:data2\" content=\"5 minutos\" \/>\n<script type=\"application\/ld+json\" class=\"yoast-schema-graph\">{\"@context\":\"https:\\\/\\\/schema.org\",\"@graph\":[{\"@type\":\"Article\",\"@id\":\"https:\\\/\\\/schoenstatt.com\\\/pt-pt\\\/sao-jose-esposo-da-santissima-virgem-maria\\\/#article\",\"isPartOf\":{\"@id\":\"https:\\\/\\\/schoenstatt.com\\\/pt-pt\\\/sao-jose-esposo-da-santissima-virgem-maria\\\/\"},\"author\":{\"name\":\"Karen Bueno\",\"@id\":\"https:\\\/\\\/schoenstatt.com\\\/pt-pt\\\/#\\\/schema\\\/person\\\/5158877ad4acae98b34daaeef2a1ce6e\"},\"headline\":\"S\u00e3o Jos\u00e9, esposo da Sant\u00edssima Virgem Maria\",\"datePublished\":\"2022-03-19T09:00:23+00:00\",\"dateModified\":\"2026-03-19T12:11:58+00:00\",\"mainEntityOfPage\":{\"@id\":\"https:\\\/\\\/schoenstatt.com\\\/pt-pt\\\/sao-jose-esposo-da-santissima-virgem-maria\\\/\"},\"wordCount\":760,\"publisher\":{\"@id\":\"https:\\\/\\\/schoenstatt.com\\\/pt-pt\\\/#organization\"},\"image\":{\"@id\":\"https:\\\/\\\/schoenstatt.com\\\/pt-pt\\\/sao-jose-esposo-da-santissima-virgem-maria\\\/#primaryimage\"},\"thumbnailUrl\":\"https:\\\/\\\/schoenstatt.com\\\/wp-content\\\/uploads\\\/2022\\\/03\\\/cathopic_1508089139853105-scaled-1.jpg\",\"articleSection\":[\"Espiritualidade\",\"Igreja\"],\"inLanguage\":\"pt-PT\"},{\"@type\":\"WebPage\",\"@id\":\"https:\\\/\\\/schoenstatt.com\\\/pt-pt\\\/sao-jose-esposo-da-santissima-virgem-maria\\\/\",\"url\":\"https:\\\/\\\/schoenstatt.com\\\/pt-pt\\\/sao-jose-esposo-da-santissima-virgem-maria\\\/\",\"name\":\"S\u00e3o Jos\u00e9, esposo da Sant\u00edssima Virgem Maria - Schoenstatt\",\"isPartOf\":{\"@id\":\"https:\\\/\\\/schoenstatt.com\\\/pt-pt\\\/#website\"},\"primaryImageOfPage\":{\"@id\":\"https:\\\/\\\/schoenstatt.com\\\/pt-pt\\\/sao-jose-esposo-da-santissima-virgem-maria\\\/#primaryimage\"},\"image\":{\"@id\":\"https:\\\/\\\/schoenstatt.com\\\/pt-pt\\\/sao-jose-esposo-da-santissima-virgem-maria\\\/#primaryimage\"},\"thumbnailUrl\":\"https:\\\/\\\/schoenstatt.com\\\/wp-content\\\/uploads\\\/2022\\\/03\\\/cathopic_1508089139853105-scaled-1.jpg\",\"datePublished\":\"2022-03-19T09:00:23+00:00\",\"dateModified\":\"2026-03-19T12:11:58+00:00\",\"description\":\"Como apresentar uma pessoa sobre quem p\u00e1ginas e p\u00e1ginas foram escritas, mas, sobre quem se conhece poucos dados?\",\"breadcrumb\":{\"@id\":\"https:\\\/\\\/schoenstatt.com\\\/pt-pt\\\/sao-jose-esposo-da-santissima-virgem-maria\\\/#breadcrumb\"},\"inLanguage\":\"pt-PT\",\"potentialAction\":[{\"@type\":\"ReadAction\",\"target\":[\"https:\\\/\\\/schoenstatt.com\\\/pt-pt\\\/sao-jose-esposo-da-santissima-virgem-maria\\\/\"]}]},{\"@type\":\"ImageObject\",\"inLanguage\":\"pt-PT\",\"@id\":\"https:\\\/\\\/schoenstatt.com\\\/pt-pt\\\/sao-jose-esposo-da-santissima-virgem-maria\\\/#primaryimage\",\"url\":\"https:\\\/\\\/schoenstatt.com\\\/wp-content\\\/uploads\\\/2022\\\/03\\\/cathopic_1508089139853105-scaled-1.jpg\",\"contentUrl\":\"https:\\\/\\\/schoenstatt.com\\\/wp-content\\\/uploads\\\/2022\\\/03\\\/cathopic_1508089139853105-scaled-1.jpg\",\"width\":2560,\"height\":1920,\"caption\":\"San Jos\u00e9\"},{\"@type\":\"BreadcrumbList\",\"@id\":\"https:\\\/\\\/schoenstatt.com\\\/pt-pt\\\/sao-jose-esposo-da-santissima-virgem-maria\\\/#breadcrumb\",\"itemListElement\":[{\"@type\":\"ListItem\",\"position\":1,\"name\":\"Portada\",\"item\":\"https:\\\/\\\/schoenstatt.com\\\/pt-pt\\\/home\\\/\"},{\"@type\":\"ListItem\",\"position\":2,\"name\":\"S\u00e3o Jos\u00e9, esposo da Sant\u00edssima Virgem Maria\"}]},{\"@type\":\"WebSite\",\"@id\":\"https:\\\/\\\/schoenstatt.com\\\/pt-pt\\\/#website\",\"url\":\"https:\\\/\\\/schoenstatt.com\\\/pt-pt\\\/\",\"name\":\"Schoenstatt\",\"description\":\"Apostolic Movement\",\"publisher\":{\"@id\":\"https:\\\/\\\/schoenstatt.com\\\/pt-pt\\\/#organization\"},\"potentialAction\":[{\"@type\":\"SearchAction\",\"target\":{\"@type\":\"EntryPoint\",\"urlTemplate\":\"https:\\\/\\\/schoenstatt.com\\\/pt-pt\\\/?s={search_term_string}\"},\"query-input\":{\"@type\":\"PropertyValueSpecification\",\"valueRequired\":true,\"valueName\":\"search_term_string\"}}],\"inLanguage\":\"pt-PT\"},{\"@type\":\"Organization\",\"@id\":\"https:\\\/\\\/schoenstatt.com\\\/pt-pt\\\/#organization\",\"name\":\"Schoenstatt\",\"url\":\"https:\\\/\\\/schoenstatt.com\\\/pt-pt\\\/\",\"logo\":{\"@type\":\"ImageObject\",\"inLanguage\":\"pt-PT\",\"@id\":\"https:\\\/\\\/schoenstatt.com\\\/pt-pt\\\/#\\\/schema\\\/logo\\\/image\\\/\",\"url\":\"https:\\\/\\\/schoenstatt.com\\\/wp-content\\\/uploads\\\/2025\\\/04\\\/logo-schoenstatt-white-696x696-1.png\",\"contentUrl\":\"https:\\\/\\\/schoenstatt.com\\\/wp-content\\\/uploads\\\/2025\\\/04\\\/logo-schoenstatt-white-696x696-1.png\",\"width\":696,\"height\":694,\"caption\":\"Schoenstatt\"},\"image\":{\"@id\":\"https:\\\/\\\/schoenstatt.com\\\/pt-pt\\\/#\\\/schema\\\/logo\\\/image\\\/\"}},{\"@type\":\"Person\",\"@id\":\"https:\\\/\\\/schoenstatt.com\\\/pt-pt\\\/#\\\/schema\\\/person\\\/5158877ad4acae98b34daaeef2a1ce6e\",\"name\":\"Karen Bueno\",\"image\":{\"@type\":\"ImageObject\",\"inLanguage\":\"pt-PT\",\"@id\":\"https:\\\/\\\/secure.gravatar.com\\\/avatar\\\/f9f4b823873154269d2b2130f195f6d41037dd0d7fc5f3cacb5c846bae70d66b?s=96&d=mm&r=g\",\"url\":\"https:\\\/\\\/secure.gravatar.com\\\/avatar\\\/f9f4b823873154269d2b2130f195f6d41037dd0d7fc5f3cacb5c846bae70d66b?s=96&d=mm&r=g\",\"contentUrl\":\"https:\\\/\\\/secure.gravatar.com\\\/avatar\\\/f9f4b823873154269d2b2130f195f6d41037dd0d7fc5f3cacb5c846bae70d66b?s=96&d=mm&r=g\",\"caption\":\"Karen Bueno\"},\"url\":\"https:\\\/\\\/schoenstatt.com\\\/pt-pt\\\/author\\\/karen-bueno\\\/\"}]}<\/script>\n<!-- \/ Yoast SEO Premium plugin. -->","yoast_head_json":{"title":"S\u00e3o Jos\u00e9, esposo da Sant\u00edssima Virgem Maria - Schoenstatt","description":"Como apresentar uma pessoa sobre quem p\u00e1ginas e p\u00e1ginas foram escritas, mas, sobre quem se conhece poucos dados?","robots":{"index":"index","follow":"follow","max-snippet":"max-snippet:-1","max-image-preview":"max-image-preview:large","max-video-preview":"max-video-preview:-1"},"canonical":"https:\/\/schoenstatt.com\/pt-pt\/sao-jose-esposo-da-santissima-virgem-maria\/","og_locale":"pt_PT","og_type":"article","og_title":"S\u00e3o Jos\u00e9, esposo da Sant\u00edssima Virgem Maria","og_description":"Como apresentar uma pessoa sobre quem p\u00e1ginas e p\u00e1ginas foram escritas, mas, sobre quem se conhece poucos dados?","og_url":"https:\/\/schoenstatt.com\/pt-pt\/sao-jose-esposo-da-santissima-virgem-maria\/","og_site_name":"Schoenstatt","article_published_time":"2022-03-19T09:00:23+00:00","article_modified_time":"2026-03-19T12:11:58+00:00","og_image":[{"width":2560,"height":1920,"url":"https:\/\/schoenstatt.com\/wp-content\/uploads\/2022\/03\/cathopic_1508089139853105-scaled-1.jpg","type":"image\/jpeg"}],"author":"Karen Bueno","twitter_card":"summary_large_image","twitter_misc":{"Escrito por":"Karen Bueno","Tempo estimado de leitura":"5 minutos"},"schema":{"@context":"https:\/\/schema.org","@graph":[{"@type":"Article","@id":"https:\/\/schoenstatt.com\/pt-pt\/sao-jose-esposo-da-santissima-virgem-maria\/#article","isPartOf":{"@id":"https:\/\/schoenstatt.com\/pt-pt\/sao-jose-esposo-da-santissima-virgem-maria\/"},"author":{"name":"Karen Bueno","@id":"https:\/\/schoenstatt.com\/pt-pt\/#\/schema\/person\/5158877ad4acae98b34daaeef2a1ce6e"},"headline":"S\u00e3o Jos\u00e9, esposo da Sant\u00edssima Virgem Maria","datePublished":"2022-03-19T09:00:23+00:00","dateModified":"2026-03-19T12:11:58+00:00","mainEntityOfPage":{"@id":"https:\/\/schoenstatt.com\/pt-pt\/sao-jose-esposo-da-santissima-virgem-maria\/"},"wordCount":760,"publisher":{"@id":"https:\/\/schoenstatt.com\/pt-pt\/#organization"},"image":{"@id":"https:\/\/schoenstatt.com\/pt-pt\/sao-jose-esposo-da-santissima-virgem-maria\/#primaryimage"},"thumbnailUrl":"https:\/\/schoenstatt.com\/wp-content\/uploads\/2022\/03\/cathopic_1508089139853105-scaled-1.jpg","articleSection":["Espiritualidade","Igreja"],"inLanguage":"pt-PT"},{"@type":"WebPage","@id":"https:\/\/schoenstatt.com\/pt-pt\/sao-jose-esposo-da-santissima-virgem-maria\/","url":"https:\/\/schoenstatt.com\/pt-pt\/sao-jose-esposo-da-santissima-virgem-maria\/","name":"S\u00e3o Jos\u00e9, esposo da Sant\u00edssima Virgem Maria - Schoenstatt","isPartOf":{"@id":"https:\/\/schoenstatt.com\/pt-pt\/#website"},"primaryImageOfPage":{"@id":"https:\/\/schoenstatt.com\/pt-pt\/sao-jose-esposo-da-santissima-virgem-maria\/#primaryimage"},"image":{"@id":"https:\/\/schoenstatt.com\/pt-pt\/sao-jose-esposo-da-santissima-virgem-maria\/#primaryimage"},"thumbnailUrl":"https:\/\/schoenstatt.com\/wp-content\/uploads\/2022\/03\/cathopic_1508089139853105-scaled-1.jpg","datePublished":"2022-03-19T09:00:23+00:00","dateModified":"2026-03-19T12:11:58+00:00","description":"Como apresentar uma pessoa sobre quem p\u00e1ginas e p\u00e1ginas foram escritas, mas, sobre quem se conhece poucos dados?","breadcrumb":{"@id":"https:\/\/schoenstatt.com\/pt-pt\/sao-jose-esposo-da-santissima-virgem-maria\/#breadcrumb"},"inLanguage":"pt-PT","potentialAction":[{"@type":"ReadAction","target":["https:\/\/schoenstatt.com\/pt-pt\/sao-jose-esposo-da-santissima-virgem-maria\/"]}]},{"@type":"ImageObject","inLanguage":"pt-PT","@id":"https:\/\/schoenstatt.com\/pt-pt\/sao-jose-esposo-da-santissima-virgem-maria\/#primaryimage","url":"https:\/\/schoenstatt.com\/wp-content\/uploads\/2022\/03\/cathopic_1508089139853105-scaled-1.jpg","contentUrl":"https:\/\/schoenstatt.com\/wp-content\/uploads\/2022\/03\/cathopic_1508089139853105-scaled-1.jpg","width":2560,"height":1920,"caption":"San Jos\u00e9"},{"@type":"BreadcrumbList","@id":"https:\/\/schoenstatt.com\/pt-pt\/sao-jose-esposo-da-santissima-virgem-maria\/#breadcrumb","itemListElement":[{"@type":"ListItem","position":1,"name":"Portada","item":"https:\/\/schoenstatt.com\/pt-pt\/home\/"},{"@type":"ListItem","position":2,"name":"S\u00e3o Jos\u00e9, esposo da Sant\u00edssima Virgem Maria"}]},{"@type":"WebSite","@id":"https:\/\/schoenstatt.com\/pt-pt\/#website","url":"https:\/\/schoenstatt.com\/pt-pt\/","name":"Schoenstatt","description":"Apostolic Movement","publisher":{"@id":"https:\/\/schoenstatt.com\/pt-pt\/#organization"},"potentialAction":[{"@type":"SearchAction","target":{"@type":"EntryPoint","urlTemplate":"https:\/\/schoenstatt.com\/pt-pt\/?s={search_term_string}"},"query-input":{"@type":"PropertyValueSpecification","valueRequired":true,"valueName":"search_term_string"}}],"inLanguage":"pt-PT"},{"@type":"Organization","@id":"https:\/\/schoenstatt.com\/pt-pt\/#organization","name":"Schoenstatt","url":"https:\/\/schoenstatt.com\/pt-pt\/","logo":{"@type":"ImageObject","inLanguage":"pt-PT","@id":"https:\/\/schoenstatt.com\/pt-pt\/#\/schema\/logo\/image\/","url":"https:\/\/schoenstatt.com\/wp-content\/uploads\/2025\/04\/logo-schoenstatt-white-696x696-1.png","contentUrl":"https:\/\/schoenstatt.com\/wp-content\/uploads\/2025\/04\/logo-schoenstatt-white-696x696-1.png","width":696,"height":694,"caption":"Schoenstatt"},"image":{"@id":"https:\/\/schoenstatt.com\/pt-pt\/#\/schema\/logo\/image\/"}},{"@type":"Person","@id":"https:\/\/schoenstatt.com\/pt-pt\/#\/schema\/person\/5158877ad4acae98b34daaeef2a1ce6e","name":"Karen Bueno","image":{"@type":"ImageObject","inLanguage":"pt-PT","@id":"https:\/\/secure.gravatar.com\/avatar\/f9f4b823873154269d2b2130f195f6d41037dd0d7fc5f3cacb5c846bae70d66b?s=96&d=mm&r=g","url":"https:\/\/secure.gravatar.com\/avatar\/f9f4b823873154269d2b2130f195f6d41037dd0d7fc5f3cacb5c846bae70d66b?s=96&d=mm&r=g","contentUrl":"https:\/\/secure.gravatar.com\/avatar\/f9f4b823873154269d2b2130f195f6d41037dd0d7fc5f3cacb5c846bae70d66b?s=96&d=mm&r=g","caption":"Karen Bueno"},"url":"https:\/\/schoenstatt.com\/pt-pt\/author\/karen-bueno\/"}]}},"_links":{"self":[{"href":"https:\/\/schoenstatt.com\/pt-pt\/wp-json\/wp\/v2\/posts\/24103","targetHints":{"allow":["GET"]}}],"collection":[{"href":"https:\/\/schoenstatt.com\/pt-pt\/wp-json\/wp\/v2\/posts"}],"about":[{"href":"https:\/\/schoenstatt.com\/pt-pt\/wp-json\/wp\/v2\/types\/post"}],"author":[{"embeddable":true,"href":"https:\/\/schoenstatt.com\/pt-pt\/wp-json\/wp\/v2\/users\/3"}],"replies":[{"embeddable":true,"href":"https:\/\/schoenstatt.com\/pt-pt\/wp-json\/wp\/v2\/comments?post=24103"}],"version-history":[{"count":2,"href":"https:\/\/schoenstatt.com\/pt-pt\/wp-json\/wp\/v2\/posts\/24103\/revisions"}],"predecessor-version":[{"id":69049,"href":"https:\/\/schoenstatt.com\/pt-pt\/wp-json\/wp\/v2\/posts\/24103\/revisions\/69049"}],"wp:featuredmedia":[{"embeddable":true,"href":"https:\/\/schoenstatt.com\/pt-pt\/wp-json\/wp\/v2\/media\/24087"}],"wp:attachment":[{"href":"https:\/\/schoenstatt.com\/pt-pt\/wp-json\/wp\/v2\/media?parent=24103"}],"wp:term":[{"taxonomy":"category","embeddable":true,"href":"https:\/\/schoenstatt.com\/pt-pt\/wp-json\/wp\/v2\/categories?post=24103"},{"taxonomy":"post_tag","embeddable":true,"href":"https:\/\/schoenstatt.com\/pt-pt\/wp-json\/wp\/v2\/tags?post=24103"}],"curies":[{"name":"wp","href":"https:\/\/api.w.org\/{rel}","templated":true}]}}