{"id":23996,"date":"2022-03-13T09:00:18","date_gmt":"2022-03-13T08:00:18","guid":{"rendered":"https:\/\/schoenstatt.com\/?p=23996"},"modified":"2025-05-16T03:14:39","modified_gmt":"2025-05-16T01:14:39","slug":"o-plus-da-mulher-segundo-pe-jose-kentenich","status":"publish","type":"post","link":"https:\/\/schoenstatt.com\/pt-pt\/o-plus-da-mulher-segundo-pe-jose-kentenich\/","title":{"rendered":"O Plus da Mulher segundo Pe. Jos\u00e9 Kentenich"},"content":{"rendered":"<p>O papel e a miss\u00e3o da mulher para o tempo atual, sua import\u00e2ncia para a sociedade e para a reden\u00e7\u00e3o do homem foi um tema muito valorizado pelo nosso Fundador, Pe. Jos\u00e9 Kentenich. Ele investiu muito tempo de seu trabalho e apoiou muitas iniciativas dentro das comunidades femininas. Um imperativo, que para ele foi essencial e vital, foi\u00a0 <strong>\u201cNon erigitur vir, nisi per feminam\u201d \u2013 O homem n\u00e3o ser\u00e1 redimido sen\u00e3o pela mulher<\/strong>\u201d,\u00a0citando a S\u00e3o Bernardo de Claraval, a quem se atribui essa frase.<\/p>\n<p>O Pe. Jos\u00e9 Kentenich, manteve firme sua convic\u00e7\u00e3o da\u00a0ess\u00eancia original pr\u00f3pria da mulher, apesar de que, j\u00e1 na sua \u00e9poca, crescia a tend\u00eancia de ver as diferen\u00e7as entre o homem e a mulher como pequenas, por exemplo, somente diferen\u00e7as biol\u00f3gicas, e o demais era devido \u00e0 educa\u00e7\u00e3o e a influencias externas. Ele nos diz:<\/p>\n<blockquote><p>\u00a0\u201cO conceito de que a mulher deve ser equiparada e valorizada, na sua ess\u00eancia, segundo a maneira de ser do homem, \u00e9 equivocado. N\u00e3o \u00e9 correto imaginar a masculinidade como norma para julgar a feminilidade e a originalidade da mulher. Este falso conceito esteve frequentemente mantido ao longo dos s\u00e9culos\u201d. (Pe. Jos\u00e9 Kentenich, Educa\u00e7\u00e3o Mariana. Jornada pedag\u00f3gica 1934)<\/p><\/blockquote>\n<p><img fetchpriority=\"high\" decoding=\"async\" class=\"aligncenter wp-image-24001 size-full\" src=\"https:\/\/schoenstatt.com\/wp-content\/uploads\/2022\/03\/cathopic_1504029640494607-scaled.jpg\" alt=\"\" width=\"1442\" height=\"2560\" \/><\/p>\n<h3>\u00a0Como regra b\u00e1sica, o Pe. Kentenich descreve a rela\u00e7\u00e3o m\u00fatua entre homem e mulher: S\u00e3o iguais em dignidade e valor e diferentes na sua forma de ser.<\/h3>\n<blockquote><p>\u00a0\u201cO original da mulher \u00e9 a forte predisposi\u00e7\u00e3o ao pessoal, ao espiritual e ao maternal. Est\u00e1 fortemente predisposta ao pessoal, o homem mais predisposto ao objetivo. Mais predisposta \u00e0s coisas da alma, o homem mais ao mundo das ideias. A mulher, ao maternal, o homem ao utilit\u00e1rio. Assim podemos ver o contraste. Mas tamb\u00e9m podemos dizer que as \u2018linhas divis\u00f3rias se confundem\u2019.\u00a0 N\u00e3o \u00e9 f\u00e1cil dizer at\u00e9 aqui uma e daqui para frente outra linha. Por isso, muitas vezes, constatamos uma forte inclina\u00e7\u00e3o de um lado, outras vezes de outro lado. Para uma vis\u00e3o mais clara, ao inv\u00e9s de dizer \u2018homem e mulher\u2019, dir\u00edamos \u2018principio feminino e princ\u00edpio masculino\u2019.\u00a0\u00a0 Este tema se apresenta desta forma, segundo o ponto de vista da filosofia da cultura\u201d. (Pe. Jos\u00e9 Kentenich, Jornada Pedag\u00f3gica 1934)<\/p><\/blockquote>\n<p>De acordo com o Pe. Kentenich, as caracter\u00edsticas ditas masculinas e femininas n\u00e3o s\u00e3o aplicadas exclusivamente ao homem ou \u00e0 mulher respectivamente. Ou seja, n\u00e3o se trata de \u2018estere\u00f3tipos e pap\u00e9is de g\u00eanero\u201d. O Pe. Kentenich fala mais bem de um \u2018plus\u2019 ou de um \u2018mais\u2019 do feminino na mulher e de um \u2018plus\u2019 ou de um \u2018mais\u2019 do masculino no homem.<\/p>\n<blockquote><p>\u201cNeste ponto somente posso falar de um \u2018plus\u2019 ou \u2018mais\u2019. Porque todos os valores que a mulher possui, o homem tamb\u00e9m possui e vice-versa. Somente se trata de um \u2018plus\u2019\u201d.\u00a0\u00a0\u00a0(Pe. Jos\u00e9 Kentenich, Jornada Pedag\u00f3gica 1934)<\/p><\/blockquote>\n<h3>Um \u201cplus\u201d na tend\u00eancia maternal.<\/h3>\n<p>Na mulher existe, como disposi\u00e7\u00e3o fundamental, uma dedica\u00e7\u00e3o mais forte pela vida, num sentido mais amplo. Isto se manifesta, por exemplo, no \u2018plus\u2019 de for\u00e7a criadora da alma, na disposi\u00e7\u00e3o ao sacrif\u00edcio, na capacidade de sofrimento; uma maior disposi\u00e7\u00e3o para suportar dores (f\u00edsicas ou psicol\u00f3gicas); maior resist\u00eancia.<\/p>\n<p><img decoding=\"async\" class=\"aligncenter wp-image-24017 size-full\" src=\"https:\/\/schoenstatt.com\/wp-content\/uploads\/2022\/03\/cathopic_1521000108615294-scaled.jpg\" alt=\"\" width=\"2560\" height=\"1707\" \/><\/p>\n<h3>Um \u201cplus\u201d nas rela\u00e7\u00f5es vitais<\/h3>\n<p>A mulher possui uma sensibilidade apurada para os processos vitais; uma atenta receptividade para os ritmos vitais; maior rela\u00e7\u00e3o nos mist\u00e9rios da natureza e da vida humana. Isto tamb\u00e9m no \u00e2mbito espiritual e da alma. Ao dom\u00ednio da mulher pertence o servir \u00e0 vida, tanto no corporal, espiritual e na alma; e ser protetora e acompanhante de toda vida.<\/p>\n<h3>Um \u201cplus\u201d em amor espiritual e v\u00ednculos<\/h3>\n<p>Sempre que uma mulher se dedica a uma pessoa ou coisa, a acompanha com uma parte de seu \u2018cora\u00e7\u00e3o\u2019.\u00a0 \u00c9 no \u00e2mbito espiritual que se origina o impulso de orientar-se a uma pessoa ou a uma tarefa e n\u00e3o no \u00e2mbito intelectual. O que ela faz, n\u00e3o tem somente um valor exteriormente percept\u00edvel, um valor pr\u00e1tico, mas tem tamb\u00e9m um car\u00e1ter simb\u00f3lico. Para a mulher, em qualquer forma de amor, sempre se acentua o espiritual.<\/p>\n<blockquote><p>\u201cA mulher quer e deve impregnar de esp\u00edrito tudo o que faz. Ela tem uma fun\u00e7\u00e3o especial na vida cotidiana, na vida pessoal, na vida social, na vida industrial e cultural. Tem a grande tarefa de impregnar de alma, de impregnar de esp\u00edrito todos os processos vitais; em si mesma e ao seu redor.\u201d\u00a0 (Pe. Kentenich, Confer\u00eancia em Roma 18 dezembro 1965)<\/p><\/blockquote>\n<p>Sua entrega \u00e9 profunda e pessoal. Em tudo e em todos busca o tu e ela tamb\u00e9m necessita receber uma entrega pessoal. Desse modo, a mulher pode formar e cultivar m\u00faltiplos v\u00ednculos pessoais, pode tornar-se um \u2018centro de vincula\u00e7\u00f5es\u2019.<\/p>\n<p><img decoding=\"async\" class=\"aligncenter wp-image-24005 size-full\" src=\"https:\/\/schoenstatt.com\/wp-content\/uploads\/2022\/03\/2.png\" alt=\"\" width=\"1012\" height=\"594\" \/><\/p>\n<h3>Um \u201cplus\u201d em intui\u00e7\u00e3o<\/h3>\n<p>Pe. Kentenich confronta o pensamento intuitivo feminino com o pensamento reflexivo masculino.<\/p>\n<blockquote><p>\u201cA l\u00f3gica masculina \u00e9 uma l\u00f3gica piramidal. Um t\u00edpico homem tem diante de si um c\u00edrculo de verdades. O corta em peda\u00e7os e, bloco sobre bloco, constr\u00f3i uma pir\u00e2mide. Estas leis da l\u00f3gica j\u00e1 v\u00eam desde Arist\u00f3teles. A l\u00f3gica feminina \u00e9 designada como l\u00f3gica circular ou do infinito\u201d. \u00a0(Pe. Jos\u00e9 Kentenich, Jornada pedag\u00f3gica 1934)<\/p><\/blockquote>\n<p>A mulher capta as coisas de maneira ampla, integral. Compreende, valoriza intuitivamente, sem poder mencionar de momento suas razoes de maneira compreens\u00edvel. Somente mais tarde, em outras etapas, se esclarece de maneira reflexiva aquilo que havia compreendido espontaneamente.<\/p>\n<h3>Um \u201cplus\u201d por excel\u00eancia<\/h3>\n<p>Para o nosso fundador, o grande \u201cplus\u201d da grandeza feminina e do eterno feminino como ele costumava dizer, culmina em nossa querida M\u00e3e de Deus, por meio dela s\u00e3o redimidas todas as pessoas, Ela \u00e9 para todas as mulheres hoje e sempre modelo da \u201cordem do ser\u201d mulher.<\/p>\n<p>&nbsp;<\/p>\n<p><img loading=\"lazy\" decoding=\"async\" class=\"aligncenter wp-image-24009 size-full\" src=\"https:\/\/schoenstatt.com\/wp-content\/uploads\/2022\/03\/lichimarinho-1608317688498-cathopic-scaled.jpg\" alt=\"\" width=\"2560\" height=\"1922\" \/><\/p>\n<p>Refer\u00eancia Bibliogr\u00e1fica:<\/p>\n<p>Nisi per feminam \u2013 Sele\u00e7\u00e3o de textos, Instituto Nossa Senhora de Schoenstatt, 2019<\/p>\n<p>&nbsp;<\/p>\n<p>Fuente:<a href=\"https:\/\/schoenstatt.org.br\/\"> https:\/\/schoenstatt.org.br\/<\/a><\/p>\n","protected":false},"excerpt":{"rendered":"<p>Como regra b\u00e1sica, o Pe. Kentenich descreve a rela\u00e7\u00e3o m\u00fatua entre homem e mulher: S\u00e3o iguais em dignidade e valor e diferentes na sua forma de ser.<\/p>\n","protected":false},"author":3,"featured_media":23997,"comment_status":"closed","ping_status":"closed","sticky":false,"template":"","format":"standard","meta":{"footnotes":""},"categories":[916,880],"tags":[],"class_list":["post-23996","post","type-post","status-publish","format-standard","has-post-thumbnail","hentry","category-espiritualidade-pt-pt","category-pe-jose-kentenich-pt-pt"],"yoast_head":"<!-- This site is optimized with the Yoast SEO Premium plugin v27.4 (Yoast SEO v27.5) - https:\/\/yoast.com\/product\/yoast-seo-premium-wordpress\/ -->\n<title>O Plus da Mulher segundo Pe. Jos\u00e9 Kentenich - Schoenstatt<\/title>\n<meta name=\"description\" content=\"O papel e a miss\u00e3o da mulher para o tempo atual, sua import\u00e2ncia para a sociedade e para a reden\u00e7\u00e3o do homem.\" \/>\n<meta name=\"robots\" content=\"index, follow, max-snippet:-1, max-image-preview:large, max-video-preview:-1\" \/>\n<link rel=\"canonical\" href=\"https:\/\/schoenstatt.com\/pt-pt\/o-plus-da-mulher-segundo-pe-jose-kentenich\/\" \/>\n<meta property=\"og:locale\" content=\"pt_PT\" \/>\n<meta property=\"og:type\" content=\"article\" \/>\n<meta property=\"og:title\" content=\"O Plus da Mulher segundo Pe. Jos\u00e9 Kentenich\" \/>\n<meta property=\"og:description\" content=\"O papel e a miss\u00e3o da mulher para o tempo atual, sua import\u00e2ncia para a sociedade e para a reden\u00e7\u00e3o do homem.\" \/>\n<meta property=\"og:url\" content=\"https:\/\/schoenstatt.com\/pt-pt\/o-plus-da-mulher-segundo-pe-jose-kentenich\/\" \/>\n<meta property=\"og:site_name\" content=\"Schoenstatt\" \/>\n<meta property=\"article:published_time\" content=\"2022-03-13T08:00:18+00:00\" \/>\n<meta property=\"article:modified_time\" content=\"2025-05-16T01:14:39+00:00\" \/>\n<meta property=\"og:image\" content=\"https:\/\/schoenstatt.com\/wp-content\/uploads\/2022\/03\/lichimarinho-158905201820-cathopic-scaled-1.jpg\" \/>\n\t<meta property=\"og:image:width\" content=\"2560\" \/>\n\t<meta property=\"og:image:height\" content=\"2007\" \/>\n\t<meta property=\"og:image:type\" content=\"image\/jpeg\" \/>\n<meta name=\"author\" content=\"Karen Bueno\" \/>\n<meta name=\"twitter:card\" content=\"summary_large_image\" \/>\n<meta name=\"twitter:label1\" content=\"Escrito por\" \/>\n\t<meta name=\"twitter:data1\" content=\"Karen Bueno\" \/>\n\t<meta name=\"twitter:label2\" content=\"Tempo estimado de leitura\" \/>\n\t<meta name=\"twitter:data2\" content=\"6 minutos\" \/>\n<script type=\"application\/ld+json\" class=\"yoast-schema-graph\">{\"@context\":\"https:\\\/\\\/schema.org\",\"@graph\":[{\"@type\":\"Article\",\"@id\":\"https:\\\/\\\/schoenstatt.com\\\/pt-pt\\\/o-plus-da-mulher-segundo-pe-jose-kentenich\\\/#article\",\"isPartOf\":{\"@id\":\"https:\\\/\\\/schoenstatt.com\\\/pt-pt\\\/o-plus-da-mulher-segundo-pe-jose-kentenich\\\/\"},\"author\":{\"name\":\"Karen Bueno\",\"@id\":\"https:\\\/\\\/schoenstatt.com\\\/pt-pt\\\/#\\\/schema\\\/person\\\/5158877ad4acae98b34daaeef2a1ce6e\"},\"headline\":\"O Plus da Mulher segundo Pe. Jos\u00e9 Kentenich\",\"datePublished\":\"2022-03-13T08:00:18+00:00\",\"dateModified\":\"2025-05-16T01:14:39+00:00\",\"mainEntityOfPage\":{\"@id\":\"https:\\\/\\\/schoenstatt.com\\\/pt-pt\\\/o-plus-da-mulher-segundo-pe-jose-kentenich\\\/\"},\"wordCount\":1018,\"publisher\":{\"@id\":\"https:\\\/\\\/schoenstatt.com\\\/pt-pt\\\/#organization\"},\"image\":{\"@id\":\"https:\\\/\\\/schoenstatt.com\\\/pt-pt\\\/o-plus-da-mulher-segundo-pe-jose-kentenich\\\/#primaryimage\"},\"thumbnailUrl\":\"https:\\\/\\\/schoenstatt.com\\\/wp-content\\\/uploads\\\/2022\\\/03\\\/lichimarinho-158905201820-cathopic-scaled-1.jpg\",\"articleSection\":[\"Espiritualidade\",\"Pe. Jos\u00e9 Kentenich\"],\"inLanguage\":\"pt-PT\"},{\"@type\":\"WebPage\",\"@id\":\"https:\\\/\\\/schoenstatt.com\\\/pt-pt\\\/o-plus-da-mulher-segundo-pe-jose-kentenich\\\/\",\"url\":\"https:\\\/\\\/schoenstatt.com\\\/pt-pt\\\/o-plus-da-mulher-segundo-pe-jose-kentenich\\\/\",\"name\":\"O Plus da Mulher segundo Pe. Jos\u00e9 Kentenich - Schoenstatt\",\"isPartOf\":{\"@id\":\"https:\\\/\\\/schoenstatt.com\\\/pt-pt\\\/#website\"},\"primaryImageOfPage\":{\"@id\":\"https:\\\/\\\/schoenstatt.com\\\/pt-pt\\\/o-plus-da-mulher-segundo-pe-jose-kentenich\\\/#primaryimage\"},\"image\":{\"@id\":\"https:\\\/\\\/schoenstatt.com\\\/pt-pt\\\/o-plus-da-mulher-segundo-pe-jose-kentenich\\\/#primaryimage\"},\"thumbnailUrl\":\"https:\\\/\\\/schoenstatt.com\\\/wp-content\\\/uploads\\\/2022\\\/03\\\/lichimarinho-158905201820-cathopic-scaled-1.jpg\",\"datePublished\":\"2022-03-13T08:00:18+00:00\",\"dateModified\":\"2025-05-16T01:14:39+00:00\",\"description\":\"O papel e a miss\u00e3o da mulher para o tempo atual, sua import\u00e2ncia para a sociedade e para a reden\u00e7\u00e3o do homem.\",\"breadcrumb\":{\"@id\":\"https:\\\/\\\/schoenstatt.com\\\/pt-pt\\\/o-plus-da-mulher-segundo-pe-jose-kentenich\\\/#breadcrumb\"},\"inLanguage\":\"pt-PT\",\"potentialAction\":[{\"@type\":\"ReadAction\",\"target\":[\"https:\\\/\\\/schoenstatt.com\\\/pt-pt\\\/o-plus-da-mulher-segundo-pe-jose-kentenich\\\/\"]}]},{\"@type\":\"ImageObject\",\"inLanguage\":\"pt-PT\",\"@id\":\"https:\\\/\\\/schoenstatt.com\\\/pt-pt\\\/o-plus-da-mulher-segundo-pe-jose-kentenich\\\/#primaryimage\",\"url\":\"https:\\\/\\\/schoenstatt.com\\\/wp-content\\\/uploads\\\/2022\\\/03\\\/lichimarinho-158905201820-cathopic-scaled-1.jpg\",\"contentUrl\":\"https:\\\/\\\/schoenstatt.com\\\/wp-content\\\/uploads\\\/2022\\\/03\\\/lichimarinho-158905201820-cathopic-scaled-1.jpg\",\"width\":2560,\"height\":2007},{\"@type\":\"BreadcrumbList\",\"@id\":\"https:\\\/\\\/schoenstatt.com\\\/pt-pt\\\/o-plus-da-mulher-segundo-pe-jose-kentenich\\\/#breadcrumb\",\"itemListElement\":[{\"@type\":\"ListItem\",\"position\":1,\"name\":\"Portada\",\"item\":\"https:\\\/\\\/schoenstatt.com\\\/pt-pt\\\/home\\\/\"},{\"@type\":\"ListItem\",\"position\":2,\"name\":\"O Plus da Mulher segundo Pe. Jos\u00e9 Kentenich\"}]},{\"@type\":\"WebSite\",\"@id\":\"https:\\\/\\\/schoenstatt.com\\\/pt-pt\\\/#website\",\"url\":\"https:\\\/\\\/schoenstatt.com\\\/pt-pt\\\/\",\"name\":\"Schoenstatt\",\"description\":\"Apostolic Movement\",\"publisher\":{\"@id\":\"https:\\\/\\\/schoenstatt.com\\\/pt-pt\\\/#organization\"},\"potentialAction\":[{\"@type\":\"SearchAction\",\"target\":{\"@type\":\"EntryPoint\",\"urlTemplate\":\"https:\\\/\\\/schoenstatt.com\\\/pt-pt\\\/?s={search_term_string}\"},\"query-input\":{\"@type\":\"PropertyValueSpecification\",\"valueRequired\":true,\"valueName\":\"search_term_string\"}}],\"inLanguage\":\"pt-PT\"},{\"@type\":\"Organization\",\"@id\":\"https:\\\/\\\/schoenstatt.com\\\/pt-pt\\\/#organization\",\"name\":\"Schoenstatt\",\"url\":\"https:\\\/\\\/schoenstatt.com\\\/pt-pt\\\/\",\"logo\":{\"@type\":\"ImageObject\",\"inLanguage\":\"pt-PT\",\"@id\":\"https:\\\/\\\/schoenstatt.com\\\/pt-pt\\\/#\\\/schema\\\/logo\\\/image\\\/\",\"url\":\"https:\\\/\\\/schoenstatt.com\\\/wp-content\\\/uploads\\\/2025\\\/04\\\/logo-schoenstatt-white-696x696-1.png\",\"contentUrl\":\"https:\\\/\\\/schoenstatt.com\\\/wp-content\\\/uploads\\\/2025\\\/04\\\/logo-schoenstatt-white-696x696-1.png\",\"width\":696,\"height\":694,\"caption\":\"Schoenstatt\"},\"image\":{\"@id\":\"https:\\\/\\\/schoenstatt.com\\\/pt-pt\\\/#\\\/schema\\\/logo\\\/image\\\/\"}},{\"@type\":\"Person\",\"@id\":\"https:\\\/\\\/schoenstatt.com\\\/pt-pt\\\/#\\\/schema\\\/person\\\/5158877ad4acae98b34daaeef2a1ce6e\",\"name\":\"Karen Bueno\",\"image\":{\"@type\":\"ImageObject\",\"inLanguage\":\"pt-PT\",\"@id\":\"https:\\\/\\\/secure.gravatar.com\\\/avatar\\\/f9f4b823873154269d2b2130f195f6d41037dd0d7fc5f3cacb5c846bae70d66b?s=96&d=mm&r=g\",\"url\":\"https:\\\/\\\/secure.gravatar.com\\\/avatar\\\/f9f4b823873154269d2b2130f195f6d41037dd0d7fc5f3cacb5c846bae70d66b?s=96&d=mm&r=g\",\"contentUrl\":\"https:\\\/\\\/secure.gravatar.com\\\/avatar\\\/f9f4b823873154269d2b2130f195f6d41037dd0d7fc5f3cacb5c846bae70d66b?s=96&d=mm&r=g\",\"caption\":\"Karen Bueno\"},\"url\":\"https:\\\/\\\/schoenstatt.com\\\/pt-pt\\\/author\\\/karen-bueno\\\/\"}]}<\/script>\n<!-- \/ Yoast SEO Premium plugin. -->","yoast_head_json":{"title":"O Plus da Mulher segundo Pe. Jos\u00e9 Kentenich - Schoenstatt","description":"O papel e a miss\u00e3o da mulher para o tempo atual, sua import\u00e2ncia para a sociedade e para a reden\u00e7\u00e3o do homem.","robots":{"index":"index","follow":"follow","max-snippet":"max-snippet:-1","max-image-preview":"max-image-preview:large","max-video-preview":"max-video-preview:-1"},"canonical":"https:\/\/schoenstatt.com\/pt-pt\/o-plus-da-mulher-segundo-pe-jose-kentenich\/","og_locale":"pt_PT","og_type":"article","og_title":"O Plus da Mulher segundo Pe. Jos\u00e9 Kentenich","og_description":"O papel e a miss\u00e3o da mulher para o tempo atual, sua import\u00e2ncia para a sociedade e para a reden\u00e7\u00e3o do homem.","og_url":"https:\/\/schoenstatt.com\/pt-pt\/o-plus-da-mulher-segundo-pe-jose-kentenich\/","og_site_name":"Schoenstatt","article_published_time":"2022-03-13T08:00:18+00:00","article_modified_time":"2025-05-16T01:14:39+00:00","og_image":[{"width":2560,"height":2007,"url":"https:\/\/schoenstatt.com\/wp-content\/uploads\/2022\/03\/lichimarinho-158905201820-cathopic-scaled-1.jpg","type":"image\/jpeg"}],"author":"Karen Bueno","twitter_card":"summary_large_image","twitter_misc":{"Escrito por":"Karen Bueno","Tempo estimado de leitura":"6 minutos"},"schema":{"@context":"https:\/\/schema.org","@graph":[{"@type":"Article","@id":"https:\/\/schoenstatt.com\/pt-pt\/o-plus-da-mulher-segundo-pe-jose-kentenich\/#article","isPartOf":{"@id":"https:\/\/schoenstatt.com\/pt-pt\/o-plus-da-mulher-segundo-pe-jose-kentenich\/"},"author":{"name":"Karen Bueno","@id":"https:\/\/schoenstatt.com\/pt-pt\/#\/schema\/person\/5158877ad4acae98b34daaeef2a1ce6e"},"headline":"O Plus da Mulher segundo Pe. Jos\u00e9 Kentenich","datePublished":"2022-03-13T08:00:18+00:00","dateModified":"2025-05-16T01:14:39+00:00","mainEntityOfPage":{"@id":"https:\/\/schoenstatt.com\/pt-pt\/o-plus-da-mulher-segundo-pe-jose-kentenich\/"},"wordCount":1018,"publisher":{"@id":"https:\/\/schoenstatt.com\/pt-pt\/#organization"},"image":{"@id":"https:\/\/schoenstatt.com\/pt-pt\/o-plus-da-mulher-segundo-pe-jose-kentenich\/#primaryimage"},"thumbnailUrl":"https:\/\/schoenstatt.com\/wp-content\/uploads\/2022\/03\/lichimarinho-158905201820-cathopic-scaled-1.jpg","articleSection":["Espiritualidade","Pe. Jos\u00e9 Kentenich"],"inLanguage":"pt-PT"},{"@type":"WebPage","@id":"https:\/\/schoenstatt.com\/pt-pt\/o-plus-da-mulher-segundo-pe-jose-kentenich\/","url":"https:\/\/schoenstatt.com\/pt-pt\/o-plus-da-mulher-segundo-pe-jose-kentenich\/","name":"O Plus da Mulher segundo Pe. Jos\u00e9 Kentenich - Schoenstatt","isPartOf":{"@id":"https:\/\/schoenstatt.com\/pt-pt\/#website"},"primaryImageOfPage":{"@id":"https:\/\/schoenstatt.com\/pt-pt\/o-plus-da-mulher-segundo-pe-jose-kentenich\/#primaryimage"},"image":{"@id":"https:\/\/schoenstatt.com\/pt-pt\/o-plus-da-mulher-segundo-pe-jose-kentenich\/#primaryimage"},"thumbnailUrl":"https:\/\/schoenstatt.com\/wp-content\/uploads\/2022\/03\/lichimarinho-158905201820-cathopic-scaled-1.jpg","datePublished":"2022-03-13T08:00:18+00:00","dateModified":"2025-05-16T01:14:39+00:00","description":"O papel e a miss\u00e3o da mulher para o tempo atual, sua import\u00e2ncia para a sociedade e para a reden\u00e7\u00e3o do homem.","breadcrumb":{"@id":"https:\/\/schoenstatt.com\/pt-pt\/o-plus-da-mulher-segundo-pe-jose-kentenich\/#breadcrumb"},"inLanguage":"pt-PT","potentialAction":[{"@type":"ReadAction","target":["https:\/\/schoenstatt.com\/pt-pt\/o-plus-da-mulher-segundo-pe-jose-kentenich\/"]}]},{"@type":"ImageObject","inLanguage":"pt-PT","@id":"https:\/\/schoenstatt.com\/pt-pt\/o-plus-da-mulher-segundo-pe-jose-kentenich\/#primaryimage","url":"https:\/\/schoenstatt.com\/wp-content\/uploads\/2022\/03\/lichimarinho-158905201820-cathopic-scaled-1.jpg","contentUrl":"https:\/\/schoenstatt.com\/wp-content\/uploads\/2022\/03\/lichimarinho-158905201820-cathopic-scaled-1.jpg","width":2560,"height":2007},{"@type":"BreadcrumbList","@id":"https:\/\/schoenstatt.com\/pt-pt\/o-plus-da-mulher-segundo-pe-jose-kentenich\/#breadcrumb","itemListElement":[{"@type":"ListItem","position":1,"name":"Portada","item":"https:\/\/schoenstatt.com\/pt-pt\/home\/"},{"@type":"ListItem","position":2,"name":"O Plus da Mulher segundo Pe. Jos\u00e9 Kentenich"}]},{"@type":"WebSite","@id":"https:\/\/schoenstatt.com\/pt-pt\/#website","url":"https:\/\/schoenstatt.com\/pt-pt\/","name":"Schoenstatt","description":"Apostolic Movement","publisher":{"@id":"https:\/\/schoenstatt.com\/pt-pt\/#organization"},"potentialAction":[{"@type":"SearchAction","target":{"@type":"EntryPoint","urlTemplate":"https:\/\/schoenstatt.com\/pt-pt\/?s={search_term_string}"},"query-input":{"@type":"PropertyValueSpecification","valueRequired":true,"valueName":"search_term_string"}}],"inLanguage":"pt-PT"},{"@type":"Organization","@id":"https:\/\/schoenstatt.com\/pt-pt\/#organization","name":"Schoenstatt","url":"https:\/\/schoenstatt.com\/pt-pt\/","logo":{"@type":"ImageObject","inLanguage":"pt-PT","@id":"https:\/\/schoenstatt.com\/pt-pt\/#\/schema\/logo\/image\/","url":"https:\/\/schoenstatt.com\/wp-content\/uploads\/2025\/04\/logo-schoenstatt-white-696x696-1.png","contentUrl":"https:\/\/schoenstatt.com\/wp-content\/uploads\/2025\/04\/logo-schoenstatt-white-696x696-1.png","width":696,"height":694,"caption":"Schoenstatt"},"image":{"@id":"https:\/\/schoenstatt.com\/pt-pt\/#\/schema\/logo\/image\/"}},{"@type":"Person","@id":"https:\/\/schoenstatt.com\/pt-pt\/#\/schema\/person\/5158877ad4acae98b34daaeef2a1ce6e","name":"Karen Bueno","image":{"@type":"ImageObject","inLanguage":"pt-PT","@id":"https:\/\/secure.gravatar.com\/avatar\/f9f4b823873154269d2b2130f195f6d41037dd0d7fc5f3cacb5c846bae70d66b?s=96&d=mm&r=g","url":"https:\/\/secure.gravatar.com\/avatar\/f9f4b823873154269d2b2130f195f6d41037dd0d7fc5f3cacb5c846bae70d66b?s=96&d=mm&r=g","contentUrl":"https:\/\/secure.gravatar.com\/avatar\/f9f4b823873154269d2b2130f195f6d41037dd0d7fc5f3cacb5c846bae70d66b?s=96&d=mm&r=g","caption":"Karen Bueno"},"url":"https:\/\/schoenstatt.com\/pt-pt\/author\/karen-bueno\/"}]}},"_links":{"self":[{"href":"https:\/\/schoenstatt.com\/pt-pt\/wp-json\/wp\/v2\/posts\/23996","targetHints":{"allow":["GET"]}}],"collection":[{"href":"https:\/\/schoenstatt.com\/pt-pt\/wp-json\/wp\/v2\/posts"}],"about":[{"href":"https:\/\/schoenstatt.com\/pt-pt\/wp-json\/wp\/v2\/types\/post"}],"author":[{"embeddable":true,"href":"https:\/\/schoenstatt.com\/pt-pt\/wp-json\/wp\/v2\/users\/3"}],"replies":[{"embeddable":true,"href":"https:\/\/schoenstatt.com\/pt-pt\/wp-json\/wp\/v2\/comments?post=23996"}],"version-history":[{"count":1,"href":"https:\/\/schoenstatt.com\/pt-pt\/wp-json\/wp\/v2\/posts\/23996\/revisions"}],"predecessor-version":[{"id":45083,"href":"https:\/\/schoenstatt.com\/pt-pt\/wp-json\/wp\/v2\/posts\/23996\/revisions\/45083"}],"wp:featuredmedia":[{"embeddable":true,"href":"https:\/\/schoenstatt.com\/pt-pt\/wp-json\/wp\/v2\/media\/23997"}],"wp:attachment":[{"href":"https:\/\/schoenstatt.com\/pt-pt\/wp-json\/wp\/v2\/media?parent=23996"}],"wp:term":[{"taxonomy":"category","embeddable":true,"href":"https:\/\/schoenstatt.com\/pt-pt\/wp-json\/wp\/v2\/categories?post=23996"},{"taxonomy":"post_tag","embeddable":true,"href":"https:\/\/schoenstatt.com\/pt-pt\/wp-json\/wp\/v2\/tags?post=23996"}],"curies":[{"name":"wp","href":"https:\/\/api.w.org\/{rel}","templated":true}]}}