{"id":23930,"date":"2022-03-08T08:00:38","date_gmt":"2022-03-08T07:00:38","guid":{"rendered":"https:\/\/schoenstatt.com\/?p=23930"},"modified":"2025-05-16T02:56:54","modified_gmt":"2025-05-16T00:56:54","slug":"a-formacao-da-mulher-em-schoenstatt-um-desafio-a-altura-dos-tempos","status":"publish","type":"post","link":"https:\/\/schoenstatt.com\/pt-pt\/a-formacao-da-mulher-em-schoenstatt-um-desafio-a-altura-dos-tempos\/","title":{"rendered":"A forma\u00e7\u00e3o da mulher em Schoenstatt: um desafio a altura dos tempos"},"content":{"rendered":"<h3>Um desafio a altura dos tempos<\/h3>\n<p>Uma das quest\u00f5es mais desafiadoras que temos como <a href=\"https:\/\/schoenstatt.com\/pt-pt\/espiritualidade\/nathalie-becquart-a-pionera-a-mulher-na-igreja\/\">ramos femininos<\/a> dentro do Movimento de Schoenstatt, \u00e9 compreender os processos hist\u00f3ricos a partir de suas ra\u00edzes. Ou seja, entender o tempo n\u00e3o como resultado de ideologias sobrepostas que determinam eventos espec\u00edficos, mas como for\u00e7as subjacentes que amadurecem ao longo dos anos para compreender a vontade de Deus e agir de acordo.<\/p>\n<p>E hoje as mulheres e o feminismo s\u00e3o, sem d\u00favida, uma for\u00e7a subjacente que tem estremecido tudo o que consider\u00e1vamos seguro e fixo: a rela\u00e7\u00e3o homem-mulher como um fato baseado na biologia, na psique, na sociedade, hoje j\u00e1 n\u00e3o se sente nem t\u00e3o fixa, nem t\u00e3o segura.<\/p>\n<p>As v\u00e1rias teorias de g\u00eanero minaram essa confian\u00e7a, as mulheres tomaram autonomia do projeto de fam\u00edlia e maternidade, e os valores defendidos dentro do nosso Movimento, bem como os da Igreja, s\u00e3o fortemente questionados n\u00e3o s\u00f3 por pessoas que n\u00e3o s\u00e3o membros da Igreja, mas pelas pr\u00f3prias mulheres que est\u00e3o dentro dela.<\/p>\n<figure id=\"attachment_23933\" aria-describedby=\"caption-attachment-23933\" style=\"width: 298px\" class=\"wp-caption alignleft\"><img fetchpriority=\"high\" decoding=\"async\" class=\"wp-image-23933 size-medium\" src=\"https:\/\/schoenstatt.com\/wp-content\/uploads\/2022\/03\/Mujer-298x300.png\" alt=\"\" width=\"298\" height=\"300\" \/><figcaption id=\"caption-attachment-23933\" class=\"wp-caption-text\">Foto Cathopic<\/figcaption><\/figure>\n<h3>Forma\u00e7\u00e3o dos ramos femininos<\/h3>\n<p>Isso requer aten\u00e7\u00e3o especial na forma\u00e7\u00e3o dos ramos femininos, pois o discurso sobre as mulheres mudou radicalmente. A linguagem possibilitou essa mudan\u00e7a, e for\u00e7as sociais e culturais irromperam atrav\u00e9s das redes sociais, muitas vezes com uma viol\u00eancia inusitada.<\/p>\n<p>Neste contexto, a forma\u00e7\u00e3o dos ramos femininos n\u00e3o pode permanecer a mesma de 5 anos atr\u00e1s (nem de 10 ou de 15). Deve incorporar esses novos elementos que o feminismo trouxe, compreender os profundos questionamentos que fez, apesar de n\u00e3o compartilhar alguns de seus pressupostos antropol\u00f3gicos, para a partir da\u00ed come\u00e7ar a formar essa nova mulher que tem nas m\u00e3os o futuro da humanidade.<\/p>\n<p>Ter medo do feminismo reduzindo-o \u00e0s suas express\u00f5es mais radicalizadas implica um olhar no m\u00ednimo enviesado pela ignor\u00e2ncia. Santo Agostinho dizia \u201cutamur haereticis\u201d (usemos o racioc\u00ednio dos hereges), n\u00e3o para zombar, mas para compreender esse racioc\u00ednio, para poder viver \u00e0 altura dos tempos e responder a eles. Se continuarmos a educar nossas jovens na perspectiva de 5, 10 ou 15 anos atr\u00e1s, estaremos perdendo a imensa riqueza que o feminismo aportou e tem aportado, tanto no plano econ\u00f4mico, quanto social e pol\u00edtico.<\/p>\n<h3>Mudan\u00e7a do olhar da mulher<\/h3>\n<figure id=\"attachment_23926\" aria-describedby=\"caption-attachment-23926\" style=\"width: 2560px\" class=\"wp-caption alignnone\"><img decoding=\"async\" class=\"wp-image-23926 size-full\" src=\"https:\/\/schoenstatt.com\/wp-content\/uploads\/2022\/03\/marisaczl-1556074773906-cathopic-scaled.jpg\" alt=\"Mulheres em Schoenstatt\" width=\"2560\" height=\"1707\" \/><figcaption id=\"caption-attachment-23926\" class=\"wp-caption-text\">Foto Cathopic<\/figcaption><\/figure>\n<p>O olhar da mulher mudou e essa mudan\u00e7a n\u00e3o pode produzir medo e isolamento em nossas fileiras. Tem que nos desafiar a conhecer a fundo nosso tempo, seus argumentos, suas perspectivas antropol\u00f3gicas, que est\u00e3o sempre mudando, porque a hist\u00f3ria humana est\u00e1 em constante mudan\u00e7a. S\u00f3 Deus \u00e9 imut\u00e1vel e, portanto, o homem tem que ser um especialista para buscar Deus nos acontecimentos mundanos, que \u00e9 onde ele se expressa.<\/p>\n<p>As mulheres est\u00e3o levantando suas vozes contra as injusti\u00e7as que clamam aos c\u00e9us, injusti\u00e7as que envolvem a feminiza\u00e7\u00e3o da pobreza, o drama do aborto e a falta de apoio \u00e0s mulheres que se encontram sozinhas diante de uma gravidez indesejada e inesperada. Quem cuida delas? Qual sociedade civil as ampara quando, muitas vezes, n\u00e3o podem com a pr\u00f3pria vida e se presume que devem cuidar de outra vida que est\u00e1 a caminho? Esses dramas v\u00e3o al\u00e9m da discuss\u00e3o do aborto. Esses dramas desnudam uma sociedade que deixou de se importar com mulheres e crian\u00e7as, colocando vis\u00f5es individualistas antes das vis\u00f5es relacionais e sociais.<\/p>\n<p>Essas s\u00e3o algumas das quest\u00f5es que o feminismo est\u00e1 nos mostrando. E muitas vezes atrav\u00e9s dos ramos cat\u00f3licos elas n\u00e3o s\u00e3o atendidas, por termos um preconceito equivocado e por causa da pouca forma\u00e7\u00e3o sobre os problemas das mulheres, que temos tanto dentro da Igreja Cat\u00f3lica em geral, como dentro de Schoenstatt em particular.<\/p>\n<p>Rever os itiner\u00e1rios de forma\u00e7\u00e3o dos nossos ramos femininos (os ramos masculinos tamb\u00e9m devem fazer o mesmo. E se esta revis\u00e3o for feita em conjunto, seria uma express\u00e3o de maturidade superlativa) \u00e9 uma prioridade fundamental se n\u00e3o quisermos que as jovens que se aproximam de Schoenstatt fujam aterrorizadas diante de um discurso r\u00edgido, fechado, incapaz de enxergar a voz de Deus diante dessas novas vis\u00f5es sobre as mulheres, homens e a rela\u00e7\u00e3o entre os dois.<\/p>\n<p>Afirmar que as mulheres s\u00e3o \u201ctoda alma, toda dedica\u00e7\u00e3o, toda pureza\u201d, merece no m\u00ednimo um olhar cr\u00edtico de acordo com os tempos atuais. Pelo menos, esse \u00e9 o m\u00e9todo Kentenichiano: observar, comparar, reduzir a princ\u00edpios e aplicar. Se temos que reinterpretar nosso Pai Fundador \u00e0 luz dos tempos atuais, temos que faz\u00ea-lo com coragem e sem medo de descartar algumas quest\u00f5es que eram de outra forma no tempo do Pe. Kentenich. A\u00ed temos a maravilha da encarna\u00e7\u00e3o de Jesus. Mostra-nos que o tempo hist\u00f3rico \u00e9 relevante e que o olhar deve ir al\u00e9m da hist\u00f3ria, mas ao mesmo tempo nutrir-se dela.<\/p>\n<p>Que no dia da <a href=\"https:\/\/www.unwomen.org\/es\/noticias\/en-la-mira\/2022\/03\/en-la-mira-dia-internacional-de-la-mujer-2022\">comemora\u00e7\u00e3o das mulheres<\/a> possamos ampliar o nosso olhar e tomar Maria como modelo, a mulher corajosa, determinada, firme, amorosa, que desde o seu ser mulher assumiu com toda a sua alma a vontade de Deus.<\/p>\n<p>&nbsp;<\/p>\n","protected":false},"excerpt":{"rendered":"<p>As mulheres t\u00eam o desafio de conhecer a fundo nosso tempo, seus argumentos, suas vis\u00f5es antropol\u00f3gicas, que est\u00e3o sempre mudando, porque a hist\u00f3ria humana est\u00e1 em constante mudan\u00e7a. S\u00f3 Deus \u00e9 imut\u00e1vel e, portanto, o homem tem que ser um especialista para buscar Deus nos acontecimentos mundanos, pois \u00e9 ali que Ele se expressa.<\/p>\n","protected":false},"author":1,"featured_media":23917,"comment_status":"closed","ping_status":"closed","sticky":false,"template":"","format":"standard","meta":{"footnotes":""},"categories":[916,920,912],"tags":[],"class_list":["post-23930","post","type-post","status-publish","format-standard","has-post-thumbnail","hentry","category-espiritualidade-pt-pt","category-mulher-pt-pt","category-sociedade-pt-pt"],"yoast_head":"<!-- This site is optimized with the Yoast SEO Premium plugin v27.4 (Yoast SEO v27.5) - https:\/\/yoast.com\/product\/yoast-seo-premium-wordpress\/ -->\n<title>A forma\u00e7\u00e3o da mulher em Schoenstatt: um desafio a altura dos tempos - Schoenstatt<\/title>\n<meta name=\"description\" content=\"Dia Internacional da Mulher. Tomemos como modelo Maria: mulher corajosa, amorosa, que por ser, assumiu a vontade de Deus com toda sua alma.\" \/>\n<meta name=\"robots\" content=\"index, follow, max-snippet:-1, max-image-preview:large, max-video-preview:-1\" \/>\n<link rel=\"canonical\" href=\"https:\/\/schoenstatt.com\/pt-pt\/a-formacao-da-mulher-em-schoenstatt-um-desafio-a-altura-dos-tempos\/\" \/>\n<meta property=\"og:locale\" content=\"pt_PT\" \/>\n<meta property=\"og:type\" content=\"article\" \/>\n<meta property=\"og:title\" content=\"A forma\u00e7\u00e3o da mulher em Schoenstatt: um desafio a altura dos tempos\" \/>\n<meta property=\"og:description\" content=\"Dia Internacional da Mulher. Tomemos como modelo Maria: mulher corajosa, amorosa, que por ser, assumiu a vontade de Deus com toda sua alma.\" \/>\n<meta property=\"og:url\" content=\"https:\/\/schoenstatt.com\/pt-pt\/a-formacao-da-mulher-em-schoenstatt-um-desafio-a-altura-dos-tempos\/\" \/>\n<meta property=\"og:site_name\" content=\"Schoenstatt\" \/>\n<meta property=\"article:published_time\" content=\"2022-03-08T07:00:38+00:00\" \/>\n<meta property=\"article:modified_time\" content=\"2025-05-16T00:56:54+00:00\" \/>\n<meta property=\"og:image\" content=\"https:\/\/schoenstatt.com\/wp-content\/uploads\/2022\/03\/lichimarinho-1607278573120-cathopic-scaled-1.jpg\" \/>\n\t<meta property=\"og:image:width\" content=\"2560\" \/>\n\t<meta property=\"og:image:height\" content=\"1706\" \/>\n\t<meta property=\"og:image:type\" content=\"image\/jpeg\" \/>\n<meta name=\"author\" content=\"admin\" \/>\n<meta name=\"twitter:card\" content=\"summary_large_image\" \/>\n<meta name=\"twitter:label1\" content=\"Escrito por\" \/>\n\t<meta name=\"twitter:data1\" content=\"admin\" \/>\n\t<meta name=\"twitter:label2\" content=\"Tempo estimado de leitura\" \/>\n\t<meta name=\"twitter:data2\" content=\"4 minutos\" \/>\n<script type=\"application\/ld+json\" class=\"yoast-schema-graph\">{\"@context\":\"https:\\\/\\\/schema.org\",\"@graph\":[{\"@type\":\"Article\",\"@id\":\"https:\\\/\\\/schoenstatt.com\\\/pt-pt\\\/a-formacao-da-mulher-em-schoenstatt-um-desafio-a-altura-dos-tempos\\\/#article\",\"isPartOf\":{\"@id\":\"https:\\\/\\\/schoenstatt.com\\\/pt-pt\\\/a-formacao-da-mulher-em-schoenstatt-um-desafio-a-altura-dos-tempos\\\/\"},\"author\":{\"name\":\"admin\",\"@id\":\"https:\\\/\\\/schoenstatt.com\\\/pt-pt\\\/#\\\/schema\\\/person\\\/489465b1850e7b216fe2c10dfc262551\"},\"headline\":\"A forma\u00e7\u00e3o da mulher em Schoenstatt: um desafio a altura dos tempos\",\"datePublished\":\"2022-03-08T07:00:38+00:00\",\"dateModified\":\"2025-05-16T00:56:54+00:00\",\"mainEntityOfPage\":{\"@id\":\"https:\\\/\\\/schoenstatt.com\\\/pt-pt\\\/a-formacao-da-mulher-em-schoenstatt-um-desafio-a-altura-dos-tempos\\\/\"},\"wordCount\":914,\"publisher\":{\"@id\":\"https:\\\/\\\/schoenstatt.com\\\/pt-pt\\\/#organization\"},\"image\":{\"@id\":\"https:\\\/\\\/schoenstatt.com\\\/pt-pt\\\/a-formacao-da-mulher-em-schoenstatt-um-desafio-a-altura-dos-tempos\\\/#primaryimage\"},\"thumbnailUrl\":\"https:\\\/\\\/schoenstatt.com\\\/wp-content\\\/uploads\\\/2022\\\/03\\\/lichimarinho-1607278573120-cathopic-scaled-1.jpg\",\"articleSection\":[\"Espiritualidade\",\"Mulher\",\"Sociedade\"],\"inLanguage\":\"pt-PT\"},{\"@type\":\"WebPage\",\"@id\":\"https:\\\/\\\/schoenstatt.com\\\/pt-pt\\\/a-formacao-da-mulher-em-schoenstatt-um-desafio-a-altura-dos-tempos\\\/\",\"url\":\"https:\\\/\\\/schoenstatt.com\\\/pt-pt\\\/a-formacao-da-mulher-em-schoenstatt-um-desafio-a-altura-dos-tempos\\\/\",\"name\":\"A forma\u00e7\u00e3o da mulher em Schoenstatt: um desafio a altura dos tempos - Schoenstatt\",\"isPartOf\":{\"@id\":\"https:\\\/\\\/schoenstatt.com\\\/pt-pt\\\/#website\"},\"primaryImageOfPage\":{\"@id\":\"https:\\\/\\\/schoenstatt.com\\\/pt-pt\\\/a-formacao-da-mulher-em-schoenstatt-um-desafio-a-altura-dos-tempos\\\/#primaryimage\"},\"image\":{\"@id\":\"https:\\\/\\\/schoenstatt.com\\\/pt-pt\\\/a-formacao-da-mulher-em-schoenstatt-um-desafio-a-altura-dos-tempos\\\/#primaryimage\"},\"thumbnailUrl\":\"https:\\\/\\\/schoenstatt.com\\\/wp-content\\\/uploads\\\/2022\\\/03\\\/lichimarinho-1607278573120-cathopic-scaled-1.jpg\",\"datePublished\":\"2022-03-08T07:00:38+00:00\",\"dateModified\":\"2025-05-16T00:56:54+00:00\",\"description\":\"Dia Internacional da Mulher. Tomemos como modelo Maria: mulher corajosa, amorosa, que por ser, assumiu a vontade de Deus com toda sua alma.\",\"breadcrumb\":{\"@id\":\"https:\\\/\\\/schoenstatt.com\\\/pt-pt\\\/a-formacao-da-mulher-em-schoenstatt-um-desafio-a-altura-dos-tempos\\\/#breadcrumb\"},\"inLanguage\":\"pt-PT\",\"potentialAction\":[{\"@type\":\"ReadAction\",\"target\":[\"https:\\\/\\\/schoenstatt.com\\\/pt-pt\\\/a-formacao-da-mulher-em-schoenstatt-um-desafio-a-altura-dos-tempos\\\/\"]}]},{\"@type\":\"ImageObject\",\"inLanguage\":\"pt-PT\",\"@id\":\"https:\\\/\\\/schoenstatt.com\\\/pt-pt\\\/a-formacao-da-mulher-em-schoenstatt-um-desafio-a-altura-dos-tempos\\\/#primaryimage\",\"url\":\"https:\\\/\\\/schoenstatt.com\\\/wp-content\\\/uploads\\\/2022\\\/03\\\/lichimarinho-1607278573120-cathopic-scaled-1.jpg\",\"contentUrl\":\"https:\\\/\\\/schoenstatt.com\\\/wp-content\\\/uploads\\\/2022\\\/03\\\/lichimarinho-1607278573120-cathopic-scaled-1.jpg\",\"width\":2560,\"height\":1706,\"caption\":\"Foto Cathopic\"},{\"@type\":\"BreadcrumbList\",\"@id\":\"https:\\\/\\\/schoenstatt.com\\\/pt-pt\\\/a-formacao-da-mulher-em-schoenstatt-um-desafio-a-altura-dos-tempos\\\/#breadcrumb\",\"itemListElement\":[{\"@type\":\"ListItem\",\"position\":1,\"name\":\"Portada\",\"item\":\"https:\\\/\\\/schoenstatt.com\\\/pt-pt\\\/home\\\/\"},{\"@type\":\"ListItem\",\"position\":2,\"name\":\"A forma\u00e7\u00e3o da mulher em Schoenstatt: um desafio a altura dos tempos\"}]},{\"@type\":\"WebSite\",\"@id\":\"https:\\\/\\\/schoenstatt.com\\\/pt-pt\\\/#website\",\"url\":\"https:\\\/\\\/schoenstatt.com\\\/pt-pt\\\/\",\"name\":\"Schoenstatt\",\"description\":\"Apostolic Movement\",\"publisher\":{\"@id\":\"https:\\\/\\\/schoenstatt.com\\\/pt-pt\\\/#organization\"},\"potentialAction\":[{\"@type\":\"SearchAction\",\"target\":{\"@type\":\"EntryPoint\",\"urlTemplate\":\"https:\\\/\\\/schoenstatt.com\\\/pt-pt\\\/?s={search_term_string}\"},\"query-input\":{\"@type\":\"PropertyValueSpecification\",\"valueRequired\":true,\"valueName\":\"search_term_string\"}}],\"inLanguage\":\"pt-PT\"},{\"@type\":\"Organization\",\"@id\":\"https:\\\/\\\/schoenstatt.com\\\/pt-pt\\\/#organization\",\"name\":\"Schoenstatt\",\"url\":\"https:\\\/\\\/schoenstatt.com\\\/pt-pt\\\/\",\"logo\":{\"@type\":\"ImageObject\",\"inLanguage\":\"pt-PT\",\"@id\":\"https:\\\/\\\/schoenstatt.com\\\/pt-pt\\\/#\\\/schema\\\/logo\\\/image\\\/\",\"url\":\"https:\\\/\\\/schoenstatt.com\\\/wp-content\\\/uploads\\\/2025\\\/04\\\/logo-schoenstatt-white-696x696-1.png\",\"contentUrl\":\"https:\\\/\\\/schoenstatt.com\\\/wp-content\\\/uploads\\\/2025\\\/04\\\/logo-schoenstatt-white-696x696-1.png\",\"width\":696,\"height\":694,\"caption\":\"Schoenstatt\"},\"image\":{\"@id\":\"https:\\\/\\\/schoenstatt.com\\\/pt-pt\\\/#\\\/schema\\\/logo\\\/image\\\/\"}},{\"@type\":\"Person\",\"@id\":\"https:\\\/\\\/schoenstatt.com\\\/pt-pt\\\/#\\\/schema\\\/person\\\/489465b1850e7b216fe2c10dfc262551\",\"name\":\"admin\",\"image\":{\"@type\":\"ImageObject\",\"inLanguage\":\"pt-PT\",\"@id\":\"https:\\\/\\\/secure.gravatar.com\\\/avatar\\\/02e8345e1ec40ab0e0a2a98fdde64a684bbaf994cddcb778b25b8b024ee9dfe6?s=96&d=mm&r=g\",\"url\":\"https:\\\/\\\/secure.gravatar.com\\\/avatar\\\/02e8345e1ec40ab0e0a2a98fdde64a684bbaf994cddcb778b25b8b024ee9dfe6?s=96&d=mm&r=g\",\"contentUrl\":\"https:\\\/\\\/secure.gravatar.com\\\/avatar\\\/02e8345e1ec40ab0e0a2a98fdde64a684bbaf994cddcb778b25b8b024ee9dfe6?s=96&d=mm&r=g\",\"caption\":\"admin\"},\"sameAs\":[\"https:\\\/\\\/schoenstatt.com\"],\"url\":\"https:\\\/\\\/schoenstatt.com\\\/pt-pt\\\/author\\\/admin\\\/\"}]}<\/script>\n<!-- \/ Yoast SEO Premium plugin. -->","yoast_head_json":{"title":"A forma\u00e7\u00e3o da mulher em Schoenstatt: um desafio a altura dos tempos - Schoenstatt","description":"Dia Internacional da Mulher. Tomemos como modelo Maria: mulher corajosa, amorosa, que por ser, assumiu a vontade de Deus com toda sua alma.","robots":{"index":"index","follow":"follow","max-snippet":"max-snippet:-1","max-image-preview":"max-image-preview:large","max-video-preview":"max-video-preview:-1"},"canonical":"https:\/\/schoenstatt.com\/pt-pt\/a-formacao-da-mulher-em-schoenstatt-um-desafio-a-altura-dos-tempos\/","og_locale":"pt_PT","og_type":"article","og_title":"A forma\u00e7\u00e3o da mulher em Schoenstatt: um desafio a altura dos tempos","og_description":"Dia Internacional da Mulher. Tomemos como modelo Maria: mulher corajosa, amorosa, que por ser, assumiu a vontade de Deus com toda sua alma.","og_url":"https:\/\/schoenstatt.com\/pt-pt\/a-formacao-da-mulher-em-schoenstatt-um-desafio-a-altura-dos-tempos\/","og_site_name":"Schoenstatt","article_published_time":"2022-03-08T07:00:38+00:00","article_modified_time":"2025-05-16T00:56:54+00:00","og_image":[{"width":2560,"height":1706,"url":"https:\/\/schoenstatt.com\/wp-content\/uploads\/2022\/03\/lichimarinho-1607278573120-cathopic-scaled-1.jpg","type":"image\/jpeg"}],"author":"admin","twitter_card":"summary_large_image","twitter_misc":{"Escrito por":"admin","Tempo estimado de leitura":"4 minutos"},"schema":{"@context":"https:\/\/schema.org","@graph":[{"@type":"Article","@id":"https:\/\/schoenstatt.com\/pt-pt\/a-formacao-da-mulher-em-schoenstatt-um-desafio-a-altura-dos-tempos\/#article","isPartOf":{"@id":"https:\/\/schoenstatt.com\/pt-pt\/a-formacao-da-mulher-em-schoenstatt-um-desafio-a-altura-dos-tempos\/"},"author":{"name":"admin","@id":"https:\/\/schoenstatt.com\/pt-pt\/#\/schema\/person\/489465b1850e7b216fe2c10dfc262551"},"headline":"A forma\u00e7\u00e3o da mulher em Schoenstatt: um desafio a altura dos tempos","datePublished":"2022-03-08T07:00:38+00:00","dateModified":"2025-05-16T00:56:54+00:00","mainEntityOfPage":{"@id":"https:\/\/schoenstatt.com\/pt-pt\/a-formacao-da-mulher-em-schoenstatt-um-desafio-a-altura-dos-tempos\/"},"wordCount":914,"publisher":{"@id":"https:\/\/schoenstatt.com\/pt-pt\/#organization"},"image":{"@id":"https:\/\/schoenstatt.com\/pt-pt\/a-formacao-da-mulher-em-schoenstatt-um-desafio-a-altura-dos-tempos\/#primaryimage"},"thumbnailUrl":"https:\/\/schoenstatt.com\/wp-content\/uploads\/2022\/03\/lichimarinho-1607278573120-cathopic-scaled-1.jpg","articleSection":["Espiritualidade","Mulher","Sociedade"],"inLanguage":"pt-PT"},{"@type":"WebPage","@id":"https:\/\/schoenstatt.com\/pt-pt\/a-formacao-da-mulher-em-schoenstatt-um-desafio-a-altura-dos-tempos\/","url":"https:\/\/schoenstatt.com\/pt-pt\/a-formacao-da-mulher-em-schoenstatt-um-desafio-a-altura-dos-tempos\/","name":"A forma\u00e7\u00e3o da mulher em Schoenstatt: um desafio a altura dos tempos - Schoenstatt","isPartOf":{"@id":"https:\/\/schoenstatt.com\/pt-pt\/#website"},"primaryImageOfPage":{"@id":"https:\/\/schoenstatt.com\/pt-pt\/a-formacao-da-mulher-em-schoenstatt-um-desafio-a-altura-dos-tempos\/#primaryimage"},"image":{"@id":"https:\/\/schoenstatt.com\/pt-pt\/a-formacao-da-mulher-em-schoenstatt-um-desafio-a-altura-dos-tempos\/#primaryimage"},"thumbnailUrl":"https:\/\/schoenstatt.com\/wp-content\/uploads\/2022\/03\/lichimarinho-1607278573120-cathopic-scaled-1.jpg","datePublished":"2022-03-08T07:00:38+00:00","dateModified":"2025-05-16T00:56:54+00:00","description":"Dia Internacional da Mulher. Tomemos como modelo Maria: mulher corajosa, amorosa, que por ser, assumiu a vontade de Deus com toda sua alma.","breadcrumb":{"@id":"https:\/\/schoenstatt.com\/pt-pt\/a-formacao-da-mulher-em-schoenstatt-um-desafio-a-altura-dos-tempos\/#breadcrumb"},"inLanguage":"pt-PT","potentialAction":[{"@type":"ReadAction","target":["https:\/\/schoenstatt.com\/pt-pt\/a-formacao-da-mulher-em-schoenstatt-um-desafio-a-altura-dos-tempos\/"]}]},{"@type":"ImageObject","inLanguage":"pt-PT","@id":"https:\/\/schoenstatt.com\/pt-pt\/a-formacao-da-mulher-em-schoenstatt-um-desafio-a-altura-dos-tempos\/#primaryimage","url":"https:\/\/schoenstatt.com\/wp-content\/uploads\/2022\/03\/lichimarinho-1607278573120-cathopic-scaled-1.jpg","contentUrl":"https:\/\/schoenstatt.com\/wp-content\/uploads\/2022\/03\/lichimarinho-1607278573120-cathopic-scaled-1.jpg","width":2560,"height":1706,"caption":"Foto Cathopic"},{"@type":"BreadcrumbList","@id":"https:\/\/schoenstatt.com\/pt-pt\/a-formacao-da-mulher-em-schoenstatt-um-desafio-a-altura-dos-tempos\/#breadcrumb","itemListElement":[{"@type":"ListItem","position":1,"name":"Portada","item":"https:\/\/schoenstatt.com\/pt-pt\/home\/"},{"@type":"ListItem","position":2,"name":"A forma\u00e7\u00e3o da mulher em Schoenstatt: um desafio a altura dos tempos"}]},{"@type":"WebSite","@id":"https:\/\/schoenstatt.com\/pt-pt\/#website","url":"https:\/\/schoenstatt.com\/pt-pt\/","name":"Schoenstatt","description":"Apostolic Movement","publisher":{"@id":"https:\/\/schoenstatt.com\/pt-pt\/#organization"},"potentialAction":[{"@type":"SearchAction","target":{"@type":"EntryPoint","urlTemplate":"https:\/\/schoenstatt.com\/pt-pt\/?s={search_term_string}"},"query-input":{"@type":"PropertyValueSpecification","valueRequired":true,"valueName":"search_term_string"}}],"inLanguage":"pt-PT"},{"@type":"Organization","@id":"https:\/\/schoenstatt.com\/pt-pt\/#organization","name":"Schoenstatt","url":"https:\/\/schoenstatt.com\/pt-pt\/","logo":{"@type":"ImageObject","inLanguage":"pt-PT","@id":"https:\/\/schoenstatt.com\/pt-pt\/#\/schema\/logo\/image\/","url":"https:\/\/schoenstatt.com\/wp-content\/uploads\/2025\/04\/logo-schoenstatt-white-696x696-1.png","contentUrl":"https:\/\/schoenstatt.com\/wp-content\/uploads\/2025\/04\/logo-schoenstatt-white-696x696-1.png","width":696,"height":694,"caption":"Schoenstatt"},"image":{"@id":"https:\/\/schoenstatt.com\/pt-pt\/#\/schema\/logo\/image\/"}},{"@type":"Person","@id":"https:\/\/schoenstatt.com\/pt-pt\/#\/schema\/person\/489465b1850e7b216fe2c10dfc262551","name":"admin","image":{"@type":"ImageObject","inLanguage":"pt-PT","@id":"https:\/\/secure.gravatar.com\/avatar\/02e8345e1ec40ab0e0a2a98fdde64a684bbaf994cddcb778b25b8b024ee9dfe6?s=96&d=mm&r=g","url":"https:\/\/secure.gravatar.com\/avatar\/02e8345e1ec40ab0e0a2a98fdde64a684bbaf994cddcb778b25b8b024ee9dfe6?s=96&d=mm&r=g","contentUrl":"https:\/\/secure.gravatar.com\/avatar\/02e8345e1ec40ab0e0a2a98fdde64a684bbaf994cddcb778b25b8b024ee9dfe6?s=96&d=mm&r=g","caption":"admin"},"sameAs":["https:\/\/schoenstatt.com"],"url":"https:\/\/schoenstatt.com\/pt-pt\/author\/admin\/"}]}},"_links":{"self":[{"href":"https:\/\/schoenstatt.com\/pt-pt\/wp-json\/wp\/v2\/posts\/23930","targetHints":{"allow":["GET"]}}],"collection":[{"href":"https:\/\/schoenstatt.com\/pt-pt\/wp-json\/wp\/v2\/posts"}],"about":[{"href":"https:\/\/schoenstatt.com\/pt-pt\/wp-json\/wp\/v2\/types\/post"}],"author":[{"embeddable":true,"href":"https:\/\/schoenstatt.com\/pt-pt\/wp-json\/wp\/v2\/users\/1"}],"replies":[{"embeddable":true,"href":"https:\/\/schoenstatt.com\/pt-pt\/wp-json\/wp\/v2\/comments?post=23930"}],"version-history":[{"count":1,"href":"https:\/\/schoenstatt.com\/pt-pt\/wp-json\/wp\/v2\/posts\/23930\/revisions"}],"predecessor-version":[{"id":45059,"href":"https:\/\/schoenstatt.com\/pt-pt\/wp-json\/wp\/v2\/posts\/23930\/revisions\/45059"}],"wp:featuredmedia":[{"embeddable":true,"href":"https:\/\/schoenstatt.com\/pt-pt\/wp-json\/wp\/v2\/media\/23917"}],"wp:attachment":[{"href":"https:\/\/schoenstatt.com\/pt-pt\/wp-json\/wp\/v2\/media?parent=23930"}],"wp:term":[{"taxonomy":"category","embeddable":true,"href":"https:\/\/schoenstatt.com\/pt-pt\/wp-json\/wp\/v2\/categories?post=23930"},{"taxonomy":"post_tag","embeddable":true,"href":"https:\/\/schoenstatt.com\/pt-pt\/wp-json\/wp\/v2\/tags?post=23930"}],"curies":[{"name":"wp","href":"https:\/\/api.w.org\/{rel}","templated":true}]}}