{"id":23792,"date":"2022-03-13T08:30:12","date_gmt":"2022-03-13T07:30:12","guid":{"rendered":"https:\/\/schoenstatt.com\/?p=23792"},"modified":"2025-05-16T03:14:40","modified_gmt":"2025-05-16T01:14:40","slug":"eis-que-estou-convosco-todos-os-dias-tambem-aqui","status":"publish","type":"post","link":"https:\/\/schoenstatt.com\/pt-pt\/eis-que-estou-convosco-todos-os-dias-tambem-aqui\/","title":{"rendered":"\u201cEis que estou convosco todos os dias\u201d \u2013 Tamb\u00e9m aqui!"},"content":{"rendered":"<p>O campo de concentra\u00e7\u00e3o de <a href=\"https:\/\/www.kz-gedenkstaette-dachau.de\/en\/\">Dachau<\/a> foi inaugurado em mar\u00e7o de 1933, constru\u00eddo em uma antiga f\u00e1brica de p\u00f3lvora, pr\u00f3xima \u00e0 cidade. Este foi o lugar da pris\u00e3o de personalidades julgadas perniciosas ao regime nazista. Quem eram essas personalidades? As pessoas que na \u00e9poca ajudavam a formar o pensar e as decis\u00f5es do povo: os pol\u00edticos, os religiosos, os artistas, os professores\u2026<\/p>\n<p>Dachau foi o primeiro campo de concentra\u00e7\u00e3o constru\u00eddo pelos nazistas, seis anos antes do in\u00edcio da II Guerra Mundial. Os n\u00fameros registram que cerca de 200 mil prisioneiros passaram por este campo, entre franceses, poloneses, sovi\u00e9ticos e italianos. Havia ali um pavilh\u00e3o que os carcereiros apelidaram de \u201cbunker de honra\u201d, onde ficavam altas personagens da vida p\u00fablica e religiosa.<\/p>\n<p>Apesar de n\u00e3o ser considerado um campo de exterm\u00ednio, todos os dias havia entre 100 e 150 mortes. \u201cTodos os dias era a mesma rotina\u201d, confessa Jean Kammerer, sacerdote prisioneiro em Dachau.<\/p>\n<p>Mais de 32 mil prisioneiros foram executados ou morreram devido a doen\u00e7as, desnutri\u00e7\u00e3o ou brutaliza\u00e7\u00e3o. Os prisioneiros de Dachau tamb\u00e9m foram usados como cobaias em experimentos m\u00e9dicos nazistas. O tifo, a superlota\u00e7\u00e3o, a fome e o frio \u2013 havia dias em que a temperatura chegava a 20 graus negativos \u2013 foram os melhores aliados da \u201cpol\u00edtica de exterm\u00ednio\u201d do III Reich.<\/p>\n<p>&nbsp;<\/p>\n<figure id=\"attachment_23801\" aria-describedby=\"caption-attachment-23801\" style=\"width: 768px\" class=\"wp-caption aligncenter\"><img fetchpriority=\"high\" decoding=\"async\" class=\"wp-image-23801 size-large\" src=\"https:\/\/schoenstatt.com\/wp-content\/uploads\/2022\/02\/20210816_141039-768x1024.jpg\" alt=\"\" width=\"768\" height=\"1024\" \/><figcaption id=\"caption-attachment-23801\" class=\"wp-caption-text\">Cabana n\u00famero 26 Dachau \u201cbloco dos sacerdotes\u201d<\/figcaption><\/figure>\n<p>&nbsp;<\/p>\n<p><strong>Vida dos Sacerdotes em Dachau<\/strong><\/p>\n<p>Um total de 2.579 sacerdotes cat\u00f3licos foram registrados em Dachau como prisioneiros. Os padres alem\u00e3es e dos pa\u00edses ligadas \u00e0 Alemanha ocupavam o Bloco 26, conhecido como o \u201cbloco dos sacerdotes\u201d. Os sacerdotes poloneses \u2013 aglomerados no Bloco n\u00famero 28 \u2013 sofreram condi\u00e7\u00f5es de vida muito mais penosas.<\/p>\n<p>\u00c9 certo que os sacerdotes tinham certos \u201cprivil\u00e9gios\u201d em Dachau, como poder celebrar a missa, ter uma capela ou estar livre de trabalhos penosos. Mas tamb\u00e9m \u00e9 verdade que sofreram todas as demais dificuldades, infelizmente \u201cnormais\u201d em um campo de concentra\u00e7\u00e3o: fome, frio, medo, doen\u00e7as, humilha\u00e7\u00f5es, agress\u00f5es, risco permanente de morte\u2026<\/p>\n<p>O Papa Pio XII, dentro do que lhe era poss\u00edvel intervir, entrou em contato com Hitler exigindo que em todos os campos de concentra\u00e7\u00e3o os sacerdotes tivessem ao menos uma capela. Para que isso se tornasse poss\u00edvel, em Dachau os sacerdotes tiveram que renunciar a uma das salas do bloco, ficando o espa\u00e7o ainda mais reduzido.<\/p>\n<p>Esta Capela ficou pronta no dia 20 de janeiro de 1941. Os sacerdotes mesmos fizeram tudo: sacr\u00e1rio e altar (hoje essas pe\u00e7as se encontram no Monte Mori\u00e1, em Schoenstatt), casti\u00e7ais, cust\u00f3dia, etc. Aqui estava Jesus Eucar\u00edstico em meio aos seus prisioneiros \u2013 por\u00e9m, Jesus foi prisioneiro tamb\u00e9m, pois al\u00e9m dos sacerdotes do bloco 26, que eram alem\u00e3es, ningu\u00e9m mais podia ir at\u00e9 Ele.<\/p>\n<p>Apesar das dificuldades, a constru\u00e7\u00e3o da capela foi, para os sacerdotes e tamb\u00e9m para os demais prisioneiros, um grande consolo. Significava saber que Jesus estava no meio deles no campo \u2013 e que estava no meio deles como o crucificado e coroado de espinhos.<\/p>\n<p>Para poderem participar da Santa Missa, os padres tinham de levantar ainda mais cedo que os demais prisioneiros, pois o per\u00edodo de missa n\u00e3o poderia ser retirado do seu tempo de trabalho.<\/p>\n<p>Durante a guerra os sacerdotes confeccionaram, eles mesmos, tr\u00eas diferentes portas para o tabern\u00e1culo. Em uma delas, numa placa de metal, est\u00e3o gravadas as palavras de Jesus:\u00a0\u201cEis que estou convosco todos os dias\u201d \u2013 todos os dias, tamb\u00e9m aqui! Tamb\u00e9m agora!<\/p>\n<figure id=\"attachment_23813\" aria-describedby=\"caption-attachment-23813\" style=\"width: 653px\" class=\"wp-caption aligncenter\"><img decoding=\"async\" class=\"wp-image-23813 size-full\" src=\"https:\/\/schoenstatt.com\/wp-content\/uploads\/2022\/02\/Reliquias.png\" alt=\"\" width=\"653\" height=\"520\" \/><figcaption id=\"caption-attachment-23813\" class=\"wp-caption-text\">Rel\u00edquias de capela<\/figcaption><\/figure>\n<p>O sofrimento em Dachau despertou uma profunda solidariedade. Por isso, a distribui\u00e7\u00e3o oculta da Sagrada Comunh\u00e3o tornou-se um momento forte da unidade em Cristo. Os sacerdotes poloneses, os padres enfermos e os demais prisioneiros n\u00e3o estavam autorizados a participar da Missa. Por isso, na capela do bloco 26 havia um recipiente com part\u00edculas, que eram consagradas e depois distribu\u00eddas para os outros presos que n\u00e3o podiam participar da Missa. O Sant\u00edssimo foi guardado em um peda\u00e7o de papel e partido em v\u00e1rios pequenos peda\u00e7os para dar a comunh\u00e3o a muitos prisioneiros. Todas essas a\u00e7\u00f5es estavam expostas ao perigo de morte, pois eram proibidas e os soldados da SS n\u00e3o poderiam saber.<\/p>\n<p><a href=\"https:\/\/schoenstatt.com\/pt-pt\/espiritualidade\/karl-leisner-quando-a-paixao-e-o-amor-determinam-uma-vida\/\">Karl Leisner<\/a>, di\u00e1cono schoenstattiano, estava com tuberculose, no fim de suas for\u00e7as, e n\u00e3o sabia se seria poss\u00edvel receber o sacramento da ordem. Em setembro de 1944 chegou a Dachau, como prisioneiro, um bispo da Fran\u00e7a, Dom Gabriel Piquet, que se prontificou a presidir a ordena\u00e7\u00e3o. Clandestinamente, conseguiram os pap\u00e9is e a licen\u00e7a dos bispos competentes, para Leisner ser ordenado de forma secreta. Os sacerdotes prisioneiros, no pouco tempo livre que possu\u00edam, fizeram tudo o que foi preciso para uma ordena\u00e7\u00e3o: mitra, b\u00e1culo, anel, luvas, paramentos (esses objetos est\u00e3o expostos no campo, em frente \u00e0 capela do Carmelo). Tudo era muito perigoso. Logo em seguida o bispo teve que se retirar em sil\u00eancio para ningu\u00e9m perceber que havia acontecido algo t\u00e3o importante: uma ordena\u00e7\u00e3o sacerdotal, a \u00fanica na hist\u00f3ria realizada em um campo de concentra\u00e7\u00e3o. O primeiro \u201cato\u201d sacerdotal de Carlos Leisner, ap\u00f3s sua ordena\u00e7\u00e3o, foi visitar os sacerdotes poloneses no bloco ao lado e dar-lhes a b\u00ean\u00e7\u00e3o neo-sacerdotal.<\/p>\n<figure id=\"attachment_23817\" aria-describedby=\"caption-attachment-23817\" style=\"width: 268px\" class=\"wp-caption aligncenter\"><img decoding=\"async\" class=\"wp-image-23817 size-medium\" src=\"https:\/\/schoenstatt.com\/wp-content\/uploads\/2022\/02\/Altar-de-Dachau-1-268x300.png\" alt=\"\" width=\"268\" height=\"300\" \/><figcaption id=\"caption-attachment-23817\" class=\"wp-caption-text\">Altar de Dachau<\/figcaption><\/figure>\n","protected":false},"excerpt":{"rendered":"<p>Como era a vida dos sacerdotes no campo de concentra\u00e7\u00e3o de Dachau?<\/p>\n","protected":false},"author":1,"featured_media":23805,"comment_status":"closed","ping_status":"closed","sticky":false,"template":"","format":"standard","meta":{"footnotes":""},"categories":[888,880,912],"tags":[],"class_list":["post-23792","post","type-post","status-publish","format-standard","has-post-thumbnail","hentry","category-herois-de-schoenstatt-pt-pt","category-pe-jose-kentenich-pt-pt","category-sociedade-pt-pt"],"yoast_head":"<!-- This site is optimized with the Yoast SEO Premium plugin v27.4 (Yoast SEO v27.4) - https:\/\/yoast.com\/product\/yoast-seo-premium-wordpress\/ -->\n<title>\u201cEis que estou convosco todos os dias\u201d \u2013 Tamb\u00e9m aqui! - Schoenstatt<\/title>\n<meta name=\"description\" content=\"Um total de 2.579 sacerdotes cat\u00f3licos foram registrados em Dachau como prisioneiros, dentro deles Kentenich e como Karl Leisner.\" \/>\n<meta name=\"robots\" content=\"index, follow, max-snippet:-1, max-image-preview:large, max-video-preview:-1\" \/>\n<link rel=\"canonical\" href=\"https:\/\/schoenstatt.com\/pt-pt\/eis-que-estou-convosco-todos-os-dias-tambem-aqui\/\" \/>\n<meta property=\"og:locale\" content=\"pt_PT\" \/>\n<meta property=\"og:type\" content=\"article\" \/>\n<meta property=\"og:title\" content=\"\u201cEis que estou convosco todos os dias\u201d \u2013 Tamb\u00e9m aqui!\" \/>\n<meta property=\"og:description\" content=\"Um total de 2.579 sacerdotes cat\u00f3licos foram registrados em Dachau como prisioneiros, dentro deles Kentenich e como Karl Leisner.\" \/>\n<meta property=\"og:url\" content=\"https:\/\/schoenstatt.com\/pt-pt\/eis-que-estou-convosco-todos-os-dias-tambem-aqui\/\" \/>\n<meta property=\"og:site_name\" content=\"Schoenstatt\" \/>\n<meta property=\"article:published_time\" content=\"2022-03-13T07:30:12+00:00\" \/>\n<meta property=\"article:modified_time\" content=\"2025-05-16T01:14:40+00:00\" \/>\n<meta property=\"og:image\" content=\"https:\/\/schoenstatt.com\/wp-content\/uploads\/2022\/02\/20210816_150110-scaled-1.jpg\" \/>\n\t<meta property=\"og:image:width\" content=\"2560\" \/>\n\t<meta property=\"og:image:height\" content=\"1920\" \/>\n\t<meta property=\"og:image:type\" content=\"image\/jpeg\" \/>\n<meta name=\"author\" content=\"admin\" \/>\n<meta name=\"twitter:card\" content=\"summary_large_image\" \/>\n<meta name=\"twitter:label1\" content=\"Escrito por\" \/>\n\t<meta name=\"twitter:data1\" content=\"admin\" \/>\n\t<meta name=\"twitter:label2\" content=\"Tempo estimado de leitura\" \/>\n\t<meta name=\"twitter:data2\" content=\"5 minutos\" \/>\n<script type=\"application\/ld+json\" class=\"yoast-schema-graph\">{\"@context\":\"https:\\\/\\\/schema.org\",\"@graph\":[{\"@type\":\"Article\",\"@id\":\"https:\\\/\\\/schoenstatt.com\\\/pt-pt\\\/eis-que-estou-convosco-todos-os-dias-tambem-aqui\\\/#article\",\"isPartOf\":{\"@id\":\"https:\\\/\\\/schoenstatt.com\\\/pt-pt\\\/eis-que-estou-convosco-todos-os-dias-tambem-aqui\\\/\"},\"author\":{\"name\":\"admin\",\"@id\":\"https:\\\/\\\/schoenstatt.com\\\/pt-pt\\\/#\\\/schema\\\/person\\\/489465b1850e7b216fe2c10dfc262551\"},\"headline\":\"\u201cEis que estou convosco todos os dias\u201d \u2013 Tamb\u00e9m aqui!\",\"datePublished\":\"2022-03-13T07:30:12+00:00\",\"dateModified\":\"2025-05-16T01:14:40+00:00\",\"mainEntityOfPage\":{\"@id\":\"https:\\\/\\\/schoenstatt.com\\\/pt-pt\\\/eis-que-estou-convosco-todos-os-dias-tambem-aqui\\\/\"},\"wordCount\":941,\"publisher\":{\"@id\":\"https:\\\/\\\/schoenstatt.com\\\/pt-pt\\\/#organization\"},\"image\":{\"@id\":\"https:\\\/\\\/schoenstatt.com\\\/pt-pt\\\/eis-que-estou-convosco-todos-os-dias-tambem-aqui\\\/#primaryimage\"},\"thumbnailUrl\":\"https:\\\/\\\/schoenstatt.com\\\/wp-content\\\/uploads\\\/2022\\\/02\\\/20210816_150110-scaled-1.jpg\",\"articleSection\":[\"Her\u00f3is de Schoenstatt\",\"Pe. Jos\u00e9 Kentenich\",\"Sociedade\"],\"inLanguage\":\"pt-PT\"},{\"@type\":\"WebPage\",\"@id\":\"https:\\\/\\\/schoenstatt.com\\\/pt-pt\\\/eis-que-estou-convosco-todos-os-dias-tambem-aqui\\\/\",\"url\":\"https:\\\/\\\/schoenstatt.com\\\/pt-pt\\\/eis-que-estou-convosco-todos-os-dias-tambem-aqui\\\/\",\"name\":\"\u201cEis que estou convosco todos os dias\u201d \u2013 Tamb\u00e9m aqui! - Schoenstatt\",\"isPartOf\":{\"@id\":\"https:\\\/\\\/schoenstatt.com\\\/pt-pt\\\/#website\"},\"primaryImageOfPage\":{\"@id\":\"https:\\\/\\\/schoenstatt.com\\\/pt-pt\\\/eis-que-estou-convosco-todos-os-dias-tambem-aqui\\\/#primaryimage\"},\"image\":{\"@id\":\"https:\\\/\\\/schoenstatt.com\\\/pt-pt\\\/eis-que-estou-convosco-todos-os-dias-tambem-aqui\\\/#primaryimage\"},\"thumbnailUrl\":\"https:\\\/\\\/schoenstatt.com\\\/wp-content\\\/uploads\\\/2022\\\/02\\\/20210816_150110-scaled-1.jpg\",\"datePublished\":\"2022-03-13T07:30:12+00:00\",\"dateModified\":\"2025-05-16T01:14:40+00:00\",\"description\":\"Um total de 2.579 sacerdotes cat\u00f3licos foram registrados em Dachau como prisioneiros, dentro deles Kentenich e como Karl Leisner.\",\"breadcrumb\":{\"@id\":\"https:\\\/\\\/schoenstatt.com\\\/pt-pt\\\/eis-que-estou-convosco-todos-os-dias-tambem-aqui\\\/#breadcrumb\"},\"inLanguage\":\"pt-PT\",\"potentialAction\":[{\"@type\":\"ReadAction\",\"target\":[\"https:\\\/\\\/schoenstatt.com\\\/pt-pt\\\/eis-que-estou-convosco-todos-os-dias-tambem-aqui\\\/\"]}]},{\"@type\":\"ImageObject\",\"inLanguage\":\"pt-PT\",\"@id\":\"https:\\\/\\\/schoenstatt.com\\\/pt-pt\\\/eis-que-estou-convosco-todos-os-dias-tambem-aqui\\\/#primaryimage\",\"url\":\"https:\\\/\\\/schoenstatt.com\\\/wp-content\\\/uploads\\\/2022\\\/02\\\/20210816_150110-scaled-1.jpg\",\"contentUrl\":\"https:\\\/\\\/schoenstatt.com\\\/wp-content\\\/uploads\\\/2022\\\/02\\\/20210816_150110-scaled-1.jpg\",\"width\":2560,\"height\":1920,\"caption\":\"O campo de concentra\u00e7\u00e3o de Dachau\"},{\"@type\":\"BreadcrumbList\",\"@id\":\"https:\\\/\\\/schoenstatt.com\\\/pt-pt\\\/eis-que-estou-convosco-todos-os-dias-tambem-aqui\\\/#breadcrumb\",\"itemListElement\":[{\"@type\":\"ListItem\",\"position\":1,\"name\":\"Portada\",\"item\":\"https:\\\/\\\/schoenstatt.com\\\/pt-pt\\\/home\\\/\"},{\"@type\":\"ListItem\",\"position\":2,\"name\":\"\u201cEis que estou convosco todos os dias\u201d \u2013 Tamb\u00e9m aqui!\"}]},{\"@type\":\"WebSite\",\"@id\":\"https:\\\/\\\/schoenstatt.com\\\/pt-pt\\\/#website\",\"url\":\"https:\\\/\\\/schoenstatt.com\\\/pt-pt\\\/\",\"name\":\"Schoenstatt\",\"description\":\"Apostolic Movement\",\"publisher\":{\"@id\":\"https:\\\/\\\/schoenstatt.com\\\/pt-pt\\\/#organization\"},\"potentialAction\":[{\"@type\":\"SearchAction\",\"target\":{\"@type\":\"EntryPoint\",\"urlTemplate\":\"https:\\\/\\\/schoenstatt.com\\\/pt-pt\\\/?s={search_term_string}\"},\"query-input\":{\"@type\":\"PropertyValueSpecification\",\"valueRequired\":true,\"valueName\":\"search_term_string\"}}],\"inLanguage\":\"pt-PT\"},{\"@type\":\"Organization\",\"@id\":\"https:\\\/\\\/schoenstatt.com\\\/pt-pt\\\/#organization\",\"name\":\"Schoenstatt\",\"url\":\"https:\\\/\\\/schoenstatt.com\\\/pt-pt\\\/\",\"logo\":{\"@type\":\"ImageObject\",\"inLanguage\":\"pt-PT\",\"@id\":\"https:\\\/\\\/schoenstatt.com\\\/pt-pt\\\/#\\\/schema\\\/logo\\\/image\\\/\",\"url\":\"https:\\\/\\\/schoenstatt.com\\\/wp-content\\\/uploads\\\/2025\\\/04\\\/logo-schoenstatt-white-696x696-1.png\",\"contentUrl\":\"https:\\\/\\\/schoenstatt.com\\\/wp-content\\\/uploads\\\/2025\\\/04\\\/logo-schoenstatt-white-696x696-1.png\",\"width\":696,\"height\":694,\"caption\":\"Schoenstatt\"},\"image\":{\"@id\":\"https:\\\/\\\/schoenstatt.com\\\/pt-pt\\\/#\\\/schema\\\/logo\\\/image\\\/\"}},{\"@type\":\"Person\",\"@id\":\"https:\\\/\\\/schoenstatt.com\\\/pt-pt\\\/#\\\/schema\\\/person\\\/489465b1850e7b216fe2c10dfc262551\",\"name\":\"admin\",\"image\":{\"@type\":\"ImageObject\",\"inLanguage\":\"pt-PT\",\"@id\":\"https:\\\/\\\/secure.gravatar.com\\\/avatar\\\/02e8345e1ec40ab0e0a2a98fdde64a684bbaf994cddcb778b25b8b024ee9dfe6?s=96&d=mm&r=g\",\"url\":\"https:\\\/\\\/secure.gravatar.com\\\/avatar\\\/02e8345e1ec40ab0e0a2a98fdde64a684bbaf994cddcb778b25b8b024ee9dfe6?s=96&d=mm&r=g\",\"contentUrl\":\"https:\\\/\\\/secure.gravatar.com\\\/avatar\\\/02e8345e1ec40ab0e0a2a98fdde64a684bbaf994cddcb778b25b8b024ee9dfe6?s=96&d=mm&r=g\",\"caption\":\"admin\"},\"sameAs\":[\"https:\\\/\\\/schoenstatt.com\"],\"url\":\"https:\\\/\\\/schoenstatt.com\\\/pt-pt\\\/author\\\/admin\\\/\"}]}<\/script>\n<!-- \/ Yoast SEO Premium plugin. -->","yoast_head_json":{"title":"\u201cEis que estou convosco todos os dias\u201d \u2013 Tamb\u00e9m aqui! - Schoenstatt","description":"Um total de 2.579 sacerdotes cat\u00f3licos foram registrados em Dachau como prisioneiros, dentro deles Kentenich e como Karl Leisner.","robots":{"index":"index","follow":"follow","max-snippet":"max-snippet:-1","max-image-preview":"max-image-preview:large","max-video-preview":"max-video-preview:-1"},"canonical":"https:\/\/schoenstatt.com\/pt-pt\/eis-que-estou-convosco-todos-os-dias-tambem-aqui\/","og_locale":"pt_PT","og_type":"article","og_title":"\u201cEis que estou convosco todos os dias\u201d \u2013 Tamb\u00e9m aqui!","og_description":"Um total de 2.579 sacerdotes cat\u00f3licos foram registrados em Dachau como prisioneiros, dentro deles Kentenich e como Karl Leisner.","og_url":"https:\/\/schoenstatt.com\/pt-pt\/eis-que-estou-convosco-todos-os-dias-tambem-aqui\/","og_site_name":"Schoenstatt","article_published_time":"2022-03-13T07:30:12+00:00","article_modified_time":"2025-05-16T01:14:40+00:00","og_image":[{"width":2560,"height":1920,"url":"https:\/\/schoenstatt.com\/wp-content\/uploads\/2022\/02\/20210816_150110-scaled-1.jpg","type":"image\/jpeg"}],"author":"admin","twitter_card":"summary_large_image","twitter_misc":{"Escrito por":"admin","Tempo estimado de leitura":"5 minutos"},"schema":{"@context":"https:\/\/schema.org","@graph":[{"@type":"Article","@id":"https:\/\/schoenstatt.com\/pt-pt\/eis-que-estou-convosco-todos-os-dias-tambem-aqui\/#article","isPartOf":{"@id":"https:\/\/schoenstatt.com\/pt-pt\/eis-que-estou-convosco-todos-os-dias-tambem-aqui\/"},"author":{"name":"admin","@id":"https:\/\/schoenstatt.com\/pt-pt\/#\/schema\/person\/489465b1850e7b216fe2c10dfc262551"},"headline":"\u201cEis que estou convosco todos os dias\u201d \u2013 Tamb\u00e9m aqui!","datePublished":"2022-03-13T07:30:12+00:00","dateModified":"2025-05-16T01:14:40+00:00","mainEntityOfPage":{"@id":"https:\/\/schoenstatt.com\/pt-pt\/eis-que-estou-convosco-todos-os-dias-tambem-aqui\/"},"wordCount":941,"publisher":{"@id":"https:\/\/schoenstatt.com\/pt-pt\/#organization"},"image":{"@id":"https:\/\/schoenstatt.com\/pt-pt\/eis-que-estou-convosco-todos-os-dias-tambem-aqui\/#primaryimage"},"thumbnailUrl":"https:\/\/schoenstatt.com\/wp-content\/uploads\/2022\/02\/20210816_150110-scaled-1.jpg","articleSection":["Her\u00f3is de Schoenstatt","Pe. Jos\u00e9 Kentenich","Sociedade"],"inLanguage":"pt-PT"},{"@type":"WebPage","@id":"https:\/\/schoenstatt.com\/pt-pt\/eis-que-estou-convosco-todos-os-dias-tambem-aqui\/","url":"https:\/\/schoenstatt.com\/pt-pt\/eis-que-estou-convosco-todos-os-dias-tambem-aqui\/","name":"\u201cEis que estou convosco todos os dias\u201d \u2013 Tamb\u00e9m aqui! - Schoenstatt","isPartOf":{"@id":"https:\/\/schoenstatt.com\/pt-pt\/#website"},"primaryImageOfPage":{"@id":"https:\/\/schoenstatt.com\/pt-pt\/eis-que-estou-convosco-todos-os-dias-tambem-aqui\/#primaryimage"},"image":{"@id":"https:\/\/schoenstatt.com\/pt-pt\/eis-que-estou-convosco-todos-os-dias-tambem-aqui\/#primaryimage"},"thumbnailUrl":"https:\/\/schoenstatt.com\/wp-content\/uploads\/2022\/02\/20210816_150110-scaled-1.jpg","datePublished":"2022-03-13T07:30:12+00:00","dateModified":"2025-05-16T01:14:40+00:00","description":"Um total de 2.579 sacerdotes cat\u00f3licos foram registrados em Dachau como prisioneiros, dentro deles Kentenich e como Karl Leisner.","breadcrumb":{"@id":"https:\/\/schoenstatt.com\/pt-pt\/eis-que-estou-convosco-todos-os-dias-tambem-aqui\/#breadcrumb"},"inLanguage":"pt-PT","potentialAction":[{"@type":"ReadAction","target":["https:\/\/schoenstatt.com\/pt-pt\/eis-que-estou-convosco-todos-os-dias-tambem-aqui\/"]}]},{"@type":"ImageObject","inLanguage":"pt-PT","@id":"https:\/\/schoenstatt.com\/pt-pt\/eis-que-estou-convosco-todos-os-dias-tambem-aqui\/#primaryimage","url":"https:\/\/schoenstatt.com\/wp-content\/uploads\/2022\/02\/20210816_150110-scaled-1.jpg","contentUrl":"https:\/\/schoenstatt.com\/wp-content\/uploads\/2022\/02\/20210816_150110-scaled-1.jpg","width":2560,"height":1920,"caption":"O campo de concentra\u00e7\u00e3o de Dachau"},{"@type":"BreadcrumbList","@id":"https:\/\/schoenstatt.com\/pt-pt\/eis-que-estou-convosco-todos-os-dias-tambem-aqui\/#breadcrumb","itemListElement":[{"@type":"ListItem","position":1,"name":"Portada","item":"https:\/\/schoenstatt.com\/pt-pt\/home\/"},{"@type":"ListItem","position":2,"name":"\u201cEis que estou convosco todos os dias\u201d \u2013 Tamb\u00e9m aqui!"}]},{"@type":"WebSite","@id":"https:\/\/schoenstatt.com\/pt-pt\/#website","url":"https:\/\/schoenstatt.com\/pt-pt\/","name":"Schoenstatt","description":"Apostolic Movement","publisher":{"@id":"https:\/\/schoenstatt.com\/pt-pt\/#organization"},"potentialAction":[{"@type":"SearchAction","target":{"@type":"EntryPoint","urlTemplate":"https:\/\/schoenstatt.com\/pt-pt\/?s={search_term_string}"},"query-input":{"@type":"PropertyValueSpecification","valueRequired":true,"valueName":"search_term_string"}}],"inLanguage":"pt-PT"},{"@type":"Organization","@id":"https:\/\/schoenstatt.com\/pt-pt\/#organization","name":"Schoenstatt","url":"https:\/\/schoenstatt.com\/pt-pt\/","logo":{"@type":"ImageObject","inLanguage":"pt-PT","@id":"https:\/\/schoenstatt.com\/pt-pt\/#\/schema\/logo\/image\/","url":"https:\/\/schoenstatt.com\/wp-content\/uploads\/2025\/04\/logo-schoenstatt-white-696x696-1.png","contentUrl":"https:\/\/schoenstatt.com\/wp-content\/uploads\/2025\/04\/logo-schoenstatt-white-696x696-1.png","width":696,"height":694,"caption":"Schoenstatt"},"image":{"@id":"https:\/\/schoenstatt.com\/pt-pt\/#\/schema\/logo\/image\/"}},{"@type":"Person","@id":"https:\/\/schoenstatt.com\/pt-pt\/#\/schema\/person\/489465b1850e7b216fe2c10dfc262551","name":"admin","image":{"@type":"ImageObject","inLanguage":"pt-PT","@id":"https:\/\/secure.gravatar.com\/avatar\/02e8345e1ec40ab0e0a2a98fdde64a684bbaf994cddcb778b25b8b024ee9dfe6?s=96&d=mm&r=g","url":"https:\/\/secure.gravatar.com\/avatar\/02e8345e1ec40ab0e0a2a98fdde64a684bbaf994cddcb778b25b8b024ee9dfe6?s=96&d=mm&r=g","contentUrl":"https:\/\/secure.gravatar.com\/avatar\/02e8345e1ec40ab0e0a2a98fdde64a684bbaf994cddcb778b25b8b024ee9dfe6?s=96&d=mm&r=g","caption":"admin"},"sameAs":["https:\/\/schoenstatt.com"],"url":"https:\/\/schoenstatt.com\/pt-pt\/author\/admin\/"}]}},"_links":{"self":[{"href":"https:\/\/schoenstatt.com\/pt-pt\/wp-json\/wp\/v2\/posts\/23792","targetHints":{"allow":["GET"]}}],"collection":[{"href":"https:\/\/schoenstatt.com\/pt-pt\/wp-json\/wp\/v2\/posts"}],"about":[{"href":"https:\/\/schoenstatt.com\/pt-pt\/wp-json\/wp\/v2\/types\/post"}],"author":[{"embeddable":true,"href":"https:\/\/schoenstatt.com\/pt-pt\/wp-json\/wp\/v2\/users\/1"}],"replies":[{"embeddable":true,"href":"https:\/\/schoenstatt.com\/pt-pt\/wp-json\/wp\/v2\/comments?post=23792"}],"version-history":[{"count":1,"href":"https:\/\/schoenstatt.com\/pt-pt\/wp-json\/wp\/v2\/posts\/23792\/revisions"}],"predecessor-version":[{"id":45071,"href":"https:\/\/schoenstatt.com\/pt-pt\/wp-json\/wp\/v2\/posts\/23792\/revisions\/45071"}],"wp:featuredmedia":[{"embeddable":true,"href":"https:\/\/schoenstatt.com\/pt-pt\/wp-json\/wp\/v2\/media\/23805"}],"wp:attachment":[{"href":"https:\/\/schoenstatt.com\/pt-pt\/wp-json\/wp\/v2\/media?parent=23792"}],"wp:term":[{"taxonomy":"category","embeddable":true,"href":"https:\/\/schoenstatt.com\/pt-pt\/wp-json\/wp\/v2\/categories?post=23792"},{"taxonomy":"post_tag","embeddable":true,"href":"https:\/\/schoenstatt.com\/pt-pt\/wp-json\/wp\/v2\/tags?post=23792"}],"curies":[{"name":"wp","href":"https:\/\/api.w.org\/{rel}","templated":true}]}}