{"id":23151,"date":"2021-05-11T10:00:21","date_gmt":"2021-05-11T08:00:21","guid":{"rendered":"https:\/\/schoenstatt.com\/?p=23151"},"modified":"2025-08-19T03:03:03","modified_gmt":"2025-08-19T01:03:03","slug":"qual-o-significado-dessa-anfora-e-por-que-ela-fica-ali","status":"publish","type":"post","link":"https:\/\/schoenstatt.com\/pt-pt\/qual-o-significado-dessa-anfora-e-por-que-ela-fica-ali\/","title":{"rendered":"Qual o significado dessa \u00e2nfora e por que ela fica ali?"},"content":{"rendered":"<p style=\"text-align: left;\">Ao longo do m\u00eas ela vai se enchendo com papeis e bilhetes colocados por muitas pessoas que visitam a M\u00e3e e Rainha Tr\u00eas Vezes Admir\u00e1vel de Schoenstatt.<\/p>\n<h3>O que significa esta talha?<\/h3>\n<p>Este s\u00edmbolo remete \u00e0 leitura b\u00edblica das Bodas de Can\u00e1, quando Jesus transforma a \u00e1gua em vinho: \u201cOra, achavam-se ali seis talhas de pedra para as purifica\u00e7\u00f5es dos judeus, que continham cada qual duas ou tr\u00eas medidas. Jesus ordena-lhes: \u2018Enchei as talhas de \u00e1gua\u2019. Eles encheram-nas at\u00e9 em cima\u201d (Jo 2, 1-11).<\/p>\n<h3><img fetchpriority=\"high\" decoding=\"async\" class=\"aligncenter wp-image-23043 size-full\" src=\"https:\/\/schoenstatt.com\/wp-content\/uploads\/2022\/01\/tinaja-santuario-original.png\" alt=\"\" width=\"890\" height=\"898\" \/><\/h3>\n<h3>Qual a rela\u00e7\u00e3o da talha com o Santu\u00e1rio?<\/h3>\n<p>Assim como a \u00e1gua \u00e9 essencial para os seres vivos, o <a href=\"https:\/\/schoenstatt.com\/pt-pt\/nossa-espiritualidade\/alianca-de-amor\/capital-de-gracas\/\">Capital de Gra\u00e7as<\/a> \u00e9 alimento para a vida espiritual de Schoenstatt. O Capital de Gra\u00e7as re\u00fane as ofertas pessoais de todos que entregam seus sacrif\u00edcios e alegrias, especialmente de autoeduca\u00e7\u00e3o, daqueles que desejam ser um santo do dia a dia.<\/p>\n<p>Essas ofertas pessoais ao Capital de Gra\u00e7as, quando unidas ao sacrif\u00edcio de Cristo, t\u00eam um imenso valor. Aquilo que colocamos na talha s\u00e3o os presentes de amor entregues ao Capital de Gra\u00e7as de Nossa Senhora, a fim de que ela os distribua \u00e0queles que necessitam. Capital de Gra\u00e7as \u00e9 o nome dado ao \u201ctesouro\u201d que a M\u00e3e distribui a partir do Santu\u00e1rio.<\/p>\n<p><img decoding=\"async\" class=\"aligncenter wp-image-23032 size-large\" src=\"https:\/\/schoenstatt.com\/wp-content\/uploads\/2022\/01\/capital-de-gracias-ardiente-760x1024.png\" alt=\"\" width=\"760\" height=\"1024\" \/><\/p>\n<h3>O que s\u00e3o os bilhetes e pap\u00e9is colocados na talha?<\/h3>\n<p>Ao longo do m\u00eas, os membros do Movimento de Schoenstatt v\u00e3o anotando suas contribui\u00e7\u00f5es ao Capital de Gra\u00e7as em cadernetas ou pap\u00e9is avulsos, para controlar o crescimento espiritual. Esses pap\u00e9is, que registram o esfor\u00e7o de cada um por uma vida de santidade, s\u00e3o ent\u00e3o entregues na talha.<\/p>\n<p>\u00c0 exemplo do que aconteceu em <a href=\"https:\/\/www.vatican.va\/special\/rosary\/documents\/popup\/popup02_lum_po.html\">Can\u00e1<\/a>, os dons imperfeitos de cada um s\u00e3o unidos aos dons perfeitos de Cristo para que o milagre aconte\u00e7a: Jesus transforma a \u00e1gua das nossas ofertas em bom vinho e a M\u00e3e e Rainha o distribui do Santu\u00e1rio.<\/p>\n<p>Geralmente, quando chega o dia 18, esses pap\u00e9is s\u00e3o queimados na pira, elevando ao c\u00e9u todos os sacrif\u00edcios.<\/p>\n","protected":false},"excerpt":{"rendered":"<p>A maioria dos Santu\u00e1rios Filiais de Schoenstatt possui uma talha, esta pe\u00e7a que parece um jarro e fica na frente do altar, na parte central.<\/p>\n","protected":false},"author":6,"featured_media":23036,"comment_status":"closed","ping_status":"closed","sticky":false,"template":"","format":"standard","meta":{"footnotes":""},"categories":[916,696],"tags":[968,1198],"class_list":["post-23151","post","type-post","status-publish","format-standard","has-post-thumbnail","hentry","category-espiritualidade-pt-pt","category-santuario-original-pt-pt","tag-capital-de-gracas-pt-pt","tag-santuario-de-schoenstatt-pt-pt"],"yoast_head":"<!-- This site is optimized with the Yoast SEO Premium plugin v27.4 (Yoast SEO v27.5) - https:\/\/yoast.com\/product\/yoast-seo-premium-wordpress\/ -->\n<title>Qual o significado dessa \u00e2nfora e por que ela fica ali? - Schoenstatt<\/title>\n<meta name=\"description\" content=\"Este s\u00edmbolo remete \u00e0 leitura b\u00edblica das Bodas de Can\u00e1, quando Jesus transforma a \u00e1gua em vinho. (Jo 2, 1-11).\" \/>\n<meta name=\"robots\" content=\"index, follow, max-snippet:-1, max-image-preview:large, max-video-preview:-1\" \/>\n<link rel=\"canonical\" href=\"https:\/\/schoenstatt.com\/pt-pt\/qual-o-significado-dessa-anfora-e-por-que-ela-fica-ali\/\" \/>\n<meta property=\"og:locale\" content=\"pt_PT\" \/>\n<meta property=\"og:type\" content=\"article\" \/>\n<meta property=\"og:title\" content=\"Qual o significado dessa \u00e2nfora e por que ela fica ali?\" \/>\n<meta property=\"og:description\" content=\"Este s\u00edmbolo remete \u00e0 leitura b\u00edblica das Bodas de Can\u00e1, quando Jesus transforma a \u00e1gua em vinho. (Jo 2, 1-11).\" \/>\n<meta property=\"og:url\" content=\"https:\/\/schoenstatt.com\/pt-pt\/qual-o-significado-dessa-anfora-e-por-que-ela-fica-ali\/\" \/>\n<meta property=\"og:site_name\" content=\"Schoenstatt\" \/>\n<meta property=\"article:published_time\" content=\"2021-05-11T08:00:21+00:00\" \/>\n<meta property=\"article:modified_time\" content=\"2025-08-19T01:03:03+00:00\" \/>\n<meta property=\"og:image\" content=\"https:\/\/schoenstatt.com\/wp-content\/uploads\/2022\/01\/Schoenstatt-capital-of-grace-1.jpg\" \/>\n\t<meta property=\"og:image:width\" content=\"1200\" \/>\n\t<meta property=\"og:image:height\" content=\"798\" \/>\n\t<meta property=\"og:image:type\" content=\"image\/jpeg\" \/>\n<meta name=\"author\" content=\"Vanessa Franke\" \/>\n<meta name=\"twitter:card\" content=\"summary_large_image\" \/>\n<meta name=\"twitter:label1\" content=\"Escrito por\" \/>\n\t<meta name=\"twitter:data1\" content=\"Vanessa Franke\" \/>\n\t<meta name=\"twitter:label2\" content=\"Tempo estimado de leitura\" \/>\n\t<meta name=\"twitter:data2\" content=\"3 minutos\" \/>\n<script type=\"application\/ld+json\" class=\"yoast-schema-graph\">{\"@context\":\"https:\\\/\\\/schema.org\",\"@graph\":[{\"@type\":\"Article\",\"@id\":\"https:\\\/\\\/schoenstatt.com\\\/pt-pt\\\/qual-o-significado-dessa-anfora-e-por-que-ela-fica-ali\\\/#article\",\"isPartOf\":{\"@id\":\"https:\\\/\\\/schoenstatt.com\\\/pt-pt\\\/qual-o-significado-dessa-anfora-e-por-que-ela-fica-ali\\\/\"},\"author\":{\"name\":\"Vanessa Franke\",\"@id\":\"https:\\\/\\\/schoenstatt.com\\\/pt-pt\\\/#\\\/schema\\\/person\\\/ea97a60c723e21c923e2177f0f3163f7\"},\"headline\":\"Qual o significado dessa \u00e2nfora e por que ela fica ali?\",\"datePublished\":\"2021-05-11T08:00:21+00:00\",\"dateModified\":\"2025-08-19T01:03:03+00:00\",\"mainEntityOfPage\":{\"@id\":\"https:\\\/\\\/schoenstatt.com\\\/pt-pt\\\/qual-o-significado-dessa-anfora-e-por-que-ela-fica-ali\\\/\"},\"wordCount\":370,\"publisher\":{\"@id\":\"https:\\\/\\\/schoenstatt.com\\\/pt-pt\\\/#organization\"},\"image\":{\"@id\":\"https:\\\/\\\/schoenstatt.com\\\/pt-pt\\\/qual-o-significado-dessa-anfora-e-por-que-ela-fica-ali\\\/#primaryimage\"},\"thumbnailUrl\":\"https:\\\/\\\/schoenstatt.com\\\/wp-content\\\/uploads\\\/2022\\\/01\\\/Schoenstatt-capital-of-grace-1.jpg\",\"keywords\":[\"Capital de Gra\u00e7as\",\"Santu\u00e1rio de Schoenstatt\"],\"articleSection\":[\"Espiritualidade\",\"Santu\u00e1rio Original\"],\"inLanguage\":\"pt-PT\"},{\"@type\":\"WebPage\",\"@id\":\"https:\\\/\\\/schoenstatt.com\\\/pt-pt\\\/qual-o-significado-dessa-anfora-e-por-que-ela-fica-ali\\\/\",\"url\":\"https:\\\/\\\/schoenstatt.com\\\/pt-pt\\\/qual-o-significado-dessa-anfora-e-por-que-ela-fica-ali\\\/\",\"name\":\"Qual o significado dessa \u00e2nfora e por que ela fica ali? - Schoenstatt\",\"isPartOf\":{\"@id\":\"https:\\\/\\\/schoenstatt.com\\\/pt-pt\\\/#website\"},\"primaryImageOfPage\":{\"@id\":\"https:\\\/\\\/schoenstatt.com\\\/pt-pt\\\/qual-o-significado-dessa-anfora-e-por-que-ela-fica-ali\\\/#primaryimage\"},\"image\":{\"@id\":\"https:\\\/\\\/schoenstatt.com\\\/pt-pt\\\/qual-o-significado-dessa-anfora-e-por-que-ela-fica-ali\\\/#primaryimage\"},\"thumbnailUrl\":\"https:\\\/\\\/schoenstatt.com\\\/wp-content\\\/uploads\\\/2022\\\/01\\\/Schoenstatt-capital-of-grace-1.jpg\",\"datePublished\":\"2021-05-11T08:00:21+00:00\",\"dateModified\":\"2025-08-19T01:03:03+00:00\",\"description\":\"Este s\u00edmbolo remete \u00e0 leitura b\u00edblica das Bodas de Can\u00e1, quando Jesus transforma a \u00e1gua em vinho. (Jo 2, 1-11).\",\"breadcrumb\":{\"@id\":\"https:\\\/\\\/schoenstatt.com\\\/pt-pt\\\/qual-o-significado-dessa-anfora-e-por-que-ela-fica-ali\\\/#breadcrumb\"},\"inLanguage\":\"pt-PT\",\"potentialAction\":[{\"@type\":\"ReadAction\",\"target\":[\"https:\\\/\\\/schoenstatt.com\\\/pt-pt\\\/qual-o-significado-dessa-anfora-e-por-que-ela-fica-ali\\\/\"]}]},{\"@type\":\"ImageObject\",\"inLanguage\":\"pt-PT\",\"@id\":\"https:\\\/\\\/schoenstatt.com\\\/pt-pt\\\/qual-o-significado-dessa-anfora-e-por-que-ela-fica-ali\\\/#primaryimage\",\"url\":\"https:\\\/\\\/schoenstatt.com\\\/wp-content\\\/uploads\\\/2022\\\/01\\\/Schoenstatt-capital-of-grace-1.jpg\",\"contentUrl\":\"https:\\\/\\\/schoenstatt.com\\\/wp-content\\\/uploads\\\/2022\\\/01\\\/Schoenstatt-capital-of-grace-1.jpg\",\"width\":1200,\"height\":798,\"caption\":\"jug in the shrine\"},{\"@type\":\"BreadcrumbList\",\"@id\":\"https:\\\/\\\/schoenstatt.com\\\/pt-pt\\\/qual-o-significado-dessa-anfora-e-por-que-ela-fica-ali\\\/#breadcrumb\",\"itemListElement\":[{\"@type\":\"ListItem\",\"position\":1,\"name\":\"Portada\",\"item\":\"https:\\\/\\\/schoenstatt.com\\\/pt-pt\\\/home\\\/\"},{\"@type\":\"ListItem\",\"position\":2,\"name\":\"Qual o significado dessa \u00e2nfora e por que ela fica ali?\"}]},{\"@type\":\"WebSite\",\"@id\":\"https:\\\/\\\/schoenstatt.com\\\/pt-pt\\\/#website\",\"url\":\"https:\\\/\\\/schoenstatt.com\\\/pt-pt\\\/\",\"name\":\"Schoenstatt\",\"description\":\"Apostolic Movement\",\"publisher\":{\"@id\":\"https:\\\/\\\/schoenstatt.com\\\/pt-pt\\\/#organization\"},\"potentialAction\":[{\"@type\":\"SearchAction\",\"target\":{\"@type\":\"EntryPoint\",\"urlTemplate\":\"https:\\\/\\\/schoenstatt.com\\\/pt-pt\\\/?s={search_term_string}\"},\"query-input\":{\"@type\":\"PropertyValueSpecification\",\"valueRequired\":true,\"valueName\":\"search_term_string\"}}],\"inLanguage\":\"pt-PT\"},{\"@type\":\"Organization\",\"@id\":\"https:\\\/\\\/schoenstatt.com\\\/pt-pt\\\/#organization\",\"name\":\"Schoenstatt\",\"url\":\"https:\\\/\\\/schoenstatt.com\\\/pt-pt\\\/\",\"logo\":{\"@type\":\"ImageObject\",\"inLanguage\":\"pt-PT\",\"@id\":\"https:\\\/\\\/schoenstatt.com\\\/pt-pt\\\/#\\\/schema\\\/logo\\\/image\\\/\",\"url\":\"https:\\\/\\\/schoenstatt.com\\\/wp-content\\\/uploads\\\/2025\\\/04\\\/logo-schoenstatt-white-696x696-1.png\",\"contentUrl\":\"https:\\\/\\\/schoenstatt.com\\\/wp-content\\\/uploads\\\/2025\\\/04\\\/logo-schoenstatt-white-696x696-1.png\",\"width\":696,\"height\":694,\"caption\":\"Schoenstatt\"},\"image\":{\"@id\":\"https:\\\/\\\/schoenstatt.com\\\/pt-pt\\\/#\\\/schema\\\/logo\\\/image\\\/\"}},{\"@type\":\"Person\",\"@id\":\"https:\\\/\\\/schoenstatt.com\\\/pt-pt\\\/#\\\/schema\\\/person\\\/ea97a60c723e21c923e2177f0f3163f7\",\"name\":\"Vanessa Franke\",\"image\":{\"@type\":\"ImageObject\",\"inLanguage\":\"pt-PT\",\"@id\":\"https:\\\/\\\/secure.gravatar.com\\\/avatar\\\/a9bcca3409928ccd3195eca11e2ccbb2e5d7c7912e9a945d4f326f81a0a5cb4a?s=96&d=mm&r=g\",\"url\":\"https:\\\/\\\/secure.gravatar.com\\\/avatar\\\/a9bcca3409928ccd3195eca11e2ccbb2e5d7c7912e9a945d4f326f81a0a5cb4a?s=96&d=mm&r=g\",\"contentUrl\":\"https:\\\/\\\/secure.gravatar.com\\\/avatar\\\/a9bcca3409928ccd3195eca11e2ccbb2e5d7c7912e9a945d4f326f81a0a5cb4a?s=96&d=mm&r=g\",\"caption\":\"Vanessa Franke\"},\"url\":\"https:\\\/\\\/schoenstatt.com\\\/pt-pt\\\/author\\\/vanessa-franke\\\/\"}]}<\/script>\n<!-- \/ Yoast SEO Premium plugin. -->","yoast_head_json":{"title":"Qual o significado dessa \u00e2nfora e por que ela fica ali? - Schoenstatt","description":"Este s\u00edmbolo remete \u00e0 leitura b\u00edblica das Bodas de Can\u00e1, quando Jesus transforma a \u00e1gua em vinho. (Jo 2, 1-11).","robots":{"index":"index","follow":"follow","max-snippet":"max-snippet:-1","max-image-preview":"max-image-preview:large","max-video-preview":"max-video-preview:-1"},"canonical":"https:\/\/schoenstatt.com\/pt-pt\/qual-o-significado-dessa-anfora-e-por-que-ela-fica-ali\/","og_locale":"pt_PT","og_type":"article","og_title":"Qual o significado dessa \u00e2nfora e por que ela fica ali?","og_description":"Este s\u00edmbolo remete \u00e0 leitura b\u00edblica das Bodas de Can\u00e1, quando Jesus transforma a \u00e1gua em vinho. (Jo 2, 1-11).","og_url":"https:\/\/schoenstatt.com\/pt-pt\/qual-o-significado-dessa-anfora-e-por-que-ela-fica-ali\/","og_site_name":"Schoenstatt","article_published_time":"2021-05-11T08:00:21+00:00","article_modified_time":"2025-08-19T01:03:03+00:00","og_image":[{"width":1200,"height":798,"url":"https:\/\/schoenstatt.com\/wp-content\/uploads\/2022\/01\/Schoenstatt-capital-of-grace-1.jpg","type":"image\/jpeg"}],"author":"Vanessa Franke","twitter_card":"summary_large_image","twitter_misc":{"Escrito por":"Vanessa Franke","Tempo estimado de leitura":"3 minutos"},"schema":{"@context":"https:\/\/schema.org","@graph":[{"@type":"Article","@id":"https:\/\/schoenstatt.com\/pt-pt\/qual-o-significado-dessa-anfora-e-por-que-ela-fica-ali\/#article","isPartOf":{"@id":"https:\/\/schoenstatt.com\/pt-pt\/qual-o-significado-dessa-anfora-e-por-que-ela-fica-ali\/"},"author":{"name":"Vanessa Franke","@id":"https:\/\/schoenstatt.com\/pt-pt\/#\/schema\/person\/ea97a60c723e21c923e2177f0f3163f7"},"headline":"Qual o significado dessa \u00e2nfora e por que ela fica ali?","datePublished":"2021-05-11T08:00:21+00:00","dateModified":"2025-08-19T01:03:03+00:00","mainEntityOfPage":{"@id":"https:\/\/schoenstatt.com\/pt-pt\/qual-o-significado-dessa-anfora-e-por-que-ela-fica-ali\/"},"wordCount":370,"publisher":{"@id":"https:\/\/schoenstatt.com\/pt-pt\/#organization"},"image":{"@id":"https:\/\/schoenstatt.com\/pt-pt\/qual-o-significado-dessa-anfora-e-por-que-ela-fica-ali\/#primaryimage"},"thumbnailUrl":"https:\/\/schoenstatt.com\/wp-content\/uploads\/2022\/01\/Schoenstatt-capital-of-grace-1.jpg","keywords":["Capital de Gra\u00e7as","Santu\u00e1rio de Schoenstatt"],"articleSection":["Espiritualidade","Santu\u00e1rio Original"],"inLanguage":"pt-PT"},{"@type":"WebPage","@id":"https:\/\/schoenstatt.com\/pt-pt\/qual-o-significado-dessa-anfora-e-por-que-ela-fica-ali\/","url":"https:\/\/schoenstatt.com\/pt-pt\/qual-o-significado-dessa-anfora-e-por-que-ela-fica-ali\/","name":"Qual o significado dessa \u00e2nfora e por que ela fica ali? - Schoenstatt","isPartOf":{"@id":"https:\/\/schoenstatt.com\/pt-pt\/#website"},"primaryImageOfPage":{"@id":"https:\/\/schoenstatt.com\/pt-pt\/qual-o-significado-dessa-anfora-e-por-que-ela-fica-ali\/#primaryimage"},"image":{"@id":"https:\/\/schoenstatt.com\/pt-pt\/qual-o-significado-dessa-anfora-e-por-que-ela-fica-ali\/#primaryimage"},"thumbnailUrl":"https:\/\/schoenstatt.com\/wp-content\/uploads\/2022\/01\/Schoenstatt-capital-of-grace-1.jpg","datePublished":"2021-05-11T08:00:21+00:00","dateModified":"2025-08-19T01:03:03+00:00","description":"Este s\u00edmbolo remete \u00e0 leitura b\u00edblica das Bodas de Can\u00e1, quando Jesus transforma a \u00e1gua em vinho. (Jo 2, 1-11).","breadcrumb":{"@id":"https:\/\/schoenstatt.com\/pt-pt\/qual-o-significado-dessa-anfora-e-por-que-ela-fica-ali\/#breadcrumb"},"inLanguage":"pt-PT","potentialAction":[{"@type":"ReadAction","target":["https:\/\/schoenstatt.com\/pt-pt\/qual-o-significado-dessa-anfora-e-por-que-ela-fica-ali\/"]}]},{"@type":"ImageObject","inLanguage":"pt-PT","@id":"https:\/\/schoenstatt.com\/pt-pt\/qual-o-significado-dessa-anfora-e-por-que-ela-fica-ali\/#primaryimage","url":"https:\/\/schoenstatt.com\/wp-content\/uploads\/2022\/01\/Schoenstatt-capital-of-grace-1.jpg","contentUrl":"https:\/\/schoenstatt.com\/wp-content\/uploads\/2022\/01\/Schoenstatt-capital-of-grace-1.jpg","width":1200,"height":798,"caption":"jug in the shrine"},{"@type":"BreadcrumbList","@id":"https:\/\/schoenstatt.com\/pt-pt\/qual-o-significado-dessa-anfora-e-por-que-ela-fica-ali\/#breadcrumb","itemListElement":[{"@type":"ListItem","position":1,"name":"Portada","item":"https:\/\/schoenstatt.com\/pt-pt\/home\/"},{"@type":"ListItem","position":2,"name":"Qual o significado dessa \u00e2nfora e por que ela fica ali?"}]},{"@type":"WebSite","@id":"https:\/\/schoenstatt.com\/pt-pt\/#website","url":"https:\/\/schoenstatt.com\/pt-pt\/","name":"Schoenstatt","description":"Apostolic Movement","publisher":{"@id":"https:\/\/schoenstatt.com\/pt-pt\/#organization"},"potentialAction":[{"@type":"SearchAction","target":{"@type":"EntryPoint","urlTemplate":"https:\/\/schoenstatt.com\/pt-pt\/?s={search_term_string}"},"query-input":{"@type":"PropertyValueSpecification","valueRequired":true,"valueName":"search_term_string"}}],"inLanguage":"pt-PT"},{"@type":"Organization","@id":"https:\/\/schoenstatt.com\/pt-pt\/#organization","name":"Schoenstatt","url":"https:\/\/schoenstatt.com\/pt-pt\/","logo":{"@type":"ImageObject","inLanguage":"pt-PT","@id":"https:\/\/schoenstatt.com\/pt-pt\/#\/schema\/logo\/image\/","url":"https:\/\/schoenstatt.com\/wp-content\/uploads\/2025\/04\/logo-schoenstatt-white-696x696-1.png","contentUrl":"https:\/\/schoenstatt.com\/wp-content\/uploads\/2025\/04\/logo-schoenstatt-white-696x696-1.png","width":696,"height":694,"caption":"Schoenstatt"},"image":{"@id":"https:\/\/schoenstatt.com\/pt-pt\/#\/schema\/logo\/image\/"}},{"@type":"Person","@id":"https:\/\/schoenstatt.com\/pt-pt\/#\/schema\/person\/ea97a60c723e21c923e2177f0f3163f7","name":"Vanessa Franke","image":{"@type":"ImageObject","inLanguage":"pt-PT","@id":"https:\/\/secure.gravatar.com\/avatar\/a9bcca3409928ccd3195eca11e2ccbb2e5d7c7912e9a945d4f326f81a0a5cb4a?s=96&d=mm&r=g","url":"https:\/\/secure.gravatar.com\/avatar\/a9bcca3409928ccd3195eca11e2ccbb2e5d7c7912e9a945d4f326f81a0a5cb4a?s=96&d=mm&r=g","contentUrl":"https:\/\/secure.gravatar.com\/avatar\/a9bcca3409928ccd3195eca11e2ccbb2e5d7c7912e9a945d4f326f81a0a5cb4a?s=96&d=mm&r=g","caption":"Vanessa Franke"},"url":"https:\/\/schoenstatt.com\/pt-pt\/author\/vanessa-franke\/"}]}},"_links":{"self":[{"href":"https:\/\/schoenstatt.com\/pt-pt\/wp-json\/wp\/v2\/posts\/23151","targetHints":{"allow":["GET"]}}],"collection":[{"href":"https:\/\/schoenstatt.com\/pt-pt\/wp-json\/wp\/v2\/posts"}],"about":[{"href":"https:\/\/schoenstatt.com\/pt-pt\/wp-json\/wp\/v2\/types\/post"}],"author":[{"embeddable":true,"href":"https:\/\/schoenstatt.com\/pt-pt\/wp-json\/wp\/v2\/users\/6"}],"replies":[{"embeddable":true,"href":"https:\/\/schoenstatt.com\/pt-pt\/wp-json\/wp\/v2\/comments?post=23151"}],"version-history":[{"count":4,"href":"https:\/\/schoenstatt.com\/pt-pt\/wp-json\/wp\/v2\/posts\/23151\/revisions"}],"predecessor-version":[{"id":62519,"href":"https:\/\/schoenstatt.com\/pt-pt\/wp-json\/wp\/v2\/posts\/23151\/revisions\/62519"}],"wp:featuredmedia":[{"embeddable":true,"href":"https:\/\/schoenstatt.com\/pt-pt\/wp-json\/wp\/v2\/media\/23036"}],"wp:attachment":[{"href":"https:\/\/schoenstatt.com\/pt-pt\/wp-json\/wp\/v2\/media?parent=23151"}],"wp:term":[{"taxonomy":"category","embeddable":true,"href":"https:\/\/schoenstatt.com\/pt-pt\/wp-json\/wp\/v2\/categories?post=23151"},{"taxonomy":"post_tag","embeddable":true,"href":"https:\/\/schoenstatt.com\/pt-pt\/wp-json\/wp\/v2\/tags?post=23151"}],"curies":[{"name":"wp","href":"https:\/\/api.w.org\/{rel}","templated":true}]}}