{"id":22994,"date":"2022-01-06T16:18:52","date_gmt":"2022-01-06T15:18:52","guid":{"rendered":"https:\/\/schoenstatt.com\/?p=22994"},"modified":"2025-08-22T00:46:54","modified_gmt":"2025-08-21T22:46:54","slug":"uniao-feminina-de-schoenstatt-realiza-seu-capitulo-geral","status":"publish","type":"post","link":"https:\/\/schoenstatt.com\/pt-pt\/uniao-feminina-de-schoenstatt-realiza-seu-capitulo-geral\/","title":{"rendered":"Uni\u00e3o Feminina de Schoenstatt realiza seu Cap\u00edtulo Geral"},"content":{"rendered":"<p>Atualmente est\u00e3o reunidas presencial e virtualmente as 25 delegadas capitulares eleitas que participam do Cap\u00edtulo Geral da <a href=\"https:\/\/schoenstatt.com\/pt-pt\/em-comunidade\/woman\/uniao-feminina\/\">Uni\u00e3o Apost\u00f3lica Feminina de Schoenstatt (saiba mais sobre essa comunidade)<\/a>. O encontro acontece de forma h\u00edbrida, com unionistas presentes em Schoenstatt e outras conectadas online. O Cap\u00edtulo iniciou no dia 27 de dezembro de 2021 e tem seu t\u00e9rmino programado para o dia 7 de janeiro de 2022.<\/p>\n<p>Tomam parte do Cap\u00edtulo, em raz\u00e3o do cargo que ocupam, a dirigente geral da Uni\u00e3o Internacional e os membros do conselho geral. Tamb\u00e9m as dirigentes anteriores da Uni\u00e3o e as dirigentes das regi\u00f5es, com as suas delegadas eleitas para representar os pa\u00edses e as regi\u00f5es. As brasileiras presentes, que participam em nome da Regi\u00e3o Brasil, Porto Rico e Portugal, s\u00e3o Valda Roseli Perez e Sandra Regina F\u00e9res, de Araraquara\/SP, tamb\u00e9m Geni Maria Hoss, de Curitiba\/PR \u2013 esta \u00faltima est\u00e1 em Schoenstatt.<\/p>\n<p>O Cap\u00edtulo Geral da Uni\u00e3o Feminina \u00e9 a assembleia que re\u00fane representantes de toda a comunidade a n\u00edvel internacional. Neste encontro, al\u00e9m de analisar a vida da comunidade e planejar metas futuras, ser\u00e1 eleita a nova dire\u00e7\u00e3o geral. Os cap\u00edtulos da Uni\u00e3o Feminina ocorrem, atualmente, num intervalo de cinco anos, segundo recente orienta\u00e7\u00e3o do Dicast\u00e9rio para os Leigos, a Fam\u00edlia e a Vida, que \u00e9 o \u00f3rg\u00e3o em Roma ao qual est\u00e3o vinculadas.<\/p>\n<p>\u201cVejo esses dias de Cap\u00edtulo como dias de gra\u00e7as e b\u00ean\u00e7\u00e3os. Dias em que o Esp\u00edrito Santo atua sobre nossa fam\u00edlia internacional da Uni\u00e3o Feminina. Al\u00e9m da elei\u00e7\u00e3o da Dire\u00e7\u00e3o Geral, podemos, nestes dias, lan\u00e7ar um olhar para a vida interior da comunidade, analisar os passos at\u00e9 aqui e planejar novos passos para o futuro, para que assim possamos viver melhor nossa voca\u00e7\u00e3o de consagradas no meio do mundo\u201d, diz a dirigente da Regi\u00e3o Brasil, Porto Rico e Portugal, Valda Perez.<\/p>\n<h3>Elei\u00e7\u00e3o aconteceu durante o Cap\u00edtulo Geral da comunidade<\/h3>\n<p>Pela primeira vez uma brasileira \u00e9 eleita para o cargo de dirigente geral da Uni\u00e3o Apost\u00f3lica Feminina de Schoenstatt. A Dra. Geni Maria Hoss vive em Curitiba\/PR, \u00e9 graduada em Teologia, com atua\u00e7\u00e3o na \u00e1rea da bio\u00e9tica. A vota\u00e7\u00e3o, que elegeu toda a dire\u00e7\u00e3o internacional da Uni\u00e3o Feminina, aconteceu durante o Cap\u00edtulo Geral da comunidade, nesta ter\u00e7a-feira, dia 4 de janeiro de 2022.<\/p>\n<p>Segundo a vota\u00e7\u00e3o das representantes capitulares, assim ficou formada a nova Dire\u00e7\u00e3o Geral da Uni\u00e3o Feminina, para os pr\u00f3ximos 5 anos:<\/p>\n<p><strong>Dirigente internacional:<\/strong> Geni Maria Hoss, Brasil<\/p>\n<p><strong>Respons\u00e1vel pelas comunidades livres:\u00a0<\/strong>Celia Etchegaray, Paraguai<mark><\/mark><mark><\/mark><\/p>\n<p><strong>Primeira Conselheira:\u00a0<\/strong>Bettina Betzner, Alemanha<\/p>\n<p><strong>Segunda Conselheira:\u00a0<\/strong>Magdalene Windoffer, Alemanha<\/p>\n<p><strong>Terceira Conselheira:<\/strong>\u00a0Brigitte Krompa\u00df, Alemanha<\/p>\n<figure id=\"attachment_23064\" aria-describedby=\"caption-attachment-23064\" style=\"width: 840px\" class=\"wp-caption aligncenter\"><img fetchpriority=\"high\" decoding=\"async\" class=\"size-large wp-image-23064\" src=\"https:\/\/schoenstatt.com\/wp-content\/uploads\/2022\/01\/Uniao-Feminina-1024x536.png\" alt=\"Uni\u00e3o Feminina de Schoenstatt\" width=\"840\" height=\"440\" \/><figcaption id=\"caption-attachment-23064\" class=\"wp-caption-text\">Nova Dire\u00e7\u00e3o da Uni\u00e3o Feminina Internacional<\/figcaption><\/figure>\n<p>Somos todos convidados a rezar, pedindo ao Esp\u00edrito Santo que fa\u00e7a desse Cap\u00edtulo Geral um momento de Pentecostes para toda a Uni\u00e3o Feminina internacional.<\/p>\n<p>Site &#8211; <a href=\"https:\/\/www.s-fb.org\/\" target=\"_blank\" rel=\"noopener\">s-fb.org<\/a><\/p>\n<p>Fonte: schoenstatt.org.br<\/p>\n","protected":false},"excerpt":{"rendered":"<p>\u00a0A Uni\u00e3o Feminina \u00e9 uma comunidade de leigas consagradas que integra a Obra de Schoenstatt<\/p>\n","protected":false},"author":6,"featured_media":22997,"comment_status":"closed","ping_status":"closed","sticky":false,"template":"","format":"standard","meta":{"footnotes":""},"categories":[908,920],"tags":[1256,1208],"class_list":["post-22994","post","type-post","status-publish","format-standard","has-post-thumbnail","hentry","category-comunidades-de-schoenstatt-pt-pt","category-mulher-pt-pt","tag-mulheres-pt-pt","tag-uniao-feminina-pt-pt"],"yoast_head":"<!-- This site is optimized with the Yoast SEO Premium plugin v27.4 (Yoast SEO v27.5) - https:\/\/yoast.com\/product\/yoast-seo-premium-wordpress\/ -->\n<title>Uni\u00e3o Feminina de Schoenstatt realiza seu Cap\u00edtulo Geral - Schoenstatt<\/title>\n<meta name=\"description\" content=\"Neste encontro, al\u00e9m de analisar a vida da comunidade e planejar metas futuras, ser\u00e1 eleita a nova dire\u00e7\u00e3o geral.\" \/>\n<meta name=\"robots\" content=\"index, follow, max-snippet:-1, max-image-preview:large, max-video-preview:-1\" \/>\n<link rel=\"canonical\" href=\"https:\/\/schoenstatt.com\/pt-pt\/uniao-feminina-de-schoenstatt-realiza-seu-capitulo-geral\/\" \/>\n<meta property=\"og:locale\" content=\"pt_PT\" \/>\n<meta property=\"og:type\" content=\"article\" \/>\n<meta property=\"og:title\" content=\"Uni\u00e3o Feminina de Schoenstatt realiza seu Cap\u00edtulo Geral\" \/>\n<meta property=\"og:description\" content=\"Neste encontro, al\u00e9m de analisar a vida da comunidade e planejar metas futuras, ser\u00e1 eleita a nova dire\u00e7\u00e3o geral.\" \/>\n<meta property=\"og:url\" content=\"https:\/\/schoenstatt.com\/pt-pt\/uniao-feminina-de-schoenstatt-realiza-seu-capitulo-geral\/\" \/>\n<meta property=\"og:site_name\" content=\"Schoenstatt\" \/>\n<meta property=\"article:published_time\" content=\"2022-01-06T15:18:52+00:00\" \/>\n<meta property=\"article:modified_time\" content=\"2025-08-21T22:46:54+00:00\" \/>\n<meta property=\"og:image\" content=\"https:\/\/schoenstatt.com\/wp-content\/uploads\/2022\/01\/capitulo-uniao-feminina-1.jpg\" \/>\n\t<meta property=\"og:image:width\" content=\"700\" \/>\n\t<meta property=\"og:image:height\" content=\"394\" \/>\n\t<meta property=\"og:image:type\" content=\"image\/jpeg\" \/>\n<meta name=\"author\" content=\"Vanessa Franke\" \/>\n<meta name=\"twitter:card\" content=\"summary_large_image\" \/>\n<meta name=\"twitter:label1\" content=\"Escrito por\" \/>\n\t<meta name=\"twitter:data1\" content=\"Vanessa Franke\" \/>\n\t<meta name=\"twitter:label2\" content=\"Tempo estimado de leitura\" \/>\n\t<meta name=\"twitter:data2\" content=\"3 minutos\" \/>\n<script type=\"application\/ld+json\" class=\"yoast-schema-graph\">{\"@context\":\"https:\\\/\\\/schema.org\",\"@graph\":[{\"@type\":\"Article\",\"@id\":\"https:\\\/\\\/schoenstatt.com\\\/pt-pt\\\/uniao-feminina-de-schoenstatt-realiza-seu-capitulo-geral\\\/#article\",\"isPartOf\":{\"@id\":\"https:\\\/\\\/schoenstatt.com\\\/pt-pt\\\/uniao-feminina-de-schoenstatt-realiza-seu-capitulo-geral\\\/\"},\"author\":{\"name\":\"Vanessa Franke\",\"@id\":\"https:\\\/\\\/schoenstatt.com\\\/pt-pt\\\/#\\\/schema\\\/person\\\/ea97a60c723e21c923e2177f0f3163f7\"},\"headline\":\"Uni\u00e3o Feminina de Schoenstatt realiza seu Cap\u00edtulo Geral\",\"datePublished\":\"2022-01-06T15:18:52+00:00\",\"dateModified\":\"2025-08-21T22:46:54+00:00\",\"mainEntityOfPage\":{\"@id\":\"https:\\\/\\\/schoenstatt.com\\\/pt-pt\\\/uniao-feminina-de-schoenstatt-realiza-seu-capitulo-geral\\\/\"},\"wordCount\":532,\"publisher\":{\"@id\":\"https:\\\/\\\/schoenstatt.com\\\/pt-pt\\\/#organization\"},\"image\":{\"@id\":\"https:\\\/\\\/schoenstatt.com\\\/pt-pt\\\/uniao-feminina-de-schoenstatt-realiza-seu-capitulo-geral\\\/#primaryimage\"},\"thumbnailUrl\":\"https:\\\/\\\/schoenstatt.com\\\/wp-content\\\/uploads\\\/2022\\\/01\\\/capitulo-uniao-feminina-1.jpg\",\"keywords\":[\"Mulheres\",\"Uni\u00e3o Feminina\"],\"articleSection\":[\"Comunidades de Schoenstatt\",\"Mulher\"],\"inLanguage\":\"pt-PT\"},{\"@type\":\"WebPage\",\"@id\":\"https:\\\/\\\/schoenstatt.com\\\/pt-pt\\\/uniao-feminina-de-schoenstatt-realiza-seu-capitulo-geral\\\/\",\"url\":\"https:\\\/\\\/schoenstatt.com\\\/pt-pt\\\/uniao-feminina-de-schoenstatt-realiza-seu-capitulo-geral\\\/\",\"name\":\"Uni\u00e3o Feminina de Schoenstatt realiza seu Cap\u00edtulo Geral - Schoenstatt\",\"isPartOf\":{\"@id\":\"https:\\\/\\\/schoenstatt.com\\\/pt-pt\\\/#website\"},\"primaryImageOfPage\":{\"@id\":\"https:\\\/\\\/schoenstatt.com\\\/pt-pt\\\/uniao-feminina-de-schoenstatt-realiza-seu-capitulo-geral\\\/#primaryimage\"},\"image\":{\"@id\":\"https:\\\/\\\/schoenstatt.com\\\/pt-pt\\\/uniao-feminina-de-schoenstatt-realiza-seu-capitulo-geral\\\/#primaryimage\"},\"thumbnailUrl\":\"https:\\\/\\\/schoenstatt.com\\\/wp-content\\\/uploads\\\/2022\\\/01\\\/capitulo-uniao-feminina-1.jpg\",\"datePublished\":\"2022-01-06T15:18:52+00:00\",\"dateModified\":\"2025-08-21T22:46:54+00:00\",\"description\":\"Neste encontro, al\u00e9m de analisar a vida da comunidade e planejar metas futuras, ser\u00e1 eleita a nova dire\u00e7\u00e3o geral.\",\"breadcrumb\":{\"@id\":\"https:\\\/\\\/schoenstatt.com\\\/pt-pt\\\/uniao-feminina-de-schoenstatt-realiza-seu-capitulo-geral\\\/#breadcrumb\"},\"inLanguage\":\"pt-PT\",\"potentialAction\":[{\"@type\":\"ReadAction\",\"target\":[\"https:\\\/\\\/schoenstatt.com\\\/pt-pt\\\/uniao-feminina-de-schoenstatt-realiza-seu-capitulo-geral\\\/\"]}]},{\"@type\":\"ImageObject\",\"inLanguage\":\"pt-PT\",\"@id\":\"https:\\\/\\\/schoenstatt.com\\\/pt-pt\\\/uniao-feminina-de-schoenstatt-realiza-seu-capitulo-geral\\\/#primaryimage\",\"url\":\"https:\\\/\\\/schoenstatt.com\\\/wp-content\\\/uploads\\\/2022\\\/01\\\/capitulo-uniao-feminina-1.jpg\",\"contentUrl\":\"https:\\\/\\\/schoenstatt.com\\\/wp-content\\\/uploads\\\/2022\\\/01\\\/capitulo-uniao-feminina-1.jpg\",\"width\":700,\"height\":394,\"caption\":\"Women's Federation\"},{\"@type\":\"BreadcrumbList\",\"@id\":\"https:\\\/\\\/schoenstatt.com\\\/pt-pt\\\/uniao-feminina-de-schoenstatt-realiza-seu-capitulo-geral\\\/#breadcrumb\",\"itemListElement\":[{\"@type\":\"ListItem\",\"position\":1,\"name\":\"Portada\",\"item\":\"https:\\\/\\\/schoenstatt.com\\\/pt-pt\\\/home\\\/\"},{\"@type\":\"ListItem\",\"position\":2,\"name\":\"Uni\u00e3o Feminina de Schoenstatt realiza seu Cap\u00edtulo Geral\"}]},{\"@type\":\"WebSite\",\"@id\":\"https:\\\/\\\/schoenstatt.com\\\/pt-pt\\\/#website\",\"url\":\"https:\\\/\\\/schoenstatt.com\\\/pt-pt\\\/\",\"name\":\"Schoenstatt\",\"description\":\"Apostolic Movement\",\"publisher\":{\"@id\":\"https:\\\/\\\/schoenstatt.com\\\/pt-pt\\\/#organization\"},\"potentialAction\":[{\"@type\":\"SearchAction\",\"target\":{\"@type\":\"EntryPoint\",\"urlTemplate\":\"https:\\\/\\\/schoenstatt.com\\\/pt-pt\\\/?s={search_term_string}\"},\"query-input\":{\"@type\":\"PropertyValueSpecification\",\"valueRequired\":true,\"valueName\":\"search_term_string\"}}],\"inLanguage\":\"pt-PT\"},{\"@type\":\"Organization\",\"@id\":\"https:\\\/\\\/schoenstatt.com\\\/pt-pt\\\/#organization\",\"name\":\"Schoenstatt\",\"url\":\"https:\\\/\\\/schoenstatt.com\\\/pt-pt\\\/\",\"logo\":{\"@type\":\"ImageObject\",\"inLanguage\":\"pt-PT\",\"@id\":\"https:\\\/\\\/schoenstatt.com\\\/pt-pt\\\/#\\\/schema\\\/logo\\\/image\\\/\",\"url\":\"https:\\\/\\\/schoenstatt.com\\\/wp-content\\\/uploads\\\/2025\\\/04\\\/logo-schoenstatt-white-696x696-1.png\",\"contentUrl\":\"https:\\\/\\\/schoenstatt.com\\\/wp-content\\\/uploads\\\/2025\\\/04\\\/logo-schoenstatt-white-696x696-1.png\",\"width\":696,\"height\":694,\"caption\":\"Schoenstatt\"},\"image\":{\"@id\":\"https:\\\/\\\/schoenstatt.com\\\/pt-pt\\\/#\\\/schema\\\/logo\\\/image\\\/\"}},{\"@type\":\"Person\",\"@id\":\"https:\\\/\\\/schoenstatt.com\\\/pt-pt\\\/#\\\/schema\\\/person\\\/ea97a60c723e21c923e2177f0f3163f7\",\"name\":\"Vanessa Franke\",\"image\":{\"@type\":\"ImageObject\",\"inLanguage\":\"pt-PT\",\"@id\":\"https:\\\/\\\/secure.gravatar.com\\\/avatar\\\/a9bcca3409928ccd3195eca11e2ccbb2e5d7c7912e9a945d4f326f81a0a5cb4a?s=96&d=mm&r=g\",\"url\":\"https:\\\/\\\/secure.gravatar.com\\\/avatar\\\/a9bcca3409928ccd3195eca11e2ccbb2e5d7c7912e9a945d4f326f81a0a5cb4a?s=96&d=mm&r=g\",\"contentUrl\":\"https:\\\/\\\/secure.gravatar.com\\\/avatar\\\/a9bcca3409928ccd3195eca11e2ccbb2e5d7c7912e9a945d4f326f81a0a5cb4a?s=96&d=mm&r=g\",\"caption\":\"Vanessa Franke\"},\"url\":\"https:\\\/\\\/schoenstatt.com\\\/pt-pt\\\/author\\\/vanessa-franke\\\/\"}]}<\/script>\n<!-- \/ Yoast SEO Premium plugin. -->","yoast_head_json":{"title":"Uni\u00e3o Feminina de Schoenstatt realiza seu Cap\u00edtulo Geral - Schoenstatt","description":"Neste encontro, al\u00e9m de analisar a vida da comunidade e planejar metas futuras, ser\u00e1 eleita a nova dire\u00e7\u00e3o geral.","robots":{"index":"index","follow":"follow","max-snippet":"max-snippet:-1","max-image-preview":"max-image-preview:large","max-video-preview":"max-video-preview:-1"},"canonical":"https:\/\/schoenstatt.com\/pt-pt\/uniao-feminina-de-schoenstatt-realiza-seu-capitulo-geral\/","og_locale":"pt_PT","og_type":"article","og_title":"Uni\u00e3o Feminina de Schoenstatt realiza seu Cap\u00edtulo Geral","og_description":"Neste encontro, al\u00e9m de analisar a vida da comunidade e planejar metas futuras, ser\u00e1 eleita a nova dire\u00e7\u00e3o geral.","og_url":"https:\/\/schoenstatt.com\/pt-pt\/uniao-feminina-de-schoenstatt-realiza-seu-capitulo-geral\/","og_site_name":"Schoenstatt","article_published_time":"2022-01-06T15:18:52+00:00","article_modified_time":"2025-08-21T22:46:54+00:00","og_image":[{"width":700,"height":394,"url":"https:\/\/schoenstatt.com\/wp-content\/uploads\/2022\/01\/capitulo-uniao-feminina-1.jpg","type":"image\/jpeg"}],"author":"Vanessa Franke","twitter_card":"summary_large_image","twitter_misc":{"Escrito por":"Vanessa Franke","Tempo estimado de leitura":"3 minutos"},"schema":{"@context":"https:\/\/schema.org","@graph":[{"@type":"Article","@id":"https:\/\/schoenstatt.com\/pt-pt\/uniao-feminina-de-schoenstatt-realiza-seu-capitulo-geral\/#article","isPartOf":{"@id":"https:\/\/schoenstatt.com\/pt-pt\/uniao-feminina-de-schoenstatt-realiza-seu-capitulo-geral\/"},"author":{"name":"Vanessa Franke","@id":"https:\/\/schoenstatt.com\/pt-pt\/#\/schema\/person\/ea97a60c723e21c923e2177f0f3163f7"},"headline":"Uni\u00e3o Feminina de Schoenstatt realiza seu Cap\u00edtulo Geral","datePublished":"2022-01-06T15:18:52+00:00","dateModified":"2025-08-21T22:46:54+00:00","mainEntityOfPage":{"@id":"https:\/\/schoenstatt.com\/pt-pt\/uniao-feminina-de-schoenstatt-realiza-seu-capitulo-geral\/"},"wordCount":532,"publisher":{"@id":"https:\/\/schoenstatt.com\/pt-pt\/#organization"},"image":{"@id":"https:\/\/schoenstatt.com\/pt-pt\/uniao-feminina-de-schoenstatt-realiza-seu-capitulo-geral\/#primaryimage"},"thumbnailUrl":"https:\/\/schoenstatt.com\/wp-content\/uploads\/2022\/01\/capitulo-uniao-feminina-1.jpg","keywords":["Mulheres","Uni\u00e3o Feminina"],"articleSection":["Comunidades de Schoenstatt","Mulher"],"inLanguage":"pt-PT"},{"@type":"WebPage","@id":"https:\/\/schoenstatt.com\/pt-pt\/uniao-feminina-de-schoenstatt-realiza-seu-capitulo-geral\/","url":"https:\/\/schoenstatt.com\/pt-pt\/uniao-feminina-de-schoenstatt-realiza-seu-capitulo-geral\/","name":"Uni\u00e3o Feminina de Schoenstatt realiza seu Cap\u00edtulo Geral - Schoenstatt","isPartOf":{"@id":"https:\/\/schoenstatt.com\/pt-pt\/#website"},"primaryImageOfPage":{"@id":"https:\/\/schoenstatt.com\/pt-pt\/uniao-feminina-de-schoenstatt-realiza-seu-capitulo-geral\/#primaryimage"},"image":{"@id":"https:\/\/schoenstatt.com\/pt-pt\/uniao-feminina-de-schoenstatt-realiza-seu-capitulo-geral\/#primaryimage"},"thumbnailUrl":"https:\/\/schoenstatt.com\/wp-content\/uploads\/2022\/01\/capitulo-uniao-feminina-1.jpg","datePublished":"2022-01-06T15:18:52+00:00","dateModified":"2025-08-21T22:46:54+00:00","description":"Neste encontro, al\u00e9m de analisar a vida da comunidade e planejar metas futuras, ser\u00e1 eleita a nova dire\u00e7\u00e3o geral.","breadcrumb":{"@id":"https:\/\/schoenstatt.com\/pt-pt\/uniao-feminina-de-schoenstatt-realiza-seu-capitulo-geral\/#breadcrumb"},"inLanguage":"pt-PT","potentialAction":[{"@type":"ReadAction","target":["https:\/\/schoenstatt.com\/pt-pt\/uniao-feminina-de-schoenstatt-realiza-seu-capitulo-geral\/"]}]},{"@type":"ImageObject","inLanguage":"pt-PT","@id":"https:\/\/schoenstatt.com\/pt-pt\/uniao-feminina-de-schoenstatt-realiza-seu-capitulo-geral\/#primaryimage","url":"https:\/\/schoenstatt.com\/wp-content\/uploads\/2022\/01\/capitulo-uniao-feminina-1.jpg","contentUrl":"https:\/\/schoenstatt.com\/wp-content\/uploads\/2022\/01\/capitulo-uniao-feminina-1.jpg","width":700,"height":394,"caption":"Women's Federation"},{"@type":"BreadcrumbList","@id":"https:\/\/schoenstatt.com\/pt-pt\/uniao-feminina-de-schoenstatt-realiza-seu-capitulo-geral\/#breadcrumb","itemListElement":[{"@type":"ListItem","position":1,"name":"Portada","item":"https:\/\/schoenstatt.com\/pt-pt\/home\/"},{"@type":"ListItem","position":2,"name":"Uni\u00e3o Feminina de Schoenstatt realiza seu Cap\u00edtulo Geral"}]},{"@type":"WebSite","@id":"https:\/\/schoenstatt.com\/pt-pt\/#website","url":"https:\/\/schoenstatt.com\/pt-pt\/","name":"Schoenstatt","description":"Apostolic Movement","publisher":{"@id":"https:\/\/schoenstatt.com\/pt-pt\/#organization"},"potentialAction":[{"@type":"SearchAction","target":{"@type":"EntryPoint","urlTemplate":"https:\/\/schoenstatt.com\/pt-pt\/?s={search_term_string}"},"query-input":{"@type":"PropertyValueSpecification","valueRequired":true,"valueName":"search_term_string"}}],"inLanguage":"pt-PT"},{"@type":"Organization","@id":"https:\/\/schoenstatt.com\/pt-pt\/#organization","name":"Schoenstatt","url":"https:\/\/schoenstatt.com\/pt-pt\/","logo":{"@type":"ImageObject","inLanguage":"pt-PT","@id":"https:\/\/schoenstatt.com\/pt-pt\/#\/schema\/logo\/image\/","url":"https:\/\/schoenstatt.com\/wp-content\/uploads\/2025\/04\/logo-schoenstatt-white-696x696-1.png","contentUrl":"https:\/\/schoenstatt.com\/wp-content\/uploads\/2025\/04\/logo-schoenstatt-white-696x696-1.png","width":696,"height":694,"caption":"Schoenstatt"},"image":{"@id":"https:\/\/schoenstatt.com\/pt-pt\/#\/schema\/logo\/image\/"}},{"@type":"Person","@id":"https:\/\/schoenstatt.com\/pt-pt\/#\/schema\/person\/ea97a60c723e21c923e2177f0f3163f7","name":"Vanessa Franke","image":{"@type":"ImageObject","inLanguage":"pt-PT","@id":"https:\/\/secure.gravatar.com\/avatar\/a9bcca3409928ccd3195eca11e2ccbb2e5d7c7912e9a945d4f326f81a0a5cb4a?s=96&d=mm&r=g","url":"https:\/\/secure.gravatar.com\/avatar\/a9bcca3409928ccd3195eca11e2ccbb2e5d7c7912e9a945d4f326f81a0a5cb4a?s=96&d=mm&r=g","contentUrl":"https:\/\/secure.gravatar.com\/avatar\/a9bcca3409928ccd3195eca11e2ccbb2e5d7c7912e9a945d4f326f81a0a5cb4a?s=96&d=mm&r=g","caption":"Vanessa Franke"},"url":"https:\/\/schoenstatt.com\/pt-pt\/author\/vanessa-franke\/"}]}},"_links":{"self":[{"href":"https:\/\/schoenstatt.com\/pt-pt\/wp-json\/wp\/v2\/posts\/22994","targetHints":{"allow":["GET"]}}],"collection":[{"href":"https:\/\/schoenstatt.com\/pt-pt\/wp-json\/wp\/v2\/posts"}],"about":[{"href":"https:\/\/schoenstatt.com\/pt-pt\/wp-json\/wp\/v2\/types\/post"}],"author":[{"embeddable":true,"href":"https:\/\/schoenstatt.com\/pt-pt\/wp-json\/wp\/v2\/users\/6"}],"replies":[{"embeddable":true,"href":"https:\/\/schoenstatt.com\/pt-pt\/wp-json\/wp\/v2\/comments?post=22994"}],"version-history":[{"count":1,"href":"https:\/\/schoenstatt.com\/pt-pt\/wp-json\/wp\/v2\/posts\/22994\/revisions"}],"predecessor-version":[{"id":44938,"href":"https:\/\/schoenstatt.com\/pt-pt\/wp-json\/wp\/v2\/posts\/22994\/revisions\/44938"}],"wp:featuredmedia":[{"embeddable":true,"href":"https:\/\/schoenstatt.com\/pt-pt\/wp-json\/wp\/v2\/media\/22997"}],"wp:attachment":[{"href":"https:\/\/schoenstatt.com\/pt-pt\/wp-json\/wp\/v2\/media?parent=22994"}],"wp:term":[{"taxonomy":"category","embeddable":true,"href":"https:\/\/schoenstatt.com\/pt-pt\/wp-json\/wp\/v2\/categories?post=22994"},{"taxonomy":"post_tag","embeddable":true,"href":"https:\/\/schoenstatt.com\/pt-pt\/wp-json\/wp\/v2\/tags?post=22994"}],"curies":[{"name":"wp","href":"https:\/\/api.w.org\/{rel}","templated":true}]}}