{"id":22759,"date":"2021-06-29T01:06:55","date_gmt":"2021-06-28T23:06:55","guid":{"rendered":"https:\/\/schoenstatt.com\/espiritualidade\/wiederbelebung-der-familie-als-klares-instrument-der-evangelisierung\/"},"modified":"2025-08-19T18:15:08","modified_gmt":"2025-08-19T16:15:08","slug":"revitalizar-a-familia-como-um-claro-instrumento-de-evangelizacao","status":"publish","type":"post","link":"https:\/\/schoenstatt.com\/pt-pt\/revitalizar-a-familia-como-um-claro-instrumento-de-evangelizacao\/","title":{"rendered":"Revitalizar a fam\u00edlia como um claro instrumento de evangeliza\u00e7\u00e3o"},"content":{"rendered":"<p style=\"text-align: center;\"><em>Diferentes t\u00f3picos de Amoris Laetitia foram discutidos: catecumenato ao casamento, forma\u00e7\u00e3o de agentes pastorais, educa\u00e7\u00e3o dos filhos, espiritualidade matrimonial, missionariedade familiar, e acompanhamento, discernimento e integra\u00e7\u00e3o da fragilidade das fam\u00edlias (Cap\u00edtulo VIII de Amoris Laetitia). Foram dadas bases claras para os diferentes temas, assim como o testemunho de diferentes comunidades ou movimentos de como eles o implementam em suas vidas.<\/em><\/p>\n<h1 style=\"text-align: center;\">Entrevista com Rafael e Cristina Munhoz pelo Pe. Heinrich Walter.<\/h1>\n<p><img fetchpriority=\"high\" decoding=\"async\" class=\"aligncenter wp-image-22747 size-large\" src=\"https:\/\/schoenstatt.com\/wp-content\/uploads\/2022\/01\/familia-1024x688.png\" alt=\"\" width=\"840\" height=\"564\" \/><\/p>\n<p>Tr\u00eas casais do Movimento de Schoenstatt participaram do <a href=\"https:\/\/www.vatican.va\/content\/francesco\/pt\/messages\/pont-messages\/2021\/documents\/videomessaggio-forum-amorislaetitia-20210609.html\" target=\"_blank\" rel=\"noopener\">F\u00f3rum<\/a>. Cristina e Rafael Mu\u00f1oz falaram sobre suas experi\u00eancias em uma entrevista a schoenstatt.com. Eles s\u00e3o membros da Dire\u00e7\u00e3o Geral do <a href=\"https:\/\/schoenstatt.com\/pt-pt\/em-comunidade\/familias\/instituto-de-familias-de-schoenstatt\/\">Instituto das Fam\u00edlias de Schoenstatt<\/a>, t\u00eam cinco filhos e vivem em Barcelona, Espanha.<\/p>\n<h3>O que mais os impressionou durante os dias do F\u00f3rum?<\/h3>\n<p>O que mais nos impressionou foi o frescor do encontro, a vitalidade, o desejo de trabalhar para a miss\u00e3o, cada um a partir de seu carisma e cada um a partir de suas possibilidades. Tamb\u00e9m foi significativo o n\u00famero de participantes de todo o mundo, cerca de 220, entre representantes das diferentes Confer\u00eancias Episcopais e diferentes movimentos.<\/p>\n<p>O esfor\u00e7o do Dicast\u00e9rio para os leigos, a fam\u00edlia e a vida para enfrentar todos os desafios e dificuldades foi louv\u00e1vel.<\/p>\n<p>Diferentes temas de Amoris Laetitia foram tratados: catecumenato ao matrim\u00f4nio, forma\u00e7\u00e3o de agentes pastorais, educa\u00e7\u00e3o dos filhos, espiritualidade conjugal, missionariedade familiar e acompanhamento, discernimento e integra\u00e7\u00e3o da fragilidade das fam\u00edlias (cap\u00edtulo VIII de Amoris Laetitia). Foram dadas bases claras para os diferentes temas, assim como o testemunho de diferentes comunidades ou movimentos de como eles o implementam em suas vidas.<\/p>\n<p>Para n\u00f3s foi muito interessante ver a fus\u00e3o de diferentes carismas que d\u00e3o uma grande riqueza e vitalidade ao cuidado pastoral da fam\u00edlia. A preocupa\u00e7\u00e3o de poder trabalhar lado a lado entre as fam\u00edlias e os agentes pastorais tamb\u00e9m foi um t\u00f3pico importante.<\/p>\n<p>Ficou claro para n\u00f3s a partir deste F\u00f3rum que temos que semear muito para colher pouco e temos que pedir gra\u00e7a e alegria em um momento de escassa fecundidade. Atrav\u00e9s de todas as contribui\u00e7\u00f5es, estamos conscientes de que temos que continuar trabalhando corpo a corpo, conscientes de que somos solicitados, acima de tudo, pela fidelidade criadora.<\/p>\n<h3>Que diferen\u00e7as de situa\u00e7\u00e3o e desafios voc\u00ea percebe entre continentes e culturas?<\/h3>\n<p>Como se tratava de uma reuni\u00e3o on-line, n\u00e3o houve oportunidade para grandes trocas, mas, atrav\u00e9s do bate-papo, foram expressas preocupa\u00e7\u00f5es e desafios e, embora n\u00e3o tenham sido tratados, permaneceram como preocupa\u00e7\u00f5es apresentadas ao Dicast\u00e9rio. As perguntas mais universais e relevantes foram apresentadas durante o interc\u00e2mbio no final de cada t\u00f3pico e foram respondidas pelos palestrantes desse t\u00f3pico.<\/p>\n<p>Sabemos e sentimos que somos uma Igreja evang\u00e9lica e apostolicamente enfraquecida em uma sociedade poderosa. Mas nem o cristianismo do passado era t\u00e3o s\u00f3lido quanto se acredita, nem o cristianismo do presente \u00e9 t\u00e3o fraco quanto parece. O que pudemos ver \u00e9 que todos juntos devemos promover a inicia\u00e7\u00e3o crist\u00e3 a partir da base da fam\u00edlia. Uma verdadeira inicia\u00e7\u00e3o \u00e9 algo muito mais do que uma doutrina\u00e7\u00e3o. A inicia\u00e7\u00e3o \u00e9 despertar para a experi\u00eancia da f\u00e9 e dela enriquecer seu conte\u00fado, orientando a vida moral, familiarizando-se com a Palavra de Deus e com os grandes s\u00edmbolos da liturgia, cultivando o sentido de comunidade, abrindo a sensibilidade para servir \u00e0 sociedade e isto foi um fato que, atrav\u00e9s das contribui\u00e7\u00f5es, se manifestou como uma necessidade em todos os continentes.<\/p>\n<h3>Havia um objetivo comum para o qual eles estavam avan\u00e7ando juntos?<\/h3>\n<p>Revitalizar a fam\u00edlia como um claro instrumento de evangeliza\u00e7\u00e3o. O Dicast\u00e9rio, de alguma forma, est\u00e1 lan\u00e7ando com este encontro as bases para preparar o futuro a partir da situa\u00e7\u00e3o atual que implica a necessidade de renovar nosso estilo pastoral, que \u00e9 chamado a ser mais espiritual, mais evangelizador, mais correspons\u00e1vel, mais personalizado e mais focalizado na forma\u00e7\u00e3o do n\u00facleo pastoral de nossas comunidades.<\/p>\n<h3>Qual \u00e9 a contribui\u00e7\u00e3o de Schoenstatt que \u00e9 mais necess\u00e1ria neste momento?<\/h3>\n<p>Como fam\u00edlias de Schoenstatt, somos portadores de um carisma e de uma pedagogia que respondem \u00e0s necessidades da Igreja na \u00e1rea da fam\u00edlia hoje. Temos que nos tornar mais conscientes de que somos portadores de uma miss\u00e3o a servi\u00e7o da Igreja. Temos uma grande aliada para isso, Maria, nossa M\u00e3e, que nos exorta a fazer isso a partir de nossos Santu\u00e1rios-lares.<\/p>\n<h3>O que desejam que Schoenstatt retome deste Congresso?<\/h3>\n<p>Sendo fi\u00e9is ao nosso Pai e Fundador no sentido de &#8220;a m\u00e3o no pulso do tempo e o ouvido no cora\u00e7\u00e3o de Deus&#8221; devemos reconhecer o esp\u00edrito, descobrir os sinais de sua presen\u00e7a e colaborar com ele com docilidade e humildade. Talvez digamos que gostar\u00edamos de voltar a ter\u00a0 aud\u00e1cia, de sair da zona de conforto. Nosso olhar avan\u00e7a, Schoenstatt \u00e9 um movimento, n\u00e3o uma confraria de formas fixas. Por esta raz\u00e3o, agora que o mundo est\u00e1 sangrando, n\u00f3s casais devemos ser Marias que v\u00eaem todas as necessidades com olhos marianos e devemos reavivar nossa f\u00e9 e confian\u00e7a em Deus. Nesta linha, uma das grandes chamadas para n\u00f3s, fam\u00edlias, \u00e9 saber como ouvir. Escutar a Deus, escutar sua Palavra, ser fiel \u00e0 F\u00e9 Pr\u00e1tica na Divina Provid\u00eancia, como queria nosso pai fundador.\u00a0 Escutar em nossas comunidades, escutar nossos c\u00f4njuges, escutar os jovens e os idosos, os de outras gera\u00e7\u00f5es, os que pensam diferente. A escuta pressup\u00f5e receptividade e humildade, paci\u00eancia e aceita\u00e7\u00e3o, abertura do cora\u00e7\u00e3o para permitir-se ser habitado por outros. Neste sentido, a enc\u00edclica Ecclesiam Suam de Paulo VI (1964), que nos oferece toda uma teologia da escuta e do di\u00e1logo como exig\u00eancia de renova\u00e7\u00e3o, mant\u00e9m toda sua validade.<\/p>\n<h3>Voc\u00eas veem algum impulso que deveria ir do Congresso para o Movimento de Fam\u00edlias de Schoenstatt em todo o mundo?<\/h3>\n<p>O Congresso nos convida a ser Igreja, a nos colocarmos a seu servi\u00e7o para levarmos a &#8220;Boa Nova de Schoenstatt&#8221; a ela. Devemos nos formar bem para nos colocarmos a servi\u00e7o da pastoral matrimonial em nossas par\u00f3quias e diocese<\/p>\n<p><img decoding=\"async\" class=\"aligncenter wp-image-22741 size-full\" src=\"https:\/\/schoenstatt.com\/wp-content\/uploads\/2022\/01\/Foto-Santuario.jpg\" alt=\"\" width=\"240\" height=\"320\" \/><\/p>\n<h3>Muito obrigado, Cristina e Rafael!<\/h3>\n","protected":false},"excerpt":{"rendered":"<p>Forum Amoris Laetitia online com a presen\u00e7a de 350 participantes de todo o mundo<\/p>\n","protected":false},"author":3,"featured_media":22745,"comment_status":"closed","ping_status":"closed","sticky":false,"template":"","format":"standard","meta":{"footnotes":""},"categories":[876,608],"tags":[991,801,1151,971],"class_list":["post-22759","post","type-post","status-publish","format-standard","has-post-thumbnail","hentry","category-familia-pt-pt","category-igreja-pt-pt","tag-dicasterio-para-os-leigos-familia-e-vida-pt-pt","tag-familia-pt-pt","tag-instituto-de-familias-de-schoenstatt-pt-pt","tag-natal-pt-pt"],"yoast_head":"<!-- This site is optimized with the Yoast SEO Premium plugin v27.4 (Yoast SEO v27.4) - https:\/\/yoast.com\/product\/yoast-seo-premium-wordpress\/ -->\n<title>Revitalizar a fam\u00edlia como um claro instrumento de evangeliza\u00e7\u00e3o - Schoenstatt<\/title>\n<meta name=\"description\" content=\"Amoris laetitia: espiritualidade matrimonial, missionariedade familiar e o acompanhar, discernir e integrar a fragilidade das fam\u00edlias.\" \/>\n<meta name=\"robots\" content=\"index, follow, max-snippet:-1, max-image-preview:large, max-video-preview:-1\" \/>\n<link rel=\"canonical\" href=\"https:\/\/schoenstatt.com\/pt-pt\/revitalizar-a-familia-como-um-claro-instrumento-de-evangelizacao\/\" \/>\n<meta property=\"og:locale\" content=\"pt_PT\" \/>\n<meta property=\"og:type\" content=\"article\" \/>\n<meta property=\"og:title\" content=\"Revitalizar a fam\u00edlia como um claro instrumento de evangeliza\u00e7\u00e3o\" \/>\n<meta property=\"og:description\" content=\"Amoris laetitia: espiritualidade matrimonial, missionariedade familiar e o acompanhar, discernir e integrar a fragilidade das fam\u00edlias.\" \/>\n<meta property=\"og:url\" content=\"https:\/\/schoenstatt.com\/pt-pt\/revitalizar-a-familia-como-um-claro-instrumento-de-evangelizacao\/\" \/>\n<meta property=\"og:site_name\" content=\"Schoenstatt\" \/>\n<meta property=\"article:published_time\" content=\"2021-06-28T23:06:55+00:00\" \/>\n<meta property=\"article:modified_time\" content=\"2025-08-19T16:15:08+00:00\" \/>\n<meta property=\"og:image\" content=\"https:\/\/schoenstatt.com\/wp-content\/uploads\/2022\/01\/TRIBU-Munoz-Galles-3.jpeg\" \/>\n\t<meta property=\"og:image:width\" content=\"320\" \/>\n\t<meta property=\"og:image:height\" content=\"214\" \/>\n\t<meta property=\"og:image:type\" content=\"image\/jpeg\" \/>\n<meta name=\"author\" content=\"Karen Bueno\" \/>\n<meta name=\"twitter:card\" content=\"summary_large_image\" \/>\n<meta name=\"twitter:label1\" content=\"Escrito por\" \/>\n\t<meta name=\"twitter:data1\" content=\"Karen Bueno\" \/>\n\t<meta name=\"twitter:label2\" content=\"Tempo estimado de leitura\" \/>\n\t<meta name=\"twitter:data2\" content=\"6 minutos\" \/>\n<script type=\"application\/ld+json\" class=\"yoast-schema-graph\">{\"@context\":\"https:\\\/\\\/schema.org\",\"@graph\":[{\"@type\":\"Article\",\"@id\":\"https:\\\/\\\/schoenstatt.com\\\/pt-pt\\\/revitalizar-a-familia-como-um-claro-instrumento-de-evangelizacao\\\/#article\",\"isPartOf\":{\"@id\":\"https:\\\/\\\/schoenstatt.com\\\/pt-pt\\\/revitalizar-a-familia-como-um-claro-instrumento-de-evangelizacao\\\/\"},\"author\":{\"name\":\"Karen Bueno\",\"@id\":\"https:\\\/\\\/schoenstatt.com\\\/pt-pt\\\/#\\\/schema\\\/person\\\/5158877ad4acae98b34daaeef2a1ce6e\"},\"headline\":\"Revitalizar a fam\u00edlia como um claro instrumento de evangeliza\u00e7\u00e3o\",\"datePublished\":\"2021-06-28T23:06:55+00:00\",\"dateModified\":\"2025-08-19T16:15:08+00:00\",\"mainEntityOfPage\":{\"@id\":\"https:\\\/\\\/schoenstatt.com\\\/pt-pt\\\/revitalizar-a-familia-como-um-claro-instrumento-de-evangelizacao\\\/\"},\"wordCount\":1092,\"publisher\":{\"@id\":\"https:\\\/\\\/schoenstatt.com\\\/pt-pt\\\/#organization\"},\"image\":{\"@id\":\"https:\\\/\\\/schoenstatt.com\\\/pt-pt\\\/revitalizar-a-familia-como-um-claro-instrumento-de-evangelizacao\\\/#primaryimage\"},\"thumbnailUrl\":\"https:\\\/\\\/schoenstatt.com\\\/wp-content\\\/uploads\\\/2022\\\/01\\\/TRIBU-Munoz-Galles-3.jpeg\",\"keywords\":[\"Dicast\u00e9rio para os Leigos, Fam\u00edlia e Vida\",\"Fam\u00edlia\",\"Instituto de Fam\u00edlias de Schoenstatt\",\"Natal\"],\"articleSection\":[\"Fam\u00edlia\",\"Igreja\"],\"inLanguage\":\"pt-PT\"},{\"@type\":\"WebPage\",\"@id\":\"https:\\\/\\\/schoenstatt.com\\\/pt-pt\\\/revitalizar-a-familia-como-um-claro-instrumento-de-evangelizacao\\\/\",\"url\":\"https:\\\/\\\/schoenstatt.com\\\/pt-pt\\\/revitalizar-a-familia-como-um-claro-instrumento-de-evangelizacao\\\/\",\"name\":\"Revitalizar a fam\u00edlia como um claro instrumento de evangeliza\u00e7\u00e3o - Schoenstatt\",\"isPartOf\":{\"@id\":\"https:\\\/\\\/schoenstatt.com\\\/pt-pt\\\/#website\"},\"primaryImageOfPage\":{\"@id\":\"https:\\\/\\\/schoenstatt.com\\\/pt-pt\\\/revitalizar-a-familia-como-um-claro-instrumento-de-evangelizacao\\\/#primaryimage\"},\"image\":{\"@id\":\"https:\\\/\\\/schoenstatt.com\\\/pt-pt\\\/revitalizar-a-familia-como-um-claro-instrumento-de-evangelizacao\\\/#primaryimage\"},\"thumbnailUrl\":\"https:\\\/\\\/schoenstatt.com\\\/wp-content\\\/uploads\\\/2022\\\/01\\\/TRIBU-Munoz-Galles-3.jpeg\",\"datePublished\":\"2021-06-28T23:06:55+00:00\",\"dateModified\":\"2025-08-19T16:15:08+00:00\",\"description\":\"Amoris laetitia: espiritualidade matrimonial, missionariedade familiar e o acompanhar, discernir e integrar a fragilidade das fam\u00edlias.\",\"breadcrumb\":{\"@id\":\"https:\\\/\\\/schoenstatt.com\\\/pt-pt\\\/revitalizar-a-familia-como-um-claro-instrumento-de-evangelizacao\\\/#breadcrumb\"},\"inLanguage\":\"pt-PT\",\"potentialAction\":[{\"@type\":\"ReadAction\",\"target\":[\"https:\\\/\\\/schoenstatt.com\\\/pt-pt\\\/revitalizar-a-familia-como-um-claro-instrumento-de-evangelizacao\\\/\"]}]},{\"@type\":\"ImageObject\",\"inLanguage\":\"pt-PT\",\"@id\":\"https:\\\/\\\/schoenstatt.com\\\/pt-pt\\\/revitalizar-a-familia-como-um-claro-instrumento-de-evangelizacao\\\/#primaryimage\",\"url\":\"https:\\\/\\\/schoenstatt.com\\\/wp-content\\\/uploads\\\/2022\\\/01\\\/TRIBU-Munoz-Galles-3.jpeg\",\"contentUrl\":\"https:\\\/\\\/schoenstatt.com\\\/wp-content\\\/uploads\\\/2022\\\/01\\\/TRIBU-Munoz-Galles-3.jpeg\",\"width\":320,\"height\":214,\"caption\":\"Family\"},{\"@type\":\"BreadcrumbList\",\"@id\":\"https:\\\/\\\/schoenstatt.com\\\/pt-pt\\\/revitalizar-a-familia-como-um-claro-instrumento-de-evangelizacao\\\/#breadcrumb\",\"itemListElement\":[{\"@type\":\"ListItem\",\"position\":1,\"name\":\"Portada\",\"item\":\"https:\\\/\\\/schoenstatt.com\\\/pt-pt\\\/home\\\/\"},{\"@type\":\"ListItem\",\"position\":2,\"name\":\"Revitalizar a fam\u00edlia como um claro instrumento de evangeliza\u00e7\u00e3o\"}]},{\"@type\":\"WebSite\",\"@id\":\"https:\\\/\\\/schoenstatt.com\\\/pt-pt\\\/#website\",\"url\":\"https:\\\/\\\/schoenstatt.com\\\/pt-pt\\\/\",\"name\":\"Schoenstatt\",\"description\":\"Apostolic Movement\",\"publisher\":{\"@id\":\"https:\\\/\\\/schoenstatt.com\\\/pt-pt\\\/#organization\"},\"potentialAction\":[{\"@type\":\"SearchAction\",\"target\":{\"@type\":\"EntryPoint\",\"urlTemplate\":\"https:\\\/\\\/schoenstatt.com\\\/pt-pt\\\/?s={search_term_string}\"},\"query-input\":{\"@type\":\"PropertyValueSpecification\",\"valueRequired\":true,\"valueName\":\"search_term_string\"}}],\"inLanguage\":\"pt-PT\"},{\"@type\":\"Organization\",\"@id\":\"https:\\\/\\\/schoenstatt.com\\\/pt-pt\\\/#organization\",\"name\":\"Schoenstatt\",\"url\":\"https:\\\/\\\/schoenstatt.com\\\/pt-pt\\\/\",\"logo\":{\"@type\":\"ImageObject\",\"inLanguage\":\"pt-PT\",\"@id\":\"https:\\\/\\\/schoenstatt.com\\\/pt-pt\\\/#\\\/schema\\\/logo\\\/image\\\/\",\"url\":\"https:\\\/\\\/schoenstatt.com\\\/wp-content\\\/uploads\\\/2025\\\/04\\\/logo-schoenstatt-white-696x696-1.png\",\"contentUrl\":\"https:\\\/\\\/schoenstatt.com\\\/wp-content\\\/uploads\\\/2025\\\/04\\\/logo-schoenstatt-white-696x696-1.png\",\"width\":696,\"height\":694,\"caption\":\"Schoenstatt\"},\"image\":{\"@id\":\"https:\\\/\\\/schoenstatt.com\\\/pt-pt\\\/#\\\/schema\\\/logo\\\/image\\\/\"}},{\"@type\":\"Person\",\"@id\":\"https:\\\/\\\/schoenstatt.com\\\/pt-pt\\\/#\\\/schema\\\/person\\\/5158877ad4acae98b34daaeef2a1ce6e\",\"name\":\"Karen Bueno\",\"image\":{\"@type\":\"ImageObject\",\"inLanguage\":\"pt-PT\",\"@id\":\"https:\\\/\\\/secure.gravatar.com\\\/avatar\\\/f9f4b823873154269d2b2130f195f6d41037dd0d7fc5f3cacb5c846bae70d66b?s=96&d=mm&r=g\",\"url\":\"https:\\\/\\\/secure.gravatar.com\\\/avatar\\\/f9f4b823873154269d2b2130f195f6d41037dd0d7fc5f3cacb5c846bae70d66b?s=96&d=mm&r=g\",\"contentUrl\":\"https:\\\/\\\/secure.gravatar.com\\\/avatar\\\/f9f4b823873154269d2b2130f195f6d41037dd0d7fc5f3cacb5c846bae70d66b?s=96&d=mm&r=g\",\"caption\":\"Karen Bueno\"},\"url\":\"https:\\\/\\\/schoenstatt.com\\\/pt-pt\\\/author\\\/karen-bueno\\\/\"}]}<\/script>\n<!-- \/ Yoast SEO Premium plugin. -->","yoast_head_json":{"title":"Revitalizar a fam\u00edlia como um claro instrumento de evangeliza\u00e7\u00e3o - Schoenstatt","description":"Amoris laetitia: espiritualidade matrimonial, missionariedade familiar e o acompanhar, discernir e integrar a fragilidade das fam\u00edlias.","robots":{"index":"index","follow":"follow","max-snippet":"max-snippet:-1","max-image-preview":"max-image-preview:large","max-video-preview":"max-video-preview:-1"},"canonical":"https:\/\/schoenstatt.com\/pt-pt\/revitalizar-a-familia-como-um-claro-instrumento-de-evangelizacao\/","og_locale":"pt_PT","og_type":"article","og_title":"Revitalizar a fam\u00edlia como um claro instrumento de evangeliza\u00e7\u00e3o","og_description":"Amoris laetitia: espiritualidade matrimonial, missionariedade familiar e o acompanhar, discernir e integrar a fragilidade das fam\u00edlias.","og_url":"https:\/\/schoenstatt.com\/pt-pt\/revitalizar-a-familia-como-um-claro-instrumento-de-evangelizacao\/","og_site_name":"Schoenstatt","article_published_time":"2021-06-28T23:06:55+00:00","article_modified_time":"2025-08-19T16:15:08+00:00","og_image":[{"width":320,"height":214,"url":"https:\/\/schoenstatt.com\/wp-content\/uploads\/2022\/01\/TRIBU-Munoz-Galles-3.jpeg","type":"image\/jpeg"}],"author":"Karen Bueno","twitter_card":"summary_large_image","twitter_misc":{"Escrito por":"Karen Bueno","Tempo estimado de leitura":"6 minutos"},"schema":{"@context":"https:\/\/schema.org","@graph":[{"@type":"Article","@id":"https:\/\/schoenstatt.com\/pt-pt\/revitalizar-a-familia-como-um-claro-instrumento-de-evangelizacao\/#article","isPartOf":{"@id":"https:\/\/schoenstatt.com\/pt-pt\/revitalizar-a-familia-como-um-claro-instrumento-de-evangelizacao\/"},"author":{"name":"Karen Bueno","@id":"https:\/\/schoenstatt.com\/pt-pt\/#\/schema\/person\/5158877ad4acae98b34daaeef2a1ce6e"},"headline":"Revitalizar a fam\u00edlia como um claro instrumento de evangeliza\u00e7\u00e3o","datePublished":"2021-06-28T23:06:55+00:00","dateModified":"2025-08-19T16:15:08+00:00","mainEntityOfPage":{"@id":"https:\/\/schoenstatt.com\/pt-pt\/revitalizar-a-familia-como-um-claro-instrumento-de-evangelizacao\/"},"wordCount":1092,"publisher":{"@id":"https:\/\/schoenstatt.com\/pt-pt\/#organization"},"image":{"@id":"https:\/\/schoenstatt.com\/pt-pt\/revitalizar-a-familia-como-um-claro-instrumento-de-evangelizacao\/#primaryimage"},"thumbnailUrl":"https:\/\/schoenstatt.com\/wp-content\/uploads\/2022\/01\/TRIBU-Munoz-Galles-3.jpeg","keywords":["Dicast\u00e9rio para os Leigos, Fam\u00edlia e Vida","Fam\u00edlia","Instituto de Fam\u00edlias de Schoenstatt","Natal"],"articleSection":["Fam\u00edlia","Igreja"],"inLanguage":"pt-PT"},{"@type":"WebPage","@id":"https:\/\/schoenstatt.com\/pt-pt\/revitalizar-a-familia-como-um-claro-instrumento-de-evangelizacao\/","url":"https:\/\/schoenstatt.com\/pt-pt\/revitalizar-a-familia-como-um-claro-instrumento-de-evangelizacao\/","name":"Revitalizar a fam\u00edlia como um claro instrumento de evangeliza\u00e7\u00e3o - Schoenstatt","isPartOf":{"@id":"https:\/\/schoenstatt.com\/pt-pt\/#website"},"primaryImageOfPage":{"@id":"https:\/\/schoenstatt.com\/pt-pt\/revitalizar-a-familia-como-um-claro-instrumento-de-evangelizacao\/#primaryimage"},"image":{"@id":"https:\/\/schoenstatt.com\/pt-pt\/revitalizar-a-familia-como-um-claro-instrumento-de-evangelizacao\/#primaryimage"},"thumbnailUrl":"https:\/\/schoenstatt.com\/wp-content\/uploads\/2022\/01\/TRIBU-Munoz-Galles-3.jpeg","datePublished":"2021-06-28T23:06:55+00:00","dateModified":"2025-08-19T16:15:08+00:00","description":"Amoris laetitia: espiritualidade matrimonial, missionariedade familiar e o acompanhar, discernir e integrar a fragilidade das fam\u00edlias.","breadcrumb":{"@id":"https:\/\/schoenstatt.com\/pt-pt\/revitalizar-a-familia-como-um-claro-instrumento-de-evangelizacao\/#breadcrumb"},"inLanguage":"pt-PT","potentialAction":[{"@type":"ReadAction","target":["https:\/\/schoenstatt.com\/pt-pt\/revitalizar-a-familia-como-um-claro-instrumento-de-evangelizacao\/"]}]},{"@type":"ImageObject","inLanguage":"pt-PT","@id":"https:\/\/schoenstatt.com\/pt-pt\/revitalizar-a-familia-como-um-claro-instrumento-de-evangelizacao\/#primaryimage","url":"https:\/\/schoenstatt.com\/wp-content\/uploads\/2022\/01\/TRIBU-Munoz-Galles-3.jpeg","contentUrl":"https:\/\/schoenstatt.com\/wp-content\/uploads\/2022\/01\/TRIBU-Munoz-Galles-3.jpeg","width":320,"height":214,"caption":"Family"},{"@type":"BreadcrumbList","@id":"https:\/\/schoenstatt.com\/pt-pt\/revitalizar-a-familia-como-um-claro-instrumento-de-evangelizacao\/#breadcrumb","itemListElement":[{"@type":"ListItem","position":1,"name":"Portada","item":"https:\/\/schoenstatt.com\/pt-pt\/home\/"},{"@type":"ListItem","position":2,"name":"Revitalizar a fam\u00edlia como um claro instrumento de evangeliza\u00e7\u00e3o"}]},{"@type":"WebSite","@id":"https:\/\/schoenstatt.com\/pt-pt\/#website","url":"https:\/\/schoenstatt.com\/pt-pt\/","name":"Schoenstatt","description":"Apostolic Movement","publisher":{"@id":"https:\/\/schoenstatt.com\/pt-pt\/#organization"},"potentialAction":[{"@type":"SearchAction","target":{"@type":"EntryPoint","urlTemplate":"https:\/\/schoenstatt.com\/pt-pt\/?s={search_term_string}"},"query-input":{"@type":"PropertyValueSpecification","valueRequired":true,"valueName":"search_term_string"}}],"inLanguage":"pt-PT"},{"@type":"Organization","@id":"https:\/\/schoenstatt.com\/pt-pt\/#organization","name":"Schoenstatt","url":"https:\/\/schoenstatt.com\/pt-pt\/","logo":{"@type":"ImageObject","inLanguage":"pt-PT","@id":"https:\/\/schoenstatt.com\/pt-pt\/#\/schema\/logo\/image\/","url":"https:\/\/schoenstatt.com\/wp-content\/uploads\/2025\/04\/logo-schoenstatt-white-696x696-1.png","contentUrl":"https:\/\/schoenstatt.com\/wp-content\/uploads\/2025\/04\/logo-schoenstatt-white-696x696-1.png","width":696,"height":694,"caption":"Schoenstatt"},"image":{"@id":"https:\/\/schoenstatt.com\/pt-pt\/#\/schema\/logo\/image\/"}},{"@type":"Person","@id":"https:\/\/schoenstatt.com\/pt-pt\/#\/schema\/person\/5158877ad4acae98b34daaeef2a1ce6e","name":"Karen Bueno","image":{"@type":"ImageObject","inLanguage":"pt-PT","@id":"https:\/\/secure.gravatar.com\/avatar\/f9f4b823873154269d2b2130f195f6d41037dd0d7fc5f3cacb5c846bae70d66b?s=96&d=mm&r=g","url":"https:\/\/secure.gravatar.com\/avatar\/f9f4b823873154269d2b2130f195f6d41037dd0d7fc5f3cacb5c846bae70d66b?s=96&d=mm&r=g","contentUrl":"https:\/\/secure.gravatar.com\/avatar\/f9f4b823873154269d2b2130f195f6d41037dd0d7fc5f3cacb5c846bae70d66b?s=96&d=mm&r=g","caption":"Karen Bueno"},"url":"https:\/\/schoenstatt.com\/pt-pt\/author\/karen-bueno\/"}]}},"_links":{"self":[{"href":"https:\/\/schoenstatt.com\/pt-pt\/wp-json\/wp\/v2\/posts\/22759","targetHints":{"allow":["GET"]}}],"collection":[{"href":"https:\/\/schoenstatt.com\/pt-pt\/wp-json\/wp\/v2\/posts"}],"about":[{"href":"https:\/\/schoenstatt.com\/pt-pt\/wp-json\/wp\/v2\/types\/post"}],"author":[{"embeddable":true,"href":"https:\/\/schoenstatt.com\/pt-pt\/wp-json\/wp\/v2\/users\/3"}],"replies":[{"embeddable":true,"href":"https:\/\/schoenstatt.com\/pt-pt\/wp-json\/wp\/v2\/comments?post=22759"}],"version-history":[{"count":6,"href":"https:\/\/schoenstatt.com\/pt-pt\/wp-json\/wp\/v2\/posts\/22759\/revisions"}],"predecessor-version":[{"id":62651,"href":"https:\/\/schoenstatt.com\/pt-pt\/wp-json\/wp\/v2\/posts\/22759\/revisions\/62651"}],"wp:featuredmedia":[{"embeddable":true,"href":"https:\/\/schoenstatt.com\/pt-pt\/wp-json\/wp\/v2\/media\/22745"}],"wp:attachment":[{"href":"https:\/\/schoenstatt.com\/pt-pt\/wp-json\/wp\/v2\/media?parent=22759"}],"wp:term":[{"taxonomy":"category","embeddable":true,"href":"https:\/\/schoenstatt.com\/pt-pt\/wp-json\/wp\/v2\/categories?post=22759"},{"taxonomy":"post_tag","embeddable":true,"href":"https:\/\/schoenstatt.com\/pt-pt\/wp-json\/wp\/v2\/tags?post=22759"}],"curies":[{"name":"wp","href":"https:\/\/api.w.org\/{rel}","templated":true}]}}