{"id":22711,"date":"2022-01-01T11:24:52","date_gmt":"2022-01-01T10:24:52","guid":{"rendered":"https:\/\/schoenstatt.com\/?p=22711"},"modified":"2025-08-20T23:19:59","modified_gmt":"2025-08-20T21:19:59","slug":"familia-aymerich-nos-momentos-de-oracao-deus-torna-a-missao-fecunda","status":"publish","type":"post","link":"https:\/\/schoenstatt.com\/pt-pt\/familia-aymerich-nos-momentos-de-oracao-deus-torna-a-missao-fecunda\/","title":{"rendered":"Fam\u00edlia Aymerich: Nos momentos de ora\u00e7\u00e3o Deus torna a miss\u00e3o fecunda"},"content":{"rendered":"<p><strong>Vaticano<\/strong> &#8211; O <a href=\"http:\/\/www.laityfamilylife.va\/content\/laityfamilylife\/pt.html\" target=\"_blank\" rel=\"noopener\">Dicast\u00e9rio para os Leigos, a fam\u00edlia e a vida<\/a> publica uma s\u00e9rie de v\u00eddeos sobre a vida familiar, numa edi\u00e7\u00e3o em forma de di\u00e1logo entre as fam\u00edlias e o Papa Francisco. Nessa d\u00e9cima edi\u00e7\u00e3o, o di\u00e1logo com o Papa \u00e9 do casal Rosa e Edu, da Obra de Fam\u00edlias de Schoenstatt, em Costa Rica.<\/p>\n<h3>\u201cO carinho numa fam\u00edlia \u00e9 muito importante\u201d, diz o Santo Padre<\/h3>\n<p>\u201cNa fam\u00edlia n\u00e3o h\u00e1 apenas marido e mulher, filhos, porque Jesus mora no matrim\u00f4nio. O Senhor vive na fam\u00edlia real e concreta, se expressa nos gestos de amor. Gestos concretos entre marido e mulher, entre pais e filhos. O carinho numa fam\u00edlia \u00e9 muito importante\u201d. Com estas palavras, o Santo Padre convida-nos a reconhecer a presen\u00e7a de Jesus na vida quotidiana da nossa fam\u00edlia, no d\u00e9cimo e \u00faltimo v\u00eddeo que o apresenta o Papa Francisco, junto com uma fam\u00edlia espanhola.<\/p>\n<p>Este v\u00eddeo refere-se ao cap\u00edtulo nove da Exorta\u00e7\u00e3o Apost\u00f3lica Amoris Laetitia: \u201cA espiritualidade conjugal e familiar\u201d. A acompanhar as palavras do Santo Padre est\u00e1 o testemunho da fam\u00edlia Aymerich, agora mission\u00e1rios na Costa Rica. Testemunham a fidelidade aos um momentos de ora\u00e7\u00e3o familiar no seu dia: \u00abPrecisamente porque ao longo de nossa hist\u00f3ria experimentamos in\u00fameras vezes nossa pr\u00f3pria pequenez e irrelev\u00e2ncia, estamos conscientes de que atrav\u00e9s desses momentos de ora\u00e7\u00e3o Deus torna a Miss\u00e3o fecunda\u00bb.<\/p>\n<h3>Redescobrir o valor e a beleza da fam\u00edlia<\/h3>\n<p>Os \u201c10 v\u00eddeos de Amoris Laetitia\u201d contam os cap\u00edtulos da Exorta\u00e7\u00e3o e o Santo Padre, com a ajuda de imagens e testemunhos de algumas fam\u00edlias de diferentes partes do mundo, nos convida a caminhar juntos para redescobrir o valor e a beleza da fam\u00edlia.<\/p>\n<p>Cada v\u00eddeo \u00e9 acompanhado por um subs\u00eddio para ser utilizado de maneira flex\u00edvel tanto pelas fam\u00edlias quanto pelas diversas realidades eclesiais (dioceses, par\u00f3quias, comunidades).<\/p>\n<p>Este recurso pastoral \u00e9 uma iniciativa do Dicast\u00e9rio para os Leigos, a Fam\u00edlia e a Vida, em colabora\u00e7\u00e3o com o Dicast\u00e9rio para a Comunica\u00e7\u00e3o, para o Ano \u201cFam\u00edlia Amoris Laetitia\u201d.<\/p>\n<p>Os dois dicast\u00e9rios publicar\u00e3o, at\u00e9 o final de fevereiro, um \u201cEspecial Amoris Laetitia\u201d que reunir\u00e1 todos os v\u00eddeos e subs\u00eddios no final da s\u00e9rie.<\/p>\n<p>Fonte: Dicast\u00e9rio para os Leigos, a Fam\u00edlia e a Vida<\/p>\n<p><iframe title=\"Amoris Laetitia A espiritualidade conjugal e familiar 2021.12.29\" width=\"800\" height=\"450\" src=\"https:\/\/www.youtube.com\/embed\/fGP8DIBIytQ?feature=oembed\" frameborder=\"0\" allow=\"accelerometer; autoplay; clipboard-write; encrypted-media; gyroscope; picture-in-picture; web-share\" referrerpolicy=\"strict-origin-when-cross-origin\" allowfullscreen><\/iframe><\/p>\n","protected":false},"excerpt":{"rendered":"<p>Este v\u00eddeo refere-se ao cap\u00edtulo nove da Exorta\u00e7\u00e3o Apost\u00f3lica Amoris Laetitia: \u201cA espiritualidade conjugal e familiar&#8221;<\/p>\n","protected":false},"author":1,"featured_media":22712,"comment_status":"closed","ping_status":"closed","sticky":false,"template":"","format":"standard","meta":{"footnotes":""},"categories":[876,608],"tags":[991,988,801,1157,244],"class_list":["post-22711","post","type-post","status-publish","format-standard","has-post-thumbnail","hentry","category-familia-pt-pt","category-igreja-pt-pt","tag-dicasterio-para-os-leigos-familia-e-vida-pt-pt","tag-dicasterios-pt-pt","tag-familia-pt-pt","tag-obra-das-familias-de-schoenstatt-pt-pt","tag-schoenstatt-costa-rica-pt-pt"],"yoast_head":"<!-- This site is optimized with the Yoast SEO Premium plugin v27.4 (Yoast SEO v27.4) - https:\/\/yoast.com\/product\/yoast-seo-premium-wordpress\/ -->\n<title>Fam\u00edlia Aymerich: Nos momentos de ora\u00e7\u00e3o Deus torna a miss\u00e3o fecunda<\/title>\n<meta name=\"description\" content=\"Familia Aymerich refere neste v\u00eddeo ao cap\u00edtulo nove da Exorta\u00e7\u00e3o Apost\u00f3lica Amoris Laetitia: \u201cA espiritualidade conjugal e familiar\u201d.\" \/>\n<meta name=\"robots\" content=\"index, follow, max-snippet:-1, max-image-preview:large, max-video-preview:-1\" \/>\n<link rel=\"canonical\" href=\"https:\/\/schoenstatt.com\/pt-pt\/familia-aymerich-nos-momentos-de-oracao-deus-torna-a-missao-fecunda\/\" \/>\n<meta property=\"og:locale\" content=\"pt_PT\" \/>\n<meta property=\"og:type\" content=\"article\" \/>\n<meta property=\"og:title\" content=\"Fam\u00edlia Aymerich: Nos momentos de ora\u00e7\u00e3o Deus torna a miss\u00e3o fecunda\" \/>\n<meta property=\"og:description\" content=\"Familia Aymerich refere neste v\u00eddeo ao cap\u00edtulo nove da Exorta\u00e7\u00e3o Apost\u00f3lica Amoris Laetitia: \u201cA espiritualidade conjugal e familiar\u201d.\" \/>\n<meta property=\"og:url\" content=\"https:\/\/schoenstatt.com\/pt-pt\/familia-aymerich-nos-momentos-de-oracao-deus-torna-a-missao-fecunda\/\" \/>\n<meta property=\"og:site_name\" content=\"Schoenstatt\" \/>\n<meta property=\"article:published_time\" content=\"2022-01-01T10:24:52+00:00\" \/>\n<meta property=\"article:modified_time\" content=\"2025-08-20T21:19:59+00:00\" \/>\n<meta property=\"og:image\" content=\"https:\/\/schoenstatt.com\/wp-content\/uploads\/2021\/12\/2021-12-31-1-1.png\" \/>\n\t<meta property=\"og:image:width\" content=\"1920\" \/>\n\t<meta property=\"og:image:height\" content=\"1080\" \/>\n\t<meta property=\"og:image:type\" content=\"image\/png\" \/>\n<meta name=\"author\" content=\"admin\" \/>\n<meta name=\"twitter:card\" content=\"summary_large_image\" \/>\n<meta name=\"twitter:label1\" content=\"Escrito por\" \/>\n\t<meta name=\"twitter:data1\" content=\"admin\" \/>\n\t<meta name=\"twitter:label2\" content=\"Tempo estimado de leitura\" \/>\n\t<meta name=\"twitter:data2\" content=\"2 minutos\" \/>\n<script type=\"application\/ld+json\" class=\"yoast-schema-graph\">{\"@context\":\"https:\\\/\\\/schema.org\",\"@graph\":[{\"@type\":\"Article\",\"@id\":\"https:\\\/\\\/schoenstatt.com\\\/pt-pt\\\/familia-aymerich-nos-momentos-de-oracao-deus-torna-a-missao-fecunda\\\/#article\",\"isPartOf\":{\"@id\":\"https:\\\/\\\/schoenstatt.com\\\/pt-pt\\\/familia-aymerich-nos-momentos-de-oracao-deus-torna-a-missao-fecunda\\\/\"},\"author\":{\"name\":\"admin\",\"@id\":\"https:\\\/\\\/schoenstatt.com\\\/pt-pt\\\/#\\\/schema\\\/person\\\/489465b1850e7b216fe2c10dfc262551\"},\"headline\":\"Fam\u00edlia Aymerich: Nos momentos de ora\u00e7\u00e3o Deus torna a miss\u00e3o fecunda\",\"datePublished\":\"2022-01-01T10:24:52+00:00\",\"dateModified\":\"2025-08-20T21:19:59+00:00\",\"mainEntityOfPage\":{\"@id\":\"https:\\\/\\\/schoenstatt.com\\\/pt-pt\\\/familia-aymerich-nos-momentos-de-oracao-deus-torna-a-missao-fecunda\\\/\"},\"wordCount\":439,\"publisher\":{\"@id\":\"https:\\\/\\\/schoenstatt.com\\\/pt-pt\\\/#organization\"},\"image\":{\"@id\":\"https:\\\/\\\/schoenstatt.com\\\/pt-pt\\\/familia-aymerich-nos-momentos-de-oracao-deus-torna-a-missao-fecunda\\\/#primaryimage\"},\"thumbnailUrl\":\"https:\\\/\\\/schoenstatt.com\\\/wp-content\\\/uploads\\\/2021\\\/12\\\/2021-12-31-1-1.png\",\"keywords\":[\"Dicast\u00e9rio para os Leigos, Fam\u00edlia e Vida\",\"Dicast\u00e9rios\",\"Fam\u00edlia\",\"Obra das Fam\u00edlias de Schoenstatt\",\"Schoenstatt Costa Rica\"],\"articleSection\":[\"Fam\u00edlia\",\"Igreja\"],\"inLanguage\":\"pt-PT\"},{\"@type\":\"WebPage\",\"@id\":\"https:\\\/\\\/schoenstatt.com\\\/pt-pt\\\/familia-aymerich-nos-momentos-de-oracao-deus-torna-a-missao-fecunda\\\/\",\"url\":\"https:\\\/\\\/schoenstatt.com\\\/pt-pt\\\/familia-aymerich-nos-momentos-de-oracao-deus-torna-a-missao-fecunda\\\/\",\"name\":\"Fam\u00edlia Aymerich: Nos momentos de ora\u00e7\u00e3o Deus torna a miss\u00e3o fecunda\",\"isPartOf\":{\"@id\":\"https:\\\/\\\/schoenstatt.com\\\/pt-pt\\\/#website\"},\"primaryImageOfPage\":{\"@id\":\"https:\\\/\\\/schoenstatt.com\\\/pt-pt\\\/familia-aymerich-nos-momentos-de-oracao-deus-torna-a-missao-fecunda\\\/#primaryimage\"},\"image\":{\"@id\":\"https:\\\/\\\/schoenstatt.com\\\/pt-pt\\\/familia-aymerich-nos-momentos-de-oracao-deus-torna-a-missao-fecunda\\\/#primaryimage\"},\"thumbnailUrl\":\"https:\\\/\\\/schoenstatt.com\\\/wp-content\\\/uploads\\\/2021\\\/12\\\/2021-12-31-1-1.png\",\"datePublished\":\"2022-01-01T10:24:52+00:00\",\"dateModified\":\"2025-08-20T21:19:59+00:00\",\"description\":\"Familia Aymerich refere neste v\u00eddeo ao cap\u00edtulo nove da Exorta\u00e7\u00e3o Apost\u00f3lica Amoris Laetitia: \u201cA espiritualidade conjugal e familiar\u201d.\",\"breadcrumb\":{\"@id\":\"https:\\\/\\\/schoenstatt.com\\\/pt-pt\\\/familia-aymerich-nos-momentos-de-oracao-deus-torna-a-missao-fecunda\\\/#breadcrumb\"},\"inLanguage\":\"pt-PT\",\"potentialAction\":[{\"@type\":\"ReadAction\",\"target\":[\"https:\\\/\\\/schoenstatt.com\\\/pt-pt\\\/familia-aymerich-nos-momentos-de-oracao-deus-torna-a-missao-fecunda\\\/\"]}]},{\"@type\":\"ImageObject\",\"inLanguage\":\"pt-PT\",\"@id\":\"https:\\\/\\\/schoenstatt.com\\\/pt-pt\\\/familia-aymerich-nos-momentos-de-oracao-deus-torna-a-missao-fecunda\\\/#primaryimage\",\"url\":\"https:\\\/\\\/schoenstatt.com\\\/wp-content\\\/uploads\\\/2021\\\/12\\\/2021-12-31-1-1.png\",\"contentUrl\":\"https:\\\/\\\/schoenstatt.com\\\/wp-content\\\/uploads\\\/2021\\\/12\\\/2021-12-31-1-1.png\",\"width\":1920,\"height\":1080,\"caption\":\"Familia Aymerich\"},{\"@type\":\"BreadcrumbList\",\"@id\":\"https:\\\/\\\/schoenstatt.com\\\/pt-pt\\\/familia-aymerich-nos-momentos-de-oracao-deus-torna-a-missao-fecunda\\\/#breadcrumb\",\"itemListElement\":[{\"@type\":\"ListItem\",\"position\":1,\"name\":\"Portada\",\"item\":\"https:\\\/\\\/schoenstatt.com\\\/pt-pt\\\/home\\\/\"},{\"@type\":\"ListItem\",\"position\":2,\"name\":\"Fam\u00edlia Aymerich: Nos momentos de ora\u00e7\u00e3o Deus torna a miss\u00e3o fecunda\"}]},{\"@type\":\"WebSite\",\"@id\":\"https:\\\/\\\/schoenstatt.com\\\/pt-pt\\\/#website\",\"url\":\"https:\\\/\\\/schoenstatt.com\\\/pt-pt\\\/\",\"name\":\"Schoenstatt\",\"description\":\"Apostolic Movement\",\"publisher\":{\"@id\":\"https:\\\/\\\/schoenstatt.com\\\/pt-pt\\\/#organization\"},\"potentialAction\":[{\"@type\":\"SearchAction\",\"target\":{\"@type\":\"EntryPoint\",\"urlTemplate\":\"https:\\\/\\\/schoenstatt.com\\\/pt-pt\\\/?s={search_term_string}\"},\"query-input\":{\"@type\":\"PropertyValueSpecification\",\"valueRequired\":true,\"valueName\":\"search_term_string\"}}],\"inLanguage\":\"pt-PT\"},{\"@type\":\"Organization\",\"@id\":\"https:\\\/\\\/schoenstatt.com\\\/pt-pt\\\/#organization\",\"name\":\"Schoenstatt\",\"url\":\"https:\\\/\\\/schoenstatt.com\\\/pt-pt\\\/\",\"logo\":{\"@type\":\"ImageObject\",\"inLanguage\":\"pt-PT\",\"@id\":\"https:\\\/\\\/schoenstatt.com\\\/pt-pt\\\/#\\\/schema\\\/logo\\\/image\\\/\",\"url\":\"https:\\\/\\\/schoenstatt.com\\\/wp-content\\\/uploads\\\/2025\\\/04\\\/logo-schoenstatt-white-696x696-1.png\",\"contentUrl\":\"https:\\\/\\\/schoenstatt.com\\\/wp-content\\\/uploads\\\/2025\\\/04\\\/logo-schoenstatt-white-696x696-1.png\",\"width\":696,\"height\":694,\"caption\":\"Schoenstatt\"},\"image\":{\"@id\":\"https:\\\/\\\/schoenstatt.com\\\/pt-pt\\\/#\\\/schema\\\/logo\\\/image\\\/\"}},{\"@type\":\"Person\",\"@id\":\"https:\\\/\\\/schoenstatt.com\\\/pt-pt\\\/#\\\/schema\\\/person\\\/489465b1850e7b216fe2c10dfc262551\",\"name\":\"admin\",\"image\":{\"@type\":\"ImageObject\",\"inLanguage\":\"pt-PT\",\"@id\":\"https:\\\/\\\/secure.gravatar.com\\\/avatar\\\/02e8345e1ec40ab0e0a2a98fdde64a684bbaf994cddcb778b25b8b024ee9dfe6?s=96&d=mm&r=g\",\"url\":\"https:\\\/\\\/secure.gravatar.com\\\/avatar\\\/02e8345e1ec40ab0e0a2a98fdde64a684bbaf994cddcb778b25b8b024ee9dfe6?s=96&d=mm&r=g\",\"contentUrl\":\"https:\\\/\\\/secure.gravatar.com\\\/avatar\\\/02e8345e1ec40ab0e0a2a98fdde64a684bbaf994cddcb778b25b8b024ee9dfe6?s=96&d=mm&r=g\",\"caption\":\"admin\"},\"sameAs\":[\"https:\\\/\\\/schoenstatt.com\"],\"url\":\"https:\\\/\\\/schoenstatt.com\\\/pt-pt\\\/author\\\/admin\\\/\"}]}<\/script>\n<!-- \/ Yoast SEO Premium plugin. -->","yoast_head_json":{"title":"Fam\u00edlia Aymerich: Nos momentos de ora\u00e7\u00e3o Deus torna a miss\u00e3o fecunda","description":"Familia Aymerich refere neste v\u00eddeo ao cap\u00edtulo nove da Exorta\u00e7\u00e3o Apost\u00f3lica Amoris Laetitia: \u201cA espiritualidade conjugal e familiar\u201d.","robots":{"index":"index","follow":"follow","max-snippet":"max-snippet:-1","max-image-preview":"max-image-preview:large","max-video-preview":"max-video-preview:-1"},"canonical":"https:\/\/schoenstatt.com\/pt-pt\/familia-aymerich-nos-momentos-de-oracao-deus-torna-a-missao-fecunda\/","og_locale":"pt_PT","og_type":"article","og_title":"Fam\u00edlia Aymerich: Nos momentos de ora\u00e7\u00e3o Deus torna a miss\u00e3o fecunda","og_description":"Familia Aymerich refere neste v\u00eddeo ao cap\u00edtulo nove da Exorta\u00e7\u00e3o Apost\u00f3lica Amoris Laetitia: \u201cA espiritualidade conjugal e familiar\u201d.","og_url":"https:\/\/schoenstatt.com\/pt-pt\/familia-aymerich-nos-momentos-de-oracao-deus-torna-a-missao-fecunda\/","og_site_name":"Schoenstatt","article_published_time":"2022-01-01T10:24:52+00:00","article_modified_time":"2025-08-20T21:19:59+00:00","og_image":[{"width":1920,"height":1080,"url":"https:\/\/schoenstatt.com\/wp-content\/uploads\/2021\/12\/2021-12-31-1-1.png","type":"image\/png"}],"author":"admin","twitter_card":"summary_large_image","twitter_misc":{"Escrito por":"admin","Tempo estimado de leitura":"2 minutos"},"schema":{"@context":"https:\/\/schema.org","@graph":[{"@type":"Article","@id":"https:\/\/schoenstatt.com\/pt-pt\/familia-aymerich-nos-momentos-de-oracao-deus-torna-a-missao-fecunda\/#article","isPartOf":{"@id":"https:\/\/schoenstatt.com\/pt-pt\/familia-aymerich-nos-momentos-de-oracao-deus-torna-a-missao-fecunda\/"},"author":{"name":"admin","@id":"https:\/\/schoenstatt.com\/pt-pt\/#\/schema\/person\/489465b1850e7b216fe2c10dfc262551"},"headline":"Fam\u00edlia Aymerich: Nos momentos de ora\u00e7\u00e3o Deus torna a miss\u00e3o fecunda","datePublished":"2022-01-01T10:24:52+00:00","dateModified":"2025-08-20T21:19:59+00:00","mainEntityOfPage":{"@id":"https:\/\/schoenstatt.com\/pt-pt\/familia-aymerich-nos-momentos-de-oracao-deus-torna-a-missao-fecunda\/"},"wordCount":439,"publisher":{"@id":"https:\/\/schoenstatt.com\/pt-pt\/#organization"},"image":{"@id":"https:\/\/schoenstatt.com\/pt-pt\/familia-aymerich-nos-momentos-de-oracao-deus-torna-a-missao-fecunda\/#primaryimage"},"thumbnailUrl":"https:\/\/schoenstatt.com\/wp-content\/uploads\/2021\/12\/2021-12-31-1-1.png","keywords":["Dicast\u00e9rio para os Leigos, Fam\u00edlia e Vida","Dicast\u00e9rios","Fam\u00edlia","Obra das Fam\u00edlias de Schoenstatt","Schoenstatt Costa Rica"],"articleSection":["Fam\u00edlia","Igreja"],"inLanguage":"pt-PT"},{"@type":"WebPage","@id":"https:\/\/schoenstatt.com\/pt-pt\/familia-aymerich-nos-momentos-de-oracao-deus-torna-a-missao-fecunda\/","url":"https:\/\/schoenstatt.com\/pt-pt\/familia-aymerich-nos-momentos-de-oracao-deus-torna-a-missao-fecunda\/","name":"Fam\u00edlia Aymerich: Nos momentos de ora\u00e7\u00e3o Deus torna a miss\u00e3o fecunda","isPartOf":{"@id":"https:\/\/schoenstatt.com\/pt-pt\/#website"},"primaryImageOfPage":{"@id":"https:\/\/schoenstatt.com\/pt-pt\/familia-aymerich-nos-momentos-de-oracao-deus-torna-a-missao-fecunda\/#primaryimage"},"image":{"@id":"https:\/\/schoenstatt.com\/pt-pt\/familia-aymerich-nos-momentos-de-oracao-deus-torna-a-missao-fecunda\/#primaryimage"},"thumbnailUrl":"https:\/\/schoenstatt.com\/wp-content\/uploads\/2021\/12\/2021-12-31-1-1.png","datePublished":"2022-01-01T10:24:52+00:00","dateModified":"2025-08-20T21:19:59+00:00","description":"Familia Aymerich refere neste v\u00eddeo ao cap\u00edtulo nove da Exorta\u00e7\u00e3o Apost\u00f3lica Amoris Laetitia: \u201cA espiritualidade conjugal e familiar\u201d.","breadcrumb":{"@id":"https:\/\/schoenstatt.com\/pt-pt\/familia-aymerich-nos-momentos-de-oracao-deus-torna-a-missao-fecunda\/#breadcrumb"},"inLanguage":"pt-PT","potentialAction":[{"@type":"ReadAction","target":["https:\/\/schoenstatt.com\/pt-pt\/familia-aymerich-nos-momentos-de-oracao-deus-torna-a-missao-fecunda\/"]}]},{"@type":"ImageObject","inLanguage":"pt-PT","@id":"https:\/\/schoenstatt.com\/pt-pt\/familia-aymerich-nos-momentos-de-oracao-deus-torna-a-missao-fecunda\/#primaryimage","url":"https:\/\/schoenstatt.com\/wp-content\/uploads\/2021\/12\/2021-12-31-1-1.png","contentUrl":"https:\/\/schoenstatt.com\/wp-content\/uploads\/2021\/12\/2021-12-31-1-1.png","width":1920,"height":1080,"caption":"Familia Aymerich"},{"@type":"BreadcrumbList","@id":"https:\/\/schoenstatt.com\/pt-pt\/familia-aymerich-nos-momentos-de-oracao-deus-torna-a-missao-fecunda\/#breadcrumb","itemListElement":[{"@type":"ListItem","position":1,"name":"Portada","item":"https:\/\/schoenstatt.com\/pt-pt\/home\/"},{"@type":"ListItem","position":2,"name":"Fam\u00edlia Aymerich: Nos momentos de ora\u00e7\u00e3o Deus torna a miss\u00e3o fecunda"}]},{"@type":"WebSite","@id":"https:\/\/schoenstatt.com\/pt-pt\/#website","url":"https:\/\/schoenstatt.com\/pt-pt\/","name":"Schoenstatt","description":"Apostolic Movement","publisher":{"@id":"https:\/\/schoenstatt.com\/pt-pt\/#organization"},"potentialAction":[{"@type":"SearchAction","target":{"@type":"EntryPoint","urlTemplate":"https:\/\/schoenstatt.com\/pt-pt\/?s={search_term_string}"},"query-input":{"@type":"PropertyValueSpecification","valueRequired":true,"valueName":"search_term_string"}}],"inLanguage":"pt-PT"},{"@type":"Organization","@id":"https:\/\/schoenstatt.com\/pt-pt\/#organization","name":"Schoenstatt","url":"https:\/\/schoenstatt.com\/pt-pt\/","logo":{"@type":"ImageObject","inLanguage":"pt-PT","@id":"https:\/\/schoenstatt.com\/pt-pt\/#\/schema\/logo\/image\/","url":"https:\/\/schoenstatt.com\/wp-content\/uploads\/2025\/04\/logo-schoenstatt-white-696x696-1.png","contentUrl":"https:\/\/schoenstatt.com\/wp-content\/uploads\/2025\/04\/logo-schoenstatt-white-696x696-1.png","width":696,"height":694,"caption":"Schoenstatt"},"image":{"@id":"https:\/\/schoenstatt.com\/pt-pt\/#\/schema\/logo\/image\/"}},{"@type":"Person","@id":"https:\/\/schoenstatt.com\/pt-pt\/#\/schema\/person\/489465b1850e7b216fe2c10dfc262551","name":"admin","image":{"@type":"ImageObject","inLanguage":"pt-PT","@id":"https:\/\/secure.gravatar.com\/avatar\/02e8345e1ec40ab0e0a2a98fdde64a684bbaf994cddcb778b25b8b024ee9dfe6?s=96&d=mm&r=g","url":"https:\/\/secure.gravatar.com\/avatar\/02e8345e1ec40ab0e0a2a98fdde64a684bbaf994cddcb778b25b8b024ee9dfe6?s=96&d=mm&r=g","contentUrl":"https:\/\/secure.gravatar.com\/avatar\/02e8345e1ec40ab0e0a2a98fdde64a684bbaf994cddcb778b25b8b024ee9dfe6?s=96&d=mm&r=g","caption":"admin"},"sameAs":["https:\/\/schoenstatt.com"],"url":"https:\/\/schoenstatt.com\/pt-pt\/author\/admin\/"}]}},"_links":{"self":[{"href":"https:\/\/schoenstatt.com\/pt-pt\/wp-json\/wp\/v2\/posts\/22711","targetHints":{"allow":["GET"]}}],"collection":[{"href":"https:\/\/schoenstatt.com\/pt-pt\/wp-json\/wp\/v2\/posts"}],"about":[{"href":"https:\/\/schoenstatt.com\/pt-pt\/wp-json\/wp\/v2\/types\/post"}],"author":[{"embeddable":true,"href":"https:\/\/schoenstatt.com\/pt-pt\/wp-json\/wp\/v2\/users\/1"}],"replies":[{"embeddable":true,"href":"https:\/\/schoenstatt.com\/pt-pt\/wp-json\/wp\/v2\/comments?post=22711"}],"version-history":[{"count":1,"href":"https:\/\/schoenstatt.com\/pt-pt\/wp-json\/wp\/v2\/posts\/22711\/revisions"}],"predecessor-version":[{"id":44917,"href":"https:\/\/schoenstatt.com\/pt-pt\/wp-json\/wp\/v2\/posts\/22711\/revisions\/44917"}],"wp:featuredmedia":[{"embeddable":true,"href":"https:\/\/schoenstatt.com\/pt-pt\/wp-json\/wp\/v2\/media\/22712"}],"wp:attachment":[{"href":"https:\/\/schoenstatt.com\/pt-pt\/wp-json\/wp\/v2\/media?parent=22711"}],"wp:term":[{"taxonomy":"category","embeddable":true,"href":"https:\/\/schoenstatt.com\/pt-pt\/wp-json\/wp\/v2\/categories?post=22711"},{"taxonomy":"post_tag","embeddable":true,"href":"https:\/\/schoenstatt.com\/pt-pt\/wp-json\/wp\/v2\/tags?post=22711"}],"curies":[{"name":"wp","href":"https:\/\/api.w.org\/{rel}","templated":true}]}}