{"id":22674,"date":"2021-12-30T11:00:35","date_gmt":"2021-12-30T10:00:35","guid":{"rendered":"https:\/\/schoenstatt.com\/?p=22674"},"modified":"2025-08-19T21:11:47","modified_gmt":"2025-08-19T19:11:47","slug":"novo-schoenstatt-argentina-santuario-do-pai-testemunho-da-cruz-e-da-vitoria-de-maria-parte-ii","status":"publish","type":"post","link":"https:\/\/schoenstatt.com\/pt-pt\/novo-schoenstatt-argentina-santuario-do-pai-testemunho-da-cruz-e-da-vitoria-de-maria-parte-ii\/","title":{"rendered":"Novo Schoenstatt, Argentina: Santu\u00e1rio do Pai, testemunho da cruz e da vit\u00f3ria de Maria &#8211; Parte II"},"content":{"rendered":"<p>O Santu\u00e1rio de <a href=\"https:\/\/schoenstatt.com\/pt-pt\/comunidades-de-schoenstatt-pt\/novo-schoenstatt-argentina-santuario-do-pai\/\">Novo Schoenstatt,<\/a> na Prov\u00edncia de Buenos Aires, Argentina, \u00e9 emblem\u00e1tico na hist\u00f3ria de Schoenstatt. Hoje, ele se prepara para celebrar o jubileu de seu 70\u00ba anivers\u00e1rio, desde que o pr\u00f3prio Pe. Jos\u00e9 Kentenich o aben\u00e7oou. \u00c9 um lugar que guarda uma incr\u00edvel hist\u00f3ria de amor entre Maria e seus filhos, uma hist\u00f3ria de dor e vit\u00f3ria.<\/p>\n<h3>Panorama<\/h3>\n<p>Quando partiu para os EUA, em maio de 1948, o Padre Kentenich havia deixado \u00e0s Irm\u00e3s da Prov\u00edncia de Nazar\u00e9 a tarefa de obter o terreno para o Santu\u00e1rio nacional na Argentina. O Fundador acompanhou esta tarefa de perto e, ao retornar \u00e0 Am\u00e9rica Latina e perceber a\u00a0 busca infrut\u00edfera, intensificou sua participa\u00e7\u00e3o, oferecendo o pouco que ganhou com seus retiros. Ele tamb\u00e9m contribuiu \u00e0 caixinha do Santu\u00e1rio com o que poupou ao se privar de meios de transporte, andando vinte e cinco quarteir\u00f5es, no meio do ver\u00e3o, at\u00e9 a esta\u00e7\u00e3o de trem.<\/p>\n<p><img fetchpriority=\"high\" decoding=\"async\" class=\"alignnone wp-image-22653 size-full\" src=\"https:\/\/schoenstatt.com\/wp-content\/uploads\/2021\/12\/WhatsApp-Image-2021-12-22-at-12.36.35-1.jpeg\" alt=\"Padre Kentenich\" width=\"1280\" height=\"1002\" \/><\/p>\n<h3>Um epis\u00f3dio inesquec\u00edvel com um suposto infrator<\/h3>\n<p>Entre as muitas anedotas do tempo do Pe. Kentenich na Argentina, relatadas especialmente por Ir. M. \u00darsula, as Irm\u00e3s recordam uma que causou ao Fundador um incomum inc\u00f4modo e irrita\u00e7\u00e3o.<\/p>\n<p>Era 12 de mar\u00e7o de 1949. O Padre Kentenich havia viajado de trem de Villa Ballester para Villa Urquiza, na cidade de Buenos Aires, onde se encontrava a casa dos Padres Redentoristas, para pregar retiro. Na casa Marienheim dos Padres Palotinos em Villa Ballester, onde o Padre Kentenich estava hospedado, a Irm\u00e3 M. \u00darsula recebeu um telefonema do gerente da esta\u00e7\u00e3o de trem de Urquiza. Ela ouve no receptor:<\/p>\n<p>&#8220;Temos um sacerdote idoso com o qual, por raz\u00f5es lingu\u00edsticas, n\u00e3o podemos nos entender. Ele viajou sem bilhete e tem que pagar uma multa de 20 pesos. Como ele n\u00e3o tem o dinheiro, ter\u00e1 que ficar detido por uma noite.\u201d<\/p>\n<p>A Irm\u00e3 pede para falar pessoalmente com o Padre Kentenich. Ele lhe diz que pagou seu bilhete e o entregou ao inspetor, e que o inspetor n\u00e3o o devolveu, e que n\u00e3o pagaria a multa, porque isso n\u00e3o seria justo. A Irm\u00e3 decidiu viajar para resolver a disputa pessoalmente. Chegando \u00e0 bilheteria em Villa Ballester, ela perguntou ao funcion\u00e1rio se ele se lembrava de vender um bilhete naquela manh\u00e3 a um padre barbudo. Quando ele respondeu afirmativamente, a Irm\u00e3 pediu ao homem para ligar para a esta\u00e7\u00e3o de Urquiza, explicando como as coisas tinham corrido. O homem fez isso, mas em v\u00e3o. O inspetor n\u00e3o aceitava deixar livre o Padre Kentenich sem pagar a multa, e o padre Kentenich n\u00e3o estava disposto a pagar uma pena por uma falta que n\u00e3o havia cometido. Finalmente, a Ir. M. \u00darsula viajou para a esta\u00e7\u00e3o de Urquiza, e vendo que n\u00e3o havia outra sa\u00edda razo\u00e1vel, convenceu o Padre Kentenich a pagar a multa.<\/p>\n<p>Ao retornar \u00e0 sua casa em Villa Ballester, o Padre Kentenich n\u00e3o ficou indiferente ao acontecimento e ditou uma carta \u00e0 Irm\u00e3 M. Ursula endere\u00e7ada ao diretor da Ferrovia, na qual ele expressou sua queixa formal sobre a injusti\u00e7a que sofreu. No final de seu ditado ele disse \u00e0 irm\u00e3: &#8220;Agora&#8230; rasgue a carta&#8221;.<\/p>\n<p>\u201cNaquela noite, rimos francamente com o Padre Kentenich, recorda a Irm\u00e3 \u00darsula, pela maneira como o retiro havia terminado.\u201d<\/p>\n<h3>Um terreno procurado com o Pai<\/h3>\n<p><img decoding=\"async\" class=\"alignleft wp-image-22655 size-medium\" src=\"https:\/\/schoenstatt.com\/wp-content\/uploads\/2021\/12\/WhatsApp-Image-2021-12-22-at-12.36.36-1-300x200.jpeg\" alt=\"Constru\u00e7\u00e3o do Santu\u00e1rio do Pai\" width=\"300\" height=\"200\" \/><\/p>\n<p>O tempo foi passando e a busca por um lugar para o Santu\u00e1rio das Irm\u00e3s na Argentina foi infrut\u00edfera. V\u00e1rias possibilidades de terra surgiram, mas, por uma raz\u00e3o ou outra, nenhuma delas era adequada.<\/p>\n<p>Em outubro de 1950, eles foram visitar um local na cidade de Flor\u00eancio Varela. &#8220;Era um terreno de nove hectares, com cinco mil c\u00edtricos e um lindo bosque, \u201cmas&#8230; custou um milh\u00e3o de pesos! M. Ursula relata: ent\u00e3o cant\u00e1vamos um refr\u00e3o que dizia: &#8216;N\u00e3o poder\u00edamos ter o milh\u00e3o de pesos? T\u00ednhamos feito um pacto com Nossa Senhora: dar\u00edamos a ela um milh\u00e3o de sacrif\u00edcios e ela teria que nos dar um peso por cada sacrif\u00edcio.\u201d<\/p>\n<p>Mas de repente come\u00e7ou a haver uma infla\u00e7\u00e3o alta na Argentina, e ent\u00e3o as Irm\u00e3s disseram \u00e0 M\u00e3e: &#8220;Agora que h\u00e1 infla\u00e7\u00e3o, a M\u00e3e tem que nos dar 10 pesos por cada sacrif\u00edcio&#8221;. <img decoding=\"async\" class=\"alignright wp-image-22662 size-medium\" src=\"https:\/\/schoenstatt.com\/wp-content\/uploads\/2021\/12\/WhatsApp-Image-2021-12-22-at-12.36.36-2-219x300.jpeg\" alt=\"Constru\u00e7\u00e3o do Santu\u00e1rio do Pai\" width=\"219\" height=\"300\" \/><\/p>\n<p>Pouco a pouco, eles foram capazes de levantar o dinheiro suficiente para assinar o documento de compra e venda. No dia decisivo, para pagar a \u00faltima presta\u00e7\u00e3o, o Pe. Kentenich estava com as Irm\u00e3s, mas para surpresa de todos, o propriet\u00e1rio do terreno aumentou o pre\u00e7o e a opera\u00e7\u00e3o n\u00e3o p\u00f4de ser conclu\u00edda. O Pe. Kentenich viveu tudo isso com as Irm\u00e3s. Finalmente, ele teve que ir ao Chile, e foi l\u00e1 que recebeu a feliz not\u00edcia de que as Irm\u00e3s haviam conseguido comprar o terreno. Hoje, o terreno se chama Novo Schoenstatt, e l\u00e1 se localiza o Santu\u00e1rio Nacional de Schoenstatt na Argentina.<\/p>\n<h3>Comunh\u00e3o de destinos entre o Fundador e a Obra<\/h3>\n<p>Aqueles tr\u00eas anos e oito meses de intensa busca do terreno para o Santu\u00e1rio coincidiram com as controv\u00e9rsias epistolares entre o Padre Kentenich e o Episcopado alem\u00e3o. Do Uruguai e da Argentina, o Fundador explicou em diferentes cartas o que n\u00e3o era compreendido pela Igreja alem\u00e3.<\/p>\n<p>Em 10 de maio de 1949, enquanto estava em Nueva Helvecia, Uruguai, o Pe. Kentenich recebeu uma carta do Arcebispo de Trier, Rudolf Bornewasser. Nela ele foi informado que a visita can\u00f4nica diocesana seria transformada em uma visita apost\u00f3lica do Santo Of\u00edcio. O Padre Kentenich manteve-se em sil\u00eancio e no mesmo dia decidiu escrever a carta de resposta de 31 de maio, e expressou que estava oferecendo todo o seu sofrimento para que o terreno do Santu\u00e1rio na Argentina pudesse ser encontrado.<\/p>\n<h3>Um terreno escolhido e confirmado pela Sant\u00edssima Virgem Maria<br \/>\n<img loading=\"lazy\" decoding=\"async\" class=\"aligncenter wp-image-22673 size-full\" src=\"https:\/\/schoenstatt.com\/wp-content\/uploads\/2021\/12\/WhatsApp-Image-2021-12-22-at-12.36.34-2.jpeg\" alt=\"Padre Kentenich\" width=\"674\" height=\"1008\" \/><\/h3>\n<p>De acordo com a cr\u00f4nica, em 21 de junho de 1951, a d\u00edvida para a compra do terreno foi paga. No mesmo dia, as Irm\u00e3s se mudaram para a nova terra. A partir desta terra aben\u00e7oada, uma grande corrente centrada no Pai continuaria a se espalhar pelo mundo.<\/p>\n<p>A propriedade tem uma forma triangular. Isto est\u00e1 associado com a pessoa de Deus Pai. As Irm\u00e3s tomaram-no como um sinal do c\u00e9u, uma delicada confirma\u00e7\u00e3o da M\u00e3e de Deus, de que esta era a terra do Santu\u00e1rio do Pai na Argentina.<\/p>\n<h3>Compromisso e sacrif\u00edcio nos fundamentos e muros<\/h3>\n<p>Menos de dois meses depois de tomar posse do local, as Irm\u00e3s j\u00e1 haviam lan\u00e7ado a pedra fundamental. Providencialmente, chegou um construtor que queria ficar e trabalhar com elas. Agora podiam vislumbrar a conclus\u00e3o do Santu\u00e1rio, tinham o construtor, tinham tudo&#8230; O que mais poderia acontecer? Alguns dias depois chegou a not\u00edcia da Alemanha de que, por decreto do Santo Of\u00edcio, o Pai e Fundador havia sido afastado de seu cargo de Diretor Geral do Instituto das Irm\u00e3s de Maria.<\/p>\n<p>Isto gerou l\u00e1grimas, cruzes e sacrif\u00edcios que permaneceram encerrados nas paredes do Santu\u00e1rio na forma de pequenas bolas de cera. Todas as noites as Irm\u00e3s entregavam ao Capital da Gra\u00e7as e afundavam-nas nos tijolos das paredes, que se erguiam vitoriosamente, prefigurando um futuro fecundo.<\/p>\n<h3>Jubileu do Santu\u00e1rio Nacional de Schoenstatt na Argentina<\/h3>\n<p><img loading=\"lazy\" decoding=\"async\" class=\"alignnone wp-image-22666 size-full\" src=\"https:\/\/schoenstatt.com\/wp-content\/uploads\/2021\/12\/WhatsApp-Image-2021-12-22-at-12.36.34-1.jpeg\" alt=\"Santu\u00e1rio do Pai Argentina\" width=\"1280\" height=\"788\" \/><\/p>\n<p>O Santu\u00e1rio do Pai foi aben\u00e7oado pelo Pe. Jos\u00e9 Kentenich, em 20 de janeiro de 1952. Hoje ele est\u00e1 a caminho de celebrar seu 70\u00ba anivers\u00e1rio. Novo Schoenstatt, na localidade de Flor\u00eancio Varela, Buenos Aires, onde se encontra este Santu\u00e1rio Nacional de Schoenstatt, ser\u00e1 o local das celebra\u00e7\u00f5es, que acontecer\u00e3o de 18 a 20 de janeiro de 2022. Mais informa\u00e7\u00f5es estar\u00e3o dispon\u00edveis em <a href=\"https:\/\/www.facebook.com\/nuevoschoenstatt.\" target=\"_blank\" rel=\"noopener\">https:\/\/www.facebook.com\/nuevoschoenstatt.<\/a><\/p>\n<p><strong>Parte I:<\/strong> <a href=\"https:\/\/schoenstatt.com\/pt-pt\/novo-schoenstatt-argentina-santuario-do-pai\/\">Novo Schoenstatt, Argentina: Santu\u00e1rio do Pai<\/a><\/p>\n","protected":false},"excerpt":{"rendered":"<p>O Pe. Kentenich esteve preso por tr\u00eas anos e oito meses. Levou o mesmo tempo para encontrar o peda\u00e7o de terra onde a M\u00e3e e Rainha se estabeleceria na Argentina.<br \/>\nA comunh\u00e3o de destinos consolidada em Dachau foi replicada em uma hist\u00f3ria de lealdade, entrega, cruz e vit\u00f3ria. No pr\u00f3ximo dia 20 de janeiro, a Argentina celebrar\u00e1 os 70 anos da b\u00ean\u00e7\u00e3o do Santu\u00e1rio do Pai, seu Santu\u00e1rio Nacional.<\/p>\n","protected":false},"author":1,"featured_media":21506,"comment_status":"closed","ping_status":"closed","sticky":false,"template":"","format":"standard","meta":{"footnotes":""},"categories":[625,880],"tags":[1012,1044,1198,1115],"class_list":["post-22674","post","type-post","status-publish","format-standard","has-post-thumbnail","hentry","category-america-pt-pt","category-pe-jose-kentenich-pt-pt","tag-florencio-varela-argentina-pt-pt","tag-jubileu-pt-pt","tag-santuario-de-schoenstatt-pt-pt","tag-schoenstatt-argentina-pt-pt"],"yoast_head":"<!-- This site is optimized with the Yoast SEO Premium plugin v27.4 (Yoast SEO v27.5) - https:\/\/yoast.com\/product\/yoast-seo-premium-wordpress\/ -->\n<title>Novo Schoenstatt, Argentina: Santu\u00e1rio do Pai, testemunho da cruz e da vit\u00f3ria de Maria - Parte II - Schoenstatt<\/title>\n<meta name=\"description\" content=\"O Santu\u00e1rio do Pai foi aben\u00e7oado pelo Pe. Jos\u00e9 Kentenich em 20 de janeiro de 1952.Hoje est\u00e1 a caminho de celebrar seu 70\u00ba anivers\u00e1rio.\" \/>\n<meta name=\"robots\" content=\"index, follow, max-snippet:-1, max-image-preview:large, max-video-preview:-1\" \/>\n<link rel=\"canonical\" href=\"https:\/\/schoenstatt.com\/pt-pt\/novo-schoenstatt-argentina-santuario-do-pai-testemunho-da-cruz-e-da-vitoria-de-maria-parte-ii\/\" \/>\n<meta property=\"og:locale\" content=\"pt_PT\" \/>\n<meta property=\"og:type\" content=\"article\" \/>\n<meta property=\"og:title\" content=\"Novo Schoenstatt, Argentina: Santu\u00e1rio do Pai, testemunho da cruz e da vit\u00f3ria de Maria - Parte II\" \/>\n<meta property=\"og:description\" content=\"O Santu\u00e1rio do Pai foi aben\u00e7oado pelo Pe. Jos\u00e9 Kentenich em 20 de janeiro de 1952.Hoje est\u00e1 a caminho de celebrar seu 70\u00ba anivers\u00e1rio.\" \/>\n<meta property=\"og:url\" content=\"https:\/\/schoenstatt.com\/pt-pt\/novo-schoenstatt-argentina-santuario-do-pai-testemunho-da-cruz-e-da-vitoria-de-maria-parte-ii\/\" \/>\n<meta property=\"og:site_name\" content=\"Schoenstatt\" \/>\n<meta property=\"article:published_time\" content=\"2021-12-30T10:00:35+00:00\" \/>\n<meta property=\"article:modified_time\" content=\"2025-08-19T19:11:47+00:00\" \/>\n<meta property=\"og:image\" content=\"https:\/\/schoenstatt.com\/wp-content\/uploads\/2021\/11\/Bendicon-FV-2-1.png\" \/>\n\t<meta property=\"og:image:width\" content=\"723\" \/>\n\t<meta property=\"og:image:height\" content=\"476\" \/>\n\t<meta property=\"og:image:type\" content=\"image\/png\" \/>\n<meta name=\"author\" content=\"admin\" \/>\n<meta name=\"twitter:card\" content=\"summary_large_image\" \/>\n<meta name=\"twitter:label1\" content=\"Escrito por\" \/>\n\t<meta name=\"twitter:data1\" content=\"admin\" \/>\n\t<meta name=\"twitter:label2\" content=\"Tempo estimado de leitura\" \/>\n\t<meta name=\"twitter:data2\" content=\"7 minutos\" \/>\n<script type=\"application\/ld+json\" class=\"yoast-schema-graph\">{\"@context\":\"https:\\\/\\\/schema.org\",\"@graph\":[{\"@type\":\"Article\",\"@id\":\"https:\\\/\\\/schoenstatt.com\\\/pt-pt\\\/novo-schoenstatt-argentina-santuario-do-pai-testemunho-da-cruz-e-da-vitoria-de-maria-parte-ii\\\/#article\",\"isPartOf\":{\"@id\":\"https:\\\/\\\/schoenstatt.com\\\/pt-pt\\\/novo-schoenstatt-argentina-santuario-do-pai-testemunho-da-cruz-e-da-vitoria-de-maria-parte-ii\\\/\"},\"author\":{\"name\":\"admin\",\"@id\":\"https:\\\/\\\/schoenstatt.com\\\/pt-pt\\\/#\\\/schema\\\/person\\\/489465b1850e7b216fe2c10dfc262551\"},\"headline\":\"Novo Schoenstatt, Argentina: Santu\u00e1rio do Pai, testemunho da cruz e da vit\u00f3ria de Maria &#8211; Parte II\",\"datePublished\":\"2021-12-30T10:00:35+00:00\",\"dateModified\":\"2025-08-19T19:11:47+00:00\",\"mainEntityOfPage\":{\"@id\":\"https:\\\/\\\/schoenstatt.com\\\/pt-pt\\\/novo-schoenstatt-argentina-santuario-do-pai-testemunho-da-cruz-e-da-vitoria-de-maria-parte-ii\\\/\"},\"wordCount\":1361,\"publisher\":{\"@id\":\"https:\\\/\\\/schoenstatt.com\\\/pt-pt\\\/#organization\"},\"image\":{\"@id\":\"https:\\\/\\\/schoenstatt.com\\\/pt-pt\\\/novo-schoenstatt-argentina-santuario-do-pai-testemunho-da-cruz-e-da-vitoria-de-maria-parte-ii\\\/#primaryimage\"},\"thumbnailUrl\":\"https:\\\/\\\/schoenstatt.com\\\/wp-content\\\/uploads\\\/2021\\\/11\\\/Bendicon-FV-2-1.png\",\"keywords\":[\"Florencio Varela - Argentina\",\"Jubileu\",\"Santu\u00e1rio de Schoenstatt\",\"Schoenstatt Argentina\"],\"articleSection\":[\"Am\u00e9rica\",\"Pe. Jos\u00e9 Kentenich\"],\"inLanguage\":\"pt-PT\"},{\"@type\":\"WebPage\",\"@id\":\"https:\\\/\\\/schoenstatt.com\\\/pt-pt\\\/novo-schoenstatt-argentina-santuario-do-pai-testemunho-da-cruz-e-da-vitoria-de-maria-parte-ii\\\/\",\"url\":\"https:\\\/\\\/schoenstatt.com\\\/pt-pt\\\/novo-schoenstatt-argentina-santuario-do-pai-testemunho-da-cruz-e-da-vitoria-de-maria-parte-ii\\\/\",\"name\":\"Novo Schoenstatt, Argentina: Santu\u00e1rio do Pai, testemunho da cruz e da vit\u00f3ria de Maria - Parte II - Schoenstatt\",\"isPartOf\":{\"@id\":\"https:\\\/\\\/schoenstatt.com\\\/pt-pt\\\/#website\"},\"primaryImageOfPage\":{\"@id\":\"https:\\\/\\\/schoenstatt.com\\\/pt-pt\\\/novo-schoenstatt-argentina-santuario-do-pai-testemunho-da-cruz-e-da-vitoria-de-maria-parte-ii\\\/#primaryimage\"},\"image\":{\"@id\":\"https:\\\/\\\/schoenstatt.com\\\/pt-pt\\\/novo-schoenstatt-argentina-santuario-do-pai-testemunho-da-cruz-e-da-vitoria-de-maria-parte-ii\\\/#primaryimage\"},\"thumbnailUrl\":\"https:\\\/\\\/schoenstatt.com\\\/wp-content\\\/uploads\\\/2021\\\/11\\\/Bendicon-FV-2-1.png\",\"datePublished\":\"2021-12-30T10:00:35+00:00\",\"dateModified\":\"2025-08-19T19:11:47+00:00\",\"description\":\"O Santu\u00e1rio do Pai foi aben\u00e7oado pelo Pe. Jos\u00e9 Kentenich em 20 de janeiro de 1952.Hoje est\u00e1 a caminho de celebrar seu 70\u00ba anivers\u00e1rio.\",\"breadcrumb\":{\"@id\":\"https:\\\/\\\/schoenstatt.com\\\/pt-pt\\\/novo-schoenstatt-argentina-santuario-do-pai-testemunho-da-cruz-e-da-vitoria-de-maria-parte-ii\\\/#breadcrumb\"},\"inLanguage\":\"pt-PT\",\"potentialAction\":[{\"@type\":\"ReadAction\",\"target\":[\"https:\\\/\\\/schoenstatt.com\\\/pt-pt\\\/novo-schoenstatt-argentina-santuario-do-pai-testemunho-da-cruz-e-da-vitoria-de-maria-parte-ii\\\/\"]}]},{\"@type\":\"ImageObject\",\"inLanguage\":\"pt-PT\",\"@id\":\"https:\\\/\\\/schoenstatt.com\\\/pt-pt\\\/novo-schoenstatt-argentina-santuario-do-pai-testemunho-da-cruz-e-da-vitoria-de-maria-parte-ii\\\/#primaryimage\",\"url\":\"https:\\\/\\\/schoenstatt.com\\\/wp-content\\\/uploads\\\/2021\\\/11\\\/Bendicon-FV-2-1.png\",\"contentUrl\":\"https:\\\/\\\/schoenstatt.com\\\/wp-content\\\/uploads\\\/2021\\\/11\\\/Bendicon-FV-2-1.png\",\"width\":723,\"height\":476,\"caption\":\"Father Shrine\"},{\"@type\":\"BreadcrumbList\",\"@id\":\"https:\\\/\\\/schoenstatt.com\\\/pt-pt\\\/novo-schoenstatt-argentina-santuario-do-pai-testemunho-da-cruz-e-da-vitoria-de-maria-parte-ii\\\/#breadcrumb\",\"itemListElement\":[{\"@type\":\"ListItem\",\"position\":1,\"name\":\"Portada\",\"item\":\"https:\\\/\\\/schoenstatt.com\\\/pt-pt\\\/home\\\/\"},{\"@type\":\"ListItem\",\"position\":2,\"name\":\"Novo Schoenstatt, Argentina: Santu\u00e1rio do Pai, testemunho da cruz e da vit\u00f3ria de Maria &#8211; Parte II\"}]},{\"@type\":\"WebSite\",\"@id\":\"https:\\\/\\\/schoenstatt.com\\\/pt-pt\\\/#website\",\"url\":\"https:\\\/\\\/schoenstatt.com\\\/pt-pt\\\/\",\"name\":\"Schoenstatt\",\"description\":\"Apostolic Movement\",\"publisher\":{\"@id\":\"https:\\\/\\\/schoenstatt.com\\\/pt-pt\\\/#organization\"},\"potentialAction\":[{\"@type\":\"SearchAction\",\"target\":{\"@type\":\"EntryPoint\",\"urlTemplate\":\"https:\\\/\\\/schoenstatt.com\\\/pt-pt\\\/?s={search_term_string}\"},\"query-input\":{\"@type\":\"PropertyValueSpecification\",\"valueRequired\":true,\"valueName\":\"search_term_string\"}}],\"inLanguage\":\"pt-PT\"},{\"@type\":\"Organization\",\"@id\":\"https:\\\/\\\/schoenstatt.com\\\/pt-pt\\\/#organization\",\"name\":\"Schoenstatt\",\"url\":\"https:\\\/\\\/schoenstatt.com\\\/pt-pt\\\/\",\"logo\":{\"@type\":\"ImageObject\",\"inLanguage\":\"pt-PT\",\"@id\":\"https:\\\/\\\/schoenstatt.com\\\/pt-pt\\\/#\\\/schema\\\/logo\\\/image\\\/\",\"url\":\"https:\\\/\\\/schoenstatt.com\\\/wp-content\\\/uploads\\\/2025\\\/04\\\/logo-schoenstatt-white-696x696-1.png\",\"contentUrl\":\"https:\\\/\\\/schoenstatt.com\\\/wp-content\\\/uploads\\\/2025\\\/04\\\/logo-schoenstatt-white-696x696-1.png\",\"width\":696,\"height\":694,\"caption\":\"Schoenstatt\"},\"image\":{\"@id\":\"https:\\\/\\\/schoenstatt.com\\\/pt-pt\\\/#\\\/schema\\\/logo\\\/image\\\/\"}},{\"@type\":\"Person\",\"@id\":\"https:\\\/\\\/schoenstatt.com\\\/pt-pt\\\/#\\\/schema\\\/person\\\/489465b1850e7b216fe2c10dfc262551\",\"name\":\"admin\",\"image\":{\"@type\":\"ImageObject\",\"inLanguage\":\"pt-PT\",\"@id\":\"https:\\\/\\\/secure.gravatar.com\\\/avatar\\\/02e8345e1ec40ab0e0a2a98fdde64a684bbaf994cddcb778b25b8b024ee9dfe6?s=96&d=mm&r=g\",\"url\":\"https:\\\/\\\/secure.gravatar.com\\\/avatar\\\/02e8345e1ec40ab0e0a2a98fdde64a684bbaf994cddcb778b25b8b024ee9dfe6?s=96&d=mm&r=g\",\"contentUrl\":\"https:\\\/\\\/secure.gravatar.com\\\/avatar\\\/02e8345e1ec40ab0e0a2a98fdde64a684bbaf994cddcb778b25b8b024ee9dfe6?s=96&d=mm&r=g\",\"caption\":\"admin\"},\"sameAs\":[\"https:\\\/\\\/schoenstatt.com\"],\"url\":\"https:\\\/\\\/schoenstatt.com\\\/pt-pt\\\/author\\\/admin\\\/\"}]}<\/script>\n<!-- \/ Yoast SEO Premium plugin. -->","yoast_head_json":{"title":"Novo Schoenstatt, Argentina: Santu\u00e1rio do Pai, testemunho da cruz e da vit\u00f3ria de Maria - Parte II - Schoenstatt","description":"O Santu\u00e1rio do Pai foi aben\u00e7oado pelo Pe. Jos\u00e9 Kentenich em 20 de janeiro de 1952.Hoje est\u00e1 a caminho de celebrar seu 70\u00ba anivers\u00e1rio.","robots":{"index":"index","follow":"follow","max-snippet":"max-snippet:-1","max-image-preview":"max-image-preview:large","max-video-preview":"max-video-preview:-1"},"canonical":"https:\/\/schoenstatt.com\/pt-pt\/novo-schoenstatt-argentina-santuario-do-pai-testemunho-da-cruz-e-da-vitoria-de-maria-parte-ii\/","og_locale":"pt_PT","og_type":"article","og_title":"Novo Schoenstatt, Argentina: Santu\u00e1rio do Pai, testemunho da cruz e da vit\u00f3ria de Maria - Parte II","og_description":"O Santu\u00e1rio do Pai foi aben\u00e7oado pelo Pe. Jos\u00e9 Kentenich em 20 de janeiro de 1952.Hoje est\u00e1 a caminho de celebrar seu 70\u00ba anivers\u00e1rio.","og_url":"https:\/\/schoenstatt.com\/pt-pt\/novo-schoenstatt-argentina-santuario-do-pai-testemunho-da-cruz-e-da-vitoria-de-maria-parte-ii\/","og_site_name":"Schoenstatt","article_published_time":"2021-12-30T10:00:35+00:00","article_modified_time":"2025-08-19T19:11:47+00:00","og_image":[{"width":723,"height":476,"url":"https:\/\/schoenstatt.com\/wp-content\/uploads\/2021\/11\/Bendicon-FV-2-1.png","type":"image\/png"}],"author":"admin","twitter_card":"summary_large_image","twitter_misc":{"Escrito por":"admin","Tempo estimado de leitura":"7 minutos"},"schema":{"@context":"https:\/\/schema.org","@graph":[{"@type":"Article","@id":"https:\/\/schoenstatt.com\/pt-pt\/novo-schoenstatt-argentina-santuario-do-pai-testemunho-da-cruz-e-da-vitoria-de-maria-parte-ii\/#article","isPartOf":{"@id":"https:\/\/schoenstatt.com\/pt-pt\/novo-schoenstatt-argentina-santuario-do-pai-testemunho-da-cruz-e-da-vitoria-de-maria-parte-ii\/"},"author":{"name":"admin","@id":"https:\/\/schoenstatt.com\/pt-pt\/#\/schema\/person\/489465b1850e7b216fe2c10dfc262551"},"headline":"Novo Schoenstatt, Argentina: Santu\u00e1rio do Pai, testemunho da cruz e da vit\u00f3ria de Maria &#8211; Parte II","datePublished":"2021-12-30T10:00:35+00:00","dateModified":"2025-08-19T19:11:47+00:00","mainEntityOfPage":{"@id":"https:\/\/schoenstatt.com\/pt-pt\/novo-schoenstatt-argentina-santuario-do-pai-testemunho-da-cruz-e-da-vitoria-de-maria-parte-ii\/"},"wordCount":1361,"publisher":{"@id":"https:\/\/schoenstatt.com\/pt-pt\/#organization"},"image":{"@id":"https:\/\/schoenstatt.com\/pt-pt\/novo-schoenstatt-argentina-santuario-do-pai-testemunho-da-cruz-e-da-vitoria-de-maria-parte-ii\/#primaryimage"},"thumbnailUrl":"https:\/\/schoenstatt.com\/wp-content\/uploads\/2021\/11\/Bendicon-FV-2-1.png","keywords":["Florencio Varela - Argentina","Jubileu","Santu\u00e1rio de Schoenstatt","Schoenstatt Argentina"],"articleSection":["Am\u00e9rica","Pe. Jos\u00e9 Kentenich"],"inLanguage":"pt-PT"},{"@type":"WebPage","@id":"https:\/\/schoenstatt.com\/pt-pt\/novo-schoenstatt-argentina-santuario-do-pai-testemunho-da-cruz-e-da-vitoria-de-maria-parte-ii\/","url":"https:\/\/schoenstatt.com\/pt-pt\/novo-schoenstatt-argentina-santuario-do-pai-testemunho-da-cruz-e-da-vitoria-de-maria-parte-ii\/","name":"Novo Schoenstatt, Argentina: Santu\u00e1rio do Pai, testemunho da cruz e da vit\u00f3ria de Maria - Parte II - Schoenstatt","isPartOf":{"@id":"https:\/\/schoenstatt.com\/pt-pt\/#website"},"primaryImageOfPage":{"@id":"https:\/\/schoenstatt.com\/pt-pt\/novo-schoenstatt-argentina-santuario-do-pai-testemunho-da-cruz-e-da-vitoria-de-maria-parte-ii\/#primaryimage"},"image":{"@id":"https:\/\/schoenstatt.com\/pt-pt\/novo-schoenstatt-argentina-santuario-do-pai-testemunho-da-cruz-e-da-vitoria-de-maria-parte-ii\/#primaryimage"},"thumbnailUrl":"https:\/\/schoenstatt.com\/wp-content\/uploads\/2021\/11\/Bendicon-FV-2-1.png","datePublished":"2021-12-30T10:00:35+00:00","dateModified":"2025-08-19T19:11:47+00:00","description":"O Santu\u00e1rio do Pai foi aben\u00e7oado pelo Pe. Jos\u00e9 Kentenich em 20 de janeiro de 1952.Hoje est\u00e1 a caminho de celebrar seu 70\u00ba anivers\u00e1rio.","breadcrumb":{"@id":"https:\/\/schoenstatt.com\/pt-pt\/novo-schoenstatt-argentina-santuario-do-pai-testemunho-da-cruz-e-da-vitoria-de-maria-parte-ii\/#breadcrumb"},"inLanguage":"pt-PT","potentialAction":[{"@type":"ReadAction","target":["https:\/\/schoenstatt.com\/pt-pt\/novo-schoenstatt-argentina-santuario-do-pai-testemunho-da-cruz-e-da-vitoria-de-maria-parte-ii\/"]}]},{"@type":"ImageObject","inLanguage":"pt-PT","@id":"https:\/\/schoenstatt.com\/pt-pt\/novo-schoenstatt-argentina-santuario-do-pai-testemunho-da-cruz-e-da-vitoria-de-maria-parte-ii\/#primaryimage","url":"https:\/\/schoenstatt.com\/wp-content\/uploads\/2021\/11\/Bendicon-FV-2-1.png","contentUrl":"https:\/\/schoenstatt.com\/wp-content\/uploads\/2021\/11\/Bendicon-FV-2-1.png","width":723,"height":476,"caption":"Father Shrine"},{"@type":"BreadcrumbList","@id":"https:\/\/schoenstatt.com\/pt-pt\/novo-schoenstatt-argentina-santuario-do-pai-testemunho-da-cruz-e-da-vitoria-de-maria-parte-ii\/#breadcrumb","itemListElement":[{"@type":"ListItem","position":1,"name":"Portada","item":"https:\/\/schoenstatt.com\/pt-pt\/home\/"},{"@type":"ListItem","position":2,"name":"Novo Schoenstatt, Argentina: Santu\u00e1rio do Pai, testemunho da cruz e da vit\u00f3ria de Maria &#8211; Parte II"}]},{"@type":"WebSite","@id":"https:\/\/schoenstatt.com\/pt-pt\/#website","url":"https:\/\/schoenstatt.com\/pt-pt\/","name":"Schoenstatt","description":"Apostolic Movement","publisher":{"@id":"https:\/\/schoenstatt.com\/pt-pt\/#organization"},"potentialAction":[{"@type":"SearchAction","target":{"@type":"EntryPoint","urlTemplate":"https:\/\/schoenstatt.com\/pt-pt\/?s={search_term_string}"},"query-input":{"@type":"PropertyValueSpecification","valueRequired":true,"valueName":"search_term_string"}}],"inLanguage":"pt-PT"},{"@type":"Organization","@id":"https:\/\/schoenstatt.com\/pt-pt\/#organization","name":"Schoenstatt","url":"https:\/\/schoenstatt.com\/pt-pt\/","logo":{"@type":"ImageObject","inLanguage":"pt-PT","@id":"https:\/\/schoenstatt.com\/pt-pt\/#\/schema\/logo\/image\/","url":"https:\/\/schoenstatt.com\/wp-content\/uploads\/2025\/04\/logo-schoenstatt-white-696x696-1.png","contentUrl":"https:\/\/schoenstatt.com\/wp-content\/uploads\/2025\/04\/logo-schoenstatt-white-696x696-1.png","width":696,"height":694,"caption":"Schoenstatt"},"image":{"@id":"https:\/\/schoenstatt.com\/pt-pt\/#\/schema\/logo\/image\/"}},{"@type":"Person","@id":"https:\/\/schoenstatt.com\/pt-pt\/#\/schema\/person\/489465b1850e7b216fe2c10dfc262551","name":"admin","image":{"@type":"ImageObject","inLanguage":"pt-PT","@id":"https:\/\/secure.gravatar.com\/avatar\/02e8345e1ec40ab0e0a2a98fdde64a684bbaf994cddcb778b25b8b024ee9dfe6?s=96&d=mm&r=g","url":"https:\/\/secure.gravatar.com\/avatar\/02e8345e1ec40ab0e0a2a98fdde64a684bbaf994cddcb778b25b8b024ee9dfe6?s=96&d=mm&r=g","contentUrl":"https:\/\/secure.gravatar.com\/avatar\/02e8345e1ec40ab0e0a2a98fdde64a684bbaf994cddcb778b25b8b024ee9dfe6?s=96&d=mm&r=g","caption":"admin"},"sameAs":["https:\/\/schoenstatt.com"],"url":"https:\/\/schoenstatt.com\/pt-pt\/author\/admin\/"}]}},"_links":{"self":[{"href":"https:\/\/schoenstatt.com\/pt-pt\/wp-json\/wp\/v2\/posts\/22674","targetHints":{"allow":["GET"]}}],"collection":[{"href":"https:\/\/schoenstatt.com\/pt-pt\/wp-json\/wp\/v2\/posts"}],"about":[{"href":"https:\/\/schoenstatt.com\/pt-pt\/wp-json\/wp\/v2\/types\/post"}],"author":[{"embeddable":true,"href":"https:\/\/schoenstatt.com\/pt-pt\/wp-json\/wp\/v2\/users\/1"}],"replies":[{"embeddable":true,"href":"https:\/\/schoenstatt.com\/pt-pt\/wp-json\/wp\/v2\/comments?post=22674"}],"version-history":[{"count":8,"href":"https:\/\/schoenstatt.com\/pt-pt\/wp-json\/wp\/v2\/posts\/22674\/revisions"}],"predecessor-version":[{"id":62734,"href":"https:\/\/schoenstatt.com\/pt-pt\/wp-json\/wp\/v2\/posts\/22674\/revisions\/62734"}],"wp:featuredmedia":[{"embeddable":true,"href":"https:\/\/schoenstatt.com\/pt-pt\/wp-json\/wp\/v2\/media\/21506"}],"wp:attachment":[{"href":"https:\/\/schoenstatt.com\/pt-pt\/wp-json\/wp\/v2\/media?parent=22674"}],"wp:term":[{"taxonomy":"category","embeddable":true,"href":"https:\/\/schoenstatt.com\/pt-pt\/wp-json\/wp\/v2\/categories?post=22674"},{"taxonomy":"post_tag","embeddable":true,"href":"https:\/\/schoenstatt.com\/pt-pt\/wp-json\/wp\/v2\/tags?post=22674"}],"curies":[{"name":"wp","href":"https:\/\/api.w.org\/{rel}","templated":true}]}}