{"id":22632,"date":"2021-12-28T17:03:44","date_gmt":"2021-12-28T16:03:44","guid":{"rendered":"https:\/\/schoenstatt.com\/?p=22632"},"modified":"2025-08-22T18:01:43","modified_gmt":"2025-08-22T16:01:43","slug":"o-pequeno-lucas-e-sua-grande-acao","status":"publish","type":"post","link":"https:\/\/schoenstatt.com\/pt-pt\/o-pequeno-lucas-e-sua-grande-acao\/","title":{"rendered":"O pequeno Lucas e sua grande a\u00e7\u00e3o"},"content":{"rendered":"<p>Se depois do nascimento de Jesus houve muitas crian\u00e7as que sofreram o mart\u00edrio por causa de sua miss\u00e3o, hoje h\u00e1 muito mais crian\u00e7as que s\u00e3o tocadas pelo amor de Cristo e se comprometem com o bem-estar dos outros em todos os lugares.<\/p>\n<p>Uma dessas crian\u00e7as \u00e9<em> Lucas Romanha Sturmer<\/em>, 11 anos, residente em Santa Maria\/RS, filho do casal Giovane e Fabiana Sturmer, da Liga de Fam\u00edlias de Schoenstatt, que, nas v\u00e9speras do Natal, movimentou sua cidade e conseguiu 700 Kg de alimentos para ajudar as fam\u00edlias necessitadas.<\/p>\n<p>Tudo come\u00e7ou quando, na aula de religi\u00e3o, em sua escola, com todos os alunos de sua turma, ele recebeu a tarefa de elaborar um projeto de ajuda para pessoas necessitadas. Mas, n\u00e3o era necess\u00e1rio que o projeto fosse concretizado. Onde algumas crian\u00e7as pararam, o menino foi al\u00e9m. Conversou com os pais sobre um modo que ajudasse para que, de fato, as pessoas recebessem ajuda, por meio de seu projeto. As fam\u00edlias nas quais Lucas pensava tinham rosto e hist\u00f3rias reais. Eram as que s\u00e3o assistidas pelo Centro de Refer\u00eancia Familiar Recanto do Sol (CEFASOL), criado e dirigido pelas Irm\u00e3s de Maria de Schoenstatt.\u00a0Como diz nosso Pai e Fundador, Pe. Kentenich, quando as ideias ganham rostos, ent\u00e3o o cora\u00e7\u00e3o se dilata e a ideias se tornam a\u00e7\u00f5es concretas.<\/p>\n<p>Ent\u00e3o, veio a ideia de gravar um v\u00eddeo pedindo doa\u00e7\u00f5es de alimentos para serem entregues \u00e0s fam\u00edlias do \u2018Recanto\u2019, como \u00e9 chamado o local de atendimento do Cefasol. \u201cAlegre a vida de uma crian\u00e7a neste Natal\u201d, diz Lucas em seu videoclipe. Se essa ideia deu certo? Fabiana, a m\u00e3e do Lucas, conta o resultado: \u201cA meta era alcan\u00e7ar 5 cestas b\u00e1sicas. Mas, o sucesso foi tamanho que com as doa\u00e7\u00f5es foi poss\u00edvel comprar quase 700 Kg de alimentos e montar 35 cestas\u201d. Ent\u00e3o, \u00e9 hora de gravar mais um clip e agradecer aos benfeitores. Diante de uma mesa repleta de alimentos, ele diz: \u201cOi pessoal\u2026 obrigado. Tenho a sensa\u00e7\u00e3o de que muitas fam\u00edlias v\u00e3o ficar felizes em receb\u00ea-los\u201d, diz o menino.<\/p>\n<p>Qu\u00e3o grande foi a surpresa de Ir. M. Mathilde Mang, que administra o CEFASOL, ao receber o pedido desse menino, que n\u00e3o era para receber algo e sim para presentear muito. Lucas, inclusive, quis participar na entrega. Ele ajudou Ir. M. Mathilde a entregar cada uma das cestas e ainda pediu uma foto, com cada uma das fam\u00edlias. \u201cFoi uma alegria, para ele, ver todas as fam\u00edlias recebendo aqueles alimentos. Ele n\u00e3o imaginava como era gratificante ajudar os mais necessitados\u201d, completa sua m\u00e3e.<\/p>\n<p>Desse modo, Lucas \u00e9 uma das tantas crian\u00e7as que d\u00e3o o melhor de si para que Cristo viva, que sua mensagem transforme a sociedade de hoje, o Brasil todo, em Tabor.<\/p>\n<p><iframe title=\"Projeto de Natal do Lucas\" width=\"800\" height=\"600\" src=\"https:\/\/www.youtube.com\/embed\/nuyo2-OWZWk?feature=oembed\" frameborder=\"0\" allow=\"accelerometer; autoplay; clipboard-write; encrypted-media; gyroscope; picture-in-picture; web-share\" referrerpolicy=\"strict-origin-when-cross-origin\" allowfullscreen><\/iframe><\/p>\n","protected":false},"excerpt":{"rendered":"<p>Se em seguida ao nascimento de Jesus houve muitas crian\u00e7as que sofreram o mart\u00edrio por causa de sua miss\u00e3o, atualmente h\u00e1 outras tantas crian\u00e7as que se deixam tocar pelo amor de Cristo e se empenham para que haja vida em toda parte.<\/p>\n","protected":false},"author":1,"featured_media":22634,"comment_status":"closed","ping_status":"closed","sticky":false,"template":"","format":"standard","meta":{"footnotes":""},"categories":[625,897,912],"tags":[1214,1135,718],"class_list":["post-22632","post","type-post","status-publish","format-standard","has-post-thumbnail","hentry","category-america-pt-pt","category-em-missao-pt-pt","category-sociedade-pt-pt","tag-projeto-social-pt-pt","tag-schoenstatt-brasil-pt-pt","tag-social-pt-pt"],"yoast_head":"<!-- This site is optimized with the Yoast SEO Premium plugin v27.4 (Yoast SEO v27.5) - https:\/\/yoast.com\/product\/yoast-seo-premium-wordpress\/ -->\n<title>O pequeno Lucas e sua grande a\u00e7\u00e3o - Schoenstatt<\/title>\n<meta name=\"description\" content=\"O pequeno Lucas se deixou tocar pelo amor de Cristo e se comprometeu a levar vida e alegria a todos os lugares.\" \/>\n<meta name=\"robots\" content=\"index, follow, max-snippet:-1, max-image-preview:large, max-video-preview:-1\" \/>\n<link rel=\"canonical\" href=\"https:\/\/schoenstatt.com\/pt-pt\/o-pequeno-lucas-e-sua-grande-acao\/\" \/>\n<meta property=\"og:locale\" content=\"pt_PT\" \/>\n<meta property=\"og:type\" content=\"article\" \/>\n<meta property=\"og:title\" content=\"O pequeno Lucas e sua grande a\u00e7\u00e3o\" \/>\n<meta property=\"og:description\" content=\"O pequeno Lucas se deixou tocar pelo amor de Cristo e se comprometeu a levar vida e alegria a todos os lugares.\" \/>\n<meta property=\"og:url\" content=\"https:\/\/schoenstatt.com\/pt-pt\/o-pequeno-lucas-e-sua-grande-acao\/\" \/>\n<meta property=\"og:site_name\" content=\"Schoenstatt\" \/>\n<meta property=\"article:published_time\" content=\"2021-12-28T16:03:44+00:00\" \/>\n<meta property=\"article:modified_time\" content=\"2025-08-22T16:01:43+00:00\" \/>\n<meta property=\"og:image\" content=\"https:\/\/schoenstatt.com\/wp-content\/uploads\/2021\/12\/Lucas-1.png\" \/>\n\t<meta property=\"og:image:width\" content=\"669\" \/>\n\t<meta property=\"og:image:height\" content=\"352\" \/>\n\t<meta property=\"og:image:type\" content=\"image\/png\" \/>\n<meta name=\"author\" content=\"admin\" \/>\n<meta name=\"twitter:card\" content=\"summary_large_image\" \/>\n<meta name=\"twitter:label1\" content=\"Escrito por\" \/>\n\t<meta name=\"twitter:data1\" content=\"admin\" \/>\n\t<meta name=\"twitter:label2\" content=\"Tempo estimado de leitura\" \/>\n\t<meta name=\"twitter:data2\" content=\"3 minutos\" \/>\n<script type=\"application\/ld+json\" class=\"yoast-schema-graph\">{\"@context\":\"https:\\\/\\\/schema.org\",\"@graph\":[{\"@type\":\"Article\",\"@id\":\"https:\\\/\\\/schoenstatt.com\\\/pt-pt\\\/o-pequeno-lucas-e-sua-grande-acao\\\/#article\",\"isPartOf\":{\"@id\":\"https:\\\/\\\/schoenstatt.com\\\/pt-pt\\\/o-pequeno-lucas-e-sua-grande-acao\\\/\"},\"author\":{\"name\":\"admin\",\"@id\":\"https:\\\/\\\/schoenstatt.com\\\/pt-pt\\\/#\\\/schema\\\/person\\\/489465b1850e7b216fe2c10dfc262551\"},\"headline\":\"O pequeno Lucas e sua grande a\u00e7\u00e3o\",\"datePublished\":\"2021-12-28T16:03:44+00:00\",\"dateModified\":\"2025-08-22T16:01:43+00:00\",\"mainEntityOfPage\":{\"@id\":\"https:\\\/\\\/schoenstatt.com\\\/pt-pt\\\/o-pequeno-lucas-e-sua-grande-acao\\\/\"},\"wordCount\":501,\"publisher\":{\"@id\":\"https:\\\/\\\/schoenstatt.com\\\/pt-pt\\\/#organization\"},\"image\":{\"@id\":\"https:\\\/\\\/schoenstatt.com\\\/pt-pt\\\/o-pequeno-lucas-e-sua-grande-acao\\\/#primaryimage\"},\"thumbnailUrl\":\"https:\\\/\\\/schoenstatt.com\\\/wp-content\\\/uploads\\\/2021\\\/12\\\/Lucas-1.png\",\"keywords\":[\"Projeto Social\",\"Schoenstatt Brasil\",\"Social\"],\"articleSection\":[\"Am\u00e9rica\",\"Em miss\u00e3o\",\"Sociedade\"],\"inLanguage\":\"pt-PT\"},{\"@type\":\"WebPage\",\"@id\":\"https:\\\/\\\/schoenstatt.com\\\/pt-pt\\\/o-pequeno-lucas-e-sua-grande-acao\\\/\",\"url\":\"https:\\\/\\\/schoenstatt.com\\\/pt-pt\\\/o-pequeno-lucas-e-sua-grande-acao\\\/\",\"name\":\"O pequeno Lucas e sua grande a\u00e7\u00e3o - Schoenstatt\",\"isPartOf\":{\"@id\":\"https:\\\/\\\/schoenstatt.com\\\/pt-pt\\\/#website\"},\"primaryImageOfPage\":{\"@id\":\"https:\\\/\\\/schoenstatt.com\\\/pt-pt\\\/o-pequeno-lucas-e-sua-grande-acao\\\/#primaryimage\"},\"image\":{\"@id\":\"https:\\\/\\\/schoenstatt.com\\\/pt-pt\\\/o-pequeno-lucas-e-sua-grande-acao\\\/#primaryimage\"},\"thumbnailUrl\":\"https:\\\/\\\/schoenstatt.com\\\/wp-content\\\/uploads\\\/2021\\\/12\\\/Lucas-1.png\",\"datePublished\":\"2021-12-28T16:03:44+00:00\",\"dateModified\":\"2025-08-22T16:01:43+00:00\",\"description\":\"O pequeno Lucas se deixou tocar pelo amor de Cristo e se comprometeu a levar vida e alegria a todos os lugares.\",\"breadcrumb\":{\"@id\":\"https:\\\/\\\/schoenstatt.com\\\/pt-pt\\\/o-pequeno-lucas-e-sua-grande-acao\\\/#breadcrumb\"},\"inLanguage\":\"pt-PT\",\"potentialAction\":[{\"@type\":\"ReadAction\",\"target\":[\"https:\\\/\\\/schoenstatt.com\\\/pt-pt\\\/o-pequeno-lucas-e-sua-grande-acao\\\/\"]}]},{\"@type\":\"ImageObject\",\"inLanguage\":\"pt-PT\",\"@id\":\"https:\\\/\\\/schoenstatt.com\\\/pt-pt\\\/o-pequeno-lucas-e-sua-grande-acao\\\/#primaryimage\",\"url\":\"https:\\\/\\\/schoenstatt.com\\\/wp-content\\\/uploads\\\/2021\\\/12\\\/Lucas-1.png\",\"contentUrl\":\"https:\\\/\\\/schoenstatt.com\\\/wp-content\\\/uploads\\\/2021\\\/12\\\/Lucas-1.png\",\"width\":669,\"height\":352,\"caption\":\"Young Lucas\"},{\"@type\":\"BreadcrumbList\",\"@id\":\"https:\\\/\\\/schoenstatt.com\\\/pt-pt\\\/o-pequeno-lucas-e-sua-grande-acao\\\/#breadcrumb\",\"itemListElement\":[{\"@type\":\"ListItem\",\"position\":1,\"name\":\"Portada\",\"item\":\"https:\\\/\\\/schoenstatt.com\\\/pt-pt\\\/home\\\/\"},{\"@type\":\"ListItem\",\"position\":2,\"name\":\"O pequeno Lucas e sua grande a\u00e7\u00e3o\"}]},{\"@type\":\"WebSite\",\"@id\":\"https:\\\/\\\/schoenstatt.com\\\/pt-pt\\\/#website\",\"url\":\"https:\\\/\\\/schoenstatt.com\\\/pt-pt\\\/\",\"name\":\"Schoenstatt\",\"description\":\"Apostolic Movement\",\"publisher\":{\"@id\":\"https:\\\/\\\/schoenstatt.com\\\/pt-pt\\\/#organization\"},\"potentialAction\":[{\"@type\":\"SearchAction\",\"target\":{\"@type\":\"EntryPoint\",\"urlTemplate\":\"https:\\\/\\\/schoenstatt.com\\\/pt-pt\\\/?s={search_term_string}\"},\"query-input\":{\"@type\":\"PropertyValueSpecification\",\"valueRequired\":true,\"valueName\":\"search_term_string\"}}],\"inLanguage\":\"pt-PT\"},{\"@type\":\"Organization\",\"@id\":\"https:\\\/\\\/schoenstatt.com\\\/pt-pt\\\/#organization\",\"name\":\"Schoenstatt\",\"url\":\"https:\\\/\\\/schoenstatt.com\\\/pt-pt\\\/\",\"logo\":{\"@type\":\"ImageObject\",\"inLanguage\":\"pt-PT\",\"@id\":\"https:\\\/\\\/schoenstatt.com\\\/pt-pt\\\/#\\\/schema\\\/logo\\\/image\\\/\",\"url\":\"https:\\\/\\\/schoenstatt.com\\\/wp-content\\\/uploads\\\/2025\\\/04\\\/logo-schoenstatt-white-696x696-1.png\",\"contentUrl\":\"https:\\\/\\\/schoenstatt.com\\\/wp-content\\\/uploads\\\/2025\\\/04\\\/logo-schoenstatt-white-696x696-1.png\",\"width\":696,\"height\":694,\"caption\":\"Schoenstatt\"},\"image\":{\"@id\":\"https:\\\/\\\/schoenstatt.com\\\/pt-pt\\\/#\\\/schema\\\/logo\\\/image\\\/\"}},{\"@type\":\"Person\",\"@id\":\"https:\\\/\\\/schoenstatt.com\\\/pt-pt\\\/#\\\/schema\\\/person\\\/489465b1850e7b216fe2c10dfc262551\",\"name\":\"admin\",\"image\":{\"@type\":\"ImageObject\",\"inLanguage\":\"pt-PT\",\"@id\":\"https:\\\/\\\/secure.gravatar.com\\\/avatar\\\/02e8345e1ec40ab0e0a2a98fdde64a684bbaf994cddcb778b25b8b024ee9dfe6?s=96&d=mm&r=g\",\"url\":\"https:\\\/\\\/secure.gravatar.com\\\/avatar\\\/02e8345e1ec40ab0e0a2a98fdde64a684bbaf994cddcb778b25b8b024ee9dfe6?s=96&d=mm&r=g\",\"contentUrl\":\"https:\\\/\\\/secure.gravatar.com\\\/avatar\\\/02e8345e1ec40ab0e0a2a98fdde64a684bbaf994cddcb778b25b8b024ee9dfe6?s=96&d=mm&r=g\",\"caption\":\"admin\"},\"sameAs\":[\"https:\\\/\\\/schoenstatt.com\"],\"url\":\"https:\\\/\\\/schoenstatt.com\\\/pt-pt\\\/author\\\/admin\\\/\"}]}<\/script>\n<!-- \/ Yoast SEO Premium plugin. -->","yoast_head_json":{"title":"O pequeno Lucas e sua grande a\u00e7\u00e3o - Schoenstatt","description":"O pequeno Lucas se deixou tocar pelo amor de Cristo e se comprometeu a levar vida e alegria a todos os lugares.","robots":{"index":"index","follow":"follow","max-snippet":"max-snippet:-1","max-image-preview":"max-image-preview:large","max-video-preview":"max-video-preview:-1"},"canonical":"https:\/\/schoenstatt.com\/pt-pt\/o-pequeno-lucas-e-sua-grande-acao\/","og_locale":"pt_PT","og_type":"article","og_title":"O pequeno Lucas e sua grande a\u00e7\u00e3o","og_description":"O pequeno Lucas se deixou tocar pelo amor de Cristo e se comprometeu a levar vida e alegria a todos os lugares.","og_url":"https:\/\/schoenstatt.com\/pt-pt\/o-pequeno-lucas-e-sua-grande-acao\/","og_site_name":"Schoenstatt","article_published_time":"2021-12-28T16:03:44+00:00","article_modified_time":"2025-08-22T16:01:43+00:00","og_image":[{"width":669,"height":352,"url":"https:\/\/schoenstatt.com\/wp-content\/uploads\/2021\/12\/Lucas-1.png","type":"image\/png"}],"author":"admin","twitter_card":"summary_large_image","twitter_misc":{"Escrito por":"admin","Tempo estimado de leitura":"3 minutos"},"schema":{"@context":"https:\/\/schema.org","@graph":[{"@type":"Article","@id":"https:\/\/schoenstatt.com\/pt-pt\/o-pequeno-lucas-e-sua-grande-acao\/#article","isPartOf":{"@id":"https:\/\/schoenstatt.com\/pt-pt\/o-pequeno-lucas-e-sua-grande-acao\/"},"author":{"name":"admin","@id":"https:\/\/schoenstatt.com\/pt-pt\/#\/schema\/person\/489465b1850e7b216fe2c10dfc262551"},"headline":"O pequeno Lucas e sua grande a\u00e7\u00e3o","datePublished":"2021-12-28T16:03:44+00:00","dateModified":"2025-08-22T16:01:43+00:00","mainEntityOfPage":{"@id":"https:\/\/schoenstatt.com\/pt-pt\/o-pequeno-lucas-e-sua-grande-acao\/"},"wordCount":501,"publisher":{"@id":"https:\/\/schoenstatt.com\/pt-pt\/#organization"},"image":{"@id":"https:\/\/schoenstatt.com\/pt-pt\/o-pequeno-lucas-e-sua-grande-acao\/#primaryimage"},"thumbnailUrl":"https:\/\/schoenstatt.com\/wp-content\/uploads\/2021\/12\/Lucas-1.png","keywords":["Projeto Social","Schoenstatt Brasil","Social"],"articleSection":["Am\u00e9rica","Em miss\u00e3o","Sociedade"],"inLanguage":"pt-PT"},{"@type":"WebPage","@id":"https:\/\/schoenstatt.com\/pt-pt\/o-pequeno-lucas-e-sua-grande-acao\/","url":"https:\/\/schoenstatt.com\/pt-pt\/o-pequeno-lucas-e-sua-grande-acao\/","name":"O pequeno Lucas e sua grande a\u00e7\u00e3o - Schoenstatt","isPartOf":{"@id":"https:\/\/schoenstatt.com\/pt-pt\/#website"},"primaryImageOfPage":{"@id":"https:\/\/schoenstatt.com\/pt-pt\/o-pequeno-lucas-e-sua-grande-acao\/#primaryimage"},"image":{"@id":"https:\/\/schoenstatt.com\/pt-pt\/o-pequeno-lucas-e-sua-grande-acao\/#primaryimage"},"thumbnailUrl":"https:\/\/schoenstatt.com\/wp-content\/uploads\/2021\/12\/Lucas-1.png","datePublished":"2021-12-28T16:03:44+00:00","dateModified":"2025-08-22T16:01:43+00:00","description":"O pequeno Lucas se deixou tocar pelo amor de Cristo e se comprometeu a levar vida e alegria a todos os lugares.","breadcrumb":{"@id":"https:\/\/schoenstatt.com\/pt-pt\/o-pequeno-lucas-e-sua-grande-acao\/#breadcrumb"},"inLanguage":"pt-PT","potentialAction":[{"@type":"ReadAction","target":["https:\/\/schoenstatt.com\/pt-pt\/o-pequeno-lucas-e-sua-grande-acao\/"]}]},{"@type":"ImageObject","inLanguage":"pt-PT","@id":"https:\/\/schoenstatt.com\/pt-pt\/o-pequeno-lucas-e-sua-grande-acao\/#primaryimage","url":"https:\/\/schoenstatt.com\/wp-content\/uploads\/2021\/12\/Lucas-1.png","contentUrl":"https:\/\/schoenstatt.com\/wp-content\/uploads\/2021\/12\/Lucas-1.png","width":669,"height":352,"caption":"Young Lucas"},{"@type":"BreadcrumbList","@id":"https:\/\/schoenstatt.com\/pt-pt\/o-pequeno-lucas-e-sua-grande-acao\/#breadcrumb","itemListElement":[{"@type":"ListItem","position":1,"name":"Portada","item":"https:\/\/schoenstatt.com\/pt-pt\/home\/"},{"@type":"ListItem","position":2,"name":"O pequeno Lucas e sua grande a\u00e7\u00e3o"}]},{"@type":"WebSite","@id":"https:\/\/schoenstatt.com\/pt-pt\/#website","url":"https:\/\/schoenstatt.com\/pt-pt\/","name":"Schoenstatt","description":"Apostolic Movement","publisher":{"@id":"https:\/\/schoenstatt.com\/pt-pt\/#organization"},"potentialAction":[{"@type":"SearchAction","target":{"@type":"EntryPoint","urlTemplate":"https:\/\/schoenstatt.com\/pt-pt\/?s={search_term_string}"},"query-input":{"@type":"PropertyValueSpecification","valueRequired":true,"valueName":"search_term_string"}}],"inLanguage":"pt-PT"},{"@type":"Organization","@id":"https:\/\/schoenstatt.com\/pt-pt\/#organization","name":"Schoenstatt","url":"https:\/\/schoenstatt.com\/pt-pt\/","logo":{"@type":"ImageObject","inLanguage":"pt-PT","@id":"https:\/\/schoenstatt.com\/pt-pt\/#\/schema\/logo\/image\/","url":"https:\/\/schoenstatt.com\/wp-content\/uploads\/2025\/04\/logo-schoenstatt-white-696x696-1.png","contentUrl":"https:\/\/schoenstatt.com\/wp-content\/uploads\/2025\/04\/logo-schoenstatt-white-696x696-1.png","width":696,"height":694,"caption":"Schoenstatt"},"image":{"@id":"https:\/\/schoenstatt.com\/pt-pt\/#\/schema\/logo\/image\/"}},{"@type":"Person","@id":"https:\/\/schoenstatt.com\/pt-pt\/#\/schema\/person\/489465b1850e7b216fe2c10dfc262551","name":"admin","image":{"@type":"ImageObject","inLanguage":"pt-PT","@id":"https:\/\/secure.gravatar.com\/avatar\/02e8345e1ec40ab0e0a2a98fdde64a684bbaf994cddcb778b25b8b024ee9dfe6?s=96&d=mm&r=g","url":"https:\/\/secure.gravatar.com\/avatar\/02e8345e1ec40ab0e0a2a98fdde64a684bbaf994cddcb778b25b8b024ee9dfe6?s=96&d=mm&r=g","contentUrl":"https:\/\/secure.gravatar.com\/avatar\/02e8345e1ec40ab0e0a2a98fdde64a684bbaf994cddcb778b25b8b024ee9dfe6?s=96&d=mm&r=g","caption":"admin"},"sameAs":["https:\/\/schoenstatt.com"],"url":"https:\/\/schoenstatt.com\/pt-pt\/author\/admin\/"}]}},"_links":{"self":[{"href":"https:\/\/schoenstatt.com\/pt-pt\/wp-json\/wp\/v2\/posts\/22632","targetHints":{"allow":["GET"]}}],"collection":[{"href":"https:\/\/schoenstatt.com\/pt-pt\/wp-json\/wp\/v2\/posts"}],"about":[{"href":"https:\/\/schoenstatt.com\/pt-pt\/wp-json\/wp\/v2\/types\/post"}],"author":[{"embeddable":true,"href":"https:\/\/schoenstatt.com\/pt-pt\/wp-json\/wp\/v2\/users\/1"}],"replies":[{"embeddable":true,"href":"https:\/\/schoenstatt.com\/pt-pt\/wp-json\/wp\/v2\/comments?post=22632"}],"version-history":[{"count":1,"href":"https:\/\/schoenstatt.com\/pt-pt\/wp-json\/wp\/v2\/posts\/22632\/revisions"}],"predecessor-version":[{"id":44900,"href":"https:\/\/schoenstatt.com\/pt-pt\/wp-json\/wp\/v2\/posts\/22632\/revisions\/44900"}],"wp:featuredmedia":[{"embeddable":true,"href":"https:\/\/schoenstatt.com\/pt-pt\/wp-json\/wp\/v2\/media\/22634"}],"wp:attachment":[{"href":"https:\/\/schoenstatt.com\/pt-pt\/wp-json\/wp\/v2\/media?parent=22632"}],"wp:term":[{"taxonomy":"category","embeddable":true,"href":"https:\/\/schoenstatt.com\/pt-pt\/wp-json\/wp\/v2\/categories?post=22632"},{"taxonomy":"post_tag","embeddable":true,"href":"https:\/\/schoenstatt.com\/pt-pt\/wp-json\/wp\/v2\/tags?post=22632"}],"curies":[{"name":"wp","href":"https:\/\/api.w.org\/{rel}","templated":true}]}}