{"id":22329,"date":"2021-07-02T17:46:43","date_gmt":"2021-07-02T15:46:43","guid":{"rendered":"https:\/\/schoenstatt.com\/?p=22329"},"modified":"2025-08-21T03:40:34","modified_gmt":"2025-08-21T01:40:34","slug":"quais-sao-as-etapas-de-um-processo-de-canonizacao","status":"publish","type":"post","link":"https:\/\/schoenstatt.com\/pt-pt\/quais-sao-as-etapas-de-um-processo-de-canonizacao\/","title":{"rendered":"Quais s\u00e3o as etapas de um processo de canoniza\u00e7\u00e3o?"},"content":{"rendered":"<p style=\"text-align: center;\"><em><strong>Confira abaixo um resumo de cada etapa dos Processos de Canoniza\u00e7\u00e3o. Este material foi desenvolvido pelo Secretariado para a beatifica\u00e7\u00e3o do Pe. Jos\u00e9 Kentenich, da Espanha; ele explica as etapas e aponta as fases em que alguns her\u00f3is schoenstattianos est\u00e3o atualmente.<\/strong><\/em><\/p>\n<h3 style=\"text-align: center;\">Primeiro Passo<br \/>\nServo de Deus<\/h3>\n<p><img fetchpriority=\"high\" decoding=\"async\" class=\"aligncenter wp-image-22332 size-full\" src=\"https:\/\/schoenstatt.com\/wp-content\/uploads\/2021\/12\/heroes.jpg\" alt=\"\" width=\"512\" height=\"413\" \/><\/p>\n<p>&nbsp;<\/p>\n<p>\u2013 O bispo diocesano e o postulador da Causa pedem para iniciar o Processo de Canoniza\u00e7\u00e3o e apresentam \u00e0 Santa S\u00e9 um relat\u00f3rio sobre a vida e as virtudes da pessoa.<\/p>\n<p>\u2013 A Santa S\u00e9, por meio da Congrega\u00e7\u00e3o para as Causas dos Santos, examina o relat\u00f3rio e emite um decreto declarando que n\u00e3o h\u00e1 nada a impedir a Causa (decreto Nihil obstat). Este decreto \u00e9 a resposta oficial da Santa S\u00e9 \u00e0s autoridades diocesanas que pediram para iniciar o processo can\u00f4nico.<\/p>\n<p>\u2013 Uma vez obtido o decreto Nihil obstat, o bispo diocesano promulga o decreto de introdu\u00e7\u00e3o da Causa do agora chamado<strong> Servo de Deus<\/strong><\/p>\n<p>&nbsp;<\/p>\n<h3 style=\"text-align: center;\"><strong>Segundo Passo<\/strong><br \/>\n<strong>Vener\u00e1vel<\/strong><\/h3>\n<p>&nbsp;<\/p>\n<p><img decoding=\"async\" class=\"aligncenter wp-image-22336 size-full\" src=\"https:\/\/schoenstatt.com\/wp-content\/uploads\/2021\/12\/venerable.jpg\" alt=\"\" width=\"512\" height=\"346\" \/><\/p>\n<p>&nbsp;<\/p>\n<p>\u2013 Processo sobre a vida e as virtudes do Servo de Deus.<\/p>\n<p>Um tribunal, nomeado pelo bispo, recebe os testemunhos das pessoas que conheceram o Servo de Deus.<\/p>\n<p>\u2013 Processo dos escritos<\/p>\n<p>\u2013 O relator da Causa, nomeado pela Congrega\u00e7\u00e3o para as Causas dos Santos, prepara o documento chamado Positio.<\/p>\n<p>\u2013 Discuss\u00e3o da Positio.<\/p>\n<p>\u2013 Decreto do Santo Padre. Se a Congrega\u00e7\u00e3o para as Causas dos Santos aprova a Positio, o Santo Padre emite o decreto de heroicidade das virtudes. Ent\u00e3o, aquele que era servo de Deus passa a ser considerado Vener\u00e1vel.<\/p>\n<p>&nbsp;<\/p>\n<h3 style=\"text-align: center;\">Terceiro Passo<br \/>\nBeato<\/h3>\n<p><img decoding=\"async\" class=\"aligncenter wp-image-22340 size-full\" src=\"https:\/\/schoenstatt.com\/wp-content\/uploads\/2021\/12\/beato.jpg\" alt=\"\" width=\"512\" height=\"273\" \/><\/p>\n<p>&nbsp;<\/p>\n<p>&nbsp;<\/p>\n<p>\u2013 A primeira etapa \u00e9 mostrar o Vener\u00e1vel para a comunidade como um modelo de vida e intercessor diante de Deus. Deve-se provar perante a Congrega\u00e7\u00e3o para as Causas dos Santos:<\/p>\n<p>\u2013 a fama de santidade do vener\u00e1vel<\/p>\n<p>\u2013 a realiza\u00e7\u00e3o de um milagre<\/p>\n<p>\u2013 Na segunda etapa, a Congrega\u00e7\u00e3o para as Causas dos Santos examina o milagre apresentado.<\/p>\n<p>\u2013 Na terceira etapa, e com os antecedentes anteriores, o Santo Padre aprova o decreto de beatifica\u00e7\u00e3o.<\/p>\n<p>\u2013 Na quarta etapa, o Santo Padre determina a data da cerim\u00f4nia lit\u00fargica.<\/p>\n<p>\u2013 A quinta etapa \u00e9 a cerim\u00f4nia de beatifica\u00e7\u00e3o.<\/p>\n<h3 style=\"text-align: center;\"><strong>Quarto Passo<\/strong><br \/>\n<strong>Canoniza\u00e7\u00e3o<\/strong><\/h3>\n<p>&nbsp;<\/p>\n<p style=\"text-align: left;\">\u2013 A primeira etapa consiste na aprova\u00e7\u00e3o de um segundo milagre.<\/p>\n<p>\u2013 Na segunda etapa, a Congrega\u00e7\u00e3o para as Causas dos Santos examina este segundo milagre apresentado. \u00c9 necess\u00e1rio que este segundo evento milagroso tenha acontecido em uma data posterior \u00e0 beatifica\u00e7\u00e3o.<\/p>\n<p>\u2013 Na terceira etapa, o Santo Padre aprova o decreto de canoniza\u00e7\u00e3o.<\/p>\n<p>\u2013 Na quarta etapa, se celebra o Consist\u00f3rio Ordin\u00e1rio P\u00fablico, convocado pelo Santo Padre, onde ele informa todos os cardeais da Igreja e depois determina a data da canoniza\u00e7\u00e3o.<\/p>\n<p>\u2013 A \u00faltima etapa \u00e9 a cerim\u00f4nia de canoniza\u00e7\u00e3o<\/p>\n","protected":false},"excerpt":{"rendered":"<p>Diversas etapas e  fases em que alguns her\u00f3is schoenstattianos est\u00e3o atualmente no seu processo de canoniza\u00e7\u00e3o.<\/p>\n","protected":false},"author":3,"featured_media":22344,"comment_status":"closed","ping_status":"closed","sticky":false,"template":"","format":"standard","meta":{"footnotes":""},"categories":[888],"tags":[1171,954],"class_list":["post-22329","post","type-post","status-publish","format-standard","has-post-thumbnail","hentry","category-herois-de-schoenstatt-pt-pt","tag-herois-de-schoenstatt-pt-pt","tag-processo-de-beatificacao-pt-pt"],"yoast_head":"<!-- This site is optimized with the Yoast SEO Premium plugin v27.4 (Yoast SEO v27.4) - https:\/\/yoast.com\/product\/yoast-seo-premium-wordpress\/ -->\n<title>Quais s\u00e3o as etapas de um processo de canoniza\u00e7\u00e3o? - Schoenstatt<\/title>\n<meta name=\"description\" content=\"Diversas etapas e fases em que alguns her\u00f3is schoenstattianos est\u00e3o atualmente no seu processo de canoniza\u00e7\u00e3o.\" \/>\n<meta name=\"robots\" content=\"index, follow, max-snippet:-1, max-image-preview:large, max-video-preview:-1\" \/>\n<link rel=\"canonical\" href=\"https:\/\/schoenstatt.com\/pt-pt\/quais-sao-as-etapas-de-um-processo-de-canonizacao\/\" \/>\n<meta property=\"og:locale\" content=\"pt_PT\" \/>\n<meta property=\"og:type\" content=\"article\" \/>\n<meta property=\"og:title\" content=\"Quais s\u00e3o as etapas de um processo de canoniza\u00e7\u00e3o?\" \/>\n<meta property=\"og:description\" content=\"Diversas etapas e fases em que alguns her\u00f3is schoenstattianos est\u00e3o atualmente no seu processo de canoniza\u00e7\u00e3o.\" \/>\n<meta property=\"og:url\" content=\"https:\/\/schoenstatt.com\/pt-pt\/quais-sao-as-etapas-de-um-processo-de-canonizacao\/\" \/>\n<meta property=\"og:site_name\" content=\"Schoenstatt\" \/>\n<meta property=\"article:published_time\" content=\"2021-07-02T15:46:43+00:00\" \/>\n<meta property=\"article:modified_time\" content=\"2025-08-21T01:40:34+00:00\" \/>\n<meta property=\"og:image\" content=\"https:\/\/schoenstatt.com\/wp-content\/uploads\/2021\/12\/etapa-1.jpg\" \/>\n\t<meta property=\"og:image:width\" content=\"512\" \/>\n\t<meta property=\"og:image:height\" content=\"327\" \/>\n\t<meta property=\"og:image:type\" content=\"image\/jpeg\" \/>\n<meta name=\"author\" content=\"Karen Bueno\" \/>\n<meta name=\"twitter:card\" content=\"summary_large_image\" \/>\n<meta name=\"twitter:label1\" content=\"Escrito por\" \/>\n\t<meta name=\"twitter:data1\" content=\"Karen Bueno\" \/>\n\t<meta name=\"twitter:label2\" content=\"Tempo estimado de leitura\" \/>\n\t<meta name=\"twitter:data2\" content=\"3 minutos\" \/>\n<script type=\"application\/ld+json\" class=\"yoast-schema-graph\">{\"@context\":\"https:\\\/\\\/schema.org\",\"@graph\":[{\"@type\":\"Article\",\"@id\":\"https:\\\/\\\/schoenstatt.com\\\/pt-pt\\\/quais-sao-as-etapas-de-um-processo-de-canonizacao\\\/#article\",\"isPartOf\":{\"@id\":\"https:\\\/\\\/schoenstatt.com\\\/pt-pt\\\/quais-sao-as-etapas-de-um-processo-de-canonizacao\\\/\"},\"author\":{\"name\":\"Karen Bueno\",\"@id\":\"https:\\\/\\\/schoenstatt.com\\\/pt-pt\\\/#\\\/schema\\\/person\\\/5158877ad4acae98b34daaeef2a1ce6e\"},\"headline\":\"Quais s\u00e3o as etapas de um processo de canoniza\u00e7\u00e3o?\",\"datePublished\":\"2021-07-02T15:46:43+00:00\",\"dateModified\":\"2025-08-21T01:40:34+00:00\",\"mainEntityOfPage\":{\"@id\":\"https:\\\/\\\/schoenstatt.com\\\/pt-pt\\\/quais-sao-as-etapas-de-um-processo-de-canonizacao\\\/\"},\"wordCount\":474,\"publisher\":{\"@id\":\"https:\\\/\\\/schoenstatt.com\\\/pt-pt\\\/#organization\"},\"image\":{\"@id\":\"https:\\\/\\\/schoenstatt.com\\\/pt-pt\\\/quais-sao-as-etapas-de-um-processo-de-canonizacao\\\/#primaryimage\"},\"thumbnailUrl\":\"https:\\\/\\\/schoenstatt.com\\\/wp-content\\\/uploads\\\/2021\\\/12\\\/etapa-1.jpg\",\"keywords\":[\"Her\u00f3is de Schoenstatt\",\"Processo de Beatifica\u00e7\u00e3o\"],\"articleSection\":[\"Her\u00f3is de Schoenstatt\"],\"inLanguage\":\"pt-PT\"},{\"@type\":\"WebPage\",\"@id\":\"https:\\\/\\\/schoenstatt.com\\\/pt-pt\\\/quais-sao-as-etapas-de-um-processo-de-canonizacao\\\/\",\"url\":\"https:\\\/\\\/schoenstatt.com\\\/pt-pt\\\/quais-sao-as-etapas-de-um-processo-de-canonizacao\\\/\",\"name\":\"Quais s\u00e3o as etapas de um processo de canoniza\u00e7\u00e3o? - Schoenstatt\",\"isPartOf\":{\"@id\":\"https:\\\/\\\/schoenstatt.com\\\/pt-pt\\\/#website\"},\"primaryImageOfPage\":{\"@id\":\"https:\\\/\\\/schoenstatt.com\\\/pt-pt\\\/quais-sao-as-etapas-de-um-processo-de-canonizacao\\\/#primaryimage\"},\"image\":{\"@id\":\"https:\\\/\\\/schoenstatt.com\\\/pt-pt\\\/quais-sao-as-etapas-de-um-processo-de-canonizacao\\\/#primaryimage\"},\"thumbnailUrl\":\"https:\\\/\\\/schoenstatt.com\\\/wp-content\\\/uploads\\\/2021\\\/12\\\/etapa-1.jpg\",\"datePublished\":\"2021-07-02T15:46:43+00:00\",\"dateModified\":\"2025-08-21T01:40:34+00:00\",\"description\":\"Diversas etapas e fases em que alguns her\u00f3is schoenstattianos est\u00e3o atualmente no seu processo de canoniza\u00e7\u00e3o.\",\"breadcrumb\":{\"@id\":\"https:\\\/\\\/schoenstatt.com\\\/pt-pt\\\/quais-sao-as-etapas-de-um-processo-de-canonizacao\\\/#breadcrumb\"},\"inLanguage\":\"pt-PT\",\"potentialAction\":[{\"@type\":\"ReadAction\",\"target\":[\"https:\\\/\\\/schoenstatt.com\\\/pt-pt\\\/quais-sao-as-etapas-de-um-processo-de-canonizacao\\\/\"]}]},{\"@type\":\"ImageObject\",\"inLanguage\":\"pt-PT\",\"@id\":\"https:\\\/\\\/schoenstatt.com\\\/pt-pt\\\/quais-sao-as-etapas-de-um-processo-de-canonizacao\\\/#primaryimage\",\"url\":\"https:\\\/\\\/schoenstatt.com\\\/wp-content\\\/uploads\\\/2021\\\/12\\\/etapa-1.jpg\",\"contentUrl\":\"https:\\\/\\\/schoenstatt.com\\\/wp-content\\\/uploads\\\/2021\\\/12\\\/etapa-1.jpg\",\"width\":512,\"height\":327},{\"@type\":\"BreadcrumbList\",\"@id\":\"https:\\\/\\\/schoenstatt.com\\\/pt-pt\\\/quais-sao-as-etapas-de-um-processo-de-canonizacao\\\/#breadcrumb\",\"itemListElement\":[{\"@type\":\"ListItem\",\"position\":1,\"name\":\"Portada\",\"item\":\"https:\\\/\\\/schoenstatt.com\\\/pt-pt\\\/home\\\/\"},{\"@type\":\"ListItem\",\"position\":2,\"name\":\"Quais s\u00e3o as etapas de um processo de canoniza\u00e7\u00e3o?\"}]},{\"@type\":\"WebSite\",\"@id\":\"https:\\\/\\\/schoenstatt.com\\\/pt-pt\\\/#website\",\"url\":\"https:\\\/\\\/schoenstatt.com\\\/pt-pt\\\/\",\"name\":\"Schoenstatt\",\"description\":\"Apostolic Movement\",\"publisher\":{\"@id\":\"https:\\\/\\\/schoenstatt.com\\\/pt-pt\\\/#organization\"},\"potentialAction\":[{\"@type\":\"SearchAction\",\"target\":{\"@type\":\"EntryPoint\",\"urlTemplate\":\"https:\\\/\\\/schoenstatt.com\\\/pt-pt\\\/?s={search_term_string}\"},\"query-input\":{\"@type\":\"PropertyValueSpecification\",\"valueRequired\":true,\"valueName\":\"search_term_string\"}}],\"inLanguage\":\"pt-PT\"},{\"@type\":\"Organization\",\"@id\":\"https:\\\/\\\/schoenstatt.com\\\/pt-pt\\\/#organization\",\"name\":\"Schoenstatt\",\"url\":\"https:\\\/\\\/schoenstatt.com\\\/pt-pt\\\/\",\"logo\":{\"@type\":\"ImageObject\",\"inLanguage\":\"pt-PT\",\"@id\":\"https:\\\/\\\/schoenstatt.com\\\/pt-pt\\\/#\\\/schema\\\/logo\\\/image\\\/\",\"url\":\"https:\\\/\\\/schoenstatt.com\\\/wp-content\\\/uploads\\\/2025\\\/04\\\/logo-schoenstatt-white-696x696-1.png\",\"contentUrl\":\"https:\\\/\\\/schoenstatt.com\\\/wp-content\\\/uploads\\\/2025\\\/04\\\/logo-schoenstatt-white-696x696-1.png\",\"width\":696,\"height\":694,\"caption\":\"Schoenstatt\"},\"image\":{\"@id\":\"https:\\\/\\\/schoenstatt.com\\\/pt-pt\\\/#\\\/schema\\\/logo\\\/image\\\/\"}},{\"@type\":\"Person\",\"@id\":\"https:\\\/\\\/schoenstatt.com\\\/pt-pt\\\/#\\\/schema\\\/person\\\/5158877ad4acae98b34daaeef2a1ce6e\",\"name\":\"Karen Bueno\",\"image\":{\"@type\":\"ImageObject\",\"inLanguage\":\"pt-PT\",\"@id\":\"https:\\\/\\\/secure.gravatar.com\\\/avatar\\\/f9f4b823873154269d2b2130f195f6d41037dd0d7fc5f3cacb5c846bae70d66b?s=96&d=mm&r=g\",\"url\":\"https:\\\/\\\/secure.gravatar.com\\\/avatar\\\/f9f4b823873154269d2b2130f195f6d41037dd0d7fc5f3cacb5c846bae70d66b?s=96&d=mm&r=g\",\"contentUrl\":\"https:\\\/\\\/secure.gravatar.com\\\/avatar\\\/f9f4b823873154269d2b2130f195f6d41037dd0d7fc5f3cacb5c846bae70d66b?s=96&d=mm&r=g\",\"caption\":\"Karen Bueno\"},\"url\":\"https:\\\/\\\/schoenstatt.com\\\/pt-pt\\\/author\\\/karen-bueno\\\/\"}]}<\/script>\n<!-- \/ Yoast SEO Premium plugin. -->","yoast_head_json":{"title":"Quais s\u00e3o as etapas de um processo de canoniza\u00e7\u00e3o? - Schoenstatt","description":"Diversas etapas e fases em que alguns her\u00f3is schoenstattianos est\u00e3o atualmente no seu processo de canoniza\u00e7\u00e3o.","robots":{"index":"index","follow":"follow","max-snippet":"max-snippet:-1","max-image-preview":"max-image-preview:large","max-video-preview":"max-video-preview:-1"},"canonical":"https:\/\/schoenstatt.com\/pt-pt\/quais-sao-as-etapas-de-um-processo-de-canonizacao\/","og_locale":"pt_PT","og_type":"article","og_title":"Quais s\u00e3o as etapas de um processo de canoniza\u00e7\u00e3o?","og_description":"Diversas etapas e fases em que alguns her\u00f3is schoenstattianos est\u00e3o atualmente no seu processo de canoniza\u00e7\u00e3o.","og_url":"https:\/\/schoenstatt.com\/pt-pt\/quais-sao-as-etapas-de-um-processo-de-canonizacao\/","og_site_name":"Schoenstatt","article_published_time":"2021-07-02T15:46:43+00:00","article_modified_time":"2025-08-21T01:40:34+00:00","og_image":[{"width":512,"height":327,"url":"https:\/\/schoenstatt.com\/wp-content\/uploads\/2021\/12\/etapa-1.jpg","type":"image\/jpeg"}],"author":"Karen Bueno","twitter_card":"summary_large_image","twitter_misc":{"Escrito por":"Karen Bueno","Tempo estimado de leitura":"3 minutos"},"schema":{"@context":"https:\/\/schema.org","@graph":[{"@type":"Article","@id":"https:\/\/schoenstatt.com\/pt-pt\/quais-sao-as-etapas-de-um-processo-de-canonizacao\/#article","isPartOf":{"@id":"https:\/\/schoenstatt.com\/pt-pt\/quais-sao-as-etapas-de-um-processo-de-canonizacao\/"},"author":{"name":"Karen Bueno","@id":"https:\/\/schoenstatt.com\/pt-pt\/#\/schema\/person\/5158877ad4acae98b34daaeef2a1ce6e"},"headline":"Quais s\u00e3o as etapas de um processo de canoniza\u00e7\u00e3o?","datePublished":"2021-07-02T15:46:43+00:00","dateModified":"2025-08-21T01:40:34+00:00","mainEntityOfPage":{"@id":"https:\/\/schoenstatt.com\/pt-pt\/quais-sao-as-etapas-de-um-processo-de-canonizacao\/"},"wordCount":474,"publisher":{"@id":"https:\/\/schoenstatt.com\/pt-pt\/#organization"},"image":{"@id":"https:\/\/schoenstatt.com\/pt-pt\/quais-sao-as-etapas-de-um-processo-de-canonizacao\/#primaryimage"},"thumbnailUrl":"https:\/\/schoenstatt.com\/wp-content\/uploads\/2021\/12\/etapa-1.jpg","keywords":["Her\u00f3is de Schoenstatt","Processo de Beatifica\u00e7\u00e3o"],"articleSection":["Her\u00f3is de Schoenstatt"],"inLanguage":"pt-PT"},{"@type":"WebPage","@id":"https:\/\/schoenstatt.com\/pt-pt\/quais-sao-as-etapas-de-um-processo-de-canonizacao\/","url":"https:\/\/schoenstatt.com\/pt-pt\/quais-sao-as-etapas-de-um-processo-de-canonizacao\/","name":"Quais s\u00e3o as etapas de um processo de canoniza\u00e7\u00e3o? - Schoenstatt","isPartOf":{"@id":"https:\/\/schoenstatt.com\/pt-pt\/#website"},"primaryImageOfPage":{"@id":"https:\/\/schoenstatt.com\/pt-pt\/quais-sao-as-etapas-de-um-processo-de-canonizacao\/#primaryimage"},"image":{"@id":"https:\/\/schoenstatt.com\/pt-pt\/quais-sao-as-etapas-de-um-processo-de-canonizacao\/#primaryimage"},"thumbnailUrl":"https:\/\/schoenstatt.com\/wp-content\/uploads\/2021\/12\/etapa-1.jpg","datePublished":"2021-07-02T15:46:43+00:00","dateModified":"2025-08-21T01:40:34+00:00","description":"Diversas etapas e fases em que alguns her\u00f3is schoenstattianos est\u00e3o atualmente no seu processo de canoniza\u00e7\u00e3o.","breadcrumb":{"@id":"https:\/\/schoenstatt.com\/pt-pt\/quais-sao-as-etapas-de-um-processo-de-canonizacao\/#breadcrumb"},"inLanguage":"pt-PT","potentialAction":[{"@type":"ReadAction","target":["https:\/\/schoenstatt.com\/pt-pt\/quais-sao-as-etapas-de-um-processo-de-canonizacao\/"]}]},{"@type":"ImageObject","inLanguage":"pt-PT","@id":"https:\/\/schoenstatt.com\/pt-pt\/quais-sao-as-etapas-de-um-processo-de-canonizacao\/#primaryimage","url":"https:\/\/schoenstatt.com\/wp-content\/uploads\/2021\/12\/etapa-1.jpg","contentUrl":"https:\/\/schoenstatt.com\/wp-content\/uploads\/2021\/12\/etapa-1.jpg","width":512,"height":327},{"@type":"BreadcrumbList","@id":"https:\/\/schoenstatt.com\/pt-pt\/quais-sao-as-etapas-de-um-processo-de-canonizacao\/#breadcrumb","itemListElement":[{"@type":"ListItem","position":1,"name":"Portada","item":"https:\/\/schoenstatt.com\/pt-pt\/home\/"},{"@type":"ListItem","position":2,"name":"Quais s\u00e3o as etapas de um processo de canoniza\u00e7\u00e3o?"}]},{"@type":"WebSite","@id":"https:\/\/schoenstatt.com\/pt-pt\/#website","url":"https:\/\/schoenstatt.com\/pt-pt\/","name":"Schoenstatt","description":"Apostolic Movement","publisher":{"@id":"https:\/\/schoenstatt.com\/pt-pt\/#organization"},"potentialAction":[{"@type":"SearchAction","target":{"@type":"EntryPoint","urlTemplate":"https:\/\/schoenstatt.com\/pt-pt\/?s={search_term_string}"},"query-input":{"@type":"PropertyValueSpecification","valueRequired":true,"valueName":"search_term_string"}}],"inLanguage":"pt-PT"},{"@type":"Organization","@id":"https:\/\/schoenstatt.com\/pt-pt\/#organization","name":"Schoenstatt","url":"https:\/\/schoenstatt.com\/pt-pt\/","logo":{"@type":"ImageObject","inLanguage":"pt-PT","@id":"https:\/\/schoenstatt.com\/pt-pt\/#\/schema\/logo\/image\/","url":"https:\/\/schoenstatt.com\/wp-content\/uploads\/2025\/04\/logo-schoenstatt-white-696x696-1.png","contentUrl":"https:\/\/schoenstatt.com\/wp-content\/uploads\/2025\/04\/logo-schoenstatt-white-696x696-1.png","width":696,"height":694,"caption":"Schoenstatt"},"image":{"@id":"https:\/\/schoenstatt.com\/pt-pt\/#\/schema\/logo\/image\/"}},{"@type":"Person","@id":"https:\/\/schoenstatt.com\/pt-pt\/#\/schema\/person\/5158877ad4acae98b34daaeef2a1ce6e","name":"Karen Bueno","image":{"@type":"ImageObject","inLanguage":"pt-PT","@id":"https:\/\/secure.gravatar.com\/avatar\/f9f4b823873154269d2b2130f195f6d41037dd0d7fc5f3cacb5c846bae70d66b?s=96&d=mm&r=g","url":"https:\/\/secure.gravatar.com\/avatar\/f9f4b823873154269d2b2130f195f6d41037dd0d7fc5f3cacb5c846bae70d66b?s=96&d=mm&r=g","contentUrl":"https:\/\/secure.gravatar.com\/avatar\/f9f4b823873154269d2b2130f195f6d41037dd0d7fc5f3cacb5c846bae70d66b?s=96&d=mm&r=g","caption":"Karen Bueno"},"url":"https:\/\/schoenstatt.com\/pt-pt\/author\/karen-bueno\/"}]}},"_links":{"self":[{"href":"https:\/\/schoenstatt.com\/pt-pt\/wp-json\/wp\/v2\/posts\/22329","targetHints":{"allow":["GET"]}}],"collection":[{"href":"https:\/\/schoenstatt.com\/pt-pt\/wp-json\/wp\/v2\/posts"}],"about":[{"href":"https:\/\/schoenstatt.com\/pt-pt\/wp-json\/wp\/v2\/types\/post"}],"author":[{"embeddable":true,"href":"https:\/\/schoenstatt.com\/pt-pt\/wp-json\/wp\/v2\/users\/3"}],"replies":[{"embeddable":true,"href":"https:\/\/schoenstatt.com\/pt-pt\/wp-json\/wp\/v2\/comments?post=22329"}],"version-history":[{"count":1,"href":"https:\/\/schoenstatt.com\/pt-pt\/wp-json\/wp\/v2\/posts\/22329\/revisions"}],"predecessor-version":[{"id":44566,"href":"https:\/\/schoenstatt.com\/pt-pt\/wp-json\/wp\/v2\/posts\/22329\/revisions\/44566"}],"wp:featuredmedia":[{"embeddable":true,"href":"https:\/\/schoenstatt.com\/pt-pt\/wp-json\/wp\/v2\/media\/22344"}],"wp:attachment":[{"href":"https:\/\/schoenstatt.com\/pt-pt\/wp-json\/wp\/v2\/media?parent=22329"}],"wp:term":[{"taxonomy":"category","embeddable":true,"href":"https:\/\/schoenstatt.com\/pt-pt\/wp-json\/wp\/v2\/categories?post=22329"},{"taxonomy":"post_tag","embeddable":true,"href":"https:\/\/schoenstatt.com\/pt-pt\/wp-json\/wp\/v2\/tags?post=22329"}],"curies":[{"name":"wp","href":"https:\/\/api.w.org\/{rel}","templated":true}]}}