{"id":21383,"date":"2023-07-08T06:37:29","date_gmt":"2023-07-08T04:37:29","guid":{"rendered":"https:\/\/schoenstatt.com\/?p=21383"},"modified":"2025-05-16T03:13:08","modified_gmt":"2025-05-16T01:13:08","slug":"se-nao-tivesse-conhecido-o-pe-kentenich-nunca-teria-me-tornado-sacerdote","status":"publish","type":"post","link":"https:\/\/schoenstatt.com\/pt-pt\/se-nao-tivesse-conhecido-o-pe-kentenich-nunca-teria-me-tornado-sacerdote\/","title":{"rendered":"\u201cSe n\u00e3o tivesse conhecido o Pe. Kentenich, nunca teria me tornado sacerdote\u201d"},"content":{"rendered":"<p style=\"text-align: left;\"><strong>\u201cConcede, \u00f3 meu Deus, que todos os esp\u00edritos se unam na verdade e todos os cora\u00e7\u00f5es no amor\u201d. <\/strong>Essa foi a ora\u00e7\u00e3o que o <a href=\"https:\/\/schoenstatt.com\/pt-pt\/about\/fundador\/\">Pe. Kentenich<\/a> escolheu para a sua ordena\u00e7\u00e3o sacerdotal, recebida no dia 8 de julho de 1910, na capela da Miseric\u00f3rdia, em Limburgo\/Alemanha. Jos\u00e9 Kentenich recebe, com sete coirm\u00e3os, a ordena\u00e7\u00e3o sacerdotal das m\u00e3os de Dom Henrique Vieter, bispo de Camar\u00f5es.<\/p>\n<h2>Pe. Kentenich, um homem da Igreja<\/h2>\n<p><img fetchpriority=\"high\" decoding=\"async\" class=\"aligncenter wp-image-21418 \" src=\"https:\/\/schoenstatt.com\/wp-content\/uploads\/2021\/11\/PADRE-K-ordenacion.jpg\" alt=\"\" width=\"373\" height=\"248\" \/><\/p>\n<p>Durante toda a vida, considerou a ordena\u00e7\u00e3o sacerdotal com radicalismo, com total entrega ao servi\u00e7o de Cristo e, assim, ao servi\u00e7o da Igreja. Viveu para a Igreja!<\/p>\n<p>A Igreja foi o seu grande amor. Por isso, na sua vida e atua\u00e7\u00e3o como sacerdote, deu a m\u00e1xima import\u00e2ncia n\u00e3o \u00e0 vontade e \u00e0 obra, mas \u00e0 vontade e \u00e0 obra de Deus, \u00e0 obra da Igreja.<\/p>\n<p>Podemos referir-nos a ele, como um \u2018homem da Igreja\u2019, pois o Pe. Kentenich n\u00e3o s\u00f3 esteve ao seu servi\u00e7o, como tamb\u00e9m desempenhou uma miss\u00e3o especial que lhe foi confiada, a funda\u00e7\u00e3o das suas comunidades.<\/p>\n<p>Esta foi a miss\u00e3o que deu \u00e0 sua vida, um rumo de verdade e de amor, enriquecendo e reavivando a Igreja com novas comunidades!<\/p>\n<h3>Pe. Kentenich, um sacerdote profundamente ancorado em Deus e capaz de responder aos problemas do mundo atual<\/h3>\n<p>Pelo centen\u00e1rio de ordena\u00e7\u00e3o sacerdotal do Fundador de Schoenstatt, Ir. Maria da Gra\u00e7a Sales Henriques, escreve:<\/p>\n<p>No decorrer do <a href=\"https:\/\/www.vatican.va\/special\/anno_sac\/index_po.html\" target=\"_blank\" rel=\"noopener\">Ano Sacerdotal<\/a> (2009-2010), o Papa Bento XVI evocou frequentes vezes figuras de grandes e santos sacerdotes, cuja vida testemunha de modo particular a presen\u00e7a e o atuar de Cristo, Sumo e Eterno Sacerdote.<\/p>\n<p>Com seus muitos seguidores e devotos, n\u00f3s acreditamos que a longa vida sacerdotal do Pe. Jos\u00e9 Kentenich e seu atuar ao servi\u00e7o da Igreja foi, igualmente, um testemunho eloquente de que Cristo continua atuante e presente na hist\u00f3ria da Igreja, atrav\u00e9s dos instrumentos que escolhe e prepara para uma miss\u00e3o singular.<\/p>\n<p>Muitos sacerdotes encontraram no Pe. Kentenich a encarna\u00e7\u00e3o do ideal a que aspiravam e o exemplo encorajador de uma total dedica\u00e7\u00e3o e fidelidade incondicional \u00e0 Igreja.<\/p>\n<h3 style=\"text-align: center;\">Testemunho<\/h3>\n<p><img decoding=\"async\" class=\"aligncenter wp-image-21414 size-large\" src=\"https:\/\/schoenstatt.com\/wp-content\/uploads\/2021\/11\/SACERDOTE-1024x680.png\" alt=\"\" width=\"840\" height=\"558\" \/><\/p>\n<p>&nbsp;<\/p>\n<p>Entre os muitos testemunhos que poder\u00edamos citar, reproduzimos o do Pe. Clemente Maria Hernandez, da Rep\u00fablica Dominicana:<\/p>\n<blockquote><p>\u201cEm fins de Agosto de 1964 cheguei a Milwaukee\/EUA, a fim de conhecer o Pe. Kentenich e o Santu\u00e1rio da M\u00e3e Tr\u00eas Vezes Admir\u00e1vel.<\/p>\n<p>Antes de falar da minha experi\u00eancia com o Pe. Kentenich, devo dizer algo sobre o meu encontro com o Santu\u00e1rio. Jamais poderei esquecer o impacto que senti me ao aproximar pela primeira vez dele. Senti que ali se ia operar em mim uma profunda transforma\u00e7\u00e3o interior. Nessa \u00e9poca, eu ainda era subdi\u00e1cono e confesso que n\u00e3o me sentia seguro para dar os \u00faltimos passos at\u00e9 ao sacerd\u00f3cio.<\/p>\n<p>As viv\u00eancias que tive no Santu\u00e1rio foram, realmente, sublimes. \u00c9 imposs\u00edvel expressar em palavras os momentos de Tabor que ali vivi. Desde ent\u00e3o, o Santu\u00e1rio da M\u00e3e tornou-se o meu lugar predileto.<\/p>\n<p>Nessa mesma tarde da minha chegada a Milwaukee, quando as sombras da noite come\u00e7avam a envolver lentamente a silhueta do Santu\u00e1rio, e Jesus Pag\u00e1n passeava comigo na sua proximidade, ele viu que o Pe. Kentenich se aproximava e disse: \u2018Clemente, ali vem ele para o Santu\u00e1rio, vamos saud\u00e1-lo\u2019.<\/p>\n<p>Corremos ao seu encontro. Quando cheguei \u00e0 sua frente, ele fixou-me atentamente e estendeu-me a m\u00e3o, com muito carinho. Eu beijei-a com respeito e venera\u00e7\u00e3o. Fez algumas perguntas sobre o meu pa\u00eds, \u00e0s quais respondi brevemente.<\/p>\n<p>Desde ver o Pe. Kentenich e de me aproximar dele, tive a impress\u00e3o de me encontrar diante de um sacerdote extraordin\u00e1rio, de um sacerdote do qual transparecia a presen\u00e7a de Deus. Era como se uma voz interior me dissesse: Tira as sand\u00e1lias dos teus p\u00e9s, porque a terra que pisas \u00e9 terra santa!<\/p>\n<p>Santo \u00e9 o Santu\u00e1rio, santo \u00e9 este homem de quem Deus tomou posse atrav\u00e9s de Maria!<\/p>\n<p>Depois deste primeiro encontro com ele ainda tive v\u00e1rios outros. O seu primeiro interesse foi o nosso semin\u00e1rio e a situa\u00e7\u00e3o dos sacerdotes diocesanos na Rep\u00fablica Dominicana. Deu-me m\u00e9todos concretos para, depois da minha ordena\u00e7\u00e3o, ajudar meus colegas e sacerdotes. (\u2026)<\/p>\n<p>Creio que, se n\u00e3o tivesse conhecido o Pe. Kentenich, nunca teria me tornado sacerdote. Foi o encontro providencial com ele que me levou a tomar a s\u00e9rio a minha voca\u00e7\u00e3o sacerdotal. Na sua pessoa encontrei o ideal do sacerdote a que sempre ansiara durante os meus anos de semin\u00e1rio: um homem profundamente ancorado em Deus, capaz de responder \u00e0 problem\u00e1tica do mundo atual.<\/p>\n<p>Desde 1964 a minha vincula\u00e7\u00e3o a ele permaneceu c\u00e1lida, cordial, filial. Ele tornou-se a for\u00e7a e a inspira\u00e7\u00e3o do meu sacerd\u00f3cio. O seu exemplo ensinou-me a amar a Igreja com toda a sua grandeza divina e com toda a sua fraqueza humana e a servi-la como a Esposa amada de Cristo\u201d.<\/p><\/blockquote>\n<p>Esta viv\u00eancia, como tantas outras, de muitos sacerdotes que conheceram o Pe. Kentenich ou agora experimentam a sua intercess\u00e3o, permitem reconhecer a superabund\u00e2ncia da gra\u00e7a com a qual Deus aben\u00e7oou sua vida sacerdotal.<\/p>\n<p><em>Leia tamb\u00e9m:<\/em>\u00a0<a href=\"https:\/\/schoenstatt.com\/pt-pt\/community\/liga-dos-sacerdotes-de-schoenstatt\/\">https:\/\/schoenstatt.com\/pt-pt\/community\/liga-dos-sacerdotes-de-schoenstatt\/<\/a><\/p>\n<p>Fonte:\u00a0<a href=\"http:\/\/www.schoenstatt.pt\">schoenstatt.pt<\/a><br \/>\nFotos: schoenstatt.pt, archivo<\/p>\n<p>&nbsp;<\/p>\n<p>&nbsp;<\/p>\n","protected":false},"excerpt":{"rendered":"<p>Testemunho do Padre Clemente Maria Hernandez, da Rep\u00fablica Dominicana<\/p>\n","protected":false},"author":3,"featured_media":21422,"comment_status":"closed","ping_status":"open","sticky":false,"template":"","format":"standard","meta":{"footnotes":""},"categories":[916,880],"tags":[],"class_list":["post-21383","post","type-post","status-publish","format-standard","has-post-thumbnail","hentry","category-espiritualidade-pt-pt","category-pe-jose-kentenich-pt-pt"],"yoast_head":"<!-- This site is optimized with the Yoast SEO Premium plugin v27.4 (Yoast SEO v27.4) - https:\/\/yoast.com\/product\/yoast-seo-premium-wordpress\/ -->\n<title>\u201cSe n\u00e3o tivesse conhecido o Pe. Kentenich, nunca teria me tornado sacerdote\u201d - Schoenstatt<\/title>\n<meta name=\"description\" content=\"Pe. Kentenich foi ordenado sacerdote em 8 de julho de 1910 e continua inspirando a vida de muitos sacerdotes\" \/>\n<meta name=\"robots\" content=\"index, follow, max-snippet:-1, max-image-preview:large, max-video-preview:-1\" \/>\n<link rel=\"canonical\" href=\"https:\/\/schoenstatt.com\/pt-pt\/se-nao-tivesse-conhecido-o-pe-kentenich-nunca-teria-me-tornado-sacerdote\/\" \/>\n<meta property=\"og:locale\" content=\"pt_PT\" \/>\n<meta property=\"og:type\" content=\"article\" \/>\n<meta property=\"og:title\" content=\"\u201cSe n\u00e3o tivesse conhecido o Pe. Kentenich, nunca teria me tornado sacerdote\u201d\" \/>\n<meta property=\"og:description\" content=\"Pe. Kentenich foi ordenado sacerdote em 8 de julho de 1910 e continua inspirando a vida de muitos sacerdotes\" \/>\n<meta property=\"og:url\" content=\"https:\/\/schoenstatt.com\/pt-pt\/se-nao-tivesse-conhecido-o-pe-kentenich-nunca-teria-me-tornado-sacerdote\/\" \/>\n<meta property=\"og:site_name\" content=\"Schoenstatt\" \/>\n<meta property=\"article:published_time\" content=\"2023-07-08T04:37:29+00:00\" \/>\n<meta property=\"article:modified_time\" content=\"2025-05-16T01:13:08+00:00\" \/>\n<meta property=\"og:image\" content=\"https:\/\/schoenstatt.com\/wp-content\/uploads\/2021\/11\/PJK-1.jpg\" \/>\n\t<meta property=\"og:image:width\" content=\"1170\" \/>\n\t<meta property=\"og:image:height\" content=\"400\" \/>\n\t<meta property=\"og:image:type\" content=\"image\/jpeg\" \/>\n<meta name=\"author\" content=\"Karen Bueno\" \/>\n<meta name=\"twitter:card\" content=\"summary_large_image\" \/>\n<meta name=\"twitter:label1\" content=\"Escrito por\" \/>\n\t<meta name=\"twitter:data1\" content=\"Karen Bueno\" \/>\n\t<meta name=\"twitter:label2\" content=\"Tempo estimado de leitura\" \/>\n\t<meta name=\"twitter:data2\" content=\"5 minutos\" \/>\n<script type=\"application\/ld+json\" class=\"yoast-schema-graph\">{\"@context\":\"https:\\\/\\\/schema.org\",\"@graph\":[{\"@type\":\"Article\",\"@id\":\"https:\\\/\\\/schoenstatt.com\\\/pt-pt\\\/se-nao-tivesse-conhecido-o-pe-kentenich-nunca-teria-me-tornado-sacerdote\\\/#article\",\"isPartOf\":{\"@id\":\"https:\\\/\\\/schoenstatt.com\\\/pt-pt\\\/se-nao-tivesse-conhecido-o-pe-kentenich-nunca-teria-me-tornado-sacerdote\\\/\"},\"author\":{\"name\":\"Karen Bueno\",\"@id\":\"https:\\\/\\\/schoenstatt.com\\\/pt-pt\\\/#\\\/schema\\\/person\\\/5158877ad4acae98b34daaeef2a1ce6e\"},\"headline\":\"\u201cSe n\u00e3o tivesse conhecido o Pe. Kentenich, nunca teria me tornado sacerdote\u201d\",\"datePublished\":\"2023-07-08T04:37:29+00:00\",\"dateModified\":\"2025-05-16T01:13:08+00:00\",\"mainEntityOfPage\":{\"@id\":\"https:\\\/\\\/schoenstatt.com\\\/pt-pt\\\/se-nao-tivesse-conhecido-o-pe-kentenich-nunca-teria-me-tornado-sacerdote\\\/\"},\"wordCount\":923,\"publisher\":{\"@id\":\"https:\\\/\\\/schoenstatt.com\\\/pt-pt\\\/#organization\"},\"image\":{\"@id\":\"https:\\\/\\\/schoenstatt.com\\\/pt-pt\\\/se-nao-tivesse-conhecido-o-pe-kentenich-nunca-teria-me-tornado-sacerdote\\\/#primaryimage\"},\"thumbnailUrl\":\"https:\\\/\\\/schoenstatt.com\\\/wp-content\\\/uploads\\\/2021\\\/11\\\/PJK-1.jpg\",\"articleSection\":[\"Espiritualidade\",\"Pe. Jos\u00e9 Kentenich\"],\"inLanguage\":\"pt-PT\"},{\"@type\":\"WebPage\",\"@id\":\"https:\\\/\\\/schoenstatt.com\\\/pt-pt\\\/se-nao-tivesse-conhecido-o-pe-kentenich-nunca-teria-me-tornado-sacerdote\\\/\",\"url\":\"https:\\\/\\\/schoenstatt.com\\\/pt-pt\\\/se-nao-tivesse-conhecido-o-pe-kentenich-nunca-teria-me-tornado-sacerdote\\\/\",\"name\":\"\u201cSe n\u00e3o tivesse conhecido o Pe. Kentenich, nunca teria me tornado sacerdote\u201d - Schoenstatt\",\"isPartOf\":{\"@id\":\"https:\\\/\\\/schoenstatt.com\\\/pt-pt\\\/#website\"},\"primaryImageOfPage\":{\"@id\":\"https:\\\/\\\/schoenstatt.com\\\/pt-pt\\\/se-nao-tivesse-conhecido-o-pe-kentenich-nunca-teria-me-tornado-sacerdote\\\/#primaryimage\"},\"image\":{\"@id\":\"https:\\\/\\\/schoenstatt.com\\\/pt-pt\\\/se-nao-tivesse-conhecido-o-pe-kentenich-nunca-teria-me-tornado-sacerdote\\\/#primaryimage\"},\"thumbnailUrl\":\"https:\\\/\\\/schoenstatt.com\\\/wp-content\\\/uploads\\\/2021\\\/11\\\/PJK-1.jpg\",\"datePublished\":\"2023-07-08T04:37:29+00:00\",\"dateModified\":\"2025-05-16T01:13:08+00:00\",\"description\":\"Pe. Kentenich foi ordenado sacerdote em 8 de julho de 1910 e continua inspirando a vida de muitos sacerdotes\",\"breadcrumb\":{\"@id\":\"https:\\\/\\\/schoenstatt.com\\\/pt-pt\\\/se-nao-tivesse-conhecido-o-pe-kentenich-nunca-teria-me-tornado-sacerdote\\\/#breadcrumb\"},\"inLanguage\":\"pt-PT\",\"potentialAction\":[{\"@type\":\"ReadAction\",\"target\":[\"https:\\\/\\\/schoenstatt.com\\\/pt-pt\\\/se-nao-tivesse-conhecido-o-pe-kentenich-nunca-teria-me-tornado-sacerdote\\\/\"]}]},{\"@type\":\"ImageObject\",\"inLanguage\":\"pt-PT\",\"@id\":\"https:\\\/\\\/schoenstatt.com\\\/pt-pt\\\/se-nao-tivesse-conhecido-o-pe-kentenich-nunca-teria-me-tornado-sacerdote\\\/#primaryimage\",\"url\":\"https:\\\/\\\/schoenstatt.com\\\/wp-content\\\/uploads\\\/2021\\\/11\\\/PJK-1.jpg\",\"contentUrl\":\"https:\\\/\\\/schoenstatt.com\\\/wp-content\\\/uploads\\\/2021\\\/11\\\/PJK-1.jpg\",\"width\":1170,\"height\":400},{\"@type\":\"BreadcrumbList\",\"@id\":\"https:\\\/\\\/schoenstatt.com\\\/pt-pt\\\/se-nao-tivesse-conhecido-o-pe-kentenich-nunca-teria-me-tornado-sacerdote\\\/#breadcrumb\",\"itemListElement\":[{\"@type\":\"ListItem\",\"position\":1,\"name\":\"Portada\",\"item\":\"https:\\\/\\\/schoenstatt.com\\\/pt-pt\\\/home\\\/\"},{\"@type\":\"ListItem\",\"position\":2,\"name\":\"\u201cSe n\u00e3o tivesse conhecido o Pe. Kentenich, nunca teria me tornado sacerdote\u201d\"}]},{\"@type\":\"WebSite\",\"@id\":\"https:\\\/\\\/schoenstatt.com\\\/pt-pt\\\/#website\",\"url\":\"https:\\\/\\\/schoenstatt.com\\\/pt-pt\\\/\",\"name\":\"Schoenstatt\",\"description\":\"Apostolic Movement\",\"publisher\":{\"@id\":\"https:\\\/\\\/schoenstatt.com\\\/pt-pt\\\/#organization\"},\"potentialAction\":[{\"@type\":\"SearchAction\",\"target\":{\"@type\":\"EntryPoint\",\"urlTemplate\":\"https:\\\/\\\/schoenstatt.com\\\/pt-pt\\\/?s={search_term_string}\"},\"query-input\":{\"@type\":\"PropertyValueSpecification\",\"valueRequired\":true,\"valueName\":\"search_term_string\"}}],\"inLanguage\":\"pt-PT\"},{\"@type\":\"Organization\",\"@id\":\"https:\\\/\\\/schoenstatt.com\\\/pt-pt\\\/#organization\",\"name\":\"Schoenstatt\",\"url\":\"https:\\\/\\\/schoenstatt.com\\\/pt-pt\\\/\",\"logo\":{\"@type\":\"ImageObject\",\"inLanguage\":\"pt-PT\",\"@id\":\"https:\\\/\\\/schoenstatt.com\\\/pt-pt\\\/#\\\/schema\\\/logo\\\/image\\\/\",\"url\":\"https:\\\/\\\/schoenstatt.com\\\/wp-content\\\/uploads\\\/2025\\\/04\\\/logo-schoenstatt-white-696x696-1.png\",\"contentUrl\":\"https:\\\/\\\/schoenstatt.com\\\/wp-content\\\/uploads\\\/2025\\\/04\\\/logo-schoenstatt-white-696x696-1.png\",\"width\":696,\"height\":694,\"caption\":\"Schoenstatt\"},\"image\":{\"@id\":\"https:\\\/\\\/schoenstatt.com\\\/pt-pt\\\/#\\\/schema\\\/logo\\\/image\\\/\"}},{\"@type\":\"Person\",\"@id\":\"https:\\\/\\\/schoenstatt.com\\\/pt-pt\\\/#\\\/schema\\\/person\\\/5158877ad4acae98b34daaeef2a1ce6e\",\"name\":\"Karen Bueno\",\"image\":{\"@type\":\"ImageObject\",\"inLanguage\":\"pt-PT\",\"@id\":\"https:\\\/\\\/secure.gravatar.com\\\/avatar\\\/f9f4b823873154269d2b2130f195f6d41037dd0d7fc5f3cacb5c846bae70d66b?s=96&d=mm&r=g\",\"url\":\"https:\\\/\\\/secure.gravatar.com\\\/avatar\\\/f9f4b823873154269d2b2130f195f6d41037dd0d7fc5f3cacb5c846bae70d66b?s=96&d=mm&r=g\",\"contentUrl\":\"https:\\\/\\\/secure.gravatar.com\\\/avatar\\\/f9f4b823873154269d2b2130f195f6d41037dd0d7fc5f3cacb5c846bae70d66b?s=96&d=mm&r=g\",\"caption\":\"Karen Bueno\"},\"url\":\"https:\\\/\\\/schoenstatt.com\\\/pt-pt\\\/author\\\/karen-bueno\\\/\"}]}<\/script>\n<!-- \/ Yoast SEO Premium plugin. -->","yoast_head_json":{"title":"\u201cSe n\u00e3o tivesse conhecido o Pe. Kentenich, nunca teria me tornado sacerdote\u201d - Schoenstatt","description":"Pe. Kentenich foi ordenado sacerdote em 8 de julho de 1910 e continua inspirando a vida de muitos sacerdotes","robots":{"index":"index","follow":"follow","max-snippet":"max-snippet:-1","max-image-preview":"max-image-preview:large","max-video-preview":"max-video-preview:-1"},"canonical":"https:\/\/schoenstatt.com\/pt-pt\/se-nao-tivesse-conhecido-o-pe-kentenich-nunca-teria-me-tornado-sacerdote\/","og_locale":"pt_PT","og_type":"article","og_title":"\u201cSe n\u00e3o tivesse conhecido o Pe. Kentenich, nunca teria me tornado sacerdote\u201d","og_description":"Pe. Kentenich foi ordenado sacerdote em 8 de julho de 1910 e continua inspirando a vida de muitos sacerdotes","og_url":"https:\/\/schoenstatt.com\/pt-pt\/se-nao-tivesse-conhecido-o-pe-kentenich-nunca-teria-me-tornado-sacerdote\/","og_site_name":"Schoenstatt","article_published_time":"2023-07-08T04:37:29+00:00","article_modified_time":"2025-05-16T01:13:08+00:00","og_image":[{"width":1170,"height":400,"url":"https:\/\/schoenstatt.com\/wp-content\/uploads\/2021\/11\/PJK-1.jpg","type":"image\/jpeg"}],"author":"Karen Bueno","twitter_card":"summary_large_image","twitter_misc":{"Escrito por":"Karen Bueno","Tempo estimado de leitura":"5 minutos"},"schema":{"@context":"https:\/\/schema.org","@graph":[{"@type":"Article","@id":"https:\/\/schoenstatt.com\/pt-pt\/se-nao-tivesse-conhecido-o-pe-kentenich-nunca-teria-me-tornado-sacerdote\/#article","isPartOf":{"@id":"https:\/\/schoenstatt.com\/pt-pt\/se-nao-tivesse-conhecido-o-pe-kentenich-nunca-teria-me-tornado-sacerdote\/"},"author":{"name":"Karen Bueno","@id":"https:\/\/schoenstatt.com\/pt-pt\/#\/schema\/person\/5158877ad4acae98b34daaeef2a1ce6e"},"headline":"\u201cSe n\u00e3o tivesse conhecido o Pe. Kentenich, nunca teria me tornado sacerdote\u201d","datePublished":"2023-07-08T04:37:29+00:00","dateModified":"2025-05-16T01:13:08+00:00","mainEntityOfPage":{"@id":"https:\/\/schoenstatt.com\/pt-pt\/se-nao-tivesse-conhecido-o-pe-kentenich-nunca-teria-me-tornado-sacerdote\/"},"wordCount":923,"publisher":{"@id":"https:\/\/schoenstatt.com\/pt-pt\/#organization"},"image":{"@id":"https:\/\/schoenstatt.com\/pt-pt\/se-nao-tivesse-conhecido-o-pe-kentenich-nunca-teria-me-tornado-sacerdote\/#primaryimage"},"thumbnailUrl":"https:\/\/schoenstatt.com\/wp-content\/uploads\/2021\/11\/PJK-1.jpg","articleSection":["Espiritualidade","Pe. Jos\u00e9 Kentenich"],"inLanguage":"pt-PT"},{"@type":"WebPage","@id":"https:\/\/schoenstatt.com\/pt-pt\/se-nao-tivesse-conhecido-o-pe-kentenich-nunca-teria-me-tornado-sacerdote\/","url":"https:\/\/schoenstatt.com\/pt-pt\/se-nao-tivesse-conhecido-o-pe-kentenich-nunca-teria-me-tornado-sacerdote\/","name":"\u201cSe n\u00e3o tivesse conhecido o Pe. Kentenich, nunca teria me tornado sacerdote\u201d - Schoenstatt","isPartOf":{"@id":"https:\/\/schoenstatt.com\/pt-pt\/#website"},"primaryImageOfPage":{"@id":"https:\/\/schoenstatt.com\/pt-pt\/se-nao-tivesse-conhecido-o-pe-kentenich-nunca-teria-me-tornado-sacerdote\/#primaryimage"},"image":{"@id":"https:\/\/schoenstatt.com\/pt-pt\/se-nao-tivesse-conhecido-o-pe-kentenich-nunca-teria-me-tornado-sacerdote\/#primaryimage"},"thumbnailUrl":"https:\/\/schoenstatt.com\/wp-content\/uploads\/2021\/11\/PJK-1.jpg","datePublished":"2023-07-08T04:37:29+00:00","dateModified":"2025-05-16T01:13:08+00:00","description":"Pe. Kentenich foi ordenado sacerdote em 8 de julho de 1910 e continua inspirando a vida de muitos sacerdotes","breadcrumb":{"@id":"https:\/\/schoenstatt.com\/pt-pt\/se-nao-tivesse-conhecido-o-pe-kentenich-nunca-teria-me-tornado-sacerdote\/#breadcrumb"},"inLanguage":"pt-PT","potentialAction":[{"@type":"ReadAction","target":["https:\/\/schoenstatt.com\/pt-pt\/se-nao-tivesse-conhecido-o-pe-kentenich-nunca-teria-me-tornado-sacerdote\/"]}]},{"@type":"ImageObject","inLanguage":"pt-PT","@id":"https:\/\/schoenstatt.com\/pt-pt\/se-nao-tivesse-conhecido-o-pe-kentenich-nunca-teria-me-tornado-sacerdote\/#primaryimage","url":"https:\/\/schoenstatt.com\/wp-content\/uploads\/2021\/11\/PJK-1.jpg","contentUrl":"https:\/\/schoenstatt.com\/wp-content\/uploads\/2021\/11\/PJK-1.jpg","width":1170,"height":400},{"@type":"BreadcrumbList","@id":"https:\/\/schoenstatt.com\/pt-pt\/se-nao-tivesse-conhecido-o-pe-kentenich-nunca-teria-me-tornado-sacerdote\/#breadcrumb","itemListElement":[{"@type":"ListItem","position":1,"name":"Portada","item":"https:\/\/schoenstatt.com\/pt-pt\/home\/"},{"@type":"ListItem","position":2,"name":"\u201cSe n\u00e3o tivesse conhecido o Pe. Kentenich, nunca teria me tornado sacerdote\u201d"}]},{"@type":"WebSite","@id":"https:\/\/schoenstatt.com\/pt-pt\/#website","url":"https:\/\/schoenstatt.com\/pt-pt\/","name":"Schoenstatt","description":"Apostolic Movement","publisher":{"@id":"https:\/\/schoenstatt.com\/pt-pt\/#organization"},"potentialAction":[{"@type":"SearchAction","target":{"@type":"EntryPoint","urlTemplate":"https:\/\/schoenstatt.com\/pt-pt\/?s={search_term_string}"},"query-input":{"@type":"PropertyValueSpecification","valueRequired":true,"valueName":"search_term_string"}}],"inLanguage":"pt-PT"},{"@type":"Organization","@id":"https:\/\/schoenstatt.com\/pt-pt\/#organization","name":"Schoenstatt","url":"https:\/\/schoenstatt.com\/pt-pt\/","logo":{"@type":"ImageObject","inLanguage":"pt-PT","@id":"https:\/\/schoenstatt.com\/pt-pt\/#\/schema\/logo\/image\/","url":"https:\/\/schoenstatt.com\/wp-content\/uploads\/2025\/04\/logo-schoenstatt-white-696x696-1.png","contentUrl":"https:\/\/schoenstatt.com\/wp-content\/uploads\/2025\/04\/logo-schoenstatt-white-696x696-1.png","width":696,"height":694,"caption":"Schoenstatt"},"image":{"@id":"https:\/\/schoenstatt.com\/pt-pt\/#\/schema\/logo\/image\/"}},{"@type":"Person","@id":"https:\/\/schoenstatt.com\/pt-pt\/#\/schema\/person\/5158877ad4acae98b34daaeef2a1ce6e","name":"Karen Bueno","image":{"@type":"ImageObject","inLanguage":"pt-PT","@id":"https:\/\/secure.gravatar.com\/avatar\/f9f4b823873154269d2b2130f195f6d41037dd0d7fc5f3cacb5c846bae70d66b?s=96&d=mm&r=g","url":"https:\/\/secure.gravatar.com\/avatar\/f9f4b823873154269d2b2130f195f6d41037dd0d7fc5f3cacb5c846bae70d66b?s=96&d=mm&r=g","contentUrl":"https:\/\/secure.gravatar.com\/avatar\/f9f4b823873154269d2b2130f195f6d41037dd0d7fc5f3cacb5c846bae70d66b?s=96&d=mm&r=g","caption":"Karen Bueno"},"url":"https:\/\/schoenstatt.com\/pt-pt\/author\/karen-bueno\/"}]}},"_links":{"self":[{"href":"https:\/\/schoenstatt.com\/pt-pt\/wp-json\/wp\/v2\/posts\/21383","targetHints":{"allow":["GET"]}}],"collection":[{"href":"https:\/\/schoenstatt.com\/pt-pt\/wp-json\/wp\/v2\/posts"}],"about":[{"href":"https:\/\/schoenstatt.com\/pt-pt\/wp-json\/wp\/v2\/types\/post"}],"author":[{"embeddable":true,"href":"https:\/\/schoenstatt.com\/pt-pt\/wp-json\/wp\/v2\/users\/3"}],"replies":[{"embeddable":true,"href":"https:\/\/schoenstatt.com\/pt-pt\/wp-json\/wp\/v2\/comments?post=21383"}],"version-history":[{"count":1,"href":"https:\/\/schoenstatt.com\/pt-pt\/wp-json\/wp\/v2\/posts\/21383\/revisions"}],"predecessor-version":[{"id":46080,"href":"https:\/\/schoenstatt.com\/pt-pt\/wp-json\/wp\/v2\/posts\/21383\/revisions\/46080"}],"wp:featuredmedia":[{"embeddable":true,"href":"https:\/\/schoenstatt.com\/pt-pt\/wp-json\/wp\/v2\/media\/21422"}],"wp:attachment":[{"href":"https:\/\/schoenstatt.com\/pt-pt\/wp-json\/wp\/v2\/media?parent=21383"}],"wp:term":[{"taxonomy":"category","embeddable":true,"href":"https:\/\/schoenstatt.com\/pt-pt\/wp-json\/wp\/v2\/categories?post=21383"},{"taxonomy":"post_tag","embeddable":true,"href":"https:\/\/schoenstatt.com\/pt-pt\/wp-json\/wp\/v2\/tags?post=21383"}],"curies":[{"name":"wp","href":"https:\/\/api.w.org\/{rel}","templated":true}]}}