{"id":20790,"date":"2021-08-01T16:12:26","date_gmt":"2021-08-01T14:12:26","guid":{"rendered":"https:\/\/schoenstatt.com\/espiritualidade\/the-blessed-mother-in-the-new-marian-temple-in-costa-rica\/"},"modified":"2025-05-16T01:45:41","modified_gmt":"2025-05-15T23:45:41","slug":"igreja-na-costa-rica-ganha-vitral-da-mae-de-deus","status":"publish","type":"post","link":"https:\/\/schoenstatt.com\/pt-pt\/igreja-na-costa-rica-ganha-vitral-da-mae-de-deus\/","title":{"rendered":"Igreja na Costa Rica ganha vitral da M\u00e3e de Deus"},"content":{"rendered":"<h3>Schoenstatt Costa Rica\u00a0est\u00e1 se organizando para cobrir o custo do vitral.<\/h3>\n<p>A not\u00edcia da constru\u00e7\u00e3o de uma grande igreja mariana \u00e9 causa de alegria para\u00a0 a Fam\u00edlia de Schoenstatt em Costa Rica. E mais ainda porque um dos vitrais foi planejado para ter a imagem da M\u00e3e de Schoenstatt.<\/p>\n<p>Isto motivou a Fam\u00edlia de Schoenstatt da Zona Leste a organizar uma campanha com o desejo de poder doar, cobrindo o custo do vitral, o que foi um sucesso. O respons\u00e1vel por este grande trabalho \u00e9 o engenheiro Juan Carlos Baeza, membro da Fam\u00edlia da Zona Leste.<\/p>\n<p><img fetchpriority=\"high\" decoding=\"async\" class=\"aligncenter wp-image-20773 size-full\" src=\"https:\/\/schoenstatt.com\/wp-content\/uploads\/2021\/11\/Guadalupe-y-Mater.jpeg\" alt=\"\" width=\"768\" height=\"1024\" \/><\/p>\n<h3>Igreja com estilo octogonal que representa a nova cria\u00e7\u00e3o<\/h3>\n<p>A M\u00e3e de Schoenstatt est\u00e1 na nova igreja da Par\u00f3quia da Imaculada Concei\u00e7\u00e3o, localizada em Uni\u00e3o de Cartago, Costa Rica. E a 15 minutos de San Jos\u00e9, a capital nacional, e mais ou menos 40 minutos do Santu\u00e1rio de Schoenstatt.<\/p>\n<p>A imagem faz parte de um grupo de dezesseis invoca\u00e7\u00f5es em honra da M\u00e3e de Deus. Obra que s\u00e3o representadas por diferentes \u00edcones originais criados pela artista costa-riquenha Paula en el Bosque. Cada \u00edcone est\u00e1 localizado em uma janela com mais de seis metros de altura. Juntos eles formam o ambiente arquitet\u00f4nico do templo, que foi projetado pelo arquiteto Paul Barboza Ag\u00fcero. Tem estilo octogonal que representa a nova cria\u00e7\u00e3o, onde os crist\u00e3os podem se encontrar ao redor do altar em assembleia.<\/p>\n<p>Juan Carlos Baeza, sente-se honrado por ser o diretor do grande projeto.\u00a0 Por encargo do P\u00e1roco, Pe. Denis F\u00e9liz De La Cruz, recebeu o chamado para construir uma nova igreja para a comunidade de Concepci\u00f3n de la Uni\u00f3n. Dado o crescimento da popula\u00e7\u00e3o, se fez necess\u00e1rio ter um espa\u00e7o maior para a celebra\u00e7\u00e3o da Eucaristia.<\/p>\n<p>Devido a suas caracter\u00edsticas, este\u00a0 santu\u00e1rio mariano\u00a0 aproximar\u00e1 o povo, de Jesus e da Sant\u00edssima Virgem Maria.\u00a0 Ela que \u00e9 a nova Arca da Alian\u00e7a. Ela carrega a lei cumprida, Jesus Cristo, que \u00e9 amor.<\/p>\n<p>Por sus caracter\u00edsticas, este ser\u00e1 un santuario mariano, que va permitir acercar al pueblo a Jes\u00fas y a la Sant\u00edsima Virgen Mar\u00eda, quien es la nueva Arca de la Alianza. Ella lleva la ley cumplida, Jesucristo, que es amor.<\/p>\n<p><img decoding=\"async\" class=\"aligncenter wp-image-20769 size-full\" src=\"https:\/\/schoenstatt.com\/wp-content\/uploads\/2021\/10\/Mater-1.jpeg\" alt=\"\" width=\"384\" height=\"1024\" \/><\/p>\n<h3>Importante \u00e9 dar sempre o melhor de cada um de n\u00f3s em tudo o que fazemos<\/h3>\n<p>Juan Carlos Baeza expressou que nunca imaginou que seria capaz de trabalhar em um projeto t\u00e3o importante em sua vida. Mas o que ele tem certeza \u00e9 que a M\u00e3e e Rainha preparou seu cora\u00e7\u00e3o para se entregar em cada detalhe com cuidado e desprendimento para a honra e gl\u00f3ria do Pai celestial.<\/p>\n<p>E acrescentou: \u201cDurante todo este processo eu experimentei o mist\u00e9rio da Divina Provid\u00eancia. J\u00e1 que toda alegria, problema ou situa\u00e7\u00e3o que surgiu faz parte do plano perfeito de Deus.\u00a0 Porque tudo tem seu tempo, o que muitas vezes \u00e9 dif\u00edcil de entender. Somente quando se tem f\u00e9 no trabalho que Ele confia, a espera e todo o esfor\u00e7o valem a pena. Ele acrescentou que \u201ctem sido impressionante ver como o trabalho que tem sido feito dia ap\u00f3s dia tem tido um impacto em tantas pessoas. \u00c9 por isso que \u00e9 importante dar sempre o melhor de cada um de n\u00f3s em tudo o que fazemos, porque Deus est\u00e1 sempre trabalhando.<\/p>\n<p>Finalmente, o engenheiro Baeza agradece a todas as pessoas que trabalharam com ele de diferentes maneiras ao longo do processo de constru\u00e7\u00e3o e sua esposa Carolina, que tem sido um pilar incondicional para este trabalho.<\/p>\n<p><img decoding=\"async\" class=\"aligncenter wp-image-20777 size-full\" src=\"https:\/\/schoenstatt.com\/wp-content\/uploads\/2021\/11\/Juan-Carlos-Baeza-esposa-Carolina-hijas-Isabela-y-Valentina-Copia-1.jpeg\" alt=\"\" width=\"858\" height=\"454\" \/><\/p>\n<h3>A Igreja ser\u00e1 em breve conclu\u00edda com o apoio de todos<\/h3>\n<p>E ele termina: \u201cTodas as ora\u00e7\u00f5es, b\u00ean\u00e7\u00e3os, belas palavras, gestos, tantas coisas boas que as pessoas tiveram comigo, me d\u00e3o for\u00e7as para seguir em frente e ver que este trabalho transcende suas vidas\u201d. Estou certo de que com a intercess\u00e3o da M\u00e3e de Deus e o apoio de todos veremos em breve a conclus\u00e3o deste Santu\u00e1rio Mariano. Portanto, convido-os a fazer a sua parte e fazer parte desta grande b\u00ean\u00e7\u00e3o.<\/p>\n<p>\u201cToda casa \u00e9 constru\u00edda por algu\u00e9m, mas o construtor de tudo \u00e9 Deus\u201d. Heb 3,4<\/p>\n<p>Agradecemos cada doa\u00e7\u00e3o \u00e0 Par\u00f3quia da Imaculada Concei\u00e7\u00e3o, que pode ser feita atrav\u00e9s do telefone +506-2279 5760.<\/p>\n","protected":false},"excerpt":{"rendered":"<p>A 15 minutos de San Jos\u00e9, \u00e9 dedicado um vitral \u00e0 M\u00e3e e Rainha de Schoenstatt<\/p>\n","protected":false},"author":3,"featured_media":20780,"comment_status":"closed","ping_status":"open","sticky":false,"template":"","format":"standard","meta":{"footnotes":""},"categories":[625,869],"tags":[244],"class_list":["post-20790","post","type-post","status-publish","format-standard","has-post-thumbnail","hentry","category-america-pt-pt","category-paises-pt-pt","tag-schoenstatt-costa-rica-pt-pt"],"yoast_head":"<!-- This site is optimized with the Yoast SEO Premium plugin v27.4 (Yoast SEO v27.4) - https:\/\/yoast.com\/product\/yoast-seo-premium-wordpress\/ -->\n<title>Igreja na Costa Rica ganha vitral da M\u00e3e de Deus - Schoenstatt<\/title>\n<meta name=\"description\" content=\"Igreja na Costa Rica. Junto com outras 15 invoca\u00e7\u00f5es de Nossa Senhora \u00e9 colocado um um vitral de 6 metros de altura como sinal de devo\u00e7\u00e3o.\" \/>\n<meta name=\"robots\" content=\"index, follow, max-snippet:-1, max-image-preview:large, max-video-preview:-1\" \/>\n<link rel=\"canonical\" href=\"https:\/\/schoenstatt.com\/pt-pt\/igreja-na-costa-rica-ganha-vitral-da-mae-de-deus\/\" \/>\n<meta property=\"og:locale\" content=\"pt_PT\" \/>\n<meta property=\"og:type\" content=\"article\" \/>\n<meta property=\"og:title\" content=\"Igreja na Costa Rica ganha vitral da M\u00e3e de Deus\" \/>\n<meta property=\"og:description\" content=\"Igreja na Costa Rica. Junto com outras 15 invoca\u00e7\u00f5es de Nossa Senhora \u00e9 colocado um um vitral de 6 metros de altura como sinal de devo\u00e7\u00e3o.\" \/>\n<meta property=\"og:url\" content=\"https:\/\/schoenstatt.com\/pt-pt\/igreja-na-costa-rica-ganha-vitral-da-mae-de-deus\/\" \/>\n<meta property=\"og:site_name\" content=\"Schoenstatt\" \/>\n<meta property=\"article:published_time\" content=\"2021-08-01T14:12:26+00:00\" \/>\n<meta property=\"article:modified_time\" content=\"2025-05-15T23:45:41+00:00\" \/>\n<meta property=\"og:image\" content=\"https:\/\/schoenstatt.com\/wp-content\/uploads\/2021\/11\/templo-exterior-1-1.jpeg\" \/>\n\t<meta property=\"og:image:width\" content=\"1024\" \/>\n\t<meta property=\"og:image:height\" content=\"768\" \/>\n\t<meta property=\"og:image:type\" content=\"image\/jpeg\" \/>\n<meta name=\"author\" content=\"Karen Bueno\" \/>\n<meta name=\"twitter:card\" content=\"summary_large_image\" \/>\n<meta name=\"twitter:label1\" content=\"Escrito por\" \/>\n\t<meta name=\"twitter:data1\" content=\"Karen Bueno\" \/>\n\t<meta name=\"twitter:label2\" content=\"Tempo estimado de leitura\" \/>\n\t<meta name=\"twitter:data2\" content=\"1 minuto\" \/>\n<script type=\"application\/ld+json\" class=\"yoast-schema-graph\">{\"@context\":\"https:\\\/\\\/schema.org\",\"@graph\":[{\"@type\":\"Article\",\"@id\":\"https:\\\/\\\/schoenstatt.com\\\/pt-pt\\\/igreja-na-costa-rica-ganha-vitral-da-mae-de-deus\\\/#article\",\"isPartOf\":{\"@id\":\"https:\\\/\\\/schoenstatt.com\\\/pt-pt\\\/igreja-na-costa-rica-ganha-vitral-da-mae-de-deus\\\/\"},\"author\":{\"name\":\"Karen Bueno\",\"@id\":\"https:\\\/\\\/schoenstatt.com\\\/pt-pt\\\/#\\\/schema\\\/person\\\/5158877ad4acae98b34daaeef2a1ce6e\"},\"headline\":\"Igreja na Costa Rica ganha vitral da M\u00e3e de Deus\",\"datePublished\":\"2021-08-01T14:12:26+00:00\",\"dateModified\":\"2025-05-15T23:45:41+00:00\",\"mainEntityOfPage\":{\"@id\":\"https:\\\/\\\/schoenstatt.com\\\/pt-pt\\\/igreja-na-costa-rica-ganha-vitral-da-mae-de-deus\\\/\"},\"wordCount\":746,\"publisher\":{\"@id\":\"https:\\\/\\\/schoenstatt.com\\\/pt-pt\\\/#organization\"},\"image\":{\"@id\":\"https:\\\/\\\/schoenstatt.com\\\/pt-pt\\\/igreja-na-costa-rica-ganha-vitral-da-mae-de-deus\\\/#primaryimage\"},\"thumbnailUrl\":\"https:\\\/\\\/schoenstatt.com\\\/wp-content\\\/uploads\\\/2021\\\/11\\\/templo-exterior-1-1.jpeg\",\"keywords\":[\"Schoenstatt Costa Rica\"],\"articleSection\":[\"Am\u00e9rica\",\"Pa\u00edses\"],\"inLanguage\":\"pt-PT\"},{\"@type\":\"WebPage\",\"@id\":\"https:\\\/\\\/schoenstatt.com\\\/pt-pt\\\/igreja-na-costa-rica-ganha-vitral-da-mae-de-deus\\\/\",\"url\":\"https:\\\/\\\/schoenstatt.com\\\/pt-pt\\\/igreja-na-costa-rica-ganha-vitral-da-mae-de-deus\\\/\",\"name\":\"Igreja na Costa Rica ganha vitral da M\u00e3e de Deus - Schoenstatt\",\"isPartOf\":{\"@id\":\"https:\\\/\\\/schoenstatt.com\\\/pt-pt\\\/#website\"},\"primaryImageOfPage\":{\"@id\":\"https:\\\/\\\/schoenstatt.com\\\/pt-pt\\\/igreja-na-costa-rica-ganha-vitral-da-mae-de-deus\\\/#primaryimage\"},\"image\":{\"@id\":\"https:\\\/\\\/schoenstatt.com\\\/pt-pt\\\/igreja-na-costa-rica-ganha-vitral-da-mae-de-deus\\\/#primaryimage\"},\"thumbnailUrl\":\"https:\\\/\\\/schoenstatt.com\\\/wp-content\\\/uploads\\\/2021\\\/11\\\/templo-exterior-1-1.jpeg\",\"datePublished\":\"2021-08-01T14:12:26+00:00\",\"dateModified\":\"2025-05-15T23:45:41+00:00\",\"description\":\"Igreja na Costa Rica. Junto com outras 15 invoca\u00e7\u00f5es de Nossa Senhora \u00e9 colocado um um vitral de 6 metros de altura como sinal de devo\u00e7\u00e3o.\",\"breadcrumb\":{\"@id\":\"https:\\\/\\\/schoenstatt.com\\\/pt-pt\\\/igreja-na-costa-rica-ganha-vitral-da-mae-de-deus\\\/#breadcrumb\"},\"inLanguage\":\"pt-PT\",\"potentialAction\":[{\"@type\":\"ReadAction\",\"target\":[\"https:\\\/\\\/schoenstatt.com\\\/pt-pt\\\/igreja-na-costa-rica-ganha-vitral-da-mae-de-deus\\\/\"]}]},{\"@type\":\"ImageObject\",\"inLanguage\":\"pt-PT\",\"@id\":\"https:\\\/\\\/schoenstatt.com\\\/pt-pt\\\/igreja-na-costa-rica-ganha-vitral-da-mae-de-deus\\\/#primaryimage\",\"url\":\"https:\\\/\\\/schoenstatt.com\\\/wp-content\\\/uploads\\\/2021\\\/11\\\/templo-exterior-1-1.jpeg\",\"contentUrl\":\"https:\\\/\\\/schoenstatt.com\\\/wp-content\\\/uploads\\\/2021\\\/11\\\/templo-exterior-1-1.jpeg\",\"width\":1024,\"height\":768,\"caption\":\"Church in Costa Rica\"},{\"@type\":\"BreadcrumbList\",\"@id\":\"https:\\\/\\\/schoenstatt.com\\\/pt-pt\\\/igreja-na-costa-rica-ganha-vitral-da-mae-de-deus\\\/#breadcrumb\",\"itemListElement\":[{\"@type\":\"ListItem\",\"position\":1,\"name\":\"Portada\",\"item\":\"https:\\\/\\\/schoenstatt.com\\\/pt-pt\\\/home\\\/\"},{\"@type\":\"ListItem\",\"position\":2,\"name\":\"Igreja na Costa Rica ganha vitral da M\u00e3e de Deus\"}]},{\"@type\":\"WebSite\",\"@id\":\"https:\\\/\\\/schoenstatt.com\\\/pt-pt\\\/#website\",\"url\":\"https:\\\/\\\/schoenstatt.com\\\/pt-pt\\\/\",\"name\":\"Schoenstatt\",\"description\":\"Apostolic Movement\",\"publisher\":{\"@id\":\"https:\\\/\\\/schoenstatt.com\\\/pt-pt\\\/#organization\"},\"potentialAction\":[{\"@type\":\"SearchAction\",\"target\":{\"@type\":\"EntryPoint\",\"urlTemplate\":\"https:\\\/\\\/schoenstatt.com\\\/pt-pt\\\/?s={search_term_string}\"},\"query-input\":{\"@type\":\"PropertyValueSpecification\",\"valueRequired\":true,\"valueName\":\"search_term_string\"}}],\"inLanguage\":\"pt-PT\"},{\"@type\":\"Organization\",\"@id\":\"https:\\\/\\\/schoenstatt.com\\\/pt-pt\\\/#organization\",\"name\":\"Schoenstatt\",\"url\":\"https:\\\/\\\/schoenstatt.com\\\/pt-pt\\\/\",\"logo\":{\"@type\":\"ImageObject\",\"inLanguage\":\"pt-PT\",\"@id\":\"https:\\\/\\\/schoenstatt.com\\\/pt-pt\\\/#\\\/schema\\\/logo\\\/image\\\/\",\"url\":\"https:\\\/\\\/schoenstatt.com\\\/wp-content\\\/uploads\\\/2025\\\/04\\\/logo-schoenstatt-white-696x696-1.png\",\"contentUrl\":\"https:\\\/\\\/schoenstatt.com\\\/wp-content\\\/uploads\\\/2025\\\/04\\\/logo-schoenstatt-white-696x696-1.png\",\"width\":696,\"height\":694,\"caption\":\"Schoenstatt\"},\"image\":{\"@id\":\"https:\\\/\\\/schoenstatt.com\\\/pt-pt\\\/#\\\/schema\\\/logo\\\/image\\\/\"}},{\"@type\":\"Person\",\"@id\":\"https:\\\/\\\/schoenstatt.com\\\/pt-pt\\\/#\\\/schema\\\/person\\\/5158877ad4acae98b34daaeef2a1ce6e\",\"name\":\"Karen Bueno\",\"image\":{\"@type\":\"ImageObject\",\"inLanguage\":\"pt-PT\",\"@id\":\"https:\\\/\\\/secure.gravatar.com\\\/avatar\\\/f9f4b823873154269d2b2130f195f6d41037dd0d7fc5f3cacb5c846bae70d66b?s=96&d=mm&r=g\",\"url\":\"https:\\\/\\\/secure.gravatar.com\\\/avatar\\\/f9f4b823873154269d2b2130f195f6d41037dd0d7fc5f3cacb5c846bae70d66b?s=96&d=mm&r=g\",\"contentUrl\":\"https:\\\/\\\/secure.gravatar.com\\\/avatar\\\/f9f4b823873154269d2b2130f195f6d41037dd0d7fc5f3cacb5c846bae70d66b?s=96&d=mm&r=g\",\"caption\":\"Karen Bueno\"},\"url\":\"https:\\\/\\\/schoenstatt.com\\\/pt-pt\\\/author\\\/karen-bueno\\\/\"}]}<\/script>\n<!-- \/ Yoast SEO Premium plugin. -->","yoast_head_json":{"title":"Igreja na Costa Rica ganha vitral da M\u00e3e de Deus - Schoenstatt","description":"Igreja na Costa Rica. Junto com outras 15 invoca\u00e7\u00f5es de Nossa Senhora \u00e9 colocado um um vitral de 6 metros de altura como sinal de devo\u00e7\u00e3o.","robots":{"index":"index","follow":"follow","max-snippet":"max-snippet:-1","max-image-preview":"max-image-preview:large","max-video-preview":"max-video-preview:-1"},"canonical":"https:\/\/schoenstatt.com\/pt-pt\/igreja-na-costa-rica-ganha-vitral-da-mae-de-deus\/","og_locale":"pt_PT","og_type":"article","og_title":"Igreja na Costa Rica ganha vitral da M\u00e3e de Deus","og_description":"Igreja na Costa Rica. Junto com outras 15 invoca\u00e7\u00f5es de Nossa Senhora \u00e9 colocado um um vitral de 6 metros de altura como sinal de devo\u00e7\u00e3o.","og_url":"https:\/\/schoenstatt.com\/pt-pt\/igreja-na-costa-rica-ganha-vitral-da-mae-de-deus\/","og_site_name":"Schoenstatt","article_published_time":"2021-08-01T14:12:26+00:00","article_modified_time":"2025-05-15T23:45:41+00:00","og_image":[{"width":1024,"height":768,"url":"https:\/\/schoenstatt.com\/wp-content\/uploads\/2021\/11\/templo-exterior-1-1.jpeg","type":"image\/jpeg"}],"author":"Karen Bueno","twitter_card":"summary_large_image","twitter_misc":{"Escrito por":"Karen Bueno","Tempo estimado de leitura":"1 minuto"},"schema":{"@context":"https:\/\/schema.org","@graph":[{"@type":"Article","@id":"https:\/\/schoenstatt.com\/pt-pt\/igreja-na-costa-rica-ganha-vitral-da-mae-de-deus\/#article","isPartOf":{"@id":"https:\/\/schoenstatt.com\/pt-pt\/igreja-na-costa-rica-ganha-vitral-da-mae-de-deus\/"},"author":{"name":"Karen Bueno","@id":"https:\/\/schoenstatt.com\/pt-pt\/#\/schema\/person\/5158877ad4acae98b34daaeef2a1ce6e"},"headline":"Igreja na Costa Rica ganha vitral da M\u00e3e de Deus","datePublished":"2021-08-01T14:12:26+00:00","dateModified":"2025-05-15T23:45:41+00:00","mainEntityOfPage":{"@id":"https:\/\/schoenstatt.com\/pt-pt\/igreja-na-costa-rica-ganha-vitral-da-mae-de-deus\/"},"wordCount":746,"publisher":{"@id":"https:\/\/schoenstatt.com\/pt-pt\/#organization"},"image":{"@id":"https:\/\/schoenstatt.com\/pt-pt\/igreja-na-costa-rica-ganha-vitral-da-mae-de-deus\/#primaryimage"},"thumbnailUrl":"https:\/\/schoenstatt.com\/wp-content\/uploads\/2021\/11\/templo-exterior-1-1.jpeg","keywords":["Schoenstatt Costa Rica"],"articleSection":["Am\u00e9rica","Pa\u00edses"],"inLanguage":"pt-PT"},{"@type":"WebPage","@id":"https:\/\/schoenstatt.com\/pt-pt\/igreja-na-costa-rica-ganha-vitral-da-mae-de-deus\/","url":"https:\/\/schoenstatt.com\/pt-pt\/igreja-na-costa-rica-ganha-vitral-da-mae-de-deus\/","name":"Igreja na Costa Rica ganha vitral da M\u00e3e de Deus - Schoenstatt","isPartOf":{"@id":"https:\/\/schoenstatt.com\/pt-pt\/#website"},"primaryImageOfPage":{"@id":"https:\/\/schoenstatt.com\/pt-pt\/igreja-na-costa-rica-ganha-vitral-da-mae-de-deus\/#primaryimage"},"image":{"@id":"https:\/\/schoenstatt.com\/pt-pt\/igreja-na-costa-rica-ganha-vitral-da-mae-de-deus\/#primaryimage"},"thumbnailUrl":"https:\/\/schoenstatt.com\/wp-content\/uploads\/2021\/11\/templo-exterior-1-1.jpeg","datePublished":"2021-08-01T14:12:26+00:00","dateModified":"2025-05-15T23:45:41+00:00","description":"Igreja na Costa Rica. Junto com outras 15 invoca\u00e7\u00f5es de Nossa Senhora \u00e9 colocado um um vitral de 6 metros de altura como sinal de devo\u00e7\u00e3o.","breadcrumb":{"@id":"https:\/\/schoenstatt.com\/pt-pt\/igreja-na-costa-rica-ganha-vitral-da-mae-de-deus\/#breadcrumb"},"inLanguage":"pt-PT","potentialAction":[{"@type":"ReadAction","target":["https:\/\/schoenstatt.com\/pt-pt\/igreja-na-costa-rica-ganha-vitral-da-mae-de-deus\/"]}]},{"@type":"ImageObject","inLanguage":"pt-PT","@id":"https:\/\/schoenstatt.com\/pt-pt\/igreja-na-costa-rica-ganha-vitral-da-mae-de-deus\/#primaryimage","url":"https:\/\/schoenstatt.com\/wp-content\/uploads\/2021\/11\/templo-exterior-1-1.jpeg","contentUrl":"https:\/\/schoenstatt.com\/wp-content\/uploads\/2021\/11\/templo-exterior-1-1.jpeg","width":1024,"height":768,"caption":"Church in Costa Rica"},{"@type":"BreadcrumbList","@id":"https:\/\/schoenstatt.com\/pt-pt\/igreja-na-costa-rica-ganha-vitral-da-mae-de-deus\/#breadcrumb","itemListElement":[{"@type":"ListItem","position":1,"name":"Portada","item":"https:\/\/schoenstatt.com\/pt-pt\/home\/"},{"@type":"ListItem","position":2,"name":"Igreja na Costa Rica ganha vitral da M\u00e3e de Deus"}]},{"@type":"WebSite","@id":"https:\/\/schoenstatt.com\/pt-pt\/#website","url":"https:\/\/schoenstatt.com\/pt-pt\/","name":"Schoenstatt","description":"Apostolic Movement","publisher":{"@id":"https:\/\/schoenstatt.com\/pt-pt\/#organization"},"potentialAction":[{"@type":"SearchAction","target":{"@type":"EntryPoint","urlTemplate":"https:\/\/schoenstatt.com\/pt-pt\/?s={search_term_string}"},"query-input":{"@type":"PropertyValueSpecification","valueRequired":true,"valueName":"search_term_string"}}],"inLanguage":"pt-PT"},{"@type":"Organization","@id":"https:\/\/schoenstatt.com\/pt-pt\/#organization","name":"Schoenstatt","url":"https:\/\/schoenstatt.com\/pt-pt\/","logo":{"@type":"ImageObject","inLanguage":"pt-PT","@id":"https:\/\/schoenstatt.com\/pt-pt\/#\/schema\/logo\/image\/","url":"https:\/\/schoenstatt.com\/wp-content\/uploads\/2025\/04\/logo-schoenstatt-white-696x696-1.png","contentUrl":"https:\/\/schoenstatt.com\/wp-content\/uploads\/2025\/04\/logo-schoenstatt-white-696x696-1.png","width":696,"height":694,"caption":"Schoenstatt"},"image":{"@id":"https:\/\/schoenstatt.com\/pt-pt\/#\/schema\/logo\/image\/"}},{"@type":"Person","@id":"https:\/\/schoenstatt.com\/pt-pt\/#\/schema\/person\/5158877ad4acae98b34daaeef2a1ce6e","name":"Karen Bueno","image":{"@type":"ImageObject","inLanguage":"pt-PT","@id":"https:\/\/secure.gravatar.com\/avatar\/f9f4b823873154269d2b2130f195f6d41037dd0d7fc5f3cacb5c846bae70d66b?s=96&d=mm&r=g","url":"https:\/\/secure.gravatar.com\/avatar\/f9f4b823873154269d2b2130f195f6d41037dd0d7fc5f3cacb5c846bae70d66b?s=96&d=mm&r=g","contentUrl":"https:\/\/secure.gravatar.com\/avatar\/f9f4b823873154269d2b2130f195f6d41037dd0d7fc5f3cacb5c846bae70d66b?s=96&d=mm&r=g","caption":"Karen Bueno"},"url":"https:\/\/schoenstatt.com\/pt-pt\/author\/karen-bueno\/"}]}},"_links":{"self":[{"href":"https:\/\/schoenstatt.com\/pt-pt\/wp-json\/wp\/v2\/posts\/20790","targetHints":{"allow":["GET"]}}],"collection":[{"href":"https:\/\/schoenstatt.com\/pt-pt\/wp-json\/wp\/v2\/posts"}],"about":[{"href":"https:\/\/schoenstatt.com\/pt-pt\/wp-json\/wp\/v2\/types\/post"}],"author":[{"embeddable":true,"href":"https:\/\/schoenstatt.com\/pt-pt\/wp-json\/wp\/v2\/users\/3"}],"replies":[{"embeddable":true,"href":"https:\/\/schoenstatt.com\/pt-pt\/wp-json\/wp\/v2\/comments?post=20790"}],"version-history":[{"count":1,"href":"https:\/\/schoenstatt.com\/pt-pt\/wp-json\/wp\/v2\/posts\/20790\/revisions"}],"predecessor-version":[{"id":44602,"href":"https:\/\/schoenstatt.com\/pt-pt\/wp-json\/wp\/v2\/posts\/20790\/revisions\/44602"}],"wp:featuredmedia":[{"embeddable":true,"href":"https:\/\/schoenstatt.com\/pt-pt\/wp-json\/wp\/v2\/media\/20780"}],"wp:attachment":[{"href":"https:\/\/schoenstatt.com\/pt-pt\/wp-json\/wp\/v2\/media?parent=20790"}],"wp:term":[{"taxonomy":"category","embeddable":true,"href":"https:\/\/schoenstatt.com\/pt-pt\/wp-json\/wp\/v2\/categories?post=20790"},{"taxonomy":"post_tag","embeddable":true,"href":"https:\/\/schoenstatt.com\/pt-pt\/wp-json\/wp\/v2\/tags?post=20790"}],"curies":[{"name":"wp","href":"https:\/\/api.w.org\/{rel}","templated":true}]}}