{"id":20718,"date":"2021-10-28T15:05:24","date_gmt":"2021-10-28T13:05:24","guid":{"rendered":"https:\/\/schoenstatt.com\/?p=20718"},"modified":"2025-08-15T18:50:33","modified_gmt":"2025-08-15T16:50:33","slug":"o-equador-lanca-um-livro-sobre-a-historia-de-schoenstatt-na-sua-terra","status":"publish","type":"post","link":"https:\/\/schoenstatt.com\/pt-pt\/o-equador-lanca-um-livro-sobre-a-historia-de-schoenstatt-na-sua-terra\/","title":{"rendered":"O Equador lan\u00e7a um livro sobre a hist\u00f3ria de Schoenstatt na sua terra"},"content":{"rendered":"<p>No \u00faltimo dia 18 de outubro, no marco do ano jubilar do 50\u00ba Anivers\u00e1rio do nosso Santu\u00e1rio Nacional, a Fam\u00edlia de Schoenstatt do Equador celebrou um Dia da Alian\u00e7a muito especial. Foi entregue \u00e0 M\u00e3e de Deus a hist\u00f3ria do Movimento no Equador, na terra quente da Alian\u00e7a.<\/p>\n<p>O livro &#8220;Raiz de barro e sangue novo&#8221;, em tradu\u00e7\u00e3o literal, \u00e9 um t\u00edtulo que evoca o esp\u00edrito partilhado por aqueles que come\u00e7aram essa grande aventura. Desde o in\u00edcio, a atitude de pequenez, coerente com o simbolismo do barro, \u00e9 latente. Esta percep\u00e7\u00e3o da pequenez dos instrumentos coincide precisamente com o pensamento do fundador de Schoenstatt, Padre Jos\u00e9 Kentenich, quando escreveu na sua carta \u00e0 Fam\u00edlia:<\/p>\n<p>&#8220;Sem d\u00favida que Schoenstatt no Equador n\u00e3o acontecer\u00e1 sem as leis do reino: a pequenez dos instrumentos, a magnitude das dificuldades e a magnitude do sucesso&#8221;.<\/p>\n<p>Schoenstatt chegou ao Equador gra\u00e7as ao sim dos cora\u00e7\u00f5es simples. A express\u00e3o &#8220;sangue novo&#8221; convida-nos a regressar \u00e0s origens a fim de reacender a vida, renovada, numa \u00e9poca que exige hero\u00edsmo. Aqueles que est\u00e3o imersos na espiritualidade de Schoenstatt sabem que quanto maior for a dificuldade, maior ser\u00e1 a sua heran\u00e7a, a vontade de aceitar a adversidade.<\/p>\n<h4>Trazendo \u00e0 luz a vida que trouxeram os protagonistas, quando se apaixonaram pelo projeto de funda\u00e7\u00e3o<\/h4>\n<p><img fetchpriority=\"high\" decoding=\"async\" class=\"aligncenter wp-image-20702 size-large\" src=\"https:\/\/schoenstatt.com\/wp-content\/uploads\/2021\/11\/Lanzamiento-3-1024x576.jpeg\" alt=\"livro no Equador\" width=\"800\" height=\"450\" \/><\/p>\n<p>&#8220;Raiz de barro e sangue novo\u201d foi escrito pela Ir. Virginia \u00c1lvarez, In\u00e9s Gonzenbach de Vernaza e Anita Loor de Dahik, que, admiravelmente, com a sua tenacidade, entusiasmo e amor, escreveram esse valioso livro que consigna ricos vest\u00edgios da nossa hist\u00f3ria de Schoenstatt no Equador. O livro foi terminado no meio da pandemia e por isso tem a marca ou selo do nosso fundador de n\u00e3o parar e projetar esperan\u00e7a.<\/p>\n<p>N\u00e3o \u00e9 uma cronologia ou uma sequ\u00eancia de acontecimentos que ocorrem ao longo do tempo. O seu objetivo \u00e9, antes, o de trazer \u00e0 luz toda a vida contribu\u00edda pelos protagonistas que se apaixonaram pelo projeto de funda\u00e7\u00e3o. A inten\u00e7\u00e3o das autoras \u00e9, precisamente, a de transmitir estas experi\u00eancias aos herdeiros. Para o conseguir, tentaram inundar as p\u00e1ginas com testemunhos que evocam esta paix\u00e3o pela miss\u00e3o.<\/p>\n<p><img decoding=\"async\" class=\"size-medium wp-image-20694 alignleft\" src=\"https:\/\/schoenstatt.com\/wp-content\/uploads\/2021\/11\/Lanzamiento-1-300x300.jpeg\" alt=\"Anita Loor\" width=\"300\" height=\"300\" \/><\/p>\n<p>Foi dada especial aten\u00e7\u00e3o ao padre diocesano espanhol, P. Juan Fern\u00e1ndez, que acompanhou os primeiros. Entusiasmou-se com o mundo de Schoenstatt atrav\u00e9s de um dos seus estudantes, que tinham estado no Chile, dizendo a ele que era um idealista: &#8220;O que nos falou, sobre um mundo melhor, n\u00e3o \u00e9 nada comparado com Schoenstatt&#8221;. Isto foi suficiente para o Padre Fernandez querer saber diretamente daquela terra aben\u00e7oada, onde os cora\u00e7\u00f5es nobres aspiram ao c\u00e9u.<\/p>\n<p>Estas p\u00e1ginas trazem at\u00e9 hoje aquela palavra que o Pai e Fundador mencionou: &#8220;O que ser\u00e1 de Schoenstatt, se estas gera\u00e7\u00f5es futuras n\u00e3o forem tomadas e penetradas pelo mesmo esp\u00edrito que v\u00f3s? N\u00e3o deveria ser uma lei invari\u00e1vel da Fam\u00edlia, para todos os tempos, que cada gera\u00e7\u00e3o ter\u00e1 de conquistar de novo Schoenstatt?\u201d<\/p>\n<h4>Ser\u00e1 que os nossos descendentes ver\u00e3o o nosso olhar iluminado? Ser\u00e1 que eles ver\u00e3o o fogo nas nossas palavras?<\/h4>\n<p>Christian Castelblanco foi o respons\u00e1vel pela apresenta\u00e7\u00e3o. Depois, houve uma atmosfera musical com um quarteto de cordas sob a dire\u00e7\u00e3o e solo de violino do Maestro Ecuador Pillajo. A Ir. Mar\u00eda Auxiliadora Boh\u00f3rquez foi a encarregada da apresenta\u00e7\u00e3o do livro. Seguiram-se palavras de Ir. Virginia \u00c1lvarez e de Anita Loor de Dahik. Um v\u00eddeo gravado pelo P. Eduardo Auza, de Quito, foi tamb\u00e9m partilhado.<img decoding=\"async\" class=\"alignright wp-image-20708 size-medium\" src=\"https:\/\/schoenstatt.com\/wp-content\/uploads\/2021\/11\/Lanzamiento-4-225x300.jpeg\" alt=\"Santu\u00e1rio de Guayaquil\" width=\"225\" height=\"300\" \/><\/p>\n<p>Seguiu-se a celebra\u00e7\u00e3o da Santa Missa da Alian\u00e7a de Amor com cerca de 500 pessoas na esplanada em frente ao Santu\u00e1rio.<\/p>\n<p>As palavras do Padre Juan Fern\u00e1ndez dirigidas \u00e0s primeiras meninas que selaram sua Alian\u00e7a de Amor, marcam o caminho para muitos schoenstattianos de hoje:\u00a0&#8220;O tempo \u00e9 um teste dif\u00edcil. O tempo tamb\u00e9m ser\u00e1 o nosso teste. Teremos o mesmo olhar claro que agora, o amor intenso e profundo, a doa\u00e7\u00e3o de si, a lealdade depois de vinte, trinta, quarenta anos? Os nossos descendentes ver\u00e3o o nosso olhar iluminado? Ver\u00e3o o fogo nas nossas palavras? Ver\u00e3o a obsess\u00e3o na nossa vida quando falamos de Schoenstatt? Esta noite vamos pedir \u00e0 M\u00e3e Sant\u00edssima, aqui na sua pequena capela, na nossa casa, por esta tenacidade do l\u00edder, que supera as dificuldades, que supera o tempo&#8221;.<\/p>\n<p>Voc\u00ea pode assistir o v\u00eddeo da celebra\u00e7\u00e3o em espanhol <a href=\"https:\/\/www.youtube.com\/watch?v=GLPPozc0DsM&amp;list=PL3SaRxpaA88BOgBI0KKziGLlSqufyVAa5\" target=\"_blank\" rel=\"noopener\">aqui<\/a>:<\/p>\n<p><iframe title=\"As\u00ed vivimos la Apertura del A\u00f1o Jubilar de nuestro Santuario Nacional en Guayaquil \/ Enero 20 2021\" width=\"800\" height=\"450\" src=\"https:\/\/www.youtube.com\/embed\/GLPPozc0DsM?list=PL3SaRxpaA88BOgBI0KKziGLlSqufyVAa5\" frameborder=\"0\" allow=\"accelerometer; autoplay; clipboard-write; encrypted-media; gyroscope; picture-in-picture; web-share\" referrerpolicy=\"strict-origin-when-cross-origin\" allowfullscreen><\/iframe><\/p>\n<p>Voc\u00ea tamb\u00e9m pode ler: <a href=\"https:\/\/schoenstatt.com\/pt-pt\/espiritualidade\/alegria-de-ser-jufem-equador-celebra-os-90-anos-da-jufem-internacional\/\">Alegria de ser Jufem \u2013 Equador celebra os 90 anos da Jufem Internacional<\/a><\/p>\n","protected":false},"excerpt":{"rendered":"<p>&#8220;Raiz de barro e sangue novo&#8221; foi apresentado no Santu\u00e1rio Nacional de Schoenstatt em Guayaquil no dia 18 de outubro.<\/p>\n","protected":false},"author":1,"featured_media":20698,"comment_status":"closed","ping_status":"open","sticky":false,"template":"","format":"standard","meta":{"footnotes":""},"categories":[625,869],"tags":[1027,325],"class_list":["post-20718","post","type-post","status-publish","format-standard","has-post-thumbnail","hentry","category-america-pt-pt","category-paises-pt-pt","tag-guayaquil-equador-pt-pt","tag-schoenstatt-equador-pt-pt"],"yoast_head":"<!-- This site is optimized with the Yoast SEO Premium plugin v27.4 (Yoast SEO v27.4) - https:\/\/yoast.com\/product\/yoast-seo-premium-wordpress\/ -->\n<title>O Equador lan\u00e7a um livro sobre a hist\u00f3ria de Schoenstatt na sua terra - Schoenstatt<\/title>\n<meta name=\"description\" content=\"\u00c9 lan\u00e7ado um livro que conta a hist\u00f3ria de Schoenstatt no Equador, no ano do 50\u00ba anivers\u00e1rio de seu Santu\u00e1rio Nacional.\" \/>\n<meta name=\"robots\" content=\"index, follow, max-snippet:-1, max-image-preview:large, max-video-preview:-1\" \/>\n<link rel=\"canonical\" href=\"https:\/\/schoenstatt.com\/pt-pt\/o-equador-lanca-um-livro-sobre-a-historia-de-schoenstatt-na-sua-terra\/\" \/>\n<meta property=\"og:locale\" content=\"pt_PT\" \/>\n<meta property=\"og:type\" content=\"article\" \/>\n<meta property=\"og:title\" content=\"O Equador lan\u00e7a um livro sobre a hist\u00f3ria de Schoenstatt na sua terra\" \/>\n<meta property=\"og:description\" content=\"\u00c9 lan\u00e7ado um livro que conta a hist\u00f3ria de Schoenstatt no Equador, no ano do 50\u00ba anivers\u00e1rio de seu Santu\u00e1rio Nacional.\" \/>\n<meta property=\"og:url\" content=\"https:\/\/schoenstatt.com\/pt-pt\/o-equador-lanca-um-livro-sobre-a-historia-de-schoenstatt-na-sua-terra\/\" \/>\n<meta property=\"og:site_name\" content=\"Schoenstatt\" \/>\n<meta property=\"article:published_time\" content=\"2021-10-28T13:05:24+00:00\" \/>\n<meta property=\"article:modified_time\" content=\"2025-08-15T16:50:33+00:00\" \/>\n<meta property=\"og:image\" content=\"https:\/\/schoenstatt.com\/wp-content\/uploads\/2021\/11\/Lanzamiento-2-1.jpeg\" \/>\n\t<meta property=\"og:image:width\" content=\"1075\" \/>\n\t<meta property=\"og:image:height\" content=\"1200\" \/>\n\t<meta property=\"og:image:type\" content=\"image\/jpeg\" \/>\n<meta name=\"author\" content=\"admin\" \/>\n<meta name=\"twitter:card\" content=\"summary_large_image\" \/>\n<meta name=\"twitter:label1\" content=\"Escrito por\" \/>\n\t<meta name=\"twitter:data1\" content=\"admin\" \/>\n\t<meta name=\"twitter:label2\" content=\"Tempo estimado de leitura\" \/>\n\t<meta name=\"twitter:data2\" content=\"5 minutos\" \/>\n<script type=\"application\/ld+json\" class=\"yoast-schema-graph\">{\"@context\":\"https:\\\/\\\/schema.org\",\"@graph\":[{\"@type\":\"Article\",\"@id\":\"https:\\\/\\\/schoenstatt.com\\\/pt-pt\\\/o-equador-lanca-um-livro-sobre-a-historia-de-schoenstatt-na-sua-terra\\\/#article\",\"isPartOf\":{\"@id\":\"https:\\\/\\\/schoenstatt.com\\\/pt-pt\\\/o-equador-lanca-um-livro-sobre-a-historia-de-schoenstatt-na-sua-terra\\\/\"},\"author\":{\"name\":\"admin\",\"@id\":\"https:\\\/\\\/schoenstatt.com\\\/pt-pt\\\/#\\\/schema\\\/person\\\/489465b1850e7b216fe2c10dfc262551\"},\"headline\":\"O Equador lan\u00e7a um livro sobre a hist\u00f3ria de Schoenstatt na sua terra\",\"datePublished\":\"2021-10-28T13:05:24+00:00\",\"dateModified\":\"2025-08-15T16:50:33+00:00\",\"mainEntityOfPage\":{\"@id\":\"https:\\\/\\\/schoenstatt.com\\\/pt-pt\\\/o-equador-lanca-um-livro-sobre-a-historia-de-schoenstatt-na-sua-terra\\\/\"},\"wordCount\":812,\"publisher\":{\"@id\":\"https:\\\/\\\/schoenstatt.com\\\/pt-pt\\\/#organization\"},\"image\":{\"@id\":\"https:\\\/\\\/schoenstatt.com\\\/pt-pt\\\/o-equador-lanca-um-livro-sobre-a-historia-de-schoenstatt-na-sua-terra\\\/#primaryimage\"},\"thumbnailUrl\":\"https:\\\/\\\/schoenstatt.com\\\/wp-content\\\/uploads\\\/2021\\\/11\\\/Lanzamiento-2-1.jpeg\",\"keywords\":[\"Guayaquil - Equador\",\"Schoenstatt Equador\"],\"articleSection\":[\"Am\u00e9rica\",\"Pa\u00edses\"],\"inLanguage\":\"pt-PT\"},{\"@type\":\"WebPage\",\"@id\":\"https:\\\/\\\/schoenstatt.com\\\/pt-pt\\\/o-equador-lanca-um-livro-sobre-a-historia-de-schoenstatt-na-sua-terra\\\/\",\"url\":\"https:\\\/\\\/schoenstatt.com\\\/pt-pt\\\/o-equador-lanca-um-livro-sobre-a-historia-de-schoenstatt-na-sua-terra\\\/\",\"name\":\"O Equador lan\u00e7a um livro sobre a hist\u00f3ria de Schoenstatt na sua terra - Schoenstatt\",\"isPartOf\":{\"@id\":\"https:\\\/\\\/schoenstatt.com\\\/pt-pt\\\/#website\"},\"primaryImageOfPage\":{\"@id\":\"https:\\\/\\\/schoenstatt.com\\\/pt-pt\\\/o-equador-lanca-um-livro-sobre-a-historia-de-schoenstatt-na-sua-terra\\\/#primaryimage\"},\"image\":{\"@id\":\"https:\\\/\\\/schoenstatt.com\\\/pt-pt\\\/o-equador-lanca-um-livro-sobre-a-historia-de-schoenstatt-na-sua-terra\\\/#primaryimage\"},\"thumbnailUrl\":\"https:\\\/\\\/schoenstatt.com\\\/wp-content\\\/uploads\\\/2021\\\/11\\\/Lanzamiento-2-1.jpeg\",\"datePublished\":\"2021-10-28T13:05:24+00:00\",\"dateModified\":\"2025-08-15T16:50:33+00:00\",\"description\":\"\u00c9 lan\u00e7ado um livro que conta a hist\u00f3ria de Schoenstatt no Equador, no ano do 50\u00ba anivers\u00e1rio de seu Santu\u00e1rio Nacional.\",\"breadcrumb\":{\"@id\":\"https:\\\/\\\/schoenstatt.com\\\/pt-pt\\\/o-equador-lanca-um-livro-sobre-a-historia-de-schoenstatt-na-sua-terra\\\/#breadcrumb\"},\"inLanguage\":\"pt-PT\",\"potentialAction\":[{\"@type\":\"ReadAction\",\"target\":[\"https:\\\/\\\/schoenstatt.com\\\/pt-pt\\\/o-equador-lanca-um-livro-sobre-a-historia-de-schoenstatt-na-sua-terra\\\/\"]}]},{\"@type\":\"ImageObject\",\"inLanguage\":\"pt-PT\",\"@id\":\"https:\\\/\\\/schoenstatt.com\\\/pt-pt\\\/o-equador-lanca-um-livro-sobre-a-historia-de-schoenstatt-na-sua-terra\\\/#primaryimage\",\"url\":\"https:\\\/\\\/schoenstatt.com\\\/wp-content\\\/uploads\\\/2021\\\/11\\\/Lanzamiento-2-1.jpeg\",\"contentUrl\":\"https:\\\/\\\/schoenstatt.com\\\/wp-content\\\/uploads\\\/2021\\\/11\\\/Lanzamiento-2-1.jpeg\",\"width\":1075,\"height\":1200,\"caption\":\"Ecuador book\"},{\"@type\":\"BreadcrumbList\",\"@id\":\"https:\\\/\\\/schoenstatt.com\\\/pt-pt\\\/o-equador-lanca-um-livro-sobre-a-historia-de-schoenstatt-na-sua-terra\\\/#breadcrumb\",\"itemListElement\":[{\"@type\":\"ListItem\",\"position\":1,\"name\":\"Portada\",\"item\":\"https:\\\/\\\/schoenstatt.com\\\/pt-pt\\\/home\\\/\"},{\"@type\":\"ListItem\",\"position\":2,\"name\":\"O Equador lan\u00e7a um livro sobre a hist\u00f3ria de Schoenstatt na sua terra\"}]},{\"@type\":\"WebSite\",\"@id\":\"https:\\\/\\\/schoenstatt.com\\\/pt-pt\\\/#website\",\"url\":\"https:\\\/\\\/schoenstatt.com\\\/pt-pt\\\/\",\"name\":\"Schoenstatt\",\"description\":\"Apostolic Movement\",\"publisher\":{\"@id\":\"https:\\\/\\\/schoenstatt.com\\\/pt-pt\\\/#organization\"},\"potentialAction\":[{\"@type\":\"SearchAction\",\"target\":{\"@type\":\"EntryPoint\",\"urlTemplate\":\"https:\\\/\\\/schoenstatt.com\\\/pt-pt\\\/?s={search_term_string}\"},\"query-input\":{\"@type\":\"PropertyValueSpecification\",\"valueRequired\":true,\"valueName\":\"search_term_string\"}}],\"inLanguage\":\"pt-PT\"},{\"@type\":\"Organization\",\"@id\":\"https:\\\/\\\/schoenstatt.com\\\/pt-pt\\\/#organization\",\"name\":\"Schoenstatt\",\"url\":\"https:\\\/\\\/schoenstatt.com\\\/pt-pt\\\/\",\"logo\":{\"@type\":\"ImageObject\",\"inLanguage\":\"pt-PT\",\"@id\":\"https:\\\/\\\/schoenstatt.com\\\/pt-pt\\\/#\\\/schema\\\/logo\\\/image\\\/\",\"url\":\"https:\\\/\\\/schoenstatt.com\\\/wp-content\\\/uploads\\\/2025\\\/04\\\/logo-schoenstatt-white-696x696-1.png\",\"contentUrl\":\"https:\\\/\\\/schoenstatt.com\\\/wp-content\\\/uploads\\\/2025\\\/04\\\/logo-schoenstatt-white-696x696-1.png\",\"width\":696,\"height\":694,\"caption\":\"Schoenstatt\"},\"image\":{\"@id\":\"https:\\\/\\\/schoenstatt.com\\\/pt-pt\\\/#\\\/schema\\\/logo\\\/image\\\/\"}},{\"@type\":\"Person\",\"@id\":\"https:\\\/\\\/schoenstatt.com\\\/pt-pt\\\/#\\\/schema\\\/person\\\/489465b1850e7b216fe2c10dfc262551\",\"name\":\"admin\",\"image\":{\"@type\":\"ImageObject\",\"inLanguage\":\"pt-PT\",\"@id\":\"https:\\\/\\\/secure.gravatar.com\\\/avatar\\\/02e8345e1ec40ab0e0a2a98fdde64a684bbaf994cddcb778b25b8b024ee9dfe6?s=96&d=mm&r=g\",\"url\":\"https:\\\/\\\/secure.gravatar.com\\\/avatar\\\/02e8345e1ec40ab0e0a2a98fdde64a684bbaf994cddcb778b25b8b024ee9dfe6?s=96&d=mm&r=g\",\"contentUrl\":\"https:\\\/\\\/secure.gravatar.com\\\/avatar\\\/02e8345e1ec40ab0e0a2a98fdde64a684bbaf994cddcb778b25b8b024ee9dfe6?s=96&d=mm&r=g\",\"caption\":\"admin\"},\"sameAs\":[\"https:\\\/\\\/schoenstatt.com\"],\"url\":\"https:\\\/\\\/schoenstatt.com\\\/pt-pt\\\/author\\\/admin\\\/\"}]}<\/script>\n<!-- \/ Yoast SEO Premium plugin. -->","yoast_head_json":{"title":"O Equador lan\u00e7a um livro sobre a hist\u00f3ria de Schoenstatt na sua terra - Schoenstatt","description":"\u00c9 lan\u00e7ado um livro que conta a hist\u00f3ria de Schoenstatt no Equador, no ano do 50\u00ba anivers\u00e1rio de seu Santu\u00e1rio Nacional.","robots":{"index":"index","follow":"follow","max-snippet":"max-snippet:-1","max-image-preview":"max-image-preview:large","max-video-preview":"max-video-preview:-1"},"canonical":"https:\/\/schoenstatt.com\/pt-pt\/o-equador-lanca-um-livro-sobre-a-historia-de-schoenstatt-na-sua-terra\/","og_locale":"pt_PT","og_type":"article","og_title":"O Equador lan\u00e7a um livro sobre a hist\u00f3ria de Schoenstatt na sua terra","og_description":"\u00c9 lan\u00e7ado um livro que conta a hist\u00f3ria de Schoenstatt no Equador, no ano do 50\u00ba anivers\u00e1rio de seu Santu\u00e1rio Nacional.","og_url":"https:\/\/schoenstatt.com\/pt-pt\/o-equador-lanca-um-livro-sobre-a-historia-de-schoenstatt-na-sua-terra\/","og_site_name":"Schoenstatt","article_published_time":"2021-10-28T13:05:24+00:00","article_modified_time":"2025-08-15T16:50:33+00:00","og_image":[{"width":1075,"height":1200,"url":"https:\/\/schoenstatt.com\/wp-content\/uploads\/2021\/11\/Lanzamiento-2-1.jpeg","type":"image\/jpeg"}],"author":"admin","twitter_card":"summary_large_image","twitter_misc":{"Escrito por":"admin","Tempo estimado de leitura":"5 minutos"},"schema":{"@context":"https:\/\/schema.org","@graph":[{"@type":"Article","@id":"https:\/\/schoenstatt.com\/pt-pt\/o-equador-lanca-um-livro-sobre-a-historia-de-schoenstatt-na-sua-terra\/#article","isPartOf":{"@id":"https:\/\/schoenstatt.com\/pt-pt\/o-equador-lanca-um-livro-sobre-a-historia-de-schoenstatt-na-sua-terra\/"},"author":{"name":"admin","@id":"https:\/\/schoenstatt.com\/pt-pt\/#\/schema\/person\/489465b1850e7b216fe2c10dfc262551"},"headline":"O Equador lan\u00e7a um livro sobre a hist\u00f3ria de Schoenstatt na sua terra","datePublished":"2021-10-28T13:05:24+00:00","dateModified":"2025-08-15T16:50:33+00:00","mainEntityOfPage":{"@id":"https:\/\/schoenstatt.com\/pt-pt\/o-equador-lanca-um-livro-sobre-a-historia-de-schoenstatt-na-sua-terra\/"},"wordCount":812,"publisher":{"@id":"https:\/\/schoenstatt.com\/pt-pt\/#organization"},"image":{"@id":"https:\/\/schoenstatt.com\/pt-pt\/o-equador-lanca-um-livro-sobre-a-historia-de-schoenstatt-na-sua-terra\/#primaryimage"},"thumbnailUrl":"https:\/\/schoenstatt.com\/wp-content\/uploads\/2021\/11\/Lanzamiento-2-1.jpeg","keywords":["Guayaquil - Equador","Schoenstatt Equador"],"articleSection":["Am\u00e9rica","Pa\u00edses"],"inLanguage":"pt-PT"},{"@type":"WebPage","@id":"https:\/\/schoenstatt.com\/pt-pt\/o-equador-lanca-um-livro-sobre-a-historia-de-schoenstatt-na-sua-terra\/","url":"https:\/\/schoenstatt.com\/pt-pt\/o-equador-lanca-um-livro-sobre-a-historia-de-schoenstatt-na-sua-terra\/","name":"O Equador lan\u00e7a um livro sobre a hist\u00f3ria de Schoenstatt na sua terra - Schoenstatt","isPartOf":{"@id":"https:\/\/schoenstatt.com\/pt-pt\/#website"},"primaryImageOfPage":{"@id":"https:\/\/schoenstatt.com\/pt-pt\/o-equador-lanca-um-livro-sobre-a-historia-de-schoenstatt-na-sua-terra\/#primaryimage"},"image":{"@id":"https:\/\/schoenstatt.com\/pt-pt\/o-equador-lanca-um-livro-sobre-a-historia-de-schoenstatt-na-sua-terra\/#primaryimage"},"thumbnailUrl":"https:\/\/schoenstatt.com\/wp-content\/uploads\/2021\/11\/Lanzamiento-2-1.jpeg","datePublished":"2021-10-28T13:05:24+00:00","dateModified":"2025-08-15T16:50:33+00:00","description":"\u00c9 lan\u00e7ado um livro que conta a hist\u00f3ria de Schoenstatt no Equador, no ano do 50\u00ba anivers\u00e1rio de seu Santu\u00e1rio Nacional.","breadcrumb":{"@id":"https:\/\/schoenstatt.com\/pt-pt\/o-equador-lanca-um-livro-sobre-a-historia-de-schoenstatt-na-sua-terra\/#breadcrumb"},"inLanguage":"pt-PT","potentialAction":[{"@type":"ReadAction","target":["https:\/\/schoenstatt.com\/pt-pt\/o-equador-lanca-um-livro-sobre-a-historia-de-schoenstatt-na-sua-terra\/"]}]},{"@type":"ImageObject","inLanguage":"pt-PT","@id":"https:\/\/schoenstatt.com\/pt-pt\/o-equador-lanca-um-livro-sobre-a-historia-de-schoenstatt-na-sua-terra\/#primaryimage","url":"https:\/\/schoenstatt.com\/wp-content\/uploads\/2021\/11\/Lanzamiento-2-1.jpeg","contentUrl":"https:\/\/schoenstatt.com\/wp-content\/uploads\/2021\/11\/Lanzamiento-2-1.jpeg","width":1075,"height":1200,"caption":"Ecuador book"},{"@type":"BreadcrumbList","@id":"https:\/\/schoenstatt.com\/pt-pt\/o-equador-lanca-um-livro-sobre-a-historia-de-schoenstatt-na-sua-terra\/#breadcrumb","itemListElement":[{"@type":"ListItem","position":1,"name":"Portada","item":"https:\/\/schoenstatt.com\/pt-pt\/home\/"},{"@type":"ListItem","position":2,"name":"O Equador lan\u00e7a um livro sobre a hist\u00f3ria de Schoenstatt na sua terra"}]},{"@type":"WebSite","@id":"https:\/\/schoenstatt.com\/pt-pt\/#website","url":"https:\/\/schoenstatt.com\/pt-pt\/","name":"Schoenstatt","description":"Apostolic Movement","publisher":{"@id":"https:\/\/schoenstatt.com\/pt-pt\/#organization"},"potentialAction":[{"@type":"SearchAction","target":{"@type":"EntryPoint","urlTemplate":"https:\/\/schoenstatt.com\/pt-pt\/?s={search_term_string}"},"query-input":{"@type":"PropertyValueSpecification","valueRequired":true,"valueName":"search_term_string"}}],"inLanguage":"pt-PT"},{"@type":"Organization","@id":"https:\/\/schoenstatt.com\/pt-pt\/#organization","name":"Schoenstatt","url":"https:\/\/schoenstatt.com\/pt-pt\/","logo":{"@type":"ImageObject","inLanguage":"pt-PT","@id":"https:\/\/schoenstatt.com\/pt-pt\/#\/schema\/logo\/image\/","url":"https:\/\/schoenstatt.com\/wp-content\/uploads\/2025\/04\/logo-schoenstatt-white-696x696-1.png","contentUrl":"https:\/\/schoenstatt.com\/wp-content\/uploads\/2025\/04\/logo-schoenstatt-white-696x696-1.png","width":696,"height":694,"caption":"Schoenstatt"},"image":{"@id":"https:\/\/schoenstatt.com\/pt-pt\/#\/schema\/logo\/image\/"}},{"@type":"Person","@id":"https:\/\/schoenstatt.com\/pt-pt\/#\/schema\/person\/489465b1850e7b216fe2c10dfc262551","name":"admin","image":{"@type":"ImageObject","inLanguage":"pt-PT","@id":"https:\/\/secure.gravatar.com\/avatar\/02e8345e1ec40ab0e0a2a98fdde64a684bbaf994cddcb778b25b8b024ee9dfe6?s=96&d=mm&r=g","url":"https:\/\/secure.gravatar.com\/avatar\/02e8345e1ec40ab0e0a2a98fdde64a684bbaf994cddcb778b25b8b024ee9dfe6?s=96&d=mm&r=g","contentUrl":"https:\/\/secure.gravatar.com\/avatar\/02e8345e1ec40ab0e0a2a98fdde64a684bbaf994cddcb778b25b8b024ee9dfe6?s=96&d=mm&r=g","caption":"admin"},"sameAs":["https:\/\/schoenstatt.com"],"url":"https:\/\/schoenstatt.com\/pt-pt\/author\/admin\/"}]}},"_links":{"self":[{"href":"https:\/\/schoenstatt.com\/pt-pt\/wp-json\/wp\/v2\/posts\/20718","targetHints":{"allow":["GET"]}}],"collection":[{"href":"https:\/\/schoenstatt.com\/pt-pt\/wp-json\/wp\/v2\/posts"}],"about":[{"href":"https:\/\/schoenstatt.com\/pt-pt\/wp-json\/wp\/v2\/types\/post"}],"author":[{"embeddable":true,"href":"https:\/\/schoenstatt.com\/pt-pt\/wp-json\/wp\/v2\/users\/1"}],"replies":[{"embeddable":true,"href":"https:\/\/schoenstatt.com\/pt-pt\/wp-json\/wp\/v2\/comments?post=20718"}],"version-history":[{"count":1,"href":"https:\/\/schoenstatt.com\/pt-pt\/wp-json\/wp\/v2\/posts\/20718\/revisions"}],"predecessor-version":[{"id":44764,"href":"https:\/\/schoenstatt.com\/pt-pt\/wp-json\/wp\/v2\/posts\/20718\/revisions\/44764"}],"wp:featuredmedia":[{"embeddable":true,"href":"https:\/\/schoenstatt.com\/pt-pt\/wp-json\/wp\/v2\/media\/20698"}],"wp:attachment":[{"href":"https:\/\/schoenstatt.com\/pt-pt\/wp-json\/wp\/v2\/media?parent=20718"}],"wp:term":[{"taxonomy":"category","embeddable":true,"href":"https:\/\/schoenstatt.com\/pt-pt\/wp-json\/wp\/v2\/categories?post=20718"},{"taxonomy":"post_tag","embeddable":true,"href":"https:\/\/schoenstatt.com\/pt-pt\/wp-json\/wp\/v2\/tags?post=20718"}],"curies":[{"name":"wp","href":"https:\/\/api.w.org\/{rel}","templated":true}]}}