{"id":19005,"date":"2021-09-17T11:18:54","date_gmt":"2021-09-17T09:18:54","guid":{"rendered":"https:\/\/schoenstatt.com\/?p=19005"},"modified":"2025-08-20T23:20:30","modified_gmt":"2025-08-20T21:20:30","slug":"santuario-das-familias-50-anos-em-missao","status":"publish","type":"post","link":"https:\/\/schoenstatt.com\/pt-pt\/santuario-das-familias-50-anos-em-missao\/","title":{"rendered":"Santu\u00e1rio das Fam\u00edlias: 50 ANOS EM MISS\u00c3O"},"content":{"rendered":"<p>O Santu\u00e1rio das Fam\u00edlias em Schoenstatt, Vallendar, foi constru\u00eddo h\u00e1 50 anos com o esfor\u00e7o conjunto das fam\u00edlias de todo o Movimento Internacional de Fam\u00edlias de Schoenstatt e foi aben\u00e7oado no dia 19 de setembro de 1971.<\/p>\n<p>Ele est\u00e1 situado ao p\u00e9 do &#8220;Monte Nazar\u00e9&#8221;, assim denominado pelo Movimento de Fam\u00edlias de Schoenstatt, onde a Casa das Fam\u00edlias se encontra a cerca de 600 metros de dist\u00e2ncia e 100 metros mais acima da montanha. O Santu\u00e1rio, como centro espiritual, e a casa de h\u00f3spedes, que \u00e9 especialmente adequada para fam\u00edlias, est\u00e3o infelizmente muito longe uns dos outros. Por conseguinte, no Ano Jubilar fa<\/p>\n<p>la-se em mudar o Santu\u00e1rio para perto da Casa das Fam\u00edlias. O Movimento de F<\/p>\n<p>am\u00edlias de Schoenstatt convida voc\u00ea para uma celebra\u00e7\u00e3o de anivers\u00e1rio no s\u00e1bado, 18 de setembro de 2021, com o lema &#8220;50 ANOS DE ENVIO &#8211; TEMOS UM FUTURO!<\/p>\n<p><strong>A rede de Santu\u00e1rios-lares e o seu centro espiritual<\/strong><img fetchpriority=\"high\" decoding=\"async\" class=\"aligncenter wp-image-18773 size-full\" src=\"https:\/\/schoenstatt.com\/wp-content\/uploads\/2021\/10\/santuario-de-las-familias-interior-1.jpg\" alt=\"Santu\u00e1rio das Fam\u00edlias\" width=\"284\" height=\"177\" \/>Num v\u00eddeo motivacional do Instituto de Fam\u00edlias de Schoenstatt, deixa-se claro que o Santu\u00e1rio das Fam\u00edlias nasceu do desejo de que as fam\u00edlias de todas as comunidades do Movimento Internacional de Schoenstatt encontrassem ali<\/p>\n<p>um lar. Isto se exprime muito bem na rede de Santu\u00e1rios-lares, na qual numerosas fam\u00edlias do mundo inteiro se uniram entre si e no cora\u00e7\u00e3o da M\u00e3e de Deus. Assim, o Santu\u00e1rio das Fam\u00edlias representa esta rede que h\u00e1 50 anos \u00e9 seu centro espiritual. O Padre Kentenich falou do &#8220;Santu\u00e1rio das Fam\u00edlias como um s\u00edmbolo do Santu\u00e1rio-lar&#8221;<\/p>\n<p><iframe title=\"50 anos Jubileu Santu\u00e1rio das Fam\u00edlias\" width=\"800\" height=\"450\" src=\"https:\/\/www.youtube.com\/embed\/3mKYrxqC204?feature=oembed\" frameborder=\"0\" allow=\"accelerometer; autoplay; clipboard-write; encrypted-media; gyroscope; picture-in-picture; web-share\" referrerpolicy=\"strict-origin-when-cross-origin\" allowfullscreen><\/iframe><\/p>\n<p>Contudo, o Santu\u00e1rio representa tamb\u00e9m a voca\u00e7\u00e3o ao matrim\u00f4nio e \u00e0 fam\u00edlia e a miss\u00e3o de representar essa voca\u00e7\u00e3o de forma viva e atrativa nos dias de hoje. Portanto, o convite para a celebra\u00e7\u00e3o diz: &#8220;Acreditamos que nossa M\u00e3e, do Monte Nazar\u00e9, quer continuar a estar presente especialmente para casais e fam\u00edlias, para acompanh\u00e1-los e fortalec\u00ea-los&#8221;. Assim, para as comunidades e fam\u00edlias envolvidas, a celebra\u00e7\u00e3o do Jubileu de Ouro estar\u00e1 tamb\u00e9m ligada \u00e0 quest\u00e3o de como esta grande miss\u00e3o pode ser realizada 50 anos ap\u00f3s a dedica\u00e7\u00e3o do Santu\u00e1rio nas condi\u00e7\u00f5es atuais da Igreja e da sociedade.<\/p>\n<p><strong>Programa da celebra\u00e7\u00e3o do 50\u00ba anivers\u00e1rio<\/strong><\/p>\n<p>No s\u00e1bado, 18 de setembro de 2021, a celebra\u00e7\u00e3o do anivers\u00e1rio est\u00e1 prevista sob o lema: Santu\u00e1rio das Fam\u00edlias: 50 ANOS DE ENVIO &#8211; TEMOS UM FUTURO!<\/p>\n<p>14h: Chegada e boas-vindas ao Santu\u00e1rio, caf\u00e9.<\/p>\n<p>15h: Servi\u00e7o de Celebra\u00e7\u00e3o do Jubileu Internacional (transmitido em www.schoenstatt-tv.de)<\/p>\n<p>Ent\u00e3o: Peregrina\u00e7\u00e3o ao lugar do novo Santu\u00e1rio com a imagem da MTA, louvor a Maria, cerim\u00f4nia da b\u00ean\u00e7\u00e3o,<\/p>\n<p>Tempo de conversa e de encontro, possivelmente testemunhas contempor\u00e2neas de 1971.<\/p>\n<p>18h \u2013 22h: Churrasco<\/p>\n","protected":false},"excerpt":{"rendered":"<p>Ontem e Hoje &#8211; Temos um Futuro<\/p>\n","protected":false},"author":1,"featured_media":18787,"comment_status":"closed","ping_status":"open","sticky":false,"template":"","format":"standard","meta":{"footnotes":""},"categories":[636,876],"tags":[801,1157,1198],"class_list":["post-19005","post","type-post","status-publish","format-standard","has-post-thumbnail","hentry","category-eventos-pt-pt","category-familia-pt-pt","tag-familia-pt-pt","tag-obra-das-familias-de-schoenstatt-pt-pt","tag-santuario-de-schoenstatt-pt-pt"],"yoast_head":"<!-- This site is optimized with the Yoast SEO Premium plugin v27.4 (Yoast SEO v27.4) - https:\/\/yoast.com\/product\/yoast-seo-premium-wordpress\/ -->\n<title>Santu\u00e1rio das Fam\u00edlias: 50 ANOS EM MISS\u00c3O - Schoenstatt<\/title>\n<meta name=\"description\" content=\"Jubileu de Ouro do Santu\u00e1rio das Fam\u00edlias em Schoenstatt. Ser\u00e1 comemorado em 18 de setembro de 2021. Veja o programa e venha!\" \/>\n<meta name=\"robots\" content=\"index, follow, max-snippet:-1, max-image-preview:large, max-video-preview:-1\" \/>\n<link rel=\"canonical\" href=\"https:\/\/schoenstatt.com\/pt-pt\/santuario-das-familias-50-anos-em-missao\/\" \/>\n<meta property=\"og:locale\" content=\"pt_PT\" \/>\n<meta property=\"og:type\" content=\"article\" \/>\n<meta property=\"og:title\" content=\"Santu\u00e1rio das Fam\u00edlias: 50 ANOS EM MISS\u00c3O\" \/>\n<meta property=\"og:description\" content=\"Jubileu de Ouro do Santu\u00e1rio das Fam\u00edlias em Schoenstatt. Ser\u00e1 comemorado em 18 de setembro de 2021. Veja o programa e venha!\" \/>\n<meta property=\"og:url\" content=\"https:\/\/schoenstatt.com\/pt-pt\/santuario-das-familias-50-anos-em-missao\/\" \/>\n<meta property=\"og:site_name\" content=\"Schoenstatt\" \/>\n<meta property=\"article:published_time\" content=\"2021-09-17T09:18:54+00:00\" \/>\n<meta property=\"article:modified_time\" content=\"2025-08-20T21:20:30+00:00\" \/>\n<meta property=\"og:image\" content=\"https:\/\/schoenstatt.com\/wp-content\/uploads\/2021\/10\/IMGP0273-2.jpg\" \/>\n\t<meta property=\"og:image:width\" content=\"1600\" \/>\n\t<meta property=\"og:image:height\" content=\"1200\" \/>\n\t<meta property=\"og:image:type\" content=\"image\/jpeg\" \/>\n<meta name=\"author\" content=\"admin\" \/>\n<meta name=\"twitter:card\" content=\"summary_large_image\" \/>\n<meta name=\"twitter:label1\" content=\"Escrito por\" \/>\n\t<meta name=\"twitter:data1\" content=\"admin\" \/>\n\t<meta name=\"twitter:label2\" content=\"Tempo estimado de leitura\" \/>\n\t<meta name=\"twitter:data2\" content=\"3 minutos\" \/>\n<script type=\"application\/ld+json\" class=\"yoast-schema-graph\">{\"@context\":\"https:\\\/\\\/schema.org\",\"@graph\":[{\"@type\":\"Article\",\"@id\":\"https:\\\/\\\/schoenstatt.com\\\/pt-pt\\\/santuario-das-familias-50-anos-em-missao\\\/#article\",\"isPartOf\":{\"@id\":\"https:\\\/\\\/schoenstatt.com\\\/pt-pt\\\/santuario-das-familias-50-anos-em-missao\\\/\"},\"author\":{\"name\":\"admin\",\"@id\":\"https:\\\/\\\/schoenstatt.com\\\/pt-pt\\\/#\\\/schema\\\/person\\\/489465b1850e7b216fe2c10dfc262551\"},\"headline\":\"Santu\u00e1rio das Fam\u00edlias: 50 ANOS EM MISS\u00c3O\",\"datePublished\":\"2021-09-17T09:18:54+00:00\",\"dateModified\":\"2025-08-20T21:20:30+00:00\",\"mainEntityOfPage\":{\"@id\":\"https:\\\/\\\/schoenstatt.com\\\/pt-pt\\\/santuario-das-familias-50-anos-em-missao\\\/\"},\"wordCount\":496,\"publisher\":{\"@id\":\"https:\\\/\\\/schoenstatt.com\\\/pt-pt\\\/#organization\"},\"image\":{\"@id\":\"https:\\\/\\\/schoenstatt.com\\\/pt-pt\\\/santuario-das-familias-50-anos-em-missao\\\/#primaryimage\"},\"thumbnailUrl\":\"https:\\\/\\\/schoenstatt.com\\\/wp-content\\\/uploads\\\/2021\\\/10\\\/IMGP0273-2.jpg\",\"keywords\":[\"Fam\u00edlia\",\"Obra das Fam\u00edlias de Schoenstatt\",\"Santu\u00e1rio de Schoenstatt\"],\"articleSection\":[\"Eventos\",\"Fam\u00edlia\"],\"inLanguage\":\"pt-PT\"},{\"@type\":\"WebPage\",\"@id\":\"https:\\\/\\\/schoenstatt.com\\\/pt-pt\\\/santuario-das-familias-50-anos-em-missao\\\/\",\"url\":\"https:\\\/\\\/schoenstatt.com\\\/pt-pt\\\/santuario-das-familias-50-anos-em-missao\\\/\",\"name\":\"Santu\u00e1rio das Fam\u00edlias: 50 ANOS EM MISS\u00c3O - Schoenstatt\",\"isPartOf\":{\"@id\":\"https:\\\/\\\/schoenstatt.com\\\/pt-pt\\\/#website\"},\"primaryImageOfPage\":{\"@id\":\"https:\\\/\\\/schoenstatt.com\\\/pt-pt\\\/santuario-das-familias-50-anos-em-missao\\\/#primaryimage\"},\"image\":{\"@id\":\"https:\\\/\\\/schoenstatt.com\\\/pt-pt\\\/santuario-das-familias-50-anos-em-missao\\\/#primaryimage\"},\"thumbnailUrl\":\"https:\\\/\\\/schoenstatt.com\\\/wp-content\\\/uploads\\\/2021\\\/10\\\/IMGP0273-2.jpg\",\"datePublished\":\"2021-09-17T09:18:54+00:00\",\"dateModified\":\"2025-08-20T21:20:30+00:00\",\"description\":\"Jubileu de Ouro do Santu\u00e1rio das Fam\u00edlias em Schoenstatt. Ser\u00e1 comemorado em 18 de setembro de 2021. Veja o programa e venha!\",\"breadcrumb\":{\"@id\":\"https:\\\/\\\/schoenstatt.com\\\/pt-pt\\\/santuario-das-familias-50-anos-em-missao\\\/#breadcrumb\"},\"inLanguage\":\"pt-PT\",\"potentialAction\":[{\"@type\":\"ReadAction\",\"target\":[\"https:\\\/\\\/schoenstatt.com\\\/pt-pt\\\/santuario-das-familias-50-anos-em-missao\\\/\"]}]},{\"@type\":\"ImageObject\",\"inLanguage\":\"pt-PT\",\"@id\":\"https:\\\/\\\/schoenstatt.com\\\/pt-pt\\\/santuario-das-familias-50-anos-em-missao\\\/#primaryimage\",\"url\":\"https:\\\/\\\/schoenstatt.com\\\/wp-content\\\/uploads\\\/2021\\\/10\\\/IMGP0273-2.jpg\",\"contentUrl\":\"https:\\\/\\\/schoenstatt.com\\\/wp-content\\\/uploads\\\/2021\\\/10\\\/IMGP0273-2.jpg\",\"width\":1600,\"height\":1200,\"caption\":\"Shrine of the families\"},{\"@type\":\"BreadcrumbList\",\"@id\":\"https:\\\/\\\/schoenstatt.com\\\/pt-pt\\\/santuario-das-familias-50-anos-em-missao\\\/#breadcrumb\",\"itemListElement\":[{\"@type\":\"ListItem\",\"position\":1,\"name\":\"Portada\",\"item\":\"https:\\\/\\\/schoenstatt.com\\\/pt-pt\\\/home\\\/\"},{\"@type\":\"ListItem\",\"position\":2,\"name\":\"Santu\u00e1rio das Fam\u00edlias: 50 ANOS EM MISS\u00c3O\"}]},{\"@type\":\"WebSite\",\"@id\":\"https:\\\/\\\/schoenstatt.com\\\/pt-pt\\\/#website\",\"url\":\"https:\\\/\\\/schoenstatt.com\\\/pt-pt\\\/\",\"name\":\"Schoenstatt\",\"description\":\"Apostolic Movement\",\"publisher\":{\"@id\":\"https:\\\/\\\/schoenstatt.com\\\/pt-pt\\\/#organization\"},\"potentialAction\":[{\"@type\":\"SearchAction\",\"target\":{\"@type\":\"EntryPoint\",\"urlTemplate\":\"https:\\\/\\\/schoenstatt.com\\\/pt-pt\\\/?s={search_term_string}\"},\"query-input\":{\"@type\":\"PropertyValueSpecification\",\"valueRequired\":true,\"valueName\":\"search_term_string\"}}],\"inLanguage\":\"pt-PT\"},{\"@type\":\"Organization\",\"@id\":\"https:\\\/\\\/schoenstatt.com\\\/pt-pt\\\/#organization\",\"name\":\"Schoenstatt\",\"url\":\"https:\\\/\\\/schoenstatt.com\\\/pt-pt\\\/\",\"logo\":{\"@type\":\"ImageObject\",\"inLanguage\":\"pt-PT\",\"@id\":\"https:\\\/\\\/schoenstatt.com\\\/pt-pt\\\/#\\\/schema\\\/logo\\\/image\\\/\",\"url\":\"https:\\\/\\\/schoenstatt.com\\\/wp-content\\\/uploads\\\/2025\\\/04\\\/logo-schoenstatt-white-696x696-1.png\",\"contentUrl\":\"https:\\\/\\\/schoenstatt.com\\\/wp-content\\\/uploads\\\/2025\\\/04\\\/logo-schoenstatt-white-696x696-1.png\",\"width\":696,\"height\":694,\"caption\":\"Schoenstatt\"},\"image\":{\"@id\":\"https:\\\/\\\/schoenstatt.com\\\/pt-pt\\\/#\\\/schema\\\/logo\\\/image\\\/\"}},{\"@type\":\"Person\",\"@id\":\"https:\\\/\\\/schoenstatt.com\\\/pt-pt\\\/#\\\/schema\\\/person\\\/489465b1850e7b216fe2c10dfc262551\",\"name\":\"admin\",\"image\":{\"@type\":\"ImageObject\",\"inLanguage\":\"pt-PT\",\"@id\":\"https:\\\/\\\/secure.gravatar.com\\\/avatar\\\/02e8345e1ec40ab0e0a2a98fdde64a684bbaf994cddcb778b25b8b024ee9dfe6?s=96&d=mm&r=g\",\"url\":\"https:\\\/\\\/secure.gravatar.com\\\/avatar\\\/02e8345e1ec40ab0e0a2a98fdde64a684bbaf994cddcb778b25b8b024ee9dfe6?s=96&d=mm&r=g\",\"contentUrl\":\"https:\\\/\\\/secure.gravatar.com\\\/avatar\\\/02e8345e1ec40ab0e0a2a98fdde64a684bbaf994cddcb778b25b8b024ee9dfe6?s=96&d=mm&r=g\",\"caption\":\"admin\"},\"sameAs\":[\"https:\\\/\\\/schoenstatt.com\"],\"url\":\"https:\\\/\\\/schoenstatt.com\\\/pt-pt\\\/author\\\/admin\\\/\"}]}<\/script>\n<!-- \/ Yoast SEO Premium plugin. -->","yoast_head_json":{"title":"Santu\u00e1rio das Fam\u00edlias: 50 ANOS EM MISS\u00c3O - Schoenstatt","description":"Jubileu de Ouro do Santu\u00e1rio das Fam\u00edlias em Schoenstatt. Ser\u00e1 comemorado em 18 de setembro de 2021. Veja o programa e venha!","robots":{"index":"index","follow":"follow","max-snippet":"max-snippet:-1","max-image-preview":"max-image-preview:large","max-video-preview":"max-video-preview:-1"},"canonical":"https:\/\/schoenstatt.com\/pt-pt\/santuario-das-familias-50-anos-em-missao\/","og_locale":"pt_PT","og_type":"article","og_title":"Santu\u00e1rio das Fam\u00edlias: 50 ANOS EM MISS\u00c3O","og_description":"Jubileu de Ouro do Santu\u00e1rio das Fam\u00edlias em Schoenstatt. Ser\u00e1 comemorado em 18 de setembro de 2021. Veja o programa e venha!","og_url":"https:\/\/schoenstatt.com\/pt-pt\/santuario-das-familias-50-anos-em-missao\/","og_site_name":"Schoenstatt","article_published_time":"2021-09-17T09:18:54+00:00","article_modified_time":"2025-08-20T21:20:30+00:00","og_image":[{"width":1600,"height":1200,"url":"https:\/\/schoenstatt.com\/wp-content\/uploads\/2021\/10\/IMGP0273-2.jpg","type":"image\/jpeg"}],"author":"admin","twitter_card":"summary_large_image","twitter_misc":{"Escrito por":"admin","Tempo estimado de leitura":"3 minutos"},"schema":{"@context":"https:\/\/schema.org","@graph":[{"@type":"Article","@id":"https:\/\/schoenstatt.com\/pt-pt\/santuario-das-familias-50-anos-em-missao\/#article","isPartOf":{"@id":"https:\/\/schoenstatt.com\/pt-pt\/santuario-das-familias-50-anos-em-missao\/"},"author":{"name":"admin","@id":"https:\/\/schoenstatt.com\/pt-pt\/#\/schema\/person\/489465b1850e7b216fe2c10dfc262551"},"headline":"Santu\u00e1rio das Fam\u00edlias: 50 ANOS EM MISS\u00c3O","datePublished":"2021-09-17T09:18:54+00:00","dateModified":"2025-08-20T21:20:30+00:00","mainEntityOfPage":{"@id":"https:\/\/schoenstatt.com\/pt-pt\/santuario-das-familias-50-anos-em-missao\/"},"wordCount":496,"publisher":{"@id":"https:\/\/schoenstatt.com\/pt-pt\/#organization"},"image":{"@id":"https:\/\/schoenstatt.com\/pt-pt\/santuario-das-familias-50-anos-em-missao\/#primaryimage"},"thumbnailUrl":"https:\/\/schoenstatt.com\/wp-content\/uploads\/2021\/10\/IMGP0273-2.jpg","keywords":["Fam\u00edlia","Obra das Fam\u00edlias de Schoenstatt","Santu\u00e1rio de Schoenstatt"],"articleSection":["Eventos","Fam\u00edlia"],"inLanguage":"pt-PT"},{"@type":"WebPage","@id":"https:\/\/schoenstatt.com\/pt-pt\/santuario-das-familias-50-anos-em-missao\/","url":"https:\/\/schoenstatt.com\/pt-pt\/santuario-das-familias-50-anos-em-missao\/","name":"Santu\u00e1rio das Fam\u00edlias: 50 ANOS EM MISS\u00c3O - Schoenstatt","isPartOf":{"@id":"https:\/\/schoenstatt.com\/pt-pt\/#website"},"primaryImageOfPage":{"@id":"https:\/\/schoenstatt.com\/pt-pt\/santuario-das-familias-50-anos-em-missao\/#primaryimage"},"image":{"@id":"https:\/\/schoenstatt.com\/pt-pt\/santuario-das-familias-50-anos-em-missao\/#primaryimage"},"thumbnailUrl":"https:\/\/schoenstatt.com\/wp-content\/uploads\/2021\/10\/IMGP0273-2.jpg","datePublished":"2021-09-17T09:18:54+00:00","dateModified":"2025-08-20T21:20:30+00:00","description":"Jubileu de Ouro do Santu\u00e1rio das Fam\u00edlias em Schoenstatt. Ser\u00e1 comemorado em 18 de setembro de 2021. Veja o programa e venha!","breadcrumb":{"@id":"https:\/\/schoenstatt.com\/pt-pt\/santuario-das-familias-50-anos-em-missao\/#breadcrumb"},"inLanguage":"pt-PT","potentialAction":[{"@type":"ReadAction","target":["https:\/\/schoenstatt.com\/pt-pt\/santuario-das-familias-50-anos-em-missao\/"]}]},{"@type":"ImageObject","inLanguage":"pt-PT","@id":"https:\/\/schoenstatt.com\/pt-pt\/santuario-das-familias-50-anos-em-missao\/#primaryimage","url":"https:\/\/schoenstatt.com\/wp-content\/uploads\/2021\/10\/IMGP0273-2.jpg","contentUrl":"https:\/\/schoenstatt.com\/wp-content\/uploads\/2021\/10\/IMGP0273-2.jpg","width":1600,"height":1200,"caption":"Shrine of the families"},{"@type":"BreadcrumbList","@id":"https:\/\/schoenstatt.com\/pt-pt\/santuario-das-familias-50-anos-em-missao\/#breadcrumb","itemListElement":[{"@type":"ListItem","position":1,"name":"Portada","item":"https:\/\/schoenstatt.com\/pt-pt\/home\/"},{"@type":"ListItem","position":2,"name":"Santu\u00e1rio das Fam\u00edlias: 50 ANOS EM MISS\u00c3O"}]},{"@type":"WebSite","@id":"https:\/\/schoenstatt.com\/pt-pt\/#website","url":"https:\/\/schoenstatt.com\/pt-pt\/","name":"Schoenstatt","description":"Apostolic Movement","publisher":{"@id":"https:\/\/schoenstatt.com\/pt-pt\/#organization"},"potentialAction":[{"@type":"SearchAction","target":{"@type":"EntryPoint","urlTemplate":"https:\/\/schoenstatt.com\/pt-pt\/?s={search_term_string}"},"query-input":{"@type":"PropertyValueSpecification","valueRequired":true,"valueName":"search_term_string"}}],"inLanguage":"pt-PT"},{"@type":"Organization","@id":"https:\/\/schoenstatt.com\/pt-pt\/#organization","name":"Schoenstatt","url":"https:\/\/schoenstatt.com\/pt-pt\/","logo":{"@type":"ImageObject","inLanguage":"pt-PT","@id":"https:\/\/schoenstatt.com\/pt-pt\/#\/schema\/logo\/image\/","url":"https:\/\/schoenstatt.com\/wp-content\/uploads\/2025\/04\/logo-schoenstatt-white-696x696-1.png","contentUrl":"https:\/\/schoenstatt.com\/wp-content\/uploads\/2025\/04\/logo-schoenstatt-white-696x696-1.png","width":696,"height":694,"caption":"Schoenstatt"},"image":{"@id":"https:\/\/schoenstatt.com\/pt-pt\/#\/schema\/logo\/image\/"}},{"@type":"Person","@id":"https:\/\/schoenstatt.com\/pt-pt\/#\/schema\/person\/489465b1850e7b216fe2c10dfc262551","name":"admin","image":{"@type":"ImageObject","inLanguage":"pt-PT","@id":"https:\/\/secure.gravatar.com\/avatar\/02e8345e1ec40ab0e0a2a98fdde64a684bbaf994cddcb778b25b8b024ee9dfe6?s=96&d=mm&r=g","url":"https:\/\/secure.gravatar.com\/avatar\/02e8345e1ec40ab0e0a2a98fdde64a684bbaf994cddcb778b25b8b024ee9dfe6?s=96&d=mm&r=g","contentUrl":"https:\/\/secure.gravatar.com\/avatar\/02e8345e1ec40ab0e0a2a98fdde64a684bbaf994cddcb778b25b8b024ee9dfe6?s=96&d=mm&r=g","caption":"admin"},"sameAs":["https:\/\/schoenstatt.com"],"url":"https:\/\/schoenstatt.com\/pt-pt\/author\/admin\/"}]}},"_links":{"self":[{"href":"https:\/\/schoenstatt.com\/pt-pt\/wp-json\/wp\/v2\/posts\/19005","targetHints":{"allow":["GET"]}}],"collection":[{"href":"https:\/\/schoenstatt.com\/pt-pt\/wp-json\/wp\/v2\/posts"}],"about":[{"href":"https:\/\/schoenstatt.com\/pt-pt\/wp-json\/wp\/v2\/types\/post"}],"author":[{"embeddable":true,"href":"https:\/\/schoenstatt.com\/pt-pt\/wp-json\/wp\/v2\/users\/1"}],"replies":[{"embeddable":true,"href":"https:\/\/schoenstatt.com\/pt-pt\/wp-json\/wp\/v2\/comments?post=19005"}],"version-history":[{"count":1,"href":"https:\/\/schoenstatt.com\/pt-pt\/wp-json\/wp\/v2\/posts\/19005\/revisions"}],"predecessor-version":[{"id":44684,"href":"https:\/\/schoenstatt.com\/pt-pt\/wp-json\/wp\/v2\/posts\/19005\/revisions\/44684"}],"wp:featuredmedia":[{"embeddable":true,"href":"https:\/\/schoenstatt.com\/pt-pt\/wp-json\/wp\/v2\/media\/18787"}],"wp:attachment":[{"href":"https:\/\/schoenstatt.com\/pt-pt\/wp-json\/wp\/v2\/media?parent=19005"}],"wp:term":[{"taxonomy":"category","embeddable":true,"href":"https:\/\/schoenstatt.com\/pt-pt\/wp-json\/wp\/v2\/categories?post=19005"},{"taxonomy":"post_tag","embeddable":true,"href":"https:\/\/schoenstatt.com\/pt-pt\/wp-json\/wp\/v2\/tags?post=19005"}],"curies":[{"name":"wp","href":"https:\/\/api.w.org\/{rel}","templated":true}]}}